{"id":4256,"date":"2019-04-20T11:19:59","date_gmt":"2019-04-20T09:19:59","guid":{"rendered":"https:\/\/larutadelasal.com\/?p=4256"},"modified":"2019-12-09T17:04:39","modified_gmt":"2019-12-09T15:04:39","slug":"cita-de-campeones-en-la-ruta-de-la-sal-2019","status":"publish","type":"post","link":"https:\/\/labs.100x100.net\/projects\/rutasal\/cita-de-campeones-en-la-ruta-de-la-sal-2019\/","title":{"rendered":"La Ruta de la Sal 2019"},"content":{"rendered":"<h4>-Extraordinario nivel deportivo de la flota de La Ruta de la Sal 2019.<\/h4>\n<h4>-Tras una regata complicada de un nivel deportivo alt\u00edsimo;<\/h4>\n<h4>-.\u201dGilolo\u201d de JC Petit en la Versi\u00f3n Barcelona, \u201cDKtegoria\u201d de Seppo Sjoroos en la Versi\u00f3n Denia y \u201cYolo\u201d de Kai-Uwe Holweg en la Versi\u00f3n Mallorca, Vencedores Absolutos de La Ruta de la Sal 2019.<\/h4>\n<h4>-.\u201dDKtegoria\u201d en la Versi\u00f3n Norte, \u201cGymir\u201d en la Versi\u00f3n Denia y \u201cAuliana 2\u2033 en la Versi\u00f3n Mallorca, vencedores en Tiempo Real de la 32 edici\u00f3n de La Ruta de la Sal.<\/h4>\n<div id=\"attachment_4242\" style=\"width: 910px\" class=\"wp-caption aligncenter\"><img loading=\"lazy\" decoding=\"async\" aria-describedby=\"caption-attachment-4242\" class=\"size-full wp-image-4242\" src=\"https:\/\/larutadelasal.com\/custom\/uploads\/2019\/04\/Gilolo-1\u00ba-Vencedor-Absoluto-Barcelona.jpg\" alt=\"\" width=\"900\" height=\"601\" srcset=\"https:\/\/labs.100x100.net\/projects\/rutasal\/custom\/uploads\/2019\/04\/Gilolo-1\u00ba-Vencedor-Absoluto-Barcelona.jpg 900w, https:\/\/labs.100x100.net\/projects\/rutasal\/custom\/uploads\/2019\/04\/Gilolo-1\u00ba-Vencedor-Absoluto-Barcelona-300x200.jpg 300w, https:\/\/labs.100x100.net\/projects\/rutasal\/custom\/uploads\/2019\/04\/Gilolo-1\u00ba-Vencedor-Absoluto-Barcelona-768x513.jpg 768w\" sizes=\"(max-width: 900px) 100vw, 900px\" \/><p id=\"caption-attachment-4242\" class=\"wp-caption-text\">\u201cGilolo\u201d de JC. Petit ganador absoluto de en la Versi\u00f3n Barcelona<\/p><\/div>\n<p>&nbsp;<\/p>\n<p>La regata de altura de La Ruta de la Sal 2019, ser\u00e1 recordada, a grandes rasgos y para sus tres recorridos, como un evento duro en el que los vientos de levante de fuerza 5\/6 que, en ocasiones alcanzaron puntas de 28\/30 nudos, y la mar, en general muy marcada con \u00e1reas de marejada, obligaron a una navegaci\u00f3n muy t\u00e1ctica y exigente. Que puso a prueba a las flotas en competici\u00f3n, acreditativas, en todos los casos, de un gran nivel t\u00e9cnico y de un gran potencial deportivo.<\/p>\n<p><strong>LOS VENCEDORES ABSOLUTOS:<\/strong><\/p>\n<p>En la Versi\u00f3n Barcelona, victoria en la general del velero franc\u00e9s \u201cGilolo\u201d de JC Petit del RCM de Barcelona, un Sun Fast 3200 dise\u00f1ado por Daniel Andrie para una navegaci\u00f3n deportiva que logr\u00f3 cruzar la l\u00ednea de llegada, tras las 140 millas de competici\u00f3n desde la salida en Port Ginesta a las 02h,55m,29s de ayer, viernes 19 de abril, con un registro rapid\u00edsimo de 17h,44m,29s, que le ha dado un margen suficiente para imponerse en el grupo, una vez compensados los tiempos de la competici\u00f3n.<\/p>\n<p>En segundo lugar, en la general de la Versi\u00f3n Barcelona el GS 42 brasile\u00f1o \u201cYrcus II\u201d del holand\u00e9s Ievgen Bazeliev del B.R.Y.C y en tercera posici\u00f3n, el Swan 56 \u201cLa Belle\u201d del holand\u00e9s Frans van Belle del IYC \u00c1msterdam.<\/p>\n<div id=\"attachment_4259\" style=\"width: 910px\" class=\"wp-caption aligncenter\"><img loading=\"lazy\" decoding=\"async\" aria-describedby=\"caption-attachment-4259\" class=\"size-full wp-image-4259\" src=\"https:\/\/larutadelasal.com\/custom\/uploads\/2019\/04\/47651462411_a952fb57e7_o.jpg\" alt=\"\" width=\"900\" height=\"601\" srcset=\"https:\/\/labs.100x100.net\/projects\/rutasal\/custom\/uploads\/2019\/04\/47651462411_a952fb57e7_o.jpg 900w, https:\/\/labs.100x100.net\/projects\/rutasal\/custom\/uploads\/2019\/04\/47651462411_a952fb57e7_o-300x200.jpg 300w, https:\/\/labs.100x100.net\/projects\/rutasal\/custom\/uploads\/2019\/04\/47651462411_a952fb57e7_o-768x513.jpg 768w\" sizes=\"(max-width: 900px) 100vw, 900px\" \/><p id=\"caption-attachment-4259\" class=\"wp-caption-text\">Los vencedores de la 32 edici\u00f3n de la ruta de la sal durante la rueda de prensa en el cn sant Antoni<\/p><\/div>\n<p>&nbsp;<\/p>\n<p>En la Versi\u00f3n Denia, con un recorrido muy exigente de 117 millas n\u00e1uticas , se ha proclamado ganador de la clasificaci\u00f3n el DK 46 \u201cDKtegoria\u201d de Seppo Sjoroos, un<\/p>\n<p>dise\u00f1o de Mills Design Group para un programa IRC de crucero\/regata que, parad\u00f3jicamente, tambi\u00e9n logr\u00f3 adjudicarse, con un tiempo de 16h,39m,12s, la victoria en Tiempo Real de esta misma largada.<\/p>\n<p>La segunda plaza en la clasificaci\u00f3n general de la Versi\u00f3n Denia de La Sal 2019 ha sido para el Swan 45 \u201cBrujo\u201d de Alberto de Castro del RCN de Valencia, equipo que tard\u00f3 17h,24m,24s en recorrer las 117 millas n\u00e1uticas desde la salida de Denia, tambi\u00e9n segundo en Tiempo Real en este recorrido. La tercera plaza, en la general de esta Versi\u00f3n Denia, para el J92 S \u201cEstropada-Cafe del Mar\u201d de Toni Tur del Club Nautic de Sant Antoni de Portmany.<\/p>\n<p>En la Versi\u00f3n Mallorca el alem\u00e1n Kai-Uwe Holweg con su Sun Fast 3600 \u201cYolo\u201d se ha proclamado, por segundo a\u00f1o consecutivo, vencedor en la clasificaci\u00f3n general de este recorrido tras invertir un tiempo de 6h,22m,15s en cubrir las 61 millas n\u00e1uticas a rumbo directo desde el Puerto de Andraxt a Sant Antoni de Portmany.<\/p>\n<p>La segunda plaza en esta largada ha sido para el Swan 56 \u201cClem I-GI El Encinar\u201d de Jaime Olazabal del Club de Mar de Mallorca, y la tercera para el JNA 42 franc\u00e9s \u201cTokaoma 3\u2033 de Pierre Ch\u00e1rtier.<\/p>\n<p><strong>LOS M\u00c1S R\u00c1PIDOS EN TIEMPO REAL:<\/strong><\/p>\n<p>Refiri\u00e9ndonos a las victorias en Tiempo Real, indicar que en la Versi\u00f3n Mallorca el primer barco en cruzar la l\u00ednea de llegada en Cabo Negret, el jueves 18 de abril a las 16h,11m,52s, fue el velero alem\u00e1n \u201cAuliana 2\u2033, un Knierim JV 53 de Christian Potthoff-Sewing del RCN de Palma, que con un registro de 6h,11m,52s logr\u00f3 proclamarse ganador en tiempo real de la Versi\u00f3n Mallorca de la 32 edici\u00f3n de La Ruta de La Sal.<\/p>\n<p><img loading=\"lazy\" decoding=\"async\" class=\"aligncenter size-full wp-image-4260\" src=\"https:\/\/larutadelasal.com\/custom\/uploads\/2019\/04\/47598578602_91090392f7_o.jpg\" alt=\"\" width=\"900\" height=\"601\" srcset=\"https:\/\/labs.100x100.net\/projects\/rutasal\/custom\/uploads\/2019\/04\/47598578602_91090392f7_o.jpg 900w, https:\/\/labs.100x100.net\/projects\/rutasal\/custom\/uploads\/2019\/04\/47598578602_91090392f7_o-300x200.jpg 300w, https:\/\/labs.100x100.net\/projects\/rutasal\/custom\/uploads\/2019\/04\/47598578602_91090392f7_o-768x513.jpg 768w\" sizes=\"(max-width: 900px) 100vw, 900px\" \/><\/p>\n<p>En la Versi\u00f3n Barcelona victoria en Tiempo Real del M\u00e1xi Dolphin 65 de Manel Codina del RCN de Barcelona, \u201cGymir\u201d que el d\u00eda 18 de abril, a las 23h,54m,55s, cruz\u00f3 la l\u00ednea de llegada puntuando un rapid\u00edsimo registro de 14h,43m,55s para cubrir las 140 millas n\u00e1uticas del recorrido de esta largada. En la Versi\u00f3n Denia, la<\/p>\n<p>primera plaza en Tiempo Real para el DK46 \u201cDKtegoria\u201d de Seppo Sjoroos, que entr\u00f3 a las 02h,39m,2s del viernes 19 de abril marcando un tiempo de 16h,39m,12s para las 117 millas n\u00e1uticas de este recorrido.<\/p>\n","protected":false},"excerpt":{"rendered":"<p>-Extraordinario nivel deportivo de la flota de La Ruta de la Sal 2019. -Tras una regata complicada de un nivel deportivo alt\u00edsimo; -.\u201dGilolo\u201d de JC Petit en la Versi\u00f3n Barcelona, \u201cDKtegoria\u201d de Seppo Sjoroos en la Versi\u00f3n Denia y \u201cYolo\u201d de Kai-Uwe Holweg en la Versi\u00f3n Mallorca, Vencedores Absolutos de La Ruta de la Sal [&hellip;]<\/p>\n","protected":false},"author":2,"featured_media":4259,"comment_status":"open","ping_status":"open","sticky":false,"template":"","format":"standard","meta":{"_acf_changed":false,"footnotes":""},"categories":[2,3],"tags":[],"acf":[],"yoast_head":"<!-- This site is optimized with the Yoast SEO plugin v23.0 - https:\/\/yoast.com\/wordpress\/plugins\/seo\/ -->\n<title>La Ruta de la Sal 2019 | Regata La Ruta de la Sal<\/title>\n<meta name=\"robots\" content=\"noindex, follow, max-snippet:-1, max-image-preview:large, max-video-preview:-1\" \/>\n<meta property=\"og:locale\" content=\"es_ES\" \/>\n<meta property=\"og:type\" content=\"article\" \/>\n<meta property=\"og:title\" content=\"La Ruta de la Sal 2019 | Regata La Ruta de la Sal\" \/>\n<meta property=\"og:description\" content=\"-Extraordinario nivel deportivo de la flota de La Ruta de la Sal 2019. -Tras una regata complicada de un nivel deportivo alt\u00edsimo; -.\u201dGilolo\u201d de JC Petit en la Versi\u00f3n Barcelona, \u201cDKtegoria\u201d de Seppo Sjoroos en la Versi\u00f3n Denia y \u201cYolo\u201d de Kai-Uwe Holweg en la Versi\u00f3n Mallorca, Vencedores Absolutos de La Ruta de la Sal [&hellip;]\" \/>\n<meta property=\"og:url\" content=\"https:\/\/labs.100x100.net\/projects\/rutasal\/cita-de-campeones-en-la-ruta-de-la-sal-2019\/\" \/>\n<meta property=\"og:site_name\" content=\"Regata La Ruta de la Sal\" \/>\n<meta property=\"article:publisher\" content=\"https:\/\/www.facebook.com\/rutadelasal\/\" \/>\n<meta property=\"article:published_time\" content=\"2019-04-20T09:19:59+00:00\" \/>\n<meta property=\"article:modified_time\" content=\"2019-12-09T15:04:39+00:00\" \/>\n<meta property=\"og:image\" content=\"https:\/\/labs.100x100.net\/projects\/rutasal\/custom\/uploads\/2019\/04\/47651462411_a952fb57e7_o.jpg\" \/>\n\t<meta property=\"og:image:width\" content=\"900\" \/>\n\t<meta property=\"og:image:height\" content=\"601\" \/>\n\t<meta property=\"og:image:type\" content=\"image\/jpeg\" \/>\n<meta name=\"author\" content=\"Ferran\" \/>\n<meta name=\"twitter:card\" content=\"summary_large_image\" \/>\n<meta name=\"twitter:creator\" content=\"@AnamMedi\" \/>\n<meta name=\"twitter:site\" content=\"@AnamMedi\" \/>\n<meta name=\"twitter:label1\" content=\"Escrito por\" \/>\n\t<meta name=\"twitter:data1\" content=\"Ferran\" \/>\n\t<meta name=\"twitter:label2\" content=\"Tiempo de lectura\" \/>\n\t<meta name=\"twitter:data2\" content=\"4 minutos\" \/>\n<script type=\"application\/ld+json\" class=\"yoast-schema-graph\">{\"@context\":\"https:\/\/schema.org\",\"@graph\":[{\"@type\":\"WebPage\",\"@id\":\"https:\/\/labs.100x100.net\/projects\/rutasal\/cita-de-campeones-en-la-ruta-de-la-sal-2019\/\",\"url\":\"https:\/\/labs.100x100.net\/projects\/rutasal\/cita-de-campeones-en-la-ruta-de-la-sal-2019\/\",\"name\":\"La Ruta de la Sal 2019 | Regata La Ruta de la Sal\",\"isPartOf\":{\"@id\":\"https:\/\/labs.100x100.net\/projects\/rutasal\/#website\"},\"primaryImageOfPage\":{\"@id\":\"https:\/\/labs.100x100.net\/projects\/rutasal\/cita-de-campeones-en-la-ruta-de-la-sal-2019\/#primaryimage\"},\"image\":{\"@id\":\"https:\/\/labs.100x100.net\/projects\/rutasal\/cita-de-campeones-en-la-ruta-de-la-sal-2019\/#primaryimage\"},\"thumbnailUrl\":\"https:\/\/labs.100x100.net\/projects\/rutasal\/custom\/uploads\/2019\/04\/47651462411_a952fb57e7_o.jpg\",\"datePublished\":\"2019-04-20T09:19:59+00:00\",\"dateModified\":\"2019-12-09T15:04:39+00:00\",\"author\":{\"@id\":\"https:\/\/labs.100x100.net\/projects\/rutasal\/#\/schema\/person\/24a02a346c826cf8502e7fb8edc0396c\"},\"breadcrumb\":{\"@id\":\"https:\/\/labs.100x100.net\/projects\/rutasal\/cita-de-campeones-en-la-ruta-de-la-sal-2019\/#breadcrumb\"},\"inLanguage\":\"es\",\"potentialAction\":[{\"@type\":\"ReadAction\",\"target\":[\"https:\/\/labs.100x100.net\/projects\/rutasal\/cita-de-campeones-en-la-ruta-de-la-sal-2019\/\"]}]},{\"@type\":\"ImageObject\",\"inLanguage\":\"es\",\"@id\":\"https:\/\/labs.100x100.net\/projects\/rutasal\/cita-de-campeones-en-la-ruta-de-la-sal-2019\/#primaryimage\",\"url\":\"https:\/\/labs.100x100.net\/projects\/rutasal\/custom\/uploads\/2019\/04\/47651462411_a952fb57e7_o.jpg\",\"contentUrl\":\"https:\/\/labs.100x100.net\/projects\/rutasal\/custom\/uploads\/2019\/04\/47651462411_a952fb57e7_o.jpg\",\"width\":900,\"height\":601,\"caption\":\"Los vencedores de la 32 edici\u00f3n de la ruta de la sal durante la rueda de prensa en el cn sant Antoni\"},{\"@type\":\"BreadcrumbList\",\"@id\":\"https:\/\/labs.100x100.net\/projects\/rutasal\/cita-de-campeones-en-la-ruta-de-la-sal-2019\/#breadcrumb\",\"itemListElement\":[{\"@type\":\"ListItem\",\"position\":1,\"name\":\"Portada\",\"item\":\"https:\/\/labs.100x100.net\/projects\/rutasal\/\"},{\"@type\":\"ListItem\",\"position\":2,\"name\":\"La Ruta de la Sal 2019\"}]},{\"@type\":\"WebSite\",\"@id\":\"https:\/\/labs.100x100.net\/projects\/rutasal\/#website\",\"url\":\"https:\/\/labs.100x100.net\/projects\/rutasal\/\",\"name\":\"Regata La Ruta de la Sal\",\"description\":\"Regata La Ruta de la Sal es una regata de Altura Mediterr\u00e1nea para barcos de crucero a vela con destino en Ibiza, que se disputa anualmente en Semana Santa.\",\"potentialAction\":[{\"@type\":\"SearchAction\",\"target\":{\"@type\":\"EntryPoint\",\"urlTemplate\":\"https:\/\/labs.100x100.net\/projects\/rutasal\/?s={search_term_string}\"},\"query-input\":\"required name=search_term_string\"}],\"inLanguage\":\"es\"},{\"@type\":\"Person\",\"@id\":\"https:\/\/labs.100x100.net\/projects\/rutasal\/#\/schema\/person\/24a02a346c826cf8502e7fb8edc0396c\",\"name\":\"Ferran\",\"image\":{\"@type\":\"ImageObject\",\"inLanguage\":\"es\",\"@id\":\"https:\/\/labs.100x100.net\/projects\/rutasal\/#\/schema\/person\/image\/\",\"url\":\"https:\/\/secure.gravatar.com\/avatar\/d1c4bb756eb5c888319d7e06d9dc1559?s=96&d=mm&r=g\",\"contentUrl\":\"https:\/\/secure.gravatar.com\/avatar\/d1c4bb756eb5c888319d7e06d9dc1559?s=96&d=mm&r=g\",\"caption\":\"Ferran\"}}]}<\/script>\n<!-- \/ Yoast SEO plugin. -->","yoast_head_json":{"title":"La Ruta de la Sal 2019 | Regata La Ruta de la Sal","robots":{"index":"noindex","follow":"follow","max-snippet":"max-snippet:-1","max-image-preview":"max-image-preview:large","max-video-preview":"max-video-preview:-1"},"og_locale":"es_ES","og_type":"article","og_title":"La Ruta de la Sal 2019 | Regata La Ruta de la Sal","og_description":"-Extraordinario nivel deportivo de la flota de La Ruta de la Sal 2019. -Tras una regata complicada de un nivel deportivo alt\u00edsimo; -.\u201dGilolo\u201d de JC Petit en la Versi\u00f3n Barcelona, \u201cDKtegoria\u201d de Seppo Sjoroos en la Versi\u00f3n Denia y \u201cYolo\u201d de Kai-Uwe Holweg en la Versi\u00f3n Mallorca, Vencedores Absolutos de La Ruta de la Sal [&hellip;]","og_url":"https:\/\/labs.100x100.net\/projects\/rutasal\/cita-de-campeones-en-la-ruta-de-la-sal-2019\/","og_site_name":"Regata La Ruta de la Sal","article_publisher":"https:\/\/www.facebook.com\/rutadelasal\/","article_published_time":"2019-04-20T09:19:59+00:00","article_modified_time":"2019-12-09T15:04:39+00:00","og_image":[{"width":900,"height":601,"url":"https:\/\/labs.100x100.net\/projects\/rutasal\/custom\/uploads\/2019\/04\/47651462411_a952fb57e7_o.jpg","type":"image\/jpeg"}],"author":"Ferran","twitter_card":"summary_large_image","twitter_creator":"@AnamMedi","twitter_site":"@AnamMedi","twitter_misc":{"Escrito por":"Ferran","Tiempo de lectura":"4 minutos"},"schema":{"@context":"https:\/\/schema.org","@graph":[{"@type":"WebPage","@id":"https:\/\/labs.100x100.net\/projects\/rutasal\/cita-de-campeones-en-la-ruta-de-la-sal-2019\/","url":"https:\/\/labs.100x100.net\/projects\/rutasal\/cita-de-campeones-en-la-ruta-de-la-sal-2019\/","name":"La Ruta de la Sal 2019 | Regata La Ruta de la Sal","isPartOf":{"@id":"https:\/\/labs.100x100.net\/projects\/rutasal\/#website"},"primaryImageOfPage":{"@id":"https:\/\/labs.100x100.net\/projects\/rutasal\/cita-de-campeones-en-la-ruta-de-la-sal-2019\/#primaryimage"},"image":{"@id":"https:\/\/labs.100x100.net\/projects\/rutasal\/cita-de-campeones-en-la-ruta-de-la-sal-2019\/#primaryimage"},"thumbnailUrl":"https:\/\/labs.100x100.net\/projects\/rutasal\/custom\/uploads\/2019\/04\/47651462411_a952fb57e7_o.jpg","datePublished":"2019-04-20T09:19:59+00:00","dateModified":"2019-12-09T15:04:39+00:00","author":{"@id":"https:\/\/labs.100x100.net\/projects\/rutasal\/#\/schema\/person\/24a02a346c826cf8502e7fb8edc0396c"},"breadcrumb":{"@id":"https:\/\/labs.100x100.net\/projects\/rutasal\/cita-de-campeones-en-la-ruta-de-la-sal-2019\/#breadcrumb"},"inLanguage":"es","potentialAction":[{"@type":"ReadAction","target":["https:\/\/labs.100x100.net\/projects\/rutasal\/cita-de-campeones-en-la-ruta-de-la-sal-2019\/"]}]},{"@type":"ImageObject","inLanguage":"es","@id":"https:\/\/labs.100x100.net\/projects\/rutasal\/cita-de-campeones-en-la-ruta-de-la-sal-2019\/#primaryimage","url":"https:\/\/labs.100x100.net\/projects\/rutasal\/custom\/uploads\/2019\/04\/47651462411_a952fb57e7_o.jpg","contentUrl":"https:\/\/labs.100x100.net\/projects\/rutasal\/custom\/uploads\/2019\/04\/47651462411_a952fb57e7_o.jpg","width":900,"height":601,"caption":"Los vencedores de la 32 edici\u00f3n de la ruta de la sal durante la rueda de prensa en el cn sant Antoni"},{"@type":"BreadcrumbList","@id":"https:\/\/labs.100x100.net\/projects\/rutasal\/cita-de-campeones-en-la-ruta-de-la-sal-2019\/#breadcrumb","itemListElement":[{"@type":"ListItem","position":1,"name":"Portada","item":"https:\/\/labs.100x100.net\/projects\/rutasal\/"},{"@type":"ListItem","position":2,"name":"La Ruta de la Sal 2019"}]},{"@type":"WebSite","@id":"https:\/\/labs.100x100.net\/projects\/rutasal\/#website","url":"https:\/\/labs.100x100.net\/projects\/rutasal\/","name":"Regata La Ruta de la Sal","description":"Regata La Ruta de la Sal es una regata de Altura Mediterr\u00e1nea para barcos de crucero a vela con destino en Ibiza, que se disputa anualmente en Semana Santa.","potentialAction":[{"@type":"SearchAction","target":{"@type":"EntryPoint","urlTemplate":"https:\/\/labs.100x100.net\/projects\/rutasal\/?s={search_term_string}"},"query-input":"required name=search_term_string"}],"inLanguage":"es"},{"@type":"Person","@id":"https:\/\/labs.100x100.net\/projects\/rutasal\/#\/schema\/person\/24a02a346c826cf8502e7fb8edc0396c","name":"Ferran","image":{"@type":"ImageObject","inLanguage":"es","@id":"https:\/\/labs.100x100.net\/projects\/rutasal\/#\/schema\/person\/image\/","url":"https:\/\/secure.gravatar.com\/avatar\/d1c4bb756eb5c888319d7e06d9dc1559?s=96&d=mm&r=g","contentUrl":"https:\/\/secure.gravatar.com\/avatar\/d1c4bb756eb5c888319d7e06d9dc1559?s=96&d=mm&r=g","caption":"Ferran"}}]}},"_links":{"self":[{"href":"https:\/\/labs.100x100.net\/projects\/rutasal\/wp-json\/wp\/v2\/posts\/4256"}],"collection":[{"href":"https:\/\/labs.100x100.net\/projects\/rutasal\/wp-json\/wp\/v2\/posts"}],"about":[{"href":"https:\/\/labs.100x100.net\/projects\/rutasal\/wp-json\/wp\/v2\/types\/post"}],"author":[{"embeddable":true,"href":"https:\/\/labs.100x100.net\/projects\/rutasal\/wp-json\/wp\/v2\/users\/2"}],"replies":[{"embeddable":true,"href":"https:\/\/labs.100x100.net\/projects\/rutasal\/wp-json\/wp\/v2\/comments?post=4256"}],"version-history":[{"count":6,"href":"https:\/\/labs.100x100.net\/projects\/rutasal\/wp-json\/wp\/v2\/posts\/4256\/revisions"}],"predecessor-version":[{"id":4503,"href":"https:\/\/labs.100x100.net\/projects\/rutasal\/wp-json\/wp\/v2\/posts\/4256\/revisions\/4503"}],"wp:featuredmedia":[{"embeddable":true,"href":"https:\/\/labs.100x100.net\/projects\/rutasal\/wp-json\/wp\/v2\/media\/4259"}],"wp:attachment":[{"href":"https:\/\/labs.100x100.net\/projects\/rutasal\/wp-json\/wp\/v2\/media?parent=4256"}],"wp:term":[{"taxonomy":"category","embeddable":true,"href":"https:\/\/labs.100x100.net\/projects\/rutasal\/wp-json\/wp\/v2\/categories?post=4256"},{"taxonomy":"post_tag","embeddable":true,"href":"https:\/\/labs.100x100.net\/projects\/rutasal\/wp-json\/wp\/v2\/tags?post=4256"}],"curies":[{"name":"wp","href":"https:\/\/api.w.org\/{rel}","templated":true}]}}