{"id":4241,"date":"2019-04-19T21:41:51","date_gmt":"2019-04-19T19:41:51","guid":{"rendered":"https:\/\/larutadelasal.com\/?p=4241"},"modified":"2019-04-21T21:43:42","modified_gmt":"2019-04-21T19:43:42","slug":"dktegoria-de-seppo-sjoroos-en-la-version-denia-y-gilolo-de-jc-petit-en-la-version-barcelona-vencedores-absolutos-de-la-ruta-de-la-sal-2019","status":"publish","type":"post","link":"https:\/\/labs.100x100.net\/projects\/rutasal\/dktegoria-de-seppo-sjoroos-en-la-version-denia-y-gilolo-de-jc-petit-en-la-version-barcelona-vencedores-absolutos-de-la-ruta-de-la-sal-2019\/","title":{"rendered":"DKtegoria\u201d de Seppo Sjoroos en la Versi\u00f3n Denia y \u201cGilolo\u201d de JC. Petit en la Versi\u00f3n Barcelona, vencedores absolutos de La Ruta de la Sal 2019."},"content":{"rendered":"<h3>Tras calcular los tiempos compensados el \u201cDKtegoria\u201d de Seppo Sjoroos en la Versi\u00f3n Denia y \u201cGilolo\u201d de JC. Petit en la Versi\u00f3n Barcelona, vencedores absolutos de La Ruta de la Sal 2019.<\/h3>\n<p>&nbsp;<\/p>\n<div id=\"attachment_4242\" style=\"width: 910px\" class=\"wp-caption aligncenter\"><img loading=\"lazy\" decoding=\"async\" aria-describedby=\"caption-attachment-4242\" class=\"wp-image-4242 size-full\" src=\"https:\/\/larutadelasal.com\/custom\/uploads\/2019\/04\/Gilolo-1\u00ba-Vencedor-Absoluto-Barcelona.jpg\" alt=\"\" width=\"900\" height=\"601\" srcset=\"https:\/\/labs.100x100.net\/projects\/rutasal\/custom\/uploads\/2019\/04\/Gilolo-1\u00ba-Vencedor-Absoluto-Barcelona.jpg 900w, https:\/\/labs.100x100.net\/projects\/rutasal\/custom\/uploads\/2019\/04\/Gilolo-1\u00ba-Vencedor-Absoluto-Barcelona-300x200.jpg 300w, https:\/\/labs.100x100.net\/projects\/rutasal\/custom\/uploads\/2019\/04\/Gilolo-1\u00ba-Vencedor-Absoluto-Barcelona-768x513.jpg 768w\" sizes=\"(max-width: 900px) 100vw, 900px\" \/><p id=\"caption-attachment-4242\" class=\"wp-caption-text\">Gilolo\u201d de JC. Petit ganador absoluto de en la Versi\u00f3n Barcelona<\/p><\/div>\n<p>Tras una singladura muy exigente, en la que han predominado vientos de levante de hasta 25 nudos, y \u00e1reas de marejada, que han obligado a una navegaci\u00f3n muy t\u00e1ctica y precisa, se ha proclamado ganador de la clasificaci\u00f3n general de la Versi\u00f3n Denia de La Sal, el DK 46 \u201cDKtegoria\u201d de Seppo Sjoroos, un dise\u00f1o de Mills Design Groupon para un programa IRC de crucero\/regata, que tambi\u00e9n logr\u00f3 adjudicarse, con un tiempo de 16h,39m,12s, la victoria en Tiempo Real de esta misma largada.<\/p>\n<p>La segunda plaza en la clasificaci\u00f3n general de la Versi\u00f3n Denia de La Sal 2019, ha sido para el Swan 45 \u201cBrujo\u201d de Alberto de Castro del RCN de Valencia, equipo que fue, con un tiempo de 17h,24m,24s para las 117 millas n\u00e1uticas desde la salida de Denia, tambi\u00e9n segundo en Tiempo Real en este recorrido. La tercera plaza, en la general de esta Versi\u00f3n Denia para el J92 S \u201cEstropada-Cafe del Mar\u201d de Toni Tur del Club Nautic de Sant Antoni de Portmany.<\/p>\n<div id=\"attachment_4198\" style=\"width: 910px\" class=\"wp-caption aligncenter\"><img loading=\"lazy\" decoding=\"async\" aria-describedby=\"caption-attachment-4198\" class=\"size-full wp-image-4198\" src=\"https:\/\/larutadelasal.com\/custom\/uploads\/2019\/04\/Flota-La-Ruta-de-la-Sal-2019.jpg\" alt=\"\" width=\"900\" height=\"601\" srcset=\"https:\/\/labs.100x100.net\/projects\/rutasal\/custom\/uploads\/2019\/04\/Flota-La-Ruta-de-la-Sal-2019.jpg 900w, https:\/\/labs.100x100.net\/projects\/rutasal\/custom\/uploads\/2019\/04\/Flota-La-Ruta-de-la-Sal-2019-300x200.jpg 300w, https:\/\/labs.100x100.net\/projects\/rutasal\/custom\/uploads\/2019\/04\/Flota-La-Ruta-de-la-Sal-2019-768x513.jpg 768w\" sizes=\"(max-width: 900px) 100vw, 900px\" \/><p id=\"caption-attachment-4198\" class=\"wp-caption-text\">Salida Versi\u00f3n Barcelona Foto: Alfred Farr\u00e9<\/p><\/div>\n<p>En la Versi\u00f3n Barcelona victoria en la general del velero franc\u00e9s \u201cGilolo\u201d de JC Petit del RCM de Barcelona, un Sun Fast 3200 dise\u00f1ado por Daniel Andrie para una navegaci\u00f3n deportiva que logr\u00f3 cruzar la l\u00ednea de llegada, tras las 140 millas de competici\u00f3n desde la salida en Port Ginesta a las 02h,55m,29s de hoy, viernes 19 de abril, con un registro rapid\u00edsimo de 17h,44m,29s, que le ha dado un margen suficiente para imponerse en el grupo, una vez compensados los tiempos de la competici\u00f3n.<\/p>\n<p>En segundo lugar en la general de la Versi\u00f3n Barcelona el GS 42 brasile\u00f1o \u201cYrcus II\u201d del holand\u00e9s Ievgen Bazeliev del B.R.Y.C y en tercera posici\u00f3n, el Swan 56 \u201cLa Belle\u201d del holand\u00e9s Frans van Belle del IYC \u00c1msterdam.<\/p>\n<p>Para la Versi\u00f3n Barcelona la regata, navegada siempre con vientos del primer cuadrante de hasta fuerza 6 y mar, ha sido muy r\u00e1pida y de una complejidad t\u00e9cnica obvia. Obligando a los participantes a practicar una navegaci\u00f3n dura de gran valor deportivo.<\/p>\n<p>Ma\u00f1ana, s\u00e1bado 20 de abril de 2019, a las 12:00 h. esta prevista, en el CN de Sant Antoni de Portmany, una rueda de prensa con los ganadores de la 32 edici\u00f3n de La Ruta de La Sal.<\/p>\n","protected":false},"excerpt":{"rendered":"<p>Tras calcular los tiempos compensados el \u201cDKtegoria\u201d de Seppo Sjoroos en la Versi\u00f3n Denia y \u201cGilolo\u201d de JC. Petit en la Versi\u00f3n Barcelona, vencedores absolutos de La Ruta de la Sal 2019. &nbsp; Tras una singladura muy exigente, en la que han predominado vientos de levante de hasta 25 nudos, y \u00e1reas de marejada, que [&hellip;]<\/p>\n","protected":false},"author":2,"featured_media":4242,"comment_status":"open","ping_status":"open","sticky":false,"template":"","format":"standard","meta":{"_acf_changed":false,"footnotes":""},"categories":[3],"tags":[],"acf":[],"yoast_head":"<!-- This site is optimized with the Yoast SEO plugin v23.0 - https:\/\/yoast.com\/wordpress\/plugins\/seo\/ -->\n<title>DKtegoria\u201d de Seppo Sjoroos en la Versi\u00f3n Denia y \u201cGilolo\u201d de JC. Petit en la Versi\u00f3n Barcelona, vencedores absolutos de La Ruta de la Sal 2019. | Regata La Ruta de la Sal<\/title>\n<meta name=\"robots\" content=\"noindex, follow, max-snippet:-1, max-image-preview:large, max-video-preview:-1\" \/>\n<meta property=\"og:locale\" content=\"es_ES\" \/>\n<meta property=\"og:type\" content=\"article\" \/>\n<meta property=\"og:title\" content=\"DKtegoria\u201d de Seppo Sjoroos en la Versi\u00f3n Denia y \u201cGilolo\u201d de JC. Petit en la Versi\u00f3n Barcelona, vencedores absolutos de La Ruta de la Sal 2019. | Regata La Ruta de la Sal\" \/>\n<meta property=\"og:description\" content=\"Tras calcular los tiempos compensados el \u201cDKtegoria\u201d de Seppo Sjoroos en la Versi\u00f3n Denia y \u201cGilolo\u201d de JC. Petit en la Versi\u00f3n Barcelona, vencedores absolutos de La Ruta de la Sal 2019. &nbsp; Tras una singladura muy exigente, en la que han predominado vientos de levante de hasta 25 nudos, y \u00e1reas de marejada, que [&hellip;]\" \/>\n<meta property=\"og:url\" content=\"https:\/\/labs.100x100.net\/projects\/rutasal\/dktegoria-de-seppo-sjoroos-en-la-version-denia-y-gilolo-de-jc-petit-en-la-version-barcelona-vencedores-absolutos-de-la-ruta-de-la-sal-2019\/\" \/>\n<meta property=\"og:site_name\" content=\"Regata La Ruta de la Sal\" \/>\n<meta property=\"article:publisher\" content=\"https:\/\/www.facebook.com\/rutadelasal\/\" \/>\n<meta property=\"article:published_time\" content=\"2019-04-19T19:41:51+00:00\" \/>\n<meta property=\"article:modified_time\" content=\"2019-04-21T19:43:42+00:00\" \/>\n<meta property=\"og:image\" content=\"https:\/\/labs.100x100.net\/projects\/rutasal\/custom\/uploads\/2019\/04\/Gilolo-1\u00ba-Vencedor-Absoluto-Barcelona.jpg\" \/>\n\t<meta property=\"og:image:width\" content=\"900\" \/>\n\t<meta property=\"og:image:height\" content=\"601\" \/>\n\t<meta property=\"og:image:type\" content=\"image\/jpeg\" \/>\n<meta name=\"author\" content=\"Ferran\" \/>\n<meta name=\"twitter:card\" content=\"summary_large_image\" \/>\n<meta name=\"twitter:creator\" content=\"@AnamMedi\" \/>\n<meta name=\"twitter:site\" content=\"@AnamMedi\" \/>\n<meta name=\"twitter:label1\" content=\"Escrito por\" \/>\n\t<meta name=\"twitter:data1\" content=\"Ferran\" \/>\n\t<meta name=\"twitter:label2\" content=\"Tiempo de lectura\" \/>\n\t<meta name=\"twitter:data2\" content=\"2 minutos\" \/>\n<script type=\"application\/ld+json\" class=\"yoast-schema-graph\">{\"@context\":\"https:\/\/schema.org\",\"@graph\":[{\"@type\":\"WebPage\",\"@id\":\"https:\/\/labs.100x100.net\/projects\/rutasal\/dktegoria-de-seppo-sjoroos-en-la-version-denia-y-gilolo-de-jc-petit-en-la-version-barcelona-vencedores-absolutos-de-la-ruta-de-la-sal-2019\/\",\"url\":\"https:\/\/labs.100x100.net\/projects\/rutasal\/dktegoria-de-seppo-sjoroos-en-la-version-denia-y-gilolo-de-jc-petit-en-la-version-barcelona-vencedores-absolutos-de-la-ruta-de-la-sal-2019\/\",\"name\":\"DKtegoria\u201d de Seppo Sjoroos en la Versi\u00f3n Denia y \u201cGilolo\u201d de JC. Petit en la Versi\u00f3n Barcelona, vencedores absolutos de La Ruta de la Sal 2019. | Regata La Ruta de la Sal\",\"isPartOf\":{\"@id\":\"https:\/\/labs.100x100.net\/projects\/rutasal\/#website\"},\"primaryImageOfPage\":{\"@id\":\"https:\/\/labs.100x100.net\/projects\/rutasal\/dktegoria-de-seppo-sjoroos-en-la-version-denia-y-gilolo-de-jc-petit-en-la-version-barcelona-vencedores-absolutos-de-la-ruta-de-la-sal-2019\/#primaryimage\"},\"image\":{\"@id\":\"https:\/\/labs.100x100.net\/projects\/rutasal\/dktegoria-de-seppo-sjoroos-en-la-version-denia-y-gilolo-de-jc-petit-en-la-version-barcelona-vencedores-absolutos-de-la-ruta-de-la-sal-2019\/#primaryimage\"},\"thumbnailUrl\":\"https:\/\/labs.100x100.net\/projects\/rutasal\/custom\/uploads\/2019\/04\/Gilolo-1\u00ba-Vencedor-Absoluto-Barcelona.jpg\",\"datePublished\":\"2019-04-19T19:41:51+00:00\",\"dateModified\":\"2019-04-21T19:43:42+00:00\",\"author\":{\"@id\":\"https:\/\/labs.100x100.net\/projects\/rutasal\/#\/schema\/person\/24a02a346c826cf8502e7fb8edc0396c\"},\"breadcrumb\":{\"@id\":\"https:\/\/labs.100x100.net\/projects\/rutasal\/dktegoria-de-seppo-sjoroos-en-la-version-denia-y-gilolo-de-jc-petit-en-la-version-barcelona-vencedores-absolutos-de-la-ruta-de-la-sal-2019\/#breadcrumb\"},\"inLanguage\":\"es\",\"potentialAction\":[{\"@type\":\"ReadAction\",\"target\":[\"https:\/\/labs.100x100.net\/projects\/rutasal\/dktegoria-de-seppo-sjoroos-en-la-version-denia-y-gilolo-de-jc-petit-en-la-version-barcelona-vencedores-absolutos-de-la-ruta-de-la-sal-2019\/\"]}]},{\"@type\":\"ImageObject\",\"inLanguage\":\"es\",\"@id\":\"https:\/\/labs.100x100.net\/projects\/rutasal\/dktegoria-de-seppo-sjoroos-en-la-version-denia-y-gilolo-de-jc-petit-en-la-version-barcelona-vencedores-absolutos-de-la-ruta-de-la-sal-2019\/#primaryimage\",\"url\":\"https:\/\/labs.100x100.net\/projects\/rutasal\/custom\/uploads\/2019\/04\/Gilolo-1\u00ba-Vencedor-Absoluto-Barcelona.jpg\",\"contentUrl\":\"https:\/\/labs.100x100.net\/projects\/rutasal\/custom\/uploads\/2019\/04\/Gilolo-1\u00ba-Vencedor-Absoluto-Barcelona.jpg\",\"width\":900,\"height\":601,\"caption\":\"\u201cGilolo\u201d de JC. Petit ganador absoluto de en la Versi\u00f3n Barcelona\"},{\"@type\":\"BreadcrumbList\",\"@id\":\"https:\/\/labs.100x100.net\/projects\/rutasal\/dktegoria-de-seppo-sjoroos-en-la-version-denia-y-gilolo-de-jc-petit-en-la-version-barcelona-vencedores-absolutos-de-la-ruta-de-la-sal-2019\/#breadcrumb\",\"itemListElement\":[{\"@type\":\"ListItem\",\"position\":1,\"name\":\"Portada\",\"item\":\"https:\/\/labs.100x100.net\/projects\/rutasal\/\"},{\"@type\":\"ListItem\",\"position\":2,\"name\":\"DKtegoria\u201d de Seppo Sjoroos en la Versi\u00f3n Denia y \u201cGilolo\u201d de JC. Petit en la Versi\u00f3n Barcelona, vencedores absolutos de La Ruta de la Sal 2019.\"}]},{\"@type\":\"WebSite\",\"@id\":\"https:\/\/labs.100x100.net\/projects\/rutasal\/#website\",\"url\":\"https:\/\/labs.100x100.net\/projects\/rutasal\/\",\"name\":\"Regata La Ruta de la Sal\",\"description\":\"Regata La Ruta de la Sal es una regata de Altura Mediterr\u00e1nea para barcos de crucero a vela con destino en Ibiza, que se disputa anualmente en Semana Santa.\",\"potentialAction\":[{\"@type\":\"SearchAction\",\"target\":{\"@type\":\"EntryPoint\",\"urlTemplate\":\"https:\/\/labs.100x100.net\/projects\/rutasal\/?s={search_term_string}\"},\"query-input\":\"required name=search_term_string\"}],\"inLanguage\":\"es\"},{\"@type\":\"Person\",\"@id\":\"https:\/\/labs.100x100.net\/projects\/rutasal\/#\/schema\/person\/24a02a346c826cf8502e7fb8edc0396c\",\"name\":\"Ferran\",\"image\":{\"@type\":\"ImageObject\",\"inLanguage\":\"es\",\"@id\":\"https:\/\/labs.100x100.net\/projects\/rutasal\/#\/schema\/person\/image\/\",\"url\":\"https:\/\/secure.gravatar.com\/avatar\/d1c4bb756eb5c888319d7e06d9dc1559?s=96&d=mm&r=g\",\"contentUrl\":\"https:\/\/secure.gravatar.com\/avatar\/d1c4bb756eb5c888319d7e06d9dc1559?s=96&d=mm&r=g\",\"caption\":\"Ferran\"}}]}<\/script>\n<!-- \/ Yoast SEO plugin. -->","yoast_head_json":{"title":"DKtegoria\u201d de Seppo Sjoroos en la Versi\u00f3n Denia y \u201cGilolo\u201d de JC. Petit en la Versi\u00f3n Barcelona, vencedores absolutos de La Ruta de la Sal 2019. | Regata La Ruta de la Sal","robots":{"index":"noindex","follow":"follow","max-snippet":"max-snippet:-1","max-image-preview":"max-image-preview:large","max-video-preview":"max-video-preview:-1"},"og_locale":"es_ES","og_type":"article","og_title":"DKtegoria\u201d de Seppo Sjoroos en la Versi\u00f3n Denia y \u201cGilolo\u201d de JC. Petit en la Versi\u00f3n Barcelona, vencedores absolutos de La Ruta de la Sal 2019. | Regata La Ruta de la Sal","og_description":"Tras calcular los tiempos compensados el \u201cDKtegoria\u201d de Seppo Sjoroos en la Versi\u00f3n Denia y \u201cGilolo\u201d de JC. Petit en la Versi\u00f3n Barcelona, vencedores absolutos de La Ruta de la Sal 2019. &nbsp; Tras una singladura muy exigente, en la que han predominado vientos de levante de hasta 25 nudos, y \u00e1reas de marejada, que [&hellip;]","og_url":"https:\/\/labs.100x100.net\/projects\/rutasal\/dktegoria-de-seppo-sjoroos-en-la-version-denia-y-gilolo-de-jc-petit-en-la-version-barcelona-vencedores-absolutos-de-la-ruta-de-la-sal-2019\/","og_site_name":"Regata La Ruta de la Sal","article_publisher":"https:\/\/www.facebook.com\/rutadelasal\/","article_published_time":"2019-04-19T19:41:51+00:00","article_modified_time":"2019-04-21T19:43:42+00:00","og_image":[{"width":900,"height":601,"url":"https:\/\/labs.100x100.net\/projects\/rutasal\/custom\/uploads\/2019\/04\/Gilolo-1\u00ba-Vencedor-Absoluto-Barcelona.jpg","type":"image\/jpeg"}],"author":"Ferran","twitter_card":"summary_large_image","twitter_creator":"@AnamMedi","twitter_site":"@AnamMedi","twitter_misc":{"Escrito por":"Ferran","Tiempo de lectura":"2 minutos"},"schema":{"@context":"https:\/\/schema.org","@graph":[{"@type":"WebPage","@id":"https:\/\/labs.100x100.net\/projects\/rutasal\/dktegoria-de-seppo-sjoroos-en-la-version-denia-y-gilolo-de-jc-petit-en-la-version-barcelona-vencedores-absolutos-de-la-ruta-de-la-sal-2019\/","url":"https:\/\/labs.100x100.net\/projects\/rutasal\/dktegoria-de-seppo-sjoroos-en-la-version-denia-y-gilolo-de-jc-petit-en-la-version-barcelona-vencedores-absolutos-de-la-ruta-de-la-sal-2019\/","name":"DKtegoria\u201d de Seppo Sjoroos en la Versi\u00f3n Denia y \u201cGilolo\u201d de JC. Petit en la Versi\u00f3n Barcelona, vencedores absolutos de La Ruta de la Sal 2019. | Regata La Ruta de la Sal","isPartOf":{"@id":"https:\/\/labs.100x100.net\/projects\/rutasal\/#website"},"primaryImageOfPage":{"@id":"https:\/\/labs.100x100.net\/projects\/rutasal\/dktegoria-de-seppo-sjoroos-en-la-version-denia-y-gilolo-de-jc-petit-en-la-version-barcelona-vencedores-absolutos-de-la-ruta-de-la-sal-2019\/#primaryimage"},"image":{"@id":"https:\/\/labs.100x100.net\/projects\/rutasal\/dktegoria-de-seppo-sjoroos-en-la-version-denia-y-gilolo-de-jc-petit-en-la-version-barcelona-vencedores-absolutos-de-la-ruta-de-la-sal-2019\/#primaryimage"},"thumbnailUrl":"https:\/\/labs.100x100.net\/projects\/rutasal\/custom\/uploads\/2019\/04\/Gilolo-1\u00ba-Vencedor-Absoluto-Barcelona.jpg","datePublished":"2019-04-19T19:41:51+00:00","dateModified":"2019-04-21T19:43:42+00:00","author":{"@id":"https:\/\/labs.100x100.net\/projects\/rutasal\/#\/schema\/person\/24a02a346c826cf8502e7fb8edc0396c"},"breadcrumb":{"@id":"https:\/\/labs.100x100.net\/projects\/rutasal\/dktegoria-de-seppo-sjoroos-en-la-version-denia-y-gilolo-de-jc-petit-en-la-version-barcelona-vencedores-absolutos-de-la-ruta-de-la-sal-2019\/#breadcrumb"},"inLanguage":"es","potentialAction":[{"@type":"ReadAction","target":["https:\/\/labs.100x100.net\/projects\/rutasal\/dktegoria-de-seppo-sjoroos-en-la-version-denia-y-gilolo-de-jc-petit-en-la-version-barcelona-vencedores-absolutos-de-la-ruta-de-la-sal-2019\/"]}]},{"@type":"ImageObject","inLanguage":"es","@id":"https:\/\/labs.100x100.net\/projects\/rutasal\/dktegoria-de-seppo-sjoroos-en-la-version-denia-y-gilolo-de-jc-petit-en-la-version-barcelona-vencedores-absolutos-de-la-ruta-de-la-sal-2019\/#primaryimage","url":"https:\/\/labs.100x100.net\/projects\/rutasal\/custom\/uploads\/2019\/04\/Gilolo-1\u00ba-Vencedor-Absoluto-Barcelona.jpg","contentUrl":"https:\/\/labs.100x100.net\/projects\/rutasal\/custom\/uploads\/2019\/04\/Gilolo-1\u00ba-Vencedor-Absoluto-Barcelona.jpg","width":900,"height":601,"caption":"\u201cGilolo\u201d de JC. Petit ganador absoluto de en la Versi\u00f3n Barcelona"},{"@type":"BreadcrumbList","@id":"https:\/\/labs.100x100.net\/projects\/rutasal\/dktegoria-de-seppo-sjoroos-en-la-version-denia-y-gilolo-de-jc-petit-en-la-version-barcelona-vencedores-absolutos-de-la-ruta-de-la-sal-2019\/#breadcrumb","itemListElement":[{"@type":"ListItem","position":1,"name":"Portada","item":"https:\/\/labs.100x100.net\/projects\/rutasal\/"},{"@type":"ListItem","position":2,"name":"DKtegoria\u201d de Seppo Sjoroos en la Versi\u00f3n Denia y \u201cGilolo\u201d de JC. Petit en la Versi\u00f3n Barcelona, vencedores absolutos de La Ruta de la Sal 2019."}]},{"@type":"WebSite","@id":"https:\/\/labs.100x100.net\/projects\/rutasal\/#website","url":"https:\/\/labs.100x100.net\/projects\/rutasal\/","name":"Regata La Ruta de la Sal","description":"Regata La Ruta de la Sal es una regata de Altura Mediterr\u00e1nea para barcos de crucero a vela con destino en Ibiza, que se disputa anualmente en Semana Santa.","potentialAction":[{"@type":"SearchAction","target":{"@type":"EntryPoint","urlTemplate":"https:\/\/labs.100x100.net\/projects\/rutasal\/?s={search_term_string}"},"query-input":"required name=search_term_string"}],"inLanguage":"es"},{"@type":"Person","@id":"https:\/\/labs.100x100.net\/projects\/rutasal\/#\/schema\/person\/24a02a346c826cf8502e7fb8edc0396c","name":"Ferran","image":{"@type":"ImageObject","inLanguage":"es","@id":"https:\/\/labs.100x100.net\/projects\/rutasal\/#\/schema\/person\/image\/","url":"https:\/\/secure.gravatar.com\/avatar\/d1c4bb756eb5c888319d7e06d9dc1559?s=96&d=mm&r=g","contentUrl":"https:\/\/secure.gravatar.com\/avatar\/d1c4bb756eb5c888319d7e06d9dc1559?s=96&d=mm&r=g","caption":"Ferran"}}]}},"_links":{"self":[{"href":"https:\/\/labs.100x100.net\/projects\/rutasal\/wp-json\/wp\/v2\/posts\/4241"}],"collection":[{"href":"https:\/\/labs.100x100.net\/projects\/rutasal\/wp-json\/wp\/v2\/posts"}],"about":[{"href":"https:\/\/labs.100x100.net\/projects\/rutasal\/wp-json\/wp\/v2\/types\/post"}],"author":[{"embeddable":true,"href":"https:\/\/labs.100x100.net\/projects\/rutasal\/wp-json\/wp\/v2\/users\/2"}],"replies":[{"embeddable":true,"href":"https:\/\/labs.100x100.net\/projects\/rutasal\/wp-json\/wp\/v2\/comments?post=4241"}],"version-history":[{"count":2,"href":"https:\/\/labs.100x100.net\/projects\/rutasal\/wp-json\/wp\/v2\/posts\/4241\/revisions"}],"predecessor-version":[{"id":4244,"href":"https:\/\/labs.100x100.net\/projects\/rutasal\/wp-json\/wp\/v2\/posts\/4241\/revisions\/4244"}],"wp:featuredmedia":[{"embeddable":true,"href":"https:\/\/labs.100x100.net\/projects\/rutasal\/wp-json\/wp\/v2\/media\/4242"}],"wp:attachment":[{"href":"https:\/\/labs.100x100.net\/projects\/rutasal\/wp-json\/wp\/v2\/media?parent=4241"}],"wp:term":[{"taxonomy":"category","embeddable":true,"href":"https:\/\/labs.100x100.net\/projects\/rutasal\/wp-json\/wp\/v2\/categories?post=4241"},{"taxonomy":"post_tag","embeddable":true,"href":"https:\/\/labs.100x100.net\/projects\/rutasal\/wp-json\/wp\/v2\/tags?post=4241"}],"curies":[{"name":"wp","href":"https:\/\/api.w.org\/{rel}","templated":true}]}}