{"id":4233,"date":"2019-04-19T21:34:58","date_gmt":"2019-04-19T19:34:58","guid":{"rendered":"https:\/\/larutadelasal.com\/?p=4233"},"modified":"2019-04-24T13:15:38","modified_gmt":"2019-04-24T11:15:38","slug":"noticias-yolo-de-kai-uwe-holweg-ganador-absoluto-de-la-version-mallorca-19-abr-2019-editar-tras-una-regata-de-un-nivel-deportivo-altisimo-yolo-de-kai-uwe-hol","status":"publish","type":"post","link":"https:\/\/labs.100x100.net\/projects\/rutasal\/noticias-yolo-de-kai-uwe-holweg-ganador-absoluto-de-la-version-mallorca-19-abr-2019-editar-tras-una-regata-de-un-nivel-deportivo-altisimo-yolo-de-kai-uwe-hol\/","title":{"rendered":"\u201cYolo\u201d de Kai-Uwe Holweg ganador absoluto de la Versi\u00f3n Mallorca"},"content":{"rendered":"<h3>Tras una regata de un nivel deportivo alt\u00edsimo, \u201cYolo\u201d de Kai-Uwe Holweg ganador absoluto de la Versi\u00f3n Mallorca de 32 Regata de Altura de La Ruta de la Sal.<\/h3>\n<h3>El \u201cYolo\u201d ya fue vencedor de este mismo recorrido en la regata del 2018.<\/h3>\n<p>&nbsp;<\/p>\n<div id=\"attachment_4218\" style=\"width: 1034px\" class=\"wp-caption aligncenter\"><img loading=\"lazy\" decoding=\"async\" aria-describedby=\"caption-attachment-4218\" class=\"wp-image-4218 size-large\" src=\"https:\/\/larutadelasal.com\/custom\/uploads\/2019\/04\/WhatsApp-Image-2019-04-18-at-16.19.23-1024x497.jpeg\" alt=\"\" width=\"1024\" height=\"497\" srcset=\"https:\/\/labs.100x100.net\/projects\/rutasal\/custom\/uploads\/2019\/04\/WhatsApp-Image-2019-04-18-at-16.19.23-1024x497.jpeg 1024w, https:\/\/labs.100x100.net\/projects\/rutasal\/custom\/uploads\/2019\/04\/WhatsApp-Image-2019-04-18-at-16.19.23-300x146.jpeg 300w, https:\/\/labs.100x100.net\/projects\/rutasal\/custom\/uploads\/2019\/04\/WhatsApp-Image-2019-04-18-at-16.19.23-768x373.jpeg 768w, https:\/\/labs.100x100.net\/projects\/rutasal\/custom\/uploads\/2019\/04\/WhatsApp-Image-2019-04-18-at-16.19.23.jpeg 1600w\" sizes=\"(max-width: 1024px) 100vw, 1024px\" \/><p id=\"caption-attachment-4218\" class=\"wp-caption-text\">\u201cYolo\u201d de Kai-Uwe Holweg ganador absoluto de la Versi\u00f3n Mallorca<\/p><\/div>\n<p>&nbsp;<\/p>\n<p>El alem\u00e1n Kai-Uwe Holweg con su Sun Fast 3600 \u201cYolo\u201d se ha proclamado, por segundo a\u00f1o consecutivo, vencedor en la clasificaci\u00f3n general de la Versi\u00f3n Mallorca de Ruta de La Sal, tras invertir un tiempo de 6h,22m,15s en cubrir las 61 millas n\u00e1uticas del recorrido desde el Puerto de Andratx a Sant Antoni de Portmany.<\/p>\n<p>La segunda plaza en esta largada ha sido para el Swan 56 \u201cClem I-GI El Encinar de Jaime Olazabal del Club de Mar de Mallorca, y la tercera para el JNA 42 franc\u00e9s \u201cTokaoma 3\u2033 de Pierre Ch\u00e1rtier.<\/p>\n<p>La victoria en Tiempo Real de la Versi\u00f3n Mallorca de este a\u00f1o, ha correspondido al velero alem\u00e1n \u201cAuliana 2\u2033, un Knierim JV 53 de Christian Potthoff-Sewing del RCN de Palma, con un registro de 6h,11m,52s siendo la segunda plaza en real, para el barco franc\u00e9s \u201cTokaoma 3\u2033 de Pierre Chartier con un tiempo de 6h,15m,50s y cerrando el p\u00f3dium, en tercer lugar, el Swan 56 de Jaime Olazabal \u201cClem I \u2013 GI EL ENCINAR\u201d con un registro de 6h,21m,20s.<\/p>\n<p><img loading=\"lazy\" decoding=\"async\" class=\"aligncenter size-full wp-image-4223\" src=\"https:\/\/larutadelasal.com\/custom\/uploads\/2019\/04\/WhatsApp-Image-2019-04-18-at-17.40.37-1.jpeg\" alt=\"\" width=\"1599\" height=\"1200\" srcset=\"https:\/\/labs.100x100.net\/projects\/rutasal\/custom\/uploads\/2019\/04\/WhatsApp-Image-2019-04-18-at-17.40.37-1.jpeg 1599w, https:\/\/labs.100x100.net\/projects\/rutasal\/custom\/uploads\/2019\/04\/WhatsApp-Image-2019-04-18-at-17.40.37-1-300x225.jpeg 300w, https:\/\/labs.100x100.net\/projects\/rutasal\/custom\/uploads\/2019\/04\/WhatsApp-Image-2019-04-18-at-17.40.37-1-768x576.jpeg 768w, https:\/\/labs.100x100.net\/projects\/rutasal\/custom\/uploads\/2019\/04\/WhatsApp-Image-2019-04-18-at-17.40.37-1-1024x768.jpeg 1024w\" sizes=\"(max-width: 1599px) 100vw, 1599px\" \/><\/p>\n<p>La flota de la Versi\u00f3n Mallorca parti\u00f3 desde Puerto de Andratx ayer, jueves 18 de abril, a las 10:00 h, con el objetivo de competir sobre un recorrido de 61 millas n\u00e1uticas a rumbo directo hasta San Antoni de Portmany en Ibiza. La regata, muy t\u00e1ctica y r\u00e1pida, se ha caracterizado por el gran nivel deportivo de todos los participantes.<\/p>\n<p>Ma\u00f1ana, s\u00e1bado 20 de abril de 2019, a las 12:00 h. est\u00e1 prevista, en el CN de Sant Antoni de Portmany, una rueda de prensa con los ganadores de la 32 edici\u00f3n de La Ruta de La Sal.<\/p>\n","protected":false},"excerpt":{"rendered":"<p>Tras una regata de un nivel deportivo alt\u00edsimo, \u201cYolo\u201d de Kai-Uwe Holweg ganador absoluto de la Versi\u00f3n Mallorca de 32 Regata de Altura de La Ruta de la Sal. El \u201cYolo\u201d ya fue vencedor de este mismo recorrido en la regata del 2018. &nbsp; &nbsp; El alem\u00e1n Kai-Uwe Holweg con su Sun Fast 3600 \u201cYolo\u201d [&hellip;]<\/p>\n","protected":false},"author":2,"featured_media":4218,"comment_status":"open","ping_status":"open","sticky":false,"template":"","format":"standard","meta":{"_acf_changed":false,"footnotes":""},"categories":[3],"tags":[],"acf":[],"yoast_head":"<!-- This site is optimized with the Yoast SEO plugin v23.0 - https:\/\/yoast.com\/wordpress\/plugins\/seo\/ -->\n<title>\u201cYolo\u201d de Kai-Uwe Holweg ganador absoluto de la Versi\u00f3n Mallorca | Regata La Ruta de la Sal<\/title>\n<meta name=\"robots\" content=\"noindex, follow, max-snippet:-1, max-image-preview:large, max-video-preview:-1\" \/>\n<meta property=\"og:locale\" content=\"es_ES\" \/>\n<meta property=\"og:type\" content=\"article\" \/>\n<meta property=\"og:title\" content=\"\u201cYolo\u201d de Kai-Uwe Holweg ganador absoluto de la Versi\u00f3n Mallorca | Regata La Ruta de la Sal\" \/>\n<meta property=\"og:description\" content=\"Tras una regata de un nivel deportivo alt\u00edsimo, \u201cYolo\u201d de Kai-Uwe Holweg ganador absoluto de la Versi\u00f3n Mallorca de 32 Regata de Altura de La Ruta de la Sal. El \u201cYolo\u201d ya fue vencedor de este mismo recorrido en la regata del 2018. &nbsp; &nbsp; El alem\u00e1n Kai-Uwe Holweg con su Sun Fast 3600 \u201cYolo\u201d [&hellip;]\" \/>\n<meta property=\"og:url\" content=\"https:\/\/labs.100x100.net\/projects\/rutasal\/noticias-yolo-de-kai-uwe-holweg-ganador-absoluto-de-la-version-mallorca-19-abr-2019-editar-tras-una-regata-de-un-nivel-deportivo-altisimo-yolo-de-kai-uwe-hol\/\" \/>\n<meta property=\"og:site_name\" content=\"Regata La Ruta de la Sal\" \/>\n<meta property=\"article:publisher\" content=\"https:\/\/www.facebook.com\/rutadelasal\/\" \/>\n<meta property=\"article:published_time\" content=\"2019-04-19T19:34:58+00:00\" \/>\n<meta property=\"article:modified_time\" content=\"2019-04-24T11:15:38+00:00\" \/>\n<meta property=\"og:image\" content=\"https:\/\/labs.100x100.net\/projects\/rutasal\/custom\/uploads\/2019\/04\/WhatsApp-Image-2019-04-18-at-16.19.23.jpeg\" \/>\n\t<meta property=\"og:image:width\" content=\"1600\" \/>\n\t<meta property=\"og:image:height\" content=\"777\" \/>\n\t<meta property=\"og:image:type\" content=\"image\/jpeg\" \/>\n<meta name=\"author\" content=\"Ferran\" \/>\n<meta name=\"twitter:card\" content=\"summary_large_image\" \/>\n<meta name=\"twitter:creator\" content=\"@AnamMedi\" \/>\n<meta name=\"twitter:site\" content=\"@AnamMedi\" \/>\n<meta name=\"twitter:label1\" content=\"Escrito por\" \/>\n\t<meta name=\"twitter:data1\" content=\"Ferran\" \/>\n\t<meta name=\"twitter:label2\" content=\"Tiempo de lectura\" \/>\n\t<meta name=\"twitter:data2\" content=\"2 minutos\" \/>\n<script type=\"application\/ld+json\" class=\"yoast-schema-graph\">{\"@context\":\"https:\/\/schema.org\",\"@graph\":[{\"@type\":\"WebPage\",\"@id\":\"https:\/\/labs.100x100.net\/projects\/rutasal\/noticias-yolo-de-kai-uwe-holweg-ganador-absoluto-de-la-version-mallorca-19-abr-2019-editar-tras-una-regata-de-un-nivel-deportivo-altisimo-yolo-de-kai-uwe-hol\/\",\"url\":\"https:\/\/labs.100x100.net\/projects\/rutasal\/noticias-yolo-de-kai-uwe-holweg-ganador-absoluto-de-la-version-mallorca-19-abr-2019-editar-tras-una-regata-de-un-nivel-deportivo-altisimo-yolo-de-kai-uwe-hol\/\",\"name\":\"\u201cYolo\u201d de Kai-Uwe Holweg ganador absoluto de la Versi\u00f3n Mallorca | Regata La Ruta de la Sal\",\"isPartOf\":{\"@id\":\"https:\/\/labs.100x100.net\/projects\/rutasal\/#website\"},\"primaryImageOfPage\":{\"@id\":\"https:\/\/labs.100x100.net\/projects\/rutasal\/noticias-yolo-de-kai-uwe-holweg-ganador-absoluto-de-la-version-mallorca-19-abr-2019-editar-tras-una-regata-de-un-nivel-deportivo-altisimo-yolo-de-kai-uwe-hol\/#primaryimage\"},\"image\":{\"@id\":\"https:\/\/labs.100x100.net\/projects\/rutasal\/noticias-yolo-de-kai-uwe-holweg-ganador-absoluto-de-la-version-mallorca-19-abr-2019-editar-tras-una-regata-de-un-nivel-deportivo-altisimo-yolo-de-kai-uwe-hol\/#primaryimage\"},\"thumbnailUrl\":\"https:\/\/labs.100x100.net\/projects\/rutasal\/custom\/uploads\/2019\/04\/WhatsApp-Image-2019-04-18-at-16.19.23.jpeg\",\"datePublished\":\"2019-04-19T19:34:58+00:00\",\"dateModified\":\"2019-04-24T11:15:38+00:00\",\"author\":{\"@id\":\"https:\/\/labs.100x100.net\/projects\/rutasal\/#\/schema\/person\/24a02a346c826cf8502e7fb8edc0396c\"},\"breadcrumb\":{\"@id\":\"https:\/\/labs.100x100.net\/projects\/rutasal\/noticias-yolo-de-kai-uwe-holweg-ganador-absoluto-de-la-version-mallorca-19-abr-2019-editar-tras-una-regata-de-un-nivel-deportivo-altisimo-yolo-de-kai-uwe-hol\/#breadcrumb\"},\"inLanguage\":\"es\",\"potentialAction\":[{\"@type\":\"ReadAction\",\"target\":[\"https:\/\/labs.100x100.net\/projects\/rutasal\/noticias-yolo-de-kai-uwe-holweg-ganador-absoluto-de-la-version-mallorca-19-abr-2019-editar-tras-una-regata-de-un-nivel-deportivo-altisimo-yolo-de-kai-uwe-hol\/\"]}]},{\"@type\":\"ImageObject\",\"inLanguage\":\"es\",\"@id\":\"https:\/\/labs.100x100.net\/projects\/rutasal\/noticias-yolo-de-kai-uwe-holweg-ganador-absoluto-de-la-version-mallorca-19-abr-2019-editar-tras-una-regata-de-un-nivel-deportivo-altisimo-yolo-de-kai-uwe-hol\/#primaryimage\",\"url\":\"https:\/\/labs.100x100.net\/projects\/rutasal\/custom\/uploads\/2019\/04\/WhatsApp-Image-2019-04-18-at-16.19.23.jpeg\",\"contentUrl\":\"https:\/\/labs.100x100.net\/projects\/rutasal\/custom\/uploads\/2019\/04\/WhatsApp-Image-2019-04-18-at-16.19.23.jpeg\",\"width\":1600,\"height\":777,\"caption\":\"\u201cYolo\u201d de Kai-Uwe Holweg ganador absoluto de la Versi\u00f3n Mallorca\"},{\"@type\":\"BreadcrumbList\",\"@id\":\"https:\/\/labs.100x100.net\/projects\/rutasal\/noticias-yolo-de-kai-uwe-holweg-ganador-absoluto-de-la-version-mallorca-19-abr-2019-editar-tras-una-regata-de-un-nivel-deportivo-altisimo-yolo-de-kai-uwe-hol\/#breadcrumb\",\"itemListElement\":[{\"@type\":\"ListItem\",\"position\":1,\"name\":\"Portada\",\"item\":\"https:\/\/labs.100x100.net\/projects\/rutasal\/\"},{\"@type\":\"ListItem\",\"position\":2,\"name\":\"\u201cYolo\u201d de Kai-Uwe Holweg ganador absoluto de la Versi\u00f3n Mallorca\"}]},{\"@type\":\"WebSite\",\"@id\":\"https:\/\/labs.100x100.net\/projects\/rutasal\/#website\",\"url\":\"https:\/\/labs.100x100.net\/projects\/rutasal\/\",\"name\":\"Regata La Ruta de la Sal\",\"description\":\"Regata La Ruta de la Sal es una regata de Altura Mediterr\u00e1nea para barcos de crucero a vela con destino en Ibiza, que se disputa anualmente en Semana Santa.\",\"potentialAction\":[{\"@type\":\"SearchAction\",\"target\":{\"@type\":\"EntryPoint\",\"urlTemplate\":\"https:\/\/labs.100x100.net\/projects\/rutasal\/?s={search_term_string}\"},\"query-input\":\"required name=search_term_string\"}],\"inLanguage\":\"es\"},{\"@type\":\"Person\",\"@id\":\"https:\/\/labs.100x100.net\/projects\/rutasal\/#\/schema\/person\/24a02a346c826cf8502e7fb8edc0396c\",\"name\":\"Ferran\",\"image\":{\"@type\":\"ImageObject\",\"inLanguage\":\"es\",\"@id\":\"https:\/\/labs.100x100.net\/projects\/rutasal\/#\/schema\/person\/image\/\",\"url\":\"https:\/\/secure.gravatar.com\/avatar\/d1c4bb756eb5c888319d7e06d9dc1559?s=96&d=mm&r=g\",\"contentUrl\":\"https:\/\/secure.gravatar.com\/avatar\/d1c4bb756eb5c888319d7e06d9dc1559?s=96&d=mm&r=g\",\"caption\":\"Ferran\"}}]}<\/script>\n<!-- \/ Yoast SEO plugin. -->","yoast_head_json":{"title":"\u201cYolo\u201d de Kai-Uwe Holweg ganador absoluto de la Versi\u00f3n Mallorca | Regata La Ruta de la Sal","robots":{"index":"noindex","follow":"follow","max-snippet":"max-snippet:-1","max-image-preview":"max-image-preview:large","max-video-preview":"max-video-preview:-1"},"og_locale":"es_ES","og_type":"article","og_title":"\u201cYolo\u201d de Kai-Uwe Holweg ganador absoluto de la Versi\u00f3n Mallorca | Regata La Ruta de la Sal","og_description":"Tras una regata de un nivel deportivo alt\u00edsimo, \u201cYolo\u201d de Kai-Uwe Holweg ganador absoluto de la Versi\u00f3n Mallorca de 32 Regata de Altura de La Ruta de la Sal. El \u201cYolo\u201d ya fue vencedor de este mismo recorrido en la regata del 2018. &nbsp; &nbsp; El alem\u00e1n Kai-Uwe Holweg con su Sun Fast 3600 \u201cYolo\u201d [&hellip;]","og_url":"https:\/\/labs.100x100.net\/projects\/rutasal\/noticias-yolo-de-kai-uwe-holweg-ganador-absoluto-de-la-version-mallorca-19-abr-2019-editar-tras-una-regata-de-un-nivel-deportivo-altisimo-yolo-de-kai-uwe-hol\/","og_site_name":"Regata La Ruta de la Sal","article_publisher":"https:\/\/www.facebook.com\/rutadelasal\/","article_published_time":"2019-04-19T19:34:58+00:00","article_modified_time":"2019-04-24T11:15:38+00:00","og_image":[{"width":1600,"height":777,"url":"https:\/\/labs.100x100.net\/projects\/rutasal\/custom\/uploads\/2019\/04\/WhatsApp-Image-2019-04-18-at-16.19.23.jpeg","type":"image\/jpeg"}],"author":"Ferran","twitter_card":"summary_large_image","twitter_creator":"@AnamMedi","twitter_site":"@AnamMedi","twitter_misc":{"Escrito por":"Ferran","Tiempo de lectura":"2 minutos"},"schema":{"@context":"https:\/\/schema.org","@graph":[{"@type":"WebPage","@id":"https:\/\/labs.100x100.net\/projects\/rutasal\/noticias-yolo-de-kai-uwe-holweg-ganador-absoluto-de-la-version-mallorca-19-abr-2019-editar-tras-una-regata-de-un-nivel-deportivo-altisimo-yolo-de-kai-uwe-hol\/","url":"https:\/\/labs.100x100.net\/projects\/rutasal\/noticias-yolo-de-kai-uwe-holweg-ganador-absoluto-de-la-version-mallorca-19-abr-2019-editar-tras-una-regata-de-un-nivel-deportivo-altisimo-yolo-de-kai-uwe-hol\/","name":"\u201cYolo\u201d de Kai-Uwe Holweg ganador absoluto de la Versi\u00f3n Mallorca | Regata La Ruta de la Sal","isPartOf":{"@id":"https:\/\/labs.100x100.net\/projects\/rutasal\/#website"},"primaryImageOfPage":{"@id":"https:\/\/labs.100x100.net\/projects\/rutasal\/noticias-yolo-de-kai-uwe-holweg-ganador-absoluto-de-la-version-mallorca-19-abr-2019-editar-tras-una-regata-de-un-nivel-deportivo-altisimo-yolo-de-kai-uwe-hol\/#primaryimage"},"image":{"@id":"https:\/\/labs.100x100.net\/projects\/rutasal\/noticias-yolo-de-kai-uwe-holweg-ganador-absoluto-de-la-version-mallorca-19-abr-2019-editar-tras-una-regata-de-un-nivel-deportivo-altisimo-yolo-de-kai-uwe-hol\/#primaryimage"},"thumbnailUrl":"https:\/\/labs.100x100.net\/projects\/rutasal\/custom\/uploads\/2019\/04\/WhatsApp-Image-2019-04-18-at-16.19.23.jpeg","datePublished":"2019-04-19T19:34:58+00:00","dateModified":"2019-04-24T11:15:38+00:00","author":{"@id":"https:\/\/labs.100x100.net\/projects\/rutasal\/#\/schema\/person\/24a02a346c826cf8502e7fb8edc0396c"},"breadcrumb":{"@id":"https:\/\/labs.100x100.net\/projects\/rutasal\/noticias-yolo-de-kai-uwe-holweg-ganador-absoluto-de-la-version-mallorca-19-abr-2019-editar-tras-una-regata-de-un-nivel-deportivo-altisimo-yolo-de-kai-uwe-hol\/#breadcrumb"},"inLanguage":"es","potentialAction":[{"@type":"ReadAction","target":["https:\/\/labs.100x100.net\/projects\/rutasal\/noticias-yolo-de-kai-uwe-holweg-ganador-absoluto-de-la-version-mallorca-19-abr-2019-editar-tras-una-regata-de-un-nivel-deportivo-altisimo-yolo-de-kai-uwe-hol\/"]}]},{"@type":"ImageObject","inLanguage":"es","@id":"https:\/\/labs.100x100.net\/projects\/rutasal\/noticias-yolo-de-kai-uwe-holweg-ganador-absoluto-de-la-version-mallorca-19-abr-2019-editar-tras-una-regata-de-un-nivel-deportivo-altisimo-yolo-de-kai-uwe-hol\/#primaryimage","url":"https:\/\/labs.100x100.net\/projects\/rutasal\/custom\/uploads\/2019\/04\/WhatsApp-Image-2019-04-18-at-16.19.23.jpeg","contentUrl":"https:\/\/labs.100x100.net\/projects\/rutasal\/custom\/uploads\/2019\/04\/WhatsApp-Image-2019-04-18-at-16.19.23.jpeg","width":1600,"height":777,"caption":"\u201cYolo\u201d de Kai-Uwe Holweg ganador absoluto de la Versi\u00f3n Mallorca"},{"@type":"BreadcrumbList","@id":"https:\/\/labs.100x100.net\/projects\/rutasal\/noticias-yolo-de-kai-uwe-holweg-ganador-absoluto-de-la-version-mallorca-19-abr-2019-editar-tras-una-regata-de-un-nivel-deportivo-altisimo-yolo-de-kai-uwe-hol\/#breadcrumb","itemListElement":[{"@type":"ListItem","position":1,"name":"Portada","item":"https:\/\/labs.100x100.net\/projects\/rutasal\/"},{"@type":"ListItem","position":2,"name":"\u201cYolo\u201d de Kai-Uwe Holweg ganador absoluto de la Versi\u00f3n Mallorca"}]},{"@type":"WebSite","@id":"https:\/\/labs.100x100.net\/projects\/rutasal\/#website","url":"https:\/\/labs.100x100.net\/projects\/rutasal\/","name":"Regata La Ruta de la Sal","description":"Regata La Ruta de la Sal es una regata de Altura Mediterr\u00e1nea para barcos de crucero a vela con destino en Ibiza, que se disputa anualmente en Semana Santa.","potentialAction":[{"@type":"SearchAction","target":{"@type":"EntryPoint","urlTemplate":"https:\/\/labs.100x100.net\/projects\/rutasal\/?s={search_term_string}"},"query-input":"required name=search_term_string"}],"inLanguage":"es"},{"@type":"Person","@id":"https:\/\/labs.100x100.net\/projects\/rutasal\/#\/schema\/person\/24a02a346c826cf8502e7fb8edc0396c","name":"Ferran","image":{"@type":"ImageObject","inLanguage":"es","@id":"https:\/\/labs.100x100.net\/projects\/rutasal\/#\/schema\/person\/image\/","url":"https:\/\/secure.gravatar.com\/avatar\/d1c4bb756eb5c888319d7e06d9dc1559?s=96&d=mm&r=g","contentUrl":"https:\/\/secure.gravatar.com\/avatar\/d1c4bb756eb5c888319d7e06d9dc1559?s=96&d=mm&r=g","caption":"Ferran"}}]}},"_links":{"self":[{"href":"https:\/\/labs.100x100.net\/projects\/rutasal\/wp-json\/wp\/v2\/posts\/4233"}],"collection":[{"href":"https:\/\/labs.100x100.net\/projects\/rutasal\/wp-json\/wp\/v2\/posts"}],"about":[{"href":"https:\/\/labs.100x100.net\/projects\/rutasal\/wp-json\/wp\/v2\/types\/post"}],"author":[{"embeddable":true,"href":"https:\/\/labs.100x100.net\/projects\/rutasal\/wp-json\/wp\/v2\/users\/2"}],"replies":[{"embeddable":true,"href":"https:\/\/labs.100x100.net\/projects\/rutasal\/wp-json\/wp\/v2\/comments?post=4233"}],"version-history":[{"count":6,"href":"https:\/\/labs.100x100.net\/projects\/rutasal\/wp-json\/wp\/v2\/posts\/4233\/revisions"}],"predecessor-version":[{"id":4240,"href":"https:\/\/labs.100x100.net\/projects\/rutasal\/wp-json\/wp\/v2\/posts\/4233\/revisions\/4240"}],"wp:featuredmedia":[{"embeddable":true,"href":"https:\/\/labs.100x100.net\/projects\/rutasal\/wp-json\/wp\/v2\/media\/4218"}],"wp:attachment":[{"href":"https:\/\/labs.100x100.net\/projects\/rutasal\/wp-json\/wp\/v2\/media?parent=4233"}],"wp:term":[{"taxonomy":"category","embeddable":true,"href":"https:\/\/labs.100x100.net\/projects\/rutasal\/wp-json\/wp\/v2\/categories?post=4233"},{"taxonomy":"post_tag","embeddable":true,"href":"https:\/\/labs.100x100.net\/projects\/rutasal\/wp-json\/wp\/v2\/tags?post=4233"}],"curies":[{"name":"wp","href":"https:\/\/api.w.org\/{rel}","templated":true}]}}