{"id":4229,"date":"2019-04-19T20:24:21","date_gmt":"2019-04-19T18:24:21","guid":{"rendered":"https:\/\/larutadelasal.com\/?p=4229"},"modified":"2019-04-21T21:28:46","modified_gmt":"2019-04-21T19:28:46","slug":"gymir-de-francesc-roig-y-dktegoria-de-seppo-sjoroos-ganadores-en-tiempo-real-de-las-versiones-barcelona-y-denia-de-la-32-ruta-de-la-sal","status":"publish","type":"post","link":"https:\/\/labs.100x100.net\/projects\/rutasal\/gymir-de-francesc-roig-y-dktegoria-de-seppo-sjoroos-ganadores-en-tiempo-real-de-las-versiones-barcelona-y-denia-de-la-32-ruta-de-la-sal\/","title":{"rendered":"\u00abGymir\u201d de Francesc Roig y \u201cDKtegoria\u201d de Seppo Sjoroos, ganadores, en tiempo real de las Versiones Barcelona y Denia de la 32 Ruta de La Sal."},"content":{"rendered":"<p>&nbsp;<\/p>\n<div id=\"attachment_4230\" style=\"width: 910px\" class=\"wp-caption aligncenter\"><img loading=\"lazy\" decoding=\"async\" aria-describedby=\"caption-attachment-4230\" class=\"size-full wp-image-4230\" src=\"https:\/\/larutadelasal.com\/custom\/uploads\/2019\/04\/AFB3394.jpg\" alt=\"\" width=\"900\" height=\"601\" srcset=\"https:\/\/labs.100x100.net\/projects\/rutasal\/custom\/uploads\/2019\/04\/AFB3394.jpg 900w, https:\/\/labs.100x100.net\/projects\/rutasal\/custom\/uploads\/2019\/04\/AFB3394-300x200.jpg 300w, https:\/\/labs.100x100.net\/projects\/rutasal\/custom\/uploads\/2019\/04\/AFB3394-768x513.jpg 768w\" sizes=\"(max-width: 900px) 100vw, 900px\" \/><p id=\"caption-attachment-4230\" class=\"wp-caption-text\">\u201cGymir\u201d de Francesc Roig del RCN de Barcelona, se ha proclamado ganador en Tiempo Real de la Versi\u00f3n Barcelona<\/p><\/div>\n<p>19 abril 2019 \u2013 09:00 h. El M\u00e1xi Dolphin 65 de Francesc Roig del RCN de Barcelona, \u201cGymir\u201d se ha proclamado ganador en Tiempo Real de la Versi\u00f3n Barcelona de La Sal 2019, tras cruzar la l\u00ednea de llegada ayer, d\u00eda 18 de abril, a las 23h,54m,55s, apuntando un registro de 14h,43m,55s para cubrir las 140 millas n\u00e1uticas del recorrido de esta largada.<\/p>\n<p>A las 02h,39m,12s, de la madrugada de hoy, viernes 19 de abril, cruzaba la l\u00ednea de llegada en Cab Negret, proclam\u00e1ndose vencedor en Tiempo Real de la Versi\u00f3n Denia de la regata, el DK46 \u201cDKtegoria\u201d de Seppo Sjoroos, registrando, un tiempo de 16h,39m,12s. para las 117 millas n\u00e1uticas de este recorrido.<\/p>\n<p>A la hora de editar este avance informativo, la flota de la Versi\u00f3n Mallorca ya ha terminado la competici\u00f3n, mientras que los equipos que navegan en la Versi\u00f3n Denia y Barcelona van cruzando la llegada, tras una regata r\u00e1pida, t\u00e1cticamente compleja y de gran nivel deportivo.<\/p>\n<p>Se prev\u00e9n llegadas hasta primeras horas de la tarde de hoy 19 de abril. La p\u00e1gina Web de la Ruta de La Sal ofrecer\u00e1 informaciones peri\u00f3dicas, e im\u00e1genes, sobre el desarrollo organizativo y deportivo de esta regata.<\/p>\n<div id=\"attachment_4231\" style=\"width: 910px\" class=\"wp-caption aligncenter\"><img loading=\"lazy\" decoding=\"async\" aria-describedby=\"caption-attachment-4231\" class=\"size-full wp-image-4231\" src=\"https:\/\/larutadelasal.com\/custom\/uploads\/2019\/04\/AFB3498.jpg\" alt=\"\" width=\"900\" height=\"601\" srcset=\"https:\/\/labs.100x100.net\/projects\/rutasal\/custom\/uploads\/2019\/04\/AFB3498.jpg 900w, https:\/\/labs.100x100.net\/projects\/rutasal\/custom\/uploads\/2019\/04\/AFB3498-300x200.jpg 300w, https:\/\/labs.100x100.net\/projects\/rutasal\/custom\/uploads\/2019\/04\/AFB3498-768x513.jpg 768w\" sizes=\"(max-width: 900px) 100vw, 900px\" \/><p id=\"caption-attachment-4231\" class=\"wp-caption-text\">DKtegoria\u201d de Seppo Sjoroos, ganador en tiempo real de la Versi\u00f3n Denia<\/p><\/div>\n<p>&nbsp;<\/p>\n","protected":false},"excerpt":{"rendered":"<p>&nbsp; 19 abril 2019 \u2013 09:00 h. El M\u00e1xi Dolphin 65 de Francesc Roig del RCN de Barcelona, \u201cGymir\u201d se ha proclamado ganador en Tiempo Real de la Versi\u00f3n Barcelona de La Sal 2019, tras cruzar la l\u00ednea de llegada ayer, d\u00eda 18 de abril, a las 23h,54m,55s, apuntando un registro de 14h,43m,55s para cubrir [&hellip;]<\/p>\n","protected":false},"author":2,"featured_media":4230,"comment_status":"open","ping_status":"open","sticky":false,"template":"","format":"standard","meta":{"_acf_changed":false,"footnotes":""},"categories":[3],"tags":[],"acf":[],"yoast_head":"<!-- This site is optimized with the Yoast SEO plugin v23.0 - https:\/\/yoast.com\/wordpress\/plugins\/seo\/ -->\n<title>&quot;Gymir\u201d de Francesc Roig y \u201cDKtegoria\u201d de Seppo Sjoroos, ganadores, en tiempo real de las Versiones Barcelona y Denia de la 32 Ruta de La Sal. | Regata La Ruta de la Sal<\/title>\n<meta name=\"robots\" content=\"noindex, follow, max-snippet:-1, max-image-preview:large, max-video-preview:-1\" \/>\n<meta property=\"og:locale\" content=\"es_ES\" \/>\n<meta property=\"og:type\" content=\"article\" \/>\n<meta property=\"og:title\" content=\"&quot;Gymir\u201d de Francesc Roig y \u201cDKtegoria\u201d de Seppo Sjoroos, ganadores, en tiempo real de las Versiones Barcelona y Denia de la 32 Ruta de La Sal. | Regata La Ruta de la Sal\" \/>\n<meta property=\"og:description\" content=\"&nbsp; 19 abril 2019 \u2013 09:00 h. El M\u00e1xi Dolphin 65 de Francesc Roig del RCN de Barcelona, \u201cGymir\u201d se ha proclamado ganador en Tiempo Real de la Versi\u00f3n Barcelona de La Sal 2019, tras cruzar la l\u00ednea de llegada ayer, d\u00eda 18 de abril, a las 23h,54m,55s, apuntando un registro de 14h,43m,55s para cubrir [&hellip;]\" \/>\n<meta property=\"og:url\" content=\"https:\/\/labs.100x100.net\/projects\/rutasal\/gymir-de-francesc-roig-y-dktegoria-de-seppo-sjoroos-ganadores-en-tiempo-real-de-las-versiones-barcelona-y-denia-de-la-32-ruta-de-la-sal\/\" \/>\n<meta property=\"og:site_name\" content=\"Regata La Ruta de la Sal\" \/>\n<meta property=\"article:publisher\" content=\"https:\/\/www.facebook.com\/rutadelasal\/\" \/>\n<meta property=\"article:published_time\" content=\"2019-04-19T18:24:21+00:00\" \/>\n<meta property=\"article:modified_time\" content=\"2019-04-21T19:28:46+00:00\" \/>\n<meta property=\"og:image\" content=\"https:\/\/labs.100x100.net\/projects\/rutasal\/custom\/uploads\/2019\/04\/AFB3394.jpg\" \/>\n\t<meta property=\"og:image:width\" content=\"900\" \/>\n\t<meta property=\"og:image:height\" content=\"601\" \/>\n\t<meta property=\"og:image:type\" content=\"image\/jpeg\" \/>\n<meta name=\"author\" content=\"Ferran\" \/>\n<meta name=\"twitter:card\" content=\"summary_large_image\" \/>\n<meta name=\"twitter:creator\" content=\"@AnamMedi\" \/>\n<meta name=\"twitter:site\" content=\"@AnamMedi\" \/>\n<meta name=\"twitter:label1\" content=\"Escrito por\" \/>\n\t<meta name=\"twitter:data1\" content=\"Ferran\" \/>\n\t<meta name=\"twitter:label2\" content=\"Tiempo de lectura\" \/>\n\t<meta name=\"twitter:data2\" content=\"1 minuto\" \/>\n<script type=\"application\/ld+json\" class=\"yoast-schema-graph\">{\"@context\":\"https:\/\/schema.org\",\"@graph\":[{\"@type\":\"WebPage\",\"@id\":\"https:\/\/labs.100x100.net\/projects\/rutasal\/gymir-de-francesc-roig-y-dktegoria-de-seppo-sjoroos-ganadores-en-tiempo-real-de-las-versiones-barcelona-y-denia-de-la-32-ruta-de-la-sal\/\",\"url\":\"https:\/\/labs.100x100.net\/projects\/rutasal\/gymir-de-francesc-roig-y-dktegoria-de-seppo-sjoroos-ganadores-en-tiempo-real-de-las-versiones-barcelona-y-denia-de-la-32-ruta-de-la-sal\/\",\"name\":\"\\\"Gymir\u201d de Francesc Roig y \u201cDKtegoria\u201d de Seppo Sjoroos, ganadores, en tiempo real de las Versiones Barcelona y Denia de la 32 Ruta de La Sal. | Regata La Ruta de la Sal\",\"isPartOf\":{\"@id\":\"https:\/\/labs.100x100.net\/projects\/rutasal\/#website\"},\"primaryImageOfPage\":{\"@id\":\"https:\/\/labs.100x100.net\/projects\/rutasal\/gymir-de-francesc-roig-y-dktegoria-de-seppo-sjoroos-ganadores-en-tiempo-real-de-las-versiones-barcelona-y-denia-de-la-32-ruta-de-la-sal\/#primaryimage\"},\"image\":{\"@id\":\"https:\/\/labs.100x100.net\/projects\/rutasal\/gymir-de-francesc-roig-y-dktegoria-de-seppo-sjoroos-ganadores-en-tiempo-real-de-las-versiones-barcelona-y-denia-de-la-32-ruta-de-la-sal\/#primaryimage\"},\"thumbnailUrl\":\"https:\/\/labs.100x100.net\/projects\/rutasal\/custom\/uploads\/2019\/04\/AFB3394.jpg\",\"datePublished\":\"2019-04-19T18:24:21+00:00\",\"dateModified\":\"2019-04-21T19:28:46+00:00\",\"author\":{\"@id\":\"https:\/\/labs.100x100.net\/projects\/rutasal\/#\/schema\/person\/24a02a346c826cf8502e7fb8edc0396c\"},\"breadcrumb\":{\"@id\":\"https:\/\/labs.100x100.net\/projects\/rutasal\/gymir-de-francesc-roig-y-dktegoria-de-seppo-sjoroos-ganadores-en-tiempo-real-de-las-versiones-barcelona-y-denia-de-la-32-ruta-de-la-sal\/#breadcrumb\"},\"inLanguage\":\"es\",\"potentialAction\":[{\"@type\":\"ReadAction\",\"target\":[\"https:\/\/labs.100x100.net\/projects\/rutasal\/gymir-de-francesc-roig-y-dktegoria-de-seppo-sjoroos-ganadores-en-tiempo-real-de-las-versiones-barcelona-y-denia-de-la-32-ruta-de-la-sal\/\"]}]},{\"@type\":\"ImageObject\",\"inLanguage\":\"es\",\"@id\":\"https:\/\/labs.100x100.net\/projects\/rutasal\/gymir-de-francesc-roig-y-dktegoria-de-seppo-sjoroos-ganadores-en-tiempo-real-de-las-versiones-barcelona-y-denia-de-la-32-ruta-de-la-sal\/#primaryimage\",\"url\":\"https:\/\/labs.100x100.net\/projects\/rutasal\/custom\/uploads\/2019\/04\/AFB3394.jpg\",\"contentUrl\":\"https:\/\/labs.100x100.net\/projects\/rutasal\/custom\/uploads\/2019\/04\/AFB3394.jpg\",\"width\":900,\"height\":601,\"caption\":\"\u201cGymir\u201d de Francesc Roig del RCN de Barcelona, se ha proclamado ganador en Tiempo Real de la Versi\u00f3n Barcelona\"},{\"@type\":\"BreadcrumbList\",\"@id\":\"https:\/\/labs.100x100.net\/projects\/rutasal\/gymir-de-francesc-roig-y-dktegoria-de-seppo-sjoroos-ganadores-en-tiempo-real-de-las-versiones-barcelona-y-denia-de-la-32-ruta-de-la-sal\/#breadcrumb\",\"itemListElement\":[{\"@type\":\"ListItem\",\"position\":1,\"name\":\"Portada\",\"item\":\"https:\/\/labs.100x100.net\/projects\/rutasal\/\"},{\"@type\":\"ListItem\",\"position\":2,\"name\":\"\u00abGymir\u201d de Francesc Roig y \u201cDKtegoria\u201d de Seppo Sjoroos, ganadores, en tiempo real de las Versiones Barcelona y Denia de la 32 Ruta de La Sal.\"}]},{\"@type\":\"WebSite\",\"@id\":\"https:\/\/labs.100x100.net\/projects\/rutasal\/#website\",\"url\":\"https:\/\/labs.100x100.net\/projects\/rutasal\/\",\"name\":\"Regata La Ruta de la Sal\",\"description\":\"Regata La Ruta de la Sal es una regata de Altura Mediterr\u00e1nea para barcos de crucero a vela con destino en Ibiza, que se disputa anualmente en Semana Santa.\",\"potentialAction\":[{\"@type\":\"SearchAction\",\"target\":{\"@type\":\"EntryPoint\",\"urlTemplate\":\"https:\/\/labs.100x100.net\/projects\/rutasal\/?s={search_term_string}\"},\"query-input\":\"required name=search_term_string\"}],\"inLanguage\":\"es\"},{\"@type\":\"Person\",\"@id\":\"https:\/\/labs.100x100.net\/projects\/rutasal\/#\/schema\/person\/24a02a346c826cf8502e7fb8edc0396c\",\"name\":\"Ferran\",\"image\":{\"@type\":\"ImageObject\",\"inLanguage\":\"es\",\"@id\":\"https:\/\/labs.100x100.net\/projects\/rutasal\/#\/schema\/person\/image\/\",\"url\":\"https:\/\/secure.gravatar.com\/avatar\/d1c4bb756eb5c888319d7e06d9dc1559?s=96&d=mm&r=g\",\"contentUrl\":\"https:\/\/secure.gravatar.com\/avatar\/d1c4bb756eb5c888319d7e06d9dc1559?s=96&d=mm&r=g\",\"caption\":\"Ferran\"}}]}<\/script>\n<!-- \/ Yoast SEO plugin. -->","yoast_head_json":{"title":"\"Gymir\u201d de Francesc Roig y \u201cDKtegoria\u201d de Seppo Sjoroos, ganadores, en tiempo real de las Versiones Barcelona y Denia de la 32 Ruta de La Sal. | Regata La Ruta de la Sal","robots":{"index":"noindex","follow":"follow","max-snippet":"max-snippet:-1","max-image-preview":"max-image-preview:large","max-video-preview":"max-video-preview:-1"},"og_locale":"es_ES","og_type":"article","og_title":"\"Gymir\u201d de Francesc Roig y \u201cDKtegoria\u201d de Seppo Sjoroos, ganadores, en tiempo real de las Versiones Barcelona y Denia de la 32 Ruta de La Sal. | Regata La Ruta de la Sal","og_description":"&nbsp; 19 abril 2019 \u2013 09:00 h. El M\u00e1xi Dolphin 65 de Francesc Roig del RCN de Barcelona, \u201cGymir\u201d se ha proclamado ganador en Tiempo Real de la Versi\u00f3n Barcelona de La Sal 2019, tras cruzar la l\u00ednea de llegada ayer, d\u00eda 18 de abril, a las 23h,54m,55s, apuntando un registro de 14h,43m,55s para cubrir [&hellip;]","og_url":"https:\/\/labs.100x100.net\/projects\/rutasal\/gymir-de-francesc-roig-y-dktegoria-de-seppo-sjoroos-ganadores-en-tiempo-real-de-las-versiones-barcelona-y-denia-de-la-32-ruta-de-la-sal\/","og_site_name":"Regata La Ruta de la Sal","article_publisher":"https:\/\/www.facebook.com\/rutadelasal\/","article_published_time":"2019-04-19T18:24:21+00:00","article_modified_time":"2019-04-21T19:28:46+00:00","og_image":[{"width":900,"height":601,"url":"https:\/\/labs.100x100.net\/projects\/rutasal\/custom\/uploads\/2019\/04\/AFB3394.jpg","type":"image\/jpeg"}],"author":"Ferran","twitter_card":"summary_large_image","twitter_creator":"@AnamMedi","twitter_site":"@AnamMedi","twitter_misc":{"Escrito por":"Ferran","Tiempo de lectura":"1 minuto"},"schema":{"@context":"https:\/\/schema.org","@graph":[{"@type":"WebPage","@id":"https:\/\/labs.100x100.net\/projects\/rutasal\/gymir-de-francesc-roig-y-dktegoria-de-seppo-sjoroos-ganadores-en-tiempo-real-de-las-versiones-barcelona-y-denia-de-la-32-ruta-de-la-sal\/","url":"https:\/\/labs.100x100.net\/projects\/rutasal\/gymir-de-francesc-roig-y-dktegoria-de-seppo-sjoroos-ganadores-en-tiempo-real-de-las-versiones-barcelona-y-denia-de-la-32-ruta-de-la-sal\/","name":"\"Gymir\u201d de Francesc Roig y \u201cDKtegoria\u201d de Seppo Sjoroos, ganadores, en tiempo real de las Versiones Barcelona y Denia de la 32 Ruta de La Sal. | Regata La Ruta de la Sal","isPartOf":{"@id":"https:\/\/labs.100x100.net\/projects\/rutasal\/#website"},"primaryImageOfPage":{"@id":"https:\/\/labs.100x100.net\/projects\/rutasal\/gymir-de-francesc-roig-y-dktegoria-de-seppo-sjoroos-ganadores-en-tiempo-real-de-las-versiones-barcelona-y-denia-de-la-32-ruta-de-la-sal\/#primaryimage"},"image":{"@id":"https:\/\/labs.100x100.net\/projects\/rutasal\/gymir-de-francesc-roig-y-dktegoria-de-seppo-sjoroos-ganadores-en-tiempo-real-de-las-versiones-barcelona-y-denia-de-la-32-ruta-de-la-sal\/#primaryimage"},"thumbnailUrl":"https:\/\/labs.100x100.net\/projects\/rutasal\/custom\/uploads\/2019\/04\/AFB3394.jpg","datePublished":"2019-04-19T18:24:21+00:00","dateModified":"2019-04-21T19:28:46+00:00","author":{"@id":"https:\/\/labs.100x100.net\/projects\/rutasal\/#\/schema\/person\/24a02a346c826cf8502e7fb8edc0396c"},"breadcrumb":{"@id":"https:\/\/labs.100x100.net\/projects\/rutasal\/gymir-de-francesc-roig-y-dktegoria-de-seppo-sjoroos-ganadores-en-tiempo-real-de-las-versiones-barcelona-y-denia-de-la-32-ruta-de-la-sal\/#breadcrumb"},"inLanguage":"es","potentialAction":[{"@type":"ReadAction","target":["https:\/\/labs.100x100.net\/projects\/rutasal\/gymir-de-francesc-roig-y-dktegoria-de-seppo-sjoroos-ganadores-en-tiempo-real-de-las-versiones-barcelona-y-denia-de-la-32-ruta-de-la-sal\/"]}]},{"@type":"ImageObject","inLanguage":"es","@id":"https:\/\/labs.100x100.net\/projects\/rutasal\/gymir-de-francesc-roig-y-dktegoria-de-seppo-sjoroos-ganadores-en-tiempo-real-de-las-versiones-barcelona-y-denia-de-la-32-ruta-de-la-sal\/#primaryimage","url":"https:\/\/labs.100x100.net\/projects\/rutasal\/custom\/uploads\/2019\/04\/AFB3394.jpg","contentUrl":"https:\/\/labs.100x100.net\/projects\/rutasal\/custom\/uploads\/2019\/04\/AFB3394.jpg","width":900,"height":601,"caption":"\u201cGymir\u201d de Francesc Roig del RCN de Barcelona, se ha proclamado ganador en Tiempo Real de la Versi\u00f3n Barcelona"},{"@type":"BreadcrumbList","@id":"https:\/\/labs.100x100.net\/projects\/rutasal\/gymir-de-francesc-roig-y-dktegoria-de-seppo-sjoroos-ganadores-en-tiempo-real-de-las-versiones-barcelona-y-denia-de-la-32-ruta-de-la-sal\/#breadcrumb","itemListElement":[{"@type":"ListItem","position":1,"name":"Portada","item":"https:\/\/labs.100x100.net\/projects\/rutasal\/"},{"@type":"ListItem","position":2,"name":"\u00abGymir\u201d de Francesc Roig y \u201cDKtegoria\u201d de Seppo Sjoroos, ganadores, en tiempo real de las Versiones Barcelona y Denia de la 32 Ruta de La Sal."}]},{"@type":"WebSite","@id":"https:\/\/labs.100x100.net\/projects\/rutasal\/#website","url":"https:\/\/labs.100x100.net\/projects\/rutasal\/","name":"Regata La Ruta de la Sal","description":"Regata La Ruta de la Sal es una regata de Altura Mediterr\u00e1nea para barcos de crucero a vela con destino en Ibiza, que se disputa anualmente en Semana Santa.","potentialAction":[{"@type":"SearchAction","target":{"@type":"EntryPoint","urlTemplate":"https:\/\/labs.100x100.net\/projects\/rutasal\/?s={search_term_string}"},"query-input":"required name=search_term_string"}],"inLanguage":"es"},{"@type":"Person","@id":"https:\/\/labs.100x100.net\/projects\/rutasal\/#\/schema\/person\/24a02a346c826cf8502e7fb8edc0396c","name":"Ferran","image":{"@type":"ImageObject","inLanguage":"es","@id":"https:\/\/labs.100x100.net\/projects\/rutasal\/#\/schema\/person\/image\/","url":"https:\/\/secure.gravatar.com\/avatar\/d1c4bb756eb5c888319d7e06d9dc1559?s=96&d=mm&r=g","contentUrl":"https:\/\/secure.gravatar.com\/avatar\/d1c4bb756eb5c888319d7e06d9dc1559?s=96&d=mm&r=g","caption":"Ferran"}}]}},"_links":{"self":[{"href":"https:\/\/labs.100x100.net\/projects\/rutasal\/wp-json\/wp\/v2\/posts\/4229"}],"collection":[{"href":"https:\/\/labs.100x100.net\/projects\/rutasal\/wp-json\/wp\/v2\/posts"}],"about":[{"href":"https:\/\/labs.100x100.net\/projects\/rutasal\/wp-json\/wp\/v2\/types\/post"}],"author":[{"embeddable":true,"href":"https:\/\/labs.100x100.net\/projects\/rutasal\/wp-json\/wp\/v2\/users\/2"}],"replies":[{"embeddable":true,"href":"https:\/\/labs.100x100.net\/projects\/rutasal\/wp-json\/wp\/v2\/comments?post=4229"}],"version-history":[{"count":1,"href":"https:\/\/labs.100x100.net\/projects\/rutasal\/wp-json\/wp\/v2\/posts\/4229\/revisions"}],"predecessor-version":[{"id":4232,"href":"https:\/\/labs.100x100.net\/projects\/rutasal\/wp-json\/wp\/v2\/posts\/4229\/revisions\/4232"}],"wp:featuredmedia":[{"embeddable":true,"href":"https:\/\/labs.100x100.net\/projects\/rutasal\/wp-json\/wp\/v2\/media\/4230"}],"wp:attachment":[{"href":"https:\/\/labs.100x100.net\/projects\/rutasal\/wp-json\/wp\/v2\/media?parent=4229"}],"wp:term":[{"taxonomy":"category","embeddable":true,"href":"https:\/\/labs.100x100.net\/projects\/rutasal\/wp-json\/wp\/v2\/categories?post=4229"},{"taxonomy":"post_tag","embeddable":true,"href":"https:\/\/labs.100x100.net\/projects\/rutasal\/wp-json\/wp\/v2\/tags?post=4229"}],"curies":[{"name":"wp","href":"https:\/\/api.w.org\/{rel}","templated":true}]}}