{"id":4220,"date":"2019-04-18T20:20:50","date_gmt":"2019-04-18T18:20:50","guid":{"rendered":"https:\/\/larutadelasal.com\/?p=4220"},"modified":"2019-04-21T20:21:28","modified_gmt":"2019-04-21T18:21:28","slug":"el-velero-aleman-auliana-2%e2%80%b3-de-christian-potthoff-sewing-ganador-en-tiempo-real-de-la-version-mallorca-de-la-ruta-de-la-sal","status":"publish","type":"post","link":"https:\/\/labs.100x100.net\/projects\/rutasal\/el-velero-aleman-auliana-2%e2%80%b3-de-christian-potthoff-sewing-ganador-en-tiempo-real-de-la-version-mallorca-de-la-ruta-de-la-sal\/","title":{"rendered":"El velero alem\u00e1n \u201cAuliana 2\u2033 de Christian Potthoff-Sewing, ganador en Tiempo Real de la Versi\u00f3n Mallorca de La Ruta de La sal"},"content":{"rendered":"<div id=\"lateral\"><\/div>\n<div id=\"contenidoPagina\">\n<div id=\"post-3430\" class=\"post-3430 post type-post status-publish format-standard hentry category-noticias\">\n<div class=\"postMeta\"><\/div>\n<div class=\"storycontent\">\n<div class=\"wp-caption aligncenter\">\n<p>&nbsp;<\/p>\n<div id=\"attachment_4223\" style=\"width: 1034px\" class=\"wp-caption aligncenter\"><img loading=\"lazy\" decoding=\"async\" aria-describedby=\"caption-attachment-4223\" class=\"wp-image-4223 size-large\" src=\"https:\/\/larutadelasal.com\/custom\/uploads\/2019\/04\/WhatsApp-Image-2019-04-18-at-17.40.37-1-1024x768.jpeg\" alt=\"\" width=\"1024\" height=\"768\" srcset=\"https:\/\/labs.100x100.net\/projects\/rutasal\/custom\/uploads\/2019\/04\/WhatsApp-Image-2019-04-18-at-17.40.37-1-1024x768.jpeg 1024w, https:\/\/labs.100x100.net\/projects\/rutasal\/custom\/uploads\/2019\/04\/WhatsApp-Image-2019-04-18-at-17.40.37-1-300x225.jpeg 300w, https:\/\/labs.100x100.net\/projects\/rutasal\/custom\/uploads\/2019\/04\/WhatsApp-Image-2019-04-18-at-17.40.37-1-768x576.jpeg 768w, https:\/\/labs.100x100.net\/projects\/rutasal\/custom\/uploads\/2019\/04\/WhatsApp-Image-2019-04-18-at-17.40.37-1.jpeg 1599w\" sizes=\"(max-width: 1024px) 100vw, 1024px\" \/><p id=\"caption-attachment-4223\" class=\"wp-caption-text\">\u201cAuliana 2\u2033 de Christian Potthoff-Sewing, ganador en Tiempo Real de la Versi\u00f3n Mallorca<\/p><\/div>\n<\/div>\n<p>&nbsp;<\/p>\n<p>18 abril 2019 \u2013 19:30 h.\u00a0Hoy a las 16h,11m,52s ha cruzado la l\u00ednea de llegada en Sant Antoni de Portmany el v<strong>elero alem\u00e1n \u201cAuliana 2\u2033,<\/strong>\u00a0un Knierim JV 53 de Christian Potthoff-Sewing del RCN de Palma, que con un registro de 6h,11m,52s se ha proclamado ganador en tiempo real de la Versi\u00f3n Mallorca de la 32 edici\u00f3n de La Ruta de La Sal.<\/p>\n<div class=\"wp-caption aligncenter\">\n<p>&nbsp;<\/p>\n<div id=\"attachment_4222\" style=\"width: 1034px\" class=\"wp-caption aligncenter\"><img loading=\"lazy\" decoding=\"async\" aria-describedby=\"caption-attachment-4222\" class=\"wp-image-4222 size-large\" src=\"https:\/\/larutadelasal.com\/custom\/uploads\/2019\/04\/WhatsApp-Image-2019-04-18-at-17.40.38-1024x768.jpeg\" alt=\"\" width=\"1024\" height=\"768\" srcset=\"https:\/\/labs.100x100.net\/projects\/rutasal\/custom\/uploads\/2019\/04\/WhatsApp-Image-2019-04-18-at-17.40.38-1024x768.jpeg 1024w, https:\/\/labs.100x100.net\/projects\/rutasal\/custom\/uploads\/2019\/04\/WhatsApp-Image-2019-04-18-at-17.40.38-300x225.jpeg 300w, https:\/\/labs.100x100.net\/projects\/rutasal\/custom\/uploads\/2019\/04\/WhatsApp-Image-2019-04-18-at-17.40.38-768x576.jpeg 768w, https:\/\/labs.100x100.net\/projects\/rutasal\/custom\/uploads\/2019\/04\/WhatsApp-Image-2019-04-18-at-17.40.38.jpeg 1599w\" sizes=\"(max-width: 1024px) 100vw, 1024px\" \/><p id=\"caption-attachment-4222\" class=\"wp-caption-text\">\u201cTokaoma 3\u2033 de Pierre Chartier<\/p><\/div>\n<\/div>\n<p>&nbsp;<\/p>\n<p>La segunda plaza, en esta misma versi\u00f3n, refiri\u00e9ndonos al tiempo real, ha sido para el velero franc\u00e9s\u00a0<strong>\u201cTokaoma 3\u2033 de Pierre Chartier<\/strong>\u00a0que entr\u00f3 en la llegada en Cabo Negret a las 16h,15m,50s, apuntando un tiempo entre Puerto de Andraxt y Sant Antoni, de 6h,15m,50s y cerrando el p\u00f3dium, en tercer lugar,\u00a0<strong>el Swan 56 de Jaime Olazabal \u201cClem I \u2013 GI EL ENCINAR\u201d<\/strong>\u00a0que lleg\u00f3 a las 16h,21m,20s registrando un tiempo para las 60 millas de la salida en Mallorca de 6h,21m,20s. Unos tiempos muy r\u00e1pidos y unas llegadas muy cerradas que indican el gran nivel deportivo de estos equipos.<\/p>\n<div class=\"wp-caption aligncenter\">\n<p>&nbsp;<\/p>\n<div id=\"attachment_4221\" style=\"width: 1034px\" class=\"wp-caption aligncenter\"><img loading=\"lazy\" decoding=\"async\" aria-describedby=\"caption-attachment-4221\" class=\"wp-image-4221 size-large\" src=\"https:\/\/larutadelasal.com\/custom\/uploads\/2019\/04\/WhatsApp-Image-2019-04-18-at-17.40.38-2-1024x768.jpeg\" alt=\"\" width=\"1024\" height=\"768\" srcset=\"https:\/\/labs.100x100.net\/projects\/rutasal\/custom\/uploads\/2019\/04\/WhatsApp-Image-2019-04-18-at-17.40.38-2-1024x768.jpeg 1024w, https:\/\/labs.100x100.net\/projects\/rutasal\/custom\/uploads\/2019\/04\/WhatsApp-Image-2019-04-18-at-17.40.38-2-300x225.jpeg 300w, https:\/\/labs.100x100.net\/projects\/rutasal\/custom\/uploads\/2019\/04\/WhatsApp-Image-2019-04-18-at-17.40.38-2-768x576.jpeg 768w, https:\/\/labs.100x100.net\/projects\/rutasal\/custom\/uploads\/2019\/04\/WhatsApp-Image-2019-04-18-at-17.40.38-2.jpeg 1599w\" sizes=\"(max-width: 1024px) 100vw, 1024px\" \/><p id=\"caption-attachment-4221\" class=\"wp-caption-text\">el Swan 56 de Jaime Olazabal \u201cClem I \u2013 GI EL ENCINAR\u201d<\/p><\/div>\n<\/div>\n<p>&nbsp;<\/p>\n<p>La flota de la Versi\u00f3n Mallorca parti\u00f3 desde Puerto de Andraxt hoy a las 10:00 h, con el objetivo de competir sobre un recorrido a rumbo directo hasta San Antoni de Portmany en Ibiza, en el que est\u00e1n predominando vientos intentos del NE\/E lo que est\u00e1 permitiendo que la regata sea t\u00e1cticamente compleja y muy r\u00e1pida.<\/p>\n<p><img loading=\"lazy\" decoding=\"async\" class=\"aligncenter size-full wp-image-4218\" src=\"https:\/\/larutadelasal.com\/custom\/uploads\/2019\/04\/WhatsApp-Image-2019-04-18-at-16.19.23.jpeg\" alt=\"\" width=\"1600\" height=\"777\" srcset=\"https:\/\/labs.100x100.net\/projects\/rutasal\/custom\/uploads\/2019\/04\/WhatsApp-Image-2019-04-18-at-16.19.23.jpeg 1600w, https:\/\/labs.100x100.net\/projects\/rutasal\/custom\/uploads\/2019\/04\/WhatsApp-Image-2019-04-18-at-16.19.23-300x146.jpeg 300w, https:\/\/labs.100x100.net\/projects\/rutasal\/custom\/uploads\/2019\/04\/WhatsApp-Image-2019-04-18-at-16.19.23-768x373.jpeg 768w, https:\/\/labs.100x100.net\/projects\/rutasal\/custom\/uploads\/2019\/04\/WhatsApp-Image-2019-04-18-at-16.19.23-1024x497.jpeg 1024w\" sizes=\"(max-width: 1600px) 100vw, 1600px\" \/><\/p>\n<p>&nbsp;<\/p>\n<p>A la hora de editar este avance informativo, la mayor parte de la flota de la Versi\u00f3n Mallorca ya ha terminado la competici\u00f3n, mientras que los equipos que navegan en la Versi\u00f3n Denia y Barcelona a\u00fan est\u00e1n a muchas millas de la llegada, aunque navegando a gran velocidad. Se prev\u00e9n llegadas para \u00faltimas horas de esta noche y la madrugada del viernes 19 de abril.<\/p>\n<\/div>\n<\/div>\n<\/div>\n","protected":false},"excerpt":{"rendered":"<p>&nbsp; &nbsp; 18 abril 2019 \u2013 19:30 h.\u00a0Hoy a las 16h,11m,52s ha cruzado la l\u00ednea de llegada en Sant Antoni de Portmany el velero alem\u00e1n \u201cAuliana 2\u2033,\u00a0un Knierim JV 53 de Christian Potthoff-Sewing del RCN de Palma, que con un registro de 6h,11m,52s se ha proclamado ganador en tiempo real de la Versi\u00f3n Mallorca de [&hellip;]<\/p>\n","protected":false},"author":2,"featured_media":4223,"comment_status":"open","ping_status":"open","sticky":false,"template":"","format":"standard","meta":{"_acf_changed":false,"footnotes":""},"categories":[3],"tags":[],"acf":[],"yoast_head":"<!-- This site is optimized with the Yoast SEO plugin v23.0 - https:\/\/yoast.com\/wordpress\/plugins\/seo\/ -->\n<title>El velero alem\u00e1n \u201cAuliana 2\u2033 de Christian Potthoff-Sewing, ganador en Tiempo Real de la Versi\u00f3n Mallorca de La Ruta de La sal | Regata La Ruta de la Sal<\/title>\n<meta name=\"robots\" content=\"noindex, follow, max-snippet:-1, max-image-preview:large, max-video-preview:-1\" \/>\n<meta property=\"og:locale\" content=\"es_ES\" \/>\n<meta property=\"og:type\" content=\"article\" \/>\n<meta property=\"og:title\" content=\"El velero alem\u00e1n \u201cAuliana 2\u2033 de Christian Potthoff-Sewing, ganador en Tiempo Real de la Versi\u00f3n Mallorca de La Ruta de La sal | Regata La Ruta de la Sal\" \/>\n<meta property=\"og:description\" content=\"&nbsp; &nbsp; 18 abril 2019 \u2013 19:30 h.\u00a0Hoy a las 16h,11m,52s ha cruzado la l\u00ednea de llegada en Sant Antoni de Portmany el velero alem\u00e1n \u201cAuliana 2\u2033,\u00a0un Knierim JV 53 de Christian Potthoff-Sewing del RCN de Palma, que con un registro de 6h,11m,52s se ha proclamado ganador en tiempo real de la Versi\u00f3n Mallorca de [&hellip;]\" \/>\n<meta property=\"og:url\" content=\"https:\/\/labs.100x100.net\/projects\/rutasal\/el-velero-aleman-auliana-2\u2033-de-christian-potthoff-sewing-ganador-en-tiempo-real-de-la-version-mallorca-de-la-ruta-de-la-sal\/\" \/>\n<meta property=\"og:site_name\" content=\"Regata La Ruta de la Sal\" \/>\n<meta property=\"article:publisher\" content=\"https:\/\/www.facebook.com\/rutadelasal\/\" \/>\n<meta property=\"article:published_time\" content=\"2019-04-18T18:20:50+00:00\" \/>\n<meta property=\"article:modified_time\" content=\"2019-04-21T18:21:28+00:00\" \/>\n<meta property=\"og:image\" content=\"https:\/\/labs.100x100.net\/projects\/rutasal\/custom\/uploads\/2019\/04\/WhatsApp-Image-2019-04-18-at-17.40.37-1.jpeg\" \/>\n\t<meta property=\"og:image:width\" content=\"1599\" \/>\n\t<meta property=\"og:image:height\" content=\"1200\" \/>\n\t<meta property=\"og:image:type\" content=\"image\/jpeg\" \/>\n<meta name=\"author\" content=\"Ferran\" \/>\n<meta name=\"twitter:card\" content=\"summary_large_image\" \/>\n<meta name=\"twitter:creator\" content=\"@AnamMedi\" \/>\n<meta name=\"twitter:site\" content=\"@AnamMedi\" \/>\n<meta name=\"twitter:label1\" content=\"Escrito por\" \/>\n\t<meta name=\"twitter:data1\" content=\"Ferran\" \/>\n\t<meta name=\"twitter:label2\" content=\"Tiempo de lectura\" \/>\n\t<meta name=\"twitter:data2\" content=\"2 minutos\" \/>\n<script type=\"application\/ld+json\" class=\"yoast-schema-graph\">{\"@context\":\"https:\/\/schema.org\",\"@graph\":[{\"@type\":\"WebPage\",\"@id\":\"https:\/\/labs.100x100.net\/projects\/rutasal\/el-velero-aleman-auliana-2%e2%80%b3-de-christian-potthoff-sewing-ganador-en-tiempo-real-de-la-version-mallorca-de-la-ruta-de-la-sal\/\",\"url\":\"https:\/\/labs.100x100.net\/projects\/rutasal\/el-velero-aleman-auliana-2%e2%80%b3-de-christian-potthoff-sewing-ganador-en-tiempo-real-de-la-version-mallorca-de-la-ruta-de-la-sal\/\",\"name\":\"El velero alem\u00e1n \u201cAuliana 2\u2033 de Christian Potthoff-Sewing, ganador en Tiempo Real de la Versi\u00f3n Mallorca de La Ruta de La sal | Regata La Ruta de la Sal\",\"isPartOf\":{\"@id\":\"https:\/\/labs.100x100.net\/projects\/rutasal\/#website\"},\"primaryImageOfPage\":{\"@id\":\"https:\/\/labs.100x100.net\/projects\/rutasal\/el-velero-aleman-auliana-2%e2%80%b3-de-christian-potthoff-sewing-ganador-en-tiempo-real-de-la-version-mallorca-de-la-ruta-de-la-sal\/#primaryimage\"},\"image\":{\"@id\":\"https:\/\/labs.100x100.net\/projects\/rutasal\/el-velero-aleman-auliana-2%e2%80%b3-de-christian-potthoff-sewing-ganador-en-tiempo-real-de-la-version-mallorca-de-la-ruta-de-la-sal\/#primaryimage\"},\"thumbnailUrl\":\"https:\/\/labs.100x100.net\/projects\/rutasal\/custom\/uploads\/2019\/04\/WhatsApp-Image-2019-04-18-at-17.40.37-1.jpeg\",\"datePublished\":\"2019-04-18T18:20:50+00:00\",\"dateModified\":\"2019-04-21T18:21:28+00:00\",\"author\":{\"@id\":\"https:\/\/labs.100x100.net\/projects\/rutasal\/#\/schema\/person\/24a02a346c826cf8502e7fb8edc0396c\"},\"breadcrumb\":{\"@id\":\"https:\/\/labs.100x100.net\/projects\/rutasal\/el-velero-aleman-auliana-2%e2%80%b3-de-christian-potthoff-sewing-ganador-en-tiempo-real-de-la-version-mallorca-de-la-ruta-de-la-sal\/#breadcrumb\"},\"inLanguage\":\"es\",\"potentialAction\":[{\"@type\":\"ReadAction\",\"target\":[\"https:\/\/labs.100x100.net\/projects\/rutasal\/el-velero-aleman-auliana-2%e2%80%b3-de-christian-potthoff-sewing-ganador-en-tiempo-real-de-la-version-mallorca-de-la-ruta-de-la-sal\/\"]}]},{\"@type\":\"ImageObject\",\"inLanguage\":\"es\",\"@id\":\"https:\/\/labs.100x100.net\/projects\/rutasal\/el-velero-aleman-auliana-2%e2%80%b3-de-christian-potthoff-sewing-ganador-en-tiempo-real-de-la-version-mallorca-de-la-ruta-de-la-sal\/#primaryimage\",\"url\":\"https:\/\/labs.100x100.net\/projects\/rutasal\/custom\/uploads\/2019\/04\/WhatsApp-Image-2019-04-18-at-17.40.37-1.jpeg\",\"contentUrl\":\"https:\/\/labs.100x100.net\/projects\/rutasal\/custom\/uploads\/2019\/04\/WhatsApp-Image-2019-04-18-at-17.40.37-1.jpeg\",\"width\":1599,\"height\":1200},{\"@type\":\"BreadcrumbList\",\"@id\":\"https:\/\/labs.100x100.net\/projects\/rutasal\/el-velero-aleman-auliana-2%e2%80%b3-de-christian-potthoff-sewing-ganador-en-tiempo-real-de-la-version-mallorca-de-la-ruta-de-la-sal\/#breadcrumb\",\"itemListElement\":[{\"@type\":\"ListItem\",\"position\":1,\"name\":\"Portada\",\"item\":\"https:\/\/labs.100x100.net\/projects\/rutasal\/\"},{\"@type\":\"ListItem\",\"position\":2,\"name\":\"El velero alem\u00e1n \u201cAuliana 2\u2033 de Christian Potthoff-Sewing, ganador en Tiempo Real de la Versi\u00f3n Mallorca de La Ruta de La sal\"}]},{\"@type\":\"WebSite\",\"@id\":\"https:\/\/labs.100x100.net\/projects\/rutasal\/#website\",\"url\":\"https:\/\/labs.100x100.net\/projects\/rutasal\/\",\"name\":\"Regata La Ruta de la Sal\",\"description\":\"Regata La Ruta de la Sal es una regata de Altura Mediterr\u00e1nea para barcos de crucero a vela con destino en Ibiza, que se disputa anualmente en Semana Santa.\",\"potentialAction\":[{\"@type\":\"SearchAction\",\"target\":{\"@type\":\"EntryPoint\",\"urlTemplate\":\"https:\/\/labs.100x100.net\/projects\/rutasal\/?s={search_term_string}\"},\"query-input\":\"required name=search_term_string\"}],\"inLanguage\":\"es\"},{\"@type\":\"Person\",\"@id\":\"https:\/\/labs.100x100.net\/projects\/rutasal\/#\/schema\/person\/24a02a346c826cf8502e7fb8edc0396c\",\"name\":\"Ferran\",\"image\":{\"@type\":\"ImageObject\",\"inLanguage\":\"es\",\"@id\":\"https:\/\/labs.100x100.net\/projects\/rutasal\/#\/schema\/person\/image\/\",\"url\":\"https:\/\/secure.gravatar.com\/avatar\/d1c4bb756eb5c888319d7e06d9dc1559?s=96&d=mm&r=g\",\"contentUrl\":\"https:\/\/secure.gravatar.com\/avatar\/d1c4bb756eb5c888319d7e06d9dc1559?s=96&d=mm&r=g\",\"caption\":\"Ferran\"}}]}<\/script>\n<!-- \/ Yoast SEO plugin. -->","yoast_head_json":{"title":"El velero alem\u00e1n \u201cAuliana 2\u2033 de Christian Potthoff-Sewing, ganador en Tiempo Real de la Versi\u00f3n Mallorca de La Ruta de La sal | Regata La Ruta de la Sal","robots":{"index":"noindex","follow":"follow","max-snippet":"max-snippet:-1","max-image-preview":"max-image-preview:large","max-video-preview":"max-video-preview:-1"},"og_locale":"es_ES","og_type":"article","og_title":"El velero alem\u00e1n \u201cAuliana 2\u2033 de Christian Potthoff-Sewing, ganador en Tiempo Real de la Versi\u00f3n Mallorca de La Ruta de La sal | Regata La Ruta de la Sal","og_description":"&nbsp; &nbsp; 18 abril 2019 \u2013 19:30 h.\u00a0Hoy a las 16h,11m,52s ha cruzado la l\u00ednea de llegada en Sant Antoni de Portmany el velero alem\u00e1n \u201cAuliana 2\u2033,\u00a0un Knierim JV 53 de Christian Potthoff-Sewing del RCN de Palma, que con un registro de 6h,11m,52s se ha proclamado ganador en tiempo real de la Versi\u00f3n Mallorca de [&hellip;]","og_url":"https:\/\/labs.100x100.net\/projects\/rutasal\/el-velero-aleman-auliana-2\u2033-de-christian-potthoff-sewing-ganador-en-tiempo-real-de-la-version-mallorca-de-la-ruta-de-la-sal\/","og_site_name":"Regata La Ruta de la Sal","article_publisher":"https:\/\/www.facebook.com\/rutadelasal\/","article_published_time":"2019-04-18T18:20:50+00:00","article_modified_time":"2019-04-21T18:21:28+00:00","og_image":[{"width":1599,"height":1200,"url":"https:\/\/labs.100x100.net\/projects\/rutasal\/custom\/uploads\/2019\/04\/WhatsApp-Image-2019-04-18-at-17.40.37-1.jpeg","type":"image\/jpeg"}],"author":"Ferran","twitter_card":"summary_large_image","twitter_creator":"@AnamMedi","twitter_site":"@AnamMedi","twitter_misc":{"Escrito por":"Ferran","Tiempo de lectura":"2 minutos"},"schema":{"@context":"https:\/\/schema.org","@graph":[{"@type":"WebPage","@id":"https:\/\/labs.100x100.net\/projects\/rutasal\/el-velero-aleman-auliana-2%e2%80%b3-de-christian-potthoff-sewing-ganador-en-tiempo-real-de-la-version-mallorca-de-la-ruta-de-la-sal\/","url":"https:\/\/labs.100x100.net\/projects\/rutasal\/el-velero-aleman-auliana-2%e2%80%b3-de-christian-potthoff-sewing-ganador-en-tiempo-real-de-la-version-mallorca-de-la-ruta-de-la-sal\/","name":"El velero alem\u00e1n \u201cAuliana 2\u2033 de Christian Potthoff-Sewing, ganador en Tiempo Real de la Versi\u00f3n Mallorca de La Ruta de La sal | Regata La Ruta de la Sal","isPartOf":{"@id":"https:\/\/labs.100x100.net\/projects\/rutasal\/#website"},"primaryImageOfPage":{"@id":"https:\/\/labs.100x100.net\/projects\/rutasal\/el-velero-aleman-auliana-2%e2%80%b3-de-christian-potthoff-sewing-ganador-en-tiempo-real-de-la-version-mallorca-de-la-ruta-de-la-sal\/#primaryimage"},"image":{"@id":"https:\/\/labs.100x100.net\/projects\/rutasal\/el-velero-aleman-auliana-2%e2%80%b3-de-christian-potthoff-sewing-ganador-en-tiempo-real-de-la-version-mallorca-de-la-ruta-de-la-sal\/#primaryimage"},"thumbnailUrl":"https:\/\/labs.100x100.net\/projects\/rutasal\/custom\/uploads\/2019\/04\/WhatsApp-Image-2019-04-18-at-17.40.37-1.jpeg","datePublished":"2019-04-18T18:20:50+00:00","dateModified":"2019-04-21T18:21:28+00:00","author":{"@id":"https:\/\/labs.100x100.net\/projects\/rutasal\/#\/schema\/person\/24a02a346c826cf8502e7fb8edc0396c"},"breadcrumb":{"@id":"https:\/\/labs.100x100.net\/projects\/rutasal\/el-velero-aleman-auliana-2%e2%80%b3-de-christian-potthoff-sewing-ganador-en-tiempo-real-de-la-version-mallorca-de-la-ruta-de-la-sal\/#breadcrumb"},"inLanguage":"es","potentialAction":[{"@type":"ReadAction","target":["https:\/\/labs.100x100.net\/projects\/rutasal\/el-velero-aleman-auliana-2%e2%80%b3-de-christian-potthoff-sewing-ganador-en-tiempo-real-de-la-version-mallorca-de-la-ruta-de-la-sal\/"]}]},{"@type":"ImageObject","inLanguage":"es","@id":"https:\/\/labs.100x100.net\/projects\/rutasal\/el-velero-aleman-auliana-2%e2%80%b3-de-christian-potthoff-sewing-ganador-en-tiempo-real-de-la-version-mallorca-de-la-ruta-de-la-sal\/#primaryimage","url":"https:\/\/labs.100x100.net\/projects\/rutasal\/custom\/uploads\/2019\/04\/WhatsApp-Image-2019-04-18-at-17.40.37-1.jpeg","contentUrl":"https:\/\/labs.100x100.net\/projects\/rutasal\/custom\/uploads\/2019\/04\/WhatsApp-Image-2019-04-18-at-17.40.37-1.jpeg","width":1599,"height":1200},{"@type":"BreadcrumbList","@id":"https:\/\/labs.100x100.net\/projects\/rutasal\/el-velero-aleman-auliana-2%e2%80%b3-de-christian-potthoff-sewing-ganador-en-tiempo-real-de-la-version-mallorca-de-la-ruta-de-la-sal\/#breadcrumb","itemListElement":[{"@type":"ListItem","position":1,"name":"Portada","item":"https:\/\/labs.100x100.net\/projects\/rutasal\/"},{"@type":"ListItem","position":2,"name":"El velero alem\u00e1n \u201cAuliana 2\u2033 de Christian Potthoff-Sewing, ganador en Tiempo Real de la Versi\u00f3n Mallorca de La Ruta de La sal"}]},{"@type":"WebSite","@id":"https:\/\/labs.100x100.net\/projects\/rutasal\/#website","url":"https:\/\/labs.100x100.net\/projects\/rutasal\/","name":"Regata La Ruta de la Sal","description":"Regata La Ruta de la Sal es una regata de Altura Mediterr\u00e1nea para barcos de crucero a vela con destino en Ibiza, que se disputa anualmente en Semana Santa.","potentialAction":[{"@type":"SearchAction","target":{"@type":"EntryPoint","urlTemplate":"https:\/\/labs.100x100.net\/projects\/rutasal\/?s={search_term_string}"},"query-input":"required name=search_term_string"}],"inLanguage":"es"},{"@type":"Person","@id":"https:\/\/labs.100x100.net\/projects\/rutasal\/#\/schema\/person\/24a02a346c826cf8502e7fb8edc0396c","name":"Ferran","image":{"@type":"ImageObject","inLanguage":"es","@id":"https:\/\/labs.100x100.net\/projects\/rutasal\/#\/schema\/person\/image\/","url":"https:\/\/secure.gravatar.com\/avatar\/d1c4bb756eb5c888319d7e06d9dc1559?s=96&d=mm&r=g","contentUrl":"https:\/\/secure.gravatar.com\/avatar\/d1c4bb756eb5c888319d7e06d9dc1559?s=96&d=mm&r=g","caption":"Ferran"}}]}},"_links":{"self":[{"href":"https:\/\/labs.100x100.net\/projects\/rutasal\/wp-json\/wp\/v2\/posts\/4220"}],"collection":[{"href":"https:\/\/labs.100x100.net\/projects\/rutasal\/wp-json\/wp\/v2\/posts"}],"about":[{"href":"https:\/\/labs.100x100.net\/projects\/rutasal\/wp-json\/wp\/v2\/types\/post"}],"author":[{"embeddable":true,"href":"https:\/\/labs.100x100.net\/projects\/rutasal\/wp-json\/wp\/v2\/users\/2"}],"replies":[{"embeddable":true,"href":"https:\/\/labs.100x100.net\/projects\/rutasal\/wp-json\/wp\/v2\/comments?post=4220"}],"version-history":[{"count":5,"href":"https:\/\/labs.100x100.net\/projects\/rutasal\/wp-json\/wp\/v2\/posts\/4220\/revisions"}],"predecessor-version":[{"id":4228,"href":"https:\/\/labs.100x100.net\/projects\/rutasal\/wp-json\/wp\/v2\/posts\/4220\/revisions\/4228"}],"wp:featuredmedia":[{"embeddable":true,"href":"https:\/\/labs.100x100.net\/projects\/rutasal\/wp-json\/wp\/v2\/media\/4223"}],"wp:attachment":[{"href":"https:\/\/labs.100x100.net\/projects\/rutasal\/wp-json\/wp\/v2\/media?parent=4220"}],"wp:term":[{"taxonomy":"category","embeddable":true,"href":"https:\/\/labs.100x100.net\/projects\/rutasal\/wp-json\/wp\/v2\/categories?post=4220"},{"taxonomy":"post_tag","embeddable":true,"href":"https:\/\/labs.100x100.net\/projects\/rutasal\/wp-json\/wp\/v2\/tags?post=4220"}],"curies":[{"name":"wp","href":"https:\/\/api.w.org\/{rel}","templated":true}]}}