{"id":4216,"date":"2019-04-18T15:55:29","date_gmt":"2019-04-18T13:55:29","guid":{"rendered":"https:\/\/larutadelasal.com\/?p=4216"},"modified":"2019-04-24T11:35:53","modified_gmt":"2019-04-24T09:35:53","slug":"la-flota-de-mallorca-se-acerca-a-la-linea-de-arribada-en-sant-antoni-de-portmany","status":"publish","type":"post","link":"https:\/\/labs.100x100.net\/projects\/rutasal\/la-flota-de-mallorca-se-acerca-a-la-linea-de-arribada-en-sant-antoni-de-portmany\/","title":{"rendered":"La flota de Mallorca se acerca a la l\u00ednea de arribada en Sant Antoni de Portmany"},"content":{"rendered":"<p><img loading=\"lazy\" decoding=\"async\" class=\"aligncenter size-full wp-image-4218\" src=\"https:\/\/larutadelasal.com\/custom\/uploads\/2019\/04\/WhatsApp-Image-2019-04-18-at-16.19.23.jpeg\" alt=\"\" width=\"1600\" height=\"777\" srcset=\"https:\/\/labs.100x100.net\/projects\/rutasal\/custom\/uploads\/2019\/04\/WhatsApp-Image-2019-04-18-at-16.19.23.jpeg 1600w, https:\/\/labs.100x100.net\/projects\/rutasal\/custom\/uploads\/2019\/04\/WhatsApp-Image-2019-04-18-at-16.19.23-300x146.jpeg 300w, https:\/\/labs.100x100.net\/projects\/rutasal\/custom\/uploads\/2019\/04\/WhatsApp-Image-2019-04-18-at-16.19.23-768x373.jpeg 768w, https:\/\/labs.100x100.net\/projects\/rutasal\/custom\/uploads\/2019\/04\/WhatsApp-Image-2019-04-18-at-16.19.23-1024x497.jpeg 1024w\" sizes=\"(max-width: 1600px) 100vw, 1600px\" \/><\/p>\n<p>Las primeras embarcaciones de la flota de la Versi\u00f3n Mallorca ya est\u00e1n a menos de 10 millas del Control Radio de Portinaxt en Ibiza. Por lo que se prev\u00e9 que en pocas horas puedan cruzar la l\u00ednea de llegada.<\/p>\n<p><img loading=\"lazy\" decoding=\"async\" class=\"aligncenter size-full wp-image-4217\" src=\"https:\/\/larutadelasal.com\/custom\/uploads\/2019\/04\/WhatsApp-Image-2019-04-18-at-16.15.24.jpeg\" alt=\"\" width=\"778\" height=\"1600\" srcset=\"https:\/\/labs.100x100.net\/projects\/rutasal\/custom\/uploads\/2019\/04\/WhatsApp-Image-2019-04-18-at-16.15.24.jpeg 778w, https:\/\/labs.100x100.net\/projects\/rutasal\/custom\/uploads\/2019\/04\/WhatsApp-Image-2019-04-18-at-16.15.24-146x300.jpeg 146w, https:\/\/labs.100x100.net\/projects\/rutasal\/custom\/uploads\/2019\/04\/WhatsApp-Image-2019-04-18-at-16.15.24-768x1579.jpeg 768w, https:\/\/labs.100x100.net\/projects\/rutasal\/custom\/uploads\/2019\/04\/WhatsApp-Image-2019-04-18-at-16.15.24-498x1024.jpeg 498w\" sizes=\"(max-width: 778px) 100vw, 778px\" \/><\/p>\n","protected":false},"excerpt":{"rendered":"<p>Las primeras embarcaciones de la flota de la Versi\u00f3n Mallorca ya est\u00e1n a menos de 10 millas del Control Radio de Portinaxt en Ibiza. Por lo que se prev\u00e9 que en pocas horas puedan cruzar la l\u00ednea de llegada.<\/p>\n","protected":false},"author":2,"featured_media":4217,"comment_status":"open","ping_status":"open","sticky":false,"template":"","format":"standard","meta":{"_acf_changed":false,"footnotes":""},"categories":[3],"tags":[],"acf":[],"yoast_head":"<!-- This site is optimized with the Yoast SEO plugin v23.0 - https:\/\/yoast.com\/wordpress\/plugins\/seo\/ -->\n<title>La flota de Mallorca se acerca a la l\u00ednea de arribada en Sant Antoni de Portmany | Regata La Ruta de la Sal<\/title>\n<meta name=\"robots\" content=\"noindex, follow, max-snippet:-1, max-image-preview:large, max-video-preview:-1\" \/>\n<meta property=\"og:locale\" content=\"es_ES\" \/>\n<meta property=\"og:type\" content=\"article\" \/>\n<meta property=\"og:title\" content=\"La flota de Mallorca se acerca a la l\u00ednea de arribada en Sant Antoni de Portmany | Regata La Ruta de la Sal\" \/>\n<meta property=\"og:description\" content=\"Las primeras embarcaciones de la flota de la Versi\u00f3n Mallorca ya est\u00e1n a menos de 10 millas del Control Radio de Portinaxt en Ibiza. Por lo que se prev\u00e9 que en pocas horas puedan cruzar la l\u00ednea de llegada.\" \/>\n<meta property=\"og:url\" content=\"https:\/\/labs.100x100.net\/projects\/rutasal\/la-flota-de-mallorca-se-acerca-a-la-linea-de-arribada-en-sant-antoni-de-portmany\/\" \/>\n<meta property=\"og:site_name\" content=\"Regata La Ruta de la Sal\" \/>\n<meta property=\"article:publisher\" content=\"https:\/\/www.facebook.com\/rutadelasal\/\" \/>\n<meta property=\"article:published_time\" content=\"2019-04-18T13:55:29+00:00\" \/>\n<meta property=\"article:modified_time\" content=\"2019-04-24T09:35:53+00:00\" \/>\n<meta property=\"og:image\" content=\"https:\/\/labs.100x100.net\/projects\/rutasal\/custom\/uploads\/2019\/04\/WhatsApp-Image-2019-04-18-at-16.15.24.jpeg\" \/>\n\t<meta property=\"og:image:width\" content=\"778\" \/>\n\t<meta property=\"og:image:height\" content=\"1600\" \/>\n\t<meta property=\"og:image:type\" content=\"image\/jpeg\" \/>\n<meta name=\"author\" content=\"Ferran\" \/>\n<meta name=\"twitter:card\" content=\"summary_large_image\" \/>\n<meta name=\"twitter:creator\" content=\"@AnamMedi\" \/>\n<meta name=\"twitter:site\" content=\"@AnamMedi\" \/>\n<meta name=\"twitter:label1\" content=\"Escrito por\" \/>\n\t<meta name=\"twitter:data1\" content=\"Ferran\" \/>\n<script type=\"application\/ld+json\" class=\"yoast-schema-graph\">{\"@context\":\"https:\/\/schema.org\",\"@graph\":[{\"@type\":\"WebPage\",\"@id\":\"https:\/\/labs.100x100.net\/projects\/rutasal\/la-flota-de-mallorca-se-acerca-a-la-linea-de-arribada-en-sant-antoni-de-portmany\/\",\"url\":\"https:\/\/labs.100x100.net\/projects\/rutasal\/la-flota-de-mallorca-se-acerca-a-la-linea-de-arribada-en-sant-antoni-de-portmany\/\",\"name\":\"La flota de Mallorca se acerca a la l\u00ednea de arribada en Sant Antoni de Portmany | Regata La Ruta de la Sal\",\"isPartOf\":{\"@id\":\"https:\/\/labs.100x100.net\/projects\/rutasal\/#website\"},\"primaryImageOfPage\":{\"@id\":\"https:\/\/labs.100x100.net\/projects\/rutasal\/la-flota-de-mallorca-se-acerca-a-la-linea-de-arribada-en-sant-antoni-de-portmany\/#primaryimage\"},\"image\":{\"@id\":\"https:\/\/labs.100x100.net\/projects\/rutasal\/la-flota-de-mallorca-se-acerca-a-la-linea-de-arribada-en-sant-antoni-de-portmany\/#primaryimage\"},\"thumbnailUrl\":\"https:\/\/labs.100x100.net\/projects\/rutasal\/custom\/uploads\/2019\/04\/WhatsApp-Image-2019-04-18-at-16.15.24.jpeg\",\"datePublished\":\"2019-04-18T13:55:29+00:00\",\"dateModified\":\"2019-04-24T09:35:53+00:00\",\"author\":{\"@id\":\"https:\/\/labs.100x100.net\/projects\/rutasal\/#\/schema\/person\/24a02a346c826cf8502e7fb8edc0396c\"},\"breadcrumb\":{\"@id\":\"https:\/\/labs.100x100.net\/projects\/rutasal\/la-flota-de-mallorca-se-acerca-a-la-linea-de-arribada-en-sant-antoni-de-portmany\/#breadcrumb\"},\"inLanguage\":\"es\",\"potentialAction\":[{\"@type\":\"ReadAction\",\"target\":[\"https:\/\/labs.100x100.net\/projects\/rutasal\/la-flota-de-mallorca-se-acerca-a-la-linea-de-arribada-en-sant-antoni-de-portmany\/\"]}]},{\"@type\":\"ImageObject\",\"inLanguage\":\"es\",\"@id\":\"https:\/\/labs.100x100.net\/projects\/rutasal\/la-flota-de-mallorca-se-acerca-a-la-linea-de-arribada-en-sant-antoni-de-portmany\/#primaryimage\",\"url\":\"https:\/\/labs.100x100.net\/projects\/rutasal\/custom\/uploads\/2019\/04\/WhatsApp-Image-2019-04-18-at-16.15.24.jpeg\",\"contentUrl\":\"https:\/\/labs.100x100.net\/projects\/rutasal\/custom\/uploads\/2019\/04\/WhatsApp-Image-2019-04-18-at-16.15.24.jpeg\",\"width\":778,\"height\":1600},{\"@type\":\"BreadcrumbList\",\"@id\":\"https:\/\/labs.100x100.net\/projects\/rutasal\/la-flota-de-mallorca-se-acerca-a-la-linea-de-arribada-en-sant-antoni-de-portmany\/#breadcrumb\",\"itemListElement\":[{\"@type\":\"ListItem\",\"position\":1,\"name\":\"Portada\",\"item\":\"https:\/\/labs.100x100.net\/projects\/rutasal\/\"},{\"@type\":\"ListItem\",\"position\":2,\"name\":\"La flota de Mallorca se acerca a la l\u00ednea de arribada en Sant Antoni de Portmany\"}]},{\"@type\":\"WebSite\",\"@id\":\"https:\/\/labs.100x100.net\/projects\/rutasal\/#website\",\"url\":\"https:\/\/labs.100x100.net\/projects\/rutasal\/\",\"name\":\"Regata La Ruta de la Sal\",\"description\":\"Regata La Ruta de la Sal es una regata de Altura Mediterr\u00e1nea para barcos de crucero a vela con destino en Ibiza, que se disputa anualmente en Semana Santa.\",\"potentialAction\":[{\"@type\":\"SearchAction\",\"target\":{\"@type\":\"EntryPoint\",\"urlTemplate\":\"https:\/\/labs.100x100.net\/projects\/rutasal\/?s={search_term_string}\"},\"query-input\":\"required name=search_term_string\"}],\"inLanguage\":\"es\"},{\"@type\":\"Person\",\"@id\":\"https:\/\/labs.100x100.net\/projects\/rutasal\/#\/schema\/person\/24a02a346c826cf8502e7fb8edc0396c\",\"name\":\"Ferran\",\"image\":{\"@type\":\"ImageObject\",\"inLanguage\":\"es\",\"@id\":\"https:\/\/labs.100x100.net\/projects\/rutasal\/#\/schema\/person\/image\/\",\"url\":\"https:\/\/secure.gravatar.com\/avatar\/d1c4bb756eb5c888319d7e06d9dc1559?s=96&d=mm&r=g\",\"contentUrl\":\"https:\/\/secure.gravatar.com\/avatar\/d1c4bb756eb5c888319d7e06d9dc1559?s=96&d=mm&r=g\",\"caption\":\"Ferran\"}}]}<\/script>\n<!-- \/ Yoast SEO plugin. -->","yoast_head_json":{"title":"La flota de Mallorca se acerca a la l\u00ednea de arribada en Sant Antoni de Portmany | Regata La Ruta de la Sal","robots":{"index":"noindex","follow":"follow","max-snippet":"max-snippet:-1","max-image-preview":"max-image-preview:large","max-video-preview":"max-video-preview:-1"},"og_locale":"es_ES","og_type":"article","og_title":"La flota de Mallorca se acerca a la l\u00ednea de arribada en Sant Antoni de Portmany | Regata La Ruta de la Sal","og_description":"Las primeras embarcaciones de la flota de la Versi\u00f3n Mallorca ya est\u00e1n a menos de 10 millas del Control Radio de Portinaxt en Ibiza. Por lo que se prev\u00e9 que en pocas horas puedan cruzar la l\u00ednea de llegada.","og_url":"https:\/\/labs.100x100.net\/projects\/rutasal\/la-flota-de-mallorca-se-acerca-a-la-linea-de-arribada-en-sant-antoni-de-portmany\/","og_site_name":"Regata La Ruta de la Sal","article_publisher":"https:\/\/www.facebook.com\/rutadelasal\/","article_published_time":"2019-04-18T13:55:29+00:00","article_modified_time":"2019-04-24T09:35:53+00:00","og_image":[{"width":778,"height":1600,"url":"https:\/\/labs.100x100.net\/projects\/rutasal\/custom\/uploads\/2019\/04\/WhatsApp-Image-2019-04-18-at-16.15.24.jpeg","type":"image\/jpeg"}],"author":"Ferran","twitter_card":"summary_large_image","twitter_creator":"@AnamMedi","twitter_site":"@AnamMedi","twitter_misc":{"Escrito por":"Ferran"},"schema":{"@context":"https:\/\/schema.org","@graph":[{"@type":"WebPage","@id":"https:\/\/labs.100x100.net\/projects\/rutasal\/la-flota-de-mallorca-se-acerca-a-la-linea-de-arribada-en-sant-antoni-de-portmany\/","url":"https:\/\/labs.100x100.net\/projects\/rutasal\/la-flota-de-mallorca-se-acerca-a-la-linea-de-arribada-en-sant-antoni-de-portmany\/","name":"La flota de Mallorca se acerca a la l\u00ednea de arribada en Sant Antoni de Portmany | Regata La Ruta de la Sal","isPartOf":{"@id":"https:\/\/labs.100x100.net\/projects\/rutasal\/#website"},"primaryImageOfPage":{"@id":"https:\/\/labs.100x100.net\/projects\/rutasal\/la-flota-de-mallorca-se-acerca-a-la-linea-de-arribada-en-sant-antoni-de-portmany\/#primaryimage"},"image":{"@id":"https:\/\/labs.100x100.net\/projects\/rutasal\/la-flota-de-mallorca-se-acerca-a-la-linea-de-arribada-en-sant-antoni-de-portmany\/#primaryimage"},"thumbnailUrl":"https:\/\/labs.100x100.net\/projects\/rutasal\/custom\/uploads\/2019\/04\/WhatsApp-Image-2019-04-18-at-16.15.24.jpeg","datePublished":"2019-04-18T13:55:29+00:00","dateModified":"2019-04-24T09:35:53+00:00","author":{"@id":"https:\/\/labs.100x100.net\/projects\/rutasal\/#\/schema\/person\/24a02a346c826cf8502e7fb8edc0396c"},"breadcrumb":{"@id":"https:\/\/labs.100x100.net\/projects\/rutasal\/la-flota-de-mallorca-se-acerca-a-la-linea-de-arribada-en-sant-antoni-de-portmany\/#breadcrumb"},"inLanguage":"es","potentialAction":[{"@type":"ReadAction","target":["https:\/\/labs.100x100.net\/projects\/rutasal\/la-flota-de-mallorca-se-acerca-a-la-linea-de-arribada-en-sant-antoni-de-portmany\/"]}]},{"@type":"ImageObject","inLanguage":"es","@id":"https:\/\/labs.100x100.net\/projects\/rutasal\/la-flota-de-mallorca-se-acerca-a-la-linea-de-arribada-en-sant-antoni-de-portmany\/#primaryimage","url":"https:\/\/labs.100x100.net\/projects\/rutasal\/custom\/uploads\/2019\/04\/WhatsApp-Image-2019-04-18-at-16.15.24.jpeg","contentUrl":"https:\/\/labs.100x100.net\/projects\/rutasal\/custom\/uploads\/2019\/04\/WhatsApp-Image-2019-04-18-at-16.15.24.jpeg","width":778,"height":1600},{"@type":"BreadcrumbList","@id":"https:\/\/labs.100x100.net\/projects\/rutasal\/la-flota-de-mallorca-se-acerca-a-la-linea-de-arribada-en-sant-antoni-de-portmany\/#breadcrumb","itemListElement":[{"@type":"ListItem","position":1,"name":"Portada","item":"https:\/\/labs.100x100.net\/projects\/rutasal\/"},{"@type":"ListItem","position":2,"name":"La flota de Mallorca se acerca a la l\u00ednea de arribada en Sant Antoni de Portmany"}]},{"@type":"WebSite","@id":"https:\/\/labs.100x100.net\/projects\/rutasal\/#website","url":"https:\/\/labs.100x100.net\/projects\/rutasal\/","name":"Regata La Ruta de la Sal","description":"Regata La Ruta de la Sal es una regata de Altura Mediterr\u00e1nea para barcos de crucero a vela con destino en Ibiza, que se disputa anualmente en Semana Santa.","potentialAction":[{"@type":"SearchAction","target":{"@type":"EntryPoint","urlTemplate":"https:\/\/labs.100x100.net\/projects\/rutasal\/?s={search_term_string}"},"query-input":"required name=search_term_string"}],"inLanguage":"es"},{"@type":"Person","@id":"https:\/\/labs.100x100.net\/projects\/rutasal\/#\/schema\/person\/24a02a346c826cf8502e7fb8edc0396c","name":"Ferran","image":{"@type":"ImageObject","inLanguage":"es","@id":"https:\/\/labs.100x100.net\/projects\/rutasal\/#\/schema\/person\/image\/","url":"https:\/\/secure.gravatar.com\/avatar\/d1c4bb756eb5c888319d7e06d9dc1559?s=96&d=mm&r=g","contentUrl":"https:\/\/secure.gravatar.com\/avatar\/d1c4bb756eb5c888319d7e06d9dc1559?s=96&d=mm&r=g","caption":"Ferran"}}]}},"_links":{"self":[{"href":"https:\/\/labs.100x100.net\/projects\/rutasal\/wp-json\/wp\/v2\/posts\/4216"}],"collection":[{"href":"https:\/\/labs.100x100.net\/projects\/rutasal\/wp-json\/wp\/v2\/posts"}],"about":[{"href":"https:\/\/labs.100x100.net\/projects\/rutasal\/wp-json\/wp\/v2\/types\/post"}],"author":[{"embeddable":true,"href":"https:\/\/labs.100x100.net\/projects\/rutasal\/wp-json\/wp\/v2\/users\/2"}],"replies":[{"embeddable":true,"href":"https:\/\/labs.100x100.net\/projects\/rutasal\/wp-json\/wp\/v2\/comments?post=4216"}],"version-history":[{"count":1,"href":"https:\/\/labs.100x100.net\/projects\/rutasal\/wp-json\/wp\/v2\/posts\/4216\/revisions"}],"predecessor-version":[{"id":4219,"href":"https:\/\/labs.100x100.net\/projects\/rutasal\/wp-json\/wp\/v2\/posts\/4216\/revisions\/4219"}],"wp:featuredmedia":[{"embeddable":true,"href":"https:\/\/labs.100x100.net\/projects\/rutasal\/wp-json\/wp\/v2\/media\/4217"}],"wp:attachment":[{"href":"https:\/\/labs.100x100.net\/projects\/rutasal\/wp-json\/wp\/v2\/media?parent=4216"}],"wp:term":[{"taxonomy":"category","embeddable":true,"href":"https:\/\/labs.100x100.net\/projects\/rutasal\/wp-json\/wp\/v2\/categories?post=4216"},{"taxonomy":"post_tag","embeddable":true,"href":"https:\/\/labs.100x100.net\/projects\/rutasal\/wp-json\/wp\/v2\/tags?post=4216"}],"curies":[{"name":"wp","href":"https:\/\/api.w.org\/{rel}","templated":true}]}}