{"id":4196,"date":"2019-04-18T15:51:36","date_gmt":"2019-04-18T13:51:36","guid":{"rendered":"https:\/\/larutadelasal.com\/?p=4196"},"modified":"2019-04-21T15:53:28","modified_gmt":"2019-04-21T13:53:28","slug":"los-participantes-en-la-regata-de-la-ruta-de-la-sal-ya-navegan-rumbo-a-ibiza","status":"publish","type":"post","link":"https:\/\/labs.100x100.net\/projects\/rutasal\/los-participantes-en-la-regata-de-la-ruta-de-la-sal-ya-navegan-rumbo-a-ibiza\/","title":{"rendered":"Los participantes en la regata de La Ruta de la Sal ya navegan rumbo a Ibiza"},"content":{"rendered":"<div id=\"attachment_4198\" style=\"width: 910px\" class=\"wp-caption aligncenter\"><img loading=\"lazy\" decoding=\"async\" aria-describedby=\"caption-attachment-4198\" class=\"size-full wp-image-4198\" src=\"https:\/\/larutadelasal.com\/custom\/uploads\/2019\/04\/Flota-La-Ruta-de-la-Sal-2019.jpg\" alt=\"\" width=\"900\" height=\"601\" srcset=\"https:\/\/labs.100x100.net\/projects\/rutasal\/custom\/uploads\/2019\/04\/Flota-La-Ruta-de-la-Sal-2019.jpg 900w, https:\/\/labs.100x100.net\/projects\/rutasal\/custom\/uploads\/2019\/04\/Flota-La-Ruta-de-la-Sal-2019-300x200.jpg 300w, https:\/\/labs.100x100.net\/projects\/rutasal\/custom\/uploads\/2019\/04\/Flota-La-Ruta-de-la-Sal-2019-768x513.jpg 768w\" sizes=\"(max-width: 900px) 100vw, 900px\" \/><p id=\"caption-attachment-4198\" class=\"wp-caption-text\">Salida Versi\u00f3n Barcelona Foto: Alfred Farr\u00e9<\/p><\/div>\n<p>La meteorolog\u00eda, con intensos vientos dominantes de E-NE, obliga a adelantar los horarios de las salidas y en el caso de la Versi\u00f3n Mallorca a acortar el recorrido.<br \/>\nHoy 18 de abril de 2019, Jueves Santo, ha comenzado la 32 edici\u00f3n de la Regata de Altura de la Ruta de la Sal \u2013 con salidas desde Port Ginesta para la Versi\u00f3n Barcelona, el RC N\u00e1utico de Denia para Versi\u00f3n Denia y Puerto de Andraxt para la Versi\u00f3n Mallorca. Con llegada, para los tres recorridos, en Sant Antoni de Portmany en Ibiza.<\/p>\n<div id=\"attachment_4201\" style=\"width: 910px\" class=\"wp-caption aligncenter\"><img loading=\"lazy\" decoding=\"async\" aria-describedby=\"caption-attachment-4201\" class=\"size-full wp-image-4201\" src=\"https:\/\/larutadelasal.com\/custom\/uploads\/2019\/04\/47582952642_0ba65678e5_o.jpg\" alt=\"\" width=\"900\" height=\"601\" srcset=\"https:\/\/labs.100x100.net\/projects\/rutasal\/custom\/uploads\/2019\/04\/47582952642_0ba65678e5_o.jpg 900w, https:\/\/labs.100x100.net\/projects\/rutasal\/custom\/uploads\/2019\/04\/47582952642_0ba65678e5_o-300x200.jpg 300w, https:\/\/labs.100x100.net\/projects\/rutasal\/custom\/uploads\/2019\/04\/47582952642_0ba65678e5_o-768x513.jpg 768w\" sizes=\"(max-width: 900px) 100vw, 900px\" \/><p id=\"caption-attachment-4201\" class=\"wp-caption-text\">Salida Versi\u00f3n Barcelona Foto: Alfred Farr\u00e9<\/p><\/div>\n<p>Como consecuencia de las condiciones meteorol\u00f3gicas previstas para las pr\u00f3ximas 48 horas, las salidas de las tres versiones de La Sal se han adelantado y, en el caso de la Versi\u00f3n Mallorca el recorrido se ha acortado sensiblemente con el objetivo de que la regata pueda desarrollarse bajo condiciones m\u00e1s estables.<\/p>\n<div id=\"attachment_4203\" style=\"width: 910px\" class=\"wp-caption aligncenter\"><img loading=\"lazy\" decoding=\"async\" aria-describedby=\"caption-attachment-4203\" class=\"size-full wp-image-4203\" src=\"https:\/\/larutadelasal.com\/custom\/uploads\/2019\/04\/32693304997_40c218d06f_o.jpg\" alt=\"\" width=\"900\" height=\"601\" srcset=\"https:\/\/labs.100x100.net\/projects\/rutasal\/custom\/uploads\/2019\/04\/32693304997_40c218d06f_o.jpg 900w, https:\/\/labs.100x100.net\/projects\/rutasal\/custom\/uploads\/2019\/04\/32693304997_40c218d06f_o-300x200.jpg 300w, https:\/\/labs.100x100.net\/projects\/rutasal\/custom\/uploads\/2019\/04\/32693304997_40c218d06f_o-768x513.jpg 768w\" sizes=\"(max-width: 900px) 100vw, 900px\" \/><p id=\"caption-attachment-4203\" class=\"wp-caption-text\">Salida Versi\u00f3n Barcelona Foto: Alfred Farr\u00e9<\/p><\/div>\n<p>La flota de la Versi\u00f3n Barcelona, que ha zarpado hoy jueves 18 de abril a las 09:11 h desde el CM Port Ginesta, en Barcelona, navegando con vientos del NE de entre 15 y 20 nudos, competir\u00e1 sobre un recorrido de 140 millas con rumbo directo hasta el CN Sant Antoni de Portmany en Ibiza.<\/p>\n<div id=\"attachment_4204\" style=\"width: 910px\" class=\"wp-caption aligncenter\"><img loading=\"lazy\" decoding=\"async\" aria-describedby=\"caption-attachment-4204\" class=\"size-full wp-image-4204\" src=\"https:\/\/larutadelasal.com\/custom\/uploads\/2019\/04\/47582952572_22f446eb32_o.jpg\" alt=\"\" width=\"900\" height=\"601\" srcset=\"https:\/\/labs.100x100.net\/projects\/rutasal\/custom\/uploads\/2019\/04\/47582952572_22f446eb32_o.jpg 900w, https:\/\/labs.100x100.net\/projects\/rutasal\/custom\/uploads\/2019\/04\/47582952572_22f446eb32_o-300x200.jpg 300w, https:\/\/labs.100x100.net\/projects\/rutasal\/custom\/uploads\/2019\/04\/47582952572_22f446eb32_o-768x513.jpg 768w\" sizes=\"(max-width: 900px) 100vw, 900px\" \/><p id=\"caption-attachment-4204\" class=\"wp-caption-text\">Salida Versi\u00f3n Barcelona Foto: Alfred Farr\u00e9<\/p><\/div>\n<p>La Versi\u00f3n Denia que ha salido hoy a las 10:00 h desde el RC N\u00e1utico de Denia, con vientos de N\/NE de entre 12 y 18 nudos, cubr\u00edr\u00e1 el circuito de 120 millas.<\/p>\n<div id=\"attachment_4205\" style=\"width: 910px\" class=\"wp-caption aligncenter\"><img loading=\"lazy\" decoding=\"async\" aria-describedby=\"caption-attachment-4205\" class=\"wp-image-4205\" src=\"https:\/\/larutadelasal.com\/custom\/uploads\/2019\/04\/47635813471_08a430b256_o-1024x576.jpg\" alt=\"\" width=\"900\" height=\"506\" srcset=\"https:\/\/labs.100x100.net\/projects\/rutasal\/custom\/uploads\/2019\/04\/47635813471_08a430b256_o-1024x576.jpg 1024w, https:\/\/labs.100x100.net\/projects\/rutasal\/custom\/uploads\/2019\/04\/47635813471_08a430b256_o-300x169.jpg 300w, https:\/\/labs.100x100.net\/projects\/rutasal\/custom\/uploads\/2019\/04\/47635813471_08a430b256_o-768x432.jpg 768w, https:\/\/labs.100x100.net\/projects\/rutasal\/custom\/uploads\/2019\/04\/47635813471_08a430b256_o.jpg 1920w\" sizes=\"(max-width: 900px) 100vw, 900px\" \/><p id=\"caption-attachment-4205\" class=\"wp-caption-text\">Salida Versi\u00f3n Denia \/ Foto: David Villalva<\/p><\/div>\n<div style=\"clear: both;\"><\/div>\n<p>La Versi\u00f3n Mallorca ha tomado la salida hoy a las 10.00 h desde el Puerto de Andratx con rumbo directo a St. Antoni de Portmany en Ibiza. La salida con vientos de E\/NE de entre 15 y 20 nudos.<\/p>\n<div id=\"attachment_4206\" style=\"width: 460px\" class=\"wp-caption alignleft\"><img loading=\"lazy\" decoding=\"async\" aria-describedby=\"caption-attachment-4206\" class=\"wp-image-4206\" src=\"https:\/\/larutadelasal.com\/custom\/uploads\/2019\/04\/32693305067_6b9dd86f64_o-300x228.jpg\" alt=\"\" width=\"450\" height=\"341\" srcset=\"https:\/\/labs.100x100.net\/projects\/rutasal\/custom\/uploads\/2019\/04\/32693305067_6b9dd86f64_o-300x228.jpg 300w, https:\/\/labs.100x100.net\/projects\/rutasal\/custom\/uploads\/2019\/04\/32693305067_6b9dd86f64_o.jpg 763w\" sizes=\"(max-width: 450px) 100vw, 450px\" \/><p id=\"caption-attachment-4206\" class=\"wp-caption-text\">Salida Versi\u00f3n Marllorca<\/p><\/div>\n<div id=\"attachment_4207\" style=\"width: 460px\" class=\"wp-caption alignright\"><img loading=\"lazy\" decoding=\"async\" aria-describedby=\"caption-attachment-4207\" class=\"wp-image-4207\" src=\"https:\/\/larutadelasal.com\/custom\/uploads\/2019\/04\/32693305057_0b215a7858_o-300x171.jpg\" alt=\"\" width=\"450\" height=\"256\" srcset=\"https:\/\/labs.100x100.net\/projects\/rutasal\/custom\/uploads\/2019\/04\/32693305057_0b215a7858_o-300x171.jpg 300w, https:\/\/labs.100x100.net\/projects\/rutasal\/custom\/uploads\/2019\/04\/32693305057_0b215a7858_o-768x437.jpg 768w, https:\/\/labs.100x100.net\/projects\/rutasal\/custom\/uploads\/2019\/04\/32693305057_0b215a7858_o.jpg 997w\" sizes=\"(max-width: 450px) 100vw, 450px\" \/><p id=\"caption-attachment-4207\" class=\"wp-caption-text\">Salida Versi\u00f3n Marllorca<\/p><\/div>\n<div style=\"clear: both;\"><\/div>\n<p>Las condiciones meteorol\u00f3gicas adelantan una competici\u00f3n r\u00e1pida e intensa. Los barcos m\u00e1s veloces, podr\u00edan llegar a Sant Antoni de Portmany durante las \u00faltimas horas de hoy, jueves, y la madrugada del viernes 19 de abril. El grueso de la flota, para todas las Versiones se estima que llegar\u00e1 a Sant Antoni durante la ma\u00f1ana y horas centrales de este mismo d\u00eda.<\/p>\n","protected":false},"excerpt":{"rendered":"<p>La meteorolog\u00eda, con intensos vientos dominantes de E-NE, obliga a adelantar los horarios de las salidas y en el caso de la Versi\u00f3n Mallorca a acortar el recorrido. Hoy 18 de abril de 2019, Jueves Santo, ha comenzado la 32 edici\u00f3n de la Regata de Altura de la Ruta de la Sal \u2013 con salidas [&hellip;]<\/p>\n","protected":false},"author":2,"featured_media":4198,"comment_status":"open","ping_status":"open","sticky":false,"template":"","format":"standard","meta":{"_acf_changed":false,"footnotes":""},"categories":[3],"tags":[],"acf":[],"yoast_head":"<!-- This site is optimized with the Yoast SEO plugin v23.0 - https:\/\/yoast.com\/wordpress\/plugins\/seo\/ -->\n<title>Los participantes en la regata de La Ruta de la Sal ya navegan rumbo a Ibiza | Regata La Ruta de la Sal<\/title>\n<meta name=\"robots\" content=\"noindex, follow, max-snippet:-1, max-image-preview:large, max-video-preview:-1\" \/>\n<meta property=\"og:locale\" content=\"es_ES\" \/>\n<meta property=\"og:type\" content=\"article\" \/>\n<meta property=\"og:title\" content=\"Los participantes en la regata de La Ruta de la Sal ya navegan rumbo a Ibiza | Regata La Ruta de la Sal\" \/>\n<meta property=\"og:description\" content=\"La meteorolog\u00eda, con intensos vientos dominantes de E-NE, obliga a adelantar los horarios de las salidas y en el caso de la Versi\u00f3n Mallorca a acortar el recorrido. Hoy 18 de abril de 2019, Jueves Santo, ha comenzado la 32 edici\u00f3n de la Regata de Altura de la Ruta de la Sal \u2013 con salidas [&hellip;]\" \/>\n<meta property=\"og:url\" content=\"https:\/\/labs.100x100.net\/projects\/rutasal\/los-participantes-en-la-regata-de-la-ruta-de-la-sal-ya-navegan-rumbo-a-ibiza\/\" \/>\n<meta property=\"og:site_name\" content=\"Regata La Ruta de la Sal\" \/>\n<meta property=\"article:publisher\" content=\"https:\/\/www.facebook.com\/rutadelasal\/\" \/>\n<meta property=\"article:published_time\" content=\"2019-04-18T13:51:36+00:00\" \/>\n<meta property=\"article:modified_time\" content=\"2019-04-21T13:53:28+00:00\" \/>\n<meta property=\"og:image\" content=\"https:\/\/labs.100x100.net\/projects\/rutasal\/custom\/uploads\/2019\/04\/Flota-La-Ruta-de-la-Sal-2019.jpg\" \/>\n\t<meta property=\"og:image:width\" content=\"900\" \/>\n\t<meta property=\"og:image:height\" content=\"601\" \/>\n\t<meta property=\"og:image:type\" content=\"image\/jpeg\" \/>\n<meta name=\"author\" content=\"Ferran\" \/>\n<meta name=\"twitter:card\" content=\"summary_large_image\" \/>\n<meta name=\"twitter:creator\" content=\"@AnamMedi\" \/>\n<meta name=\"twitter:site\" content=\"@AnamMedi\" \/>\n<meta name=\"twitter:label1\" content=\"Escrito por\" \/>\n\t<meta name=\"twitter:data1\" content=\"Ferran\" \/>\n\t<meta name=\"twitter:label2\" content=\"Tiempo de lectura\" \/>\n\t<meta name=\"twitter:data2\" content=\"2 minutos\" \/>\n<script type=\"application\/ld+json\" class=\"yoast-schema-graph\">{\"@context\":\"https:\/\/schema.org\",\"@graph\":[{\"@type\":\"WebPage\",\"@id\":\"https:\/\/labs.100x100.net\/projects\/rutasal\/los-participantes-en-la-regata-de-la-ruta-de-la-sal-ya-navegan-rumbo-a-ibiza\/\",\"url\":\"https:\/\/labs.100x100.net\/projects\/rutasal\/los-participantes-en-la-regata-de-la-ruta-de-la-sal-ya-navegan-rumbo-a-ibiza\/\",\"name\":\"Los participantes en la regata de La Ruta de la Sal ya navegan rumbo a Ibiza | Regata La Ruta de la Sal\",\"isPartOf\":{\"@id\":\"https:\/\/labs.100x100.net\/projects\/rutasal\/#website\"},\"primaryImageOfPage\":{\"@id\":\"https:\/\/labs.100x100.net\/projects\/rutasal\/los-participantes-en-la-regata-de-la-ruta-de-la-sal-ya-navegan-rumbo-a-ibiza\/#primaryimage\"},\"image\":{\"@id\":\"https:\/\/labs.100x100.net\/projects\/rutasal\/los-participantes-en-la-regata-de-la-ruta-de-la-sal-ya-navegan-rumbo-a-ibiza\/#primaryimage\"},\"thumbnailUrl\":\"https:\/\/labs.100x100.net\/projects\/rutasal\/custom\/uploads\/2019\/04\/Flota-La-Ruta-de-la-Sal-2019.jpg\",\"datePublished\":\"2019-04-18T13:51:36+00:00\",\"dateModified\":\"2019-04-21T13:53:28+00:00\",\"author\":{\"@id\":\"https:\/\/labs.100x100.net\/projects\/rutasal\/#\/schema\/person\/24a02a346c826cf8502e7fb8edc0396c\"},\"breadcrumb\":{\"@id\":\"https:\/\/labs.100x100.net\/projects\/rutasal\/los-participantes-en-la-regata-de-la-ruta-de-la-sal-ya-navegan-rumbo-a-ibiza\/#breadcrumb\"},\"inLanguage\":\"es\",\"potentialAction\":[{\"@type\":\"ReadAction\",\"target\":[\"https:\/\/labs.100x100.net\/projects\/rutasal\/los-participantes-en-la-regata-de-la-ruta-de-la-sal-ya-navegan-rumbo-a-ibiza\/\"]}]},{\"@type\":\"ImageObject\",\"inLanguage\":\"es\",\"@id\":\"https:\/\/labs.100x100.net\/projects\/rutasal\/los-participantes-en-la-regata-de-la-ruta-de-la-sal-ya-navegan-rumbo-a-ibiza\/#primaryimage\",\"url\":\"https:\/\/labs.100x100.net\/projects\/rutasal\/custom\/uploads\/2019\/04\/Flota-La-Ruta-de-la-Sal-2019.jpg\",\"contentUrl\":\"https:\/\/labs.100x100.net\/projects\/rutasal\/custom\/uploads\/2019\/04\/Flota-La-Ruta-de-la-Sal-2019.jpg\",\"width\":900,\"height\":601,\"caption\":\"Salida Versi\u00f3n Barcelona Foto: Alfred Farr\u00e9\"},{\"@type\":\"BreadcrumbList\",\"@id\":\"https:\/\/labs.100x100.net\/projects\/rutasal\/los-participantes-en-la-regata-de-la-ruta-de-la-sal-ya-navegan-rumbo-a-ibiza\/#breadcrumb\",\"itemListElement\":[{\"@type\":\"ListItem\",\"position\":1,\"name\":\"Portada\",\"item\":\"https:\/\/labs.100x100.net\/projects\/rutasal\/\"},{\"@type\":\"ListItem\",\"position\":2,\"name\":\"Los participantes en la regata de La Ruta de la Sal ya navegan rumbo a Ibiza\"}]},{\"@type\":\"WebSite\",\"@id\":\"https:\/\/labs.100x100.net\/projects\/rutasal\/#website\",\"url\":\"https:\/\/labs.100x100.net\/projects\/rutasal\/\",\"name\":\"Regata La Ruta de la Sal\",\"description\":\"Regata La Ruta de la Sal es una regata de Altura Mediterr\u00e1nea para barcos de crucero a vela con destino en Ibiza, que se disputa anualmente en Semana Santa.\",\"potentialAction\":[{\"@type\":\"SearchAction\",\"target\":{\"@type\":\"EntryPoint\",\"urlTemplate\":\"https:\/\/labs.100x100.net\/projects\/rutasal\/?s={search_term_string}\"},\"query-input\":\"required name=search_term_string\"}],\"inLanguage\":\"es\"},{\"@type\":\"Person\",\"@id\":\"https:\/\/labs.100x100.net\/projects\/rutasal\/#\/schema\/person\/24a02a346c826cf8502e7fb8edc0396c\",\"name\":\"Ferran\",\"image\":{\"@type\":\"ImageObject\",\"inLanguage\":\"es\",\"@id\":\"https:\/\/labs.100x100.net\/projects\/rutasal\/#\/schema\/person\/image\/\",\"url\":\"https:\/\/secure.gravatar.com\/avatar\/d1c4bb756eb5c888319d7e06d9dc1559?s=96&d=mm&r=g\",\"contentUrl\":\"https:\/\/secure.gravatar.com\/avatar\/d1c4bb756eb5c888319d7e06d9dc1559?s=96&d=mm&r=g\",\"caption\":\"Ferran\"}}]}<\/script>\n<!-- \/ Yoast SEO plugin. -->","yoast_head_json":{"title":"Los participantes en la regata de La Ruta de la Sal ya navegan rumbo a Ibiza | Regata La Ruta de la Sal","robots":{"index":"noindex","follow":"follow","max-snippet":"max-snippet:-1","max-image-preview":"max-image-preview:large","max-video-preview":"max-video-preview:-1"},"og_locale":"es_ES","og_type":"article","og_title":"Los participantes en la regata de La Ruta de la Sal ya navegan rumbo a Ibiza | Regata La Ruta de la Sal","og_description":"La meteorolog\u00eda, con intensos vientos dominantes de E-NE, obliga a adelantar los horarios de las salidas y en el caso de la Versi\u00f3n Mallorca a acortar el recorrido. Hoy 18 de abril de 2019, Jueves Santo, ha comenzado la 32 edici\u00f3n de la Regata de Altura de la Ruta de la Sal \u2013 con salidas [&hellip;]","og_url":"https:\/\/labs.100x100.net\/projects\/rutasal\/los-participantes-en-la-regata-de-la-ruta-de-la-sal-ya-navegan-rumbo-a-ibiza\/","og_site_name":"Regata La Ruta de la Sal","article_publisher":"https:\/\/www.facebook.com\/rutadelasal\/","article_published_time":"2019-04-18T13:51:36+00:00","article_modified_time":"2019-04-21T13:53:28+00:00","og_image":[{"width":900,"height":601,"url":"https:\/\/labs.100x100.net\/projects\/rutasal\/custom\/uploads\/2019\/04\/Flota-La-Ruta-de-la-Sal-2019.jpg","type":"image\/jpeg"}],"author":"Ferran","twitter_card":"summary_large_image","twitter_creator":"@AnamMedi","twitter_site":"@AnamMedi","twitter_misc":{"Escrito por":"Ferran","Tiempo de lectura":"2 minutos"},"schema":{"@context":"https:\/\/schema.org","@graph":[{"@type":"WebPage","@id":"https:\/\/labs.100x100.net\/projects\/rutasal\/los-participantes-en-la-regata-de-la-ruta-de-la-sal-ya-navegan-rumbo-a-ibiza\/","url":"https:\/\/labs.100x100.net\/projects\/rutasal\/los-participantes-en-la-regata-de-la-ruta-de-la-sal-ya-navegan-rumbo-a-ibiza\/","name":"Los participantes en la regata de La Ruta de la Sal ya navegan rumbo a Ibiza | Regata La Ruta de la Sal","isPartOf":{"@id":"https:\/\/labs.100x100.net\/projects\/rutasal\/#website"},"primaryImageOfPage":{"@id":"https:\/\/labs.100x100.net\/projects\/rutasal\/los-participantes-en-la-regata-de-la-ruta-de-la-sal-ya-navegan-rumbo-a-ibiza\/#primaryimage"},"image":{"@id":"https:\/\/labs.100x100.net\/projects\/rutasal\/los-participantes-en-la-regata-de-la-ruta-de-la-sal-ya-navegan-rumbo-a-ibiza\/#primaryimage"},"thumbnailUrl":"https:\/\/labs.100x100.net\/projects\/rutasal\/custom\/uploads\/2019\/04\/Flota-La-Ruta-de-la-Sal-2019.jpg","datePublished":"2019-04-18T13:51:36+00:00","dateModified":"2019-04-21T13:53:28+00:00","author":{"@id":"https:\/\/labs.100x100.net\/projects\/rutasal\/#\/schema\/person\/24a02a346c826cf8502e7fb8edc0396c"},"breadcrumb":{"@id":"https:\/\/labs.100x100.net\/projects\/rutasal\/los-participantes-en-la-regata-de-la-ruta-de-la-sal-ya-navegan-rumbo-a-ibiza\/#breadcrumb"},"inLanguage":"es","potentialAction":[{"@type":"ReadAction","target":["https:\/\/labs.100x100.net\/projects\/rutasal\/los-participantes-en-la-regata-de-la-ruta-de-la-sal-ya-navegan-rumbo-a-ibiza\/"]}]},{"@type":"ImageObject","inLanguage":"es","@id":"https:\/\/labs.100x100.net\/projects\/rutasal\/los-participantes-en-la-regata-de-la-ruta-de-la-sal-ya-navegan-rumbo-a-ibiza\/#primaryimage","url":"https:\/\/labs.100x100.net\/projects\/rutasal\/custom\/uploads\/2019\/04\/Flota-La-Ruta-de-la-Sal-2019.jpg","contentUrl":"https:\/\/labs.100x100.net\/projects\/rutasal\/custom\/uploads\/2019\/04\/Flota-La-Ruta-de-la-Sal-2019.jpg","width":900,"height":601,"caption":"Salida Versi\u00f3n Barcelona Foto: Alfred Farr\u00e9"},{"@type":"BreadcrumbList","@id":"https:\/\/labs.100x100.net\/projects\/rutasal\/los-participantes-en-la-regata-de-la-ruta-de-la-sal-ya-navegan-rumbo-a-ibiza\/#breadcrumb","itemListElement":[{"@type":"ListItem","position":1,"name":"Portada","item":"https:\/\/labs.100x100.net\/projects\/rutasal\/"},{"@type":"ListItem","position":2,"name":"Los participantes en la regata de La Ruta de la Sal ya navegan rumbo a Ibiza"}]},{"@type":"WebSite","@id":"https:\/\/labs.100x100.net\/projects\/rutasal\/#website","url":"https:\/\/labs.100x100.net\/projects\/rutasal\/","name":"Regata La Ruta de la Sal","description":"Regata La Ruta de la Sal es una regata de Altura Mediterr\u00e1nea para barcos de crucero a vela con destino en Ibiza, que se disputa anualmente en Semana Santa.","potentialAction":[{"@type":"SearchAction","target":{"@type":"EntryPoint","urlTemplate":"https:\/\/labs.100x100.net\/projects\/rutasal\/?s={search_term_string}"},"query-input":"required name=search_term_string"}],"inLanguage":"es"},{"@type":"Person","@id":"https:\/\/labs.100x100.net\/projects\/rutasal\/#\/schema\/person\/24a02a346c826cf8502e7fb8edc0396c","name":"Ferran","image":{"@type":"ImageObject","inLanguage":"es","@id":"https:\/\/labs.100x100.net\/projects\/rutasal\/#\/schema\/person\/image\/","url":"https:\/\/secure.gravatar.com\/avatar\/d1c4bb756eb5c888319d7e06d9dc1559?s=96&d=mm&r=g","contentUrl":"https:\/\/secure.gravatar.com\/avatar\/d1c4bb756eb5c888319d7e06d9dc1559?s=96&d=mm&r=g","caption":"Ferran"}}]}},"_links":{"self":[{"href":"https:\/\/labs.100x100.net\/projects\/rutasal\/wp-json\/wp\/v2\/posts\/4196"}],"collection":[{"href":"https:\/\/labs.100x100.net\/projects\/rutasal\/wp-json\/wp\/v2\/posts"}],"about":[{"href":"https:\/\/labs.100x100.net\/projects\/rutasal\/wp-json\/wp\/v2\/types\/post"}],"author":[{"embeddable":true,"href":"https:\/\/labs.100x100.net\/projects\/rutasal\/wp-json\/wp\/v2\/users\/2"}],"replies":[{"embeddable":true,"href":"https:\/\/labs.100x100.net\/projects\/rutasal\/wp-json\/wp\/v2\/comments?post=4196"}],"version-history":[{"count":10,"href":"https:\/\/labs.100x100.net\/projects\/rutasal\/wp-json\/wp\/v2\/posts\/4196\/revisions"}],"predecessor-version":[{"id":4215,"href":"https:\/\/labs.100x100.net\/projects\/rutasal\/wp-json\/wp\/v2\/posts\/4196\/revisions\/4215"}],"wp:featuredmedia":[{"embeddable":true,"href":"https:\/\/labs.100x100.net\/projects\/rutasal\/wp-json\/wp\/v2\/media\/4198"}],"wp:attachment":[{"href":"https:\/\/labs.100x100.net\/projects\/rutasal\/wp-json\/wp\/v2\/media?parent=4196"}],"wp:term":[{"taxonomy":"category","embeddable":true,"href":"https:\/\/labs.100x100.net\/projects\/rutasal\/wp-json\/wp\/v2\/categories?post=4196"},{"taxonomy":"post_tag","embeddable":true,"href":"https:\/\/labs.100x100.net\/projects\/rutasal\/wp-json\/wp\/v2\/tags?post=4196"}],"curies":[{"name":"wp","href":"https:\/\/api.w.org\/{rel}","templated":true}]}}