{"id":4190,"date":"2019-04-17T15:25:49","date_gmt":"2019-04-17T13:25:49","guid":{"rendered":"https:\/\/larutadelasal.com\/?p=4190"},"modified":"2019-04-21T15:38:03","modified_gmt":"2019-04-21T13:38:03","slug":"jornada-de-registro-los-regatistas-preparados-para-el-salto-a-ibiza","status":"publish","type":"post","link":"https:\/\/labs.100x100.net\/projects\/rutasal\/jornada-de-registro-los-regatistas-preparados-para-el-salto-a-ibiza\/","title":{"rendered":"Jornada de registro: Los regatistas preparados para el salto a Ibiza"},"content":{"rendered":"<p><img loading=\"lazy\" decoding=\"async\" class=\"alignnone wp-image-4191 size-large\" src=\"https:\/\/larutadelasal.com\/custom\/uploads\/2019\/04\/IMG_20190417_140344-1024x768.jpg\" alt=\"\" width=\"1024\" height=\"768\" srcset=\"https:\/\/labs.100x100.net\/projects\/rutasal\/custom\/uploads\/2019\/04\/IMG_20190417_140344-1024x768.jpg 1024w, https:\/\/labs.100x100.net\/projects\/rutasal\/custom\/uploads\/2019\/04\/IMG_20190417_140344-300x225.jpg 300w, https:\/\/labs.100x100.net\/projects\/rutasal\/custom\/uploads\/2019\/04\/IMG_20190417_140344-768x576.jpg 768w\" sizes=\"(max-width: 1024px) 100vw, 1024px\" \/><\/p>\n<p>Intensa jornada de registro de embarcaciones y tripulaciones para la 32 edici\u00f3n de La Ruta de la Sal. Los armadores, a lo largo de la jornada de hoy, han ido cumplimentando los requisitos en las tres sedes de salida de La Sal (Port Ginesta, Denia y Andratx) para ma\u00f1ana cubrir la largada rumbo Sant Antoni de Portmany, en la isla de Ibiza.<\/p>\n<p>Una edici\u00f3n donde el protagonismo, aparte de las embarcaciones y tripulantes, estar\u00e1 sin duda en las condiciones meteorol\u00f3gicas previstas para ma\u00f1ana. La entrada de vientos de componente NE, marcar\u00e1 la t\u00e1ctica de los navegantes.<\/p>\n<p>Ante estas previsiones el Comit\u00e9 de Regata ha decidido adelantar la hora de salida de los tres tramos de La Ruta de La Sal. La medida, anunciada en los TOA de las distintas sedes de partida, ha sido motivada para favorecer a las tripulaciones de cara las condiciones de viento y mar que se prev\u00e9 en toda el \u00e1rea del Mediterr\u00e1neo Occidental. As\u00ed, la salida desde Port Ginesta (Barcelona) est\u00e1 prevista para las 9 de la ma\u00f1ana. Una hora m\u00e1s tarde, a las 10 horas, se realizar\u00e1n las salidas Denia y Port Andratx.<\/p>\n<p><img loading=\"lazy\" decoding=\"async\" class=\"alignnone wp-image-4192 size-large\" src=\"https:\/\/larutadelasal.com\/custom\/uploads\/2019\/04\/IMG_20190417_140021-1024x768.jpg\" alt=\"La Ruta de la Sal 2019\" width=\"1024\" height=\"768\" srcset=\"https:\/\/labs.100x100.net\/projects\/rutasal\/custom\/uploads\/2019\/04\/IMG_20190417_140021-1024x768.jpg 1024w, https:\/\/labs.100x100.net\/projects\/rutasal\/custom\/uploads\/2019\/04\/IMG_20190417_140021-300x225.jpg 300w, https:\/\/labs.100x100.net\/projects\/rutasal\/custom\/uploads\/2019\/04\/IMG_20190417_140021-768x576.jpg 768w\" sizes=\"(max-width: 1024px) 100vw, 1024px\" \/><\/p>\n<p><strong>Ser\u00e1 una regata r\u00e1pida<\/strong><\/p>\n<p>Con estas condiciones se prev\u00e9 una Ruta de la Sal muy r\u00e1pida. Sobre todo para las embarcaciones de grandes esloras, que pueden cubrir los distintos trayectos en tiempos record.<\/p>\n<p>Entre los m\u00e1s r\u00e1pidos, desde Port Ginesta (Barcelona), est\u00e1n el One Shot of Cowes de Ruben Cuartas, un Advanced 66 de 21 metros eslora, o el Gymir de Francesc Roig, un Maxi Dolphin de 19,8 metros y el Mundus de Sergi Tena, el Open 60 de 18,28 metros. Estos veleros podr\u00e1n cubrir las 140 millas en menos de 18 horas. Otros veleros de menor eslora que salen de Port Ginesta ,pero que pueden hacer un registro muy r\u00e1pido son el Dehler 44 Bandido de Juan Carlos Otamendi, el Dufour 45 You Too de Michel Glaus, el Swan 45 Coratge de Manuel Jane o el Marjuin, el Grand Soleil 50 de Pere Roquet.<\/p>\n<p>Desde Denia el Comit\u00e9 tambi\u00e9n ha decidido adelantar la hora de salida. Aqu\u00ed los m\u00e1s r\u00e1pidos son los grandes esloras como el Swan80 Plis Play de Jose Rius Acebes, el Swan 75 Alzira Moraira de Agust\u00edn Gregori, el Brujo de Alberto de Castro, un Swan 45 . Como nota a destacar se\u00f1alar lospeque\u00f1os esloras como el Caf\u00e9 del Mar, un J92 de Toni Tur,de solo 9,12 metros y el Nautic Caf\u00e9 del Mar un Espada 34 de Juan CarlosSanchis, que tambi\u00e9n tienen la intenci\u00f3n de ser de los m\u00e1s r\u00e1pidos en el tramo Sur de la Ruta de la Sal. En este tramo losarmadores podr\u00e1n optar por el recorrido corto \u2013Mini Denia- directo desde Denia a Sant Antoni de Portmany, o el recorrido normal, contorneando Formentera e Ibiza por el Norte y descender a Sant Antoni.<\/p>\n<p><img loading=\"lazy\" decoding=\"async\" class=\"aligncenter wp-image-4193 size-large\" src=\"https:\/\/larutadelasal.com\/custom\/uploads\/2019\/04\/IMG_20190417_164858-1024x768.jpg\" alt=\"\" width=\"1024\" height=\"768\" srcset=\"https:\/\/labs.100x100.net\/projects\/rutasal\/custom\/uploads\/2019\/04\/IMG_20190417_164858-1024x768.jpg 1024w, https:\/\/labs.100x100.net\/projects\/rutasal\/custom\/uploads\/2019\/04\/IMG_20190417_164858-300x225.jpg 300w, https:\/\/labs.100x100.net\/projects\/rutasal\/custom\/uploads\/2019\/04\/IMG_20190417_164858-768x576.jpg 768w\" sizes=\"(max-width: 1024px) 100vw, 1024px\" \/><\/p>\n<p>Tambi\u00e9n es muy potente la escuadra que sale de Port Andratx (Mallorca), donde destacan el Finot 53 Spock de Thomas Shumache o el Swan 56 Clem de Jaime Olazabal que est\u00e1n dispuesto a cubrir el tramo de 60 millas n\u00e1uticas de forma muy r\u00e1pida, entre cinco y seis horas, ya que las condiciones de viento puede que les permite un rumbo directo hacia el SW.<\/p>\n<p>En la reuni\u00f3n de patrones se alert\u00f3 sobre las condiciones meteorol\u00f3gicas, que favorecer\u00e1n rumbos directos desde Port Ginesta y Andratx, con vientos portantes y que la largada desde Denia puede que sea algo m\u00e1s complicada, con vientos m\u00e1s encarados.<\/p>\n","protected":false},"excerpt":{"rendered":"<p>Intensa jornada de registro de embarcaciones y tripulaciones para la 32 edici\u00f3n de La Ruta de la Sal. Los armadores, a lo largo de la jornada de hoy, han ido cumplimentando los requisitos en las tres sedes de salida de La Sal (Port Ginesta, Denia y Andratx) para ma\u00f1ana cubrir la largada rumbo Sant Antoni [&hellip;]<\/p>\n","protected":false},"author":2,"featured_media":4191,"comment_status":"open","ping_status":"open","sticky":false,"template":"","format":"standard","meta":{"_acf_changed":false,"footnotes":""},"categories":[3],"tags":[],"acf":[],"yoast_head":"<!-- This site is optimized with the Yoast SEO plugin v23.0 - https:\/\/yoast.com\/wordpress\/plugins\/seo\/ -->\n<title>Jornada de registro: Los regatistas preparados para el salto a Ibiza | Regata La Ruta de la Sal<\/title>\n<meta name=\"robots\" content=\"noindex, follow, max-snippet:-1, max-image-preview:large, max-video-preview:-1\" \/>\n<meta property=\"og:locale\" content=\"es_ES\" \/>\n<meta property=\"og:type\" content=\"article\" \/>\n<meta property=\"og:title\" content=\"Jornada de registro: Los regatistas preparados para el salto a Ibiza | Regata La Ruta de la Sal\" \/>\n<meta property=\"og:description\" content=\"Intensa jornada de registro de embarcaciones y tripulaciones para la 32 edici\u00f3n de La Ruta de la Sal. Los armadores, a lo largo de la jornada de hoy, han ido cumplimentando los requisitos en las tres sedes de salida de La Sal (Port Ginesta, Denia y Andratx) para ma\u00f1ana cubrir la largada rumbo Sant Antoni [&hellip;]\" \/>\n<meta property=\"og:url\" content=\"https:\/\/labs.100x100.net\/projects\/rutasal\/jornada-de-registro-los-regatistas-preparados-para-el-salto-a-ibiza\/\" \/>\n<meta property=\"og:site_name\" content=\"Regata La Ruta de la Sal\" \/>\n<meta property=\"article:publisher\" content=\"https:\/\/www.facebook.com\/rutadelasal\/\" \/>\n<meta property=\"article:published_time\" content=\"2019-04-17T13:25:49+00:00\" \/>\n<meta property=\"article:modified_time\" content=\"2019-04-21T13:38:03+00:00\" \/>\n<meta property=\"og:image\" content=\"https:\/\/labs.100x100.net\/projects\/rutasal\/custom\/uploads\/2019\/04\/IMG_20190417_140344-1024x768.jpg\" \/>\n\t<meta property=\"og:image:width\" content=\"1024\" \/>\n\t<meta property=\"og:image:height\" content=\"768\" \/>\n\t<meta property=\"og:image:type\" content=\"image\/jpeg\" \/>\n<meta name=\"author\" content=\"Ferran\" \/>\n<meta name=\"twitter:card\" content=\"summary_large_image\" \/>\n<meta name=\"twitter:creator\" content=\"@AnamMedi\" \/>\n<meta name=\"twitter:site\" content=\"@AnamMedi\" \/>\n<meta name=\"twitter:label1\" content=\"Escrito por\" \/>\n\t<meta name=\"twitter:data1\" content=\"Ferran\" \/>\n\t<meta name=\"twitter:label2\" content=\"Tiempo de lectura\" \/>\n\t<meta name=\"twitter:data2\" content=\"3 minutos\" \/>\n<script type=\"application\/ld+json\" class=\"yoast-schema-graph\">{\"@context\":\"https:\/\/schema.org\",\"@graph\":[{\"@type\":\"WebPage\",\"@id\":\"https:\/\/labs.100x100.net\/projects\/rutasal\/jornada-de-registro-los-regatistas-preparados-para-el-salto-a-ibiza\/\",\"url\":\"https:\/\/labs.100x100.net\/projects\/rutasal\/jornada-de-registro-los-regatistas-preparados-para-el-salto-a-ibiza\/\",\"name\":\"Jornada de registro: Los regatistas preparados para el salto a Ibiza | Regata La Ruta de la Sal\",\"isPartOf\":{\"@id\":\"https:\/\/labs.100x100.net\/projects\/rutasal\/#website\"},\"primaryImageOfPage\":{\"@id\":\"https:\/\/labs.100x100.net\/projects\/rutasal\/jornada-de-registro-los-regatistas-preparados-para-el-salto-a-ibiza\/#primaryimage\"},\"image\":{\"@id\":\"https:\/\/labs.100x100.net\/projects\/rutasal\/jornada-de-registro-los-regatistas-preparados-para-el-salto-a-ibiza\/#primaryimage\"},\"thumbnailUrl\":\"https:\/\/labs.100x100.net\/projects\/rutasal\/custom\/uploads\/2019\/04\/IMG_20190417_140344.jpg\",\"datePublished\":\"2019-04-17T13:25:49+00:00\",\"dateModified\":\"2019-04-21T13:38:03+00:00\",\"author\":{\"@id\":\"https:\/\/labs.100x100.net\/projects\/rutasal\/#\/schema\/person\/24a02a346c826cf8502e7fb8edc0396c\"},\"breadcrumb\":{\"@id\":\"https:\/\/labs.100x100.net\/projects\/rutasal\/jornada-de-registro-los-regatistas-preparados-para-el-salto-a-ibiza\/#breadcrumb\"},\"inLanguage\":\"es\",\"potentialAction\":[{\"@type\":\"ReadAction\",\"target\":[\"https:\/\/labs.100x100.net\/projects\/rutasal\/jornada-de-registro-los-regatistas-preparados-para-el-salto-a-ibiza\/\"]}]},{\"@type\":\"ImageObject\",\"inLanguage\":\"es\",\"@id\":\"https:\/\/labs.100x100.net\/projects\/rutasal\/jornada-de-registro-los-regatistas-preparados-para-el-salto-a-ibiza\/#primaryimage\",\"url\":\"https:\/\/labs.100x100.net\/projects\/rutasal\/custom\/uploads\/2019\/04\/IMG_20190417_140344.jpg\",\"contentUrl\":\"https:\/\/labs.100x100.net\/projects\/rutasal\/custom\/uploads\/2019\/04\/IMG_20190417_140344.jpg\",\"width\":3968,\"height\":2976,\"caption\":\"rptnb\"},{\"@type\":\"BreadcrumbList\",\"@id\":\"https:\/\/labs.100x100.net\/projects\/rutasal\/jornada-de-registro-los-regatistas-preparados-para-el-salto-a-ibiza\/#breadcrumb\",\"itemListElement\":[{\"@type\":\"ListItem\",\"position\":1,\"name\":\"Portada\",\"item\":\"https:\/\/labs.100x100.net\/projects\/rutasal\/\"},{\"@type\":\"ListItem\",\"position\":2,\"name\":\"Jornada de registro: Los regatistas preparados para el salto a Ibiza\"}]},{\"@type\":\"WebSite\",\"@id\":\"https:\/\/labs.100x100.net\/projects\/rutasal\/#website\",\"url\":\"https:\/\/labs.100x100.net\/projects\/rutasal\/\",\"name\":\"Regata La Ruta de la Sal\",\"description\":\"Regata La Ruta de la Sal es una regata de Altura Mediterr\u00e1nea para barcos de crucero a vela con destino en Ibiza, que se disputa anualmente en Semana Santa.\",\"potentialAction\":[{\"@type\":\"SearchAction\",\"target\":{\"@type\":\"EntryPoint\",\"urlTemplate\":\"https:\/\/labs.100x100.net\/projects\/rutasal\/?s={search_term_string}\"},\"query-input\":\"required name=search_term_string\"}],\"inLanguage\":\"es\"},{\"@type\":\"Person\",\"@id\":\"https:\/\/labs.100x100.net\/projects\/rutasal\/#\/schema\/person\/24a02a346c826cf8502e7fb8edc0396c\",\"name\":\"Ferran\",\"image\":{\"@type\":\"ImageObject\",\"inLanguage\":\"es\",\"@id\":\"https:\/\/labs.100x100.net\/projects\/rutasal\/#\/schema\/person\/image\/\",\"url\":\"https:\/\/secure.gravatar.com\/avatar\/d1c4bb756eb5c888319d7e06d9dc1559?s=96&d=mm&r=g\",\"contentUrl\":\"https:\/\/secure.gravatar.com\/avatar\/d1c4bb756eb5c888319d7e06d9dc1559?s=96&d=mm&r=g\",\"caption\":\"Ferran\"}}]}<\/script>\n<!-- \/ Yoast SEO plugin. -->","yoast_head_json":{"title":"Jornada de registro: Los regatistas preparados para el salto a Ibiza | Regata La Ruta de la Sal","robots":{"index":"noindex","follow":"follow","max-snippet":"max-snippet:-1","max-image-preview":"max-image-preview:large","max-video-preview":"max-video-preview:-1"},"og_locale":"es_ES","og_type":"article","og_title":"Jornada de registro: Los regatistas preparados para el salto a Ibiza | Regata La Ruta de la Sal","og_description":"Intensa jornada de registro de embarcaciones y tripulaciones para la 32 edici\u00f3n de La Ruta de la Sal. Los armadores, a lo largo de la jornada de hoy, han ido cumplimentando los requisitos en las tres sedes de salida de La Sal (Port Ginesta, Denia y Andratx) para ma\u00f1ana cubrir la largada rumbo Sant Antoni [&hellip;]","og_url":"https:\/\/labs.100x100.net\/projects\/rutasal\/jornada-de-registro-los-regatistas-preparados-para-el-salto-a-ibiza\/","og_site_name":"Regata La Ruta de la Sal","article_publisher":"https:\/\/www.facebook.com\/rutadelasal\/","article_published_time":"2019-04-17T13:25:49+00:00","article_modified_time":"2019-04-21T13:38:03+00:00","og_image":[{"width":1024,"height":768,"url":"https:\/\/labs.100x100.net\/projects\/rutasal\/custom\/uploads\/2019\/04\/IMG_20190417_140344-1024x768.jpg","type":"image\/jpeg"}],"author":"Ferran","twitter_card":"summary_large_image","twitter_creator":"@AnamMedi","twitter_site":"@AnamMedi","twitter_misc":{"Escrito por":"Ferran","Tiempo de lectura":"3 minutos"},"schema":{"@context":"https:\/\/schema.org","@graph":[{"@type":"WebPage","@id":"https:\/\/labs.100x100.net\/projects\/rutasal\/jornada-de-registro-los-regatistas-preparados-para-el-salto-a-ibiza\/","url":"https:\/\/labs.100x100.net\/projects\/rutasal\/jornada-de-registro-los-regatistas-preparados-para-el-salto-a-ibiza\/","name":"Jornada de registro: Los regatistas preparados para el salto a Ibiza | Regata La Ruta de la Sal","isPartOf":{"@id":"https:\/\/labs.100x100.net\/projects\/rutasal\/#website"},"primaryImageOfPage":{"@id":"https:\/\/labs.100x100.net\/projects\/rutasal\/jornada-de-registro-los-regatistas-preparados-para-el-salto-a-ibiza\/#primaryimage"},"image":{"@id":"https:\/\/labs.100x100.net\/projects\/rutasal\/jornada-de-registro-los-regatistas-preparados-para-el-salto-a-ibiza\/#primaryimage"},"thumbnailUrl":"https:\/\/labs.100x100.net\/projects\/rutasal\/custom\/uploads\/2019\/04\/IMG_20190417_140344.jpg","datePublished":"2019-04-17T13:25:49+00:00","dateModified":"2019-04-21T13:38:03+00:00","author":{"@id":"https:\/\/labs.100x100.net\/projects\/rutasal\/#\/schema\/person\/24a02a346c826cf8502e7fb8edc0396c"},"breadcrumb":{"@id":"https:\/\/labs.100x100.net\/projects\/rutasal\/jornada-de-registro-los-regatistas-preparados-para-el-salto-a-ibiza\/#breadcrumb"},"inLanguage":"es","potentialAction":[{"@type":"ReadAction","target":["https:\/\/labs.100x100.net\/projects\/rutasal\/jornada-de-registro-los-regatistas-preparados-para-el-salto-a-ibiza\/"]}]},{"@type":"ImageObject","inLanguage":"es","@id":"https:\/\/labs.100x100.net\/projects\/rutasal\/jornada-de-registro-los-regatistas-preparados-para-el-salto-a-ibiza\/#primaryimage","url":"https:\/\/labs.100x100.net\/projects\/rutasal\/custom\/uploads\/2019\/04\/IMG_20190417_140344.jpg","contentUrl":"https:\/\/labs.100x100.net\/projects\/rutasal\/custom\/uploads\/2019\/04\/IMG_20190417_140344.jpg","width":3968,"height":2976,"caption":"rptnb"},{"@type":"BreadcrumbList","@id":"https:\/\/labs.100x100.net\/projects\/rutasal\/jornada-de-registro-los-regatistas-preparados-para-el-salto-a-ibiza\/#breadcrumb","itemListElement":[{"@type":"ListItem","position":1,"name":"Portada","item":"https:\/\/labs.100x100.net\/projects\/rutasal\/"},{"@type":"ListItem","position":2,"name":"Jornada de registro: Los regatistas preparados para el salto a Ibiza"}]},{"@type":"WebSite","@id":"https:\/\/labs.100x100.net\/projects\/rutasal\/#website","url":"https:\/\/labs.100x100.net\/projects\/rutasal\/","name":"Regata La Ruta de la Sal","description":"Regata La Ruta de la Sal es una regata de Altura Mediterr\u00e1nea para barcos de crucero a vela con destino en Ibiza, que se disputa anualmente en Semana Santa.","potentialAction":[{"@type":"SearchAction","target":{"@type":"EntryPoint","urlTemplate":"https:\/\/labs.100x100.net\/projects\/rutasal\/?s={search_term_string}"},"query-input":"required name=search_term_string"}],"inLanguage":"es"},{"@type":"Person","@id":"https:\/\/labs.100x100.net\/projects\/rutasal\/#\/schema\/person\/24a02a346c826cf8502e7fb8edc0396c","name":"Ferran","image":{"@type":"ImageObject","inLanguage":"es","@id":"https:\/\/labs.100x100.net\/projects\/rutasal\/#\/schema\/person\/image\/","url":"https:\/\/secure.gravatar.com\/avatar\/d1c4bb756eb5c888319d7e06d9dc1559?s=96&d=mm&r=g","contentUrl":"https:\/\/secure.gravatar.com\/avatar\/d1c4bb756eb5c888319d7e06d9dc1559?s=96&d=mm&r=g","caption":"Ferran"}}]}},"_links":{"self":[{"href":"https:\/\/labs.100x100.net\/projects\/rutasal\/wp-json\/wp\/v2\/posts\/4190"}],"collection":[{"href":"https:\/\/labs.100x100.net\/projects\/rutasal\/wp-json\/wp\/v2\/posts"}],"about":[{"href":"https:\/\/labs.100x100.net\/projects\/rutasal\/wp-json\/wp\/v2\/types\/post"}],"author":[{"embeddable":true,"href":"https:\/\/labs.100x100.net\/projects\/rutasal\/wp-json\/wp\/v2\/users\/2"}],"replies":[{"embeddable":true,"href":"https:\/\/labs.100x100.net\/projects\/rutasal\/wp-json\/wp\/v2\/comments?post=4190"}],"version-history":[{"count":2,"href":"https:\/\/labs.100x100.net\/projects\/rutasal\/wp-json\/wp\/v2\/posts\/4190\/revisions"}],"predecessor-version":[{"id":4195,"href":"https:\/\/labs.100x100.net\/projects\/rutasal\/wp-json\/wp\/v2\/posts\/4190\/revisions\/4195"}],"wp:featuredmedia":[{"embeddable":true,"href":"https:\/\/labs.100x100.net\/projects\/rutasal\/wp-json\/wp\/v2\/media\/4191"}],"wp:attachment":[{"href":"https:\/\/labs.100x100.net\/projects\/rutasal\/wp-json\/wp\/v2\/media?parent=4190"}],"wp:term":[{"taxonomy":"category","embeddable":true,"href":"https:\/\/labs.100x100.net\/projects\/rutasal\/wp-json\/wp\/v2\/categories?post=4190"},{"taxonomy":"post_tag","embeddable":true,"href":"https:\/\/labs.100x100.net\/projects\/rutasal\/wp-json\/wp\/v2\/tags?post=4190"}],"curies":[{"name":"wp","href":"https:\/\/api.w.org\/{rel}","templated":true}]}}