{"id":4097,"date":"2019-04-11T18:40:50","date_gmt":"2019-04-11T16:40:50","guid":{"rendered":"https:\/\/larutadelasal.com\/?p=4097"},"modified":"2019-04-16T11:34:34","modified_gmt":"2019-04-16T09:34:34","slug":"programa-la-ruta-de-la-sal-2019","status":"publish","type":"post","link":"https:\/\/labs.100x100.net\/projects\/rutasal\/programa-la-ruta-de-la-sal-2019\/","title":{"rendered":"Programa La Ruta de la Sal 2019"},"content":{"rendered":"<div id=\"lateral\"><\/div>\n<div id=\"contenidoPagina\">\n<div id=\"post-3354\" class=\"post-3354 post type-post status-publish format-standard hentry category-noticias tag-programa-la-ruta-de-la-sal\">\n<div class=\"postMeta\"><strong>CM PORT GINESTA<\/strong><\/div>\n<div class=\"storycontent\">\n<p><strong>Martes 16 de abril<\/strong><br \/>\n11h \u2013 19h. Formalizaci\u00f3n de inscripciones y entrega de la Bolsa del Capit\u00e1n con camisetas y<br \/>\nobsequios en 2\u00aaplanta Restaurante Santos.<br \/>\n<strong>Mi\u00e9rcoles 17 de abril<\/strong><br \/>\n11h \u2013 19h. Formalizaci\u00f3n de inscripciones y entrega de la Bolsa del Capit\u00e1n con camisetas y<br \/>\nobsequios en 2\u00aaplanta Restaurante Santos.<br \/>\n20.00 h. Reuni\u00f3n de Patrones.<br \/>\n21.00 h. Recepci\u00f3n a las tripulaciones en el Restaurante Es Capit\u00e0 de Port Ginesta con la<br \/>\ncena-buffet de bienvenida acompa\u00f1ada con Gramona.<br \/>\n<strong>Jueves 18 de abril<\/strong><br \/>\n8h \u2013 9h. Entrega de registro de salida en 2\u00aaplanta Restaurante Santos.<br \/>\n10:55 h. Se\u00f1al de atenci\u00f3n para la salida que se confirmar\u00e1 en la Reuni\u00f3n de Patrones.<\/p>\n<p><strong>SANT ANTONI DE PORTMANY, IBIZA.<\/strong><br \/>\n<strong>Jueves 18 de abril<\/strong><br \/>\nApertura del Village de Bienvenida en el CN Sant Antoni, que permanecer\u00e1 abierto las 24h.<br \/>\n<strong>Viernes 19 de abril<\/strong><br \/>\nR\u00edo Ibiza, punto de encuentro de los Navegantes. Invitaci\u00f3n gratuita a la Copa de Arribada<br \/>\npara todas las tripulaciones, en las terrazas de R\u00edo Ibiza.<br \/>\n<strong>S\u00e1bado 20 de abril<\/strong><br \/>\n12.00 h. Rueda de Prensa con los Vencedores de la regata, en el CN Sant Antoni.<br \/>\n17.00 h. Reuni\u00f3n patrones de la Regata Inshore de la Sal \u2013 Trofeo Ajuntament de Sant Antoni<br \/>\nen la terraza del CN Sant Antoni.<br \/>\n20.00 h. Acto Oficial de Entrega de Trofeos y Gran Sorteo entre todos los participantes en la<br \/>\nCarpa del Passeig de ses Fonts.<br \/>\n<strong>A CONTINUACI\u00d3N<\/strong>. Cena-Buffet y fiesta de clausura para todos los participantes de la<br \/>\nRegata en el Restaurante Es Nautic del CN Sant Antoni (Invitaci\u00f3n imprescindible para acceder<br \/>\na la cena).<\/p>\n<p><strong>Domingo 21 de abril<\/strong><br \/>\n11:25h Se\u00f1al de atenci\u00f3n. Regata Inshore de la Sal \u2013 Trofeo Ajuntament de Sant Antoni de<br \/>\nPortmany. Regata Costera de 10 millas aprox. frente a la Bah\u00eda de Sant Antoni. Tras cruzar la<br \/>\nl\u00ednea de llegada, los barcos podr\u00e1n poner rumbo directamente a sus puertos base. La entrega<br \/>\nde trofeos se realizar\u00e1 en octubre en el Sal\u00f3n N\u00e1utico Internacional de Barcelona.<\/p>\n<p><strong>RCN DENIA<\/strong><br \/>\n<strong>Mi\u00e9rcoles 17 de abril<\/strong><br \/>\n10h \u2013 20 h. Formalizaci\u00f3n de inscripciones y entrega de la Bolsa del Capit\u00e1n con camisetas y<br \/>\nobsequios.<br \/>\n21.00 h. Recepci\u00f3n a las tripulaciones en el RCN de Denia con la cena-buffet de bienvenida<br \/>\nacompa\u00f1ada con Gramona.<br \/>\n<strong>Jueves 18 de abril<\/strong><br \/>\n10.00 h. Reuni\u00f3n de Patrones en la 2\u00aa planta del Club.<br \/>\n13:55 h. Se\u00f1al de atenci\u00f3n para la salida que se confirmar\u00e1 en la Reuni\u00f3n de Patrones<\/p>\n<p><strong>SANT ANTONI DE PORTMANY, IBIZA.<\/strong><br \/>\n<strong>Jueves 18 de abril<\/strong><br \/>\nApertura del Village de Bienvenida en el CN Sant Antoni, que permanecer\u00e1 abierto las 24h.<\/p>\n<p><strong>Viernes 19 de abril<\/strong><br \/>\nR\u00edo Ibiza, punto de encuentro de los Navegantes. Invitaci\u00f3n gratuita a la Copa de Arribada<br \/>\npara todas las tripulaciones, en las terrazas de R\u00edo Ibiza.<\/p>\n<p><strong>S\u00e1bado 20 de abril<\/strong><br \/>\n12.00 h. Rueda de Prensa con los Vencedores de la regata, en el CN Sant Antoni.<br \/>\n17.00 h. Reuni\u00f3n patrones de la Regata Inshore de la Sal \u2013 Trofeo Ajuntament de Sant Antoni<br \/>\nen la terraza del CN Sant Antoni.<br \/>\n20.00 h. Acto Oficial de Entrega de Trofeos y Gran Sorteo entre todos los participantes en la<br \/>\nCarpa del Passeig de ses Fonts.<br \/>\n<strong>A CONTINUACI\u00d3N<\/strong>. Cena-Buffet y fiesta de clausura para todos los participantes de la<br \/>\nRegata en el Restaurante Es Nautic del CN Sant Antoni (Invitaci\u00f3n imprescindible para acceder<br \/>\na la cena).<\/p>\n<p><strong>Domingo 21 de abril<\/strong><br \/>\n11:25h Se\u00f1al de atenci\u00f3n. Regata Inshore de la Sal \u2013 Trofeo Ajuntament de Sant Antoni de<br \/>\nPortmany. Regata Costera de 10 millas aprox. frente a la Bah\u00eda de Sant Antoni. Tras cruzar la<br \/>\nl\u00ednea de llegada, los barcos podr\u00e1n poner rumbo directamente a sus puertos base.\u00a0La entrega<br \/>\nde trofeos se realizar\u00e1 en octubre en el Sal\u00f3n N\u00e1utico Internacional de Barcelona.<\/p>\n<p><strong>CVP d\u2019ANDRATX<\/strong><br \/>\n<strong>Mi\u00e9rcoles 17 de abril<\/strong><br \/>\n10h \u2013 20 h. Formalizaci\u00f3n de inscripciones y entrega de la Bolsa del Capit\u00e1n con camisetas y<br \/>\nobsequios.<br \/>\n21.00 h. Recepci\u00f3n de Bienvenida a las tripulaciones en el CV Port d\u2019Andraxt con catering y<br \/>\ndegustaciones varias.<br \/>\n<strong>Jueves 18 de abril<\/strong><br \/>\n9:00 h. Reuni\u00f3n de Patrones.<br \/>\n11:55 h. Se\u00f1al de atenci\u00f3n para la salida que se confirmar\u00e1 en la Reuni\u00f3n de Patrones.<\/p>\n<p><strong>SANT ANTONI DE PORTMANY, IBIZA.<\/strong><br \/>\n<strong>Jueves 18 de abril<\/strong><br \/>\nApertura del Village de Bienvenida en el CN Sant Antoni, que permanecer\u00e1 abierto las 24h.<\/p>\n<p><strong>Viernes 19 de abril<\/strong><br \/>\nR\u00edo Ibiza, punto de encuentro de los Navegantes. Invitaci\u00f3n gratuita a la Copa de Arribada<br \/>\npara todas las tripulaciones, en las terrazas de R\u00edo Ibiza.<br \/>\n<strong>S\u00e1bado 20 de abril<\/strong><br \/>\n12.00 h. Rueda de Prensa con los Vencedores de la regata, en el CN Sant Antoni.<br \/>\n17.00 h. Reuni\u00f3n patrones de la Regata Inshore de la Sal \u2013 Trofeo Ajuntament de Sant Antoni<br \/>\nen la terraza del CN Sant Antoni.<br \/>\n20.00 h. Acto Oficial de Entrega de Trofeos y Gran Sorteo entre todos los participantes en la<br \/>\nCarpa del Passeig de ses Fonts.<br \/>\n<strong>A CONTINUACI\u00d3N<\/strong>. Cena-Buffet y fiesta de clausura para todos los participantes de la<br \/>\nRegata en el Restaurante Es Nautic del CN Sant Antoni (Invitaci\u00f3n imprescindible para acceder<br \/>\na la cena).<\/p>\n<p><strong>Domingo 21 de abril<\/strong><br \/>\n11:25h Se\u00f1al de atenci\u00f3n Regata Inshore de la Sal \u2013 Trofeo Ajuntament de Sant Antoni de<br \/>\nPortmany. Regata Costera de 10 millas aprox. frente a la Bah\u00eda de Sant Antoni. Tras cruzar la<br \/>\nl\u00ednea de llegada, los barcos podr\u00e1n poner rumbo directamente a sus puertos base. La entrega<br \/>\nde trofeos se realizar\u00e1 en octubre en el Sal\u00f3n N\u00e1utico Internacional de Barcelona.<\/p>\n<\/div>\n<\/div>\n<\/div>\n","protected":false},"excerpt":{"rendered":"<p>CM PORT GINESTA Martes 16 de abril 11h \u2013 19h. Formalizaci\u00f3n de inscripciones y entrega de la Bolsa del Capit\u00e1n con camisetas y obsequios en 2\u00aaplanta Restaurante Santos. Mi\u00e9rcoles 17 de abril 11h \u2013 19h. Formalizaci\u00f3n de inscripciones y entrega de la Bolsa del Capit\u00e1n con camisetas y obsequios en 2\u00aaplanta Restaurante Santos. 20.00 h. [&hellip;]<\/p>\n","protected":false},"author":1,"featured_media":4133,"comment_status":"open","ping_status":"open","sticky":false,"template":"","format":"standard","meta":{"_acf_changed":false,"footnotes":""},"categories":[3],"tags":[],"acf":[],"yoast_head":"<!-- This site is optimized with the Yoast SEO plugin v23.0 - https:\/\/yoast.com\/wordpress\/plugins\/seo\/ -->\n<title>Programa La Ruta de la Sal 2019 | Regata La Ruta de la Sal<\/title>\n<meta name=\"robots\" content=\"noindex, follow, max-snippet:-1, max-image-preview:large, max-video-preview:-1\" \/>\n<meta property=\"og:locale\" content=\"es_ES\" \/>\n<meta property=\"og:type\" content=\"article\" \/>\n<meta property=\"og:title\" content=\"Programa La Ruta de la Sal 2019 | Regata La Ruta de la Sal\" \/>\n<meta property=\"og:description\" content=\"CM PORT GINESTA Martes 16 de abril 11h \u2013 19h. Formalizaci\u00f3n de inscripciones y entrega de la Bolsa del Capit\u00e1n con camisetas y obsequios en 2\u00aaplanta Restaurante Santos. Mi\u00e9rcoles 17 de abril 11h \u2013 19h. Formalizaci\u00f3n de inscripciones y entrega de la Bolsa del Capit\u00e1n con camisetas y obsequios en 2\u00aaplanta Restaurante Santos. 20.00 h. [&hellip;]\" \/>\n<meta property=\"og:url\" content=\"https:\/\/labs.100x100.net\/projects\/rutasal\/programa-la-ruta-de-la-sal-2019\/\" \/>\n<meta property=\"og:site_name\" content=\"Regata La Ruta de la Sal\" \/>\n<meta property=\"article:publisher\" content=\"https:\/\/www.facebook.com\/rutadelasal\/\" \/>\n<meta property=\"article:published_time\" content=\"2019-04-11T16:40:50+00:00\" \/>\n<meta property=\"article:modified_time\" content=\"2019-04-16T09:34:34+00:00\" \/>\n<meta property=\"og:image\" content=\"https:\/\/labs.100x100.net\/projects\/rutasal\/custom\/uploads\/2019\/04\/40299402385_bd42efa9c7_z.jpg\" \/>\n\t<meta property=\"og:image:width\" content=\"640\" \/>\n\t<meta property=\"og:image:height\" content=\"427\" \/>\n\t<meta property=\"og:image:type\" content=\"image\/jpeg\" \/>\n<meta name=\"author\" content=\"La Ruta de la Sal\" \/>\n<meta name=\"twitter:card\" content=\"summary_large_image\" \/>\n<meta name=\"twitter:creator\" content=\"@AnamMedi\" \/>\n<meta name=\"twitter:site\" content=\"@AnamMedi\" \/>\n<meta name=\"twitter:label1\" content=\"Escrito por\" \/>\n\t<meta name=\"twitter:data1\" content=\"La Ruta de la Sal\" \/>\n\t<meta name=\"twitter:label2\" content=\"Tiempo de lectura\" \/>\n\t<meta name=\"twitter:data2\" content=\"5 minutos\" \/>\n<script type=\"application\/ld+json\" class=\"yoast-schema-graph\">{\"@context\":\"https:\/\/schema.org\",\"@graph\":[{\"@type\":\"WebPage\",\"@id\":\"https:\/\/labs.100x100.net\/projects\/rutasal\/programa-la-ruta-de-la-sal-2019\/\",\"url\":\"https:\/\/labs.100x100.net\/projects\/rutasal\/programa-la-ruta-de-la-sal-2019\/\",\"name\":\"Programa La Ruta de la Sal 2019 | Regata La Ruta de la Sal\",\"isPartOf\":{\"@id\":\"https:\/\/labs.100x100.net\/projects\/rutasal\/#website\"},\"primaryImageOfPage\":{\"@id\":\"https:\/\/labs.100x100.net\/projects\/rutasal\/programa-la-ruta-de-la-sal-2019\/#primaryimage\"},\"image\":{\"@id\":\"https:\/\/labs.100x100.net\/projects\/rutasal\/programa-la-ruta-de-la-sal-2019\/#primaryimage\"},\"thumbnailUrl\":\"https:\/\/labs.100x100.net\/projects\/rutasal\/custom\/uploads\/2019\/04\/40299402385_bd42efa9c7_z.jpg\",\"datePublished\":\"2019-04-11T16:40:50+00:00\",\"dateModified\":\"2019-04-16T09:34:34+00:00\",\"author\":{\"@id\":\"https:\/\/labs.100x100.net\/projects\/rutasal\/#\/schema\/person\/214eeb4a2e78fd8373a0a94f6d93c9ca\"},\"breadcrumb\":{\"@id\":\"https:\/\/labs.100x100.net\/projects\/rutasal\/programa-la-ruta-de-la-sal-2019\/#breadcrumb\"},\"inLanguage\":\"es\",\"potentialAction\":[{\"@type\":\"ReadAction\",\"target\":[\"https:\/\/labs.100x100.net\/projects\/rutasal\/programa-la-ruta-de-la-sal-2019\/\"]}]},{\"@type\":\"ImageObject\",\"inLanguage\":\"es\",\"@id\":\"https:\/\/labs.100x100.net\/projects\/rutasal\/programa-la-ruta-de-la-sal-2019\/#primaryimage\",\"url\":\"https:\/\/labs.100x100.net\/projects\/rutasal\/custom\/uploads\/2019\/04\/40299402385_bd42efa9c7_z.jpg\",\"contentUrl\":\"https:\/\/labs.100x100.net\/projects\/rutasal\/custom\/uploads\/2019\/04\/40299402385_bd42efa9c7_z.jpg\",\"width\":640,\"height\":427},{\"@type\":\"BreadcrumbList\",\"@id\":\"https:\/\/labs.100x100.net\/projects\/rutasal\/programa-la-ruta-de-la-sal-2019\/#breadcrumb\",\"itemListElement\":[{\"@type\":\"ListItem\",\"position\":1,\"name\":\"Portada\",\"item\":\"https:\/\/labs.100x100.net\/projects\/rutasal\/\"},{\"@type\":\"ListItem\",\"position\":2,\"name\":\"Programa La Ruta de la Sal 2019\"}]},{\"@type\":\"WebSite\",\"@id\":\"https:\/\/labs.100x100.net\/projects\/rutasal\/#website\",\"url\":\"https:\/\/labs.100x100.net\/projects\/rutasal\/\",\"name\":\"Regata La Ruta de la Sal\",\"description\":\"Regata La Ruta de la Sal es una regata de Altura Mediterr\u00e1nea para barcos de crucero a vela con destino en Ibiza, que se disputa anualmente en Semana Santa.\",\"potentialAction\":[{\"@type\":\"SearchAction\",\"target\":{\"@type\":\"EntryPoint\",\"urlTemplate\":\"https:\/\/labs.100x100.net\/projects\/rutasal\/?s={search_term_string}\"},\"query-input\":\"required name=search_term_string\"}],\"inLanguage\":\"es\"},{\"@type\":\"Person\",\"@id\":\"https:\/\/labs.100x100.net\/projects\/rutasal\/#\/schema\/person\/214eeb4a2e78fd8373a0a94f6d93c9ca\",\"name\":\"La Ruta de la Sal\",\"image\":{\"@type\":\"ImageObject\",\"inLanguage\":\"es\",\"@id\":\"https:\/\/labs.100x100.net\/projects\/rutasal\/#\/schema\/person\/image\/\",\"url\":\"https:\/\/secure.gravatar.com\/avatar\/b247286d4b801d6b1cfcfb3807587284?s=96&d=mm&r=g\",\"contentUrl\":\"https:\/\/secure.gravatar.com\/avatar\/b247286d4b801d6b1cfcfb3807587284?s=96&d=mm&r=g\",\"caption\":\"La Ruta de la Sal\"}}]}<\/script>\n<!-- \/ Yoast SEO plugin. -->","yoast_head_json":{"title":"Programa La Ruta de la Sal 2019 | Regata La Ruta de la Sal","robots":{"index":"noindex","follow":"follow","max-snippet":"max-snippet:-1","max-image-preview":"max-image-preview:large","max-video-preview":"max-video-preview:-1"},"og_locale":"es_ES","og_type":"article","og_title":"Programa La Ruta de la Sal 2019 | Regata La Ruta de la Sal","og_description":"CM PORT GINESTA Martes 16 de abril 11h \u2013 19h. Formalizaci\u00f3n de inscripciones y entrega de la Bolsa del Capit\u00e1n con camisetas y obsequios en 2\u00aaplanta Restaurante Santos. Mi\u00e9rcoles 17 de abril 11h \u2013 19h. Formalizaci\u00f3n de inscripciones y entrega de la Bolsa del Capit\u00e1n con camisetas y obsequios en 2\u00aaplanta Restaurante Santos. 20.00 h. [&hellip;]","og_url":"https:\/\/labs.100x100.net\/projects\/rutasal\/programa-la-ruta-de-la-sal-2019\/","og_site_name":"Regata La Ruta de la Sal","article_publisher":"https:\/\/www.facebook.com\/rutadelasal\/","article_published_time":"2019-04-11T16:40:50+00:00","article_modified_time":"2019-04-16T09:34:34+00:00","og_image":[{"width":640,"height":427,"url":"https:\/\/labs.100x100.net\/projects\/rutasal\/custom\/uploads\/2019\/04\/40299402385_bd42efa9c7_z.jpg","type":"image\/jpeg"}],"author":"La Ruta de la Sal","twitter_card":"summary_large_image","twitter_creator":"@AnamMedi","twitter_site":"@AnamMedi","twitter_misc":{"Escrito por":"La Ruta de la Sal","Tiempo de lectura":"5 minutos"},"schema":{"@context":"https:\/\/schema.org","@graph":[{"@type":"WebPage","@id":"https:\/\/labs.100x100.net\/projects\/rutasal\/programa-la-ruta-de-la-sal-2019\/","url":"https:\/\/labs.100x100.net\/projects\/rutasal\/programa-la-ruta-de-la-sal-2019\/","name":"Programa La Ruta de la Sal 2019 | Regata La Ruta de la Sal","isPartOf":{"@id":"https:\/\/labs.100x100.net\/projects\/rutasal\/#website"},"primaryImageOfPage":{"@id":"https:\/\/labs.100x100.net\/projects\/rutasal\/programa-la-ruta-de-la-sal-2019\/#primaryimage"},"image":{"@id":"https:\/\/labs.100x100.net\/projects\/rutasal\/programa-la-ruta-de-la-sal-2019\/#primaryimage"},"thumbnailUrl":"https:\/\/labs.100x100.net\/projects\/rutasal\/custom\/uploads\/2019\/04\/40299402385_bd42efa9c7_z.jpg","datePublished":"2019-04-11T16:40:50+00:00","dateModified":"2019-04-16T09:34:34+00:00","author":{"@id":"https:\/\/labs.100x100.net\/projects\/rutasal\/#\/schema\/person\/214eeb4a2e78fd8373a0a94f6d93c9ca"},"breadcrumb":{"@id":"https:\/\/labs.100x100.net\/projects\/rutasal\/programa-la-ruta-de-la-sal-2019\/#breadcrumb"},"inLanguage":"es","potentialAction":[{"@type":"ReadAction","target":["https:\/\/labs.100x100.net\/projects\/rutasal\/programa-la-ruta-de-la-sal-2019\/"]}]},{"@type":"ImageObject","inLanguage":"es","@id":"https:\/\/labs.100x100.net\/projects\/rutasal\/programa-la-ruta-de-la-sal-2019\/#primaryimage","url":"https:\/\/labs.100x100.net\/projects\/rutasal\/custom\/uploads\/2019\/04\/40299402385_bd42efa9c7_z.jpg","contentUrl":"https:\/\/labs.100x100.net\/projects\/rutasal\/custom\/uploads\/2019\/04\/40299402385_bd42efa9c7_z.jpg","width":640,"height":427},{"@type":"BreadcrumbList","@id":"https:\/\/labs.100x100.net\/projects\/rutasal\/programa-la-ruta-de-la-sal-2019\/#breadcrumb","itemListElement":[{"@type":"ListItem","position":1,"name":"Portada","item":"https:\/\/labs.100x100.net\/projects\/rutasal\/"},{"@type":"ListItem","position":2,"name":"Programa La Ruta de la Sal 2019"}]},{"@type":"WebSite","@id":"https:\/\/labs.100x100.net\/projects\/rutasal\/#website","url":"https:\/\/labs.100x100.net\/projects\/rutasal\/","name":"Regata La Ruta de la Sal","description":"Regata La Ruta de la Sal es una regata de Altura Mediterr\u00e1nea para barcos de crucero a vela con destino en Ibiza, que se disputa anualmente en Semana Santa.","potentialAction":[{"@type":"SearchAction","target":{"@type":"EntryPoint","urlTemplate":"https:\/\/labs.100x100.net\/projects\/rutasal\/?s={search_term_string}"},"query-input":"required name=search_term_string"}],"inLanguage":"es"},{"@type":"Person","@id":"https:\/\/labs.100x100.net\/projects\/rutasal\/#\/schema\/person\/214eeb4a2e78fd8373a0a94f6d93c9ca","name":"La Ruta de la Sal","image":{"@type":"ImageObject","inLanguage":"es","@id":"https:\/\/labs.100x100.net\/projects\/rutasal\/#\/schema\/person\/image\/","url":"https:\/\/secure.gravatar.com\/avatar\/b247286d4b801d6b1cfcfb3807587284?s=96&d=mm&r=g","contentUrl":"https:\/\/secure.gravatar.com\/avatar\/b247286d4b801d6b1cfcfb3807587284?s=96&d=mm&r=g","caption":"La Ruta de la Sal"}}]}},"_links":{"self":[{"href":"https:\/\/labs.100x100.net\/projects\/rutasal\/wp-json\/wp\/v2\/posts\/4097"}],"collection":[{"href":"https:\/\/labs.100x100.net\/projects\/rutasal\/wp-json\/wp\/v2\/posts"}],"about":[{"href":"https:\/\/labs.100x100.net\/projects\/rutasal\/wp-json\/wp\/v2\/types\/post"}],"author":[{"embeddable":true,"href":"https:\/\/labs.100x100.net\/projects\/rutasal\/wp-json\/wp\/v2\/users\/1"}],"replies":[{"embeddable":true,"href":"https:\/\/labs.100x100.net\/projects\/rutasal\/wp-json\/wp\/v2\/comments?post=4097"}],"version-history":[{"count":2,"href":"https:\/\/labs.100x100.net\/projects\/rutasal\/wp-json\/wp\/v2\/posts\/4097\/revisions"}],"predecessor-version":[{"id":4099,"href":"https:\/\/labs.100x100.net\/projects\/rutasal\/wp-json\/wp\/v2\/posts\/4097\/revisions\/4099"}],"wp:featuredmedia":[{"embeddable":true,"href":"https:\/\/labs.100x100.net\/projects\/rutasal\/wp-json\/wp\/v2\/media\/4133"}],"wp:attachment":[{"href":"https:\/\/labs.100x100.net\/projects\/rutasal\/wp-json\/wp\/v2\/media?parent=4097"}],"wp:term":[{"taxonomy":"category","embeddable":true,"href":"https:\/\/labs.100x100.net\/projects\/rutasal\/wp-json\/wp\/v2\/categories?post=4097"},{"taxonomy":"post_tag","embeddable":true,"href":"https:\/\/labs.100x100.net\/projects\/rutasal\/wp-json\/wp\/v2\/tags?post=4097"}],"curies":[{"name":"wp","href":"https:\/\/api.w.org\/{rel}","templated":true}]}}