{"id":4095,"date":"2019-04-11T18:39:47","date_gmt":"2019-04-11T16:39:47","guid":{"rendered":"https:\/\/larutadelasal.com\/?p=4095"},"modified":"2019-04-16T10:36:00","modified_gmt":"2019-04-16T08:36:00","slug":"la-ruta-de-la-sal-2019","status":"publish","type":"post","link":"https:\/\/labs.100x100.net\/projects\/rutasal\/la-ruta-de-la-sal-2019\/","title":{"rendered":"La Ruta de La Sal 2019"},"content":{"rendered":"<p><img loading=\"lazy\" decoding=\"async\" class=\"size-full wp-image-3991 aligncenter\" src=\"https:\/\/larutadelasal.com\/custom\/uploads\/2019\/03\/FOTO-131-500x226.jpg\" alt=\"\" width=\"500\" height=\"226\" srcset=\"https:\/\/labs.100x100.net\/projects\/rutasal\/custom\/uploads\/2019\/03\/FOTO-131-500x226.jpg 500w, https:\/\/labs.100x100.net\/projects\/rutasal\/custom\/uploads\/2019\/03\/FOTO-131-500x226-300x136.jpg 300w\" sizes=\"(max-width: 500px) 100vw, 500px\" \/><\/p>\n<p><strong>El pr\u00f3ximo 18 de abril de 2019, jueves santo, comenzar\u00e1 la 32 edici\u00f3n de la Regata de Altura de la Ruta de La Sal<\/strong><\/p>\n<p><strong>185 embarcaciones, con 1.128 \u00a0tripulantes, confirman su participaci\u00f3n en la Regata de Altura de La Ruta de La Sal 2019.<\/strong><\/p>\n<p><strong>La flota reunir\u00e1 a embarcaciones de 12 nacionalidades.<\/strong><\/p>\n<p><strong>La Sal se confirma como la regata con m\u00e1s participantes del calendario nacional.<\/strong><\/p>\n<p><strong>Los ganadores de la pasada edici\u00f3n, \u201cMarjuin\u201d de Pere Roquet , \u201cC\u00f3ndor de Javea\u201d de Carlos Fern\u00e1ndez-Martos y \u201cYolo\u201d de Kai-Uwe Holweg confirman su participaci\u00f3n en la regata de este a\u00f1o,\u00a0<\/strong><strong>convirti\u00e9ndose a nivel deportivo, en los equipos de referencia.<\/strong><\/p>\n<p><strong>Un centenar de participantes en la Regata Inshore de La Sal, est\u00e1 prevista, como evento deportivo complementario, para el domingo 21 de abril de 2019, en aguas de Sant Antoni de Portmany en Ibiza.<\/strong><strong><em>\u00a0<\/em><\/strong><\/p>\n<p>La Regata se celebrar\u00e1 bajo un programa deportivo que incluye la disputa de tres regatas diferentes, en las que competir\u00e1n 185 equipos y 1.128 regatistas, con salidas desde Port Ginesta en Barcelona, Denia en Alicante y Puerto de Andratx en Mallorca. Todas ellas con el objetivo de cruzar una \u00fanica l\u00ednea de llegada en Sant Antoni de Portmany en Ibiza. Tres regatas de altamar que, en su conjunto, forman un \u00fanico evento de gran transcendencia deportiva y social.<strong>\u00a0<\/strong><\/p>\n<p><strong>LA VERSI\u00d3N BARCELONA<\/strong><\/p>\n<p><strong>La salida de la Versi\u00f3n Barcelona de La Sal que est\u00e1 prevista para el pr\u00f3ximo d\u00eda 18 de abril a las 10:00h desde el CM. Port Ginesta,\u00a0en Barcelona, se competir\u00e1 sobre un recorrido de 140 millas con rumbo directo hasta Sant Antoni de Portmany en Ibiza.<\/strong><strong>\u00a0<\/strong><\/p>\n<p><strong>Participar\u00e1n 85 embarcaciones tripuladas por 515 regatistas. La flota integrar\u00e1 embarcaciones representativas de 11 nacionalidades, de las que 61 ser\u00e1n equipos espa\u00f1oles y el resto, 24 veleros, \u00a0navegar\u00e1n con pabellones de Gran Breta\u00f1a, Francia, B\u00e9lgica, Italia, Suiza, Holanda, Rusia, Andorra, Alemania y Brasil.<\/strong><\/p>\n<p>En la salida desde Barcelona defiende el t\u00edtulo el \u201cMarjuin\u201d de Pere Roquet Portella del CN del Bal\u00eds, un GS 50 que en la edici\u00f3n del 2018 de esta misma largada, logr\u00f3, con un registro de 20h, 06m, 40s para las 140 millas de competici\u00f3n, proclamarse vencedor de la que fu\u00e9 la 31 edici\u00f3n de La Sal.<\/p>\n<p>Otro equipo importante,\u00a0que sin duda contribuir\u00e1 mucho a animar deportivamente esta largada, ser\u00e1 el del Swan 45 \u201cCoratge\u201d de Manuel Jane, ganador absoluto de las Versiones Barcelona de La Ruta de La Sal del 2014 y 2015, a\u00f1os en los que logr\u00f3 imponerse claramente, en ambos casos, en tiempo real y en compensado, demostrando un potencial extraordinario en este tipo de recorridos.\u00a0 Manuel Jane es uno de los armadores con mejores resultados deportivos a lo largo de la historia de La Ruta de La Sal. Parad\u00f3jicamente fue\u00a0el ganador, con su Baltic 39 \u201cCoratge\u201d, de la primera y segunda edici\u00f3n de la Ruta de la Sal, en 1989 y 1990. Con cuatro t\u00edtulos absolutos el equipo del \u201cCoratge\u201d es un firme candidato a optar a esta 32 convocatoria de La Ruta de La Sal.<\/p>\n<p>David Tur, con su IMX 45 \u201cAtlant del Vent\u201d, es otro desaf\u00edo a considerar. Con un largo historial deportivo en La Sal que se remonta a finales de los 90, este equipo del CN de Ibiza ya fue vencedor absoluto de la Versi\u00f3n Barcelona de la Sal en el 2003 con el J\/V45 \u201cLa Maison del Elephant\u201d. Lograron p\u00f3diums en la clasificaciones generales del a\u00f1o, 2007, 2009, 2010, y en el 2015. En definitiva un desaf\u00edo muy competitivo, gran conocedor del Mar Balear y las aguas Ibicencas siempre con posibilidades de registrar un resultado brillante.<\/p>\n<p>A considerar el \u201cBandido\u201d un Dehler 44 de Juan Carlos Otamendi que fue 3\u00ba en la general del 2018, el Swan 56 holand\u00e9s \u201cLa Belle\u201d de Frans Van Oerveren, 4\u00ba en la edici\u00f3n del 2018. El tambi\u00e9n holand\u00e9s\u00a0 \u201cPozzetto d\u2019Oro\u201d un GS56 de Gerritjan Gijzel que logr\u00f3 la 6\u00aa plaza en la pasada edici\u00f3n y otros como el Maxi Dolphin 65, \u00a0\u201cGymir\u201d, de Francesc Roig, el \u201cOne Shot of Cowes\u201d, un Advanced 66 de Ruben Cuartas o el OPEN 60 de Sergi Tena, \u201cMundus\u201d.<\/p>\n<p>Un a\u00f1o m\u00e1s volver\u00e1 a competir en esta salida el Udondo 40 \u201cAltamar\u201d de Javier Ramos, quien ostenta el record de ser el barco que ha participado en m\u00e1s ediciones de la regata.<\/p>\n<p>Una referencia a la \u201cHanse CUP\u201d, con 9 barcos inscritos. La gran competencia que se adelanta \u00a0en la categor\u00eda Golf \u2013 a dos tripulantes \u2013\u00a0 con 10 equipos en competici\u00f3n. 45 barcos en la categor\u00eda Alfa Cruceros Actuales. 29 desaf\u00edos en categor\u00eda Bravo \u2013 Cruceros Cl\u00e1sicos 20 \u2013 y 11 entradas en Charlie Cruceros dise\u00f1ados antes del 31\/1271991, dibujan, en su conjunto, un evento potente y de gran calidad deportiva.<\/p>\n<p><strong>LA VERSI\u00d3N DENIA<\/strong><\/p>\n<p><strong>La Versi\u00f3n Denia que zarpar\u00e1 a las 14:00 h del jueves 18 de abril de 2019 desde el RC N\u00e1utico de Denia, obliga a\u00a0sus participantes a cubrir un circuito de 120 millas tomando Formentera por babor, la Isla de Tagomago y, navegando por la costa norte de Ibiza, llegar hasta Sant Antoni.<\/strong><strong>\u00a0\u00a0<\/strong><\/p>\n<p><strong>En la Versi\u00f3n Denia, competir\u00e1n 82 embarcaciones tripuladas por 508 deportistas.\u00a0<\/strong><strong>La flota con pabellones extranjeros alinear\u00e1 a 14 desaf\u00edos representando a 9 nacionalidades: Irlanda, Holanda, Rusia, Gran Breta\u00f1a, Francia, Finlandia, Suiza, B\u00e9lgica y Alemania. \u00a0<\/strong><\/p>\n<p>En esta largada el First 50, \u201cCondor de Javea\u201d, de Carlos Fern\u00e1ndez-Martos, del Club N\u00e1utico de Javea, ganador, con un registro de 17h,\u00a022m,\u00a023 s,\u00a0 de general de este recorrido en el 2018, ser\u00e1 el equipo de referencia. Tambi\u00e9n el Espada 34 \u201cNautic Caf\u00e9 del Mar\u201d, de Juan Carlos Sanchis, del CN de Sant Antoni de Portmany, 2\u00ba en la general del 2018, un armador con muchas millas de experiencia, ganador en cuatro ocasiones de La Ruta de La Sal, inicialmente a bordo de \u201cAlba\u201d y \u201cAivis\u201d, y ya con el J92 S\u00a0 \u201cCaf\u00e9 del Mar\u201d en las ediciones del 2013 y 2014.<\/p>\n<p>Volver\u00e1 a competir en esta salida el Swan 80 del RCR de Alicante, \u201cPlis-Play\u201d de Vicente Garc\u00eda,\u00a0quien acredita un historial deportivo en\u00a0Versi\u00f3n Denia de La Sal realmente espectacular, con victorias en Tiempo Real en los a\u00f1os 2003, 2005, 2007, 2008, 2009, 2010, 2012 y 2016. Siendo tambi\u00e9n\u00a0ganador absoluto en la general\u00a0en el 2008.<\/p>\n<p>Citar al Swan 75 de Agust\u00edn Gregory, \u201cAlzira Moraira\u201d, vencedor, con un tiempo real de la Versi\u00f3n Denia del 2017. \u00a0Tambi\u00e9n a embarcaciones como el J92S \u201cCaf\u00e9 del Mar\u201d patroneado por Toni Tur del CN de Sant Antoni, barco ganador de las ediciones del 2013 y 2014 de La Sal. Tambi\u00e9n a equipos muy punteros y con magn\u00edficos historiales deportivos en esta regata como el Bavaria 49, \u201cEscualo Tres\u201d, de Marcelino Cardona, del RCN de Denia, el Espada 34 ibicenco \u201cEl Gaitero\u201d, de Vicente Amengual, del CN de Santa Eulalia,\u00a0y, entre otros, el Swan 45 \u201cBrujo\u201d, de Alberto Castro, y el \u201cMoondance\u201d un Shipman 50 de Luis Guti\u00e9rrez, ambos del RCN de Valencia.<\/p>\n<p>En la Versi\u00f3n Denia, 35 equipos navegar\u00e1n en categor\u00eda Alfa, 39 en Bravo y 8 en Charlie. Un total de 5 desaf\u00edos se apuntan en la categor\u00eda Golf, para tripulaciones reducidas \u2013\u00a0dos tripulantes \u2013<\/p>\n<p>Destacar, como f\u00f3rmula de promoci\u00f3n e\u00a0iniciaci\u00f3n de la navegaci\u00f3n de altura la celebraci\u00f3n, una a\u00f1o m\u00e1s,\u00a0 de la Mini Sal, un recorrido de unas 60 millas n\u00e1uticas con rumbo directo de Denia a Sant Antoni de Portmany en el que participar\u00e1n unas 15 embarcaciones.<\/p>\n<p><strong>LA VERSI\u00d3N MALLORCA<\/strong><\/p>\n<p><strong>La Versi\u00f3n Mallorca tomar\u00e1 la salida a las 12.00 h. del jueves 18 de abril del 2019 desde Puerto de Andratx a St. Antoni de Portmany en Ibiza, dejando por estribor las islas de Tagomago, Formentera, Es Vedr\u00e1 , Bledas y Conejera. Unas 103 millas de singladura.\u00a0<\/strong><strong>La llegada, como en todos los casos, en Cap Negret, a unas dos millas al norte del puerto de Sant Antoni.<\/strong><\/p>\n<p><strong>La salida desde Andratx, en la que es su tercera convocatoria, tras ser creada, coincidiendo con el 30 aniversario de La Sal, en la edici\u00f3n del 2017, reunir\u00e1 una flota de 18 embarcaciones con unos 107 tripulantes, de los que 18 son equipos extranjeros procedentes de Gran Breta\u00f1a, Francia, Alemania, y Malta.<\/strong><\/p>\n<p>Defender\u00e1 el titulo del 2018, el velero alem\u00e1n \u201cYolo\u201d, un Sun Fast 3600 que con un tiempo de 19h, 27m, 35s, result\u00f3 ser vencedor absoluto en la edici\u00f3n del 2018 de esta largada de La Sal.<\/p>\n<p>En la salida, tambi\u00e9n, al Swan 56 \u201cClem I-GI El Encinar\u201d de Jaime Olabazal, del Club de Mar de Mallorca, ganador en Tiempo Real, con un registro de 18h, 18m, 34s, de la regata del 2018. Vencedor absoluto de esta versi\u00f3n en la cita del 2017. Un equipo con much\u00edsima experiencia en la navegaci\u00f3n oce\u00e1nica, con un palmar\u00e9s internacional extraordinario, ganador absoluto de la Versi\u00f3n Barcelona de la Ruta de La Sal \u00a0en el 2009 y 2010, a\u00f1o, \u00e9ste \u00faltimo, en que tambi\u00e9n fue ganador en Tiempo Real. Y ganador en Real en la Versi\u00f3n Denia del 2013.<\/p>\n<p>El navegante oce\u00e1nico Amador Magraner de Real Club N\u00e1utico del Puerto de Pollen\u00e7a,\u00a0 ganador de la Versi\u00f3n Barcelona de La Sal el 2011, \u00a0participar\u00e1 en esta largada con el Hanse 315\u00a0 \u201cAmerican Girl\u201d. Tambi\u00e9n habr\u00e1 que contar, entre otros, con el JNA 42 \u201cTokaoma 3\u201d del franc\u00e9s Pierre Chartier, o el Dehler 41 CR \u201cMartini\u201d de Gabriel Dols, del CN del Arenal, Presidente de la Asociaci\u00f3n de Navegantes Mediterr\u00e1neos ADN.<\/p>\n<p><strong>UN BORDO POR EL PROGRAMA DE LA SAL 2019<\/strong><\/p>\n<p>El\u00a0jueves 18 de abril, tras las salidas de las tres Versiones de La Sal 2019, a media tarde, en el Club N\u00e0utic Sant Antoni de Portmany en Ibiza se abrir\u00e1n las instalaciones del Comit\u00e9 de Bienvenida que permanecer\u00e1 abierto ininterrumpidamente, durante 24 horas al d\u00eda, hasta que el \u00faltimo de los participantes en la competici\u00f3n haya cruzado la l\u00ednea de llegada.<\/p>\n<p><strong>Normalmente, dependiendo de las condiciones meteorol\u00f3gicas, los barcos m\u00e1s r\u00e1pidos podr\u00edan llegar a Sant Antoni durante la madrugada o primeras horas de la ma\u00f1ana del viernes 19 de abril, pudi\u00e9ndose prolongar las llegadas hasta primeras horas de la ma\u00f1ana del s\u00e1bado 20 de abril de 2019.<\/strong><\/p>\n<p>El S\u00e1bado 20 de abril, a las 12.00 h. est\u00e1 prevista una Rueda de Prensa con los vencedores de la regata, en el Club N\u00e0utic Sant Antoni y a las 20.00 h. el acto de Entrega de Trofeos y el Gran Sorteo en la Carpa de La Sal , ubicada en el Paseo de les Fonts del puerto de Sant Antony. Se cerrar\u00e1 el programa con una Cena-Bufet para todos los participantes de la Regata en el restaurante Es N\u00e0utic del Club y, a continuaci\u00f3n, como no pod\u00eda ser de otra manera, la Gran Fiesta de cierre de esta edici\u00f3n de La Ruta de La Sal.<\/p>\n<p><strong>LA REGATA INSHORE DE LA SAL \u2013 TROFEO AYUNTAMIENTO DE SANT ANTONI DE PORTMANY.<\/strong><\/p>\n<p><strong>Como novedad fuera del programa deportivo de La Ruta de La Sal, el domingo 21 de abril se va a organizar una regata inshore de 10 millas n\u00e1uticas, en aguas de la Bah\u00eda de Sant Antoni de Portmany, abierta a todos los equipos participantes en las tres versiones de La Sal 2019.\u00a0Est\u00e1 prevista la salida\u00a0a las 11.30 h.\u00a0El s\u00e1bado 20\u00a0de abril a las 17.00 h se realizar\u00e1, en el CN de Sant Antoni, la reuni\u00f3n de patrones.<\/strong><\/p>\n<p><strong>A la hora de redactar este avance informativo, 123 embarcaciones pre-inscritas confirman su participaci\u00f3n con un total de 99 equipos, 46 desaf\u00edos de Versi\u00f3n Barcelona, 46 equipos de la Versi\u00f3n Denia y 9 barcos de la Versi\u00f3n Mallorca.<\/strong><\/p>\n<p><strong>Unas cifras importantes para una regata corta e intensa, cargada de atractivos,\u00a0 que podr\u00e1 seguirse perfectamente desde las costas de Sant Antoni y que promete ser un espect\u00e1culo deportivo del m\u00e1ximo nivel.<\/strong><\/p>\n<p><strong>Cruzada la l\u00ednea de llegada, los participantes que lo deseen, podr\u00e1n poner rumbo a sus puertos de origen, ya que la entrega de premios de este evento se realizar\u00e1 en el Sal\u00f3n N\u00e1utico Internacional de Barcelona, en Octubre del 2019.<\/strong><\/p>\n<p><strong>La p\u00e1gina Web de la Ruta de La Sal \u2013 https:\/\/larutadelasal.com &#8211;<\/strong><strong>\u00a0ofrecer\u00e1 informaciones peri\u00f3dicas, e im\u00e1genes, sobre el desarrollo organizativo y deportivo de esta regata.<\/strong><\/p>\n","protected":false},"excerpt":{"rendered":"<p>El pr\u00f3ximo 18 de abril de 2019, jueves santo, comenzar\u00e1 la 32 edici\u00f3n de la Regata de Altura de la Ruta de La Sal 185 embarcaciones, con 1.128 \u00a0tripulantes, confirman su participaci\u00f3n en la Regata de Altura de La Ruta de La Sal 2019. La flota reunir\u00e1 a embarcaciones de 12 nacionalidades. La Sal se [&hellip;]<\/p>\n","protected":false},"author":1,"featured_media":3991,"comment_status":"open","ping_status":"open","sticky":false,"template":"","format":"standard","meta":{"_acf_changed":false,"footnotes":""},"categories":[3],"tags":[],"acf":[],"yoast_head":"<!-- This site is optimized with the Yoast SEO plugin v23.0 - https:\/\/yoast.com\/wordpress\/plugins\/seo\/ -->\n<title>La Ruta de La Sal 2019 | Regata La Ruta de la Sal<\/title>\n<meta name=\"robots\" content=\"noindex, follow, max-snippet:-1, max-image-preview:large, max-video-preview:-1\" \/>\n<meta property=\"og:locale\" content=\"es_ES\" \/>\n<meta property=\"og:type\" content=\"article\" \/>\n<meta property=\"og:title\" content=\"La Ruta de La Sal 2019 | Regata La Ruta de la Sal\" \/>\n<meta property=\"og:description\" content=\"El pr\u00f3ximo 18 de abril de 2019, jueves santo, comenzar\u00e1 la 32 edici\u00f3n de la Regata de Altura de la Ruta de La Sal 185 embarcaciones, con 1.128 \u00a0tripulantes, confirman su participaci\u00f3n en la Regata de Altura de La Ruta de La Sal 2019. La flota reunir\u00e1 a embarcaciones de 12 nacionalidades. La Sal se [&hellip;]\" \/>\n<meta property=\"og:url\" content=\"https:\/\/labs.100x100.net\/projects\/rutasal\/la-ruta-de-la-sal-2019\/\" \/>\n<meta property=\"og:site_name\" content=\"Regata La Ruta de la Sal\" \/>\n<meta property=\"article:publisher\" content=\"https:\/\/www.facebook.com\/rutadelasal\/\" \/>\n<meta property=\"article:published_time\" content=\"2019-04-11T16:39:47+00:00\" \/>\n<meta property=\"article:modified_time\" content=\"2019-04-16T08:36:00+00:00\" \/>\n<meta property=\"og:image\" content=\"https:\/\/labs.100x100.net\/projects\/rutasal\/custom\/uploads\/2019\/03\/FOTO-131-500x226.jpg\" \/>\n\t<meta property=\"og:image:width\" content=\"500\" \/>\n\t<meta property=\"og:image:height\" content=\"226\" \/>\n\t<meta property=\"og:image:type\" content=\"image\/jpeg\" \/>\n<meta name=\"author\" content=\"La Ruta de la Sal\" \/>\n<meta name=\"twitter:card\" content=\"summary_large_image\" \/>\n<meta name=\"twitter:creator\" content=\"@AnamMedi\" \/>\n<meta name=\"twitter:site\" content=\"@AnamMedi\" \/>\n<meta name=\"twitter:label1\" content=\"Escrito por\" \/>\n\t<meta name=\"twitter:data1\" content=\"La Ruta de la Sal\" \/>\n\t<meta name=\"twitter:label2\" content=\"Tiempo de lectura\" \/>\n\t<meta name=\"twitter:data2\" content=\"10 minutos\" \/>\n<script type=\"application\/ld+json\" class=\"yoast-schema-graph\">{\"@context\":\"https:\/\/schema.org\",\"@graph\":[{\"@type\":\"WebPage\",\"@id\":\"https:\/\/labs.100x100.net\/projects\/rutasal\/la-ruta-de-la-sal-2019\/\",\"url\":\"https:\/\/labs.100x100.net\/projects\/rutasal\/la-ruta-de-la-sal-2019\/\",\"name\":\"La Ruta de La Sal 2019 | Regata La Ruta de la Sal\",\"isPartOf\":{\"@id\":\"https:\/\/labs.100x100.net\/projects\/rutasal\/#website\"},\"primaryImageOfPage\":{\"@id\":\"https:\/\/labs.100x100.net\/projects\/rutasal\/la-ruta-de-la-sal-2019\/#primaryimage\"},\"image\":{\"@id\":\"https:\/\/labs.100x100.net\/projects\/rutasal\/la-ruta-de-la-sal-2019\/#primaryimage\"},\"thumbnailUrl\":\"https:\/\/labs.100x100.net\/projects\/rutasal\/custom\/uploads\/2019\/03\/FOTO-131-500x226.jpg\",\"datePublished\":\"2019-04-11T16:39:47+00:00\",\"dateModified\":\"2019-04-16T08:36:00+00:00\",\"author\":{\"@id\":\"https:\/\/labs.100x100.net\/projects\/rutasal\/#\/schema\/person\/214eeb4a2e78fd8373a0a94f6d93c9ca\"},\"breadcrumb\":{\"@id\":\"https:\/\/labs.100x100.net\/projects\/rutasal\/la-ruta-de-la-sal-2019\/#breadcrumb\"},\"inLanguage\":\"es\",\"potentialAction\":[{\"@type\":\"ReadAction\",\"target\":[\"https:\/\/labs.100x100.net\/projects\/rutasal\/la-ruta-de-la-sal-2019\/\"]}]},{\"@type\":\"ImageObject\",\"inLanguage\":\"es\",\"@id\":\"https:\/\/labs.100x100.net\/projects\/rutasal\/la-ruta-de-la-sal-2019\/#primaryimage\",\"url\":\"https:\/\/labs.100x100.net\/projects\/rutasal\/custom\/uploads\/2019\/03\/FOTO-131-500x226.jpg\",\"contentUrl\":\"https:\/\/labs.100x100.net\/projects\/rutasal\/custom\/uploads\/2019\/03\/FOTO-131-500x226.jpg\",\"width\":500,\"height\":226},{\"@type\":\"BreadcrumbList\",\"@id\":\"https:\/\/labs.100x100.net\/projects\/rutasal\/la-ruta-de-la-sal-2019\/#breadcrumb\",\"itemListElement\":[{\"@type\":\"ListItem\",\"position\":1,\"name\":\"Portada\",\"item\":\"https:\/\/labs.100x100.net\/projects\/rutasal\/\"},{\"@type\":\"ListItem\",\"position\":2,\"name\":\"La Ruta de La Sal 2019\"}]},{\"@type\":\"WebSite\",\"@id\":\"https:\/\/labs.100x100.net\/projects\/rutasal\/#website\",\"url\":\"https:\/\/labs.100x100.net\/projects\/rutasal\/\",\"name\":\"Regata La Ruta de la Sal\",\"description\":\"Regata La Ruta de la Sal es una regata de Altura Mediterr\u00e1nea para barcos de crucero a vela con destino en Ibiza, que se disputa anualmente en Semana Santa.\",\"potentialAction\":[{\"@type\":\"SearchAction\",\"target\":{\"@type\":\"EntryPoint\",\"urlTemplate\":\"https:\/\/labs.100x100.net\/projects\/rutasal\/?s={search_term_string}\"},\"query-input\":\"required name=search_term_string\"}],\"inLanguage\":\"es\"},{\"@type\":\"Person\",\"@id\":\"https:\/\/labs.100x100.net\/projects\/rutasal\/#\/schema\/person\/214eeb4a2e78fd8373a0a94f6d93c9ca\",\"name\":\"La Ruta de la Sal\",\"image\":{\"@type\":\"ImageObject\",\"inLanguage\":\"es\",\"@id\":\"https:\/\/labs.100x100.net\/projects\/rutasal\/#\/schema\/person\/image\/\",\"url\":\"https:\/\/secure.gravatar.com\/avatar\/b247286d4b801d6b1cfcfb3807587284?s=96&d=mm&r=g\",\"contentUrl\":\"https:\/\/secure.gravatar.com\/avatar\/b247286d4b801d6b1cfcfb3807587284?s=96&d=mm&r=g\",\"caption\":\"La Ruta de la Sal\"}}]}<\/script>\n<!-- \/ Yoast SEO plugin. -->","yoast_head_json":{"title":"La Ruta de La Sal 2019 | Regata La Ruta de la Sal","robots":{"index":"noindex","follow":"follow","max-snippet":"max-snippet:-1","max-image-preview":"max-image-preview:large","max-video-preview":"max-video-preview:-1"},"og_locale":"es_ES","og_type":"article","og_title":"La Ruta de La Sal 2019 | Regata La Ruta de la Sal","og_description":"El pr\u00f3ximo 18 de abril de 2019, jueves santo, comenzar\u00e1 la 32 edici\u00f3n de la Regata de Altura de la Ruta de La Sal 185 embarcaciones, con 1.128 \u00a0tripulantes, confirman su participaci\u00f3n en la Regata de Altura de La Ruta de La Sal 2019. La flota reunir\u00e1 a embarcaciones de 12 nacionalidades. La Sal se [&hellip;]","og_url":"https:\/\/labs.100x100.net\/projects\/rutasal\/la-ruta-de-la-sal-2019\/","og_site_name":"Regata La Ruta de la Sal","article_publisher":"https:\/\/www.facebook.com\/rutadelasal\/","article_published_time":"2019-04-11T16:39:47+00:00","article_modified_time":"2019-04-16T08:36:00+00:00","og_image":[{"width":500,"height":226,"url":"https:\/\/labs.100x100.net\/projects\/rutasal\/custom\/uploads\/2019\/03\/FOTO-131-500x226.jpg","type":"image\/jpeg"}],"author":"La Ruta de la Sal","twitter_card":"summary_large_image","twitter_creator":"@AnamMedi","twitter_site":"@AnamMedi","twitter_misc":{"Escrito por":"La Ruta de la Sal","Tiempo de lectura":"10 minutos"},"schema":{"@context":"https:\/\/schema.org","@graph":[{"@type":"WebPage","@id":"https:\/\/labs.100x100.net\/projects\/rutasal\/la-ruta-de-la-sal-2019\/","url":"https:\/\/labs.100x100.net\/projects\/rutasal\/la-ruta-de-la-sal-2019\/","name":"La Ruta de La Sal 2019 | Regata La Ruta de la Sal","isPartOf":{"@id":"https:\/\/labs.100x100.net\/projects\/rutasal\/#website"},"primaryImageOfPage":{"@id":"https:\/\/labs.100x100.net\/projects\/rutasal\/la-ruta-de-la-sal-2019\/#primaryimage"},"image":{"@id":"https:\/\/labs.100x100.net\/projects\/rutasal\/la-ruta-de-la-sal-2019\/#primaryimage"},"thumbnailUrl":"https:\/\/labs.100x100.net\/projects\/rutasal\/custom\/uploads\/2019\/03\/FOTO-131-500x226.jpg","datePublished":"2019-04-11T16:39:47+00:00","dateModified":"2019-04-16T08:36:00+00:00","author":{"@id":"https:\/\/labs.100x100.net\/projects\/rutasal\/#\/schema\/person\/214eeb4a2e78fd8373a0a94f6d93c9ca"},"breadcrumb":{"@id":"https:\/\/labs.100x100.net\/projects\/rutasal\/la-ruta-de-la-sal-2019\/#breadcrumb"},"inLanguage":"es","potentialAction":[{"@type":"ReadAction","target":["https:\/\/labs.100x100.net\/projects\/rutasal\/la-ruta-de-la-sal-2019\/"]}]},{"@type":"ImageObject","inLanguage":"es","@id":"https:\/\/labs.100x100.net\/projects\/rutasal\/la-ruta-de-la-sal-2019\/#primaryimage","url":"https:\/\/labs.100x100.net\/projects\/rutasal\/custom\/uploads\/2019\/03\/FOTO-131-500x226.jpg","contentUrl":"https:\/\/labs.100x100.net\/projects\/rutasal\/custom\/uploads\/2019\/03\/FOTO-131-500x226.jpg","width":500,"height":226},{"@type":"BreadcrumbList","@id":"https:\/\/labs.100x100.net\/projects\/rutasal\/la-ruta-de-la-sal-2019\/#breadcrumb","itemListElement":[{"@type":"ListItem","position":1,"name":"Portada","item":"https:\/\/labs.100x100.net\/projects\/rutasal\/"},{"@type":"ListItem","position":2,"name":"La Ruta de La Sal 2019"}]},{"@type":"WebSite","@id":"https:\/\/labs.100x100.net\/projects\/rutasal\/#website","url":"https:\/\/labs.100x100.net\/projects\/rutasal\/","name":"Regata La Ruta de la Sal","description":"Regata La Ruta de la Sal es una regata de Altura Mediterr\u00e1nea para barcos de crucero a vela con destino en Ibiza, que se disputa anualmente en Semana Santa.","potentialAction":[{"@type":"SearchAction","target":{"@type":"EntryPoint","urlTemplate":"https:\/\/labs.100x100.net\/projects\/rutasal\/?s={search_term_string}"},"query-input":"required name=search_term_string"}],"inLanguage":"es"},{"@type":"Person","@id":"https:\/\/labs.100x100.net\/projects\/rutasal\/#\/schema\/person\/214eeb4a2e78fd8373a0a94f6d93c9ca","name":"La Ruta de la Sal","image":{"@type":"ImageObject","inLanguage":"es","@id":"https:\/\/labs.100x100.net\/projects\/rutasal\/#\/schema\/person\/image\/","url":"https:\/\/secure.gravatar.com\/avatar\/b247286d4b801d6b1cfcfb3807587284?s=96&d=mm&r=g","contentUrl":"https:\/\/secure.gravatar.com\/avatar\/b247286d4b801d6b1cfcfb3807587284?s=96&d=mm&r=g","caption":"La Ruta de la Sal"}}]}},"_links":{"self":[{"href":"https:\/\/labs.100x100.net\/projects\/rutasal\/wp-json\/wp\/v2\/posts\/4095"}],"collection":[{"href":"https:\/\/labs.100x100.net\/projects\/rutasal\/wp-json\/wp\/v2\/posts"}],"about":[{"href":"https:\/\/labs.100x100.net\/projects\/rutasal\/wp-json\/wp\/v2\/types\/post"}],"author":[{"embeddable":true,"href":"https:\/\/labs.100x100.net\/projects\/rutasal\/wp-json\/wp\/v2\/users\/1"}],"replies":[{"embeddable":true,"href":"https:\/\/labs.100x100.net\/projects\/rutasal\/wp-json\/wp\/v2\/comments?post=4095"}],"version-history":[{"count":1,"href":"https:\/\/labs.100x100.net\/projects\/rutasal\/wp-json\/wp\/v2\/posts\/4095\/revisions"}],"predecessor-version":[{"id":4096,"href":"https:\/\/labs.100x100.net\/projects\/rutasal\/wp-json\/wp\/v2\/posts\/4095\/revisions\/4096"}],"wp:featuredmedia":[{"embeddable":true,"href":"https:\/\/labs.100x100.net\/projects\/rutasal\/wp-json\/wp\/v2\/media\/3991"}],"wp:attachment":[{"href":"https:\/\/labs.100x100.net\/projects\/rutasal\/wp-json\/wp\/v2\/media?parent=4095"}],"wp:term":[{"taxonomy":"category","embeddable":true,"href":"https:\/\/labs.100x100.net\/projects\/rutasal\/wp-json\/wp\/v2\/categories?post=4095"},{"taxonomy":"post_tag","embeddable":true,"href":"https:\/\/labs.100x100.net\/projects\/rutasal\/wp-json\/wp\/v2\/tags?post=4095"}],"curies":[{"name":"wp","href":"https:\/\/api.w.org\/{rel}","templated":true}]}}