{"id":4084,"date":"2019-04-15T18:29:24","date_gmt":"2019-04-15T16:29:24","guid":{"rendered":"https:\/\/larutadelasal.com\/?p=4084"},"modified":"2019-04-16T10:48:03","modified_gmt":"2019-04-16T08:48:03","slug":"el-jueves-santo-dia-18-de-abril-comienza-la-regata-de-la-ruta-de-la-sal-2019","status":"publish","type":"post","link":"https:\/\/labs.100x100.net\/projects\/rutasal\/el-jueves-santo-dia-18-de-abril-comienza-la-regata-de-la-ruta-de-la-sal-2019\/","title":{"rendered":"El Jueves Santo, d\u00eda 18 de abril, comienza la regata de la Ruta de la Sal 2019"},"content":{"rendered":"<p><em><strong>-Sant \u00a0Antoni de Portmany, en Ibiza, se prepara para acoger, una a\u00f1o m\u00e1s, este importante evento deportivo.<\/strong><\/em><\/p>\n<p><em><strong>-185 embarcaciones de 12 nacionalidades y 1.128 \u00a0tripulantes en competici\u00f3n.<\/strong><\/em><\/p>\n<p><em><strong>-El \u00a0pr\u00f3ximo 18 de abril, \u00a0jueves Santo, comenzara la 32 edici\u00f3n de la Regata de Altura de la Ruta de la Sal, con salidas desde Port Ginesta \u2013 Barcelona, Denia \u00a0y Puerto de Andraxt \u2013 Mallorca con llegada, en todos los casos, en Sant Antoni de Portmany en Ibiza.<\/strong><\/em><\/p>\n<p><em><strong>-Ser\u00e1n tres regatas diferentes \u00a0que, en su conjunto, forman un \u00fanico \u00a0evento en el que competir\u00e1n 185 embarcaciones representando a 12 nacionalidades, tripuladas por \u00a01.128 regatistas.<\/strong><\/em><\/p>\n<h5><strong>\u00a0<img loading=\"lazy\" decoding=\"async\" class=\"size-full wp-image-4085 aligncenter\" src=\"https:\/\/larutadelasal.com\/custom\/uploads\/2019\/04\/40481680554_a102d03d26_z.jpg\" alt=\"\" width=\"640\" height=\"427\" srcset=\"https:\/\/labs.100x100.net\/projects\/rutasal\/custom\/uploads\/2019\/04\/40481680554_a102d03d26_z.jpg 640w, https:\/\/labs.100x100.net\/projects\/rutasal\/custom\/uploads\/2019\/04\/40481680554_a102d03d26_z-300x200.jpg 300w\" sizes=\"(max-width: 640px) 100vw, 640px\" \/><\/strong><\/h5>\n<p>&nbsp;<\/p>\n<p>La salida de la Versi\u00f3n Barcelona de La Sal, \u00a0esta prevista para las 10.00 h del jueves 18 de abril, \u00a0desde el CM Port Ginesta,\u00a0en Barcelona, se competir\u00e1 sobre un recorrido de 140 millas con rumbo directo hasta el CN Sant Antoni de Portmany en Ibiza. Competir\u00e1n \u00a085 embarcaciones tripuladas por 515 regatistas. La flota integrara embarcaciones representativas de 11 nacionalidades, de las que 61 ser\u00e1n equipos espa\u00f1oles y el resto, 24 veleros, \u00a0navegaran con pabellones de Gran Breta\u00f1a, Francia, B\u00e9lgica, Italia, Suiza, Holanda, Rusia, Andorra, Alemania y Brasil<\/p>\n<p><strong>\u00a0<\/strong><\/p>\n<p>La Versi\u00f3n Denia \u00a0que zarpara el pr\u00f3ximo jueves Santo, 18 de abril, a las 14:00 h \u00a0\u00a0\u00a0desde el RC N\u00e1utico de Denia, obligara a sus participantes a cubrir un circuito de 120 millas tomando Formentera por babor, la Isla de Tagomago y, navegando por la costa norte de Ibiza, llegar hasta Sant Antoni. Navegaran en este recorrido<\/p>\n<p>82 embarcaciones \u00a0tripuladas por 508 deportistas. La flota con pabellones extranjeros alineara a 14 \u00a0desaf\u00edos representando a 9 nacionalidades: Irlanda, Holanda, Rusia, Gran Breta\u00f1a, Francia, Finlandia, Suiza, B\u00e9lgica y Alemania.<\/p>\n<p>La Versi\u00f3n Mallorca tomara la salida \u00a0a las 12.00 h. del jueves 18 de abril de 2019, \u00a0desde el Puerto de Andratx con rumbo a St. Antoni de Portmany en Ibiza, dejando por estribor las islas de Tagomago, Formentera, Es Vedr\u00e1, Bledas y \u00a0Conejera. Unas 103 millas de singladura. Esta largada reunir\u00e1 una flota de 18 embarcaciones con unos 107 tripulantes, de los que 8 son equipos extranjeros procedentes del Gran Breta\u00f1a, Francia, Alemania, y Malta.<\/p>\n<p>&nbsp;<\/p>\n<p>Pendientes de los \u00faltimos modelos meteorol\u00f3gicos, las previsiones avanzan una competici\u00f3n con vientos dominantes del primer cuadrante \u2013 N\/NO\/O- moderados. Condiciones que, de confirmarse, adelantan una regata r\u00e1pida y muy t\u00e1ctica.<\/p>\n<p><strong>\u00a0<\/strong><\/p>\n<p><img loading=\"lazy\" decoding=\"async\" class=\"size-full wp-image-4086 aligncenter\" src=\"https:\/\/larutadelasal.com\/custom\/uploads\/2019\/04\/40481679974_c710278614_z.jpg\" alt=\"\" width=\"640\" height=\"427\" srcset=\"https:\/\/labs.100x100.net\/projects\/rutasal\/custom\/uploads\/2019\/04\/40481679974_c710278614_z.jpg 640w, https:\/\/labs.100x100.net\/projects\/rutasal\/custom\/uploads\/2019\/04\/40481679974_c710278614_z-300x200.jpg 300w\" sizes=\"(max-width: 640px) 100vw, 640px\" \/><\/p>\n<p>Normalmente, dependiendo del modelo meteorol\u00f3gico con el que finalmente se desarrolle la competici\u00f3n, los barcos m\u00e1s r\u00e1pidos podr\u00edan llegar a Sant Antoni durante la madrugada o primeras horas de la ma\u00f1ana del viernes 19 de abril, pudi\u00e9ndose prolongar las llegadas hasta primeras horas de la ma\u00f1ana del s\u00e1bado 20 de abril de 2019.<\/p>\n<p><strong>\u00a0<\/strong><\/p>\n<p>El s\u00e1bado 20 de abril, a \u00a0las 12.00 h. esta prevista una Rueda de Prensa con los vencedores de la regata, en el Club N\u00e0utic Sant Antoni y a las \u00a020.00 h. el acto de entrega de Trofeos de esta 32 edici\u00f3n de la Ruta de La Sal.<\/p>\n<p><b><i>La p\u00e1gina Web de la Ruta de La Sal \u2013\u00a0<\/i><\/b><a href=\"https:\/\/larutadelasal.com\/\"><b><i>https:\/\/larutadelasal.com<\/i><\/b><\/a><b><i>\u00a0\u2013 ofrecer\u00e1 informaciones peri\u00f3dicas, e im\u00e1genes, sobre el desarrollo organizativo y deportivo de esta regata.<\/i><\/b><\/p>\n","protected":false},"excerpt":{"rendered":"<p>-Sant \u00a0Antoni de Portmany, en Ibiza, se prepara para acoger, una a\u00f1o m\u00e1s, este importante evento deportivo. -185 embarcaciones de 12 nacionalidades y 1.128 \u00a0tripulantes en competici\u00f3n. -El \u00a0pr\u00f3ximo 18 de abril, \u00a0jueves Santo, comenzara la 32 edici\u00f3n de la Regata de Altura de la Ruta de la Sal, con salidas desde Port Ginesta \u2013 [&hellip;]<\/p>\n","protected":false},"author":1,"featured_media":4086,"comment_status":"open","ping_status":"open","sticky":false,"template":"","format":"standard","meta":{"_acf_changed":false,"footnotes":""},"categories":[3],"tags":[],"acf":[],"yoast_head":"<!-- This site is optimized with the Yoast SEO plugin v23.0 - https:\/\/yoast.com\/wordpress\/plugins\/seo\/ -->\n<title>El Jueves Santo, d\u00eda 18 de abril, comienza la regata de la Ruta de la Sal 2019 | Regata La Ruta de la Sal<\/title>\n<meta name=\"robots\" content=\"noindex, follow, max-snippet:-1, max-image-preview:large, max-video-preview:-1\" \/>\n<meta property=\"og:locale\" content=\"es_ES\" \/>\n<meta property=\"og:type\" content=\"article\" \/>\n<meta property=\"og:title\" content=\"El Jueves Santo, d\u00eda 18 de abril, comienza la regata de la Ruta de la Sal 2019 | Regata La Ruta de la Sal\" \/>\n<meta property=\"og:description\" content=\"-Sant \u00a0Antoni de Portmany, en Ibiza, se prepara para acoger, una a\u00f1o m\u00e1s, este importante evento deportivo. -185 embarcaciones de 12 nacionalidades y 1.128 \u00a0tripulantes en competici\u00f3n. -El \u00a0pr\u00f3ximo 18 de abril, \u00a0jueves Santo, comenzara la 32 edici\u00f3n de la Regata de Altura de la Ruta de la Sal, con salidas desde Port Ginesta \u2013 [&hellip;]\" \/>\n<meta property=\"og:url\" content=\"https:\/\/labs.100x100.net\/projects\/rutasal\/el-jueves-santo-dia-18-de-abril-comienza-la-regata-de-la-ruta-de-la-sal-2019\/\" \/>\n<meta property=\"og:site_name\" content=\"Regata La Ruta de la Sal\" \/>\n<meta property=\"article:publisher\" content=\"https:\/\/www.facebook.com\/rutadelasal\/\" \/>\n<meta property=\"article:published_time\" content=\"2019-04-15T16:29:24+00:00\" \/>\n<meta property=\"article:modified_time\" content=\"2019-04-16T08:48:03+00:00\" \/>\n<meta property=\"og:image\" content=\"https:\/\/labs.100x100.net\/projects\/rutasal\/custom\/uploads\/2019\/04\/40481679974_c710278614_z.jpg\" \/>\n\t<meta property=\"og:image:width\" content=\"640\" \/>\n\t<meta property=\"og:image:height\" content=\"427\" \/>\n\t<meta property=\"og:image:type\" content=\"image\/jpeg\" \/>\n<meta name=\"author\" content=\"La Ruta de la Sal\" \/>\n<meta name=\"twitter:card\" content=\"summary_large_image\" \/>\n<meta name=\"twitter:creator\" content=\"@AnamMedi\" \/>\n<meta name=\"twitter:site\" content=\"@AnamMedi\" \/>\n<meta name=\"twitter:label1\" content=\"Escrito por\" \/>\n\t<meta name=\"twitter:data1\" content=\"La Ruta de la Sal\" \/>\n\t<meta name=\"twitter:label2\" content=\"Tiempo de lectura\" \/>\n\t<meta name=\"twitter:data2\" content=\"3 minutos\" \/>\n<script type=\"application\/ld+json\" class=\"yoast-schema-graph\">{\"@context\":\"https:\/\/schema.org\",\"@graph\":[{\"@type\":\"WebPage\",\"@id\":\"https:\/\/labs.100x100.net\/projects\/rutasal\/el-jueves-santo-dia-18-de-abril-comienza-la-regata-de-la-ruta-de-la-sal-2019\/\",\"url\":\"https:\/\/labs.100x100.net\/projects\/rutasal\/el-jueves-santo-dia-18-de-abril-comienza-la-regata-de-la-ruta-de-la-sal-2019\/\",\"name\":\"El Jueves Santo, d\u00eda 18 de abril, comienza la regata de la Ruta de la Sal 2019 | Regata La Ruta de la Sal\",\"isPartOf\":{\"@id\":\"https:\/\/labs.100x100.net\/projects\/rutasal\/#website\"},\"primaryImageOfPage\":{\"@id\":\"https:\/\/labs.100x100.net\/projects\/rutasal\/el-jueves-santo-dia-18-de-abril-comienza-la-regata-de-la-ruta-de-la-sal-2019\/#primaryimage\"},\"image\":{\"@id\":\"https:\/\/labs.100x100.net\/projects\/rutasal\/el-jueves-santo-dia-18-de-abril-comienza-la-regata-de-la-ruta-de-la-sal-2019\/#primaryimage\"},\"thumbnailUrl\":\"https:\/\/labs.100x100.net\/projects\/rutasal\/custom\/uploads\/2019\/04\/40481679974_c710278614_z.jpg\",\"datePublished\":\"2019-04-15T16:29:24+00:00\",\"dateModified\":\"2019-04-16T08:48:03+00:00\",\"author\":{\"@id\":\"https:\/\/labs.100x100.net\/projects\/rutasal\/#\/schema\/person\/214eeb4a2e78fd8373a0a94f6d93c9ca\"},\"breadcrumb\":{\"@id\":\"https:\/\/labs.100x100.net\/projects\/rutasal\/el-jueves-santo-dia-18-de-abril-comienza-la-regata-de-la-ruta-de-la-sal-2019\/#breadcrumb\"},\"inLanguage\":\"es\",\"potentialAction\":[{\"@type\":\"ReadAction\",\"target\":[\"https:\/\/labs.100x100.net\/projects\/rutasal\/el-jueves-santo-dia-18-de-abril-comienza-la-regata-de-la-ruta-de-la-sal-2019\/\"]}]},{\"@type\":\"ImageObject\",\"inLanguage\":\"es\",\"@id\":\"https:\/\/labs.100x100.net\/projects\/rutasal\/el-jueves-santo-dia-18-de-abril-comienza-la-regata-de-la-ruta-de-la-sal-2019\/#primaryimage\",\"url\":\"https:\/\/labs.100x100.net\/projects\/rutasal\/custom\/uploads\/2019\/04\/40481679974_c710278614_z.jpg\",\"contentUrl\":\"https:\/\/labs.100x100.net\/projects\/rutasal\/custom\/uploads\/2019\/04\/40481679974_c710278614_z.jpg\",\"width\":640,\"height\":427},{\"@type\":\"BreadcrumbList\",\"@id\":\"https:\/\/labs.100x100.net\/projects\/rutasal\/el-jueves-santo-dia-18-de-abril-comienza-la-regata-de-la-ruta-de-la-sal-2019\/#breadcrumb\",\"itemListElement\":[{\"@type\":\"ListItem\",\"position\":1,\"name\":\"Portada\",\"item\":\"https:\/\/labs.100x100.net\/projects\/rutasal\/\"},{\"@type\":\"ListItem\",\"position\":2,\"name\":\"El Jueves Santo, d\u00eda 18 de abril, comienza la regata de la Ruta de la Sal 2019\"}]},{\"@type\":\"WebSite\",\"@id\":\"https:\/\/labs.100x100.net\/projects\/rutasal\/#website\",\"url\":\"https:\/\/labs.100x100.net\/projects\/rutasal\/\",\"name\":\"Regata La Ruta de la Sal\",\"description\":\"Regata La Ruta de la Sal es una regata de Altura Mediterr\u00e1nea para barcos de crucero a vela con destino en Ibiza, que se disputa anualmente en Semana Santa.\",\"potentialAction\":[{\"@type\":\"SearchAction\",\"target\":{\"@type\":\"EntryPoint\",\"urlTemplate\":\"https:\/\/labs.100x100.net\/projects\/rutasal\/?s={search_term_string}\"},\"query-input\":\"required name=search_term_string\"}],\"inLanguage\":\"es\"},{\"@type\":\"Person\",\"@id\":\"https:\/\/labs.100x100.net\/projects\/rutasal\/#\/schema\/person\/214eeb4a2e78fd8373a0a94f6d93c9ca\",\"name\":\"La Ruta de la Sal\",\"image\":{\"@type\":\"ImageObject\",\"inLanguage\":\"es\",\"@id\":\"https:\/\/labs.100x100.net\/projects\/rutasal\/#\/schema\/person\/image\/\",\"url\":\"https:\/\/secure.gravatar.com\/avatar\/b247286d4b801d6b1cfcfb3807587284?s=96&d=mm&r=g\",\"contentUrl\":\"https:\/\/secure.gravatar.com\/avatar\/b247286d4b801d6b1cfcfb3807587284?s=96&d=mm&r=g\",\"caption\":\"La Ruta de la Sal\"}}]}<\/script>\n<!-- \/ Yoast SEO plugin. -->","yoast_head_json":{"title":"El Jueves Santo, d\u00eda 18 de abril, comienza la regata de la Ruta de la Sal 2019 | Regata La Ruta de la Sal","robots":{"index":"noindex","follow":"follow","max-snippet":"max-snippet:-1","max-image-preview":"max-image-preview:large","max-video-preview":"max-video-preview:-1"},"og_locale":"es_ES","og_type":"article","og_title":"El Jueves Santo, d\u00eda 18 de abril, comienza la regata de la Ruta de la Sal 2019 | Regata La Ruta de la Sal","og_description":"-Sant \u00a0Antoni de Portmany, en Ibiza, se prepara para acoger, una a\u00f1o m\u00e1s, este importante evento deportivo. -185 embarcaciones de 12 nacionalidades y 1.128 \u00a0tripulantes en competici\u00f3n. -El \u00a0pr\u00f3ximo 18 de abril, \u00a0jueves Santo, comenzara la 32 edici\u00f3n de la Regata de Altura de la Ruta de la Sal, con salidas desde Port Ginesta \u2013 [&hellip;]","og_url":"https:\/\/labs.100x100.net\/projects\/rutasal\/el-jueves-santo-dia-18-de-abril-comienza-la-regata-de-la-ruta-de-la-sal-2019\/","og_site_name":"Regata La Ruta de la Sal","article_publisher":"https:\/\/www.facebook.com\/rutadelasal\/","article_published_time":"2019-04-15T16:29:24+00:00","article_modified_time":"2019-04-16T08:48:03+00:00","og_image":[{"width":640,"height":427,"url":"https:\/\/labs.100x100.net\/projects\/rutasal\/custom\/uploads\/2019\/04\/40481679974_c710278614_z.jpg","type":"image\/jpeg"}],"author":"La Ruta de la Sal","twitter_card":"summary_large_image","twitter_creator":"@AnamMedi","twitter_site":"@AnamMedi","twitter_misc":{"Escrito por":"La Ruta de la Sal","Tiempo de lectura":"3 minutos"},"schema":{"@context":"https:\/\/schema.org","@graph":[{"@type":"WebPage","@id":"https:\/\/labs.100x100.net\/projects\/rutasal\/el-jueves-santo-dia-18-de-abril-comienza-la-regata-de-la-ruta-de-la-sal-2019\/","url":"https:\/\/labs.100x100.net\/projects\/rutasal\/el-jueves-santo-dia-18-de-abril-comienza-la-regata-de-la-ruta-de-la-sal-2019\/","name":"El Jueves Santo, d\u00eda 18 de abril, comienza la regata de la Ruta de la Sal 2019 | Regata La Ruta de la Sal","isPartOf":{"@id":"https:\/\/labs.100x100.net\/projects\/rutasal\/#website"},"primaryImageOfPage":{"@id":"https:\/\/labs.100x100.net\/projects\/rutasal\/el-jueves-santo-dia-18-de-abril-comienza-la-regata-de-la-ruta-de-la-sal-2019\/#primaryimage"},"image":{"@id":"https:\/\/labs.100x100.net\/projects\/rutasal\/el-jueves-santo-dia-18-de-abril-comienza-la-regata-de-la-ruta-de-la-sal-2019\/#primaryimage"},"thumbnailUrl":"https:\/\/labs.100x100.net\/projects\/rutasal\/custom\/uploads\/2019\/04\/40481679974_c710278614_z.jpg","datePublished":"2019-04-15T16:29:24+00:00","dateModified":"2019-04-16T08:48:03+00:00","author":{"@id":"https:\/\/labs.100x100.net\/projects\/rutasal\/#\/schema\/person\/214eeb4a2e78fd8373a0a94f6d93c9ca"},"breadcrumb":{"@id":"https:\/\/labs.100x100.net\/projects\/rutasal\/el-jueves-santo-dia-18-de-abril-comienza-la-regata-de-la-ruta-de-la-sal-2019\/#breadcrumb"},"inLanguage":"es","potentialAction":[{"@type":"ReadAction","target":["https:\/\/labs.100x100.net\/projects\/rutasal\/el-jueves-santo-dia-18-de-abril-comienza-la-regata-de-la-ruta-de-la-sal-2019\/"]}]},{"@type":"ImageObject","inLanguage":"es","@id":"https:\/\/labs.100x100.net\/projects\/rutasal\/el-jueves-santo-dia-18-de-abril-comienza-la-regata-de-la-ruta-de-la-sal-2019\/#primaryimage","url":"https:\/\/labs.100x100.net\/projects\/rutasal\/custom\/uploads\/2019\/04\/40481679974_c710278614_z.jpg","contentUrl":"https:\/\/labs.100x100.net\/projects\/rutasal\/custom\/uploads\/2019\/04\/40481679974_c710278614_z.jpg","width":640,"height":427},{"@type":"BreadcrumbList","@id":"https:\/\/labs.100x100.net\/projects\/rutasal\/el-jueves-santo-dia-18-de-abril-comienza-la-regata-de-la-ruta-de-la-sal-2019\/#breadcrumb","itemListElement":[{"@type":"ListItem","position":1,"name":"Portada","item":"https:\/\/labs.100x100.net\/projects\/rutasal\/"},{"@type":"ListItem","position":2,"name":"El Jueves Santo, d\u00eda 18 de abril, comienza la regata de la Ruta de la Sal 2019"}]},{"@type":"WebSite","@id":"https:\/\/labs.100x100.net\/projects\/rutasal\/#website","url":"https:\/\/labs.100x100.net\/projects\/rutasal\/","name":"Regata La Ruta de la Sal","description":"Regata La Ruta de la Sal es una regata de Altura Mediterr\u00e1nea para barcos de crucero a vela con destino en Ibiza, que se disputa anualmente en Semana Santa.","potentialAction":[{"@type":"SearchAction","target":{"@type":"EntryPoint","urlTemplate":"https:\/\/labs.100x100.net\/projects\/rutasal\/?s={search_term_string}"},"query-input":"required name=search_term_string"}],"inLanguage":"es"},{"@type":"Person","@id":"https:\/\/labs.100x100.net\/projects\/rutasal\/#\/schema\/person\/214eeb4a2e78fd8373a0a94f6d93c9ca","name":"La Ruta de la Sal","image":{"@type":"ImageObject","inLanguage":"es","@id":"https:\/\/labs.100x100.net\/projects\/rutasal\/#\/schema\/person\/image\/","url":"https:\/\/secure.gravatar.com\/avatar\/b247286d4b801d6b1cfcfb3807587284?s=96&d=mm&r=g","contentUrl":"https:\/\/secure.gravatar.com\/avatar\/b247286d4b801d6b1cfcfb3807587284?s=96&d=mm&r=g","caption":"La Ruta de la Sal"}}]}},"_links":{"self":[{"href":"https:\/\/labs.100x100.net\/projects\/rutasal\/wp-json\/wp\/v2\/posts\/4084"}],"collection":[{"href":"https:\/\/labs.100x100.net\/projects\/rutasal\/wp-json\/wp\/v2\/posts"}],"about":[{"href":"https:\/\/labs.100x100.net\/projects\/rutasal\/wp-json\/wp\/v2\/types\/post"}],"author":[{"embeddable":true,"href":"https:\/\/labs.100x100.net\/projects\/rutasal\/wp-json\/wp\/v2\/users\/1"}],"replies":[{"embeddable":true,"href":"https:\/\/labs.100x100.net\/projects\/rutasal\/wp-json\/wp\/v2\/comments?post=4084"}],"version-history":[{"count":6,"href":"https:\/\/labs.100x100.net\/projects\/rutasal\/wp-json\/wp\/v2\/posts\/4084\/revisions"}],"predecessor-version":[{"id":4132,"href":"https:\/\/labs.100x100.net\/projects\/rutasal\/wp-json\/wp\/v2\/posts\/4084\/revisions\/4132"}],"wp:featuredmedia":[{"embeddable":true,"href":"https:\/\/labs.100x100.net\/projects\/rutasal\/wp-json\/wp\/v2\/media\/4086"}],"wp:attachment":[{"href":"https:\/\/labs.100x100.net\/projects\/rutasal\/wp-json\/wp\/v2\/media?parent=4084"}],"wp:term":[{"taxonomy":"category","embeddable":true,"href":"https:\/\/labs.100x100.net\/projects\/rutasal\/wp-json\/wp\/v2\/categories?post=4084"},{"taxonomy":"post_tag","embeddable":true,"href":"https:\/\/labs.100x100.net\/projects\/rutasal\/wp-json\/wp\/v2\/tags?post=4084"}],"curies":[{"name":"wp","href":"https:\/\/api.w.org\/{rel}","templated":true}]}}