{"id":4064,"date":"2019-03-27T18:20:17","date_gmt":"2019-03-27T16:20:17","guid":{"rendered":"https:\/\/larutadelasal.com\/?p=4064"},"modified":"2019-04-15T18:22:47","modified_gmt":"2019-04-15T16:22:47","slug":"4064","status":"publish","type":"post","link":"https:\/\/labs.100x100.net\/projects\/rutasal\/4064\/","title":{"rendered":"LA RUTA DE LA SAL 2019: RUMBO A LA 32 EDICI\u00d3N"},"content":{"rendered":"<p><img loading=\"lazy\" decoding=\"async\" class=\"alignleft wp-image-4068 size-full\" src=\"https:\/\/larutadelasal.com\/custom\/uploads\/2019\/04\/32540335567_e10e56ebce_z.jpg\" alt=\"\" width=\"640\" height=\"428\" srcset=\"https:\/\/labs.100x100.net\/projects\/rutasal\/custom\/uploads\/2019\/04\/32540335567_e10e56ebce_z.jpg 640w, https:\/\/labs.100x100.net\/projects\/rutasal\/custom\/uploads\/2019\/04\/32540335567_e10e56ebce_z-300x201.jpg 300w\" sizes=\"(max-width: 640px) 100vw, 640px\" \/><img loading=\"lazy\" decoding=\"async\" class=\"alignright wp-image-4069 size-full\" src=\"https:\/\/larutadelasal.com\/custom\/uploads\/2019\/04\/33605684148_2e58b5f9e8_z.jpg\" alt=\"\" width=\"640\" height=\"428\" srcset=\"https:\/\/labs.100x100.net\/projects\/rutasal\/custom\/uploads\/2019\/04\/33605684148_2e58b5f9e8_z.jpg 640w, https:\/\/labs.100x100.net\/projects\/rutasal\/custom\/uploads\/2019\/04\/33605684148_2e58b5f9e8_z-300x201.jpg 300w\" sizes=\"(max-width: 640px) 100vw, 640px\" \/><\/p>\n<p><strong><em>Tres recorridos y un \u00fanico destino: Ibiza<\/em><\/strong><\/p>\n<p>&nbsp;<\/p>\n<ul>\n<li>Se cumplen las previsiones: 200 embarcaciones y m\u00e1s de 1.200 regatistas.<\/li>\n<li>Una participaci\u00f3n potente, con equipos muy punteros, que adelanta un gran nivel\u00a0\u00a0 deportivo y una competici\u00f3n cargada de atractivos.<\/li>\n<li>Una regata \u2018inshore\u2019: 8 millas de navegaci\u00f3n en la Bah\u00eda de Sant Antoni de Portmany cerrar\u00e1 el programa de La Sal 2019<\/li>\n<\/ul>\n<p><strong>Barcelona, 27 de marzo, 2019.-<\/strong> Ha tenido lugar en el OD Hotels de Barcelona la rueda de prensa de presentaci\u00f3n de la 32 edici\u00f3n de la Ruta de la Sal. El pr\u00f3ximo 18 de abril, Jueves Santo, saldr\u00e1n rumbo a Ibiza desde Port Ginesta en Barcelona, Denia y Puerto de Andratx en Mallorca las\u00a0 200 embarcaciones, tripuladas por cerca de 1.200 regatistas, procedentes de unas 8 nacionalidades distintas con el objetivo de alcanzar la isla de la Sal.<\/p>\n<p><img loading=\"lazy\" decoding=\"async\" class=\"size-full wp-image-4067 aligncenter\" src=\"https:\/\/larutadelasal.com\/custom\/uploads\/2019\/04\/46758959034_9f412cffa4_z.jpg\" alt=\"\" width=\"640\" height=\"428\" srcset=\"https:\/\/labs.100x100.net\/projects\/rutasal\/custom\/uploads\/2019\/04\/46758959034_9f412cffa4_z.jpg 640w, https:\/\/labs.100x100.net\/projects\/rutasal\/custom\/uploads\/2019\/04\/46758959034_9f412cffa4_z-300x201.jpg 300w\" sizes=\"(max-width: 640px) 100vw, 640px\" \/><\/p>\n<p>&nbsp;<\/p>\n<p>En la presentaci\u00f3n el conceller de Econom\u00eda del Consell d\u2019Eivissa, <strong>Gonzalo Juan Ferragut<\/strong>, felicit\u00f3 a la organizaci\u00f3n y a los regatistas de esta regata que marca el inicio de la temporada deportiva y tur\u00edstica de Ibiza y que <em>\u2018la isla ya les espera con los brazos abiertos, pues es un evento de gran prestigio y cuenta con el respaldo de todos<\/em>\u2019.<\/p>\n<p>Por su parte el presidente del RCN Denia, <strong>Jaime Portol\u00e9s<\/strong>, destac\u00f3 en la rueda de prensa la vinculaci\u00f3n de su club con esta regata, que este a\u00f1o celebra los 30 a\u00f1os que La Sal tiene como salida el puerto de Denia, que <em>\u2018se ha convertido en una de las regatas mediterr\u00e1neas de solera que nos une con Ibiza\u2019<\/em>.<\/p>\n<p><strong>Enrique Curt<\/strong> director de la Regata explic\u00f3 que la Ruta de la Sal continua\u00a0 siendo una referencia de las regatas de altura, y que es una escuela de navegaci\u00f3n donde confraternizan \u2018los que la realizan por primera vez, como los asiduos en esta cita de la primavera n\u00e1utica, con el gran atractivo que supone el poner rumbo a Ibiza.<\/p>\n<p><strong>Xavi Torres<\/strong>, presidente de la FCV anim\u00f3 a continuar con esta trayectoria de apoyo de la vela de Difusi\u00f3n Nautica y del director de la regata Enrique Curt, que es un ejemplo en como proyectar la vela en todas las facetas, desde la organizativa de regatas a la difusi\u00f3n en las publicaciones del grupo Curt Editores.<\/p>\n<p><img loading=\"lazy\" decoding=\"async\" class=\"size-full wp-image-4066 aligncenter\" src=\"https:\/\/larutadelasal.com\/custom\/uploads\/2019\/04\/46758959364_5dc19ebeab_z.jpg\" alt=\"\" width=\"640\" height=\"428\" srcset=\"https:\/\/labs.100x100.net\/projects\/rutasal\/custom\/uploads\/2019\/04\/46758959364_5dc19ebeab_z.jpg 640w, https:\/\/labs.100x100.net\/projects\/rutasal\/custom\/uploads\/2019\/04\/46758959364_5dc19ebeab_z-300x201.jpg 300w\" sizes=\"(max-width: 640px) 100vw, 640px\" \/><\/p>\n<p>&nbsp;<\/p>\n<p><strong>Guillermo Altadill<\/strong>, navegante oce\u00e1nico, con varias ediciones navegadas en La Sal, con varias victorias en ella,\u00a0 record\u00f3 que es un enamorado de este regata, a la que participa siempre que puede, y que <em>\u2018a pesar de ser un asiduo en regatas como la Sydney Hobart, la Fastnet, etc, siempre tengo un cari\u00f1o especial por La Ruta de la Sal, que es con la que me siento m\u00e1s identificado\u2019<\/em>. La organizaci\u00f3n de la regata le concedi\u00f3 un diploma de reconocimiento como navegante de la Ruta.<\/p>\n<p><strong>Los recorridos<\/strong><\/p>\n<p>La Sal se disputa sobre la base de tres recorridos diferentes con destino a Sant Antoni de Portmany en Ibiza: La\u00a0 Versi\u00f3n Barcelona tiene un recorrido de 140 millas desde Port Ginesta hasta Sant Antoni. La Versi\u00f3n Denia de 120 millas que obliga virar Formentera por babor, la Isla de Tagomago y navegar por la costa norte de Ibiza, hasta la l\u00ednea de llegada y, La Versi\u00f3n Mallorca desde Puerto De Andratxt hasta Sant Antoni de Portmany dejando por estribor las islas de Tagomago, Formentera, Es Vedr\u00e1, Bledas y\u00a0 Conejera. En total 103 millas de competici\u00f3n.<\/p>\n<p>Desde su primera edici\u00f3n, hace ya 32 a\u00f1os, han navegado en La Sal unas 6.080\u00a0 embarcaciones tripuladas por cerca de 39.500 regatistas, y se han cubierto unas 8.480\u00a0 millas de competici\u00f3n. Las cifras dan una idea de la magnitud de este evento que, al margen de sus bondades deportivas, se ha convertido en un excelente promotor del turismo n\u00e1utico para Ibiza y claro dinamizador de la navegaci\u00f3n de altura en nuestro pa\u00eds.<\/p>\n<p><strong>Regata \u2018inshore\u2019 La Sal &#8211; Trofeo Ajuntament de St. Antoni<\/strong><\/p>\n<p>Como novedad deportiva, este a\u00f1o se celebrar\u00e1 el domingo21 de abril a las 12.00 h., una\u00a0 regata costera de unas 8 millas en Bah\u00eda de Sant Antoni de Portmany, la \u201cRegata Inshore La Sal &#8211; Trofeo Ajuntament de St. Antoni\u201d,\u00a0 en la que las tres flotas de la 32 Ruta de la Sal podr\u00e1n competir unidas en un mismo campo de regata.<\/p>\n<p>Una prueba de cierre del evento corta e intensa, tras la que los equipos participantes, una vez cruzada la l\u00ednea de llegada, podr\u00e1n poner rumbo a sus puertos de origen.<\/p>\n<p>El Trofeo para el Vencedor de la \u2018Regata Inshore\u2019, se entregar\u00e1 en el Sal\u00f3n N\u00e1utico Internacional de Barcelona, durante el acto de presentaci\u00f3n de la pr\u00f3xima edici\u00f3n de La Ruta de la Sal.<\/p>\n<p>En la p\u00e1gina web \u00a0&#8211; <a href=\"https:\/\/larutadelasal.com\">www.larutadelasal.com<\/a> \u2013 se ir\u00e1n publicando regularmente noticias importantes sobre la regata. Listas actualizadas de inscritos, novedades y noticias deportivas. A partir del d\u00eda 18 de abril del 2019, tras las salidas de las tres versiones, la web ir\u00e1 aportado datos constantes, sobre el desarrollo deportivo y funcional de la regata y sobre los resultados provisionales y finales. Tambi\u00e9n im\u00e1genes de alta resoluci\u00f3n para su publicaci\u00f3n en medios.<\/p>\n<p>Fotos: (c) Alfred Farr\u00e9<\/p>\n","protected":false},"excerpt":{"rendered":"<p>Tres recorridos y un \u00fanico destino: Ibiza &nbsp; Se cumplen las previsiones: 200 embarcaciones y m\u00e1s de 1.200 regatistas. Una participaci\u00f3n potente, con equipos muy punteros, que adelanta un gran nivel\u00a0\u00a0 deportivo y una competici\u00f3n cargada de atractivos. Una regata \u2018inshore\u2019: 8 millas de navegaci\u00f3n en la Bah\u00eda de Sant Antoni de Portmany cerrar\u00e1 el [&hellip;]<\/p>\n","protected":false},"author":1,"featured_media":4068,"comment_status":"open","ping_status":"open","sticky":false,"template":"","format":"standard","meta":{"_acf_changed":false,"footnotes":""},"categories":[3],"tags":[],"acf":[],"yoast_head":"<!-- This site is optimized with the Yoast SEO plugin v23.0 - https:\/\/yoast.com\/wordpress\/plugins\/seo\/ -->\n<title>LA RUTA DE LA SAL 2019: RUMBO A LA 32 EDICI\u00d3N | Regata La Ruta de la Sal<\/title>\n<meta name=\"robots\" content=\"noindex, follow, max-snippet:-1, max-image-preview:large, max-video-preview:-1\" \/>\n<meta property=\"og:locale\" content=\"es_ES\" \/>\n<meta property=\"og:type\" content=\"article\" \/>\n<meta property=\"og:title\" content=\"LA RUTA DE LA SAL 2019: RUMBO A LA 32 EDICI\u00d3N | Regata La Ruta de la Sal\" \/>\n<meta property=\"og:description\" content=\"Tres recorridos y un \u00fanico destino: Ibiza &nbsp; Se cumplen las previsiones: 200 embarcaciones y m\u00e1s de 1.200 regatistas. Una participaci\u00f3n potente, con equipos muy punteros, que adelanta un gran nivel\u00a0\u00a0 deportivo y una competici\u00f3n cargada de atractivos. Una regata \u2018inshore\u2019: 8 millas de navegaci\u00f3n en la Bah\u00eda de Sant Antoni de Portmany cerrar\u00e1 el [&hellip;]\" \/>\n<meta property=\"og:url\" content=\"https:\/\/labs.100x100.net\/projects\/rutasal\/4064\/\" \/>\n<meta property=\"og:site_name\" content=\"Regata La Ruta de la Sal\" \/>\n<meta property=\"article:publisher\" content=\"https:\/\/www.facebook.com\/rutadelasal\/\" \/>\n<meta property=\"article:published_time\" content=\"2019-03-27T16:20:17+00:00\" \/>\n<meta property=\"article:modified_time\" content=\"2019-04-15T16:22:47+00:00\" \/>\n<meta property=\"og:image\" content=\"https:\/\/labs.100x100.net\/projects\/rutasal\/custom\/uploads\/2019\/04\/32540335567_e10e56ebce_z.jpg\" \/>\n\t<meta property=\"og:image:width\" content=\"640\" \/>\n\t<meta property=\"og:image:height\" content=\"428\" \/>\n\t<meta property=\"og:image:type\" content=\"image\/jpeg\" \/>\n<meta name=\"author\" content=\"La Ruta de la Sal\" \/>\n<meta name=\"twitter:card\" content=\"summary_large_image\" \/>\n<meta name=\"twitter:creator\" content=\"@AnamMedi\" \/>\n<meta name=\"twitter:site\" content=\"@AnamMedi\" \/>\n<meta name=\"twitter:label1\" content=\"Escrito por\" \/>\n\t<meta name=\"twitter:data1\" content=\"La Ruta de la Sal\" \/>\n\t<meta name=\"twitter:label2\" content=\"Tiempo de lectura\" \/>\n\t<meta name=\"twitter:data2\" content=\"4 minutos\" \/>\n<script type=\"application\/ld+json\" class=\"yoast-schema-graph\">{\"@context\":\"https:\/\/schema.org\",\"@graph\":[{\"@type\":\"WebPage\",\"@id\":\"https:\/\/labs.100x100.net\/projects\/rutasal\/4064\/\",\"url\":\"https:\/\/labs.100x100.net\/projects\/rutasal\/4064\/\",\"name\":\"LA RUTA DE LA SAL 2019: RUMBO A LA 32 EDICI\u00d3N | Regata La Ruta de la Sal\",\"isPartOf\":{\"@id\":\"https:\/\/labs.100x100.net\/projects\/rutasal\/#website\"},\"primaryImageOfPage\":{\"@id\":\"https:\/\/labs.100x100.net\/projects\/rutasal\/4064\/#primaryimage\"},\"image\":{\"@id\":\"https:\/\/labs.100x100.net\/projects\/rutasal\/4064\/#primaryimage\"},\"thumbnailUrl\":\"https:\/\/labs.100x100.net\/projects\/rutasal\/custom\/uploads\/2019\/04\/32540335567_e10e56ebce_z.jpg\",\"datePublished\":\"2019-03-27T16:20:17+00:00\",\"dateModified\":\"2019-04-15T16:22:47+00:00\",\"author\":{\"@id\":\"https:\/\/labs.100x100.net\/projects\/rutasal\/#\/schema\/person\/214eeb4a2e78fd8373a0a94f6d93c9ca\"},\"breadcrumb\":{\"@id\":\"https:\/\/labs.100x100.net\/projects\/rutasal\/4064\/#breadcrumb\"},\"inLanguage\":\"es\",\"potentialAction\":[{\"@type\":\"ReadAction\",\"target\":[\"https:\/\/labs.100x100.net\/projects\/rutasal\/4064\/\"]}]},{\"@type\":\"ImageObject\",\"inLanguage\":\"es\",\"@id\":\"https:\/\/labs.100x100.net\/projects\/rutasal\/4064\/#primaryimage\",\"url\":\"https:\/\/labs.100x100.net\/projects\/rutasal\/custom\/uploads\/2019\/04\/32540335567_e10e56ebce_z.jpg\",\"contentUrl\":\"https:\/\/labs.100x100.net\/projects\/rutasal\/custom\/uploads\/2019\/04\/32540335567_e10e56ebce_z.jpg\",\"width\":640,\"height\":428},{\"@type\":\"BreadcrumbList\",\"@id\":\"https:\/\/labs.100x100.net\/projects\/rutasal\/4064\/#breadcrumb\",\"itemListElement\":[{\"@type\":\"ListItem\",\"position\":1,\"name\":\"Portada\",\"item\":\"https:\/\/labs.100x100.net\/projects\/rutasal\/\"},{\"@type\":\"ListItem\",\"position\":2,\"name\":\"LA RUTA DE LA SAL 2019: RUMBO A LA 32 EDICI\u00d3N\"}]},{\"@type\":\"WebSite\",\"@id\":\"https:\/\/labs.100x100.net\/projects\/rutasal\/#website\",\"url\":\"https:\/\/labs.100x100.net\/projects\/rutasal\/\",\"name\":\"Regata La Ruta de la Sal\",\"description\":\"Regata La Ruta de la Sal es una regata de Altura Mediterr\u00e1nea para barcos de crucero a vela con destino en Ibiza, que se disputa anualmente en Semana Santa.\",\"potentialAction\":[{\"@type\":\"SearchAction\",\"target\":{\"@type\":\"EntryPoint\",\"urlTemplate\":\"https:\/\/labs.100x100.net\/projects\/rutasal\/?s={search_term_string}\"},\"query-input\":\"required name=search_term_string\"}],\"inLanguage\":\"es\"},{\"@type\":\"Person\",\"@id\":\"https:\/\/labs.100x100.net\/projects\/rutasal\/#\/schema\/person\/214eeb4a2e78fd8373a0a94f6d93c9ca\",\"name\":\"La Ruta de la Sal\",\"image\":{\"@type\":\"ImageObject\",\"inLanguage\":\"es\",\"@id\":\"https:\/\/labs.100x100.net\/projects\/rutasal\/#\/schema\/person\/image\/\",\"url\":\"https:\/\/secure.gravatar.com\/avatar\/b247286d4b801d6b1cfcfb3807587284?s=96&d=mm&r=g\",\"contentUrl\":\"https:\/\/secure.gravatar.com\/avatar\/b247286d4b801d6b1cfcfb3807587284?s=96&d=mm&r=g\",\"caption\":\"La Ruta de la Sal\"}}]}<\/script>\n<!-- \/ Yoast SEO plugin. -->","yoast_head_json":{"title":"LA RUTA DE LA SAL 2019: RUMBO A LA 32 EDICI\u00d3N | Regata La Ruta de la Sal","robots":{"index":"noindex","follow":"follow","max-snippet":"max-snippet:-1","max-image-preview":"max-image-preview:large","max-video-preview":"max-video-preview:-1"},"og_locale":"es_ES","og_type":"article","og_title":"LA RUTA DE LA SAL 2019: RUMBO A LA 32 EDICI\u00d3N | Regata La Ruta de la Sal","og_description":"Tres recorridos y un \u00fanico destino: Ibiza &nbsp; Se cumplen las previsiones: 200 embarcaciones y m\u00e1s de 1.200 regatistas. Una participaci\u00f3n potente, con equipos muy punteros, que adelanta un gran nivel\u00a0\u00a0 deportivo y una competici\u00f3n cargada de atractivos. Una regata \u2018inshore\u2019: 8 millas de navegaci\u00f3n en la Bah\u00eda de Sant Antoni de Portmany cerrar\u00e1 el [&hellip;]","og_url":"https:\/\/labs.100x100.net\/projects\/rutasal\/4064\/","og_site_name":"Regata La Ruta de la Sal","article_publisher":"https:\/\/www.facebook.com\/rutadelasal\/","article_published_time":"2019-03-27T16:20:17+00:00","article_modified_time":"2019-04-15T16:22:47+00:00","og_image":[{"width":640,"height":428,"url":"https:\/\/labs.100x100.net\/projects\/rutasal\/custom\/uploads\/2019\/04\/32540335567_e10e56ebce_z.jpg","type":"image\/jpeg"}],"author":"La Ruta de la Sal","twitter_card":"summary_large_image","twitter_creator":"@AnamMedi","twitter_site":"@AnamMedi","twitter_misc":{"Escrito por":"La Ruta de la Sal","Tiempo de lectura":"4 minutos"},"schema":{"@context":"https:\/\/schema.org","@graph":[{"@type":"WebPage","@id":"https:\/\/labs.100x100.net\/projects\/rutasal\/4064\/","url":"https:\/\/labs.100x100.net\/projects\/rutasal\/4064\/","name":"LA RUTA DE LA SAL 2019: RUMBO A LA 32 EDICI\u00d3N | Regata La Ruta de la Sal","isPartOf":{"@id":"https:\/\/labs.100x100.net\/projects\/rutasal\/#website"},"primaryImageOfPage":{"@id":"https:\/\/labs.100x100.net\/projects\/rutasal\/4064\/#primaryimage"},"image":{"@id":"https:\/\/labs.100x100.net\/projects\/rutasal\/4064\/#primaryimage"},"thumbnailUrl":"https:\/\/labs.100x100.net\/projects\/rutasal\/custom\/uploads\/2019\/04\/32540335567_e10e56ebce_z.jpg","datePublished":"2019-03-27T16:20:17+00:00","dateModified":"2019-04-15T16:22:47+00:00","author":{"@id":"https:\/\/labs.100x100.net\/projects\/rutasal\/#\/schema\/person\/214eeb4a2e78fd8373a0a94f6d93c9ca"},"breadcrumb":{"@id":"https:\/\/labs.100x100.net\/projects\/rutasal\/4064\/#breadcrumb"},"inLanguage":"es","potentialAction":[{"@type":"ReadAction","target":["https:\/\/labs.100x100.net\/projects\/rutasal\/4064\/"]}]},{"@type":"ImageObject","inLanguage":"es","@id":"https:\/\/labs.100x100.net\/projects\/rutasal\/4064\/#primaryimage","url":"https:\/\/labs.100x100.net\/projects\/rutasal\/custom\/uploads\/2019\/04\/32540335567_e10e56ebce_z.jpg","contentUrl":"https:\/\/labs.100x100.net\/projects\/rutasal\/custom\/uploads\/2019\/04\/32540335567_e10e56ebce_z.jpg","width":640,"height":428},{"@type":"BreadcrumbList","@id":"https:\/\/labs.100x100.net\/projects\/rutasal\/4064\/#breadcrumb","itemListElement":[{"@type":"ListItem","position":1,"name":"Portada","item":"https:\/\/labs.100x100.net\/projects\/rutasal\/"},{"@type":"ListItem","position":2,"name":"LA RUTA DE LA SAL 2019: RUMBO A LA 32 EDICI\u00d3N"}]},{"@type":"WebSite","@id":"https:\/\/labs.100x100.net\/projects\/rutasal\/#website","url":"https:\/\/labs.100x100.net\/projects\/rutasal\/","name":"Regata La Ruta de la Sal","description":"Regata La Ruta de la Sal es una regata de Altura Mediterr\u00e1nea para barcos de crucero a vela con destino en Ibiza, que se disputa anualmente en Semana Santa.","potentialAction":[{"@type":"SearchAction","target":{"@type":"EntryPoint","urlTemplate":"https:\/\/labs.100x100.net\/projects\/rutasal\/?s={search_term_string}"},"query-input":"required name=search_term_string"}],"inLanguage":"es"},{"@type":"Person","@id":"https:\/\/labs.100x100.net\/projects\/rutasal\/#\/schema\/person\/214eeb4a2e78fd8373a0a94f6d93c9ca","name":"La Ruta de la Sal","image":{"@type":"ImageObject","inLanguage":"es","@id":"https:\/\/labs.100x100.net\/projects\/rutasal\/#\/schema\/person\/image\/","url":"https:\/\/secure.gravatar.com\/avatar\/b247286d4b801d6b1cfcfb3807587284?s=96&d=mm&r=g","contentUrl":"https:\/\/secure.gravatar.com\/avatar\/b247286d4b801d6b1cfcfb3807587284?s=96&d=mm&r=g","caption":"La Ruta de la Sal"}}]}},"_links":{"self":[{"href":"https:\/\/labs.100x100.net\/projects\/rutasal\/wp-json\/wp\/v2\/posts\/4064"}],"collection":[{"href":"https:\/\/labs.100x100.net\/projects\/rutasal\/wp-json\/wp\/v2\/posts"}],"about":[{"href":"https:\/\/labs.100x100.net\/projects\/rutasal\/wp-json\/wp\/v2\/types\/post"}],"author":[{"embeddable":true,"href":"https:\/\/labs.100x100.net\/projects\/rutasal\/wp-json\/wp\/v2\/users\/1"}],"replies":[{"embeddable":true,"href":"https:\/\/labs.100x100.net\/projects\/rutasal\/wp-json\/wp\/v2\/comments?post=4064"}],"version-history":[{"count":5,"href":"https:\/\/labs.100x100.net\/projects\/rutasal\/wp-json\/wp\/v2\/posts\/4064\/revisions"}],"predecessor-version":[{"id":4074,"href":"https:\/\/labs.100x100.net\/projects\/rutasal\/wp-json\/wp\/v2\/posts\/4064\/revisions\/4074"}],"wp:featuredmedia":[{"embeddable":true,"href":"https:\/\/labs.100x100.net\/projects\/rutasal\/wp-json\/wp\/v2\/media\/4068"}],"wp:attachment":[{"href":"https:\/\/labs.100x100.net\/projects\/rutasal\/wp-json\/wp\/v2\/media?parent=4064"}],"wp:term":[{"taxonomy":"category","embeddable":true,"href":"https:\/\/labs.100x100.net\/projects\/rutasal\/wp-json\/wp\/v2\/categories?post=4064"},{"taxonomy":"post_tag","embeddable":true,"href":"https:\/\/labs.100x100.net\/projects\/rutasal\/wp-json\/wp\/v2\/tags?post=4064"}],"curies":[{"name":"wp","href":"https:\/\/api.w.org\/{rel}","templated":true}]}}