{"id":4053,"date":"2019-03-27T17:55:31","date_gmt":"2019-03-27T15:55:31","guid":{"rendered":"https:\/\/larutadelasal.com\/?p=4053"},"modified":"2019-04-15T17:57:23","modified_gmt":"2019-04-15T15:57:23","slug":"rueda-de-prensa-de-la-ruta-de-la-sal-2019","status":"publish","type":"post","link":"https:\/\/labs.100x100.net\/projects\/rutasal\/rueda-de-prensa-de-la-ruta-de-la-sal-2019\/","title":{"rendered":"Rueda de Prensa de La Ruta de La Sal 2019"},"content":{"rendered":"<div>\n<p><img loading=\"lazy\" decoding=\"async\" class=\"size-full wp-image-4054 aligncenter\" src=\"https:\/\/larutadelasal.com\/custom\/uploads\/2019\/04\/AFB8960B2P-500x275.jpg\" alt=\"\" width=\"500\" height=\"275\" srcset=\"https:\/\/labs.100x100.net\/projects\/rutasal\/custom\/uploads\/2019\/04\/AFB8960B2P-500x275.jpg 500w, https:\/\/labs.100x100.net\/projects\/rutasal\/custom\/uploads\/2019\/04\/AFB8960B2P-500x275-300x165.jpg 300w\" sizes=\"(max-width: 500px) 100vw, 500px\" \/><\/p>\n<p>Se ha celebrado,\u00a0en el\u00a0<strong>OD Hotels de Barcelona,<\/strong>\u00a0la\u00a0<strong>Presentaci\u00f3n Oficial de la 32 edici\u00f3n de la Ruta de la Sal\u00a0<\/strong>regata de altura en la que participan\u00a0<strong>200 embarcaciones y m\u00e1s de 1.200 regatistas<\/strong>. Esta prueba deportiva, que arranca el pr\u00f3ximo 18 de abril, consta de tres versiones: la versi\u00f3n Barcelona, la versi\u00f3n Denia y la versi\u00f3n Mallorca.\u00a0<strong>Tres recorridos y un \u00fanico destino: Ibiza.<\/strong><\/p>\n<p>Como novedad este a\u00f1o tendr\u00e1 lugar la\u00a0<strong>Regata Inshore La Sal \u2013 Trofeo Ajuntament de St. Antoni<\/strong>\u00a0en la que competir\u00e1n las tres flotas unidas.<\/p>\n<p>La rueda de prensa ha sido presidida por el\u00a0<strong>conseller de Econom\u00eda del Consell d\u2019Eivissa, Gonzalo Juan Ferragut,\u00a0<\/strong>el\u00a0<strong>President de la Federaci\u00f3 Catalana de Vela, Xavier Torres,\u00a0<\/strong>junto con el presidente del Real Club N\u00e1utico Denia, Jaime Portol\u00e9s; el navegante oce\u00e1nico Guillermo Altadill y el Director de la Ruta de la Sal, Enrique Curt.<\/p>\n<p>Tambi\u00e9n han asistido a este acto el Capit\u00e1n Mar\u00edtimo de Barcelona Javier Valencia; la Directora de Salvamento Mar\u00edtimo Eul\u00e1lia Pujol Valls; el Meteor\u00f3logo de TV3 Tom\u00e1s Molina; la Directora Comercial de M\u00e1rketing de Garmin, Natalia Cabrera; el Director de OD Hotels, Antonio Huguet, entre otras autoridades y patrocinadores que dan soporte a la regata.<\/p>\n<\/div>\n<div><a id=\"m_3932712894340432488LPNoLP341849\" href=\"https:\/\/larutadelasal.com\/\" target=\"_blank\" rel=\"noopener noreferrer\" data-saferedirecturl=\"https:\/\/www.google.com\/url?q=https:\/\/larutadelasal.com&amp;source=gmail&amp;ust=1553797292462000&amp;usg=AFQjCNFe5Zir5cwa7jPcYc2IOEk8JuWsCA\">www.larutadelasal.com<\/a><\/div>\n","protected":false},"excerpt":{"rendered":"<p>Se ha celebrado,\u00a0en el\u00a0OD Hotels de Barcelona,\u00a0la\u00a0Presentaci\u00f3n Oficial de la 32 edici\u00f3n de la Ruta de la Sal\u00a0regata de altura en la que participan\u00a0200 embarcaciones y m\u00e1s de 1.200 regatistas. Esta prueba deportiva, que arranca el pr\u00f3ximo 18 de abril, consta de tres versiones: la versi\u00f3n Barcelona, la versi\u00f3n Denia y la versi\u00f3n Mallorca.\u00a0Tres recorridos [&hellip;]<\/p>\n","protected":false},"author":1,"featured_media":4054,"comment_status":"open","ping_status":"open","sticky":false,"template":"","format":"standard","meta":{"_acf_changed":false,"footnotes":""},"categories":[3],"tags":[],"acf":[],"yoast_head":"<!-- This site is optimized with the Yoast SEO plugin v23.0 - https:\/\/yoast.com\/wordpress\/plugins\/seo\/ -->\n<title>Rueda de Prensa de La Ruta de La Sal 2019 | Regata La Ruta de la Sal<\/title>\n<meta name=\"robots\" content=\"noindex, follow, max-snippet:-1, max-image-preview:large, max-video-preview:-1\" \/>\n<meta property=\"og:locale\" content=\"es_ES\" \/>\n<meta property=\"og:type\" content=\"article\" \/>\n<meta property=\"og:title\" content=\"Rueda de Prensa de La Ruta de La Sal 2019 | Regata La Ruta de la Sal\" \/>\n<meta property=\"og:description\" content=\"Se ha celebrado,\u00a0en el\u00a0OD Hotels de Barcelona,\u00a0la\u00a0Presentaci\u00f3n Oficial de la 32 edici\u00f3n de la Ruta de la Sal\u00a0regata de altura en la que participan\u00a0200 embarcaciones y m\u00e1s de 1.200 regatistas. Esta prueba deportiva, que arranca el pr\u00f3ximo 18 de abril, consta de tres versiones: la versi\u00f3n Barcelona, la versi\u00f3n Denia y la versi\u00f3n Mallorca.\u00a0Tres recorridos [&hellip;]\" \/>\n<meta property=\"og:url\" content=\"https:\/\/labs.100x100.net\/projects\/rutasal\/rueda-de-prensa-de-la-ruta-de-la-sal-2019\/\" \/>\n<meta property=\"og:site_name\" content=\"Regata La Ruta de la Sal\" \/>\n<meta property=\"article:publisher\" content=\"https:\/\/www.facebook.com\/rutadelasal\/\" \/>\n<meta property=\"article:published_time\" content=\"2019-03-27T15:55:31+00:00\" \/>\n<meta property=\"article:modified_time\" content=\"2019-04-15T15:57:23+00:00\" \/>\n<meta property=\"og:image\" content=\"https:\/\/labs.100x100.net\/projects\/rutasal\/custom\/uploads\/2019\/04\/AFB8960B2P-500x275.jpg\" \/>\n\t<meta property=\"og:image:width\" content=\"500\" \/>\n\t<meta property=\"og:image:height\" content=\"275\" \/>\n\t<meta property=\"og:image:type\" content=\"image\/jpeg\" \/>\n<meta name=\"author\" content=\"La Ruta de la Sal\" \/>\n<meta name=\"twitter:card\" content=\"summary_large_image\" \/>\n<meta name=\"twitter:creator\" content=\"@AnamMedi\" \/>\n<meta name=\"twitter:site\" content=\"@AnamMedi\" \/>\n<meta name=\"twitter:label1\" content=\"Escrito por\" \/>\n\t<meta name=\"twitter:data1\" content=\"La Ruta de la Sal\" \/>\n\t<meta name=\"twitter:label2\" content=\"Tiempo de lectura\" \/>\n\t<meta name=\"twitter:data2\" content=\"1 minuto\" \/>\n<script type=\"application\/ld+json\" class=\"yoast-schema-graph\">{\"@context\":\"https:\/\/schema.org\",\"@graph\":[{\"@type\":\"WebPage\",\"@id\":\"https:\/\/labs.100x100.net\/projects\/rutasal\/rueda-de-prensa-de-la-ruta-de-la-sal-2019\/\",\"url\":\"https:\/\/labs.100x100.net\/projects\/rutasal\/rueda-de-prensa-de-la-ruta-de-la-sal-2019\/\",\"name\":\"Rueda de Prensa de La Ruta de La Sal 2019 | Regata La Ruta de la Sal\",\"isPartOf\":{\"@id\":\"https:\/\/labs.100x100.net\/projects\/rutasal\/#website\"},\"primaryImageOfPage\":{\"@id\":\"https:\/\/labs.100x100.net\/projects\/rutasal\/rueda-de-prensa-de-la-ruta-de-la-sal-2019\/#primaryimage\"},\"image\":{\"@id\":\"https:\/\/labs.100x100.net\/projects\/rutasal\/rueda-de-prensa-de-la-ruta-de-la-sal-2019\/#primaryimage\"},\"thumbnailUrl\":\"https:\/\/labs.100x100.net\/projects\/rutasal\/custom\/uploads\/2019\/04\/AFB8960B2P-500x275.jpg\",\"datePublished\":\"2019-03-27T15:55:31+00:00\",\"dateModified\":\"2019-04-15T15:57:23+00:00\",\"author\":{\"@id\":\"https:\/\/labs.100x100.net\/projects\/rutasal\/#\/schema\/person\/214eeb4a2e78fd8373a0a94f6d93c9ca\"},\"breadcrumb\":{\"@id\":\"https:\/\/labs.100x100.net\/projects\/rutasal\/rueda-de-prensa-de-la-ruta-de-la-sal-2019\/#breadcrumb\"},\"inLanguage\":\"es\",\"potentialAction\":[{\"@type\":\"ReadAction\",\"target\":[\"https:\/\/labs.100x100.net\/projects\/rutasal\/rueda-de-prensa-de-la-ruta-de-la-sal-2019\/\"]}]},{\"@type\":\"ImageObject\",\"inLanguage\":\"es\",\"@id\":\"https:\/\/labs.100x100.net\/projects\/rutasal\/rueda-de-prensa-de-la-ruta-de-la-sal-2019\/#primaryimage\",\"url\":\"https:\/\/labs.100x100.net\/projects\/rutasal\/custom\/uploads\/2019\/04\/AFB8960B2P-500x275.jpg\",\"contentUrl\":\"https:\/\/labs.100x100.net\/projects\/rutasal\/custom\/uploads\/2019\/04\/AFB8960B2P-500x275.jpg\",\"width\":500,\"height\":275},{\"@type\":\"BreadcrumbList\",\"@id\":\"https:\/\/labs.100x100.net\/projects\/rutasal\/rueda-de-prensa-de-la-ruta-de-la-sal-2019\/#breadcrumb\",\"itemListElement\":[{\"@type\":\"ListItem\",\"position\":1,\"name\":\"Portada\",\"item\":\"https:\/\/labs.100x100.net\/projects\/rutasal\/\"},{\"@type\":\"ListItem\",\"position\":2,\"name\":\"Rueda de Prensa de La Ruta de La Sal 2019\"}]},{\"@type\":\"WebSite\",\"@id\":\"https:\/\/labs.100x100.net\/projects\/rutasal\/#website\",\"url\":\"https:\/\/labs.100x100.net\/projects\/rutasal\/\",\"name\":\"Regata La Ruta de la Sal\",\"description\":\"Regata La Ruta de la Sal es una regata de Altura Mediterr\u00e1nea para barcos de crucero a vela con destino en Ibiza, que se disputa anualmente en Semana Santa.\",\"potentialAction\":[{\"@type\":\"SearchAction\",\"target\":{\"@type\":\"EntryPoint\",\"urlTemplate\":\"https:\/\/labs.100x100.net\/projects\/rutasal\/?s={search_term_string}\"},\"query-input\":\"required name=search_term_string\"}],\"inLanguage\":\"es\"},{\"@type\":\"Person\",\"@id\":\"https:\/\/labs.100x100.net\/projects\/rutasal\/#\/schema\/person\/214eeb4a2e78fd8373a0a94f6d93c9ca\",\"name\":\"La Ruta de la Sal\",\"image\":{\"@type\":\"ImageObject\",\"inLanguage\":\"es\",\"@id\":\"https:\/\/labs.100x100.net\/projects\/rutasal\/#\/schema\/person\/image\/\",\"url\":\"https:\/\/secure.gravatar.com\/avatar\/b247286d4b801d6b1cfcfb3807587284?s=96&d=mm&r=g\",\"contentUrl\":\"https:\/\/secure.gravatar.com\/avatar\/b247286d4b801d6b1cfcfb3807587284?s=96&d=mm&r=g\",\"caption\":\"La Ruta de la Sal\"}}]}<\/script>\n<!-- \/ Yoast SEO plugin. -->","yoast_head_json":{"title":"Rueda de Prensa de La Ruta de La Sal 2019 | Regata La Ruta de la Sal","robots":{"index":"noindex","follow":"follow","max-snippet":"max-snippet:-1","max-image-preview":"max-image-preview:large","max-video-preview":"max-video-preview:-1"},"og_locale":"es_ES","og_type":"article","og_title":"Rueda de Prensa de La Ruta de La Sal 2019 | Regata La Ruta de la Sal","og_description":"Se ha celebrado,\u00a0en el\u00a0OD Hotels de Barcelona,\u00a0la\u00a0Presentaci\u00f3n Oficial de la 32 edici\u00f3n de la Ruta de la Sal\u00a0regata de altura en la que participan\u00a0200 embarcaciones y m\u00e1s de 1.200 regatistas. Esta prueba deportiva, que arranca el pr\u00f3ximo 18 de abril, consta de tres versiones: la versi\u00f3n Barcelona, la versi\u00f3n Denia y la versi\u00f3n Mallorca.\u00a0Tres recorridos [&hellip;]","og_url":"https:\/\/labs.100x100.net\/projects\/rutasal\/rueda-de-prensa-de-la-ruta-de-la-sal-2019\/","og_site_name":"Regata La Ruta de la Sal","article_publisher":"https:\/\/www.facebook.com\/rutadelasal\/","article_published_time":"2019-03-27T15:55:31+00:00","article_modified_time":"2019-04-15T15:57:23+00:00","og_image":[{"width":500,"height":275,"url":"https:\/\/labs.100x100.net\/projects\/rutasal\/custom\/uploads\/2019\/04\/AFB8960B2P-500x275.jpg","type":"image\/jpeg"}],"author":"La Ruta de la Sal","twitter_card":"summary_large_image","twitter_creator":"@AnamMedi","twitter_site":"@AnamMedi","twitter_misc":{"Escrito por":"La Ruta de la Sal","Tiempo de lectura":"1 minuto"},"schema":{"@context":"https:\/\/schema.org","@graph":[{"@type":"WebPage","@id":"https:\/\/labs.100x100.net\/projects\/rutasal\/rueda-de-prensa-de-la-ruta-de-la-sal-2019\/","url":"https:\/\/labs.100x100.net\/projects\/rutasal\/rueda-de-prensa-de-la-ruta-de-la-sal-2019\/","name":"Rueda de Prensa de La Ruta de La Sal 2019 | Regata La Ruta de la Sal","isPartOf":{"@id":"https:\/\/labs.100x100.net\/projects\/rutasal\/#website"},"primaryImageOfPage":{"@id":"https:\/\/labs.100x100.net\/projects\/rutasal\/rueda-de-prensa-de-la-ruta-de-la-sal-2019\/#primaryimage"},"image":{"@id":"https:\/\/labs.100x100.net\/projects\/rutasal\/rueda-de-prensa-de-la-ruta-de-la-sal-2019\/#primaryimage"},"thumbnailUrl":"https:\/\/labs.100x100.net\/projects\/rutasal\/custom\/uploads\/2019\/04\/AFB8960B2P-500x275.jpg","datePublished":"2019-03-27T15:55:31+00:00","dateModified":"2019-04-15T15:57:23+00:00","author":{"@id":"https:\/\/labs.100x100.net\/projects\/rutasal\/#\/schema\/person\/214eeb4a2e78fd8373a0a94f6d93c9ca"},"breadcrumb":{"@id":"https:\/\/labs.100x100.net\/projects\/rutasal\/rueda-de-prensa-de-la-ruta-de-la-sal-2019\/#breadcrumb"},"inLanguage":"es","potentialAction":[{"@type":"ReadAction","target":["https:\/\/labs.100x100.net\/projects\/rutasal\/rueda-de-prensa-de-la-ruta-de-la-sal-2019\/"]}]},{"@type":"ImageObject","inLanguage":"es","@id":"https:\/\/labs.100x100.net\/projects\/rutasal\/rueda-de-prensa-de-la-ruta-de-la-sal-2019\/#primaryimage","url":"https:\/\/labs.100x100.net\/projects\/rutasal\/custom\/uploads\/2019\/04\/AFB8960B2P-500x275.jpg","contentUrl":"https:\/\/labs.100x100.net\/projects\/rutasal\/custom\/uploads\/2019\/04\/AFB8960B2P-500x275.jpg","width":500,"height":275},{"@type":"BreadcrumbList","@id":"https:\/\/labs.100x100.net\/projects\/rutasal\/rueda-de-prensa-de-la-ruta-de-la-sal-2019\/#breadcrumb","itemListElement":[{"@type":"ListItem","position":1,"name":"Portada","item":"https:\/\/labs.100x100.net\/projects\/rutasal\/"},{"@type":"ListItem","position":2,"name":"Rueda de Prensa de La Ruta de La Sal 2019"}]},{"@type":"WebSite","@id":"https:\/\/labs.100x100.net\/projects\/rutasal\/#website","url":"https:\/\/labs.100x100.net\/projects\/rutasal\/","name":"Regata La Ruta de la Sal","description":"Regata La Ruta de la Sal es una regata de Altura Mediterr\u00e1nea para barcos de crucero a vela con destino en Ibiza, que se disputa anualmente en Semana Santa.","potentialAction":[{"@type":"SearchAction","target":{"@type":"EntryPoint","urlTemplate":"https:\/\/labs.100x100.net\/projects\/rutasal\/?s={search_term_string}"},"query-input":"required name=search_term_string"}],"inLanguage":"es"},{"@type":"Person","@id":"https:\/\/labs.100x100.net\/projects\/rutasal\/#\/schema\/person\/214eeb4a2e78fd8373a0a94f6d93c9ca","name":"La Ruta de la Sal","image":{"@type":"ImageObject","inLanguage":"es","@id":"https:\/\/labs.100x100.net\/projects\/rutasal\/#\/schema\/person\/image\/","url":"https:\/\/secure.gravatar.com\/avatar\/b247286d4b801d6b1cfcfb3807587284?s=96&d=mm&r=g","contentUrl":"https:\/\/secure.gravatar.com\/avatar\/b247286d4b801d6b1cfcfb3807587284?s=96&d=mm&r=g","caption":"La Ruta de la Sal"}}]}},"_links":{"self":[{"href":"https:\/\/labs.100x100.net\/projects\/rutasal\/wp-json\/wp\/v2\/posts\/4053"}],"collection":[{"href":"https:\/\/labs.100x100.net\/projects\/rutasal\/wp-json\/wp\/v2\/posts"}],"about":[{"href":"https:\/\/labs.100x100.net\/projects\/rutasal\/wp-json\/wp\/v2\/types\/post"}],"author":[{"embeddable":true,"href":"https:\/\/labs.100x100.net\/projects\/rutasal\/wp-json\/wp\/v2\/users\/1"}],"replies":[{"embeddable":true,"href":"https:\/\/labs.100x100.net\/projects\/rutasal\/wp-json\/wp\/v2\/comments?post=4053"}],"version-history":[{"count":3,"href":"https:\/\/labs.100x100.net\/projects\/rutasal\/wp-json\/wp\/v2\/posts\/4053\/revisions"}],"predecessor-version":[{"id":4057,"href":"https:\/\/labs.100x100.net\/projects\/rutasal\/wp-json\/wp\/v2\/posts\/4053\/revisions\/4057"}],"wp:featuredmedia":[{"embeddable":true,"href":"https:\/\/labs.100x100.net\/projects\/rutasal\/wp-json\/wp\/v2\/media\/4054"}],"wp:attachment":[{"href":"https:\/\/labs.100x100.net\/projects\/rutasal\/wp-json\/wp\/v2\/media?parent=4053"}],"wp:term":[{"taxonomy":"category","embeddable":true,"href":"https:\/\/labs.100x100.net\/projects\/rutasal\/wp-json\/wp\/v2\/categories?post=4053"},{"taxonomy":"post_tag","embeddable":true,"href":"https:\/\/labs.100x100.net\/projects\/rutasal\/wp-json\/wp\/v2\/tags?post=4053"}],"curies":[{"name":"wp","href":"https:\/\/api.w.org\/{rel}","templated":true}]}}