{"id":393,"date":"2011-03-02T13:03:55","date_gmt":"2011-03-02T13:03:55","guid":{"rendered":"https:\/\/larutadelasal.com\/?p=393"},"modified":"2019-03-14T12:32:37","modified_gmt":"2019-03-14T10:32:37","slug":"navegando-por-el-buen-bordo","status":"publish","type":"post","link":"https:\/\/labs.100x100.net\/projects\/rutasal\/navegando-por-el-buen-bordo\/","title":{"rendered":"NAVEGANDO POR EL BUEN BORDO"},"content":{"rendered":"<h1>Se consolida una magnifica participaci\u00f3n para La Sal 2011.<\/h1>\n<p>Se estima una\u00a0 flota de unos 300 participantes de alto nivel deportivo.<\/p>\n<p>ANAM ha formado un magnifico equipo de especialista para la gesti\u00f3n integral de La Ruta de La Sal &#8211; Trofeo Pepe Ferres.<\/p>\n<p><a class=\"tt-flickr tt-flickr-Medium\" title=\"FOTO-01\" href=\"http:\/\/farm5.static.flickr.com\/4146\/5083476182_7ae7559aa3_b.jpg\"><img loading=\"lazy\" decoding=\"async\" class=\"alignnone\" src=\"http:\/\/farm5.static.flickr.com\/4146\/5083476182_7ae7559aa3.jpg\" alt=\"FOTO-01\" width=\"657\" height=\"370\" \/><\/a><\/p>\n<p>A falta de algo menos de dos meses para la salida de la <strong>XXIV edici\u00f3n de la Ruta de La Sal- Trofeo Pepe Ferres,<\/strong> ANAM -Associaci\u00f3 de Navegants d\u2019Altura Mediterranis- informa que la organizaci\u00f3n de la regata va, en todos sus aspectos, viento en popa consolid\u00e1ndose, d\u00eda a d\u00eda, unos \u00edndices de inscripci\u00f3n que adelantan una participaci\u00f3n muy numerosa, que bien podr\u00eda llegar a rozar las 300 embarcaciones. Lo que dibujara a \u00abLa Sal\u00bb como la regata de altura l\u00edder mediterr\u00e1nea. Una participaci\u00f3n en la que se confirman desaf\u00edos de equipos, procedentes de unas siete nacionalidades diferentes, muy competitivos que aseguran que esta <strong>XXIV Ruta de la Sal- Trofeo Pepe Ferres<\/strong> ser\u00e1 una regata din\u00e1mica y de gran nivel deportivo; destacar la entrada de muchos ganadores de ediciones anteriores de La Sal, aut\u00e9nticos especialistas en la navegaci\u00f3n de altura como lo podr\u00edan ser, entre otros, el\u00a0 <strong>Farr 520 Plis-Play de Vicente Garc\u00eda. El Swan 56 Clem de Jaime Olaz\u00e1bal, el J35 Jay Walker del Holand\u00e9s Eric Janssen, o\u00a0 el J\/V 45 Atlant del Vent de los ibicencos Jaime Sierra y David Tur<\/strong>.<\/p>\n<p>Paralelamente <strong>ANAM, Presidida por Isabel Subirats<\/strong>, mujer de Pepe Ferres, ide\u00f3logo y fundador de \u201cLa Sal\u201d, ha confirmado los equipos que se responsabilizaran de la gesti\u00f3n t\u00e9cnica y administrativa de La Ruta de la sal. Tal y como se adelanto en su d\u00eda, el <strong>Director de la regata ser\u00e1 Marc Miravitlles<\/strong>, que tambi\u00e9n, como lo ha sido durante much\u00edsimos a\u00f1os, ser\u00e1 el<strong> Coordinador de la Versi\u00f3n Este<\/strong> de la prueba. Un hombre unido a La Ruta de la Sal desde sus inicios que asegura una gesti\u00f3n impecable a la vez de que garantiza que la filosof\u00eda fundacional de la regata. Ese car\u00e1cter de gran evento internacional abierto a los amantes de la navegaci\u00f3n de altura perdure en el tiempo. La <strong>Coordinaci\u00f3n de la Versi\u00f3n Norte ser\u00e1 responsabilidad de Eva Zendrera,<\/strong> una gran conocedora de la gesti\u00f3n del evento desde sus primeras convocatorias. Miembro del grupo base de trabajo de Pepe Ferres y ANAM desde su fundaci\u00f3n. <strong>Nuria Jim\u00e9nez<\/strong>, se ubica como responsable de la<strong> Coordinaci\u00f3n de la regata en Ibiza<\/strong>, apoyada por <strong>Nieves Torres <\/strong>y el <strong>regatista Ibicenco Manuel Guash<\/strong>. Otro gran experto en La Sal, con algunas victorias absolutas en su palmares, cuyo apoyo y entusiasmo se augura como muy valiosos para la organizaci\u00f3n del evento.<\/p>\n<p><strong><a class=\"tt-flickr tt-flickr-Medium\" title=\"FOTO-36\" href=\"http:\/\/farm5.static.flickr.com\/4151\/5083477570_092abb3dab_b.jpg\"><img loading=\"lazy\" decoding=\"async\" class=\"alignnone\" src=\"http:\/\/farm5.static.flickr.com\/4151\/5083477570_092abb3dab.jpg\" alt=\"FOTO-36\" width=\"320\" height=\"229\" \/><\/a><a class=\"tt-flickr tt-flickr-Medium\" title=\"Arribadas a Ibiza 10_RS_DEN_1_ 296W\" href=\"http:\/\/farm2.static.flickr.com\/1126\/5113540897_7f896bae08_b.jpg\"><img loading=\"lazy\" decoding=\"async\" class=\"alignnone\" src=\"http:\/\/farm2.static.flickr.com\/1126\/5113540897_7f896bae08.jpg\" alt=\"Arribadas a Ibiza 10_RS_DEN_1_ 296W\" width=\"320\" height=\"229\" \/><\/a> <\/strong><\/p>\n<p><strong>Josep Maria Ballesta y Artur Sotos<\/strong> se responsabilizaran de las tareas<strong> Coordinaci\u00f3n de la Seguridad.<\/strong> Ambos, expertos navegantes con muchas horas de vuelo, implicados directamente en la gesti\u00f3n t\u00e9cnica de las regatas de ANAM desde hace muchos a\u00f1os ser\u00e1n los encargados de seguir la regata desde el mar; de organizar las ruedas de comunicaci\u00f3n con los participantes para ir situando regularmente cada uno de los barcos en competici\u00f3n. De controlar, apoyar y dise\u00f1ar la gesti\u00f3n de incidencias; como abandonos, roturas, etc. Contaran con el apoyo de <strong>Juan Luis Salustio<\/strong> quien desde la emisora de gran alcance de <strong>Tagomago Control<\/strong> ira registrando las ubicaciones de ambas flotas, la de la versi\u00f3n Norte y la Versi\u00f3n Este, coordinando informaciones con el equipo de seguimiento en el mar. Un trabajo de equipo, duro y muy meticuloso que permite tener controlada la regata en todo momento. Un vinculo informativo importante para la difusi\u00f3n de la regata. Para los participantes un magnifico recurso para el caso de una emergencia o la necesidad de un apoyo log\u00edstica del tipo que sea.<\/p>\n<p>Un a\u00f1o mas, <strong>Paco Fern\u00e1ndez ser\u00e1 el Juez Regata responsable del evento<\/strong> apoyado por<strong> Pep Romeu<\/strong>, en calidad de Ayudante Juez. Las llegadas, los resultados y los trabajos de coordinaci\u00f3n con los <strong>medidores oficiales de la RANC <\/strong>y los t\u00e9cnicos Federativos que sean designados para cubrir La Sal 2011 ser\u00e1 cosa de ellos. El <strong>Departamento de Prensa y Comunicaci\u00f3n de la Ruta de La Sal <\/strong>continuara gestionado, como durante los \u00faltimos diez a\u00f1os, por <strong>Chema San<\/strong>s con <strong>Alfred Farre como Fot\u00f3grafo Oficial <\/strong>y el grupo Helipistas como responsables de Fotograf\u00eda A\u00e9rea.<\/p>\n<p><a class=\"tt-flickr tt-flickr-Medium\" title=\"Arribadas a Ibiza P1030329W\" href=\"http:\/\/farm2.static.flickr.com\/1195\/5113540717_0df8cc3a83_b.jpg\"><img loading=\"lazy\" decoding=\"async\" class=\"alignnone\" src=\"http:\/\/farm2.static.flickr.com\/1195\/5113540717_0df8cc3a83.jpg\" alt=\"Arribadas a Ibiza P1030329W\" width=\"320\" height=\"229\" \/><\/a><a class=\"tt-flickr tt-flickr-Medium\" title=\"FOTO-72\" href=\"http:\/\/farm5.static.flickr.com\/4089\/5083479130_6d860d9e0f_b.jpg\"> <img loading=\"lazy\" decoding=\"async\" class=\"alignnone\" src=\"http:\/\/farm5.static.flickr.com\/4089\/5083479130_6d860d9e0f.jpg\" alt=\"FOTO-72\" width=\"320\" height=\"229\" \/><\/a><\/p>\n<p>Finalmente mencionar a <strong>Isabel Subirats,<\/strong> que asumir\u00e1 la <strong>Coordinaci\u00f3n General de La Sal<\/strong>, contando con asesores como <strong>Jes\u00fas Turro, Presidente de la RANC <\/strong>que a partir de ahora se implicara directamente en la gesti\u00f3n de la prueba\u00a0 y el <strong>regatista oce\u00e1nico Albert Bargues <\/strong>que tambi\u00e9n pasa a formar parte del equipo de La Regata de Altura de La Ruta de la Sal-Trofeo Pepe Ferres.<\/p>\n<p>Para Marc Miravitlles lo mas destacable de estos equipos, que a partir de ahora van a gestionar La Sal, es que est\u00e1n formados por personas que conocen perfectamente esta regata. Gente, en muchos casos, vinculada a la organizaci\u00f3n de la prueba desde sus inicios. En otros, aut\u00e9nticos expertos que han trabajado durante los \u00faltimos a\u00f1os mano a mano con Pepe Ferres y entienden perfectamente la filosof\u00eda que justifica esta cita deportiva. Personas que han participando intensamente en los exitosos cambios que ha experimentado la regata en los \u00faltimos cuatro a\u00f1os, mejorando sus prestaciones deportivas y sociales. Modernizando su formato en aspectos t\u00e9cnicos, estrat\u00e9gicos y funcionales con el objetivo de compatibilizarla, en la medida de lo posible, con las exigencias de los aficionados.<\/p>\n<p>\u00abPienso, comento Miravitlles, que La Sal esta en las mejores manos posibles, algo que asegura un magnifico futuro para este evento tan especial. Su popularidad es cada vez mayor. Como regata se ha convertido en un desafi\u00f3 muy s\u00f3lido y de un gran valor deportivo. Una de esas regatas en las que participar, aunque sea solo por prestigi\u00f3, es pr\u00e1cticamente obligado\u00bb. \u00abEste a\u00f1o, destaco en director de la regata, tan duro y dif\u00edcil para todos nosotros, los \u00edndices de inscripciones est\u00e1n resultado espectaculares. La regata se muestra particularmente vigorosa a pesar de que la crisis esta limitando mucho las participaciones en muchas de las cl\u00e1sicas del calendario nacional e internacional. Algo que nos anima mucho y nos hace pensar que continuamos navegando por el buen bordo\u00bb.\u00bb Finalmente, Marc Miravitlles indico que el objetivo primordial para esta convocatoria es optimizar los servicios de apoyo a los participantes. Para lo que, entre otras cosas, se ha dise\u00f1ado una nueva y potente pagina web &#8211; www.larutadelasal.com &#8211; que ira aportando nuevas prestaciones para facilitar temas t\u00e9cnicos, administrativos e informativos sobre la regata, y en general sobre la totalidad de las actividades deportivas de ANAM. Tambi\u00e9n se apoyara particularmente todo lo relacionado con la seguridad durante la regata y, finalmente, se agilizaran tramites para que la complicad\u00edsima gesti\u00f3n de resultados sea mas \u00e1gil y, en consecuencia mas funcional de cara a los participantes y medios de comunicaci\u00f3n\u00bb.<\/p>\n<p>La<strong> Versi\u00f3n Norte de La Sal<\/strong> que zarpara el pr\u00f3ximo<strong> jueves 21 de abril del 2011 a las 12:00h desde el CM Port Ginesta<\/strong>,\u00a0 se competir\u00e1 sobre un recorrido de 140 millas con rumbo directo hasta el CN Sant Antoni de Portmany en Ibiza. La <strong>Versi\u00f3n Este <\/strong>que partir\u00e1, <strong>a las 14:00 h del mismo d\u00eda desde el RC N\u00e1utico de Denia<\/strong>, se vera obligada a cubrir un circuito de 120 millas que implicara tomar Formentera por babor, la Isla de Tagomago y, navegando por la costa norte de Ibiza, llegar hasta Sant Antoni. Recorrido, este ultimo, que podr\u00eda, si es el caso, modificarse si las condiciones meteorol\u00f3gicas as\u00ed lo sugiriesen.<\/p>\n<h6>La XXIV regata de altura de La Ruta de la Sal cuenta con la colaboraci\u00f3n del Consell\u00a0 d\u2019Eivissa,\u00a0 la Conselleries\u00a0 de Turisme y de Industria del Govern de les Illes Balears, el Ajuntament de Sant Antoni de Portmany, la Estaci\u00f3 N\u00e1utica de Sant Antoni y Sant Josep, as\u00ed como de los Ayuntamientos de Denia y Sitges<\/h6>\n<h6>Esta organizada, por ANAM, Associaci\u00f3 de Navegants d\u2019Altura Mediterranis, en estrecha colaboraci\u00f3n con el CM Port Ginesta, RC N\u00e1utico Denia, CN Sant Antoni de Portmany de Ibiza y la RANC, con el soporte de Ports de Balears, Sociedad Estatal de Salvamento y Seguridad Mar\u00edtima, Guardia Civil del Mar y el apoyo de la Federaci\u00f3 Catalana de Vela, Federaci\u00f3n de Vela de la Comunidad Valenciana y la Federaci\u00f3 Balear de Vela<\/h6>\n<pre><\/pre>\n","protected":false},"excerpt":{"rendered":"<p>Se consolida una magnifica participaci\u00f3n para La Sal 2011. Se estima una\u00a0 flota de unos 300 participantes de alto nivel deportivo. ANAM ha formado un magnifico equipo de especialista para la gesti\u00f3n integral de La Ruta de La Sal &#8211; Trofeo Pepe Ferres. A falta de algo menos de dos meses para la salida de [&hellip;]<\/p>\n","protected":false},"author":1,"featured_media":3932,"comment_status":"open","ping_status":"open","sticky":false,"template":"","format":"standard","meta":{"_acf_changed":false,"footnotes":""},"categories":[3],"tags":[],"acf":[],"yoast_head":"<!-- This site is optimized with the Yoast SEO plugin v23.0 - https:\/\/yoast.com\/wordpress\/plugins\/seo\/ -->\n<title>NAVEGANDO POR EL BUEN BORDO | Regata La Ruta de la Sal<\/title>\n<meta name=\"robots\" content=\"noindex, follow, max-snippet:-1, max-image-preview:large, max-video-preview:-1\" \/>\n<meta property=\"og:locale\" content=\"es_ES\" \/>\n<meta property=\"og:type\" content=\"article\" \/>\n<meta property=\"og:title\" content=\"NAVEGANDO POR EL BUEN BORDO | Regata La Ruta de la Sal\" \/>\n<meta property=\"og:description\" content=\"Se consolida una magnifica participaci\u00f3n para La Sal 2011. Se estima una\u00a0 flota de unos 300 participantes de alto nivel deportivo. ANAM ha formado un magnifico equipo de especialista para la gesti\u00f3n integral de La Ruta de La Sal &#8211; Trofeo Pepe Ferres. A falta de algo menos de dos meses para la salida de [&hellip;]\" \/>\n<meta property=\"og:url\" content=\"https:\/\/labs.100x100.net\/projects\/rutasal\/navegando-por-el-buen-bordo\/\" \/>\n<meta property=\"og:site_name\" content=\"Regata La Ruta de la Sal\" \/>\n<meta property=\"article:publisher\" content=\"https:\/\/www.facebook.com\/rutadelasal\/\" \/>\n<meta property=\"article:published_time\" content=\"2011-03-02T13:03:55+00:00\" \/>\n<meta property=\"article:modified_time\" content=\"2019-03-14T10:32:37+00:00\" \/>\n<meta property=\"og:image\" content=\"https:\/\/labs.100x100.net\/projects\/rutasal\/custom\/uploads\/2011\/03\/5083479130_6d860d9e0f.jpg\" \/>\n\t<meta property=\"og:image:width\" content=\"500\" \/>\n\t<meta property=\"og:image:height\" content=\"334\" \/>\n\t<meta property=\"og:image:type\" content=\"image\/jpeg\" \/>\n<meta name=\"author\" content=\"La Ruta de la Sal\" \/>\n<meta name=\"twitter:card\" content=\"summary_large_image\" \/>\n<meta name=\"twitter:creator\" content=\"@AnamMedi\" \/>\n<meta name=\"twitter:site\" content=\"@AnamMedi\" \/>\n<meta name=\"twitter:label1\" content=\"Escrito por\" \/>\n\t<meta name=\"twitter:data1\" content=\"La Ruta de la Sal\" \/>\n\t<meta name=\"twitter:label2\" content=\"Tiempo de lectura\" \/>\n\t<meta name=\"twitter:data2\" content=\"7 minutos\" \/>\n<script type=\"application\/ld+json\" class=\"yoast-schema-graph\">{\"@context\":\"https:\/\/schema.org\",\"@graph\":[{\"@type\":\"WebPage\",\"@id\":\"https:\/\/labs.100x100.net\/projects\/rutasal\/navegando-por-el-buen-bordo\/\",\"url\":\"https:\/\/labs.100x100.net\/projects\/rutasal\/navegando-por-el-buen-bordo\/\",\"name\":\"NAVEGANDO POR EL BUEN BORDO | Regata La Ruta de la Sal\",\"isPartOf\":{\"@id\":\"https:\/\/labs.100x100.net\/projects\/rutasal\/#website\"},\"primaryImageOfPage\":{\"@id\":\"https:\/\/labs.100x100.net\/projects\/rutasal\/navegando-por-el-buen-bordo\/#primaryimage\"},\"image\":{\"@id\":\"https:\/\/labs.100x100.net\/projects\/rutasal\/navegando-por-el-buen-bordo\/#primaryimage\"},\"thumbnailUrl\":\"https:\/\/labs.100x100.net\/projects\/rutasal\/custom\/uploads\/2011\/03\/5083479130_6d860d9e0f.jpg\",\"datePublished\":\"2011-03-02T13:03:55+00:00\",\"dateModified\":\"2019-03-14T10:32:37+00:00\",\"author\":{\"@id\":\"https:\/\/labs.100x100.net\/projects\/rutasal\/#\/schema\/person\/214eeb4a2e78fd8373a0a94f6d93c9ca\"},\"breadcrumb\":{\"@id\":\"https:\/\/labs.100x100.net\/projects\/rutasal\/navegando-por-el-buen-bordo\/#breadcrumb\"},\"inLanguage\":\"es\",\"potentialAction\":[{\"@type\":\"ReadAction\",\"target\":[\"https:\/\/labs.100x100.net\/projects\/rutasal\/navegando-por-el-buen-bordo\/\"]}]},{\"@type\":\"ImageObject\",\"inLanguage\":\"es\",\"@id\":\"https:\/\/labs.100x100.net\/projects\/rutasal\/navegando-por-el-buen-bordo\/#primaryimage\",\"url\":\"https:\/\/labs.100x100.net\/projects\/rutasal\/custom\/uploads\/2011\/03\/5083479130_6d860d9e0f.jpg\",\"contentUrl\":\"https:\/\/labs.100x100.net\/projects\/rutasal\/custom\/uploads\/2011\/03\/5083479130_6d860d9e0f.jpg\",\"width\":500,\"height\":334},{\"@type\":\"BreadcrumbList\",\"@id\":\"https:\/\/labs.100x100.net\/projects\/rutasal\/navegando-por-el-buen-bordo\/#breadcrumb\",\"itemListElement\":[{\"@type\":\"ListItem\",\"position\":1,\"name\":\"Portada\",\"item\":\"https:\/\/labs.100x100.net\/projects\/rutasal\/\"},{\"@type\":\"ListItem\",\"position\":2,\"name\":\"NAVEGANDO POR EL BUEN BORDO\"}]},{\"@type\":\"WebSite\",\"@id\":\"https:\/\/labs.100x100.net\/projects\/rutasal\/#website\",\"url\":\"https:\/\/labs.100x100.net\/projects\/rutasal\/\",\"name\":\"Regata La Ruta de la Sal\",\"description\":\"Regata La Ruta de la Sal es una regata de Altura Mediterr\u00e1nea para barcos de crucero a vela con destino en Ibiza, que se disputa anualmente en Semana Santa.\",\"potentialAction\":[{\"@type\":\"SearchAction\",\"target\":{\"@type\":\"EntryPoint\",\"urlTemplate\":\"https:\/\/labs.100x100.net\/projects\/rutasal\/?s={search_term_string}\"},\"query-input\":\"required name=search_term_string\"}],\"inLanguage\":\"es\"},{\"@type\":\"Person\",\"@id\":\"https:\/\/labs.100x100.net\/projects\/rutasal\/#\/schema\/person\/214eeb4a2e78fd8373a0a94f6d93c9ca\",\"name\":\"La Ruta de la Sal\",\"image\":{\"@type\":\"ImageObject\",\"inLanguage\":\"es\",\"@id\":\"https:\/\/labs.100x100.net\/projects\/rutasal\/#\/schema\/person\/image\/\",\"url\":\"https:\/\/secure.gravatar.com\/avatar\/b247286d4b801d6b1cfcfb3807587284?s=96&d=mm&r=g\",\"contentUrl\":\"https:\/\/secure.gravatar.com\/avatar\/b247286d4b801d6b1cfcfb3807587284?s=96&d=mm&r=g\",\"caption\":\"La Ruta de la Sal\"}}]}<\/script>\n<!-- \/ Yoast SEO plugin. -->","yoast_head_json":{"title":"NAVEGANDO POR EL BUEN BORDO | Regata La Ruta de la Sal","robots":{"index":"noindex","follow":"follow","max-snippet":"max-snippet:-1","max-image-preview":"max-image-preview:large","max-video-preview":"max-video-preview:-1"},"og_locale":"es_ES","og_type":"article","og_title":"NAVEGANDO POR EL BUEN BORDO | Regata La Ruta de la Sal","og_description":"Se consolida una magnifica participaci\u00f3n para La Sal 2011. Se estima una\u00a0 flota de unos 300 participantes de alto nivel deportivo. ANAM ha formado un magnifico equipo de especialista para la gesti\u00f3n integral de La Ruta de La Sal &#8211; Trofeo Pepe Ferres. A falta de algo menos de dos meses para la salida de [&hellip;]","og_url":"https:\/\/labs.100x100.net\/projects\/rutasal\/navegando-por-el-buen-bordo\/","og_site_name":"Regata La Ruta de la Sal","article_publisher":"https:\/\/www.facebook.com\/rutadelasal\/","article_published_time":"2011-03-02T13:03:55+00:00","article_modified_time":"2019-03-14T10:32:37+00:00","og_image":[{"width":500,"height":334,"url":"https:\/\/labs.100x100.net\/projects\/rutasal\/custom\/uploads\/2011\/03\/5083479130_6d860d9e0f.jpg","type":"image\/jpeg"}],"author":"La Ruta de la Sal","twitter_card":"summary_large_image","twitter_creator":"@AnamMedi","twitter_site":"@AnamMedi","twitter_misc":{"Escrito por":"La Ruta de la Sal","Tiempo de lectura":"7 minutos"},"schema":{"@context":"https:\/\/schema.org","@graph":[{"@type":"WebPage","@id":"https:\/\/labs.100x100.net\/projects\/rutasal\/navegando-por-el-buen-bordo\/","url":"https:\/\/labs.100x100.net\/projects\/rutasal\/navegando-por-el-buen-bordo\/","name":"NAVEGANDO POR EL BUEN BORDO | Regata La Ruta de la Sal","isPartOf":{"@id":"https:\/\/labs.100x100.net\/projects\/rutasal\/#website"},"primaryImageOfPage":{"@id":"https:\/\/labs.100x100.net\/projects\/rutasal\/navegando-por-el-buen-bordo\/#primaryimage"},"image":{"@id":"https:\/\/labs.100x100.net\/projects\/rutasal\/navegando-por-el-buen-bordo\/#primaryimage"},"thumbnailUrl":"https:\/\/labs.100x100.net\/projects\/rutasal\/custom\/uploads\/2011\/03\/5083479130_6d860d9e0f.jpg","datePublished":"2011-03-02T13:03:55+00:00","dateModified":"2019-03-14T10:32:37+00:00","author":{"@id":"https:\/\/labs.100x100.net\/projects\/rutasal\/#\/schema\/person\/214eeb4a2e78fd8373a0a94f6d93c9ca"},"breadcrumb":{"@id":"https:\/\/labs.100x100.net\/projects\/rutasal\/navegando-por-el-buen-bordo\/#breadcrumb"},"inLanguage":"es","potentialAction":[{"@type":"ReadAction","target":["https:\/\/labs.100x100.net\/projects\/rutasal\/navegando-por-el-buen-bordo\/"]}]},{"@type":"ImageObject","inLanguage":"es","@id":"https:\/\/labs.100x100.net\/projects\/rutasal\/navegando-por-el-buen-bordo\/#primaryimage","url":"https:\/\/labs.100x100.net\/projects\/rutasal\/custom\/uploads\/2011\/03\/5083479130_6d860d9e0f.jpg","contentUrl":"https:\/\/labs.100x100.net\/projects\/rutasal\/custom\/uploads\/2011\/03\/5083479130_6d860d9e0f.jpg","width":500,"height":334},{"@type":"BreadcrumbList","@id":"https:\/\/labs.100x100.net\/projects\/rutasal\/navegando-por-el-buen-bordo\/#breadcrumb","itemListElement":[{"@type":"ListItem","position":1,"name":"Portada","item":"https:\/\/labs.100x100.net\/projects\/rutasal\/"},{"@type":"ListItem","position":2,"name":"NAVEGANDO POR EL BUEN BORDO"}]},{"@type":"WebSite","@id":"https:\/\/labs.100x100.net\/projects\/rutasal\/#website","url":"https:\/\/labs.100x100.net\/projects\/rutasal\/","name":"Regata La Ruta de la Sal","description":"Regata La Ruta de la Sal es una regata de Altura Mediterr\u00e1nea para barcos de crucero a vela con destino en Ibiza, que se disputa anualmente en Semana Santa.","potentialAction":[{"@type":"SearchAction","target":{"@type":"EntryPoint","urlTemplate":"https:\/\/labs.100x100.net\/projects\/rutasal\/?s={search_term_string}"},"query-input":"required name=search_term_string"}],"inLanguage":"es"},{"@type":"Person","@id":"https:\/\/labs.100x100.net\/projects\/rutasal\/#\/schema\/person\/214eeb4a2e78fd8373a0a94f6d93c9ca","name":"La Ruta de la Sal","image":{"@type":"ImageObject","inLanguage":"es","@id":"https:\/\/labs.100x100.net\/projects\/rutasal\/#\/schema\/person\/image\/","url":"https:\/\/secure.gravatar.com\/avatar\/b247286d4b801d6b1cfcfb3807587284?s=96&d=mm&r=g","contentUrl":"https:\/\/secure.gravatar.com\/avatar\/b247286d4b801d6b1cfcfb3807587284?s=96&d=mm&r=g","caption":"La Ruta de la Sal"}}]}},"_links":{"self":[{"href":"https:\/\/labs.100x100.net\/projects\/rutasal\/wp-json\/wp\/v2\/posts\/393"}],"collection":[{"href":"https:\/\/labs.100x100.net\/projects\/rutasal\/wp-json\/wp\/v2\/posts"}],"about":[{"href":"https:\/\/labs.100x100.net\/projects\/rutasal\/wp-json\/wp\/v2\/types\/post"}],"author":[{"embeddable":true,"href":"https:\/\/labs.100x100.net\/projects\/rutasal\/wp-json\/wp\/v2\/users\/1"}],"replies":[{"embeddable":true,"href":"https:\/\/labs.100x100.net\/projects\/rutasal\/wp-json\/wp\/v2\/comments?post=393"}],"version-history":[{"count":1,"href":"https:\/\/labs.100x100.net\/projects\/rutasal\/wp-json\/wp\/v2\/posts\/393\/revisions"}],"predecessor-version":[{"id":3933,"href":"https:\/\/labs.100x100.net\/projects\/rutasal\/wp-json\/wp\/v2\/posts\/393\/revisions\/3933"}],"wp:featuredmedia":[{"embeddable":true,"href":"https:\/\/labs.100x100.net\/projects\/rutasal\/wp-json\/wp\/v2\/media\/3932"}],"wp:attachment":[{"href":"https:\/\/labs.100x100.net\/projects\/rutasal\/wp-json\/wp\/v2\/media?parent=393"}],"wp:term":[{"taxonomy":"category","embeddable":true,"href":"https:\/\/labs.100x100.net\/projects\/rutasal\/wp-json\/wp\/v2\/categories?post=393"},{"taxonomy":"post_tag","embeddable":true,"href":"https:\/\/labs.100x100.net\/projects\/rutasal\/wp-json\/wp\/v2\/tags?post=393"}],"curies":[{"name":"wp","href":"https:\/\/api.w.org\/{rel}","templated":true}]}}