{"id":380,"date":"2010-10-25T08:47:30","date_gmt":"2010-10-25T06:47:30","guid":{"rendered":"https:\/\/larutadelasal.com\/?p=380"},"modified":"2019-03-14T11:23:26","modified_gmt":"2019-03-14T09:23:26","slug":"salon-nautico-internacional-de-barcelona","status":"publish","type":"post","link":"https:\/\/labs.100x100.net\/projects\/rutasal\/salon-nautico-internacional-de-barcelona\/","title":{"rendered":"Sal\u00f3n N\u00e1utico internacional de Barcelona"},"content":{"rendered":"<p>Amigo\/a regatista,<br \/>\nNos complace comunicarte que durante el Sal\u00f3n N\u00e1utico internacional de Barcelona, que tendr\u00e1 lugar del 6 al 14 de noviembre, nos encontraras de nuevo en:<\/p>\n<div id=\"remarcat\">\n<p style=\"text-align: center;\"><strong>STAND ANAM \u2013 LA RUTA DE LA SAL<br \/>\nPalacio 2 \u2013 Nivel 0 &#8211; B 270<br \/>\nDonde te informaremos de las regatas para este pr\u00f3ximo a\u00f1o<\/strong><\/p>\n<p style=\"text-align: center;\"><strong>El 6 de Noviembre se abrir\u00e1 la inscripci\u00f3n para La Ruta de la Sal 2011.<\/strong><br \/>\nDurante todo el Sal\u00f3n N\u00e1utico podr\u00e1s formalizar tu inscripci\u00f3n para esta<br \/>\nXXIV\u00aa edici\u00f3n de la regata con un 15% de descuento especial Sal\u00f3n<\/p>\n<\/div>\n<p>A continuaci\u00f3n te anunciamos los actos que celebraremos durante el Sal\u00f3n:<\/p>\n<h2 class=\"sub\"><strong>VIERNES d\u00eda 12 \u2013 19.00h \u2013 ESPAI DE MAR &#8211; Palacio 2<\/strong><\/h2>\n<p><strong>Presentaci\u00f3n Oficial de la XXIV\u00aa edici\u00f3n de la Regata de Altura <\/strong><\/p>\n<p><strong>HOMENAJE A PEPE FERRES, Fundador de la Regata<\/strong><\/p>\n<p><strong>La Ruta de la Sal 2011 <\/strong>y muestra de la cultura de las Islas Pitiusas<br \/>\nA continuaci\u00f3n se servir\u00e1 un aperitivo mediterranea<\/p>\n<h2 class=\"sub\">SABADO d\u00eda 13 \u2013 13.00h \u2013 ESPAI DE MAR \u2013 Palacio 2<\/h2>\n<p>Entrega de los premios del CIRCUITO DE REGATAS DE ALTURA Entrega de Premios del V Circuito ANAM de Regatas de Altura 2010, donde se obsequiara al Ganador con el<strong> Trofeo AUSMAR, una Auxiliar Neum\u00e1tica DUARRY con su motor fueraborda<\/strong><\/p>\n<p>y la Presentaci\u00f3n de las Regatas del Circuito de 2011<br \/>\nA continuaci\u00f3n se servir\u00e1 un aperitivo.<\/p>\n<p>Te haremos llegar las correspondientes invitaciones para que nos acompa\u00f1es.<\/p>\n<p style=\"text-align: center;\"><a class=\"tt-flickr tt-flickr-Medium\" title=\"Recinto Gran Via - La Ruta de la Sal\" href=\"http:\/\/www.flickr.com\/photos\/circuitoanam\/5117274908_b\"><img loading=\"lazy\" decoding=\"async\" class=\"aligncenter\" src=\"http:\/\/farm5.static.flickr.com\/4085\/5117274908_d3d24682d1.jpg\" alt=\"Recinto Gran Via - La Ruta de la Sal\" width=\"500\" height=\"186\" \/><\/a><\/p>\n","protected":false},"excerpt":{"rendered":"<p>Nos complace comunicarte que durante el Sal\u00f3n N\u00e1utico internacional de Barcelona, que tendr\u00e1 lugar del 6 al 14 de noviembre, nos encontraras de nuevo.<\/p>\n","protected":false},"author":1,"featured_media":3494,"comment_status":"open","ping_status":"open","sticky":false,"template":"","format":"standard","meta":{"_acf_changed":false,"footnotes":""},"categories":[3],"tags":[],"acf":[],"yoast_head":"<!-- This site is optimized with the Yoast SEO plugin v23.0 - https:\/\/yoast.com\/wordpress\/plugins\/seo\/ -->\n<title>Sal\u00f3n N\u00e1utico internacional de Barcelona | Regata La Ruta de la Sal<\/title>\n<meta name=\"robots\" content=\"noindex, follow, max-snippet:-1, max-image-preview:large, max-video-preview:-1\" \/>\n<meta property=\"og:locale\" content=\"es_ES\" \/>\n<meta property=\"og:type\" content=\"article\" \/>\n<meta property=\"og:title\" content=\"Sal\u00f3n N\u00e1utico internacional de Barcelona | Regata La Ruta de la Sal\" \/>\n<meta property=\"og:description\" content=\"Nos complace comunicarte que durante el Sal\u00f3n N\u00e1utico internacional de Barcelona, que tendr\u00e1 lugar del 6 al 14 de noviembre, nos encontraras de nuevo.\" \/>\n<meta property=\"og:url\" content=\"https:\/\/labs.100x100.net\/projects\/rutasal\/salon-nautico-internacional-de-barcelona\/\" \/>\n<meta property=\"og:site_name\" content=\"Regata La Ruta de la Sal\" \/>\n<meta property=\"article:publisher\" content=\"https:\/\/www.facebook.com\/rutadelasal\/\" \/>\n<meta property=\"article:published_time\" content=\"2010-10-25T06:47:30+00:00\" \/>\n<meta property=\"article:modified_time\" content=\"2019-03-14T09:23:26+00:00\" \/>\n<meta property=\"og:image\" content=\"https:\/\/labs.100x100.net\/projects\/rutasal\/custom\/uploads\/2018\/05\/40579834464_5b5da59b7b.jpg\" \/>\n\t<meta property=\"og:image:width\" content=\"500\" \/>\n\t<meta property=\"og:image:height\" content=\"334\" \/>\n\t<meta property=\"og:image:type\" content=\"image\/jpeg\" \/>\n<meta name=\"author\" content=\"La Ruta de la Sal\" \/>\n<meta name=\"twitter:card\" content=\"summary_large_image\" \/>\n<meta name=\"twitter:creator\" content=\"@AnamMedi\" \/>\n<meta name=\"twitter:site\" content=\"@AnamMedi\" \/>\n<meta name=\"twitter:label1\" content=\"Escrito por\" \/>\n\t<meta name=\"twitter:data1\" content=\"La Ruta de la Sal\" \/>\n\t<meta name=\"twitter:label2\" content=\"Tiempo de lectura\" \/>\n\t<meta name=\"twitter:data2\" content=\"1 minuto\" \/>\n<script type=\"application\/ld+json\" class=\"yoast-schema-graph\">{\"@context\":\"https:\/\/schema.org\",\"@graph\":[{\"@type\":\"WebPage\",\"@id\":\"https:\/\/labs.100x100.net\/projects\/rutasal\/salon-nautico-internacional-de-barcelona\/\",\"url\":\"https:\/\/labs.100x100.net\/projects\/rutasal\/salon-nautico-internacional-de-barcelona\/\",\"name\":\"Sal\u00f3n N\u00e1utico internacional de Barcelona | Regata La Ruta de la Sal\",\"isPartOf\":{\"@id\":\"https:\/\/labs.100x100.net\/projects\/rutasal\/#website\"},\"primaryImageOfPage\":{\"@id\":\"https:\/\/labs.100x100.net\/projects\/rutasal\/salon-nautico-internacional-de-barcelona\/#primaryimage\"},\"image\":{\"@id\":\"https:\/\/labs.100x100.net\/projects\/rutasal\/salon-nautico-internacional-de-barcelona\/#primaryimage\"},\"thumbnailUrl\":\"https:\/\/labs.100x100.net\/projects\/rutasal\/custom\/uploads\/2018\/05\/40579834464_5b5da59b7b.jpg\",\"datePublished\":\"2010-10-25T06:47:30+00:00\",\"dateModified\":\"2019-03-14T09:23:26+00:00\",\"author\":{\"@id\":\"https:\/\/labs.100x100.net\/projects\/rutasal\/#\/schema\/person\/214eeb4a2e78fd8373a0a94f6d93c9ca\"},\"breadcrumb\":{\"@id\":\"https:\/\/labs.100x100.net\/projects\/rutasal\/salon-nautico-internacional-de-barcelona\/#breadcrumb\"},\"inLanguage\":\"es\",\"potentialAction\":[{\"@type\":\"ReadAction\",\"target\":[\"https:\/\/labs.100x100.net\/projects\/rutasal\/salon-nautico-internacional-de-barcelona\/\"]}]},{\"@type\":\"ImageObject\",\"inLanguage\":\"es\",\"@id\":\"https:\/\/labs.100x100.net\/projects\/rutasal\/salon-nautico-internacional-de-barcelona\/#primaryimage\",\"url\":\"https:\/\/labs.100x100.net\/projects\/rutasal\/custom\/uploads\/2018\/05\/40579834464_5b5da59b7b.jpg\",\"contentUrl\":\"https:\/\/labs.100x100.net\/projects\/rutasal\/custom\/uploads\/2018\/05\/40579834464_5b5da59b7b.jpg\",\"width\":500,\"height\":334},{\"@type\":\"BreadcrumbList\",\"@id\":\"https:\/\/labs.100x100.net\/projects\/rutasal\/salon-nautico-internacional-de-barcelona\/#breadcrumb\",\"itemListElement\":[{\"@type\":\"ListItem\",\"position\":1,\"name\":\"Portada\",\"item\":\"https:\/\/labs.100x100.net\/projects\/rutasal\/\"},{\"@type\":\"ListItem\",\"position\":2,\"name\":\"Sal\u00f3n N\u00e1utico internacional de Barcelona\"}]},{\"@type\":\"WebSite\",\"@id\":\"https:\/\/labs.100x100.net\/projects\/rutasal\/#website\",\"url\":\"https:\/\/labs.100x100.net\/projects\/rutasal\/\",\"name\":\"Regata La Ruta de la Sal\",\"description\":\"Regata La Ruta de la Sal es una regata de Altura Mediterr\u00e1nea para barcos de crucero a vela con destino en Ibiza, que se disputa anualmente en Semana Santa.\",\"potentialAction\":[{\"@type\":\"SearchAction\",\"target\":{\"@type\":\"EntryPoint\",\"urlTemplate\":\"https:\/\/labs.100x100.net\/projects\/rutasal\/?s={search_term_string}\"},\"query-input\":\"required name=search_term_string\"}],\"inLanguage\":\"es\"},{\"@type\":\"Person\",\"@id\":\"https:\/\/labs.100x100.net\/projects\/rutasal\/#\/schema\/person\/214eeb4a2e78fd8373a0a94f6d93c9ca\",\"name\":\"La Ruta de la Sal\",\"image\":{\"@type\":\"ImageObject\",\"inLanguage\":\"es\",\"@id\":\"https:\/\/labs.100x100.net\/projects\/rutasal\/#\/schema\/person\/image\/\",\"url\":\"https:\/\/secure.gravatar.com\/avatar\/b247286d4b801d6b1cfcfb3807587284?s=96&d=mm&r=g\",\"contentUrl\":\"https:\/\/secure.gravatar.com\/avatar\/b247286d4b801d6b1cfcfb3807587284?s=96&d=mm&r=g\",\"caption\":\"La Ruta de la Sal\"}}]}<\/script>\n<!-- \/ Yoast SEO plugin. -->","yoast_head_json":{"title":"Sal\u00f3n N\u00e1utico internacional de Barcelona | Regata La Ruta de la Sal","robots":{"index":"noindex","follow":"follow","max-snippet":"max-snippet:-1","max-image-preview":"max-image-preview:large","max-video-preview":"max-video-preview:-1"},"og_locale":"es_ES","og_type":"article","og_title":"Sal\u00f3n N\u00e1utico internacional de Barcelona | Regata La Ruta de la Sal","og_description":"Nos complace comunicarte que durante el Sal\u00f3n N\u00e1utico internacional de Barcelona, que tendr\u00e1 lugar del 6 al 14 de noviembre, nos encontraras de nuevo.","og_url":"https:\/\/labs.100x100.net\/projects\/rutasal\/salon-nautico-internacional-de-barcelona\/","og_site_name":"Regata La Ruta de la Sal","article_publisher":"https:\/\/www.facebook.com\/rutadelasal\/","article_published_time":"2010-10-25T06:47:30+00:00","article_modified_time":"2019-03-14T09:23:26+00:00","og_image":[{"width":500,"height":334,"url":"https:\/\/labs.100x100.net\/projects\/rutasal\/custom\/uploads\/2018\/05\/40579834464_5b5da59b7b.jpg","type":"image\/jpeg"}],"author":"La Ruta de la Sal","twitter_card":"summary_large_image","twitter_creator":"@AnamMedi","twitter_site":"@AnamMedi","twitter_misc":{"Escrito por":"La Ruta de la Sal","Tiempo de lectura":"1 minuto"},"schema":{"@context":"https:\/\/schema.org","@graph":[{"@type":"WebPage","@id":"https:\/\/labs.100x100.net\/projects\/rutasal\/salon-nautico-internacional-de-barcelona\/","url":"https:\/\/labs.100x100.net\/projects\/rutasal\/salon-nautico-internacional-de-barcelona\/","name":"Sal\u00f3n N\u00e1utico internacional de Barcelona | Regata La Ruta de la Sal","isPartOf":{"@id":"https:\/\/labs.100x100.net\/projects\/rutasal\/#website"},"primaryImageOfPage":{"@id":"https:\/\/labs.100x100.net\/projects\/rutasal\/salon-nautico-internacional-de-barcelona\/#primaryimage"},"image":{"@id":"https:\/\/labs.100x100.net\/projects\/rutasal\/salon-nautico-internacional-de-barcelona\/#primaryimage"},"thumbnailUrl":"https:\/\/labs.100x100.net\/projects\/rutasal\/custom\/uploads\/2018\/05\/40579834464_5b5da59b7b.jpg","datePublished":"2010-10-25T06:47:30+00:00","dateModified":"2019-03-14T09:23:26+00:00","author":{"@id":"https:\/\/labs.100x100.net\/projects\/rutasal\/#\/schema\/person\/214eeb4a2e78fd8373a0a94f6d93c9ca"},"breadcrumb":{"@id":"https:\/\/labs.100x100.net\/projects\/rutasal\/salon-nautico-internacional-de-barcelona\/#breadcrumb"},"inLanguage":"es","potentialAction":[{"@type":"ReadAction","target":["https:\/\/labs.100x100.net\/projects\/rutasal\/salon-nautico-internacional-de-barcelona\/"]}]},{"@type":"ImageObject","inLanguage":"es","@id":"https:\/\/labs.100x100.net\/projects\/rutasal\/salon-nautico-internacional-de-barcelona\/#primaryimage","url":"https:\/\/labs.100x100.net\/projects\/rutasal\/custom\/uploads\/2018\/05\/40579834464_5b5da59b7b.jpg","contentUrl":"https:\/\/labs.100x100.net\/projects\/rutasal\/custom\/uploads\/2018\/05\/40579834464_5b5da59b7b.jpg","width":500,"height":334},{"@type":"BreadcrumbList","@id":"https:\/\/labs.100x100.net\/projects\/rutasal\/salon-nautico-internacional-de-barcelona\/#breadcrumb","itemListElement":[{"@type":"ListItem","position":1,"name":"Portada","item":"https:\/\/labs.100x100.net\/projects\/rutasal\/"},{"@type":"ListItem","position":2,"name":"Sal\u00f3n N\u00e1utico internacional de Barcelona"}]},{"@type":"WebSite","@id":"https:\/\/labs.100x100.net\/projects\/rutasal\/#website","url":"https:\/\/labs.100x100.net\/projects\/rutasal\/","name":"Regata La Ruta de la Sal","description":"Regata La Ruta de la Sal es una regata de Altura Mediterr\u00e1nea para barcos de crucero a vela con destino en Ibiza, que se disputa anualmente en Semana Santa.","potentialAction":[{"@type":"SearchAction","target":{"@type":"EntryPoint","urlTemplate":"https:\/\/labs.100x100.net\/projects\/rutasal\/?s={search_term_string}"},"query-input":"required name=search_term_string"}],"inLanguage":"es"},{"@type":"Person","@id":"https:\/\/labs.100x100.net\/projects\/rutasal\/#\/schema\/person\/214eeb4a2e78fd8373a0a94f6d93c9ca","name":"La Ruta de la Sal","image":{"@type":"ImageObject","inLanguage":"es","@id":"https:\/\/labs.100x100.net\/projects\/rutasal\/#\/schema\/person\/image\/","url":"https:\/\/secure.gravatar.com\/avatar\/b247286d4b801d6b1cfcfb3807587284?s=96&d=mm&r=g","contentUrl":"https:\/\/secure.gravatar.com\/avatar\/b247286d4b801d6b1cfcfb3807587284?s=96&d=mm&r=g","caption":"La Ruta de la Sal"}}]}},"_links":{"self":[{"href":"https:\/\/labs.100x100.net\/projects\/rutasal\/wp-json\/wp\/v2\/posts\/380"}],"collection":[{"href":"https:\/\/labs.100x100.net\/projects\/rutasal\/wp-json\/wp\/v2\/posts"}],"about":[{"href":"https:\/\/labs.100x100.net\/projects\/rutasal\/wp-json\/wp\/v2\/types\/post"}],"author":[{"embeddable":true,"href":"https:\/\/labs.100x100.net\/projects\/rutasal\/wp-json\/wp\/v2\/users\/1"}],"replies":[{"embeddable":true,"href":"https:\/\/labs.100x100.net\/projects\/rutasal\/wp-json\/wp\/v2\/comments?post=380"}],"version-history":[{"count":1,"href":"https:\/\/labs.100x100.net\/projects\/rutasal\/wp-json\/wp\/v2\/posts\/380\/revisions"}],"predecessor-version":[{"id":3824,"href":"https:\/\/labs.100x100.net\/projects\/rutasal\/wp-json\/wp\/v2\/posts\/380\/revisions\/3824"}],"wp:featuredmedia":[{"embeddable":true,"href":"https:\/\/labs.100x100.net\/projects\/rutasal\/wp-json\/wp\/v2\/media\/3494"}],"wp:attachment":[{"href":"https:\/\/labs.100x100.net\/projects\/rutasal\/wp-json\/wp\/v2\/media?parent=380"}],"wp:term":[{"taxonomy":"category","embeddable":true,"href":"https:\/\/labs.100x100.net\/projects\/rutasal\/wp-json\/wp\/v2\/categories?post=380"},{"taxonomy":"post_tag","embeddable":true,"href":"https:\/\/labs.100x100.net\/projects\/rutasal\/wp-json\/wp\/v2\/tags?post=380"}],"curies":[{"name":"wp","href":"https:\/\/api.w.org\/{rel}","templated":true}]}}