{"id":3583,"date":"2019-02-06T10:59:39","date_gmt":"2019-02-06T08:59:39","guid":{"rendered":"https:\/\/larutadelasal.com\/?p=3583"},"modified":"2019-03-07T11:03:35","modified_gmt":"2019-03-07T09:03:35","slug":"la-ruta-de-la-sal-se-presenta-en-el-salon-nautico-de-palma","status":"publish","type":"post","link":"https:\/\/labs.100x100.net\/projects\/rutasal\/la-ruta-de-la-sal-se-presenta-en-el-salon-nautico-de-palma\/","title":{"rendered":"LA RUTA DE LA SAL SE PRESENTA EN EL SALON NAUTICO DE PALMA"},"content":{"rendered":"<p><span style=\"vertical-align: inherit;\"><span style=\"vertical-align: inherit;\">El Sal\u00f3n N\u00e1utico de Palma, acoger\u00e1 la presentaci\u00f3n de la pr\u00f3xima edici\u00f3n de La Ruta de la Sal.<\/span><\/span><\/p>\n<p><span style=\"vertical-align: inherit;\"><span style=\"vertical-align: inherit;\">Pr\u00f3ximamente, os comunicaremos la fecha, para que pod\u00e1is acompa\u00f1arnos.<\/span><\/span><\/p>\n<p><span style=\"vertical-align: inherit;\"><span style=\"vertical-align: inherit;\">Recordaros que la salida de la regata est\u00e1 pr\u00f3xima.<\/span><\/span><\/p>\n<p><img loading=\"lazy\" decoding=\"async\" class=\"aligncenter size-medium wp-image-3221\" src=\"https:\/\/larutadelasal.com\/files\/2019\/02\/0688-500x300.jpg\" alt=\"_0688\" width=\"500\" height=\"300\" \/><\/p>\n<p><span style=\"vertical-align: inherit;\"><span style=\"vertical-align: inherit;\">El 18 de abril. Saltaremos amarras hacia Ibiza, con una flota muy competitiva y numerosa.<\/span><\/span><\/p>\n<p><span style=\"vertical-align: inherit;\"><span style=\"vertical-align: inherit;\">En la arribada a Sant Antoni, a partir del jueves 18 de abril, ya tienes todos los servicios vinculados a las gestiones de la regata.<\/span><\/span><\/p>\n<p><span style=\"vertical-align: inherit;\"><span style=\"vertical-align: inherit;\">El pueblo de la Sal, el Comit\u00e9 de Bienvenida, el Club N\u00e1utico de St. Antoni, estar\u00e1 abierto las 24 horas del d\u00eda de forma ininterrumpida y ser\u00e1, como siempre, el punto de informaci\u00f3n, t\u00e9cnica y social para toda la flota.<\/span><\/span><\/p>\n<p><img loading=\"lazy\" decoding=\"async\" class=\"aligncenter size-medium wp-image-3224\" src=\"https:\/\/larutadelasal.com\/files\/2019\/02\/41123236041_d9ecd95070_o-500x334.jpg\" alt=\"41123236041_d9ecd95070_o\" width=\"500\" height=\"334\" \/><\/p>\n<p>&nbsp;<\/p>\n<p><span style=\"vertical-align: inherit;\"><span style=\"vertical-align: inherit;\">www.larutadelasal.com<\/span><\/span><\/p>\n","protected":false},"excerpt":{"rendered":"<p>El Sal\u00f3n N\u00e1utico de Palma, acoger\u00e1 la presentaci\u00f3n de la pr\u00f3xima edici\u00f3n de La Ruta de la Sal. Pr\u00f3ximamente, os comunicaremos la fecha, para que pod\u00e1is acompa\u00f1arnos. Recordaros que la salida de la regata est\u00e1 pr\u00f3xima. El 18 de abril. Saltaremos amarras hacia Ibiza, con una flota muy competitiva y numerosa. En la arribada a [&hellip;]<\/p>\n","protected":false},"author":1,"featured_media":3584,"comment_status":"open","ping_status":"open","sticky":false,"template":"","format":"standard","meta":{"_acf_changed":false,"footnotes":""},"categories":[3],"tags":[],"acf":[],"yoast_head":"<!-- This site is optimized with the Yoast SEO plugin v23.0 - https:\/\/yoast.com\/wordpress\/plugins\/seo\/ -->\n<title>LA RUTA DE LA SAL SE PRESENTA EN EL SALON NAUTICO DE PALMA | Regata La Ruta de la Sal<\/title>\n<meta name=\"robots\" content=\"noindex, follow, max-snippet:-1, max-image-preview:large, max-video-preview:-1\" \/>\n<meta property=\"og:locale\" content=\"es_ES\" \/>\n<meta property=\"og:type\" content=\"article\" \/>\n<meta property=\"og:title\" content=\"LA RUTA DE LA SAL SE PRESENTA EN EL SALON NAUTICO DE PALMA | Regata La Ruta de la Sal\" \/>\n<meta property=\"og:description\" content=\"El Sal\u00f3n N\u00e1utico de Palma, acoger\u00e1 la presentaci\u00f3n de la pr\u00f3xima edici\u00f3n de La Ruta de la Sal. Pr\u00f3ximamente, os comunicaremos la fecha, para que pod\u00e1is acompa\u00f1arnos. Recordaros que la salida de la regata est\u00e1 pr\u00f3xima. El 18 de abril. Saltaremos amarras hacia Ibiza, con una flota muy competitiva y numerosa. En la arribada a [&hellip;]\" \/>\n<meta property=\"og:url\" content=\"https:\/\/labs.100x100.net\/projects\/rutasal\/la-ruta-de-la-sal-se-presenta-en-el-salon-nautico-de-palma\/\" \/>\n<meta property=\"og:site_name\" content=\"Regata La Ruta de la Sal\" \/>\n<meta property=\"article:publisher\" content=\"https:\/\/www.facebook.com\/rutadelasal\/\" \/>\n<meta property=\"article:published_time\" content=\"2019-02-06T08:59:39+00:00\" \/>\n<meta property=\"article:modified_time\" content=\"2019-03-07T09:03:35+00:00\" \/>\n<meta property=\"og:image\" content=\"https:\/\/labs.100x100.net\/projects\/rutasal\/custom\/uploads\/2019\/03\/0688-500x300.jpg\" \/>\n\t<meta property=\"og:image:width\" content=\"500\" \/>\n\t<meta property=\"og:image:height\" content=\"300\" \/>\n\t<meta property=\"og:image:type\" content=\"image\/jpeg\" \/>\n<meta name=\"author\" content=\"La Ruta de la Sal\" \/>\n<meta name=\"twitter:card\" content=\"summary_large_image\" \/>\n<meta name=\"twitter:creator\" content=\"@AnamMedi\" \/>\n<meta name=\"twitter:site\" content=\"@AnamMedi\" \/>\n<meta name=\"twitter:label1\" content=\"Escrito por\" \/>\n\t<meta name=\"twitter:data1\" content=\"La Ruta de la Sal\" \/>\n\t<meta name=\"twitter:label2\" content=\"Tiempo de lectura\" \/>\n\t<meta name=\"twitter:data2\" content=\"1 minuto\" \/>\n<script type=\"application\/ld+json\" class=\"yoast-schema-graph\">{\"@context\":\"https:\/\/schema.org\",\"@graph\":[{\"@type\":\"WebPage\",\"@id\":\"https:\/\/labs.100x100.net\/projects\/rutasal\/la-ruta-de-la-sal-se-presenta-en-el-salon-nautico-de-palma\/\",\"url\":\"https:\/\/labs.100x100.net\/projects\/rutasal\/la-ruta-de-la-sal-se-presenta-en-el-salon-nautico-de-palma\/\",\"name\":\"LA RUTA DE LA SAL SE PRESENTA EN EL SALON NAUTICO DE PALMA | Regata La Ruta de la Sal\",\"isPartOf\":{\"@id\":\"https:\/\/labs.100x100.net\/projects\/rutasal\/#website\"},\"primaryImageOfPage\":{\"@id\":\"https:\/\/labs.100x100.net\/projects\/rutasal\/la-ruta-de-la-sal-se-presenta-en-el-salon-nautico-de-palma\/#primaryimage\"},\"image\":{\"@id\":\"https:\/\/labs.100x100.net\/projects\/rutasal\/la-ruta-de-la-sal-se-presenta-en-el-salon-nautico-de-palma\/#primaryimage\"},\"thumbnailUrl\":\"https:\/\/labs.100x100.net\/projects\/rutasal\/custom\/uploads\/2019\/03\/0688-500x300.jpg\",\"datePublished\":\"2019-02-06T08:59:39+00:00\",\"dateModified\":\"2019-03-07T09:03:35+00:00\",\"author\":{\"@id\":\"https:\/\/labs.100x100.net\/projects\/rutasal\/#\/schema\/person\/214eeb4a2e78fd8373a0a94f6d93c9ca\"},\"breadcrumb\":{\"@id\":\"https:\/\/labs.100x100.net\/projects\/rutasal\/la-ruta-de-la-sal-se-presenta-en-el-salon-nautico-de-palma\/#breadcrumb\"},\"inLanguage\":\"es\",\"potentialAction\":[{\"@type\":\"ReadAction\",\"target\":[\"https:\/\/labs.100x100.net\/projects\/rutasal\/la-ruta-de-la-sal-se-presenta-en-el-salon-nautico-de-palma\/\"]}]},{\"@type\":\"ImageObject\",\"inLanguage\":\"es\",\"@id\":\"https:\/\/labs.100x100.net\/projects\/rutasal\/la-ruta-de-la-sal-se-presenta-en-el-salon-nautico-de-palma\/#primaryimage\",\"url\":\"https:\/\/labs.100x100.net\/projects\/rutasal\/custom\/uploads\/2019\/03\/0688-500x300.jpg\",\"contentUrl\":\"https:\/\/labs.100x100.net\/projects\/rutasal\/custom\/uploads\/2019\/03\/0688-500x300.jpg\",\"width\":500,\"height\":300},{\"@type\":\"BreadcrumbList\",\"@id\":\"https:\/\/labs.100x100.net\/projects\/rutasal\/la-ruta-de-la-sal-se-presenta-en-el-salon-nautico-de-palma\/#breadcrumb\",\"itemListElement\":[{\"@type\":\"ListItem\",\"position\":1,\"name\":\"Portada\",\"item\":\"https:\/\/labs.100x100.net\/projects\/rutasal\/\"},{\"@type\":\"ListItem\",\"position\":2,\"name\":\"LA RUTA DE LA SAL SE PRESENTA EN EL SALON NAUTICO DE PALMA\"}]},{\"@type\":\"WebSite\",\"@id\":\"https:\/\/labs.100x100.net\/projects\/rutasal\/#website\",\"url\":\"https:\/\/labs.100x100.net\/projects\/rutasal\/\",\"name\":\"Regata La Ruta de la Sal\",\"description\":\"Regata La Ruta de la Sal es una regata de Altura Mediterr\u00e1nea para barcos de crucero a vela con destino en Ibiza, que se disputa anualmente en Semana Santa.\",\"potentialAction\":[{\"@type\":\"SearchAction\",\"target\":{\"@type\":\"EntryPoint\",\"urlTemplate\":\"https:\/\/labs.100x100.net\/projects\/rutasal\/?s={search_term_string}\"},\"query-input\":\"required name=search_term_string\"}],\"inLanguage\":\"es\"},{\"@type\":\"Person\",\"@id\":\"https:\/\/labs.100x100.net\/projects\/rutasal\/#\/schema\/person\/214eeb4a2e78fd8373a0a94f6d93c9ca\",\"name\":\"La Ruta de la Sal\",\"image\":{\"@type\":\"ImageObject\",\"inLanguage\":\"es\",\"@id\":\"https:\/\/labs.100x100.net\/projects\/rutasal\/#\/schema\/person\/image\/\",\"url\":\"https:\/\/secure.gravatar.com\/avatar\/b247286d4b801d6b1cfcfb3807587284?s=96&d=mm&r=g\",\"contentUrl\":\"https:\/\/secure.gravatar.com\/avatar\/b247286d4b801d6b1cfcfb3807587284?s=96&d=mm&r=g\",\"caption\":\"La Ruta de la Sal\"}}]}<\/script>\n<!-- \/ Yoast SEO plugin. -->","yoast_head_json":{"title":"LA RUTA DE LA SAL SE PRESENTA EN EL SALON NAUTICO DE PALMA | Regata La Ruta de la Sal","robots":{"index":"noindex","follow":"follow","max-snippet":"max-snippet:-1","max-image-preview":"max-image-preview:large","max-video-preview":"max-video-preview:-1"},"og_locale":"es_ES","og_type":"article","og_title":"LA RUTA DE LA SAL SE PRESENTA EN EL SALON NAUTICO DE PALMA | Regata La Ruta de la Sal","og_description":"El Sal\u00f3n N\u00e1utico de Palma, acoger\u00e1 la presentaci\u00f3n de la pr\u00f3xima edici\u00f3n de La Ruta de la Sal. Pr\u00f3ximamente, os comunicaremos la fecha, para que pod\u00e1is acompa\u00f1arnos. Recordaros que la salida de la regata est\u00e1 pr\u00f3xima. El 18 de abril. Saltaremos amarras hacia Ibiza, con una flota muy competitiva y numerosa. En la arribada a [&hellip;]","og_url":"https:\/\/labs.100x100.net\/projects\/rutasal\/la-ruta-de-la-sal-se-presenta-en-el-salon-nautico-de-palma\/","og_site_name":"Regata La Ruta de la Sal","article_publisher":"https:\/\/www.facebook.com\/rutadelasal\/","article_published_time":"2019-02-06T08:59:39+00:00","article_modified_time":"2019-03-07T09:03:35+00:00","og_image":[{"width":500,"height":300,"url":"https:\/\/labs.100x100.net\/projects\/rutasal\/custom\/uploads\/2019\/03\/0688-500x300.jpg","type":"image\/jpeg"}],"author":"La Ruta de la Sal","twitter_card":"summary_large_image","twitter_creator":"@AnamMedi","twitter_site":"@AnamMedi","twitter_misc":{"Escrito por":"La Ruta de la Sal","Tiempo de lectura":"1 minuto"},"schema":{"@context":"https:\/\/schema.org","@graph":[{"@type":"WebPage","@id":"https:\/\/labs.100x100.net\/projects\/rutasal\/la-ruta-de-la-sal-se-presenta-en-el-salon-nautico-de-palma\/","url":"https:\/\/labs.100x100.net\/projects\/rutasal\/la-ruta-de-la-sal-se-presenta-en-el-salon-nautico-de-palma\/","name":"LA RUTA DE LA SAL SE PRESENTA EN EL SALON NAUTICO DE PALMA | Regata La Ruta de la Sal","isPartOf":{"@id":"https:\/\/labs.100x100.net\/projects\/rutasal\/#website"},"primaryImageOfPage":{"@id":"https:\/\/labs.100x100.net\/projects\/rutasal\/la-ruta-de-la-sal-se-presenta-en-el-salon-nautico-de-palma\/#primaryimage"},"image":{"@id":"https:\/\/labs.100x100.net\/projects\/rutasal\/la-ruta-de-la-sal-se-presenta-en-el-salon-nautico-de-palma\/#primaryimage"},"thumbnailUrl":"https:\/\/labs.100x100.net\/projects\/rutasal\/custom\/uploads\/2019\/03\/0688-500x300.jpg","datePublished":"2019-02-06T08:59:39+00:00","dateModified":"2019-03-07T09:03:35+00:00","author":{"@id":"https:\/\/labs.100x100.net\/projects\/rutasal\/#\/schema\/person\/214eeb4a2e78fd8373a0a94f6d93c9ca"},"breadcrumb":{"@id":"https:\/\/labs.100x100.net\/projects\/rutasal\/la-ruta-de-la-sal-se-presenta-en-el-salon-nautico-de-palma\/#breadcrumb"},"inLanguage":"es","potentialAction":[{"@type":"ReadAction","target":["https:\/\/labs.100x100.net\/projects\/rutasal\/la-ruta-de-la-sal-se-presenta-en-el-salon-nautico-de-palma\/"]}]},{"@type":"ImageObject","inLanguage":"es","@id":"https:\/\/labs.100x100.net\/projects\/rutasal\/la-ruta-de-la-sal-se-presenta-en-el-salon-nautico-de-palma\/#primaryimage","url":"https:\/\/labs.100x100.net\/projects\/rutasal\/custom\/uploads\/2019\/03\/0688-500x300.jpg","contentUrl":"https:\/\/labs.100x100.net\/projects\/rutasal\/custom\/uploads\/2019\/03\/0688-500x300.jpg","width":500,"height":300},{"@type":"BreadcrumbList","@id":"https:\/\/labs.100x100.net\/projects\/rutasal\/la-ruta-de-la-sal-se-presenta-en-el-salon-nautico-de-palma\/#breadcrumb","itemListElement":[{"@type":"ListItem","position":1,"name":"Portada","item":"https:\/\/labs.100x100.net\/projects\/rutasal\/"},{"@type":"ListItem","position":2,"name":"LA RUTA DE LA SAL SE PRESENTA EN EL SALON NAUTICO DE PALMA"}]},{"@type":"WebSite","@id":"https:\/\/labs.100x100.net\/projects\/rutasal\/#website","url":"https:\/\/labs.100x100.net\/projects\/rutasal\/","name":"Regata La Ruta de la Sal","description":"Regata La Ruta de la Sal es una regata de Altura Mediterr\u00e1nea para barcos de crucero a vela con destino en Ibiza, que se disputa anualmente en Semana Santa.","potentialAction":[{"@type":"SearchAction","target":{"@type":"EntryPoint","urlTemplate":"https:\/\/labs.100x100.net\/projects\/rutasal\/?s={search_term_string}"},"query-input":"required name=search_term_string"}],"inLanguage":"es"},{"@type":"Person","@id":"https:\/\/labs.100x100.net\/projects\/rutasal\/#\/schema\/person\/214eeb4a2e78fd8373a0a94f6d93c9ca","name":"La Ruta de la Sal","image":{"@type":"ImageObject","inLanguage":"es","@id":"https:\/\/labs.100x100.net\/projects\/rutasal\/#\/schema\/person\/image\/","url":"https:\/\/secure.gravatar.com\/avatar\/b247286d4b801d6b1cfcfb3807587284?s=96&d=mm&r=g","contentUrl":"https:\/\/secure.gravatar.com\/avatar\/b247286d4b801d6b1cfcfb3807587284?s=96&d=mm&r=g","caption":"La Ruta de la Sal"}}]}},"_links":{"self":[{"href":"https:\/\/labs.100x100.net\/projects\/rutasal\/wp-json\/wp\/v2\/posts\/3583"}],"collection":[{"href":"https:\/\/labs.100x100.net\/projects\/rutasal\/wp-json\/wp\/v2\/posts"}],"about":[{"href":"https:\/\/labs.100x100.net\/projects\/rutasal\/wp-json\/wp\/v2\/types\/post"}],"author":[{"embeddable":true,"href":"https:\/\/labs.100x100.net\/projects\/rutasal\/wp-json\/wp\/v2\/users\/1"}],"replies":[{"embeddable":true,"href":"https:\/\/labs.100x100.net\/projects\/rutasal\/wp-json\/wp\/v2\/comments?post=3583"}],"version-history":[{"count":1,"href":"https:\/\/labs.100x100.net\/projects\/rutasal\/wp-json\/wp\/v2\/posts\/3583\/revisions"}],"predecessor-version":[{"id":3585,"href":"https:\/\/labs.100x100.net\/projects\/rutasal\/wp-json\/wp\/v2\/posts\/3583\/revisions\/3585"}],"wp:featuredmedia":[{"embeddable":true,"href":"https:\/\/labs.100x100.net\/projects\/rutasal\/wp-json\/wp\/v2\/media\/3584"}],"wp:attachment":[{"href":"https:\/\/labs.100x100.net\/projects\/rutasal\/wp-json\/wp\/v2\/media?parent=3583"}],"wp:term":[{"taxonomy":"category","embeddable":true,"href":"https:\/\/labs.100x100.net\/projects\/rutasal\/wp-json\/wp\/v2\/categories?post=3583"},{"taxonomy":"post_tag","embeddable":true,"href":"https:\/\/labs.100x100.net\/projects\/rutasal\/wp-json\/wp\/v2\/tags?post=3583"}],"curies":[{"name":"wp","href":"https:\/\/api.w.org\/{rel}","templated":true}]}}