{"id":3579,"date":"2019-02-18T10:53:32","date_gmt":"2019-02-18T08:53:32","guid":{"rendered":"https:\/\/larutadelasal.com\/?p=3579"},"modified":"2019-03-07T11:03:17","modified_gmt":"2019-03-07T09:03:17","slug":"comienza-la-cuenta-atras-de-la-32-edicion-de-la-ruta-de-la-sal","status":"publish","type":"post","link":"https:\/\/labs.100x100.net\/projects\/rutasal\/comienza-la-cuenta-atras-de-la-32-edicion-de-la-ruta-de-la-sal\/","title":{"rendered":"COMIENZA LA CUENTA ATR\u00c1S DE LA 32 EDICI\u00d3N DE LA RUTA DE LA SAL"},"content":{"rendered":"<p><img loading=\"lazy\" decoding=\"async\" class=\"aligncenter size-medium wp-image-3239\" src=\"https:\/\/larutadelasal.com\/files\/2019\/02\/DSC_1231-500x282.jpg\" alt=\"DSC_1231\" width=\"500\" height=\"282\" \/><\/p>\n<p>La Salida de esta 32 edici\u00f3n de La Ruta de la Sal est\u00e1 pr\u00f3xima.<br \/>\nLas inscripciones avanzan a buen ritmo.<\/p>\n<p>Os recordamos que ten\u00e9is a vuestra disposici\u00f3n el Servicio de <strong>VARADERO EXPRES<\/strong> EN M. PORT GINESTA.<br \/>\n50% DE DESCUENTO en el Servicio de varadero del precio de 2019, para todos los participantes acreditados de La Ruta de la Sal, a partir del 1 de marzo. (Consultar disponibilidad).<br \/>\nEstos servicios son: Travelift o Gr\u00faa, estancia en Varadero y agua a presi\u00f3n (carcher).<br \/>\nContactar con: info@portginesta.com<br \/>\nTel. 936 643 661 &#8211; 677 527 008<\/p>\n<p><strong>AMARRES<\/strong><br \/>\nRecordad que pod\u00e9is dejar vuestro barco en M Port Ginesta, RC N\u00e1utico Denia y C. Vela Andratx, a partir del s\u00e1bado 13 de abril hasta el d\u00eda de la salida y, en el Club N\u00e0utic Sant Antoni, dispon\u00e9is tambi\u00e9n de amarre gratuito la semana posterior a la llegada de la regata, previa confirmaci\u00f3n con Capitan\u00eda del Club.<\/p>\n<p><strong>Class Rent a Car<\/strong>, os ofrece unos precios especiales con un 10% de descuento en el alquiler de vuestro coche.<br \/>\nC\u00f3digo descuento: rutasal2019.<br \/>\nReservas: 971 196 285.<br \/>\ne-mail: reservas@classrentacar.es<\/p>\n<p>En <strong>Rio Ibiza<\/strong>, Punto de Encuentro de los Navegantes, est\u00e1is invitados a la Copa de Arribada.<\/p>\n<p>Sin olvidar el espl\u00e9ndido Sorteo de esta 32 edici\u00f3n de La Ruta de la Sal y la Cena-Bufet y Fiesta de La Sal en el restaurante <strong>Es N\u00e0utic<\/strong> de St. Antoni.<\/p>\n<p>Si a\u00fan no hab\u00e9is cursado vuestra inscripci\u00f3n y quer\u00e9is participar, os agradeceremos nos la hag\u00e1is llegar a la mayor brevedad.<\/p>\n<p>En la p\u00e1gina web, wwwlarutadelasal.com, encontrar\u00e9is el Anuncio de Regata con toda la informaci\u00f3n de esta edici\u00f3n y podr\u00e9is formalizar vuestra inscripci\u00f3n a trav\u00e9s del formulario on line.<\/p>\n<p>Os esperamos.f<\/p>\n","protected":false},"excerpt":{"rendered":"<p>La Salida de esta 32 edici\u00f3n de La Ruta de la Sal est\u00e1 pr\u00f3xima. Las inscripciones avanzan a buen ritmo. Os recordamos que ten\u00e9is a vuestra disposici\u00f3n el Servicio de VARADERO EXPRES EN M. PORT GINESTA. 50% DE DESCUENTO en el Servicio de varadero del precio de 2019, para todos los participantes acreditados de La [&hellip;]<\/p>\n","protected":false},"author":1,"featured_media":3581,"comment_status":"open","ping_status":"open","sticky":false,"template":"","format":"standard","meta":{"_acf_changed":false,"footnotes":""},"categories":[3],"tags":[],"acf":[],"yoast_head":"<!-- This site is optimized with the Yoast SEO plugin v23.0 - https:\/\/yoast.com\/wordpress\/plugins\/seo\/ -->\n<title>COMIENZA LA CUENTA ATR\u00c1S DE LA 32 EDICI\u00d3N DE LA RUTA DE LA SAL | Regata La Ruta de la Sal<\/title>\n<meta name=\"robots\" content=\"noindex, follow, max-snippet:-1, max-image-preview:large, max-video-preview:-1\" \/>\n<meta property=\"og:locale\" content=\"es_ES\" \/>\n<meta property=\"og:type\" content=\"article\" \/>\n<meta property=\"og:title\" content=\"COMIENZA LA CUENTA ATR\u00c1S DE LA 32 EDICI\u00d3N DE LA RUTA DE LA SAL | Regata La Ruta de la Sal\" \/>\n<meta property=\"og:description\" content=\"La Salida de esta 32 edici\u00f3n de La Ruta de la Sal est\u00e1 pr\u00f3xima. Las inscripciones avanzan a buen ritmo. Os recordamos que ten\u00e9is a vuestra disposici\u00f3n el Servicio de VARADERO EXPRES EN M. PORT GINESTA. 50% DE DESCUENTO en el Servicio de varadero del precio de 2019, para todos los participantes acreditados de La [&hellip;]\" \/>\n<meta property=\"og:url\" content=\"https:\/\/labs.100x100.net\/projects\/rutasal\/comienza-la-cuenta-atras-de-la-32-edicion-de-la-ruta-de-la-sal\/\" \/>\n<meta property=\"og:site_name\" content=\"Regata La Ruta de la Sal\" \/>\n<meta property=\"article:publisher\" content=\"https:\/\/www.facebook.com\/rutadelasal\/\" \/>\n<meta property=\"article:published_time\" content=\"2019-02-18T08:53:32+00:00\" \/>\n<meta property=\"article:modified_time\" content=\"2019-03-07T09:03:17+00:00\" \/>\n<meta property=\"og:image\" content=\"https:\/\/labs.100x100.net\/projects\/rutasal\/custom\/uploads\/2019\/03\/DSC_1231-500x282.jpg\" \/>\n\t<meta property=\"og:image:width\" content=\"500\" \/>\n\t<meta property=\"og:image:height\" content=\"282\" \/>\n\t<meta property=\"og:image:type\" content=\"image\/jpeg\" \/>\n<meta name=\"author\" content=\"La Ruta de la Sal\" \/>\n<meta name=\"twitter:card\" content=\"summary_large_image\" \/>\n<meta name=\"twitter:creator\" content=\"@AnamMedi\" \/>\n<meta name=\"twitter:site\" content=\"@AnamMedi\" \/>\n<meta name=\"twitter:label1\" content=\"Escrito por\" \/>\n\t<meta name=\"twitter:data1\" content=\"La Ruta de la Sal\" \/>\n\t<meta name=\"twitter:label2\" content=\"Tiempo de lectura\" \/>\n\t<meta name=\"twitter:data2\" content=\"1 minuto\" \/>\n<script type=\"application\/ld+json\" class=\"yoast-schema-graph\">{\"@context\":\"https:\/\/schema.org\",\"@graph\":[{\"@type\":\"WebPage\",\"@id\":\"https:\/\/labs.100x100.net\/projects\/rutasal\/comienza-la-cuenta-atras-de-la-32-edicion-de-la-ruta-de-la-sal\/\",\"url\":\"https:\/\/labs.100x100.net\/projects\/rutasal\/comienza-la-cuenta-atras-de-la-32-edicion-de-la-ruta-de-la-sal\/\",\"name\":\"COMIENZA LA CUENTA ATR\u00c1S DE LA 32 EDICI\u00d3N DE LA RUTA DE LA SAL | Regata La Ruta de la Sal\",\"isPartOf\":{\"@id\":\"https:\/\/labs.100x100.net\/projects\/rutasal\/#website\"},\"primaryImageOfPage\":{\"@id\":\"https:\/\/labs.100x100.net\/projects\/rutasal\/comienza-la-cuenta-atras-de-la-32-edicion-de-la-ruta-de-la-sal\/#primaryimage\"},\"image\":{\"@id\":\"https:\/\/labs.100x100.net\/projects\/rutasal\/comienza-la-cuenta-atras-de-la-32-edicion-de-la-ruta-de-la-sal\/#primaryimage\"},\"thumbnailUrl\":\"https:\/\/labs.100x100.net\/projects\/rutasal\/custom\/uploads\/2019\/03\/DSC_1231-500x282.jpg\",\"datePublished\":\"2019-02-18T08:53:32+00:00\",\"dateModified\":\"2019-03-07T09:03:17+00:00\",\"author\":{\"@id\":\"https:\/\/labs.100x100.net\/projects\/rutasal\/#\/schema\/person\/214eeb4a2e78fd8373a0a94f6d93c9ca\"},\"breadcrumb\":{\"@id\":\"https:\/\/labs.100x100.net\/projects\/rutasal\/comienza-la-cuenta-atras-de-la-32-edicion-de-la-ruta-de-la-sal\/#breadcrumb\"},\"inLanguage\":\"es\",\"potentialAction\":[{\"@type\":\"ReadAction\",\"target\":[\"https:\/\/labs.100x100.net\/projects\/rutasal\/comienza-la-cuenta-atras-de-la-32-edicion-de-la-ruta-de-la-sal\/\"]}]},{\"@type\":\"ImageObject\",\"inLanguage\":\"es\",\"@id\":\"https:\/\/labs.100x100.net\/projects\/rutasal\/comienza-la-cuenta-atras-de-la-32-edicion-de-la-ruta-de-la-sal\/#primaryimage\",\"url\":\"https:\/\/labs.100x100.net\/projects\/rutasal\/custom\/uploads\/2019\/03\/DSC_1231-500x282.jpg\",\"contentUrl\":\"https:\/\/labs.100x100.net\/projects\/rutasal\/custom\/uploads\/2019\/03\/DSC_1231-500x282.jpg\",\"width\":500,\"height\":282},{\"@type\":\"BreadcrumbList\",\"@id\":\"https:\/\/labs.100x100.net\/projects\/rutasal\/comienza-la-cuenta-atras-de-la-32-edicion-de-la-ruta-de-la-sal\/#breadcrumb\",\"itemListElement\":[{\"@type\":\"ListItem\",\"position\":1,\"name\":\"Portada\",\"item\":\"https:\/\/labs.100x100.net\/projects\/rutasal\/\"},{\"@type\":\"ListItem\",\"position\":2,\"name\":\"COMIENZA LA CUENTA ATR\u00c1S DE LA 32 EDICI\u00d3N DE LA RUTA DE LA SAL\"}]},{\"@type\":\"WebSite\",\"@id\":\"https:\/\/labs.100x100.net\/projects\/rutasal\/#website\",\"url\":\"https:\/\/labs.100x100.net\/projects\/rutasal\/\",\"name\":\"Regata La Ruta de la Sal\",\"description\":\"Regata La Ruta de la Sal es una regata de Altura Mediterr\u00e1nea para barcos de crucero a vela con destino en Ibiza, que se disputa anualmente en Semana Santa.\",\"potentialAction\":[{\"@type\":\"SearchAction\",\"target\":{\"@type\":\"EntryPoint\",\"urlTemplate\":\"https:\/\/labs.100x100.net\/projects\/rutasal\/?s={search_term_string}\"},\"query-input\":\"required name=search_term_string\"}],\"inLanguage\":\"es\"},{\"@type\":\"Person\",\"@id\":\"https:\/\/labs.100x100.net\/projects\/rutasal\/#\/schema\/person\/214eeb4a2e78fd8373a0a94f6d93c9ca\",\"name\":\"La Ruta de la Sal\",\"image\":{\"@type\":\"ImageObject\",\"inLanguage\":\"es\",\"@id\":\"https:\/\/labs.100x100.net\/projects\/rutasal\/#\/schema\/person\/image\/\",\"url\":\"https:\/\/secure.gravatar.com\/avatar\/b247286d4b801d6b1cfcfb3807587284?s=96&d=mm&r=g\",\"contentUrl\":\"https:\/\/secure.gravatar.com\/avatar\/b247286d4b801d6b1cfcfb3807587284?s=96&d=mm&r=g\",\"caption\":\"La Ruta de la Sal\"}}]}<\/script>\n<!-- \/ Yoast SEO plugin. -->","yoast_head_json":{"title":"COMIENZA LA CUENTA ATR\u00c1S DE LA 32 EDICI\u00d3N DE LA RUTA DE LA SAL | Regata La Ruta de la Sal","robots":{"index":"noindex","follow":"follow","max-snippet":"max-snippet:-1","max-image-preview":"max-image-preview:large","max-video-preview":"max-video-preview:-1"},"og_locale":"es_ES","og_type":"article","og_title":"COMIENZA LA CUENTA ATR\u00c1S DE LA 32 EDICI\u00d3N DE LA RUTA DE LA SAL | Regata La Ruta de la Sal","og_description":"La Salida de esta 32 edici\u00f3n de La Ruta de la Sal est\u00e1 pr\u00f3xima. Las inscripciones avanzan a buen ritmo. Os recordamos que ten\u00e9is a vuestra disposici\u00f3n el Servicio de VARADERO EXPRES EN M. PORT GINESTA. 50% DE DESCUENTO en el Servicio de varadero del precio de 2019, para todos los participantes acreditados de La [&hellip;]","og_url":"https:\/\/labs.100x100.net\/projects\/rutasal\/comienza-la-cuenta-atras-de-la-32-edicion-de-la-ruta-de-la-sal\/","og_site_name":"Regata La Ruta de la Sal","article_publisher":"https:\/\/www.facebook.com\/rutadelasal\/","article_published_time":"2019-02-18T08:53:32+00:00","article_modified_time":"2019-03-07T09:03:17+00:00","og_image":[{"width":500,"height":282,"url":"https:\/\/labs.100x100.net\/projects\/rutasal\/custom\/uploads\/2019\/03\/DSC_1231-500x282.jpg","type":"image\/jpeg"}],"author":"La Ruta de la Sal","twitter_card":"summary_large_image","twitter_creator":"@AnamMedi","twitter_site":"@AnamMedi","twitter_misc":{"Escrito por":"La Ruta de la Sal","Tiempo de lectura":"1 minuto"},"schema":{"@context":"https:\/\/schema.org","@graph":[{"@type":"WebPage","@id":"https:\/\/labs.100x100.net\/projects\/rutasal\/comienza-la-cuenta-atras-de-la-32-edicion-de-la-ruta-de-la-sal\/","url":"https:\/\/labs.100x100.net\/projects\/rutasal\/comienza-la-cuenta-atras-de-la-32-edicion-de-la-ruta-de-la-sal\/","name":"COMIENZA LA CUENTA ATR\u00c1S DE LA 32 EDICI\u00d3N DE LA RUTA DE LA SAL | Regata La Ruta de la Sal","isPartOf":{"@id":"https:\/\/labs.100x100.net\/projects\/rutasal\/#website"},"primaryImageOfPage":{"@id":"https:\/\/labs.100x100.net\/projects\/rutasal\/comienza-la-cuenta-atras-de-la-32-edicion-de-la-ruta-de-la-sal\/#primaryimage"},"image":{"@id":"https:\/\/labs.100x100.net\/projects\/rutasal\/comienza-la-cuenta-atras-de-la-32-edicion-de-la-ruta-de-la-sal\/#primaryimage"},"thumbnailUrl":"https:\/\/labs.100x100.net\/projects\/rutasal\/custom\/uploads\/2019\/03\/DSC_1231-500x282.jpg","datePublished":"2019-02-18T08:53:32+00:00","dateModified":"2019-03-07T09:03:17+00:00","author":{"@id":"https:\/\/labs.100x100.net\/projects\/rutasal\/#\/schema\/person\/214eeb4a2e78fd8373a0a94f6d93c9ca"},"breadcrumb":{"@id":"https:\/\/labs.100x100.net\/projects\/rutasal\/comienza-la-cuenta-atras-de-la-32-edicion-de-la-ruta-de-la-sal\/#breadcrumb"},"inLanguage":"es","potentialAction":[{"@type":"ReadAction","target":["https:\/\/labs.100x100.net\/projects\/rutasal\/comienza-la-cuenta-atras-de-la-32-edicion-de-la-ruta-de-la-sal\/"]}]},{"@type":"ImageObject","inLanguage":"es","@id":"https:\/\/labs.100x100.net\/projects\/rutasal\/comienza-la-cuenta-atras-de-la-32-edicion-de-la-ruta-de-la-sal\/#primaryimage","url":"https:\/\/labs.100x100.net\/projects\/rutasal\/custom\/uploads\/2019\/03\/DSC_1231-500x282.jpg","contentUrl":"https:\/\/labs.100x100.net\/projects\/rutasal\/custom\/uploads\/2019\/03\/DSC_1231-500x282.jpg","width":500,"height":282},{"@type":"BreadcrumbList","@id":"https:\/\/labs.100x100.net\/projects\/rutasal\/comienza-la-cuenta-atras-de-la-32-edicion-de-la-ruta-de-la-sal\/#breadcrumb","itemListElement":[{"@type":"ListItem","position":1,"name":"Portada","item":"https:\/\/labs.100x100.net\/projects\/rutasal\/"},{"@type":"ListItem","position":2,"name":"COMIENZA LA CUENTA ATR\u00c1S DE LA 32 EDICI\u00d3N DE LA RUTA DE LA SAL"}]},{"@type":"WebSite","@id":"https:\/\/labs.100x100.net\/projects\/rutasal\/#website","url":"https:\/\/labs.100x100.net\/projects\/rutasal\/","name":"Regata La Ruta de la Sal","description":"Regata La Ruta de la Sal es una regata de Altura Mediterr\u00e1nea para barcos de crucero a vela con destino en Ibiza, que se disputa anualmente en Semana Santa.","potentialAction":[{"@type":"SearchAction","target":{"@type":"EntryPoint","urlTemplate":"https:\/\/labs.100x100.net\/projects\/rutasal\/?s={search_term_string}"},"query-input":"required name=search_term_string"}],"inLanguage":"es"},{"@type":"Person","@id":"https:\/\/labs.100x100.net\/projects\/rutasal\/#\/schema\/person\/214eeb4a2e78fd8373a0a94f6d93c9ca","name":"La Ruta de la Sal","image":{"@type":"ImageObject","inLanguage":"es","@id":"https:\/\/labs.100x100.net\/projects\/rutasal\/#\/schema\/person\/image\/","url":"https:\/\/secure.gravatar.com\/avatar\/b247286d4b801d6b1cfcfb3807587284?s=96&d=mm&r=g","contentUrl":"https:\/\/secure.gravatar.com\/avatar\/b247286d4b801d6b1cfcfb3807587284?s=96&d=mm&r=g","caption":"La Ruta de la Sal"}}]}},"_links":{"self":[{"href":"https:\/\/labs.100x100.net\/projects\/rutasal\/wp-json\/wp\/v2\/posts\/3579"}],"collection":[{"href":"https:\/\/labs.100x100.net\/projects\/rutasal\/wp-json\/wp\/v2\/posts"}],"about":[{"href":"https:\/\/labs.100x100.net\/projects\/rutasal\/wp-json\/wp\/v2\/types\/post"}],"author":[{"embeddable":true,"href":"https:\/\/labs.100x100.net\/projects\/rutasal\/wp-json\/wp\/v2\/users\/1"}],"replies":[{"embeddable":true,"href":"https:\/\/labs.100x100.net\/projects\/rutasal\/wp-json\/wp\/v2\/comments?post=3579"}],"version-history":[{"count":1,"href":"https:\/\/labs.100x100.net\/projects\/rutasal\/wp-json\/wp\/v2\/posts\/3579\/revisions"}],"predecessor-version":[{"id":3582,"href":"https:\/\/labs.100x100.net\/projects\/rutasal\/wp-json\/wp\/v2\/posts\/3579\/revisions\/3582"}],"wp:featuredmedia":[{"embeddable":true,"href":"https:\/\/labs.100x100.net\/projects\/rutasal\/wp-json\/wp\/v2\/media\/3581"}],"wp:attachment":[{"href":"https:\/\/labs.100x100.net\/projects\/rutasal\/wp-json\/wp\/v2\/media?parent=3579"}],"wp:term":[{"taxonomy":"category","embeddable":true,"href":"https:\/\/labs.100x100.net\/projects\/rutasal\/wp-json\/wp\/v2\/categories?post=3579"},{"taxonomy":"post_tag","embeddable":true,"href":"https:\/\/labs.100x100.net\/projects\/rutasal\/wp-json\/wp\/v2\/tags?post=3579"}],"curies":[{"name":"wp","href":"https:\/\/api.w.org\/{rel}","templated":true}]}}