{"id":3575,"date":"2019-03-04T10:43:19","date_gmt":"2019-03-04T08:43:19","guid":{"rendered":"https:\/\/larutadelasal.com\/?p=3575"},"modified":"2019-03-07T10:43:54","modified_gmt":"2019-03-07T08:43:54","slug":"rumbo-a-la-32-edicion-de-la-ruta-de-la-sal","status":"publish","type":"post","link":"https:\/\/labs.100x100.net\/projects\/rutasal\/rumbo-a-la-32-edicion-de-la-ruta-de-la-sal\/","title":{"rendered":"RUMBO A LA 32 EDICI\u00d3N DE LA RUTA DE LA SAL"},"content":{"rendered":"<p><img loading=\"lazy\" decoding=\"async\" class=\"aligncenter size-full wp-image-3262\" src=\"https:\/\/larutadelasal.com\/files\/2019\/03\/LOGO-RUTA-SAL.jpg\" alt=\"LOGO RUTA SAL\" width=\"150\" height=\"185\" \/><\/p>\n<p>La salida de <strong>La Ruta de la Sal<\/strong> est\u00e1 pr\u00f3xima y como cada a\u00f1o ser\u00e1 una competici\u00f3n entre los mejores.<\/p>\n<p>Los vencedores de las pasadas ediciones ya est\u00e1n nuevamente inscritos.<\/p>\n<p>En la <strong>Versi\u00f3n Barcelona<\/strong>:<\/p>\n<p><strong>Marjuin<\/strong>, Grand Soleil 50, de <strong>Pere Roquet<\/strong> del CN El Bal\u00eds.<\/p>\n<p><strong>Coratge<\/strong>, Swan 45, de <strong>Manuel Jan\u00e9<\/strong> del E.V.A.<\/p>\n<p><strong>Atlant del Vent<\/strong>, Imx 44, de <strong>Jaime Serra <\/strong>del CN Ibiza<\/p>\n<p><strong>Bandido<\/strong>, Denhler 44, de <strong>Juan Carlos Otamendi<\/strong>, del CM Port Ginesta.<\/p>\n<p><strong>Pozzeto d\u2019Oro<\/strong>, Grand Soleil 56, de <strong>Gerritjan Gijzel<\/strong> del Ned Ver v Kustzeilers.<\/p>\n<p>Tambi\u00e9n compite este a\u00f1o en la Versi\u00f3n Barcelona, <strong>Mundus<\/strong>, Imoca 60, al mando de <strong>Sergi Tena<\/strong> y el maxi, <strong>One Shot of Cowes<\/strong>, Advanced 66, de Alda Dream del Reino Unido, patroneado por <strong>Rub\u00e9n Cuartas<\/strong>.<\/p>\n<p>En la <strong>Versi\u00f3n Denia<\/strong> tenemos a:<\/p>\n<p><strong>Kim<\/strong>, Beneteau First, que participa en la categor\u00eda Salina.<\/p>\n<p><strong>Slainte<\/strong>, Salona 37, del CN Cullera al mando de <strong>Alejandro Grau<\/strong>.<\/p>\n<p><strong>Caf\u00e9s Granell<\/strong>, Beneteau Furst 40,7, de <strong>Agust\u00edn Granell<\/strong> del RCN Valencia.<\/p>\n<p><strong>Moondance<\/strong>, Shipman 50, de <strong>Lu\u00eds Gutierrez<\/strong> del RCN Valencia.<\/p>\n<p>En la <strong>Versi\u00f3n Mallorca<\/strong> participan entre otros:<\/p>\n<p><strong>American Girl<\/strong>, Hanse 315 JV, de <strong>Amador Magrane<\/strong>r del RCN Port Pollen\u00e7a.<\/p>\n<p><strong>Tokaoma 3<\/strong>, JNA 42, de <strong>Pierre Chartier<\/strong> del RCN Port Pollen\u00e7a.<\/p>\n<p><strong>Bond<\/strong>, Jeanneau Sunfast 3200, de <strong>Johan Walker<\/strong> del Club de Vela Andratx.<\/p>\n<p>Como ya sab\u00e9is, por log\u00edstica y capacidad de infraestructura, la participaci\u00f3n est\u00e1 limitada a 200 embarcaciones: 160 amarres y 40 boyas.<\/p>\n<p>Si est\u00e1s interesado en participar y todav\u00eda no te has inscrito, te agradeceremos curses lo antes posible tu inscripci\u00f3n, a trav\u00e9s de la web oficial de la Regata: <a href=\"https:\/\/larutadelasal.com\">www.larutadelasal.com<\/a>, ya que quedan pocas plazas para esta edici\u00f3n.<\/p>\n<p><img loading=\"lazy\" decoding=\"async\" class=\"aligncenter size-medium wp-image-3264\" src=\"https:\/\/larutadelasal.com\/files\/2019\/03\/FOTO-13-500x250.jpg\" alt=\"FOTO 13\" width=\"500\" height=\"250\" \/><\/p>\n<p><span style=\"vertical-align: inherit;\"><span style=\"vertical-align: inherit;\">www.larutadelasal.com<\/span><\/span><\/p>\n","protected":false},"excerpt":{"rendered":"<p>La salida de La Ruta de la Sal est\u00e1 pr\u00f3xima y como cada a\u00f1o ser\u00e1 una competici\u00f3n entre los mejores. Los vencedores de las pasadas ediciones ya est\u00e1n nuevamente inscritos. En la Versi\u00f3n Barcelona: Marjuin, Grand Soleil 50, de Pere Roquet del CN El Bal\u00eds. Coratge, Swan 45, de Manuel Jan\u00e9 del E.V.A. Atlant del [&hellip;]<\/p>\n","protected":false},"author":1,"featured_media":3577,"comment_status":"open","ping_status":"open","sticky":false,"template":"","format":"standard","meta":{"_acf_changed":false,"footnotes":""},"categories":[3],"tags":[],"acf":[],"yoast_head":"<!-- This site is optimized with the Yoast SEO plugin v23.0 - https:\/\/yoast.com\/wordpress\/plugins\/seo\/ -->\n<title>RUMBO A LA 32 EDICI\u00d3N DE LA RUTA DE LA SAL | Regata La Ruta de la Sal<\/title>\n<meta name=\"robots\" content=\"noindex, follow, max-snippet:-1, max-image-preview:large, max-video-preview:-1\" \/>\n<meta property=\"og:locale\" content=\"es_ES\" \/>\n<meta property=\"og:type\" content=\"article\" \/>\n<meta property=\"og:title\" content=\"RUMBO A LA 32 EDICI\u00d3N DE LA RUTA DE LA SAL | Regata La Ruta de la Sal\" \/>\n<meta property=\"og:description\" content=\"La salida de La Ruta de la Sal est\u00e1 pr\u00f3xima y como cada a\u00f1o ser\u00e1 una competici\u00f3n entre los mejores. Los vencedores de las pasadas ediciones ya est\u00e1n nuevamente inscritos. En la Versi\u00f3n Barcelona: Marjuin, Grand Soleil 50, de Pere Roquet del CN El Bal\u00eds. Coratge, Swan 45, de Manuel Jan\u00e9 del E.V.A. Atlant del [&hellip;]\" \/>\n<meta property=\"og:url\" content=\"https:\/\/labs.100x100.net\/projects\/rutasal\/rumbo-a-la-32-edicion-de-la-ruta-de-la-sal\/\" \/>\n<meta property=\"og:site_name\" content=\"Regata La Ruta de la Sal\" \/>\n<meta property=\"article:publisher\" content=\"https:\/\/www.facebook.com\/rutadelasal\/\" \/>\n<meta property=\"article:published_time\" content=\"2019-03-04T08:43:19+00:00\" \/>\n<meta property=\"article:modified_time\" content=\"2019-03-07T08:43:54+00:00\" \/>\n<meta property=\"og:image\" content=\"https:\/\/labs.100x100.net\/projects\/rutasal\/custom\/uploads\/2019\/03\/FOTO-13-500x250.jpg\" \/>\n\t<meta property=\"og:image:width\" content=\"500\" \/>\n\t<meta property=\"og:image:height\" content=\"250\" \/>\n\t<meta property=\"og:image:type\" content=\"image\/jpeg\" \/>\n<meta name=\"author\" content=\"La Ruta de la Sal\" \/>\n<meta name=\"twitter:card\" content=\"summary_large_image\" \/>\n<meta name=\"twitter:creator\" content=\"@AnamMedi\" \/>\n<meta name=\"twitter:site\" content=\"@AnamMedi\" \/>\n<meta name=\"twitter:label1\" content=\"Escrito por\" \/>\n\t<meta name=\"twitter:data1\" content=\"La Ruta de la Sal\" \/>\n\t<meta name=\"twitter:label2\" content=\"Tiempo de lectura\" \/>\n\t<meta name=\"twitter:data2\" content=\"1 minuto\" \/>\n<script type=\"application\/ld+json\" class=\"yoast-schema-graph\">{\"@context\":\"https:\/\/schema.org\",\"@graph\":[{\"@type\":\"WebPage\",\"@id\":\"https:\/\/labs.100x100.net\/projects\/rutasal\/rumbo-a-la-32-edicion-de-la-ruta-de-la-sal\/\",\"url\":\"https:\/\/labs.100x100.net\/projects\/rutasal\/rumbo-a-la-32-edicion-de-la-ruta-de-la-sal\/\",\"name\":\"RUMBO A LA 32 EDICI\u00d3N DE LA RUTA DE LA SAL | Regata La Ruta de la Sal\",\"isPartOf\":{\"@id\":\"https:\/\/labs.100x100.net\/projects\/rutasal\/#website\"},\"primaryImageOfPage\":{\"@id\":\"https:\/\/labs.100x100.net\/projects\/rutasal\/rumbo-a-la-32-edicion-de-la-ruta-de-la-sal\/#primaryimage\"},\"image\":{\"@id\":\"https:\/\/labs.100x100.net\/projects\/rutasal\/rumbo-a-la-32-edicion-de-la-ruta-de-la-sal\/#primaryimage\"},\"thumbnailUrl\":\"https:\/\/labs.100x100.net\/projects\/rutasal\/custom\/uploads\/2019\/03\/FOTO-13-500x250.jpg\",\"datePublished\":\"2019-03-04T08:43:19+00:00\",\"dateModified\":\"2019-03-07T08:43:54+00:00\",\"author\":{\"@id\":\"https:\/\/labs.100x100.net\/projects\/rutasal\/#\/schema\/person\/214eeb4a2e78fd8373a0a94f6d93c9ca\"},\"breadcrumb\":{\"@id\":\"https:\/\/labs.100x100.net\/projects\/rutasal\/rumbo-a-la-32-edicion-de-la-ruta-de-la-sal\/#breadcrumb\"},\"inLanguage\":\"es\",\"potentialAction\":[{\"@type\":\"ReadAction\",\"target\":[\"https:\/\/labs.100x100.net\/projects\/rutasal\/rumbo-a-la-32-edicion-de-la-ruta-de-la-sal\/\"]}]},{\"@type\":\"ImageObject\",\"inLanguage\":\"es\",\"@id\":\"https:\/\/labs.100x100.net\/projects\/rutasal\/rumbo-a-la-32-edicion-de-la-ruta-de-la-sal\/#primaryimage\",\"url\":\"https:\/\/labs.100x100.net\/projects\/rutasal\/custom\/uploads\/2019\/03\/FOTO-13-500x250.jpg\",\"contentUrl\":\"https:\/\/labs.100x100.net\/projects\/rutasal\/custom\/uploads\/2019\/03\/FOTO-13-500x250.jpg\",\"width\":500,\"height\":250},{\"@type\":\"BreadcrumbList\",\"@id\":\"https:\/\/labs.100x100.net\/projects\/rutasal\/rumbo-a-la-32-edicion-de-la-ruta-de-la-sal\/#breadcrumb\",\"itemListElement\":[{\"@type\":\"ListItem\",\"position\":1,\"name\":\"Portada\",\"item\":\"https:\/\/labs.100x100.net\/projects\/rutasal\/\"},{\"@type\":\"ListItem\",\"position\":2,\"name\":\"RUMBO A LA 32 EDICI\u00d3N DE LA RUTA DE LA SAL\"}]},{\"@type\":\"WebSite\",\"@id\":\"https:\/\/labs.100x100.net\/projects\/rutasal\/#website\",\"url\":\"https:\/\/labs.100x100.net\/projects\/rutasal\/\",\"name\":\"Regata La Ruta de la Sal\",\"description\":\"Regata La Ruta de la Sal es una regata de Altura Mediterr\u00e1nea para barcos de crucero a vela con destino en Ibiza, que se disputa anualmente en Semana Santa.\",\"potentialAction\":[{\"@type\":\"SearchAction\",\"target\":{\"@type\":\"EntryPoint\",\"urlTemplate\":\"https:\/\/labs.100x100.net\/projects\/rutasal\/?s={search_term_string}\"},\"query-input\":\"required name=search_term_string\"}],\"inLanguage\":\"es\"},{\"@type\":\"Person\",\"@id\":\"https:\/\/labs.100x100.net\/projects\/rutasal\/#\/schema\/person\/214eeb4a2e78fd8373a0a94f6d93c9ca\",\"name\":\"La Ruta de la Sal\",\"image\":{\"@type\":\"ImageObject\",\"inLanguage\":\"es\",\"@id\":\"https:\/\/labs.100x100.net\/projects\/rutasal\/#\/schema\/person\/image\/\",\"url\":\"https:\/\/secure.gravatar.com\/avatar\/b247286d4b801d6b1cfcfb3807587284?s=96&d=mm&r=g\",\"contentUrl\":\"https:\/\/secure.gravatar.com\/avatar\/b247286d4b801d6b1cfcfb3807587284?s=96&d=mm&r=g\",\"caption\":\"La Ruta de la Sal\"}}]}<\/script>\n<!-- \/ Yoast SEO plugin. -->","yoast_head_json":{"title":"RUMBO A LA 32 EDICI\u00d3N DE LA RUTA DE LA SAL | Regata La Ruta de la Sal","robots":{"index":"noindex","follow":"follow","max-snippet":"max-snippet:-1","max-image-preview":"max-image-preview:large","max-video-preview":"max-video-preview:-1"},"og_locale":"es_ES","og_type":"article","og_title":"RUMBO A LA 32 EDICI\u00d3N DE LA RUTA DE LA SAL | Regata La Ruta de la Sal","og_description":"La salida de La Ruta de la Sal est\u00e1 pr\u00f3xima y como cada a\u00f1o ser\u00e1 una competici\u00f3n entre los mejores. Los vencedores de las pasadas ediciones ya est\u00e1n nuevamente inscritos. En la Versi\u00f3n Barcelona: Marjuin, Grand Soleil 50, de Pere Roquet del CN El Bal\u00eds. Coratge, Swan 45, de Manuel Jan\u00e9 del E.V.A. Atlant del [&hellip;]","og_url":"https:\/\/labs.100x100.net\/projects\/rutasal\/rumbo-a-la-32-edicion-de-la-ruta-de-la-sal\/","og_site_name":"Regata La Ruta de la Sal","article_publisher":"https:\/\/www.facebook.com\/rutadelasal\/","article_published_time":"2019-03-04T08:43:19+00:00","article_modified_time":"2019-03-07T08:43:54+00:00","og_image":[{"width":500,"height":250,"url":"https:\/\/labs.100x100.net\/projects\/rutasal\/custom\/uploads\/2019\/03\/FOTO-13-500x250.jpg","type":"image\/jpeg"}],"author":"La Ruta de la Sal","twitter_card":"summary_large_image","twitter_creator":"@AnamMedi","twitter_site":"@AnamMedi","twitter_misc":{"Escrito por":"La Ruta de la Sal","Tiempo de lectura":"1 minuto"},"schema":{"@context":"https:\/\/schema.org","@graph":[{"@type":"WebPage","@id":"https:\/\/labs.100x100.net\/projects\/rutasal\/rumbo-a-la-32-edicion-de-la-ruta-de-la-sal\/","url":"https:\/\/labs.100x100.net\/projects\/rutasal\/rumbo-a-la-32-edicion-de-la-ruta-de-la-sal\/","name":"RUMBO A LA 32 EDICI\u00d3N DE LA RUTA DE LA SAL | Regata La Ruta de la Sal","isPartOf":{"@id":"https:\/\/labs.100x100.net\/projects\/rutasal\/#website"},"primaryImageOfPage":{"@id":"https:\/\/labs.100x100.net\/projects\/rutasal\/rumbo-a-la-32-edicion-de-la-ruta-de-la-sal\/#primaryimage"},"image":{"@id":"https:\/\/labs.100x100.net\/projects\/rutasal\/rumbo-a-la-32-edicion-de-la-ruta-de-la-sal\/#primaryimage"},"thumbnailUrl":"https:\/\/labs.100x100.net\/projects\/rutasal\/custom\/uploads\/2019\/03\/FOTO-13-500x250.jpg","datePublished":"2019-03-04T08:43:19+00:00","dateModified":"2019-03-07T08:43:54+00:00","author":{"@id":"https:\/\/labs.100x100.net\/projects\/rutasal\/#\/schema\/person\/214eeb4a2e78fd8373a0a94f6d93c9ca"},"breadcrumb":{"@id":"https:\/\/labs.100x100.net\/projects\/rutasal\/rumbo-a-la-32-edicion-de-la-ruta-de-la-sal\/#breadcrumb"},"inLanguage":"es","potentialAction":[{"@type":"ReadAction","target":["https:\/\/labs.100x100.net\/projects\/rutasal\/rumbo-a-la-32-edicion-de-la-ruta-de-la-sal\/"]}]},{"@type":"ImageObject","inLanguage":"es","@id":"https:\/\/labs.100x100.net\/projects\/rutasal\/rumbo-a-la-32-edicion-de-la-ruta-de-la-sal\/#primaryimage","url":"https:\/\/labs.100x100.net\/projects\/rutasal\/custom\/uploads\/2019\/03\/FOTO-13-500x250.jpg","contentUrl":"https:\/\/labs.100x100.net\/projects\/rutasal\/custom\/uploads\/2019\/03\/FOTO-13-500x250.jpg","width":500,"height":250},{"@type":"BreadcrumbList","@id":"https:\/\/labs.100x100.net\/projects\/rutasal\/rumbo-a-la-32-edicion-de-la-ruta-de-la-sal\/#breadcrumb","itemListElement":[{"@type":"ListItem","position":1,"name":"Portada","item":"https:\/\/labs.100x100.net\/projects\/rutasal\/"},{"@type":"ListItem","position":2,"name":"RUMBO A LA 32 EDICI\u00d3N DE LA RUTA DE LA SAL"}]},{"@type":"WebSite","@id":"https:\/\/labs.100x100.net\/projects\/rutasal\/#website","url":"https:\/\/labs.100x100.net\/projects\/rutasal\/","name":"Regata La Ruta de la Sal","description":"Regata La Ruta de la Sal es una regata de Altura Mediterr\u00e1nea para barcos de crucero a vela con destino en Ibiza, que se disputa anualmente en Semana Santa.","potentialAction":[{"@type":"SearchAction","target":{"@type":"EntryPoint","urlTemplate":"https:\/\/labs.100x100.net\/projects\/rutasal\/?s={search_term_string}"},"query-input":"required name=search_term_string"}],"inLanguage":"es"},{"@type":"Person","@id":"https:\/\/labs.100x100.net\/projects\/rutasal\/#\/schema\/person\/214eeb4a2e78fd8373a0a94f6d93c9ca","name":"La Ruta de la Sal","image":{"@type":"ImageObject","inLanguage":"es","@id":"https:\/\/labs.100x100.net\/projects\/rutasal\/#\/schema\/person\/image\/","url":"https:\/\/secure.gravatar.com\/avatar\/b247286d4b801d6b1cfcfb3807587284?s=96&d=mm&r=g","contentUrl":"https:\/\/secure.gravatar.com\/avatar\/b247286d4b801d6b1cfcfb3807587284?s=96&d=mm&r=g","caption":"La Ruta de la Sal"}}]}},"_links":{"self":[{"href":"https:\/\/labs.100x100.net\/projects\/rutasal\/wp-json\/wp\/v2\/posts\/3575"}],"collection":[{"href":"https:\/\/labs.100x100.net\/projects\/rutasal\/wp-json\/wp\/v2\/posts"}],"about":[{"href":"https:\/\/labs.100x100.net\/projects\/rutasal\/wp-json\/wp\/v2\/types\/post"}],"author":[{"embeddable":true,"href":"https:\/\/labs.100x100.net\/projects\/rutasal\/wp-json\/wp\/v2\/users\/1"}],"replies":[{"embeddable":true,"href":"https:\/\/labs.100x100.net\/projects\/rutasal\/wp-json\/wp\/v2\/comments?post=3575"}],"version-history":[{"count":2,"href":"https:\/\/labs.100x100.net\/projects\/rutasal\/wp-json\/wp\/v2\/posts\/3575\/revisions"}],"predecessor-version":[{"id":3578,"href":"https:\/\/labs.100x100.net\/projects\/rutasal\/wp-json\/wp\/v2\/posts\/3575\/revisions\/3578"}],"wp:featuredmedia":[{"embeddable":true,"href":"https:\/\/labs.100x100.net\/projects\/rutasal\/wp-json\/wp\/v2\/media\/3577"}],"wp:attachment":[{"href":"https:\/\/labs.100x100.net\/projects\/rutasal\/wp-json\/wp\/v2\/media?parent=3575"}],"wp:term":[{"taxonomy":"category","embeddable":true,"href":"https:\/\/labs.100x100.net\/projects\/rutasal\/wp-json\/wp\/v2\/categories?post=3575"},{"taxonomy":"post_tag","embeddable":true,"href":"https:\/\/labs.100x100.net\/projects\/rutasal\/wp-json\/wp\/v2\/tags?post=3575"}],"curies":[{"name":"wp","href":"https:\/\/api.w.org\/{rel}","templated":true}]}}