{"id":3515,"date":"2019-02-27T11:58:54","date_gmt":"2019-02-27T09:58:54","guid":{"rendered":"https:\/\/larutadelasal.com\/?p=3515"},"modified":"2019-03-04T11:59:14","modified_gmt":"2019-03-04T09:59:14","slug":"globe-sailor-copatrocinador-de-la-ruta-de-la-sal","status":"publish","type":"post","link":"https:\/\/labs.100x100.net\/projects\/rutasal\/globe-sailor-copatrocinador-de-la-ruta-de-la-sal\/","title":{"rendered":"Globe Sailor copatrocinador de la Ruta de la Sal"},"content":{"rendered":"<p>Tenemos el placer de informarte de la incorporaci\u00f3n de <a href=\"http:\/\/globesailor.es\" target=\"_blank\" rel=\"noopener\">Globe Sailor<\/a> como copatrocinador de XXXII edici\u00f3n La Ruta de la Sal. GlobeSailor es una plataforma internacional para el alquiler de barcos en Internet que permite comparar las flotas disponibles en un destino concreto y reservar directamente desde la p\u00e1gina. Ofrece m\u00e1s de 10.000 de embarcaciones, de cientos de empresas de alquiler distribuidas en 150 destinos. Utiliza el c\u00f3digo RDLS19 y aprovecha el descuento que GlobeSailor ofrece a los participantes de La Ruta de la Sal.<\/p>\n<p><img loading=\"lazy\" decoding=\"async\" class=\"size-full wp-image-3516 aligncenter\" src=\"https:\/\/larutadelasal.com\/custom\/uploads\/2019\/03\/globesailor.jpg\" alt=\"globesailor\" width=\"709\" height=\"709\" srcset=\"https:\/\/labs.100x100.net\/projects\/rutasal\/custom\/uploads\/2019\/03\/globesailor.jpg 709w, https:\/\/labs.100x100.net\/projects\/rutasal\/custom\/uploads\/2019\/03\/globesailor-150x150.jpg 150w, https:\/\/labs.100x100.net\/projects\/rutasal\/custom\/uploads\/2019\/03\/globesailor-300x300.jpg 300w\" sizes=\"(max-width: 709px) 100vw, 709px\" \/><\/p>\n","protected":false},"excerpt":{"rendered":"<p>Tenemos el placer de informarte de la incorporaci\u00f3n de Globe Sailor como copatrocinador de XXXII edici\u00f3n La Ruta de la Sal. GlobeSailor es una plataforma internacional para el alquiler de barcos en Internet que permite comparar las flotas disponibles en un destino concreto y reservar directamente desde la p\u00e1gina. Ofrece m\u00e1s de 10.000 de embarcaciones, [&hellip;]<\/p>\n","protected":false},"author":1,"featured_media":3516,"comment_status":"open","ping_status":"open","sticky":false,"template":"","format":"standard","meta":{"_acf_changed":false,"footnotes":""},"categories":[3],"tags":[],"acf":[],"yoast_head":"<!-- This site is optimized with the Yoast SEO plugin v23.0 - https:\/\/yoast.com\/wordpress\/plugins\/seo\/ -->\n<title>Globe Sailor copatrocinador de la Ruta de la Sal | Regata La Ruta de la Sal<\/title>\n<meta name=\"robots\" content=\"noindex, follow, max-snippet:-1, max-image-preview:large, max-video-preview:-1\" \/>\n<meta property=\"og:locale\" content=\"es_ES\" \/>\n<meta property=\"og:type\" content=\"article\" \/>\n<meta property=\"og:title\" content=\"Globe Sailor copatrocinador de la Ruta de la Sal | Regata La Ruta de la Sal\" \/>\n<meta property=\"og:description\" content=\"Tenemos el placer de informarte de la incorporaci\u00f3n de Globe Sailor como copatrocinador de XXXII edici\u00f3n La Ruta de la Sal. GlobeSailor es una plataforma internacional para el alquiler de barcos en Internet que permite comparar las flotas disponibles en un destino concreto y reservar directamente desde la p\u00e1gina. Ofrece m\u00e1s de 10.000 de embarcaciones, [&hellip;]\" \/>\n<meta property=\"og:url\" content=\"https:\/\/labs.100x100.net\/projects\/rutasal\/globe-sailor-copatrocinador-de-la-ruta-de-la-sal\/\" \/>\n<meta property=\"og:site_name\" content=\"Regata La Ruta de la Sal\" \/>\n<meta property=\"article:publisher\" content=\"https:\/\/www.facebook.com\/rutadelasal\/\" \/>\n<meta property=\"article:published_time\" content=\"2019-02-27T09:58:54+00:00\" \/>\n<meta property=\"article:modified_time\" content=\"2019-03-04T09:59:14+00:00\" \/>\n<meta property=\"og:image\" content=\"https:\/\/labs.100x100.net\/projects\/rutasal\/custom\/uploads\/2019\/03\/globesailor.jpg\" \/>\n\t<meta property=\"og:image:width\" content=\"709\" \/>\n\t<meta property=\"og:image:height\" content=\"709\" \/>\n\t<meta property=\"og:image:type\" content=\"image\/jpeg\" \/>\n<meta name=\"author\" content=\"La Ruta de la Sal\" \/>\n<meta name=\"twitter:card\" content=\"summary_large_image\" \/>\n<meta name=\"twitter:creator\" content=\"@AnamMedi\" \/>\n<meta name=\"twitter:site\" content=\"@AnamMedi\" \/>\n<meta name=\"twitter:label1\" content=\"Escrito por\" \/>\n\t<meta name=\"twitter:data1\" content=\"La Ruta de la Sal\" \/>\n<script type=\"application\/ld+json\" class=\"yoast-schema-graph\">{\"@context\":\"https:\/\/schema.org\",\"@graph\":[{\"@type\":\"WebPage\",\"@id\":\"https:\/\/labs.100x100.net\/projects\/rutasal\/globe-sailor-copatrocinador-de-la-ruta-de-la-sal\/\",\"url\":\"https:\/\/labs.100x100.net\/projects\/rutasal\/globe-sailor-copatrocinador-de-la-ruta-de-la-sal\/\",\"name\":\"Globe Sailor copatrocinador de la Ruta de la Sal | Regata La Ruta de la Sal\",\"isPartOf\":{\"@id\":\"https:\/\/labs.100x100.net\/projects\/rutasal\/#website\"},\"primaryImageOfPage\":{\"@id\":\"https:\/\/labs.100x100.net\/projects\/rutasal\/globe-sailor-copatrocinador-de-la-ruta-de-la-sal\/#primaryimage\"},\"image\":{\"@id\":\"https:\/\/labs.100x100.net\/projects\/rutasal\/globe-sailor-copatrocinador-de-la-ruta-de-la-sal\/#primaryimage\"},\"thumbnailUrl\":\"https:\/\/labs.100x100.net\/projects\/rutasal\/custom\/uploads\/2019\/03\/globesailor.jpg\",\"datePublished\":\"2019-02-27T09:58:54+00:00\",\"dateModified\":\"2019-03-04T09:59:14+00:00\",\"author\":{\"@id\":\"https:\/\/labs.100x100.net\/projects\/rutasal\/#\/schema\/person\/214eeb4a2e78fd8373a0a94f6d93c9ca\"},\"breadcrumb\":{\"@id\":\"https:\/\/labs.100x100.net\/projects\/rutasal\/globe-sailor-copatrocinador-de-la-ruta-de-la-sal\/#breadcrumb\"},\"inLanguage\":\"es\",\"potentialAction\":[{\"@type\":\"ReadAction\",\"target\":[\"https:\/\/labs.100x100.net\/projects\/rutasal\/globe-sailor-copatrocinador-de-la-ruta-de-la-sal\/\"]}]},{\"@type\":\"ImageObject\",\"inLanguage\":\"es\",\"@id\":\"https:\/\/labs.100x100.net\/projects\/rutasal\/globe-sailor-copatrocinador-de-la-ruta-de-la-sal\/#primaryimage\",\"url\":\"https:\/\/labs.100x100.net\/projects\/rutasal\/custom\/uploads\/2019\/03\/globesailor.jpg\",\"contentUrl\":\"https:\/\/labs.100x100.net\/projects\/rutasal\/custom\/uploads\/2019\/03\/globesailor.jpg\",\"width\":709,\"height\":709,\"caption\":\"globesailor\"},{\"@type\":\"BreadcrumbList\",\"@id\":\"https:\/\/labs.100x100.net\/projects\/rutasal\/globe-sailor-copatrocinador-de-la-ruta-de-la-sal\/#breadcrumb\",\"itemListElement\":[{\"@type\":\"ListItem\",\"position\":1,\"name\":\"Portada\",\"item\":\"https:\/\/labs.100x100.net\/projects\/rutasal\/\"},{\"@type\":\"ListItem\",\"position\":2,\"name\":\"Globe Sailor copatrocinador de la Ruta de la Sal\"}]},{\"@type\":\"WebSite\",\"@id\":\"https:\/\/labs.100x100.net\/projects\/rutasal\/#website\",\"url\":\"https:\/\/labs.100x100.net\/projects\/rutasal\/\",\"name\":\"Regata La Ruta de la Sal\",\"description\":\"Regata La Ruta de la Sal es una regata de Altura Mediterr\u00e1nea para barcos de crucero a vela con destino en Ibiza, que se disputa anualmente en Semana Santa.\",\"potentialAction\":[{\"@type\":\"SearchAction\",\"target\":{\"@type\":\"EntryPoint\",\"urlTemplate\":\"https:\/\/labs.100x100.net\/projects\/rutasal\/?s={search_term_string}\"},\"query-input\":\"required name=search_term_string\"}],\"inLanguage\":\"es\"},{\"@type\":\"Person\",\"@id\":\"https:\/\/labs.100x100.net\/projects\/rutasal\/#\/schema\/person\/214eeb4a2e78fd8373a0a94f6d93c9ca\",\"name\":\"La Ruta de la Sal\",\"image\":{\"@type\":\"ImageObject\",\"inLanguage\":\"es\",\"@id\":\"https:\/\/labs.100x100.net\/projects\/rutasal\/#\/schema\/person\/image\/\",\"url\":\"https:\/\/secure.gravatar.com\/avatar\/b247286d4b801d6b1cfcfb3807587284?s=96&d=mm&r=g\",\"contentUrl\":\"https:\/\/secure.gravatar.com\/avatar\/b247286d4b801d6b1cfcfb3807587284?s=96&d=mm&r=g\",\"caption\":\"La Ruta de la Sal\"}}]}<\/script>\n<!-- \/ Yoast SEO plugin. -->","yoast_head_json":{"title":"Globe Sailor copatrocinador de la Ruta de la Sal | Regata La Ruta de la Sal","robots":{"index":"noindex","follow":"follow","max-snippet":"max-snippet:-1","max-image-preview":"max-image-preview:large","max-video-preview":"max-video-preview:-1"},"og_locale":"es_ES","og_type":"article","og_title":"Globe Sailor copatrocinador de la Ruta de la Sal | Regata La Ruta de la Sal","og_description":"Tenemos el placer de informarte de la incorporaci\u00f3n de Globe Sailor como copatrocinador de XXXII edici\u00f3n La Ruta de la Sal. GlobeSailor es una plataforma internacional para el alquiler de barcos en Internet que permite comparar las flotas disponibles en un destino concreto y reservar directamente desde la p\u00e1gina. Ofrece m\u00e1s de 10.000 de embarcaciones, [&hellip;]","og_url":"https:\/\/labs.100x100.net\/projects\/rutasal\/globe-sailor-copatrocinador-de-la-ruta-de-la-sal\/","og_site_name":"Regata La Ruta de la Sal","article_publisher":"https:\/\/www.facebook.com\/rutadelasal\/","article_published_time":"2019-02-27T09:58:54+00:00","article_modified_time":"2019-03-04T09:59:14+00:00","og_image":[{"width":709,"height":709,"url":"https:\/\/labs.100x100.net\/projects\/rutasal\/custom\/uploads\/2019\/03\/globesailor.jpg","type":"image\/jpeg"}],"author":"La Ruta de la Sal","twitter_card":"summary_large_image","twitter_creator":"@AnamMedi","twitter_site":"@AnamMedi","twitter_misc":{"Escrito por":"La Ruta de la Sal"},"schema":{"@context":"https:\/\/schema.org","@graph":[{"@type":"WebPage","@id":"https:\/\/labs.100x100.net\/projects\/rutasal\/globe-sailor-copatrocinador-de-la-ruta-de-la-sal\/","url":"https:\/\/labs.100x100.net\/projects\/rutasal\/globe-sailor-copatrocinador-de-la-ruta-de-la-sal\/","name":"Globe Sailor copatrocinador de la Ruta de la Sal | Regata La Ruta de la Sal","isPartOf":{"@id":"https:\/\/labs.100x100.net\/projects\/rutasal\/#website"},"primaryImageOfPage":{"@id":"https:\/\/labs.100x100.net\/projects\/rutasal\/globe-sailor-copatrocinador-de-la-ruta-de-la-sal\/#primaryimage"},"image":{"@id":"https:\/\/labs.100x100.net\/projects\/rutasal\/globe-sailor-copatrocinador-de-la-ruta-de-la-sal\/#primaryimage"},"thumbnailUrl":"https:\/\/labs.100x100.net\/projects\/rutasal\/custom\/uploads\/2019\/03\/globesailor.jpg","datePublished":"2019-02-27T09:58:54+00:00","dateModified":"2019-03-04T09:59:14+00:00","author":{"@id":"https:\/\/labs.100x100.net\/projects\/rutasal\/#\/schema\/person\/214eeb4a2e78fd8373a0a94f6d93c9ca"},"breadcrumb":{"@id":"https:\/\/labs.100x100.net\/projects\/rutasal\/globe-sailor-copatrocinador-de-la-ruta-de-la-sal\/#breadcrumb"},"inLanguage":"es","potentialAction":[{"@type":"ReadAction","target":["https:\/\/labs.100x100.net\/projects\/rutasal\/globe-sailor-copatrocinador-de-la-ruta-de-la-sal\/"]}]},{"@type":"ImageObject","inLanguage":"es","@id":"https:\/\/labs.100x100.net\/projects\/rutasal\/globe-sailor-copatrocinador-de-la-ruta-de-la-sal\/#primaryimage","url":"https:\/\/labs.100x100.net\/projects\/rutasal\/custom\/uploads\/2019\/03\/globesailor.jpg","contentUrl":"https:\/\/labs.100x100.net\/projects\/rutasal\/custom\/uploads\/2019\/03\/globesailor.jpg","width":709,"height":709,"caption":"globesailor"},{"@type":"BreadcrumbList","@id":"https:\/\/labs.100x100.net\/projects\/rutasal\/globe-sailor-copatrocinador-de-la-ruta-de-la-sal\/#breadcrumb","itemListElement":[{"@type":"ListItem","position":1,"name":"Portada","item":"https:\/\/labs.100x100.net\/projects\/rutasal\/"},{"@type":"ListItem","position":2,"name":"Globe Sailor copatrocinador de la Ruta de la Sal"}]},{"@type":"WebSite","@id":"https:\/\/labs.100x100.net\/projects\/rutasal\/#website","url":"https:\/\/labs.100x100.net\/projects\/rutasal\/","name":"Regata La Ruta de la Sal","description":"Regata La Ruta de la Sal es una regata de Altura Mediterr\u00e1nea para barcos de crucero a vela con destino en Ibiza, que se disputa anualmente en Semana Santa.","potentialAction":[{"@type":"SearchAction","target":{"@type":"EntryPoint","urlTemplate":"https:\/\/labs.100x100.net\/projects\/rutasal\/?s={search_term_string}"},"query-input":"required name=search_term_string"}],"inLanguage":"es"},{"@type":"Person","@id":"https:\/\/labs.100x100.net\/projects\/rutasal\/#\/schema\/person\/214eeb4a2e78fd8373a0a94f6d93c9ca","name":"La Ruta de la Sal","image":{"@type":"ImageObject","inLanguage":"es","@id":"https:\/\/labs.100x100.net\/projects\/rutasal\/#\/schema\/person\/image\/","url":"https:\/\/secure.gravatar.com\/avatar\/b247286d4b801d6b1cfcfb3807587284?s=96&d=mm&r=g","contentUrl":"https:\/\/secure.gravatar.com\/avatar\/b247286d4b801d6b1cfcfb3807587284?s=96&d=mm&r=g","caption":"La Ruta de la Sal"}}]}},"_links":{"self":[{"href":"https:\/\/labs.100x100.net\/projects\/rutasal\/wp-json\/wp\/v2\/posts\/3515"}],"collection":[{"href":"https:\/\/labs.100x100.net\/projects\/rutasal\/wp-json\/wp\/v2\/posts"}],"about":[{"href":"https:\/\/labs.100x100.net\/projects\/rutasal\/wp-json\/wp\/v2\/types\/post"}],"author":[{"embeddable":true,"href":"https:\/\/labs.100x100.net\/projects\/rutasal\/wp-json\/wp\/v2\/users\/1"}],"replies":[{"embeddable":true,"href":"https:\/\/labs.100x100.net\/projects\/rutasal\/wp-json\/wp\/v2\/comments?post=3515"}],"version-history":[{"count":2,"href":"https:\/\/labs.100x100.net\/projects\/rutasal\/wp-json\/wp\/v2\/posts\/3515\/revisions"}],"predecessor-version":[{"id":3518,"href":"https:\/\/labs.100x100.net\/projects\/rutasal\/wp-json\/wp\/v2\/posts\/3515\/revisions\/3518"}],"wp:featuredmedia":[{"embeddable":true,"href":"https:\/\/labs.100x100.net\/projects\/rutasal\/wp-json\/wp\/v2\/media\/3516"}],"wp:attachment":[{"href":"https:\/\/labs.100x100.net\/projects\/rutasal\/wp-json\/wp\/v2\/media?parent=3515"}],"wp:term":[{"taxonomy":"category","embeddable":true,"href":"https:\/\/labs.100x100.net\/projects\/rutasal\/wp-json\/wp\/v2\/categories?post=3515"},{"taxonomy":"post_tag","embeddable":true,"href":"https:\/\/labs.100x100.net\/projects\/rutasal\/wp-json\/wp\/v2\/tags?post=3515"}],"curies":[{"name":"wp","href":"https:\/\/api.w.org\/{rel}","templated":true}]}}