{"id":346,"date":"2011-01-12T09:09:13","date_gmt":"2011-01-12T09:09:13","guid":{"rendered":"https:\/\/larutadelasal.com\/?p=346"},"modified":"2019-03-14T12:33:06","modified_gmt":"2019-03-14T10:33:06","slug":"la-ruta-de-la-sal-mantiene-su-rumbo","status":"publish","type":"post","link":"https:\/\/labs.100x100.net\/projects\/rutasal\/la-ruta-de-la-sal-mantiene-su-rumbo\/","title":{"rendered":"La Ruta de la Sal mantiene su rumbo."},"content":{"rendered":"<h2>La tradicional regata contin\u00faa con la mismas coordenadas que en 2010 y se disputar\u00e1 el 21 de abril de 2011<\/h2>\n<p>Las previsiones apuntan a una flota de 300 barcos inscritos.<\/p>\n<p>Todo parece indicar que la <strong>XXIV edici\u00f3n de la Regata de Altura de La Ruta de la sal &#8211; Trofeo Pepe Ferres <\/strong>volver\u00e1 a ser una clara referencia nacional e internacional por los \u00edndices de participaci\u00f3n que se adelantan tras los resultados de un primer periodo de inscripciones que se inicio el pasado mes de Noviembre en el Sal\u00f3n N\u00e1utico Internacional del Barcelona. Donde las regata fue presentada oficialmente y se inicio esta campa\u00f1a de captaci\u00f3n de participantes, en estos momentos se salda con\u00a0 cerca de 200 equipos inscritos y unas previsiones que apuntan a que en esta ocasi\u00f3n la cifra tope de 300 barcos en competici\u00f3n pueda ser cubierta, existiendo, incluso la posibilidad de que tal y como ha sido habitual en La Sal durante muchos a\u00f1os, pueda llegar a existir una lista de espera.<\/p>\n<p><a class=\"tt-flickr tt-flickr-Medium\" title=\"9394AW\" href=\"http:\/\/farm5.static.flickr.com\/4035\/5120450131_66efe36992_b.jpg\"><img loading=\"lazy\" decoding=\"async\" class=\"alignnone\" src=\"http:\/\/farm5.static.flickr.com\/4035\/5120450131_66efe36992.jpg\" alt=\"9394AW\" width=\"320\" height=\"229\" \/><\/a><a class=\"tt-flickr tt-flickr-Medium\" title=\"Salida Versi\u00f3n Este, Denia D_0338.JPG W\" href=\"http:\/\/farm2.static.flickr.com\/1145\/5114140874_b5f9442fe6_b.jpg\"><img loading=\"lazy\" decoding=\"async\" class=\"alignnone\" src=\"http:\/\/farm2.static.flickr.com\/1145\/5114140874_b5f9442fe6.jpg\" alt=\"Salida Versi\u00f3n Este, Denia D_0338.JPG W\" width=\"320\" height=\"229\" \/><\/a><\/p>\n<p>Para los responsables de la organizaci\u00f3n\u00a0 puede ser el resultado de muchos factores. \u00bb La pr\u00f3xima edici\u00f3n de La Ruta de la Sal, indico <strong>Marc Miravitlles<\/strong>, <strong>Director de la regata,<\/strong> por los caprichos de la Luna,\u00a0 que ubica en el tiempo a la Semana Santa, se celebrara a finales de Abril. El d\u00eda 21 de Abril es el Jueves Santo, fecha de la salida hacia Ibiza de la Versi\u00f3n Norte de \u201cLa Sal\u201d desde Port Ginesta y de la Este desde el RCN de Denia.\u00a0 Lo que en principio nos habla de una navegaci\u00f3n m\u00e1s asequible en t\u00e9rminos atmosf\u00e9ricos; horario de verano, d\u00edas m\u00e1s largos, temperaturas medias m\u00e1s altas, en general panoramas m\u00e1s estables que los que se dan, por norma, en el mes de Marzo. Pr\u00e1cticamente esta ser\u00e1 una de las Ruta de la Sal mas retrasada en el tiempo de las celebradas hasta la fecha. Y esto, que duda cabe es un factor que puede favorecer a que la participaci\u00f3n sea mayor. Tambi\u00e9n es importante, indica el director de la regata,\u00a0 que el nuevo formato de la regata con llegada a Sant Antoni de Portmany en Ibiza gusta mucho. Tanto por la cualidades t\u00e9cnicas de las singladuras desde Barcelona y Denia. En general cargadas de grandes posibilidades t\u00e1cticas que hacen que la competici\u00f3n sea mucho mas divertida e intensa. Como por las prestaciones que ofrece\u00a0 Sant Antoni a todos los participantes. Adem\u00e1s, el nuevo formato \u201cVillage de La Sal\u201d, ubicado estrat\u00e9gicamente en el Puertos de Sant Antoni se proyecta como centro de referencia obligado donde participantes, visitantes y todo el que se sienta atra\u00eddo por la magia de la competici\u00f3n de altura podr\u00e1n disfrutar de una amplia gamas de prestaciones que, sin duda alguna, permitir\u00e1n que su estancia en Ibiza sea mas agradable\u00bb<\/p>\n<p>La puesta en competici\u00f3n desde esta <strong>XXIV edici\u00f3n de la Ruta de La Sal del Trofeo Pepe Ferres<\/strong> es, tambi\u00e9n, un aliciente deportivo importante por el que ya se han interesado muchos equipos. El Trofeo Pepe Ferres, que ser\u00e1 adjudicado a los vencedores absolutos de ambas Versiones de la regata, pretende convertirse en una menci\u00f3n muy especial dentro del \u00e1mbito de la vela mediterr\u00e1nea de altura y, que duda cabe, en un recuerdo muy singular del fundador de La Ruta de La Sal . Pepe Ferres. Para muchos, uno de los promotores de la navegaci\u00f3n de altura en el Mediterr\u00e1neo mas emblem\u00e1ticos y exitosos de las ultimas d\u00e9cadas.<\/p>\n<p>Finalmente indicar la puesta en marcha de la nueva pagina web de <strong>La Ruta Ruta de La Sal &#8211; www.larutadelasal.com<\/strong> con la que se pretender ofrecer un servicio integral de asistencia a todos los interesados en La Sal, sea deportistas, t\u00e9cnicos o profesionales de la comunicaci\u00f3n. Una herramienta que, permitir\u00e1, entre otras muchas posibilidades &#8211; tramite de inscripciones, gesti\u00f3n de resultados, etc, etc.- realizar un seguimiento de la evoluci\u00f3n deportiva de La Ruta de La Sal pr\u00e1cticamente a tiempo real, con acceso a im\u00e1genes y videos en alta definici\u00f3n, abriendo las posibilidades medi\u00e1ticas de la Ruta de La Sal de una manera muy significativa.<br \/>\nBajo aspectos deportivos, la Versi\u00f3n Norte de La Sal que zarpara el pr\u00f3ximo jueves 21 de abril del 2011 a las 12:00 h desde el CM Port Ginesta,\u00a0 se competir\u00e1 sobre un recorrido de 140 millas con rumbo directo hasta el CN Sant Antoni de Portmany en Ibiza. La Versi\u00f3n Este que partir\u00e1, a las 14:00 h del mismo d\u00eda desde el RC N\u00e1utico de Denia, se vera obligada a cubrir un circuito de 120 millas que implicara tomar Formentera por babor, la Isla de Tagomago y, navegando por la costa norte de Ibiza, llegar hasta Sant Antoni. Recorrido, este ultimo, que podr\u00eda, si es el caso, modificarse si las condiciones meteorol\u00f3gicas as\u00ed lo sugiriesen.<br \/>\nTras las experiencias deportivas de los \u00faltimos a\u00f1os se confirma que las derrotas desde Denia y Barcelona -Port Ginesta- hasta Sant Antoni de Portmany en Ibiza, abren interesantes expectativas deportivas para la gran mayor\u00eda de los participantes, asegurando, en ambos casos, unas navegaciones muy t\u00e1cticas y din\u00e1micas. La Versi\u00f3n Este se dibuja como una exigente y compleja regata en la que cohabitan la navegaci\u00f3n de altura con un recorrido costero cargado de opciones. La Versi\u00f3n Norte es una navegaci\u00f3n de altura muy condicionada por los panoramas meteorol\u00f3gicos de las costas norte de Mallorca e Ibiza y, tambi\u00e9n del Golfo de Sant Jordi. Muchos alicientes deportivos para una regata hist\u00f3rica que hoy se muestra m\u00e1s din\u00e1mica y competitiva que nunca.<br \/>\nLa Ruta de La Sal esta organizada\u00a0 por\u00a0 la Associaci\u00f3 de Navegants d\u2019Altura Mediterranis, en colaboraci\u00f3n con la RANC, el Club Maritim Port Ginesta y Real Club N\u00e1utico Denia en la salida y Club Nautic Sant Antoni de Portmany de Ibiza en la arribada y el soporte de Federaci\u00f3 Catalana de Vela, Federaci\u00f3n de Vela Comunidad Valenciana, Federaci\u00f2 Balear de Vela.<\/p>\n<p>Colaboran, en la organizaci\u00f3n de la regata el Consell d\u2019Eivissa, Conselleries de Turisme y de Comer\u00e7, Industria i Energ\u00eda del Govern de les Illes Balears, Ajuntament de Sant Antoni de Portmany, Ajuntament de Denia y Ajuntament de Sitges. Ports de les Illes Balears, Marina Port Vell, Marina Denia, Sociedad Estatal de Salvamento y Seguridad Mar\u00edtima, Guardia Civil del Mar, Estaci\u00f3 N\u00e1utica de Sant Antoni i Sant Josep de Ibiza.<\/p>\n","protected":false},"excerpt":{"rendered":"<p>La tradicional regata contin\u00faa con la mismas coordenadas que en 2010 y se disputar\u00e1 el 21 de abril de 2011<\/p>\n<p>Las previsiones apuntan a una flota de 300 barcos inscritos.<\/p>\n","protected":false},"author":1,"featured_media":3934,"comment_status":"open","ping_status":"open","sticky":false,"template":"","format":"standard","meta":{"_acf_changed":false,"footnotes":""},"categories":[3],"tags":[],"acf":[],"yoast_head":"<!-- This site is optimized with the Yoast SEO plugin v23.0 - https:\/\/yoast.com\/wordpress\/plugins\/seo\/ -->\n<title>La Ruta de la Sal mantiene su rumbo. | Regata La Ruta de la Sal<\/title>\n<meta name=\"robots\" content=\"noindex, follow, max-snippet:-1, max-image-preview:large, max-video-preview:-1\" \/>\n<meta property=\"og:locale\" content=\"es_ES\" \/>\n<meta property=\"og:type\" content=\"article\" \/>\n<meta property=\"og:title\" content=\"La Ruta de la Sal mantiene su rumbo. | Regata La Ruta de la Sal\" \/>\n<meta property=\"og:description\" content=\"La tradicional regata contin\u00faa con la mismas coordenadas que en 2010 y se disputar\u00e1 el 21 de abril de 2011  Las previsiones apuntan a una flota de 300 barcos inscritos.\" \/>\n<meta property=\"og:url\" content=\"https:\/\/labs.100x100.net\/projects\/rutasal\/la-ruta-de-la-sal-mantiene-su-rumbo\/\" \/>\n<meta property=\"og:site_name\" content=\"Regata La Ruta de la Sal\" \/>\n<meta property=\"article:publisher\" content=\"https:\/\/www.facebook.com\/rutadelasal\/\" \/>\n<meta property=\"article:published_time\" content=\"2011-01-12T09:09:13+00:00\" \/>\n<meta property=\"article:modified_time\" content=\"2019-03-14T10:33:06+00:00\" \/>\n<meta property=\"og:image\" content=\"https:\/\/labs.100x100.net\/projects\/rutasal\/custom\/uploads\/2011\/01\/5120450131_66efe36992.jpg\" \/>\n\t<meta property=\"og:image:width\" content=\"500\" \/>\n\t<meta property=\"og:image:height\" content=\"350\" \/>\n\t<meta property=\"og:image:type\" content=\"image\/jpeg\" \/>\n<meta name=\"author\" content=\"La Ruta de la Sal\" \/>\n<meta name=\"twitter:card\" content=\"summary_large_image\" \/>\n<meta name=\"twitter:creator\" content=\"@AnamMedi\" \/>\n<meta name=\"twitter:site\" content=\"@AnamMedi\" \/>\n<meta name=\"twitter:label1\" content=\"Escrito por\" \/>\n\t<meta name=\"twitter:data1\" content=\"La Ruta de la Sal\" \/>\n\t<meta name=\"twitter:label2\" content=\"Tiempo de lectura\" \/>\n\t<meta name=\"twitter:data2\" content=\"6 minutos\" \/>\n<script type=\"application\/ld+json\" class=\"yoast-schema-graph\">{\"@context\":\"https:\/\/schema.org\",\"@graph\":[{\"@type\":\"WebPage\",\"@id\":\"https:\/\/labs.100x100.net\/projects\/rutasal\/la-ruta-de-la-sal-mantiene-su-rumbo\/\",\"url\":\"https:\/\/labs.100x100.net\/projects\/rutasal\/la-ruta-de-la-sal-mantiene-su-rumbo\/\",\"name\":\"La Ruta de la Sal mantiene su rumbo. | Regata La Ruta de la Sal\",\"isPartOf\":{\"@id\":\"https:\/\/labs.100x100.net\/projects\/rutasal\/#website\"},\"primaryImageOfPage\":{\"@id\":\"https:\/\/labs.100x100.net\/projects\/rutasal\/la-ruta-de-la-sal-mantiene-su-rumbo\/#primaryimage\"},\"image\":{\"@id\":\"https:\/\/labs.100x100.net\/projects\/rutasal\/la-ruta-de-la-sal-mantiene-su-rumbo\/#primaryimage\"},\"thumbnailUrl\":\"https:\/\/labs.100x100.net\/projects\/rutasal\/custom\/uploads\/2011\/01\/5120450131_66efe36992.jpg\",\"datePublished\":\"2011-01-12T09:09:13+00:00\",\"dateModified\":\"2019-03-14T10:33:06+00:00\",\"author\":{\"@id\":\"https:\/\/labs.100x100.net\/projects\/rutasal\/#\/schema\/person\/214eeb4a2e78fd8373a0a94f6d93c9ca\"},\"breadcrumb\":{\"@id\":\"https:\/\/labs.100x100.net\/projects\/rutasal\/la-ruta-de-la-sal-mantiene-su-rumbo\/#breadcrumb\"},\"inLanguage\":\"es\",\"potentialAction\":[{\"@type\":\"ReadAction\",\"target\":[\"https:\/\/labs.100x100.net\/projects\/rutasal\/la-ruta-de-la-sal-mantiene-su-rumbo\/\"]}]},{\"@type\":\"ImageObject\",\"inLanguage\":\"es\",\"@id\":\"https:\/\/labs.100x100.net\/projects\/rutasal\/la-ruta-de-la-sal-mantiene-su-rumbo\/#primaryimage\",\"url\":\"https:\/\/labs.100x100.net\/projects\/rutasal\/custom\/uploads\/2011\/01\/5120450131_66efe36992.jpg\",\"contentUrl\":\"https:\/\/labs.100x100.net\/projects\/rutasal\/custom\/uploads\/2011\/01\/5120450131_66efe36992.jpg\",\"width\":500,\"height\":350},{\"@type\":\"BreadcrumbList\",\"@id\":\"https:\/\/labs.100x100.net\/projects\/rutasal\/la-ruta-de-la-sal-mantiene-su-rumbo\/#breadcrumb\",\"itemListElement\":[{\"@type\":\"ListItem\",\"position\":1,\"name\":\"Portada\",\"item\":\"https:\/\/labs.100x100.net\/projects\/rutasal\/\"},{\"@type\":\"ListItem\",\"position\":2,\"name\":\"La Ruta de la Sal mantiene su rumbo.\"}]},{\"@type\":\"WebSite\",\"@id\":\"https:\/\/labs.100x100.net\/projects\/rutasal\/#website\",\"url\":\"https:\/\/labs.100x100.net\/projects\/rutasal\/\",\"name\":\"Regata La Ruta de la Sal\",\"description\":\"Regata La Ruta de la Sal es una regata de Altura Mediterr\u00e1nea para barcos de crucero a vela con destino en Ibiza, que se disputa anualmente en Semana Santa.\",\"potentialAction\":[{\"@type\":\"SearchAction\",\"target\":{\"@type\":\"EntryPoint\",\"urlTemplate\":\"https:\/\/labs.100x100.net\/projects\/rutasal\/?s={search_term_string}\"},\"query-input\":\"required name=search_term_string\"}],\"inLanguage\":\"es\"},{\"@type\":\"Person\",\"@id\":\"https:\/\/labs.100x100.net\/projects\/rutasal\/#\/schema\/person\/214eeb4a2e78fd8373a0a94f6d93c9ca\",\"name\":\"La Ruta de la Sal\",\"image\":{\"@type\":\"ImageObject\",\"inLanguage\":\"es\",\"@id\":\"https:\/\/labs.100x100.net\/projects\/rutasal\/#\/schema\/person\/image\/\",\"url\":\"https:\/\/secure.gravatar.com\/avatar\/b247286d4b801d6b1cfcfb3807587284?s=96&d=mm&r=g\",\"contentUrl\":\"https:\/\/secure.gravatar.com\/avatar\/b247286d4b801d6b1cfcfb3807587284?s=96&d=mm&r=g\",\"caption\":\"La Ruta de la Sal\"}}]}<\/script>\n<!-- \/ Yoast SEO plugin. -->","yoast_head_json":{"title":"La Ruta de la Sal mantiene su rumbo. | Regata La Ruta de la Sal","robots":{"index":"noindex","follow":"follow","max-snippet":"max-snippet:-1","max-image-preview":"max-image-preview:large","max-video-preview":"max-video-preview:-1"},"og_locale":"es_ES","og_type":"article","og_title":"La Ruta de la Sal mantiene su rumbo. | Regata La Ruta de la Sal","og_description":"La tradicional regata contin\u00faa con la mismas coordenadas que en 2010 y se disputar\u00e1 el 21 de abril de 2011  Las previsiones apuntan a una flota de 300 barcos inscritos.","og_url":"https:\/\/labs.100x100.net\/projects\/rutasal\/la-ruta-de-la-sal-mantiene-su-rumbo\/","og_site_name":"Regata La Ruta de la Sal","article_publisher":"https:\/\/www.facebook.com\/rutadelasal\/","article_published_time":"2011-01-12T09:09:13+00:00","article_modified_time":"2019-03-14T10:33:06+00:00","og_image":[{"width":500,"height":350,"url":"https:\/\/labs.100x100.net\/projects\/rutasal\/custom\/uploads\/2011\/01\/5120450131_66efe36992.jpg","type":"image\/jpeg"}],"author":"La Ruta de la Sal","twitter_card":"summary_large_image","twitter_creator":"@AnamMedi","twitter_site":"@AnamMedi","twitter_misc":{"Escrito por":"La Ruta de la Sal","Tiempo de lectura":"6 minutos"},"schema":{"@context":"https:\/\/schema.org","@graph":[{"@type":"WebPage","@id":"https:\/\/labs.100x100.net\/projects\/rutasal\/la-ruta-de-la-sal-mantiene-su-rumbo\/","url":"https:\/\/labs.100x100.net\/projects\/rutasal\/la-ruta-de-la-sal-mantiene-su-rumbo\/","name":"La Ruta de la Sal mantiene su rumbo. | Regata La Ruta de la Sal","isPartOf":{"@id":"https:\/\/labs.100x100.net\/projects\/rutasal\/#website"},"primaryImageOfPage":{"@id":"https:\/\/labs.100x100.net\/projects\/rutasal\/la-ruta-de-la-sal-mantiene-su-rumbo\/#primaryimage"},"image":{"@id":"https:\/\/labs.100x100.net\/projects\/rutasal\/la-ruta-de-la-sal-mantiene-su-rumbo\/#primaryimage"},"thumbnailUrl":"https:\/\/labs.100x100.net\/projects\/rutasal\/custom\/uploads\/2011\/01\/5120450131_66efe36992.jpg","datePublished":"2011-01-12T09:09:13+00:00","dateModified":"2019-03-14T10:33:06+00:00","author":{"@id":"https:\/\/labs.100x100.net\/projects\/rutasal\/#\/schema\/person\/214eeb4a2e78fd8373a0a94f6d93c9ca"},"breadcrumb":{"@id":"https:\/\/labs.100x100.net\/projects\/rutasal\/la-ruta-de-la-sal-mantiene-su-rumbo\/#breadcrumb"},"inLanguage":"es","potentialAction":[{"@type":"ReadAction","target":["https:\/\/labs.100x100.net\/projects\/rutasal\/la-ruta-de-la-sal-mantiene-su-rumbo\/"]}]},{"@type":"ImageObject","inLanguage":"es","@id":"https:\/\/labs.100x100.net\/projects\/rutasal\/la-ruta-de-la-sal-mantiene-su-rumbo\/#primaryimage","url":"https:\/\/labs.100x100.net\/projects\/rutasal\/custom\/uploads\/2011\/01\/5120450131_66efe36992.jpg","contentUrl":"https:\/\/labs.100x100.net\/projects\/rutasal\/custom\/uploads\/2011\/01\/5120450131_66efe36992.jpg","width":500,"height":350},{"@type":"BreadcrumbList","@id":"https:\/\/labs.100x100.net\/projects\/rutasal\/la-ruta-de-la-sal-mantiene-su-rumbo\/#breadcrumb","itemListElement":[{"@type":"ListItem","position":1,"name":"Portada","item":"https:\/\/labs.100x100.net\/projects\/rutasal\/"},{"@type":"ListItem","position":2,"name":"La Ruta de la Sal mantiene su rumbo."}]},{"@type":"WebSite","@id":"https:\/\/labs.100x100.net\/projects\/rutasal\/#website","url":"https:\/\/labs.100x100.net\/projects\/rutasal\/","name":"Regata La Ruta de la Sal","description":"Regata La Ruta de la Sal es una regata de Altura Mediterr\u00e1nea para barcos de crucero a vela con destino en Ibiza, que se disputa anualmente en Semana Santa.","potentialAction":[{"@type":"SearchAction","target":{"@type":"EntryPoint","urlTemplate":"https:\/\/labs.100x100.net\/projects\/rutasal\/?s={search_term_string}"},"query-input":"required name=search_term_string"}],"inLanguage":"es"},{"@type":"Person","@id":"https:\/\/labs.100x100.net\/projects\/rutasal\/#\/schema\/person\/214eeb4a2e78fd8373a0a94f6d93c9ca","name":"La Ruta de la Sal","image":{"@type":"ImageObject","inLanguage":"es","@id":"https:\/\/labs.100x100.net\/projects\/rutasal\/#\/schema\/person\/image\/","url":"https:\/\/secure.gravatar.com\/avatar\/b247286d4b801d6b1cfcfb3807587284?s=96&d=mm&r=g","contentUrl":"https:\/\/secure.gravatar.com\/avatar\/b247286d4b801d6b1cfcfb3807587284?s=96&d=mm&r=g","caption":"La Ruta de la Sal"}}]}},"_links":{"self":[{"href":"https:\/\/labs.100x100.net\/projects\/rutasal\/wp-json\/wp\/v2\/posts\/346"}],"collection":[{"href":"https:\/\/labs.100x100.net\/projects\/rutasal\/wp-json\/wp\/v2\/posts"}],"about":[{"href":"https:\/\/labs.100x100.net\/projects\/rutasal\/wp-json\/wp\/v2\/types\/post"}],"author":[{"embeddable":true,"href":"https:\/\/labs.100x100.net\/projects\/rutasal\/wp-json\/wp\/v2\/users\/1"}],"replies":[{"embeddable":true,"href":"https:\/\/labs.100x100.net\/projects\/rutasal\/wp-json\/wp\/v2\/comments?post=346"}],"version-history":[{"count":1,"href":"https:\/\/labs.100x100.net\/projects\/rutasal\/wp-json\/wp\/v2\/posts\/346\/revisions"}],"predecessor-version":[{"id":3935,"href":"https:\/\/labs.100x100.net\/projects\/rutasal\/wp-json\/wp\/v2\/posts\/346\/revisions\/3935"}],"wp:featuredmedia":[{"embeddable":true,"href":"https:\/\/labs.100x100.net\/projects\/rutasal\/wp-json\/wp\/v2\/media\/3934"}],"wp:attachment":[{"href":"https:\/\/labs.100x100.net\/projects\/rutasal\/wp-json\/wp\/v2\/media?parent=346"}],"wp:term":[{"taxonomy":"category","embeddable":true,"href":"https:\/\/labs.100x100.net\/projects\/rutasal\/wp-json\/wp\/v2\/categories?post=346"},{"taxonomy":"post_tag","embeddable":true,"href":"https:\/\/labs.100x100.net\/projects\/rutasal\/wp-json\/wp\/v2\/tags?post=346"}],"curies":[{"name":"wp","href":"https:\/\/api.w.org\/{rel}","templated":true}]}}