{"id":3325,"date":"2018-05-07T13:10:57","date_gmt":"2018-05-07T11:10:57","guid":{"rendered":"https:\/\/larutadelasal.com\/?p=3325"},"modified":"2019-03-20T16:33:42","modified_gmt":"2019-03-20T14:33:42","slug":"la-ruta-de-la-sal-2018","status":"publish","type":"post","link":"https:\/\/labs.100x100.net\/projects\/rutasal\/la-ruta-de-la-sal-2018\/","title":{"rendered":"La Ruta de la Sal 2018"},"content":{"rendered":"<p><strong>Extraordinario nivel deportivo de la flota de La Ruta de la Sal 2018.<\/strong><\/p>\n<p>LA RUTA DE LA SAL 2018, M\u00c1S DIN\u00c1MICA Y EXIGENTE QUE NUNCA.<\/p>\n<p>\u00abMarjuin\u00bb de Pere Roquet en la Versi\u00f3n Barcelona; \u00abC\u00f3ndor de Javea\u00bb de Carlos Fern\u00e1ndez Martos en la Versi\u00f3n Denia y \u00abYolo\u00bb de Kai-Uwe Holweg ganadores absolutos de La Ruta de la Sal 2018.<\/p>\n<p>\u00abCaro\u00bb, en la Versi\u00f3n Barcelona, \u00ab2 Much-Pelotari Project\u00bb en la Versi\u00f3n Denia y \u00abClem-Grupo Inmobiliario El Encinar\u00bb en la Versi\u00f3n Mallorca, los m\u00e1s r\u00e1pidos en tiempo real.<\/p>\n<p>La 31 edici\u00f3n de La Ruta de la Sal ser\u00e1 recordada como una regata dif\u00edcil con grandes complejidades t\u00e1cticas. Tambi\u00e9n como una prueba en la que la flota en competici\u00f3n, en esta ocasi\u00f3n muy renovada y con muchos equipos que se estrenaban en esta competici\u00f3n, acredit\u00f3 un nivel deportivo extraordinario.<\/p>\n<p style=\"text-align: center;\"><strong>Reuni\u00f3n de patrones<\/strong><\/p>\n<a title=\"31 La Ruta de La Sal 2018\" href=\"http:\/\/farm1.staticflickr.com\/822\/40206093485_87a2263f95.jpg\" rel=\"\"><img loading=\"lazy\" decoding=\"async\" class=\"alignleft\" style=\"float: left;\" title=\"31 La Ruta de La Sal 2018\" src=\"http:\/\/farm1.staticflickr.com\/822\/40206093485_87a2263f95.jpg\" alt=\"31 La Ruta de La Sal 2018\" width=\"304\" height=\"214\" \/><\/a>\n<a title=\"31 La Ruta de La Sal 2018\" href=\"http:\/\/farm1.staticflickr.com\/884\/40206134735_89646e1c24.jpg\" rel=\"\"><img loading=\"lazy\" decoding=\"async\" class=\"alignleft\" style=\"float: left;\" title=\"31 La Ruta de La Sal 2018\" src=\"http:\/\/farm1.staticflickr.com\/884\/40206134735_89646e1c24.jpg\" alt=\"31 La Ruta de La Sal 2018\" width=\"304\" height=\"214\" \/><\/a>\n<p><a title=\"31 La Ruta de La Sal 2018\" href=\"#\" rel=\"\"><img loading=\"lazy\" decoding=\"async\" class=\"alignleft\" style=\"float: left;\" title=\"31 La Ruta de La Sal 2018\" src=\"http:\/\/farm1.staticflickr.com\/806\/41249457632_9b11d03274.jpg\" alt=\"31 La Ruta de La Sal 2018\" width=\"320\" height=\"214\" \/><\/a><a title=\"31 La Ruta de La Sal 2018\" href=\"#\" rel=\"\"><img loading=\"lazy\" decoding=\"async\" class=\"alignleft\" style=\"float: left;\" title=\"31 La Ruta de La Sal 2018\" src=\"http:\/\/farm1.staticflickr.com\/806\/27420122448_cc76a470ae.jpg\" alt=\"31 La Ruta de La Sal 2018\" width=\"320\" height=\"214\" \/><\/a><\/p>\n<div style=\"clear: both;\"><\/div>\n<p><a title=\"31 La Ruta de La Sal 2018\" href=\"#\" rel=\"\"><img loading=\"lazy\" decoding=\"async\" class=\"alignleft\" style=\"float: left;\" title=\"31 La Ruta de La Sal 2018\" src=\"http:\/\/farm1.staticflickr.com\/876\/41249456492_c4a24bdbdd.jpg\" alt=\"31 La Ruta de La Sal 2018\" width=\"320\" height=\"214\" \/><\/a><a title=\"31 La Ruta de La Sal 2018\" href=\"#\" rel=\"\"><img loading=\"lazy\" decoding=\"async\" class=\"alignleft\" style=\"float: left;\" title=\"31 La Ruta de La Sal 2018\" src=\"http:\/\/farm1.staticflickr.com\/895\/41249452152_2ab1416a40.jpg\" alt=\"31 La Ruta de La Sal 2018\" width=\"320\" height=\"214\" \/><\/a><\/p>\n<div style=\"clear: both;\"><\/div>\n<p><a title=\"31 La Ruta de La Sal 2018\" href=\"#\" rel=\"\"><img loading=\"lazy\" decoding=\"async\" class=\"alignleft\" style=\"float: left;\" title=\"31 La Ruta de La Sal 2018\" src=\"http:\/\/farm1.staticflickr.com\/868\/27420122118_b469ac61d2.jpg\" alt=\"31 La Ruta de La Sal 2018\" width=\"320\" height=\"192\" \/><\/a><a title=\"31 La Ruta de La Sal 2018\" href=\"#\" rel=\"\"><img loading=\"lazy\" decoding=\"async\" class=\"alignleft\" style=\"float: left;\" title=\"31 La Ruta de La Sal 2018\" src=\"http:\/\/farm1.staticflickr.com\/813\/40396027425_f60fd8f568.jpg\" alt=\"31 La Ruta de La Sal 2018\" width=\"320\" height=\"180\" \/><\/a><\/p>\n<div style=\"clear: both;\"><\/div>\n<p><a title=\"31 La Ruta de La Sal 2018\" href=\"#\" rel=\"\"><img loading=\"lazy\" decoding=\"async\" class=\"alignleft\" style=\"float: left;\" title=\"31 La Ruta de La Sal 2018\" src=\"http:\/\/farm1.staticflickr.com\/873\/27420121928_9feb5a77a3.jpg\" alt=\"31 La Ruta de La Sal 2018\" width=\"320\" height=\"214\" \/><\/a><a title=\"31 La Ruta de La Sal 2018\" href=\"#\" rel=\"\"><img loading=\"lazy\" decoding=\"async\" class=\"alignleft\" style=\"float: left;\" title=\"31 La Ruta de La Sal 2018\" src=\"http:\/\/farm1.staticflickr.com\/898\/39483153380_07d34bd42c.jpg\" alt=\"31 La Ruta de La Sal 2018\" width=\"320\" height=\"214\" \/><\/a><\/p>\n<div style=\"clear: both;\"><\/div>\n<p><a title=\"31 La Ruta de La Sal 2018\" href=\"#\" rel=\"\"><img loading=\"lazy\" decoding=\"async\" class=\"alignleft\" style=\"float: left;\" title=\"31 La Ruta de La Sal 2018\" src=\"http:\/\/farm1.staticflickr.com\/784\/26229344467_818c753c8a.jpg\" alt=\"31 La Ruta de La Sal 2018\" width=\"320\" height=\"214\" \/><\/a><a title=\"31 La Ruta de La Sal 2018\" href=\"#\" rel=\"\"><img loading=\"lazy\" decoding=\"async\" class=\"alignleft\" style=\"float: left;\" title=\"31 La Ruta de La Sal 2018\" src=\"http:\/\/farm1.staticflickr.com\/880\/26229593777_31a6d537a7.jpg\" alt=\"31 La Ruta de La Sal 2018\" width=\"320\" height=\"214\" \/><\/a><\/p>\n<p>Llegar a Sant Antoni de Portmany no fue f\u00e1cil. M\u00e1s bien todo lo contrario. Los fuertes vientos de Poniente que afectaron a esta zona del mediterr\u00e1neo durante los d\u00edas en los que se celebr\u00f3 la regata, pr\u00e1cticamente desde las \u00faltimas horas del d\u00eda 29 de Marzo al 1 de Abril del 2018, convertidos a partir de la madrugada del d\u00eda 31 de marzo en un potente temporal con vientos \u2013 SO\/O &#8211; que superaron los 50 nudos y mar muy formada que, de hecho, afect\u00f3 a todo el Mediterr\u00e1neo occidental, complic\u00f3 much\u00edsimo la navegaci\u00f3n, convirtiendo a la 31 edici\u00f3n de La Ruta de la Sal en una regata intensa, cargada de emociones y meritos deportivos solo apta para aut\u00e9nticos expertos en la navegaci\u00f3n de altura.<\/p>\n<p style=\"text-align: center;\"><strong>Village Barcelona<\/strong><\/p>\n<p><a title=\"0\" href=\"#\" rel=\"\"><img loading=\"lazy\" decoding=\"async\" class=\"alignleft\" style=\"float: left;\" title=\"0\" src=\"http:\/\/farm1.staticflickr.com\/872\/41292645041_0801d5b4c7.jpg\" alt=\"0\" width=\"320\" height=\"214\" \/><\/a><a title=\"31 La Ruta de La Sal 2018\" href=\"#\" rel=\"\"><img loading=\"lazy\" decoding=\"async\" class=\"alignleft\" style=\"float: left;\" title=\"31 La Ruta de La Sal 2018\" src=\"http:\/\/farm1.staticflickr.com\/866\/39291726040_684e23615c.jpg\" alt=\"31 La Ruta de La Sal 2018\" width=\"320\" height=\"214\" \/><\/a><a title=\"31 La Ruta de La Sal 2018\" href=\"#\" rel=\"\"><img loading=\"lazy\" decoding=\"async\" class=\"alignleft\" style=\"float: left;\" title=\"31 La Ruta de La Sal 2018\" src=\"http:\/\/farm1.staticflickr.com\/891\/40579141804_7d81863c1e.jpg\" alt=\"31 La Ruta de La Sal 2018\" width=\"320\" height=\"214\" \/><\/a> <a title=\"31 La Ruta de La Sal 2018\" href=\"#\" rel=\"\"><img loading=\"lazy\" decoding=\"async\" class=\"alignleft\" style=\"float: left;\" title=\"31 La Ruta de La Sal 2018\" src=\"http:\/\/farm1.staticflickr.com\/784\/39483502290_e427b4c31e.jpg\" alt=\"2a\" width=\"320\" height=\"214\" \/><\/a><\/p>\n<div style=\"clear: both;\"><\/div>\n<p><a title=\"2b\" href=\"#\" rel=\"\"><img loading=\"lazy\" decoding=\"async\" class=\"alignleft\" style=\"float: left;\" title=\"2b\" src=\"http:\/\/farm1.staticflickr.com\/869\/41292726611_866b5e28bf.jpg\" alt=\"2b\" width=\"320\" height=\"214\" \/><\/a><a title=\"2c\" href=\"#\" rel=\"\"><img loading=\"lazy\" decoding=\"async\" class=\"alignleft\" style=\"float: left;\" title=\"2c\" src=\"http:\/\/farm1.staticflickr.com\/813\/41292726141_52f3d949e9.jpg\" alt=\"2c\" width=\"320\" height=\"214\" \/><\/a><a title=\"31 La Ruta de La Sal 2018\" href=\"#\" rel=\"\"><img loading=\"lazy\" decoding=\"async\" class=\"alignleft\" style=\"float: left;\" title=\"31 La Ruta de La Sal 2018\" src=\"http:\/\/farm1.staticflickr.com\/892\/40579141614_326cd2b063.jpg\" alt=\"31 La Ruta de La Sal 2018\" width=\"320\" height=\"214\" \/><\/a><a title=\"4\" href=\"#\" rel=\"\"><img loading=\"lazy\" decoding=\"async\" class=\"alignleft\" style=\"float: left;\" title=\"4\" src=\"http:\/\/farm1.staticflickr.com\/793\/39483501230_3c6154acb2.jpg\" alt=\"4\" width=\"320\" height=\"214\" \/><\/a><a title=\"31 La Ruta de La Sal 2018\" href=\"#\" rel=\"\"><img loading=\"lazy\" decoding=\"async\" class=\"alignleft\" style=\"float: left;\" title=\"31 La Ruta de La Sal 2018\" src=\"http:\/\/farm1.staticflickr.com\/791\/39483499540_5fdf6544a4.jpg\" alt=\"31 La Ruta de La Sal 2018\" width=\"320\" height=\"214\" \/><\/a><a title=\"31 La Ruta de La Sal 2018\" href=\"#\" rel=\"\"><img loading=\"lazy\" decoding=\"async\" class=\"alignleft\" style=\"float: left;\" title=\"31 La Ruta de La Sal 2018\" src=\"http:\/\/farm1.staticflickr.com\/796\/40579141484_a44a18ee76.jpg\" alt=\"31 La Ruta de La Sal 2018\" width=\"320\" height=\"214\" \/><\/a><a title=\"31 La Ruta de La Sal 2018\" href=\"#\" rel=\"\"><img loading=\"lazy\" decoding=\"async\" class=\"alignleft\" style=\"float: left;\" title=\"31 La Ruta de La Sal 2018\" src=\"http:\/\/farm1.staticflickr.com\/809\/40579141384_5cf493f6fd.jpg\" alt=\"31 La Ruta de La Sal 2018\" width=\"320\" height=\"214\" \/><\/a><a title=\"31 La Ruta de La Sal 2018\" href=\"#\" rel=\"\"><img loading=\"lazy\" decoding=\"async\" class=\"alignleft\" style=\"float: left;\" title=\"31 La Ruta de La Sal 2018\" src=\"http:\/\/farm1.staticflickr.com\/806\/40579141234_a8b0ce4cec.jpg\" alt=\"31 La Ruta de La Sal 2018\" width=\"320\" height=\"214\" \/><\/a><a title=\"31 La Ruta de La Sal 2018\" href=\"#\" rel=\"\"><img loading=\"lazy\" decoding=\"async\" class=\"alignleft\" style=\"float: left;\" title=\"31 La Ruta de La Sal 2018\" src=\"http:\/\/farm1.staticflickr.com\/863\/40579140714_506420379a.jpg\" alt=\"31 La Ruta de La Sal 2018\" width=\"320\" height=\"214\" \/><\/a><\/p>\n<p><a title=\"31 La Ruta de La Sal 2018\" href=\"#\" rel=\"\"><img loading=\"lazy\" decoding=\"async\" class=\"alignleft\" style=\"float: left;\" title=\"31 La Ruta de La Sal 2018\" src=\"http:\/\/farm1.staticflickr.com\/891\/39483499300_5cb3c2b87b.jpg\" alt=\"31 La Ruta de La Sal 2018\" width=\"320\" height=\"214\" \/><\/a><a title=\"31 La Ruta de La Sal 2018\" href=\"#\" rel=\"\"><img loading=\"lazy\" decoding=\"async\" class=\"alignleft\" style=\"float: left;\" title=\"31 La Ruta de La Sal 2018\" src=\"http:\/\/farm1.staticflickr.com\/872\/39483498960_af1e668c56.jpg\" alt=\"31 La Ruta de La Sal 2018\" width=\"320\" height=\"214\" \/><\/a><a title=\"11a\" href=\"#\" rel=\"\"><img loading=\"lazy\" decoding=\"async\" class=\"alignleft\" style=\"float: left;\" title=\"11a\" src=\"http:\/\/farm1.staticflickr.com\/877\/39483500790_6873a8526e.jpg\" alt=\"11a\" width=\"320\" height=\"214\" \/><\/a><a title=\"31 La Ruta de La Sal 2018\" href=\"#\" rel=\"\"><img loading=\"lazy\" decoding=\"async\" class=\"alignleft\" style=\"float: left;\" title=\"31 La Ruta de La Sal 2018\" src=\"http:\/\/farm1.staticflickr.com\/790\/40579140144_6ea714e71d.jpg\" alt=\"31 La Ruta de La Sal 2018\" width=\"320\" height=\"214\" \/><\/a><a title=\"31 La Ruta de La Sal 2018\" href=\"#\" rel=\"\"><img loading=\"lazy\" decoding=\"async\" class=\"alignleft\" style=\"float: left;\" title=\"31 La Ruta de La Sal 2018\" src=\"http:\/\/farm1.staticflickr.com\/882\/41292721961_3bbe1cfcd0.jpg\" alt=\"31 La Ruta de La Sal 2018\" width=\"320\" height=\"214\" \/><\/a><a title=\"31 La Ruta de La Sal 2018\" href=\"#\" rel=\"\"><img loading=\"lazy\" decoding=\"async\" class=\"alignleft\" style=\"float: left;\" title=\"31 La Ruta de La Sal 2018\" src=\"http:\/\/farm1.staticflickr.com\/788\/39483499640_a824444077.jpg\" alt=\"31 La Ruta de La Sal 2018\" width=\"320\" height=\"214\" \/><\/a><a title=\"16a\" href=\"#\" rel=\"\"><img loading=\"lazy\" decoding=\"async\" class=\"alignleft\" style=\"float: left;\" title=\"16a\" src=\"http:\/\/farm1.staticflickr.com\/878\/39483500620_980e2fdb61.jpg\" alt=\"16a\" width=\"320\" height=\"214\" \/><\/a><a title=\"31 La Ruta de La Sal 2018\" href=\"#\" rel=\"\"><img loading=\"lazy\" decoding=\"async\" class=\"alignleft\" style=\"float: left;\" title=\"31 La Ruta de La Sal 2018\" src=\"http:\/\/farm1.staticflickr.com\/871\/40579138794_b49baa2ab5.jpg\" alt=\"31 La Ruta de La Sal 2018\" width=\"320\" height=\"214\" \/><\/a><a title=\"31 La Ruta de La Sal 2018\" href=\"#\" rel=\"\"><img loading=\"lazy\" decoding=\"async\" class=\"alignleft\" style=\"float: left;\" title=\"31 La Ruta de La Sal 2018\" src=\"http:\/\/farm1.staticflickr.com\/786\/41292720861_520a43787a.jpg\" alt=\"31 La Ruta de La Sal 2018\" width=\"320\" height=\"214\" \/><\/a><a title=\"31 La Ruta de La Sal 2018\" href=\"#\" rel=\"\"><img loading=\"lazy\" decoding=\"async\" class=\"alignleft\" style=\"float: left;\" title=\"31 La Ruta de La Sal 2018\" src=\"http:\/\/farm1.staticflickr.com\/896\/40579138014_f94aa69b48.jpg\" alt=\"31 La Ruta de La Sal 2018\" width=\"320\" height=\"214\" \/><\/a><a title=\"20\" href=\"#\" rel=\"\"><img loading=\"lazy\" decoding=\"async\" class=\"alignleft\" style=\"float: left;\" title=\"20\" src=\"http:\/\/farm1.staticflickr.com\/874\/39483500320_e3285d381c.jpg\" alt=\"20\" width=\"320\" height=\"214\" \/><\/a><a title=\"20a\" href=\"#\" rel=\"\"><img loading=\"lazy\" decoding=\"async\" class=\"alignleft\" style=\"float: left;\" title=\"20a\" src=\"http:\/\/farm1.staticflickr.com\/783\/39483500020_11f80b7e93.jpg\" alt=\"20a\" width=\"320\" height=\"214\" \/><\/a><a title=\"21\" href=\"#\" rel=\"\"><img loading=\"lazy\" decoding=\"async\" class=\"alignleft\" style=\"float: left;\" title=\"21\" src=\"http:\/\/farm1.staticflickr.com\/879\/41292720451_e6d3f20802.jpg\" alt=\"21\" width=\"320\" height=\"214\" \/><\/a><\/p>\n<div style=\"clear: both;\"><\/div>\n<p style=\"text-align: center;\"><strong>Registro y Bolsa del Capit\u00e1n<\/strong><\/p>\n<p><a title=\"0\" href=\"#\" rel=\"\"><img loading=\"lazy\" decoding=\"async\" class=\"alignleft\" style=\"float: left;\" title=\"0\" src=\"http:\/\/farm1.staticflickr.com\/807\/26421341867_433b56f70f.jpg\" alt=\"0\" width=\"320\" height=\"214\" \/><\/a><a title=\"31 La Ruta de La Sal 2018\" href=\"#\" rel=\"\"><img loading=\"lazy\" decoding=\"async\" class=\"alignleft\" style=\"float: left;\" title=\"31 La Ruta de La Sal 2018\" src=\"http:\/\/farm1.staticflickr.com\/799\/26421340957_79af519cb6.jpg\" alt=\"31 La Ruta de La Sal 2018\" width=\"320\" height=\"214\" \/><\/a><a title=\"31 La Ruta de La Sal 2018\" href=\"#\" rel=\"\"><img loading=\"lazy\" decoding=\"async\" class=\"alignleft\" style=\"float: left;\" title=\"31 La Ruta de La Sal 2018\" src=\"http:\/\/farm1.staticflickr.com\/793\/26421340617_bee8a4f6ef.jpg\" alt=\"31 La Ruta de La Sal 2018\" width=\"320\" height=\"214\" \/><\/a><a title=\"31 La Ruta de La Sal 2018\" href=\"#\" rel=\"\"><img loading=\"lazy\" decoding=\"async\" class=\"alignleft\" style=\"float: left;\" title=\"31 La Ruta de La Sal 2018\" src=\"http:\/\/farm1.staticflickr.com\/807\/26421340367_8d15e5b83f.jpg\" alt=\"31 La Ruta de La Sal 2018\" width=\"320\" height=\"214\" \/><\/a><a title=\"31 La Ruta de La Sal 2018\" href=\"#\" rel=\"\"><img loading=\"lazy\" decoding=\"async\" class=\"alignleft\" style=\"float: left;\" title=\"31 La Ruta de La Sal 2018\" src=\"http:\/\/farm1.staticflickr.com\/807\/26421339967_f32f01f0b6.jpg\" alt=\"31 La Ruta de La Sal 2018\" width=\"320\" height=\"214\" \/><\/a><a title=\"31 La Ruta de La Sal 2018\" href=\"#\" rel=\"\"><img loading=\"lazy\" decoding=\"async\" class=\"alignleft\" style=\"float: left;\" title=\"31 La Ruta de La Sal 2018\" src=\"http:\/\/farm1.staticflickr.com\/792\/26421339757_a0bcd6a017.jpg\" alt=\"31 La Ruta de La Sal 2018\" width=\"320\" height=\"214\" \/><\/a><a title=\"31 La Ruta de La Sal 2018\" href=\"#\" rel=\"\"><img loading=\"lazy\" decoding=\"async\" class=\"alignleft\" style=\"float: left;\" title=\"31 La Ruta de La Sal 2018\" src=\"http:\/\/farm1.staticflickr.com\/805\/26421339617_38c5a44069.jpg\" alt=\"31 La Ruta de La Sal 2018\" width=\"320\" height=\"214\" \/><\/a><a title=\"31 La Ruta de La Sal 2018\" href=\"#\" rel=\"\"><img loading=\"lazy\" decoding=\"async\" class=\"alignleft\" style=\"float: left;\" title=\"31 La Ruta de La Sal 2018\" src=\"http:\/\/farm1.staticflickr.com\/877\/26421339507_439ac27806.jpg\" alt=\"31 La Ruta de La Sal 2018\" width=\"320\" height=\"214\" \/><\/a><a title=\"31 La Ruta de La Sal 2018\" href=\"#\" rel=\"\"><img loading=\"lazy\" decoding=\"async\" class=\"alignleft\" style=\"float: left;\" title=\"31 La Ruta de La Sal 2018\" src=\"http:\/\/farm1.staticflickr.com\/784\/26421339417_7b8036ac64.jpg\" alt=\"31 La Ruta de La Sal 2018\" width=\"320\" height=\"214\" \/><\/a><a title=\"13\" href=\"#\" rel=\"\"><img loading=\"lazy\" decoding=\"async\" class=\"alignleft\" style=\"float: left;\" title=\"13\" src=\"http:\/\/farm1.staticflickr.com\/890\/26421339197_196c2cdc51.jpg\" alt=\"13\" width=\"320\" height=\"214\" \/><\/a><\/p>\n<div style=\"clear: both;\"><\/div>\n<p>En la <strong>Versi\u00f3n Barcelona,<\/strong> con una inscripci\u00f3n de 83 embarcaciones tripuladas por 425 regatistas, se compiti\u00f3 sobre un recorrido de 140 millas con rumbo directo hasta el CN Sant Antoni de Portmany en Ibiza. La flota agrup\u00f3 veleros representativos de 8 nacionalidades -Francia, Italia, Holanda, Suiza, Luxemburgo, Reino Unido, Alemania y B\u00e9lgica- y un total de 34 Clubes N\u00e1uticos, Marinas y asociaciones deportivas diferentes.<\/p>\n<p>Se proclam\u00f3 ganador absoluto el GS 50 \u00abMarjuin\u00bb de Pere Roquet Portella del CN del Bal\u00eds, con un registro de 20h\/06m\/40s para las 140 millas desde la salida, siendo la segunda plaza de la general del grupo para el \u00abDon\u2019t Ask\u00bb un First 50 de Alberto Fucale y la tercera de esta versi\u00f3n, para el \u00abBandido\u00bb, un Dehler 44 de Carlos y Juan Otamendi Busto del CN de Garraf.<\/p>\n<p style=\"text-align: center;\"><strong>Versi\u00f3n Barcelona<\/strong><\/p>\n<p><a title=\"0\" href=\"#\" rel=\"\"><img loading=\"lazy\" decoding=\"async\" class=\"alignleft\" style=\"float: left;\" title=\"0\" src=\"http:\/\/farm1.staticflickr.com\/886\/26421414747_1a359774a8.jpg\" alt=\"0\" width=\"320\" height=\"214\" \/><\/a><a title=\"0a\" href=\"#\" rel=\"\"><img loading=\"lazy\" decoding=\"async\" class=\"alignleft\" style=\"float: left;\" title=\"31 La Ruta de La Sal 2018\" src=\"http:\/\/farm1.staticflickr.com\/798\/40579835264_8ac24c42a6.jpg\" alt=\"0a\" width=\"320\" height=\"214\" \/><\/a><\/p>\n<div style=\"clear: both;\"><\/div>\n<p><a title=\"31 La Ruta de La Sal 2018\" href=\"#\" rel=\"\"><img loading=\"lazy\" decoding=\"async\" class=\"alignleft\" style=\"float: left;\" title=\"31 La Ruta de La Sal 2018\" src=\"http:\/\/farm1.staticflickr.com\/789\/40579834664_e45493e204.jpg\" alt=\"31 La Ruta de La Sal 2018\" width=\"320\" height=\"214\" \/><\/a><a title=\"31 La Ruta de La Sal 2018\" href=\"#\" rel=\"\"><img loading=\"lazy\" decoding=\"async\" class=\"alignleft\" style=\"float: left;\" title=\"31 La Ruta de La Sal 2018\" src=\"http:\/\/farm1.staticflickr.com\/819\/40579834554_fb434cc90f.jpg\" alt=\"31 La Ruta de La Sal 2018\" width=\"320\" height=\"214\" \/><\/a><a title=\"31 La Ruta de La Sal 2018\" href=\"#\" rel=\"\"><img loading=\"lazy\" decoding=\"async\" class=\"alignleft\" style=\"float: left;\" title=\"31 La Ruta de La Sal 2018\" src=\"http:\/\/farm1.staticflickr.com\/881\/40579834504_20dea224ec.jpg\" alt=\"31 La Ruta de La Sal 2018\" width=\"320\" height=\"214\" \/><\/a><a title=\"31 La Ruta de La Sal 2018\" href=\"#\" rel=\"\"><img loading=\"lazy\" decoding=\"async\" class=\"alignleft\" style=\"float: left;\" title=\"31 La Ruta de La Sal 2018\" src=\"http:\/\/farm1.staticflickr.com\/863\/40579834464_5b5da59b7b.jpg\" alt=\"31 La Ruta de La Sal 2018\" width=\"320\" height=\"214\" \/><\/a><a title=\"31 La Ruta de La Sal 2018\" href=\"#\" rel=\"\"><img loading=\"lazy\" decoding=\"async\" class=\"alignleft\" style=\"float: left;\" title=\"31 La Ruta de La Sal 2018\" src=\"http:\/\/farm1.staticflickr.com\/803\/40579834414_a6e1603a72.jpg\" alt=\"31 La Ruta de La Sal 2018\" width=\"320\" height=\"214\" \/><\/a><a title=\"31 La Ruta de La Sal 2018\" href=\"#\" rel=\"\"><img loading=\"lazy\" decoding=\"async\" class=\"alignleft\" style=\"float: left;\" title=\"31 La Ruta de La Sal 2018\" src=\"http:\/\/farm1.staticflickr.com\/801\/40579834314_b74cce9a4b.jpg\" alt=\"31 La Ruta de La Sal 2018\" width=\"320\" height=\"214\" \/><\/a><a title=\"31 La Ruta de La Sal 2018\" href=\"#\" rel=\"\"><img loading=\"lazy\" decoding=\"async\" class=\"alignleft\" style=\"float: left;\" title=\"31 La Ruta de La Sal 2018\" src=\"http:\/\/farm1.staticflickr.com\/877\/41250431512_3053ed885f.jpg\" alt=\"31 La Ruta de La Sal 2018\" width=\"320\" height=\"214\" \/><\/a><a title=\"31 La Ruta de La Sal 2018\" href=\"#\" rel=\"\"><img loading=\"lazy\" decoding=\"async\" class=\"alignleft\" style=\"float: left;\" title=\"31 La Ruta de La Sal 2018\" src=\"http:\/\/farm1.staticflickr.com\/879\/41250430892_284a4da6d4.jpg\" alt=\"31 La Ruta de La Sal 2018\" width=\"320\" height=\"214\" \/><\/a><a title=\"9a\" href=\"#\" rel=\"\"><img loading=\"lazy\" decoding=\"async\" class=\"alignleft\" style=\"float: left;\" title=\"9a\" src=\"http:\/\/farm1.staticflickr.com\/872\/39484092130_381bb692c7.jpg\" alt=\"9a\" width=\"320\" height=\"214\" \/><\/a><a title=\"23 (9)\" href=\"#\" rel=\"\"><img loading=\"lazy\" decoding=\"async\" class=\"alignleft\" style=\"float: left;\" title=\"23 (9)\" src=\"http:\/\/farm1.staticflickr.com\/816\/26421426937_663a855bce.jpg\" alt=\"23 (9)\" width=\"320\" height=\"214\" \/><\/a><a title=\"31 La Ruta de La Sal 2018\" href=\"#\" rel=\"\"><img loading=\"lazy\" decoding=\"async\" class=\"alignleft\" style=\"float: left;\" title=\"31 La Ruta de La Sal 2018\" src=\"http:\/\/farm1.staticflickr.com\/793\/40579834964_fa01c1823e.jpg\" alt=\"31 La Ruta de La Sal 2018\" width=\"320\" height=\"214\" \/><\/a><a title=\"31 La Ruta de La Sal 2018\" href=\"#\" rel=\"\"><img loading=\"lazy\" decoding=\"async\" class=\"alignleft\" style=\"float: left;\" title=\"31 La Ruta de La Sal 2018\" src=\"http:\/\/farm1.staticflickr.com\/872\/40579834904_1857dafcab.jpg\" alt=\"31 La Ruta de La Sal 2018\" width=\"320\" height=\"214\" \/><\/a><a title=\"16a\" href=\"#\" rel=\"\"><img loading=\"lazy\" decoding=\"async\" class=\"alignleft\" style=\"float: left;\" title=\"16a\" src=\"http:\/\/farm1.staticflickr.com\/874\/40579861274_5e1103d090.jpg\" alt=\"16a\" width=\"320\" height=\"214\" \/><\/a><a title=\"31 La Ruta de La Sal 2018\" href=\"#\" rel=\"\"><img loading=\"lazy\" decoding=\"async\" class=\"alignleft\" style=\"float: left;\" title=\"31 La Ruta de La Sal 2018\" src=\"http:\/\/farm1.staticflickr.com\/791\/40579834854_81ac41aefa.jpg\" alt=\"31 La Ruta de La Sal 2018\" width=\"320\" height=\"214\" \/><\/a><a title=\"31 La Ruta de La Sal 2018\" href=\"#\" rel=\"\"><img loading=\"lazy\" decoding=\"async\" class=\"alignleft\" style=\"float: left;\" title=\"31 La Ruta de La Sal 2018\" src=\"http:\/\/farm1.staticflickr.com\/886\/40579834814_da8648d61d.jpg\" alt=\"31 La Ruta de La Sal 2018\" width=\"320\" height=\"214\" \/><\/a><a title=\"17a\" href=\"#\" rel=\"\"><img loading=\"lazy\" decoding=\"async\" class=\"alignleft\" style=\"float: left;\" title=\"17a\" src=\"http:\/\/farm1.staticflickr.com\/792\/40579860704_43f78cedce.jpg\" alt=\"17a\" width=\"320\" height=\"214\" \/><\/a><a title=\"31 La Ruta de La Sal 2018\" href=\"#\" rel=\"\"><img loading=\"lazy\" decoding=\"async\" class=\"alignleft\" style=\"float: left;\" title=\"31 La Ruta de La Sal 2018\" src=\"http:\/\/farm1.staticflickr.com\/810\/40579834734_1382af8c67.jpg\" alt=\"31 La Ruta de La Sal 2018\" width=\"320\" height=\"214\" \/><\/a><a title=\"31 La Ruta de La Sal 2018\" href=\"#\" rel=\"\"><img loading=\"lazy\" decoding=\"async\" class=\"alignleft\" style=\"float: left;\" title=\"31 La Ruta de La Sal 2018\" src=\"http:\/\/farm1.staticflickr.com\/814\/40579834684_56c85f6217.jpg\" alt=\"31 La Ruta de La Sal 2018\" width=\"320\" height=\"214\" \/><\/a><a title=\"21\" href=\"#\" rel=\"\"><img loading=\"lazy\" decoding=\"async\" class=\"alignleft\" style=\"float: left;\" title=\"21\" src=\"http:\/\/farm1.staticflickr.com\/866\/40579859974_f5d41ff272.jpg\" alt=\"21\" width=\"320\" height=\"214\" \/><\/a><a title=\"23 (1)\" href=\"#\" rel=\"\"><img loading=\"lazy\" decoding=\"async\" class=\"alignleft\" style=\"float: left;\" title=\"23 (1)\" src=\"http:\/\/farm1.staticflickr.com\/815\/40579859314_90d0cecd4d.jpg\" alt=\"23 (1)\" width=\"320\" height=\"214\" \/><\/a><a title=\"23 (2)\" href=\"#\" rel=\"\"><img loading=\"lazy\" decoding=\"async\" class=\"alignleft\" style=\"float: left;\" title=\"23 (2)\" src=\"http:\/\/farm1.staticflickr.com\/799\/40579858684_5c9c4323a1.jpg\" alt=\"23 (2)\" width=\"320\" height=\"214\" \/><\/a><a title=\"23 (3)\" href=\"#\" rel=\"\"><img loading=\"lazy\" decoding=\"async\" class=\"alignleft\" style=\"float: left;\" title=\"23 (3)\" src=\"http:\/\/farm1.staticflickr.com\/885\/40579857714_91f30ca314.jpg\" alt=\"23 (3)\" width=\"320\" height=\"214\" \/><\/a><a title=\"23 (4)\" href=\"#\" rel=\"\"><img loading=\"lazy\" decoding=\"async\" class=\"alignleft\" style=\"float: left;\" title=\"23 (4)\" src=\"http:\/\/farm1.staticflickr.com\/793\/26421429727_cbedaa3d55.jpg\" alt=\"23 (4)\" width=\"320\" height=\"214\" \/><\/a><a title=\"23 (5)\" href=\"#\" rel=\"\"><img loading=\"lazy\" decoding=\"async\" class=\"alignleft\" style=\"float: left;\" title=\"23 (5)\" src=\"http:\/\/farm1.staticflickr.com\/795\/41250449362_416c4b4ec2.jpg\" alt=\"23 (5)\" width=\"320\" height=\"214\" \/><\/a><a title=\"23 (6)\" href=\"#\" rel=\"\"><img loading=\"lazy\" decoding=\"async\" class=\"alignleft\" style=\"float: left;\" title=\"23 (6)\" src=\"http:\/\/farm1.staticflickr.com\/805\/26421428517_b2af06434e.jpg\" alt=\"23 (6)\" width=\"320\" height=\"214\" \/><\/a><a title=\"23 (7)\" href=\"#\" rel=\"\"><img loading=\"lazy\" decoding=\"async\" class=\"alignleft\" style=\"float: left;\" title=\"23 (7)\" src=\"http:\/\/farm1.staticflickr.com\/800\/26421428027_38905ee60e.jpg\" alt=\"23 (7)\" width=\"320\" height=\"214\" \/><\/a><a title=\"23 (8)\" href=\"#\" rel=\"\"><img loading=\"lazy\" decoding=\"async\" class=\"alignleft\" style=\"float: left;\" title=\"23 (8)\" src=\"http:\/\/farm1.staticflickr.com\/805\/40579853504_91a9c5025a.jpg\" alt=\"23 (8)\" width=\"320\" height=\"214\" \/><\/a><a title=\"23 (9)\" href=\"#\" rel=\"\"><img loading=\"lazy\" decoding=\"async\" class=\"alignleft\" style=\"float: left;\" title=\"23 (9)\" src=\"http:\/\/farm1.staticflickr.com\/816\/26421426937_663a855bce.jpg\" alt=\"23 (9)\" width=\"320\" height=\"214\" \/><\/a><a title=\"23 (10)\" href=\"#\" rel=\"\"><img loading=\"lazy\" decoding=\"async\" class=\"alignleft\" style=\"float: left;\" title=\"23 (10)\" src=\"http:\/\/farm1.staticflickr.com\/888\/40579851694_ddafff2b63.jpg\" alt=\"23 (10)\" width=\"320\" height=\"214\" \/><\/a><a title=\"23 (11)\" href=\"#\" rel=\"\"><img loading=\"lazy\" decoding=\"async\" class=\"alignleft\" style=\"float: left;\" title=\"23 (11)\" src=\"http:\/\/farm1.staticflickr.com\/887\/40579850724_e4ec53feaa.jpg\" alt=\"23 (11)\" width=\"320\" height=\"214\" \/><\/a><a title=\"24 (2)\" href=\"#\" rel=\"\"><img loading=\"lazy\" decoding=\"async\" class=\"alignleft\" style=\"float: left;\" title=\"24 (2)\" src=\"http:\/\/farm1.staticflickr.com\/803\/27420990518_f19460ff7e.jpg\" alt=\"24 (2)\" width=\"320\" height=\"214\" \/><\/a><a title=\"24 (2b)\" href=\"#\" rel=\"\"><img loading=\"lazy\" decoding=\"async\" class=\"alignleft\" style=\"float: left;\" title=\"24 (2b)\" src=\"http:\/\/farm1.staticflickr.com\/786\/27420990158_e01476d545.jpg\" alt=\"24 (2b)\" width=\"320\" height=\"214\" \/><\/a><a title=\"24 (3)\" href=\"#\" rel=\"\"><img loading=\"lazy\" decoding=\"async\" class=\"alignleft\" style=\"float: left;\" title=\"24 (3)\" src=\"http:\/\/farm1.staticflickr.com\/817\/27420989758_1b867aef5a.jpg\" alt=\"24 (3)\" width=\"320\" height=\"214\" \/><\/a><a title=\"24 (4)\" href=\"#\" rel=\"\"><img loading=\"lazy\" decoding=\"async\" class=\"alignleft\" style=\"float: left;\" title=\"24 (4)\" src=\"http:\/\/farm1.staticflickr.com\/804\/27420989318_9878b35f12.jpg\" alt=\"24 (4)\" width=\"320\" height=\"214\" \/><\/a><a title=\"24 (5)\" href=\"#\" rel=\"\"><img loading=\"lazy\" decoding=\"async\" class=\"alignleft\" style=\"float: left;\" title=\"24 (5)\" src=\"http:\/\/farm1.staticflickr.com\/871\/40579847464_6ffccffa68.jpg\" alt=\"24 (5)\" width=\"320\" height=\"214\" \/><\/a><a title=\"24 (7)\" href=\"#\" rel=\"\"><img loading=\"lazy\" decoding=\"async\" class=\"alignleft\" style=\"float: left;\" title=\"24 (7)\" src=\"http:\/\/farm1.staticflickr.com\/808\/40579846584_969b944870.jpg\" alt=\"24 (7)\" width=\"320\" height=\"214\" \/><\/a><a title=\"24 (8)\" href=\"#\" rel=\"\"><img loading=\"lazy\" decoding=\"async\" class=\"alignleft\" style=\"float: left;\" title=\"24 (8)\" src=\"http:\/\/farm1.staticflickr.com\/814\/27420987908_a4f5472c65.jpg\" alt=\"24 (8)\" width=\"320\" height=\"214\" \/><\/a><a title=\"24 (9)\" href=\"#\" rel=\"\"><img loading=\"lazy\" decoding=\"async\" class=\"alignleft\" style=\"float: left;\" title=\"24 (9)\" src=\"http:\/\/farm1.staticflickr.com\/892\/40579844824_d01f2f2cbb.jpg\" alt=\"24 (9)\" width=\"320\" height=\"214\" \/><\/a><a title=\"24 (10)\" href=\"#\" rel=\"\"><img loading=\"lazy\" decoding=\"async\" class=\"alignleft\" style=\"float: left;\" title=\"24 (10)\" src=\"http:\/\/farm1.staticflickr.com\/882\/27420986808_bd1223b5c4.jpg\" alt=\"24 (10)\" width=\"320\" height=\"214\" \/><\/a><a title=\"24 (11)\" href=\"#\" rel=\"\"><img loading=\"lazy\" decoding=\"async\" class=\"alignleft\" style=\"float: left;\" title=\"24 (11)\" src=\"http:\/\/farm1.staticflickr.com\/785\/26421420277_99a8db53db.jpg\" alt=\"24 (11)\" width=\"320\" height=\"214\" \/><\/a><a title=\"25 (1)\" href=\"#\" rel=\"\"><img loading=\"lazy\" decoding=\"async\" class=\"alignleft\" style=\"float: left;\" title=\"25 (1)\" src=\"http:\/\/farm1.staticflickr.com\/880\/26421419697_e95b9117a0.jpg\" alt=\"25 (1)\" width=\"320\" height=\"214\" \/><\/a><a title=\"25 (2)\" href=\"#\" rel=\"\"><img loading=\"lazy\" decoding=\"async\" class=\"alignleft\" style=\"float: left;\" title=\"25 (2)\" src=\"http:\/\/farm1.staticflickr.com\/785\/26421418947_2cf7b3f973.jpg\" alt=\"25 (2)\" width=\"320\" height=\"214\" \/><\/a><a title=\"25 (3)\" href=\"#\" rel=\"\"><img loading=\"lazy\" decoding=\"async\" class=\"alignleft\" style=\"float: left;\" title=\"25 (3)\" src=\"http:\/\/farm1.staticflickr.com\/794\/26421418407_b1895f9e3f.jpg\" alt=\"25 (3)\" width=\"320\" height=\"214\" \/><\/a><a title=\"25 (4)\" href=\"#\" rel=\"\"><img loading=\"lazy\" decoding=\"async\" class=\"alignleft\" style=\"float: left;\" title=\"25 (4)\" src=\"http:\/\/farm1.staticflickr.com\/807\/26421417957_5506030790.jpg\" alt=\"25 (4)\" width=\"320\" height=\"214\" \/><\/a><a title=\"25 (5)\" href=\"#\" rel=\"\"><img loading=\"lazy\" decoding=\"async\" class=\"alignleft\" style=\"float: left;\" title=\"25 (5)\" src=\"http:\/\/farm1.staticflickr.com\/788\/27420984208_d05e28aa14.jpg\" alt=\"25 (5)\" width=\"320\" height=\"214\" \/><\/a><a title=\"25 (6)\" href=\"#\" rel=\"\"><img loading=\"lazy\" decoding=\"async\" class=\"alignleft\" style=\"float: left;\" title=\"25 (6)\" src=\"http:\/\/farm1.staticflickr.com\/874\/40579837834_5bc337807a.jpg\" alt=\"25 (6)\" width=\"320\" height=\"214\" \/><\/a><a title=\"25 (7)\" href=\"#\" rel=\"\"><img loading=\"lazy\" decoding=\"async\" class=\"alignleft\" style=\"float: left;\" title=\"25 (7)\" src=\"http:\/\/farm1.staticflickr.com\/902\/40579837224_6140ffbc33.jpg\" alt=\"25 (7)\" width=\"320\" height=\"214\" \/><\/a><a title=\"40\" href=\"#\" rel=\"\"><img loading=\"lazy\" decoding=\"async\" class=\"alignleft\" style=\"float: left;\" title=\"40\" src=\"http:\/\/farm1.staticflickr.com\/870\/41250436872_158d35a467.jpg\" alt=\"40\" width=\"320\" height=\"214\" \/><\/a><a title=\"41\" href=\"#\" rel=\"\"><img loading=\"lazy\" decoding=\"async\" class=\"alignleft\" style=\"float: left;\" title=\"41\" src=\"http:\/\/farm1.staticflickr.com\/816\/26421415517_9fe1c1e9fd.jpg\" alt=\"41\" width=\"320\" height=\"214\" \/><\/a><a title=\"42\" href=\"#\" rel=\"\"><img loading=\"lazy\" decoding=\"async\" class=\"alignleft\" style=\"float: left;\" title=\"42\" src=\"http:\/\/farm1.staticflickr.com\/890\/40579835794_211d4e2ecd.jpg\" alt=\"42\" width=\"320\" height=\"214\" \/><\/a><\/p>\n<div style=\"clear: both;\"><\/div>\n<p>La <strong>Versi\u00f3n Denia<\/strong>, disputada sobre un circuito de 120 millas, que implicaba dejar la Isla de Formentera y Tagomago por babor y, navegando por la costa norte de Ibiza, llegar hasta Sant Antoni, logr\u00f3 registrar una inscripci\u00f3n de 96 embarcaciones procedentes de unos 43 Clubes N\u00e1uticos y Marinas diferentes, tripuladas por 565 deportistas. La flota con pabellones extranjeros aline\u00f3 21 desaf\u00edos representando a 9 nacionalidades diferentes: Alemania, Irlanda, B\u00e9lgica, Holanda, Francia, Reino Unido, Finlandia, Portugal, e Italia.<\/p>\n<p>Se proclam\u00f3 campe\u00f3n, el First 50 \u00abC\u00f3ndor de Javea\u00bb de Carlos Fern\u00e1ndez-Martos del CN de Javea, un equipo con un gran historial deportivo en La Sal \u2013 primero en tiempo real de la Versi\u00f3n Este de La Sal del 2014- que cruz\u00f3 la l\u00ednea de llegada en Cap Negret a las 08h, 22m, 23 s, del viernes 30 de marzo del 2018 lo que les permiti\u00f3 cubrir las 120 millas de esta largada en un tiempo de 18h\/22m\/23s. La segunda plaza en este recorrido ha sido para el \u00abN\u00e1utic Caf\u00e9 del Mar\u00bb un Espada 34 del armador ibicenco Juan Carlos Sanchis del CN de Sant Antoni, quien ya gan\u00f3 las ediciones del 2013 y 2014 de la Versi\u00f3n Este de La Sal. Cerrando el podio, en tercer lugar, el brit\u00e1nico \u00abJumbuck\u00bb un J109 de John Alison del RORC.<\/p>\n<p style=\"text-align: center;\"><strong>Versi\u00f3n Denia<\/strong><\/p>\n<p><a title=\"21 Denia\" href=\"#\" rel=\"\"><img loading=\"lazy\" decoding=\"async\" class=\"alignleft\" style=\"float: left;\" title=\"21 Denia\" src=\"http:\/\/farm1.staticflickr.com\/885\/40580346804_4530f18037.jpg\" alt=\"21 Denia\" width=\"320\" height=\"218\" \/><\/a><a title=\"22 Denia\" href=\"#\" rel=\"\"><img loading=\"lazy\" decoding=\"async\" class=\"alignleft\" style=\"float: left;\" title=\"22 Denia\" src=\"http:\/\/farm1.staticflickr.com\/799\/39484475730_7ce59f4052.jpg\" alt=\"22 Denia\" width=\"320\" height=\"218\" \/><\/a><\/p>\n<p>En la <strong>salida desde el Puerto de Andratx,<\/strong> se reuni\u00f3 una flota de 33 embarcaciones representando a 17 Clubes N\u00e1uticos y Marinas diferentes; 170 tripulantes, y una participaci\u00f3n extranjera de 10 embarcaciones, en su mayor\u00eda barcos de residentes comunitarios con base en los puertos del archipi\u00e9lago, representando a 5 nacionalidades distintas: Holanda, Reino Unido, Francia, B\u00e9lgica y Alemania.<\/p>\n<p>Venci\u00f3 el Sun Fast 3600 alem\u00e1n \u00abYolo\u00bb de Kai-Uwe Holweg, que con un registro de 19h\/27m\/35s en las 103 millas desde la salida en Puerto de Andratx en Mallorca se impuso al X-382 del RCN de Palma \u00abYa badana Too\u00bb de Martin Aizcobe, segundo en la general de esta salida, y al Swan 56 \u00abClem-Grupo Inmobiliario El Encinar\u00bb de Jaime Olazabal de CM de Mallorca, tercero del grupo y ganador en tiempo real de esta Versi\u00f3n Mallorca de La Sal 2018.<\/p>\n<p style=\"text-align: center;\"><strong>Versi\u00f3n Mallorca<\/strong><\/p>\n<p><a title=\"23 Mallorca\" href=\"#\" rel=\"\"><img loading=\"lazy\" decoding=\"async\" class=\"alignleft\" style=\"float: left;\" title=\"23 Mallorca\" src=\"http:\/\/farm1.staticflickr.com\/809\/39484497540_0634015809.jpg\" alt=\"23 Mallorca\" width=\"320\" height=\"180\" \/><\/a><a title=\"24 Mallorca\" href=\"#\" rel=\"\"><img loading=\"lazy\" decoding=\"async\" class=\"alignleft\" style=\"float: left;\" title=\"24 Mallorca\" src=\"http:\/\/farm1.staticflickr.com\/895\/39484496880_aa8fd5d415.jpg\" alt=\"24 Mallorca\" width=\"320\" height=\"180\" \/><\/a><a title=\"25 Mallorca\" href=\"#\" rel=\"\"><img loading=\"lazy\" decoding=\"async\" class=\"alignleft\" style=\"float: left;\" title=\"25 Mallorca\" src=\"http:\/\/farm1.staticflickr.com\/807\/39484496500_324ea9dfe3.jpg\" alt=\"25 Mallorca\" width=\"320\" height=\"180\" \/><\/a><a title=\"26 Mallorca\" href=\"#\" rel=\"\"><img loading=\"lazy\" decoding=\"async\" class=\"alignleft\" style=\"float: left;\" title=\"26 Mallorca\" src=\"http:\/\/farm1.staticflickr.com\/902\/39484495930_29afb9a6d7.jpg\" alt=\"26 Mallorca\" width=\"320\" height=\"180\" \/><\/a><\/p>\n<div style=\"clear: both;\"><\/div>\n<p><a title=\"26A\" href=\"#\" rel=\"\"><img loading=\"lazy\" decoding=\"async\" class=\"alignleft\" style=\"float: left;\" title=\"26A\" src=\"http:\/\/farm1.staticflickr.com\/884\/39484495540_365362ce5e.jpg\" alt=\"26A\" width=\"320\" height=\"180\" \/><\/a><a title=\"27 Mallorca\" href=\"#\" rel=\"\"><img loading=\"lazy\" decoding=\"async\" class=\"alignleft\" style=\"float: left;\" title=\"27 Mallorca\" src=\"http:\/\/farm1.staticflickr.com\/819\/41250975382_ed110c5db0.jpg\" alt=\"27 Mallorca\" width=\"320\" height=\"180\" \/><\/a><a title=\"28a Mallorca\" href=\"#\" rel=\"\"><img loading=\"lazy\" decoding=\"async\" class=\"alignleft\" style=\"float: left;\" title=\"28a Mallorca\" src=\"http:\/\/farm1.staticflickr.com\/888\/41250974352_626433e50a.jpg\" alt=\"28a Mallorca\" width=\"320\" height=\"180\" \/><\/a><a title=\"29 Mallorca\" href=\"#\" rel=\"\"><img loading=\"lazy\" decoding=\"async\" class=\"alignleft\" style=\"float: left;\" title=\"29 Mallorca\" src=\"http:\/\/farm1.staticflickr.com\/884\/40397464015_f41f54df55.jpg\" alt=\"29 Mallorca\" width=\"320\" height=\"180\" \/><\/a><\/p>\n<div style=\"clear: both;\"><\/div>\n<p>En esta salida defend\u00eda el t\u00edtulo de vencedor da la convocatoria del 2017 el Swan 56 \u00abClem-Grupo Inmobiliario El Encinar\u00bb de Jaime Olabazal del Club de Mar de Mallorca, un equipo con much\u00edsima experiencia en la navegaci\u00f3n oce\u00e1nica, con un palmar\u00e9s internacional extraordinario, ganador absoluto de la Versi\u00f3n Norte de La Ruta de la Sal \u2013 Versi\u00f3n Barcelona &#8211; en el 2009 y 2010, a\u00f1o este \u00faltimo que tambi\u00e9n fue ganador en Tiempo Real y ganador en Real en la Versi\u00f3n Este \u2013 Versi\u00f3n Denia &#8211; del 2013, convocatoria en la que logr\u00f3 la tercera plaza en la general absoluta de esta largada.<\/p>\n<p>La Versi\u00f3n Mallorca se naveg\u00f3 sobre la base de un recorrido desde el Puerto de Andratx hasta St. Antoni de Portmany, dejando por estribor las islas de Tagomago, Formentera, Es Vedr\u00e1, Bledas y Conejera. Unas 103 millas de singladura que, en este caso fueron muy, muy complicadas de negociar.<\/p>\n<p style=\"text-align: center;\"><strong>Vencedores en Tiempo Real<\/strong><\/p>\n<div style=\"clear: both;\"><\/div>\n<div style=\"width: 330px\" class=\"wp-caption alignleft\"><a class=\"alignleft\" style=\"float: left;\" title=\"caro\" rel=\"\"><img loading=\"lazy\" decoding=\"async\" class=\"aligncenter\" title=\"caro\" src=\"http:\/\/farm1.staticflickr.com\/786\/41110970581_b03a02b7b8_z.jpg\" alt=\"caro\" width=\"320\" height=\"180\" \/><\/a><p class=\"wp-caption-text\">\u00abCaro\u00bb de Maximilian Klink<\/p><\/div>\n<div style=\"width: 330px\" class=\"wp-caption alignleft\"><a class=\"alignleft\" style=\"float: left;\" title=\"Dos Much\" rel=\"\"><img loading=\"lazy\" decoding=\"async\" class=\"aligncenter\" title=\"Two Much\" src=\"http:\/\/farm1.staticflickr.com\/818\/39302841030_5e36618936_z.jpg\" alt=\"Dos Much\" width=\"320\" height=\"180\" \/><\/a><p class=\"wp-caption-text\">X65 P \u00abDos Much\u00bb del mallorqu\u00edn Joan Segui<\/p><\/div>\n<div style=\"width: 330px\" class=\"wp-caption aligncenter\"><a class=\"alignleft\" style=\"float: left;\" title=\"Clem\" rel=\"\"><img loading=\"lazy\" decoding=\"async\" class=\"aligncenter\" title=\"caro\" src=\"http:\/\/farm1.staticflickr.com\/894\/40216708015_0601e76ae3_z.jpg\" alt=\"Clem\" width=\"320\" height=\"214\" \/><\/a><p class=\"wp-caption-text\">El Swam 56 \u00abClem\u00bb de Jaime Olabazal<\/p><\/div>\n<div style=\"clear: both;\"><\/div>\n<p>En tiempo real victorias, en esta 31 edici\u00f3n de La Sal, del Bot\u00edn 65 \u00abCaro\u00bb del alem\u00e1n M\u00e1ximilian Klink, con un registro de 16h\/39m\/20s en las 140 millas desde la salida en Port Ginesta en Barcelona. Siendo, tambi\u00e9n el primer barco de todas las flotas en competici\u00f3n de La Sal 2018 en cruzar la l\u00ednea de llegada, en Cap Negret, en Sant Antoni de Portmany, a las 03h,39m,20m del viernes 30 de marzo del 2018. El X65 P \u00ab2 Much-Pelotari Project\u00bb del mallorqu\u00edn Joan Segu\u00ed del RCN del Puerto de Pollensa, que con un crono de 16h\/23m\/29s se proclam\u00f3 vencedor en tiempo real de la Versi\u00f3n Denia de La Sal 2018, y en la Versi\u00f3n Mallorca con un tiempo real de 18h\/44m\/20s el Swan 56 \u00abClem-Grupo Inmobiliario El Encinar\u00bb de Jaime Olazabal del CM de Mallorca.<\/p>\n<p style=\"text-align: center;\"><strong>Linea de Llegada en Cap Negret<\/strong><\/p>\n<p><a title=\"31 La Ruta de La Sal 2018\" href=\"#\" rel=\"\"><img loading=\"lazy\" decoding=\"async\" class=\"alignleft\" style=\"float: left;\" title=\"31 La Ruta de La Sal 2018\" src=\"http:\/\/farm1.staticflickr.com\/790\/41294156861_9456277cf1.jpg\" alt=\"31 La Ruta de La Sal 2018\" width=\"320\" height=\"214\" \/><\/a><a title=\"31 La Ruta de La Sal 2018\" href=\"#\" rel=\"\"><img loading=\"lazy\" decoding=\"async\" class=\"alignleft\" style=\"float: left;\" title=\"31 La Ruta de La Sal 2018\" src=\"http:\/\/farm1.staticflickr.com\/787\/27421624528_2bbf905d8b.jpg\" alt=\"31 La Ruta de La Sal 2018\" width=\"320\" height=\"214\" \/><\/a><a title=\"_AFB6133\" href=\"#\" rel=\"\"><img loading=\"lazy\" decoding=\"async\" class=\"aligncenter\" title=\"_AFB6133\" src=\"http:\/\/farm1.staticflickr.com\/800\/26422187687_2c00d2530f.jpg\" alt=\"_AFB6133\" width=\"320\" height=\"214\" \/><\/a><\/p>\n<div style=\"clear: both;\"><\/div>\n<p>Destacar que \u00abCaro\u00bb, de Maximilian Klink, defendi\u00f3 los resultados y t\u00edtulos de las dos \u00faltimas ediciones: en la cita del 2016, logr\u00f3 acumular tanto la victoria en tiempo real como la de ganador absoluto en la general de este recorrido. Mientras que, en la convocatoria del 2017, coincidiendo con el 30 aniversario de la regata, result\u00f3 ganador en tiempo real y segundo en la clasificaci\u00f3n general de la Versi\u00f3n Barcelona.<\/p>\n<p>Un equipo cuyo historial deportivo en La Sal se remonta a la prueba del 2007 en la que Maximilian Klink logr\u00f3 proclamarse, con su J&amp;V50 \u201cCaro\u201d, vencedor absoluto en tiempo real y compensado de la Versi\u00f3n Norte -ahora Versi\u00f3n Barcelona- de La Sal, lo que le convirti\u00f3 en el primer equipo extranjero que lograba vencer en la regata. En el 2011, nuevamente con su J&amp;V50 \u201cCaro\u201d fue el m\u00e1s r\u00e1pido en cubrir las 140 millas desde Port Ginesta hasta San Antoni de Portmany con un registro, de tan solo 13 horas, 18 minutos y 54 segundos. Acreditando una velocidad media durante toda traves\u00eda superior a los 10,70 nudos. Estableciendo un r\u00e9cord para esta singladura que, normalmente, ser\u00e1 muy dif\u00edcil de superar.<\/p>\n<p style=\"text-align: center;\"><strong>Village Ibiza<\/strong><\/p>\n<p><a title=\"1\" href=\"#\" rel=\"\"><img loading=\"lazy\" decoding=\"async\" class=\"alignleft\" style=\"float: left;\" title=\"1\" src=\"http:\/\/farm1.staticflickr.com\/871\/26422269457_8fb7306769.jpg\" alt=\"1\" width=\"320\" height=\"214\" \/><\/a><a title=\"2\" href=\"#\" rel=\"\"><img loading=\"lazy\" decoding=\"async\" class=\"alignleft\" style=\"float: left;\" title=\"2\" src=\"http:\/\/farm1.staticflickr.com\/796\/40397747795_177d6a43d7.jpg\" alt=\"2\" width=\"320\" height=\"214\" \/><\/a><a title=\"3\" href=\"#\" rel=\"\"><img loading=\"lazy\" decoding=\"async\" class=\"alignleft\" style=\"float: left;\" title=\"3\" src=\"http:\/\/farm1.staticflickr.com\/802\/26422268907_b7cf0e6aec.jpg\" alt=\"3\" width=\"320\" height=\"214\" \/><\/a><a title=\"4\" href=\"#\" rel=\"\"><img loading=\"lazy\" decoding=\"async\" class=\"alignleft\" style=\"float: left;\" title=\"4\" src=\"http:\/\/farm1.staticflickr.com\/896\/40397747105_40632c9a11.jpg\" alt=\"4\" width=\"320\" height=\"214\" \/><\/a><a title=\"5\" href=\"#\" rel=\"\"><img loading=\"lazy\" decoding=\"async\" class=\"alignleft\" style=\"float: left;\" title=\"5\" src=\"http:\/\/farm1.staticflickr.com\/871\/40397746795_438740f4b7.jpg\" alt=\"5\" width=\"320\" height=\"214\" \/><\/a><a title=\"6\" href=\"#\" rel=\"\"><img loading=\"lazy\" decoding=\"async\" class=\"alignleft\" style=\"float: left;\" title=\"6\" src=\"http:\/\/farm1.staticflickr.com\/820\/26422263887_c500fb8e34.jpg\" alt=\"6\" width=\"320\" height=\"214\" \/><\/a><\/p>\n<p style=\"text-align: center;\"><strong>Ambiente pantalanes Ibiza<\/strong><\/p>\n<p><a title=\"31 La Ruta de La Sal 2018\" href=\"#\" rel=\"\"><img loading=\"lazy\" decoding=\"async\" class=\"alignleft\" style=\"float: left;\" title=\"31 La Ruta de La Sal 2018\" src=\"http:\/\/farm1.staticflickr.com\/791\/40397771055_443426d557.jpg\" alt=\"31 La Ruta de La Sal 2018\" width=\"320\" height=\"214\" \/><\/a><a title=\"31 La Ruta de La Sal 2018\" href=\"#\" rel=\"\"><img loading=\"lazy\" decoding=\"async\" class=\"alignleft\" style=\"float: left;\" title=\"31 La Ruta de La Sal 2018\" src=\"http:\/\/farm1.staticflickr.com\/810\/41251258512_f8afb1ab74.jpg\" alt=\"31 La Ruta de La Sal 2018\" width=\"320\" height=\"214\" \/><\/a><a title=\"31 La Ruta de La Sal 2018\" href=\"#\" rel=\"\"><img loading=\"lazy\" decoding=\"async\" class=\"alignleft\" style=\"float: left;\" title=\"31 La Ruta de La Sal 2018\" src=\"http:\/\/farm1.staticflickr.com\/866\/41251258472_197a4e0e31.jpg\" alt=\"31 La Ruta de La Sal 2018\" width=\"320\" height=\"214\" \/><\/a><a title=\"31 La Ruta de La Sal 2018\" href=\"#\" rel=\"\"><img loading=\"lazy\" decoding=\"async\" class=\"alignleft\" style=\"float: left;\" title=\"31 La Ruta de La Sal 2018\" src=\"http:\/\/farm1.staticflickr.com\/899\/41294262501_465800bcc9.jpg\" alt=\"31 La Ruta de La Sal 2018\" width=\"320\" height=\"214\" \/><\/a><\/p>\n<p>El X-65 Performance, \u00ab2 Much-Pelotari Project\u00bb de Joan Segu\u00ed, vencedor en tiempo real de la Versi\u00f3n Denia de La Sal 18, ya fue ganador en Tiempo Real de la Versi\u00f3n Este de la Sal -ahora Versi\u00f3n Denia- en la edici\u00f3n del 2011.<\/p>\n<p>En general, unos vencedores en tiempo real, para esta edici\u00f3n de La Ruta de la Sal, acreditativos, en todos los casos, de una gran experiencia en la navegaci\u00f3n de altura. Unos equipos potentes que supieron negociar magistralmente una meteorol\u00f3gica muy complicada.<\/p>\n<p style=\"text-align: center;\"><strong>Fiesta de Bienvenida en Rio Ibiza<\/strong><\/p>\n<p><a title=\"WhatsApp Image 2018-03-31 at 00.40.56\" href=\"#\" rel=\"\"><img loading=\"lazy\" decoding=\"async\" class=\"alignleft\" style=\"float: left;\" title=\"WhatsApp Image 2018-03-31 at 00.40.56\" src=\"http:\/\/farm1.staticflickr.com\/786\/40229098525_2f483a4836.jpg\" alt=\"WhatsApp Image 2018-03-31 at 00.40.56\" width=\"320\" height=\"214\" \/><\/a><a title=\"WhatsApp Image 2018-03-31 at 00.40.56 (1)\" href=\"#\" rel=\"\"><img loading=\"lazy\" decoding=\"async\" class=\"alignleft\" style=\"float: left;\" title=\"WhatsApp Image 2018-03-31 at 00.40.56 (1)\" src=\"http:\/\/farm1.staticflickr.com\/884\/27250949708_4fed5ac6cc.jpg\" alt=\"WhatsApp Image 2018-03-31 at 00.40.56 (1)\" width=\"320\" height=\"214\" \/><\/a><a title=\"WhatsApp Image 2018-03-31 at 00.40.56 (2)\" href=\"#\" rel=\"\"><img loading=\"lazy\" decoding=\"async\" class=\"alignleft\" style=\"float: left;\" title=\"WhatsApp Image 2018-03-31 at 00.40.56 (2)\" src=\"http:\/\/farm1.staticflickr.com\/801\/40229098635_4d66fffb27.jpg\" alt=\"WhatsApp Image 2018-03-31 at 00.40.56 (2)\" width=\"320\" height=\"129\" \/><\/a><a title=\"WhatsApp Image 2018-03-31 at 00.40.08\" href=\"#\" rel=\"\"><img loading=\"lazy\" decoding=\"async\" class=\"alignleft\" style=\"float: left;\" title=\"\" src=\"http:\/\/farm1.staticflickr.com\/872\/40229098415_cdd9fe6289.jpg\" alt=\"\" width=\"320\" height=\"162\" \/><\/a><\/p>\n<p style=\"text-align: center;\"><strong>Rueda de prensa en el CN Sant Antoni<\/strong><\/p>\n<div style=\"clear: both;\"><\/div>\n<div style=\"width: 330px\" class=\"wp-caption alignleft\"><a title=\"C\u00f3ndor de Javea\" href=\"https:\/\/www.flickr.com\/photos\/circuitoanam\/26284446307\/in\/dateposted-public\/\" rel=\"\"><img loading=\"lazy\" decoding=\"async\" class=\"alignleft\" title=\"C\u00f3ndor de Javea\" src=\"http:\/\/farm1.staticflickr.com\/893\/26284446307_f7c2d4d7b9.jpg\" alt=\"C\u00f3ndor de Javea\" width=\"320\" height=\"214\" \/><\/a><p class=\"wp-caption-text\">C\u00f3ndor de Javea<\/p><\/div>\n<div style=\"width: 330px\" class=\"wp-caption alignleft\"><img loading=\"lazy\" decoding=\"async\" class=\"alignleft\" title=\"Marjuin\" src=\"http:\/\/farm1.staticflickr.com\/806\/40444325964_85b41447f9.jpg\" alt=\"Marjuin\" width=\"304\" height=\"214\" \/><p class=\"wp-caption-text\">Marjuin<\/p><\/div>\n<div style=\"clear: both;\"><\/div>\n<p>Superadas ya las exaltaciones de la competici\u00f3n, ya con todos los barcos en puerto, Enrique G\u00f3mez Curt, Director de La Ruta de la Sal, durante el acto de entrega de premios de esta 31 edici\u00f3n de la regata, destac\u00f3, fundamentalmente como navegante experto, con muchas millas de navegaci\u00f3n en competiciones de altura, que en esta ocasi\u00f3n, al margen de los resultados, de alguna manera todos los equipos que lograron terminar la regata fueron los aut\u00e9nticos campeones. Que el hecho de terminar en las circunstancias en las que se hab\u00eda desarrollado la competici\u00f3n era un m\u00e9rito suficiente para acreditar un rendimiento deportivo notable. Habl\u00f3 tambi\u00e9n de una flota que en esta edici\u00f3n incorporaba muchos equipos que nunca hab\u00edan participado en La Sal, con embarcaciones muy punteras y preparadas para competir al m\u00e1ximo nivel. Lo que hace prever que, de cara a los pr\u00f3ximos a\u00f1os, el nivel de la competici\u00f3n ser\u00e1 cada vez m\u00e1s exigente, y la regata m\u00e1s din\u00e1mica y cargada de atractivos deportivos.<\/p>\n<p style=\"text-align: center;\"><strong>Entrega de Trofeos 31 edici\u00f3n La Ruta de la Sal<\/strong><\/p>\n<p><a title=\"31 La Ruta de La Sal 2018\" href=\"#\" rel=\"\"><img loading=\"lazy\" decoding=\"async\" class=\"alignleft\" style=\"float: left;\" title=\"31 La Ruta de La Sal 2018\" src=\"http:\/\/farm1.staticflickr.com\/792\/41251281442_ef8791a9a8.jpg\" alt=\"31 La Ruta de La Sal 2018\" width=\"320\" height=\"214\" \/><\/a><a title=\"31 La Ruta de La Sal 2018\" href=\"#\" rel=\"\"><img loading=\"lazy\" decoding=\"async\" class=\"alignleft\" style=\"float: left;\" title=\"31 La Ruta de La Sal 2018\" src=\"http:\/\/farm1.staticflickr.com\/879\/26422307497_835983a63c.jpg\" alt=\"31 La Ruta de La Sal 2018\" width=\"320\" height=\"214\" \/><\/a><a title=\"31 La Ruta de La Sal 2018\" href=\"#\" rel=\"\"><img loading=\"lazy\" decoding=\"async\" class=\"alignleft\" style=\"float: left;\" title=\"31 La Ruta de La Sal 2018\" src=\"http:\/\/farm1.staticflickr.com\/801\/26422307597_5d213c4d98.jpg\" alt=\"31 La Ruta de La Sal 2018\" width=\"320\" height=\"214\" \/><\/a><a title=\"31 La Ruta de La Sal 2018\" href=\"#\" rel=\"\"><img loading=\"lazy\" decoding=\"async\" class=\"alignleft\" style=\"float: left;\" title=\"31 La Ruta de La Sal 2018\" src=\"http:\/\/farm1.staticflickr.com\/793\/26422307567_ca7b30685e.jpg\" alt=\"31 La Ruta de La Sal 2018\" width=\"320\" height=\"214\" \/><\/a><a title=\"31 La Ruta de La Sal 2018\" href=\"#\" rel=\"\"><img loading=\"lazy\" decoding=\"async\" class=\"alignleft\" style=\"float: left;\" title=\"31 La Ruta de La Sal 2018\" src=\"http:\/\/farm1.staticflickr.com\/819\/41251281752_0364e0a0ec.jpg\" alt=\"31 La Ruta de La Sal 2018\" width=\"320\" height=\"214\" \/><\/a><a title=\"31 La Ruta de La Sal 2018\" href=\"#\" rel=\"\"><img loading=\"lazy\" decoding=\"async\" class=\"alignleft\" style=\"float: left;\" title=\"31 La Ruta de La Sal 2018\" src=\"http:\/\/farm1.staticflickr.com\/814\/26422307517_83ef6e8ae6.jpg\" alt=\"31 La Ruta de La Sal 2018\" width=\"320\" height=\"214\" \/><\/a><\/p>\n<div style=\"clear: both;\"><\/div>\n<div style=\"width: 650px\" class=\"wp-caption aligncenter\"><a title=\"Vencedores Absolutos\" href=\"https:\/\/www.flickr.com\/photos\/circuitoanam\/39346276750\/in\/dateposted-public\/\" rel=\"\"><img loading=\"lazy\" decoding=\"async\" class=\"aligncenter\" title=\"Vencedores Absolutos\" src=\"http:\/\/farm1.staticflickr.com\/867\/39346276750_10f532b59b_z.jpg\" alt=\"Vencedores Absolutos\" width=\"640\" height=\"420\" \/><\/a><p class=\"wp-caption-text\">Vencedores Absolutos<\/p><\/div>\n<div style=\"width: 650px\" class=\"wp-caption aligncenter\"><a title=\"Vencedores en tiempo real\" href=\"https:\/\/www.flickr.com\/photos\/circuitoanam\/40443643604\/in\/dateposted-public\/\" rel=\"\"><img loading=\"lazy\" decoding=\"async\" class=\"aligncenter\" title=\"Vencedores en tiempo real\" src=\"http:\/\/farm1.staticflickr.com\/886\/40443643604_4d7930bcf8_z.jpg\" alt=\"Vencedores en tiempo real\" width=\"640\" height=\"420\" \/><\/a><p class=\"wp-caption-text\">Vencedores en tiempo real<\/p><\/div>\n<div style=\"clear: both;\"><\/div>\n<p><a title=\"31 La Ruta de La Sal 2018\" href=\"#\" rel=\"\"><img loading=\"lazy\" decoding=\"async\" class=\"alignleft\" style=\"float: left;\" title=\"31 La Ruta de La Sal 2018\" src=\"http:\/\/farm1.staticflickr.com\/819\/40580829054_14f012fc04.jpg\" alt=\"31 La Ruta de La Sal 2018\" width=\"320\" height=\"214\" \/><\/a><a title=\"31 La Ruta de La Sal 2018\" href=\"#\" rel=\"\"><img loading=\"lazy\" decoding=\"async\" class=\"alignleft\" style=\"float: left;\" title=\"31 La Ruta de La Sal 2018\" src=\"http:\/\/farm1.staticflickr.com\/895\/40580828964_440a488877.jpg\" alt=\"31 La Ruta de La Sal 2018\" width=\"320\" height=\"214\" \/><\/a><a title=\"31 La Ruta de La Sal 2018\" href=\"#\" rel=\"\"><img loading=\"lazy\" decoding=\"async\" class=\"alignleft\" style=\"float: left;\" title=\"31 La Ruta de La Sal 2018\" src=\"http:\/\/farm1.staticflickr.com\/895\/27421818028_9b99a2850a.jpg\" alt=\"31 La Ruta de La Sal 2018\" width=\"320\" height=\"214\" \/><\/a><a title=\"31 La Ruta de La Sal 2018\" href=\"#\" rel=\"\"><img loading=\"lazy\" decoding=\"async\" class=\"alignleft\" style=\"float: left;\" title=\"31 La Ruta de La Sal 2018\" src=\"http:\/\/farm1.staticflickr.com\/820\/40580828884_9005a70cac.jpg\" alt=\"31 La Ruta de La Sal 2018\" width=\"320\" height=\"214\" \/><\/a><a title=\"31 La Ruta de La Sal 2018\" href=\"#\" rel=\"\"><img loading=\"lazy\" decoding=\"async\" class=\"alignleft\" style=\"float: left;\" title=\"31 La Ruta de La Sal 2018\" src=\"http:\/\/farm1.staticflickr.com\/876\/40580828514_5e2185a785.jpg\" alt=\"31 La Ruta de La Sal 2018\" width=\"320\" height=\"214\" \/><\/a><a title=\"31 La Ruta de La Sal 2018\" href=\"#\" rel=\"\"><img loading=\"lazy\" decoding=\"async\" class=\"alignleft\" style=\"float: left;\" title=\"31 La Ruta de La Sal 2018\" src=\"http:\/\/farm1.staticflickr.com\/789\/40580829184_3e1ca26111.jpg\" alt=\"31 La Ruta de La Sal 2018\" width=\"320\" height=\"214\" \/><\/a><\/p>\n<div style=\"clear: both;\"><\/div>\n<div style=\"width: 650px\" class=\"wp-caption aligncenter\"><a title=\"Trofeo Garmin Vencedores Absolutos\" href=\"http:\/\/farm1.staticflickr.com\/805\/27329442728_1fbe6ee18b_z.jpg\" rel=\"\"><img loading=\"lazy\" decoding=\"async\" class=\"aligncenter\" title=\"Vencedores en tiempo real\" src=\"http:\/\/farm1.staticflickr.com\/805\/27329442728_1fbe6ee18b_z.jpg\" alt=\"Trofeo Garmin Vencedores Absolutos\" width=\"640\" height=\"420\" \/><\/a><p class=\"wp-caption-text\">Trofeo Garmin Vencedores Absolutos<\/p><\/div>\n<div style=\"clear: both;\"><\/div>\n<p><a title=\"17\" href=\"#\" rel=\"\"><img loading=\"lazy\" decoding=\"async\" class=\"alignleft\" style=\"float: left;\" title=\"17\" src=\"http:\/\/farm1.staticflickr.com\/884\/26422445877_ef8dd8bcfb.jpg\" alt=\"17\" width=\"320\" height=\"214\" \/><\/a><a title=\"17a\" href=\"#\" rel=\"\"><img loading=\"lazy\" decoding=\"async\" class=\"alignleft\" style=\"float: left;\" title=\"17a\" src=\"http:\/\/farm1.staticflickr.com\/871\/40398027255_e0d7baede9.jpg\" alt=\"17a\" width=\"320\" height=\"214\" \/><\/a><a title=\"31 La Ruta de La Sal 2018\" href=\"#\" rel=\"\"><img loading=\"lazy\" decoding=\"async\" class=\"alignleft\" style=\"float: left;\" title=\"31 La Ruta de La Sal 2018\" src=\"http:\/\/farm1.staticflickr.com\/880\/26422445477_9c22676f33.jpg\" alt=\"31 La Ruta de La Sal 2018\" width=\"320\" height=\"214\" \/><\/a><a title=\"31 La Ruta de La Sal 2018\" href=\"#\" rel=\"\"><img loading=\"lazy\" decoding=\"async\" class=\"alignleft\" style=\"float: left;\" title=\"31 La Ruta de La Sal 2018\" src=\"http:\/\/farm1.staticflickr.com\/877\/40398026685_c71f84898e.jpg\" alt=\"31 La Ruta de La Sal 2018\" width=\"320\" height=\"214\" \/><\/a><a title=\"31 La Ruta de La Sal 2018\" href=\"#\" rel=\"\"><img loading=\"lazy\" decoding=\"async\" class=\"alignleft\" style=\"float: left;\" title=\"31 La Ruta de La Sal 2018\" src=\"http:\/\/farm1.staticflickr.com\/786\/40398026425_f5ca971442.jpg\" alt=\"31 La Ruta de La Sal 2018\" width=\"320\" height=\"214\" \/><\/a><a title=\"31 La Ruta de La Sal 2018\" href=\"#\" rel=\"\"><img loading=\"lazy\" decoding=\"async\" class=\"alignleft\" style=\"float: left;\" title=\"31 La Ruta de La Sal 2018\" src=\"http:\/\/farm1.staticflickr.com\/806\/40398026185_5d33217ea3.jpg\" alt=\"31 La Ruta de La Sal 2018\" width=\"320\" height=\"214\" \/><\/a><br \/>\nLa cita termin\u00f3, mientras que el temporal iba amainando, en la noche del s\u00e1bado 31 de marzo del 2018, en el CN de Sant Antoni, con la cena y fiesta de La Sal. Los regatistas, aut\u00e9nticos protagonistas de esta historia, disfrutaron de la magia y atractivos de la noche de Ibiza y, como no pod\u00eda ser de otra manera, quien m\u00e1s, quien menos, tuvo la ocasi\u00f3n de contar a los dem\u00e1s su experiencia en esta Sal tan complicada pero cargada de sabor a aventura.<\/p>\n<p>Hasta el pr\u00f3ximo 18 de abril del 2019, ser\u00e1 Jueves Santo. Comenzar\u00e1 la 32 edici\u00f3n de La Ruta de la Sal.<\/p>\n<p style=\"text-align: center;\"><strong>Cena Es Nautic y Fiesta La Ruta de la Sal<\/strong><\/p>\n<p><a title=\"0\" href=\"#\" rel=\"\"><img loading=\"lazy\" decoding=\"async\" class=\"alignleft\" style=\"float: left;\" title=\"0\" src=\"http:\/\/farm1.staticflickr.com\/796\/26422472557_4afc98eb0a.jpg\" alt=\"0\" width=\"320\" height=\"214\" \/><\/a><a title=\"31 La Ruta de La Sal 2018\" href=\"#\" rel=\"\"><img loading=\"lazy\" decoding=\"async\" class=\"alignleft\" style=\"float: left;\" title=\"31 La Ruta de La Sal 2018\" src=\"http:\/\/farm1.staticflickr.com\/889\/41294404411_10db62bdea.jpg\" alt=\"31 La Ruta de La Sal 2018\" width=\"320\" height=\"214\" \/><\/a><a title=\"31 La Ruta de La Sal 2018\" href=\"#\" rel=\"\"><img loading=\"lazy\" decoding=\"async\" class=\"alignleft\" style=\"float: left;\" title=\"31 La Ruta de La Sal 2018\" src=\"http:\/\/farm1.staticflickr.com\/889\/26422471967_046ddea1f2.jpg\" alt=\"31 La Ruta de La Sal 2018\" width=\"320\" height=\"214\" \/><\/a><a title=\"31 La Ruta de La Sal 2018\" href=\"#\" rel=\"\"><img loading=\"lazy\" decoding=\"async\" class=\"alignleft\" style=\"float: left;\" title=\"31 La Ruta de La Sal 2018\" src=\"http:\/\/farm1.staticflickr.com\/868\/26422471837_e4467514bb.jpg\" alt=\"31 La Ruta de La Sal 2018\" width=\"320\" height=\"214\" \/><\/a><a title=\"31 La Ruta de La Sal 2018\" href=\"#\" rel=\"\"><img loading=\"lazy\" decoding=\"async\" class=\"alignleft\" style=\"float: left;\" title=\"31 La Ruta de La Sal 2018\" src=\"http:\/\/farm1.staticflickr.com\/899\/41294404841_9e35c12e76.jpg\" alt=\"31 La Ruta de La Sal 2018\" width=\"320\" height=\"214\" \/><\/a><a title=\"31 La Ruta de La Sal 2018\" href=\"#\" rel=\"\"><img loading=\"lazy\" decoding=\"async\" class=\"alignleft\" style=\"float: left;\" title=\"31 La Ruta de La Sal 2018\" src=\"http:\/\/farm1.staticflickr.com\/890\/26422471767_64868c2168.jpg\" alt=\"31 La Ruta de La Sal 2018\" width=\"320\" height=\"214\" \/><\/a><a title=\"31 La Ruta de La Sal 2018\" href=\"#\" rel=\"\"><img loading=\"lazy\" decoding=\"async\" class=\"alignleft\" style=\"float: left;\" title=\"31 La Ruta de La Sal 2018\" src=\"http:\/\/farm1.staticflickr.com\/806\/26422471597_295496a0ec.jpg\" alt=\"31 La Ruta de La Sal 2018\" width=\"320\" height=\"214\" \/><\/a><a title=\"31 La Ruta de La Sal 2018\" href=\"#\" rel=\"\"><img loading=\"lazy\" decoding=\"async\" class=\"alignleft\" style=\"float: left;\" title=\"31 La Ruta de La Sal 2018\" src=\"http:\/\/farm1.staticflickr.com\/798\/26422471557_9329e0d7e9.jpg\" alt=\"31 La Ruta de La Sal 2018\" width=\"320\" height=\"214\" \/><\/a><a title=\"31 La Ruta de La Sal 2018\" href=\"#\" rel=\"\"><img loading=\"lazy\" decoding=\"async\" class=\"alignleft\" style=\"float: left;\" title=\"31 La Ruta de La Sal 2018\" src=\"http:\/\/farm1.staticflickr.com\/801\/26422471437_18f2c2932e.jpg\" alt=\"31 La Ruta de La Sal 2018\" width=\"320\" height=\"214\" \/><\/a><a title=\"31 La Ruta de La Sal 2018\" href=\"#\" rel=\"\"><img loading=\"lazy\" decoding=\"async\" class=\"alignleft\" style=\"float: left;\" title=\"31 La Ruta de La Sal 2018\" src=\"http:\/\/farm1.staticflickr.com\/797\/41294404541_510c224015.jpg\" alt=\"31 La Ruta de La Sal 2018\" width=\"320\" height=\"214\" \/><\/a><a title=\"31 La Ruta de La Sal 2018\" href=\"#\" rel=\"\"><img loading=\"lazy\" decoding=\"async\" class=\"alignleft\" style=\"float: left;\" title=\"31 La Ruta de La Sal 2018\" src=\"http:\/\/farm1.staticflickr.com\/803\/26422471367_3a77fc3ab2.jpg\" alt=\"31 La Ruta de La Sal 2018\" width=\"320\" height=\"214\" \/><\/a><a title=\"31 La Ruta de La Sal 2018\" href=\"#\" rel=\"\"><img loading=\"lazy\" decoding=\"async\" class=\"alignleft\" style=\"float: left;\" title=\"31 La Ruta de La Sal 2018\" src=\"http:\/\/farm1.staticflickr.com\/814\/26422471347_4bbcf44277.jpg\" alt=\"31 La Ruta de La Sal 2018\" width=\"320\" height=\"214\" \/><\/a><\/p>\n","protected":false},"excerpt":{"rendered":"<p>Extraordinario nivel deportivo de la flota de La Ruta de la Sal 2018. LA RUTA DE LA SAL 2018, M\u00c1S DIN\u00c1MICA Y EXIGENTE QUE NUNCA. \u00abMarjuin\u00bb de Pere Roquet en la Versi\u00f3n Barcelona; \u00abC\u00f3ndor de Javea\u00bb de Carlos Fern\u00e1ndez Martos en la Versi\u00f3n Denia y \u00abYolo\u00bb de Kai-Uwe Holweg ganadores absolutos de La Ruta de [&hellip;]<\/p>\n","protected":false},"author":1,"featured_media":3494,"comment_status":"open","ping_status":"open","sticky":false,"template":"","format":"standard","meta":{"_acf_changed":false,"footnotes":""},"categories":[2],"tags":[],"acf":[],"yoast_head":"<!-- This site is optimized with the Yoast SEO plugin v23.0 - https:\/\/yoast.com\/wordpress\/plugins\/seo\/ -->\n<title>La Ruta de la Sal 2018 | Regata La Ruta de la Sal<\/title>\n<meta name=\"robots\" content=\"noindex, follow, max-snippet:-1, max-image-preview:large, max-video-preview:-1\" \/>\n<meta property=\"og:locale\" content=\"es_ES\" \/>\n<meta property=\"og:type\" content=\"article\" \/>\n<meta property=\"og:title\" content=\"La Ruta de la Sal 2018 | Regata La Ruta de la Sal\" \/>\n<meta property=\"og:description\" content=\"Extraordinario nivel deportivo de la flota de La Ruta de la Sal 2018. LA RUTA DE LA SAL 2018, M\u00c1S DIN\u00c1MICA Y EXIGENTE QUE NUNCA. \u00abMarjuin\u00bb de Pere Roquet en la Versi\u00f3n Barcelona; \u00abC\u00f3ndor de Javea\u00bb de Carlos Fern\u00e1ndez Martos en la Versi\u00f3n Denia y \u00abYolo\u00bb de Kai-Uwe Holweg ganadores absolutos de La Ruta de [&hellip;]\" \/>\n<meta property=\"og:url\" content=\"https:\/\/labs.100x100.net\/projects\/rutasal\/la-ruta-de-la-sal-2018\/\" \/>\n<meta property=\"og:site_name\" content=\"Regata La Ruta de la Sal\" \/>\n<meta property=\"article:publisher\" content=\"https:\/\/www.facebook.com\/rutadelasal\/\" \/>\n<meta property=\"article:published_time\" content=\"2018-05-07T11:10:57+00:00\" \/>\n<meta property=\"article:modified_time\" content=\"2019-03-20T14:33:42+00:00\" \/>\n<meta property=\"og:image\" content=\"https:\/\/labs.100x100.net\/projects\/rutasal\/custom\/uploads\/2018\/05\/40579834464_5b5da59b7b.jpg\" \/>\n\t<meta property=\"og:image:width\" content=\"500\" \/>\n\t<meta property=\"og:image:height\" content=\"334\" \/>\n\t<meta property=\"og:image:type\" content=\"image\/jpeg\" \/>\n<meta name=\"author\" content=\"La Ruta de la Sal\" \/>\n<meta name=\"twitter:card\" content=\"summary_large_image\" \/>\n<meta name=\"twitter:creator\" content=\"@AnamMedi\" \/>\n<meta name=\"twitter:site\" content=\"@AnamMedi\" \/>\n<meta name=\"twitter:label1\" content=\"Escrito por\" \/>\n\t<meta name=\"twitter:data1\" content=\"La Ruta de la Sal\" \/>\n\t<meta name=\"twitter:label2\" content=\"Tiempo de lectura\" \/>\n\t<meta name=\"twitter:data2\" content=\"9 minutos\" \/>\n<script type=\"application\/ld+json\" class=\"yoast-schema-graph\">{\"@context\":\"https:\/\/schema.org\",\"@graph\":[{\"@type\":\"WebPage\",\"@id\":\"https:\/\/labs.100x100.net\/projects\/rutasal\/la-ruta-de-la-sal-2018\/\",\"url\":\"https:\/\/labs.100x100.net\/projects\/rutasal\/la-ruta-de-la-sal-2018\/\",\"name\":\"La Ruta de la Sal 2018 | Regata La Ruta de la Sal\",\"isPartOf\":{\"@id\":\"https:\/\/labs.100x100.net\/projects\/rutasal\/#website\"},\"primaryImageOfPage\":{\"@id\":\"https:\/\/labs.100x100.net\/projects\/rutasal\/la-ruta-de-la-sal-2018\/#primaryimage\"},\"image\":{\"@id\":\"https:\/\/labs.100x100.net\/projects\/rutasal\/la-ruta-de-la-sal-2018\/#primaryimage\"},\"thumbnailUrl\":\"https:\/\/labs.100x100.net\/projects\/rutasal\/custom\/uploads\/2018\/05\/40579834464_5b5da59b7b.jpg\",\"datePublished\":\"2018-05-07T11:10:57+00:00\",\"dateModified\":\"2019-03-20T14:33:42+00:00\",\"author\":{\"@id\":\"https:\/\/labs.100x100.net\/projects\/rutasal\/#\/schema\/person\/214eeb4a2e78fd8373a0a94f6d93c9ca\"},\"breadcrumb\":{\"@id\":\"https:\/\/labs.100x100.net\/projects\/rutasal\/la-ruta-de-la-sal-2018\/#breadcrumb\"},\"inLanguage\":\"es\",\"potentialAction\":[{\"@type\":\"ReadAction\",\"target\":[\"https:\/\/labs.100x100.net\/projects\/rutasal\/la-ruta-de-la-sal-2018\/\"]}]},{\"@type\":\"ImageObject\",\"inLanguage\":\"es\",\"@id\":\"https:\/\/labs.100x100.net\/projects\/rutasal\/la-ruta-de-la-sal-2018\/#primaryimage\",\"url\":\"https:\/\/labs.100x100.net\/projects\/rutasal\/custom\/uploads\/2018\/05\/40579834464_5b5da59b7b.jpg\",\"contentUrl\":\"https:\/\/labs.100x100.net\/projects\/rutasal\/custom\/uploads\/2018\/05\/40579834464_5b5da59b7b.jpg\",\"width\":500,\"height\":334},{\"@type\":\"BreadcrumbList\",\"@id\":\"https:\/\/labs.100x100.net\/projects\/rutasal\/la-ruta-de-la-sal-2018\/#breadcrumb\",\"itemListElement\":[{\"@type\":\"ListItem\",\"position\":1,\"name\":\"Portada\",\"item\":\"https:\/\/labs.100x100.net\/projects\/rutasal\/\"},{\"@type\":\"ListItem\",\"position\":2,\"name\":\"La Ruta de la Sal 2018\"}]},{\"@type\":\"WebSite\",\"@id\":\"https:\/\/labs.100x100.net\/projects\/rutasal\/#website\",\"url\":\"https:\/\/labs.100x100.net\/projects\/rutasal\/\",\"name\":\"Regata La Ruta de la Sal\",\"description\":\"Regata La Ruta de la Sal es una regata de Altura Mediterr\u00e1nea para barcos de crucero a vela con destino en Ibiza, que se disputa anualmente en Semana Santa.\",\"potentialAction\":[{\"@type\":\"SearchAction\",\"target\":{\"@type\":\"EntryPoint\",\"urlTemplate\":\"https:\/\/labs.100x100.net\/projects\/rutasal\/?s={search_term_string}\"},\"query-input\":\"required name=search_term_string\"}],\"inLanguage\":\"es\"},{\"@type\":\"Person\",\"@id\":\"https:\/\/labs.100x100.net\/projects\/rutasal\/#\/schema\/person\/214eeb4a2e78fd8373a0a94f6d93c9ca\",\"name\":\"La Ruta de la Sal\",\"image\":{\"@type\":\"ImageObject\",\"inLanguage\":\"es\",\"@id\":\"https:\/\/labs.100x100.net\/projects\/rutasal\/#\/schema\/person\/image\/\",\"url\":\"https:\/\/secure.gravatar.com\/avatar\/b247286d4b801d6b1cfcfb3807587284?s=96&d=mm&r=g\",\"contentUrl\":\"https:\/\/secure.gravatar.com\/avatar\/b247286d4b801d6b1cfcfb3807587284?s=96&d=mm&r=g\",\"caption\":\"La Ruta de la Sal\"}}]}<\/script>\n<!-- \/ Yoast SEO plugin. -->","yoast_head_json":{"title":"La Ruta de la Sal 2018 | Regata La Ruta de la Sal","robots":{"index":"noindex","follow":"follow","max-snippet":"max-snippet:-1","max-image-preview":"max-image-preview:large","max-video-preview":"max-video-preview:-1"},"og_locale":"es_ES","og_type":"article","og_title":"La Ruta de la Sal 2018 | Regata La Ruta de la Sal","og_description":"Extraordinario nivel deportivo de la flota de La Ruta de la Sal 2018. LA RUTA DE LA SAL 2018, M\u00c1S DIN\u00c1MICA Y EXIGENTE QUE NUNCA. \u00abMarjuin\u00bb de Pere Roquet en la Versi\u00f3n Barcelona; \u00abC\u00f3ndor de Javea\u00bb de Carlos Fern\u00e1ndez Martos en la Versi\u00f3n Denia y \u00abYolo\u00bb de Kai-Uwe Holweg ganadores absolutos de La Ruta de [&hellip;]","og_url":"https:\/\/labs.100x100.net\/projects\/rutasal\/la-ruta-de-la-sal-2018\/","og_site_name":"Regata La Ruta de la Sal","article_publisher":"https:\/\/www.facebook.com\/rutadelasal\/","article_published_time":"2018-05-07T11:10:57+00:00","article_modified_time":"2019-03-20T14:33:42+00:00","og_image":[{"width":500,"height":334,"url":"https:\/\/labs.100x100.net\/projects\/rutasal\/custom\/uploads\/2018\/05\/40579834464_5b5da59b7b.jpg","type":"image\/jpeg"}],"author":"La Ruta de la Sal","twitter_card":"summary_large_image","twitter_creator":"@AnamMedi","twitter_site":"@AnamMedi","twitter_misc":{"Escrito por":"La Ruta de la Sal","Tiempo de lectura":"9 minutos"},"schema":{"@context":"https:\/\/schema.org","@graph":[{"@type":"WebPage","@id":"https:\/\/labs.100x100.net\/projects\/rutasal\/la-ruta-de-la-sal-2018\/","url":"https:\/\/labs.100x100.net\/projects\/rutasal\/la-ruta-de-la-sal-2018\/","name":"La Ruta de la Sal 2018 | Regata La Ruta de la Sal","isPartOf":{"@id":"https:\/\/labs.100x100.net\/projects\/rutasal\/#website"},"primaryImageOfPage":{"@id":"https:\/\/labs.100x100.net\/projects\/rutasal\/la-ruta-de-la-sal-2018\/#primaryimage"},"image":{"@id":"https:\/\/labs.100x100.net\/projects\/rutasal\/la-ruta-de-la-sal-2018\/#primaryimage"},"thumbnailUrl":"https:\/\/labs.100x100.net\/projects\/rutasal\/custom\/uploads\/2018\/05\/40579834464_5b5da59b7b.jpg","datePublished":"2018-05-07T11:10:57+00:00","dateModified":"2019-03-20T14:33:42+00:00","author":{"@id":"https:\/\/labs.100x100.net\/projects\/rutasal\/#\/schema\/person\/214eeb4a2e78fd8373a0a94f6d93c9ca"},"breadcrumb":{"@id":"https:\/\/labs.100x100.net\/projects\/rutasal\/la-ruta-de-la-sal-2018\/#breadcrumb"},"inLanguage":"es","potentialAction":[{"@type":"ReadAction","target":["https:\/\/labs.100x100.net\/projects\/rutasal\/la-ruta-de-la-sal-2018\/"]}]},{"@type":"ImageObject","inLanguage":"es","@id":"https:\/\/labs.100x100.net\/projects\/rutasal\/la-ruta-de-la-sal-2018\/#primaryimage","url":"https:\/\/labs.100x100.net\/projects\/rutasal\/custom\/uploads\/2018\/05\/40579834464_5b5da59b7b.jpg","contentUrl":"https:\/\/labs.100x100.net\/projects\/rutasal\/custom\/uploads\/2018\/05\/40579834464_5b5da59b7b.jpg","width":500,"height":334},{"@type":"BreadcrumbList","@id":"https:\/\/labs.100x100.net\/projects\/rutasal\/la-ruta-de-la-sal-2018\/#breadcrumb","itemListElement":[{"@type":"ListItem","position":1,"name":"Portada","item":"https:\/\/labs.100x100.net\/projects\/rutasal\/"},{"@type":"ListItem","position":2,"name":"La Ruta de la Sal 2018"}]},{"@type":"WebSite","@id":"https:\/\/labs.100x100.net\/projects\/rutasal\/#website","url":"https:\/\/labs.100x100.net\/projects\/rutasal\/","name":"Regata La Ruta de la Sal","description":"Regata La Ruta de la Sal es una regata de Altura Mediterr\u00e1nea para barcos de crucero a vela con destino en Ibiza, que se disputa anualmente en Semana Santa.","potentialAction":[{"@type":"SearchAction","target":{"@type":"EntryPoint","urlTemplate":"https:\/\/labs.100x100.net\/projects\/rutasal\/?s={search_term_string}"},"query-input":"required name=search_term_string"}],"inLanguage":"es"},{"@type":"Person","@id":"https:\/\/labs.100x100.net\/projects\/rutasal\/#\/schema\/person\/214eeb4a2e78fd8373a0a94f6d93c9ca","name":"La Ruta de la Sal","image":{"@type":"ImageObject","inLanguage":"es","@id":"https:\/\/labs.100x100.net\/projects\/rutasal\/#\/schema\/person\/image\/","url":"https:\/\/secure.gravatar.com\/avatar\/b247286d4b801d6b1cfcfb3807587284?s=96&d=mm&r=g","contentUrl":"https:\/\/secure.gravatar.com\/avatar\/b247286d4b801d6b1cfcfb3807587284?s=96&d=mm&r=g","caption":"La Ruta de la Sal"}}]}},"_links":{"self":[{"href":"https:\/\/labs.100x100.net\/projects\/rutasal\/wp-json\/wp\/v2\/posts\/3325"}],"collection":[{"href":"https:\/\/labs.100x100.net\/projects\/rutasal\/wp-json\/wp\/v2\/posts"}],"about":[{"href":"https:\/\/labs.100x100.net\/projects\/rutasal\/wp-json\/wp\/v2\/types\/post"}],"author":[{"embeddable":true,"href":"https:\/\/labs.100x100.net\/projects\/rutasal\/wp-json\/wp\/v2\/users\/1"}],"replies":[{"embeddable":true,"href":"https:\/\/labs.100x100.net\/projects\/rutasal\/wp-json\/wp\/v2\/comments?post=3325"}],"version-history":[{"count":16,"href":"https:\/\/labs.100x100.net\/projects\/rutasal\/wp-json\/wp\/v2\/posts\/3325\/revisions"}],"predecessor-version":[{"id":3988,"href":"https:\/\/labs.100x100.net\/projects\/rutasal\/wp-json\/wp\/v2\/posts\/3325\/revisions\/3988"}],"wp:featuredmedia":[{"embeddable":true,"href":"https:\/\/labs.100x100.net\/projects\/rutasal\/wp-json\/wp\/v2\/media\/3494"}],"wp:attachment":[{"href":"https:\/\/labs.100x100.net\/projects\/rutasal\/wp-json\/wp\/v2\/media?parent=3325"}],"wp:term":[{"taxonomy":"category","embeddable":true,"href":"https:\/\/labs.100x100.net\/projects\/rutasal\/wp-json\/wp\/v2\/categories?post=3325"},{"taxonomy":"post_tag","embeddable":true,"href":"https:\/\/labs.100x100.net\/projects\/rutasal\/wp-json\/wp\/v2\/tags?post=3325"}],"curies":[{"name":"wp","href":"https:\/\/api.w.org\/{rel}","templated":true}]}}