{"id":323,"date":"2008-04-02T10:39:29","date_gmt":"2008-04-02T10:39:29","guid":{"rendered":"https:\/\/larutadelasal.com\/?p=323"},"modified":"2019-03-15T22:09:59","modified_gmt":"2019-03-15T20:09:59","slug":"la-ruta-de-la-sal-2008","status":"publish","type":"post","link":"https:\/\/labs.100x100.net\/projects\/rutasal\/la-ruta-de-la-sal-2008\/","title":{"rendered":"La Ruta de la Sal 2008"},"content":{"rendered":"<p><strong>UNA TRAVES\u00cdA COMPLICADA Y CON TODO TIPO DE CONDICIONES, PARA AUT\u00c9NTICOS EXPERTOS EN LA NAVEGACI\u00d3N EN ALTA MAR<\/strong><\/p>\n<p><strong>Jay Walker y Plis Play ganadores absolutos de La 21 Ruta de la Sal. <\/strong><\/p>\n<p><strong>M\u00e1s de 300 barcos en l\u00ednea de Salida, 201 barcos arribados y 134 clasificados<\/strong><\/p>\n<p><strong>\u00a0<\/strong><\/p>\n<p><strong><a class=\"tt-flickr tt-flickr-Medium\" title=\"FOTO-5.3\" href=\"http:\/\/farm6.static.flickr.com\/5126\/5226192038_a07249f61c_b.jpg\"><img loading=\"lazy\" decoding=\"async\" class=\"alignleft\" src=\"http:\/\/farm6.static.flickr.com\/5126\/5226192038_a07249f61c.jpg\" alt=\"FOTO-5.3\" width=\"320\" height=\"229\" \/><\/a> <a class=\"tt-flickr tt-flickr-Medium\" title=\"FOTO-2\" href=\"http:\/\/farm6.static.flickr.com\/5005\/5225594665_528541273f_b.jpg\"><img loading=\"lazy\" decoding=\"async\" class=\"alignleft\" src=\"http:\/\/farm6.static.flickr.com\/5005\/5225594665_528541273f.jpg\" alt=\"FOTO-2\" width=\"320\" height=\"229\" \/><\/a> <a class=\"tt-flickr tt-flickr-Medium\" title=\"FOTO-4\" href=\"http:\/\/farm6.static.flickr.com\/5008\/5226191892_d040819f19_b.jpg\"><img loading=\"lazy\" decoding=\"async\" class=\"alignleft\" src=\"http:\/\/farm6.static.flickr.com\/5008\/5226191892_d040819f19.jpg\" alt=\"FOTO-4\" width=\"320\" height=\"229\" \/><\/a><a class=\"tt-flickr tt-flickr-Medium\" title=\"FOTO-3\" href=\"http:\/\/farm6.static.flickr.com\/5207\/5226191446_bf4755f7b9_b.jpg\"><img loading=\"lazy\" decoding=\"async\" class=\"alignleft\" src=\"http:\/\/farm6.static.flickr.com\/5207\/5226191446_bf4755f7b9.jpg\" alt=\"FOTO-3\" width=\"320\" height=\"229\" \/><\/a><\/strong><\/p>\n<p><strong><a class=\"tt-flickr tt-flickr-Medium\" title=\"FOTO-5\" href=\"http:\/\/farm6.static.flickr.com\/5161\/5225596081_6e6d09df39_b.jpg\"><img loading=\"lazy\" decoding=\"async\" class=\"alignnone\" src=\"http:\/\/farm6.static.flickr.com\/5161\/5225596081_6e6d09df39.jpg\" alt=\"FOTO-5\" width=\"207\" height=\"311\" \/><\/a> <a class=\"tt-flickr tt-flickr-Medium\" title=\"FOTO-6\" href=\"http:\/\/farm6.static.flickr.com\/5209\/5226192894_a51f3315a0_b.jpg\"><img loading=\"lazy\" decoding=\"async\" class=\"alignnone\" src=\"http:\/\/farm6.static.flickr.com\/5209\/5226192894_a51f3315a0.jpg\" alt=\"FOTO-6\" width=\"207\" height=\"311\" \/><\/a> <a class=\"tt-flickr tt-flickr-Medium\" title=\"FOTO-7\" href=\"http:\/\/farm6.static.flickr.com\/5043\/5225596785_24431d31cb_b.jpg\"><img loading=\"lazy\" decoding=\"async\" class=\"alignnone\" src=\"http:\/\/farm6.static.flickr.com\/5043\/5225596785_24431d31cb.jpg\" alt=\"FOTO-7\" width=\"207\" height=\"311\" \/><\/a><br \/>\n<\/strong><\/p>\n<p>Hubo consenso entre los principales implicados. Los vencedores absolutos de la regata, el holand\u00e9s Eric Jassen armador del J-35 \u201cJay Walter\u201d en la Versi\u00f3n Norte y el alicantino Vicente Garc\u00eda responsable del Farr 520 \u201cPlis-Play\u201d en la Versi\u00f3n Este, equipo que, sea dicho de paso, acumulo la victoria en real y compensado en su recorrido , y Pepe Ferres director de la regata, fueron tajantes al respecto. Igual que Jes\u00fas Turro, ganador con el Wally 60 \u201cWalli\u00f1o\u201d en tiempo real en el trayecto desde Barcelona: Aunque la regata de altura de La Ruta de la Sal del 2008 no ser\u00e1 recordada como la m\u00e1s dura de cuentas se han celebrado, todos coincidieron en que fue una regata dif\u00edcil, muy dif\u00edcil, posiblemente una de las complicadas de cuantas se han disputado. Tambi\u00e9n, como indico Turro, divertida con los suficientes alicientes como para ser una gran regata de altura, de las que crean escuela y afici\u00f3n. Los pron\u00f3sticos meteorologicos fueron confusos, en ocasiones contradictorios, aunque algunos aseguraron que al final se cumplieron, para otros participantes resultaron poco operativos a la hora de dibujar con precisi\u00f3n lo que pod\u00eda ocurrir en la traves\u00eda. Al final una regata cargada de complicaciones donde los barcos en competici\u00f3n tuvieron que enfrentarse a todo tipo de situaciones; poco viento, mucho viento. Chubascos. Horas de encalmadas nocturnas. Una mar montada, muy potente y confusa, que combinada con vientos flojos e inestables castigo severamente a la flota, cobr\u00e1ndose un par de palos rotos y la perdida de dos timones. Tambi\u00e9n muchas aver\u00edas menores y roturas de velas. Fri\u00f3. En el \u00faltimo tramo de la regata, pr\u00e1cticamente desde Tagomago hasta Ibiza, cuando las fuerzas est\u00e1n al l\u00edmite, vientos de proa que alcanzaron, en algunas ocasiones, los 35 nudos.<\/p>\n<div style=\"clear: both;\"><\/div>\n<p><a class=\"tt-flickr tt-flickr-Medium\" title=\"FOTO-2.2\" href=\"http:\/\/farm6.static.flickr.com\/5081\/5226190538_889972b17b_b.jpg\"><img loading=\"lazy\" decoding=\"async\" class=\"alignleft\" src=\"http:\/\/farm6.static.flickr.com\/5081\/5226190538_889972b17b.jpg\" alt=\"FOTO-2.2\" width=\"320\" height=\"229\" \/><\/a> <a class=\"tt-flickr tt-flickr-Medium\" title=\"FOTO-5.2\" href=\"http:\/\/farm6.static.flickr.com\/5087\/5225595657_c838779616_b.jpg\"><img loading=\"lazy\" decoding=\"async\" class=\"alignleft\" src=\"http:\/\/farm6.static.flickr.com\/5087\/5225595657_c838779616.jpg\" alt=\"FOTO-5.2\" width=\"320\" height=\"229\" \/><\/a><\/p>\n<div style=\"clear: both;\"><\/div>\n<p><a class=\"tt-flickr tt-flickr-Medium\" title=\"FOTO-1.2\" href=\"http:\/\/farm6.static.flickr.com\/5168\/5225593755_5e027b1991_b.jpg\"><img loading=\"lazy\" decoding=\"async\" class=\"alignleft\" src=\"http:\/\/farm6.static.flickr.com\/5168\/5225593755_5e027b1991.jpg\" alt=\"FOTO-1.2\" width=\"320\" height=\"229\" \/><\/a> <a class=\"tt-flickr tt-flickr-Medium\" title=\"FOTO-3.2\" href=\"http:\/\/farm6.static.flickr.com\/5289\/5225594745_ce9c548466_b.jpg\"><img loading=\"lazy\" decoding=\"async\" class=\"alignleft\" src=\"http:\/\/farm6.static.flickr.com\/5289\/5225594745_ce9c548466.jpg\" alt=\"FOTO-3.2\" width=\"320\" height=\"229\" \/><\/a> <a class=\"tt-flickr tt-flickr-Medium\" title=\"FOTO-4.2\" href=\"http:\/\/farm6.static.flickr.com\/5081\/5225595233_a497f15cef_b.jpg\"><img loading=\"lazy\" decoding=\"async\" class=\"alignleft\" src=\"http:\/\/farm6.static.flickr.com\/5081\/5225595233_a497f15cef.jpg\" alt=\"FOTO-4.2\" width=\"320\" height=\"229\" \/><\/a><a class=\"tt-flickr tt-flickr-Medium\" title=\"FOTO-6.2\" href=\"http:\/\/farm6.static.flickr.com\/5166\/5225596149_dd0a950bd7_b.jpg\"><img loading=\"lazy\" decoding=\"async\" class=\"alignleft\" src=\"http:\/\/farm6.static.flickr.com\/5166\/5225596149_dd0a950bd7.jpg\" alt=\"FOTO-6.2\" width=\"320\" height=\"229\" \/><\/a><\/p>\n<p>Unos escenarios complejos que como \u00faltima consecuencia provocaron que finalmente lograsen terminar la regata sobre el 45% de los participantes. Concretamente 130 barcos cruzaron la l\u00ednea de llegada en Botafoch tras una navegaci\u00f3n que para Pepe Ferres, director de La Ruta de La Sal, ha sintetizado perfectamente las cualidades que definen a una buena regata de altura; \u201c La navegaci\u00f3n de competici\u00f3n de altura a menudo obliga a que todos los participantes midan su potencial deportivo bajo situaciones diversas, siendo el resultado promedio de cada dificultad superada el que define su clasificaci\u00f3n final. Esto, este a\u00f1o, en esta 21 edici\u00f3n de La Sal se ha cumplido escrupulosamente. Los equipos que han logrado clasificarse pueden acreditarse como aut\u00e9nticos expertos en la navegaci\u00f3n en mar abierta. La regata ha sido muy dif\u00edcil, terminar era, en muchos sentidos, un autentico \u00e9xito. Mi enhorabuena a todos ellos\u201d por otro lado Ferres indico que, \u201cAunque la meteorolog\u00eda era muy confusa existiendo \u00e1reas donde sab\u00edamos que la flota se enfrentaba a condiciones muy duras, la organizaci\u00f3n en todo momento pudo controlar en tiempo real lo que iba ocurriendo en mar. Las ruedas de comunicaci\u00f3n destinadas a posicionar peri\u00f3dicamente a cada participante, gestionadas desde el Control de Seguimiento de la regata de Tagomago y las embarcaciones de apoyo de la organizaci\u00f3n, fueron muy efectivas. Las comunicaciones, muy trabajadas y optimizadas en La Sal desde hace muchos a\u00f1os, permitieron atender, en combinaci\u00f3n con las embarcaciones de Salvamento Mar\u00edtimo , perfectamente las emergencias y, en general saber, en todo momento, la situaci\u00f3n individual de cada barco en regata, controlando a los retirados, a los barcos con dificultades y a los que compet\u00edan sin mayores problemas. Ciertamente estamos muy satisfechos con el resultado global de esta Ruta de La sal. Las dificultades se negociaron perfectamente, para los que lograron terminar la prueba, como ya he indicado, fue divertida y lo suficiente abierta como para que las opciones a un podium no estuviesen excesivamente cerradas. El nivel deportivo ha sido alt\u00edsimo, sin duda una flota con aut\u00e9nticos especialistas en la competici\u00f3n en mar abierta.\u201d<\/p>\n<div style=\"clear: both;\"><\/div>\n<p><a class=\"tt-flickr tt-flickr-Medium\" title=\"FOTO-2.3\" href=\"http:\/\/farm6.static.flickr.com\/5002\/5225594339_f1306c25b2_b.jpg\"><img loading=\"lazy\" decoding=\"async\" class=\"alignleft\" src=\"http:\/\/farm6.static.flickr.com\/5002\/5225594339_f1306c25b2.jpg\" alt=\"FOTO-2.3\" width=\"320\" height=\"229\" \/><\/a><a class=\"tt-flickr tt-flickr-Medium\" title=\"FOTO-3.3\" href=\"http:\/\/farm6.static.flickr.com\/5243\/5225594809_39c6beef1f_b.jpg\"><img loading=\"lazy\" decoding=\"async\" class=\"alignleft\" src=\"http:\/\/farm6.static.flickr.com\/5243\/5225594809_39c6beef1f.jpg\" alt=\"FOTO-3.3\" width=\"320\" height=\"229\" \/><\/a><a class=\"tt-flickr tt-flickr-Medium\" title=\"FOTO-4.3\" href=\"http:\/\/farm6.static.flickr.com\/5008\/5226191586_6e10e321af_b.jpg\"><img loading=\"lazy\" decoding=\"async\" class=\"alignright\" src=\"http:\/\/farm6.static.flickr.com\/5008\/5226191586_6e10e321af.jpg\" alt=\"FOTO-4.3\" width=\"320\" height=\"229\" \/><\/a><a class=\"tt-flickr tt-flickr-Medium\" title=\"FOTO-5.3\" href=\"http:\/\/farm6.static.flickr.com\/5126\/5226192038_a07249f61c_b.jpg\"><img loading=\"lazy\" decoding=\"async\" class=\"alignleft\" src=\"http:\/\/farm6.static.flickr.com\/5126\/5226192038_a07249f61c.jpg\" alt=\"FOTO-5.3\" width=\"320\" height=\"229\" \/><\/a><a class=\"tt-flickr tt-flickr-Medium\" title=\"FOTO-6.3\" href=\"http:\/\/farm6.static.flickr.com\/5009\/5225596235_19abac1ea9_b.jpg\"><img loading=\"lazy\" decoding=\"async\" class=\"alignleft\" src=\"http:\/\/farm6.static.flickr.com\/5009\/5225596235_19abac1ea9.jpg\" alt=\"FOTO-6.3\" width=\"320\" height=\"229\" \/><\/a><\/p>\n<div style=\"clear: both;\"><\/div>\n<p>Un a\u00f1o m\u00e1s la <strong>Versi\u00f3n Norte <\/strong>de la Ruta de la Sal tuvo a un equipo extranjero como ganador. En el 2007 el J&amp;V50 alem\u00e1n Caro, en este caso el J 35 <strong>Jay Walker<\/strong> del holand\u00e9s Eric Jansen consigui\u00f3 coronarse como ganador absoluto. En segundo lugar se clasifico el Fortuna 9, Aivis de Manuel Guasch del Club N\u00e1utico de Ibiza, un cl\u00e1sico de la Sal que suma m\u00e1s quince participaciones en su haber. Tercero fue el First 38 <strong>Grop<\/strong> de Ram\u00f3n Bigas. Eric Jansen, patr\u00f3n del Jay Walker comento \u201cEstamos muy contentos de haber ganado la Ruta de la Sal. Las condiciones han sido dif\u00edciles para nosotros, sobretodo en el \u00faltimo tramo con puntas de m\u00e1s 30 nudos y mucha ola de proa. No esper\u00e1bamos ganar pero despu\u00e9s de unas horas de navegaci\u00f3n comprobamos que est\u00e1bamos en cuarta posici\u00f3n, con toda la flota por detr\u00e1s de nosotros. Naveg\u00e1bamos con una magnifica velocidad, mas r\u00e1pidos que barcos de esloras claramente mayores a la nuestra. Entonces nos dimos cuenta que quiz\u00e1s ten\u00edamos posibilidades de acabar en los puestos altos de la clasificaci\u00f3n. Navego con una tripulaci\u00f3n muy conjuntada, hace m\u00e1s de seis a\u00f1os que competimos con este mismo barco y, la verdad es que lo conocemos perfectamente. Creo que fue determinante nuestro rendimiento con poco viento. En las encalmadas trabajamos duramente para avanzar y marcar distancias con el resto de los competidores. En las ultimas millas dur\u00edsimas por el mar y el viento, en especial para un barco de 35 pies que en estas condiciones esta al limite de sus posibilidades l\u00f3gicas de navegaci\u00f3n, supimos aprovechar los desventes de la costa sur de Ibiza para mantener un ritmo alto.\u201d<\/p>\n<div style=\"clear: both;\"><\/div>\n<p><a class=\"tt-flickr tt-flickr-Medium\" title=\"FOTO-1.4\" href=\"http:\/\/farm6.static.flickr.com\/5202\/5225593853_bbc9d26938_b.jpg\"><img loading=\"lazy\" decoding=\"async\" class=\"alignleft\" src=\"http:\/\/farm6.static.flickr.com\/5202\/5225593853_bbc9d26938.jpg\" alt=\"FOTO-1.4\" width=\"320\" height=\"229\" \/><\/a> <a class=\"tt-flickr tt-flickr-Medium\" title=\"FOTO-2.4\" href=\"http:\/\/farm6.static.flickr.com\/5165\/5226190668_f356960bc5_b.jpg\"><img loading=\"lazy\" decoding=\"async\" class=\"alignleft\" src=\"http:\/\/farm6.static.flickr.com\/5165\/5226190668_f356960bc5.jpg\" alt=\"FOTO-2.4\" width=\"320\" height=\"229\" \/><\/a> <a class=\"tt-flickr tt-flickr-Medium\" title=\"FOTO-3.4\" href=\"http:\/\/farm6.static.flickr.com\/5083\/5226191156_e73d78f170_b.jpg\"><img loading=\"lazy\" decoding=\"async\" class=\"alignleft\" src=\"http:\/\/farm6.static.flickr.com\/5083\/5226191156_e73d78f170.jpg\" alt=\"FOTO-3.4\" width=\"320\" height=\"229\" \/><\/a> <a class=\"tt-flickr tt-flickr-Medium\" title=\"FOTO-6.4\" href=\"http:\/\/farm6.static.flickr.com\/5247\/5225596305_08658a18f4_b.jpg\"><img loading=\"lazy\" decoding=\"async\" class=\"alignleft\" src=\"http:\/\/farm6.static.flickr.com\/5247\/5225596305_08658a18f4.jpg\" alt=\"FOTO-6.4\" width=\"320\" height=\"229\" \/><\/a> <a class=\"tt-flickr tt-flickr-Medium\" title=\"FOTO-7.4\" href=\"http:\/\/farm6.static.flickr.com\/5047\/5226192960_9677200282_b.jpg\"><img loading=\"lazy\" decoding=\"async\" class=\"alignleft\" src=\"http:\/\/farm6.static.flickr.com\/5047\/5226192960_9677200282.jpg\" alt=\"FOTO-7.4\" width=\"320\" height=\"229\" \/><\/a> <a class=\"tt-flickr tt-flickr-Medium\" title=\"FOTO-8.4\" href=\"http:\/\/farm6.static.flickr.com\/5128\/5225596839_43b9e3ae21_b.jpg\"><img loading=\"lazy\" decoding=\"async\" class=\"alignleft\" src=\"http:\/\/farm6.static.flickr.com\/5128\/5225596839_43b9e3ae21.jpg\" alt=\"FOTO-8.4\" width=\"320\" height=\"229\" \/><\/a><\/p>\n<p>La victoria en tiempo real de la <strong>Versi\u00f3n Norte<\/strong> fue para el Wally 60 <strong>Walli\u00f1o<\/strong> con Jes\u00fas Turr\u00f3 como patr\u00f3n que cruzaba la l\u00ednea de llegada tras 1 d\u00eda 2 horas 12 minutos y 57 segundos de navegaci\u00f3n desde su salida de Barcelona. La flota de la Versi\u00f3n Norte abandono la Ciudad Condal a las 07:20 horas del jueves 20 de abril con viento del Norte de unos 12 nudos, temperaturas fr\u00edas y con 159 millas por delante. \u201cEstamos muy contentos del resultado. Con esta ya sumamos tres victorias en real pero sigue resisti\u00e9ndonos el compensado. El pron\u00f3stico meteorol\u00f3gico se ha cumplido. Como resultado una traves\u00eda complicada y con todo tipo de condiciones. Hemos tenido norte con puntas de 22 nudos de m\u00e1xima que nos han hecho llegar hasta los 13 nudos de velocidad.\u201d Apuntaba Jes\u00fas Turr\u00f3. \u201cLa clave de la victoria creo que ha sido nuestra experiencia en La Ruta de la Sal, la buena tripulaci\u00f3n y un barco inmejorable.\u201d<\/p>\n<div style=\"clear: both;\"><\/div>\n<p><a class=\"tt-flickr tt-flickr-Large\" title=\"FOTO-1.5\" href=\"http:\/\/farm6.static.flickr.com\/5043\/5226190110_1d9fdf003f_b.jpg\"><img loading=\"lazy\" decoding=\"async\" class=\"aligncenter\" src=\"http:\/\/farm6.static.flickr.com\/5043\/5226190110_1d9fdf003f_b.jpg\" alt=\"FOTO-1.5\" width=\"675\" height=\"327\" \/><\/a> <a class=\"tt-flickr tt-flickr-Medium\" title=\"FOTO-2.5\" href=\"http:\/\/farm6.static.flickr.com\/5083\/5226190716_10d6984861_b.jpg\"><img loading=\"lazy\" decoding=\"async\" class=\"alignleft\" src=\"http:\/\/farm6.static.flickr.com\/5083\/5226190716_10d6984861.jpg\" alt=\"FOTO-2.5\" width=\"320\" height=\"229\" \/><\/a> <a class=\"tt-flickr tt-flickr-Medium\" title=\"FOTO-3.5\" href=\"http:\/\/farm6.static.flickr.com\/5288\/5226191192_2c13595415_b.jpg\"><img loading=\"lazy\" decoding=\"async\" class=\"alignleft\" src=\"http:\/\/farm6.static.flickr.com\/5288\/5226191192_2c13595415.jpg\" alt=\"FOTO-3.5\" width=\"320\" height=\"229\" \/><\/a> <a class=\"tt-flickr tt-flickr-Medium\" title=\"FOTO-4.5\" href=\"http:\/\/farm6.static.flickr.com\/5244\/5226191638_b48ccd64af_b.jpg\"><img loading=\"lazy\" decoding=\"async\" class=\"alignleft\" src=\"http:\/\/farm6.static.flickr.com\/5244\/5226191638_b48ccd64af.jpg\" alt=\"FOTO-4.5\" width=\"320\" height=\"229\" \/><\/a> <a class=\"tt-flickr tt-flickr-Medium\" title=\"FOTO-5.5\" href=\"http:\/\/farm6.static.flickr.com\/5008\/5225595841_359aef3ba9_b.jpg\"><img loading=\"lazy\" decoding=\"async\" class=\"alignleft\" src=\"http:\/\/farm6.static.flickr.com\/5008\/5225595841_359aef3ba9.jpg\" alt=\"FOTO-5.5\" width=\"320\" height=\"229\" \/><\/a><\/p>\n<p>En la Versi\u00f3n Este, el ganador absoluto fue el Farr 520 <strong>Plis Play<\/strong> de Vicente Garc\u00eda del RCR de Alicante que a la vez llegaba primero en tiempo real despu\u00e9s de 20 horas 22 minutos y 19 segundos de navegaci\u00f3n desde su salida de Denia. En segundo lugar se clasifico el X-35 <strong>Jazztevale<\/strong> de Jos\u00e9 Lu\u00eds Maldonando del RCN de Denia y el tercero ha sido el X 332 <strong>Insotel Blue Brothers II<\/strong> de Javier Mar\u00edn Washbourns del CN Ibiza.<\/p>\n<p>La flota de la Versi\u00f3n Este sal\u00eda del Real Club N\u00e1utico de Denia el pasado jueves 20 de abril a las 16 horas y 10 minutos navegando bajo condiciones muy incomodas. Cielo muy encapotado, lluvia, algunos chubascos, en general poco viento- entre 6 y 12 nudos.- y mucha mar, panorama que se mantuvo durante las primeras horas de la regata. Tras la encalmada de rigor, el ultimo tramo con fuertes vientos de proa y una mar montada que hizo que la navegaci\u00f3n fuese incomoda y muy complicada. \u201cSalimos de Denia con mucho mar, con algunos chubascos y con unos 12 nudos del nor-noreste. A medida que avanz\u00f3 la tarde el viento rol\u00f3 a levante y cay\u00f3. Lo peor fueron las olas.\u201d Comentaba Javier Carratal\u00e1 patr\u00f3n del <strong>Plis Play<\/strong>. \u201cEstamos muy contentos del resultado y con \u00e9sta ya sumamos cuatro victorias en real en la Ruta de Sal. Era nuestro objetivo. Es muy dif\u00edcil ganar ya que cada vez m\u00e1s, La Sal, tiene m\u00e1s nivel competitivo y gente m\u00e1s buena en su flota.\u201d Vicente Garc\u00eda, armador del barco tambi\u00e9n demostraba su satisfacci\u00f3n por haber ganado en tiempo compensado \u201cEstamos muy contentos ya que es la primera vez que ganamos en compensado despu\u00e9s de haber llegado cuatro veces primeros. La regata ha sido complicada pero ha valido la pena\u201d.Destacar el sexto lugar de la \u00fanica tripulaci\u00f3n femenina de la flota, el X-35 <strong>Europcar<\/strong> de Isabel Garc\u00eda que consigui\u00f3 el sexto lugar en la categor\u00eda Alfa 3.<\/p>\n<div style=\"clear: both;\"><\/div>\n<p><a class=\"tt-flickr tt-flickr-Medium\" title=\"FOTO-3.6\" href=\"http:\/\/farm6.static.flickr.com\/5162\/5226191222_b4fde2292f_b.jpg\"><img loading=\"lazy\" decoding=\"async\" class=\"alignleft\" src=\"http:\/\/farm6.static.flickr.com\/5162\/5226191222_b4fde2292f.jpg\" alt=\"FOTO-3.6\" width=\"320\" height=\"229\" \/><\/a> <a class=\"tt-flickr tt-flickr-Medium\" title=\"FOTO-4.6\" href=\"http:\/\/farm6.static.flickr.com\/5007\/5225595387_6a94d81a75_b.jpg\"><img loading=\"lazy\" decoding=\"async\" class=\"alignleft\" src=\"http:\/\/farm6.static.flickr.com\/5007\/5225595387_6a94d81a75.jpg\" alt=\"FOTO-4.6\" width=\"320\" height=\"229\" \/><\/a> <a class=\"tt-flickr tt-flickr-Medium\" title=\"FOTO-5.6\" href=\"http:\/\/farm6.static.flickr.com\/5285\/5226192270_710e0baec0_b.jpg\"><img loading=\"lazy\" decoding=\"async\" class=\"alignleft\" src=\"http:\/\/farm6.static.flickr.com\/5285\/5226192270_710e0baec0.jpg\" alt=\"FOTO-5.6\" width=\"320\" height=\"480\" \/><\/a> <a class=\"tt-flickr tt-flickr-Medium\" title=\"FOTO-6.6\" href=\"http:\/\/farm6.static.flickr.com\/5049\/5226192704_c145b8e517_b.jpg\"><img loading=\"lazy\" decoding=\"async\" class=\"alignleft\" src=\"http:\/\/farm6.static.flickr.com\/5049\/5226192704_c145b8e517.jpg\" alt=\"FOTO-6.6\" width=\"320\" height=\"480\" \/><\/a> <a class=\"tt-flickr tt-flickr-Large\" title=\"FOTO-7.6\" href=\"http:\/\/farm6.static.flickr.com\/5249\/5226193084_a6bb6ff751_b.jpg\"><img loading=\"lazy\" decoding=\"async\" class=\"alignleft\" src=\"http:\/\/farm6.static.flickr.com\/5249\/5226193084_a6bb6ff751_b.jpg\" alt=\"FOTO-7.6\" width=\"657\" height=\"440\" \/><\/a><\/p>\n<p><strong>La Ruta de la Sal<\/strong>, como insiste a menudo Pepe Ferres, nunca ha sido una regata f\u00e1cil, esta edici\u00f3n del 2008 ha confirmado, una vez m\u00e1s, esta afirmaci\u00f3n. Ser\u00e1 recordada como una regata para navegantes expertos con grandes conocimientos sobre las metodolog\u00edas que predominan en la navegaci\u00f3n de altura. Una traves\u00eda compleja y divertida que obliga a felicitar a todos aquellos que lograron cruzar la l\u00ednea de llegada en Botafoch. Para ANAM, organizadores de La Sal, la cuenta atr\u00e1s para la edici\u00f3n del 2009 esta ya en marcha. La salida, como siempre, el pr\u00f3ximo jueves Santo, que por los \u201ccaprichos\u201d lunares ser\u00e1 concretamente el d\u00eda 9 de abril del 2009. Las cosas ser\u00e1n, posiblemente muy diferentes, aunque nunca se sabe. Navegaremos con horario de verano, adem\u00e1s esos 21 d\u00edas de diferencia con respecto a las fechas de este a\u00f1o nos ubican de lleno en la primavera, ya no ser\u00e1 una regata de invierno. Nuevos escenarios para una regata m\u00e1gica y cargada de atractivos.<\/p>\n<div style=\"clear: both;\"><\/div>\n<p><a class=\"tt-flickr tt-flickr-Medium\" title=\"FOTO-1.7\" href=\"http:\/\/farm6.static.flickr.com\/5166\/5225593977_fdc1cd144a_b.jpg\"><img loading=\"lazy\" decoding=\"async\" class=\"alignleft\" src=\"http:\/\/farm6.static.flickr.com\/5166\/5225593977_fdc1cd144a.jpg\" alt=\"FOTO-1.7\" width=\"320\" height=\"229\" \/><\/a><a class=\"tt-flickr tt-flickr-Medium\" title=\"FOTO-2.7\" href=\"http:\/\/farm6.static.flickr.com\/5163\/5225594551_c3c4ebfb43_b.jpg\"><img loading=\"lazy\" decoding=\"async\" class=\"alignleft\" src=\"http:\/\/farm6.static.flickr.com\/5163\/5225594551_c3c4ebfb43.jpg\" alt=\"FOTO-2.7\" width=\"320\" height=\"229\" \/><\/a><a class=\"tt-flickr tt-flickr-Medium\" title=\"FOTO-3.7\" href=\"http:\/\/farm6.static.flickr.com\/5288\/5225594997_d12e966ef1_b.jpg\"><img loading=\"lazy\" decoding=\"async\" class=\"alignleft\" src=\"http:\/\/farm6.static.flickr.com\/5288\/5225594997_d12e966ef1.jpg\" alt=\"FOTO-3.7\" width=\"320\" height=\"229\" \/><\/a><a class=\"tt-flickr tt-flickr-Medium\" title=\"FOTO-4.7\" href=\"http:\/\/farm6.static.flickr.com\/5243\/5226191730_f417622665_b.jpg\"><img loading=\"lazy\" decoding=\"async\" class=\"alignleft\" src=\"http:\/\/farm6.static.flickr.com\/5243\/5226191730_f417622665.jpg\" alt=\"FOTO-4.7\" width=\"320\" height=\"229\" \/><\/a><\/p>\n<div style=\"clear: both;\"><\/div>\n<p>La <strong>Entrega Oficial de Trofeos<\/strong>, tuvo lugar el s\u00e1bado y estuvo <strong>presidida por la Hble. Sra. Josefa Mar\u00ed<\/strong>, <strong>Consellera de Promoci\u00f3n Tur\u00edstica Consell Insular d\u2019Eivissa<\/strong>.<br \/>\nEl Acto se inicio con una Menci\u00f3n de Honor al navegante oce\u00e1nico <strong>Albert Bargues<\/strong>, por su quinta posici\u00f3n en la regata de vuelta al mundo BWR. Siguieron los <strong>Premios a la Fidelidad<\/strong>, para aquellos navegantes que han participado en diez ediciones de \u00abLa Sal\u00bb, as\u00ed como para aquellos que han participado en todas ellas.<br \/>\nTambi\u00e9n se premio a los \u00ab<strong>Joves Navegants de Balears<\/strong>\u00bb y a la \u00ab<strong>Tripulaci\u00f3n Femenina<\/strong>\u00bb del<strong> X-35, EUROPCARD de Isabel Garc\u00eda<\/strong>.<\/p>\n<div style=\"clear: both;\"><\/div>\n<p><a class=\"tt-flickr tt-flickr-Medium\" title=\"FOTO-1.8\" href=\"http:\/\/farm6.static.flickr.com\/5244\/5226190262_39d2ab8dc3_b.jpg\"><img loading=\"lazy\" decoding=\"async\" class=\"alignleft\" src=\"http:\/\/farm6.static.flickr.com\/5244\/5226190262_39d2ab8dc3.jpg\" alt=\"FOTO-1.8\" width=\"320\" height=\"229\" \/><\/a><a class=\"tt-flickr tt-flickr-Medium\" title=\"FOTO-2\" href=\"http:\/\/farm6.static.flickr.com\/5083\/5228418067_c55991628e_b.jpg\"><img loading=\"lazy\" decoding=\"async\" class=\"alignleft\" src=\"http:\/\/farm6.static.flickr.com\/5083\/5228418067_c55991628e.jpg\" alt=\"FOTO-2\" width=\"320\" height=\"229\" \/><\/a><\/p>\n<div style=\"clear: both;\"><\/div>\n<p><a class=\"tt-flickr tt-flickr-Medium\" title=\"FOTO-3.8\" href=\"http:\/\/farm6.static.flickr.com\/5086\/5225595063_4e0c5aaf71_b.jpg\"><img loading=\"lazy\" decoding=\"async\" class=\"alignleft\" src=\"http:\/\/farm6.static.flickr.com\/5086\/5225595063_4e0c5aaf71.jpg\" alt=\"FOTO-3.8\" width=\"320\" height=\"229\" \/><\/a><a class=\"tt-flickr tt-flickr-Medium\" title=\"FOTO-4.8\" href=\"http:\/\/farm6.static.flickr.com\/5082\/5226191782_b8a38b1edc_b.jpg\"><img loading=\"lazy\" decoding=\"async\" class=\"alignleft\" src=\"http:\/\/farm6.static.flickr.com\/5082\/5226191782_b8a38b1edc.jpg\" alt=\"FOTO-4.8\" width=\"320\" height=\"229\" \/><\/a><a class=\"tt-flickr tt-flickr-Medium\" title=\"FOTO-5.8\" href=\"http:\/\/farm6.static.flickr.com\/5122\/5225595957_c0ae6b8f4e_b.jpg\"><img loading=\"lazy\" decoding=\"async\" class=\"alignleft\" src=\"http:\/\/farm6.static.flickr.com\/5122\/5225595957_c0ae6b8f4e.jpg\" alt=\"FOTO-5.8\" width=\"320\" height=\"229\" \/><\/a><a class=\"tt-flickr tt-flickr-Medium\" title=\"FOTO-6.8\" href=\"http:\/\/farm6.static.flickr.com\/5287\/5225596427_4d76cc2a07_b.jpg\"><img loading=\"lazy\" decoding=\"async\" class=\"alignleft\" src=\"http:\/\/farm6.static.flickr.com\/5287\/5225596427_4d76cc2a07.jpg\" alt=\"FOTO-6.8\" width=\"320\" height=\"229\" \/><\/a><\/p>\n<div style=\"clear: both;\"><\/div>\n<p>A continuaci\u00f3n dio comienzo la Entrega de Trofeos de la Regata con los Vencedores al Tiempo Real, en la Versi\u00f3n Norte para Walli\u00f1o, Wally 60 de Jes\u00fas Turro del Real Club N\u00e1utico Barcelona y en la Versi\u00f3n Este para Plis Play, Farr 520 de Vicente Garc\u00eda del Real Club Regatas Alicante. Entrego los Trofeos Sofia Hernan, Directora Insular de la Administraci\u00f3n del Estado de Ibiza y Formentera. Maria Sintes, Directora General de Promoci\u00f3 Industrial de la Conselleria de Comer\u00e7, Industria i Energia del Govern de les Illes Balears, tambi\u00e9n premio a estas tripulaciones, primeras en llegar a Ibiza.<\/p>\n<p>Continuaron los Trofeos por Categor\u00edas y Clases y como colof\u00f3n final, Josefa Mar\u00ed, Consellera de Promocio Turistica del Consell Insualr d\u2019Eivissa hizo entrega del barco de Sal a los Vencedores Absolutos: JAY WALKER, J 35 de Eric Janssen, en la Versi\u00f3n Norte y PLIS PLAY, FARR 520 de Vicente Garc\u00eda del Real Club Regatas Alicante.<\/p>\n<p>Seguidamente dio paso a la tradicional y suculenta Cena en el Recinte Firal d\u2019Eivissa y a la Fiesta de \u201cLa Sal\u201d amenizada con la Orquesta TANIT.<br \/>\nLos mas noct\u00e1mbulos pudieron cerrar la noche con la Fiesta de la Mar Salada en Keeper y Pacha.<\/p>\n<div style=\"clear: both;\"><\/div>\n<p><a class=\"tt-flickr tt-flickr-Medium\" title=\"FOTO-2.9\" href=\"http:\/\/farm6.static.flickr.com\/5165\/5225594597_62b26f07e0_b.jpg\"><img loading=\"lazy\" decoding=\"async\" class=\"alignleft\" src=\"http:\/\/farm6.static.flickr.com\/5165\/5225594597_62b26f07e0.jpg\" alt=\"FOTO-2.9\" width=\"320\" height=\"229\" \/><\/a><a class=\"tt-flickr tt-flickr-Medium\" title=\"FOTO-3.9\" href=\"http:\/\/farm6.static.flickr.com\/5288\/5225595121_4962e3582f_b.jpg\"><img loading=\"lazy\" decoding=\"async\" class=\"alignleft\" src=\"http:\/\/farm6.static.flickr.com\/5288\/5225595121_4962e3582f.jpg\" alt=\"FOTO-3.9\" width=\"320\" height=\"229\" \/><\/a><a class=\"tt-flickr tt-flickr-Medium\" title=\"FOTO-4.9\" href=\"http:\/\/farm6.static.flickr.com\/5008\/5226191832_5fc29c07e0_b.jpg\"><img loading=\"lazy\" decoding=\"async\" class=\"alignleft\" src=\"http:\/\/farm6.static.flickr.com\/5008\/5226191832_5fc29c07e0.jpg\" alt=\"FOTO-4.9\" width=\"320\" height=\"229\" \/><\/a><a class=\"tt-flickr tt-flickr-Medium\" title=\"FOTO-5.9\" href=\"http:\/\/farm6.static.flickr.com\/5124\/5226192388_208c09ea80_b.jpg\"><img loading=\"lazy\" decoding=\"async\" class=\"alignleft\" src=\"http:\/\/farm6.static.flickr.com\/5124\/5226192388_208c09ea80.jpg\" alt=\"FOTO-5.9\" width=\"320\" height=\"229\" \/><\/a><\/p>\n<div style=\"clear: both;\"><\/div>\n<p><a class=\"tt-flickr tt-flickr-Medium\" title=\"FOTO-6.9\" href=\"http:\/\/farm6.static.flickr.com\/5162\/5226192824_cc78aaac9c_b.jpg\"><img loading=\"lazy\" decoding=\"async\" class=\"alignleft\" src=\"http:\/\/farm6.static.flickr.com\/5162\/5226192824_cc78aaac9c.jpg\" alt=\"FOTO-6.9\" width=\"320\" height=\"229\" \/><\/a> <a class=\"tt-flickr tt-flickr-Large\" title=\"FOTO-7.9\" href=\"http:\/\/farm6.static.flickr.com\/5043\/5226193138_6a8d0c3f44_b.jpg\"><img loading=\"lazy\" decoding=\"async\" class=\"alignleft\" src=\"http:\/\/farm6.static.flickr.com\/5043\/5226193138_6a8d0c3f44_b.jpg\" alt=\"FOTO-7.9\" width=\"657\" height=\"480\" \/><\/a> <a class=\"tt-flickr tt-flickr-Medium\" title=\"FOTO-8.9\" href=\"http:\/\/farm6.static.flickr.com\/5203\/5226193320_da0d0d818d_b.jpg\"><img loading=\"lazy\" decoding=\"async\" class=\"alignleft\" src=\"http:\/\/farm6.static.flickr.com\/5203\/5226193320_da0d0d818d.jpg\" alt=\"FOTO-8.9\" width=\"320\" height=\"229\" \/><\/a> <a class=\"tt-flickr tt-flickr-Medium\" title=\"FOTO-9.9\" href=\"http:\/\/farm6.static.flickr.com\/5285\/5226193422_e4c513734a_b.jpg\"><img loading=\"lazy\" decoding=\"async\" class=\"alignleft\" src=\"http:\/\/farm6.static.flickr.com\/5285\/5226193422_e4c513734a.jpg\" alt=\"FOTO-9.9\" width=\"320\" height=\"229\" \/><\/a> <a class=\"tt-flickr tt-flickr-Medium\" title=\"FOTO-10.9\" href=\"http:\/\/farm6.static.flickr.com\/5201\/5225594171_bb6337dcfa_b.jpg\"><img loading=\"lazy\" decoding=\"async\" class=\"alignleft\" src=\"http:\/\/farm6.static.flickr.com\/5201\/5225594171_bb6337dcfa.jpg\" alt=\"FOTO-10.9\" width=\"320\" height=\"229\" \/><\/a> <a class=\"tt-flickr tt-flickr-Medium\" title=\"FOTO-11.9\" href=\"http:\/\/farm6.static.flickr.com\/5088\/5226190464_7f64d6974f_b.jpg\"><img loading=\"lazy\" decoding=\"async\" class=\"alignleft\" src=\"http:\/\/farm6.static.flickr.com\/5088\/5226190464_7f64d6974f.jpg\" alt=\"FOTO-11.9\" width=\"320\" height=\"229\" \/><\/a><\/p>\n","protected":false},"excerpt":{"rendered":"<p><strong>UNA TRAVES\u00cdA COMPLICADA Y CON TODO TIPO DE CONDICIONES, PARA AUT\u00c9NTICOS EXPERTOS EN LA NAVEGACI\u00d3N EN ALTA MAR<\/strong><\/p>\n<p><strong>Jay Walker y Plis Play ganadores absolutos de La 21 Ruta de la Sal. <\/strong><\/p>\n<p><strong>M\u00e1s de 300 barcos en l\u00ednea de Salida, 201 barcos arribados y 134 clasificados<\/strong><\/p>\n","protected":false},"author":1,"featured_media":3537,"comment_status":"open","ping_status":"open","sticky":false,"template":"","format":"standard","meta":{"_acf_changed":false,"footnotes":""},"categories":[2,3],"tags":[],"acf":[],"yoast_head":"<!-- This site is optimized with the Yoast SEO plugin v23.0 - https:\/\/yoast.com\/wordpress\/plugins\/seo\/ -->\n<title>La Ruta de la Sal 2008 | Regata La Ruta de la Sal<\/title>\n<meta name=\"robots\" content=\"noindex, follow, max-snippet:-1, max-image-preview:large, max-video-preview:-1\" \/>\n<meta property=\"og:locale\" content=\"es_ES\" \/>\n<meta property=\"og:type\" content=\"article\" \/>\n<meta property=\"og:title\" content=\"La Ruta de la Sal 2008 | Regata La Ruta de la Sal\" \/>\n<meta property=\"og:description\" content=\"UNA TRAVES\u00cdA COMPLICADA Y CON TODO TIPO DE CONDICIONES, PARA AUT\u00c9NTICOS EXPERTOS EN LA NAVEGACI\u00d3N EN ALTA MAR  Jay Walker y Plis Play ganadores absolutos de La 21 Ruta de la Sal.   M\u00e1s de 300 barcos en l\u00ednea de Salida, 201 barcos arribados y 134 clasificados\" \/>\n<meta property=\"og:url\" content=\"https:\/\/labs.100x100.net\/projects\/rutasal\/la-ruta-de-la-sal-2008\/\" \/>\n<meta property=\"og:site_name\" content=\"Regata La Ruta de la Sal\" \/>\n<meta property=\"article:publisher\" content=\"https:\/\/www.facebook.com\/rutadelasal\/\" \/>\n<meta property=\"article:published_time\" content=\"2008-04-02T10:39:29+00:00\" \/>\n<meta property=\"article:modified_time\" content=\"2019-03-15T20:09:59+00:00\" \/>\n<meta property=\"og:image\" content=\"https:\/\/labs.100x100.net\/projects\/rutasal\/custom\/uploads\/2008\/04\/ruta-la-sal-2008.png\" \/>\n\t<meta property=\"og:image:width\" content=\"495\" \/>\n\t<meta property=\"og:image:height\" content=\"330\" \/>\n\t<meta property=\"og:image:type\" content=\"image\/png\" \/>\n<meta name=\"author\" content=\"La Ruta de la Sal\" \/>\n<meta name=\"twitter:card\" content=\"summary_large_image\" \/>\n<meta name=\"twitter:creator\" content=\"@AnamMedi\" \/>\n<meta name=\"twitter:site\" content=\"@AnamMedi\" \/>\n<meta name=\"twitter:label1\" content=\"Escrito por\" \/>\n\t<meta name=\"twitter:data1\" content=\"La Ruta de la Sal\" \/>\n\t<meta name=\"twitter:label2\" content=\"Tiempo de lectura\" \/>\n\t<meta name=\"twitter:data2\" content=\"10 minutos\" \/>\n<script type=\"application\/ld+json\" class=\"yoast-schema-graph\">{\"@context\":\"https:\/\/schema.org\",\"@graph\":[{\"@type\":\"WebPage\",\"@id\":\"https:\/\/labs.100x100.net\/projects\/rutasal\/la-ruta-de-la-sal-2008\/\",\"url\":\"https:\/\/labs.100x100.net\/projects\/rutasal\/la-ruta-de-la-sal-2008\/\",\"name\":\"La Ruta de la Sal 2008 | Regata La Ruta de la Sal\",\"isPartOf\":{\"@id\":\"https:\/\/labs.100x100.net\/projects\/rutasal\/#website\"},\"primaryImageOfPage\":{\"@id\":\"https:\/\/labs.100x100.net\/projects\/rutasal\/la-ruta-de-la-sal-2008\/#primaryimage\"},\"image\":{\"@id\":\"https:\/\/labs.100x100.net\/projects\/rutasal\/la-ruta-de-la-sal-2008\/#primaryimage\"},\"thumbnailUrl\":\"https:\/\/labs.100x100.net\/projects\/rutasal\/custom\/uploads\/2008\/04\/ruta-la-sal-2008.png\",\"datePublished\":\"2008-04-02T10:39:29+00:00\",\"dateModified\":\"2019-03-15T20:09:59+00:00\",\"author\":{\"@id\":\"https:\/\/labs.100x100.net\/projects\/rutasal\/#\/schema\/person\/214eeb4a2e78fd8373a0a94f6d93c9ca\"},\"breadcrumb\":{\"@id\":\"https:\/\/labs.100x100.net\/projects\/rutasal\/la-ruta-de-la-sal-2008\/#breadcrumb\"},\"inLanguage\":\"es\",\"potentialAction\":[{\"@type\":\"ReadAction\",\"target\":[\"https:\/\/labs.100x100.net\/projects\/rutasal\/la-ruta-de-la-sal-2008\/\"]}]},{\"@type\":\"ImageObject\",\"inLanguage\":\"es\",\"@id\":\"https:\/\/labs.100x100.net\/projects\/rutasal\/la-ruta-de-la-sal-2008\/#primaryimage\",\"url\":\"https:\/\/labs.100x100.net\/projects\/rutasal\/custom\/uploads\/2008\/04\/ruta-la-sal-2008.png\",\"contentUrl\":\"https:\/\/labs.100x100.net\/projects\/rutasal\/custom\/uploads\/2008\/04\/ruta-la-sal-2008.png\",\"width\":495,\"height\":330},{\"@type\":\"BreadcrumbList\",\"@id\":\"https:\/\/labs.100x100.net\/projects\/rutasal\/la-ruta-de-la-sal-2008\/#breadcrumb\",\"itemListElement\":[{\"@type\":\"ListItem\",\"position\":1,\"name\":\"Portada\",\"item\":\"https:\/\/labs.100x100.net\/projects\/rutasal\/\"},{\"@type\":\"ListItem\",\"position\":2,\"name\":\"La Ruta de la Sal 2008\"}]},{\"@type\":\"WebSite\",\"@id\":\"https:\/\/labs.100x100.net\/projects\/rutasal\/#website\",\"url\":\"https:\/\/labs.100x100.net\/projects\/rutasal\/\",\"name\":\"Regata La Ruta de la Sal\",\"description\":\"Regata La Ruta de la Sal es una regata de Altura Mediterr\u00e1nea para barcos de crucero a vela con destino en Ibiza, que se disputa anualmente en Semana Santa.\",\"potentialAction\":[{\"@type\":\"SearchAction\",\"target\":{\"@type\":\"EntryPoint\",\"urlTemplate\":\"https:\/\/labs.100x100.net\/projects\/rutasal\/?s={search_term_string}\"},\"query-input\":\"required name=search_term_string\"}],\"inLanguage\":\"es\"},{\"@type\":\"Person\",\"@id\":\"https:\/\/labs.100x100.net\/projects\/rutasal\/#\/schema\/person\/214eeb4a2e78fd8373a0a94f6d93c9ca\",\"name\":\"La Ruta de la Sal\",\"image\":{\"@type\":\"ImageObject\",\"inLanguage\":\"es\",\"@id\":\"https:\/\/labs.100x100.net\/projects\/rutasal\/#\/schema\/person\/image\/\",\"url\":\"https:\/\/secure.gravatar.com\/avatar\/b247286d4b801d6b1cfcfb3807587284?s=96&d=mm&r=g\",\"contentUrl\":\"https:\/\/secure.gravatar.com\/avatar\/b247286d4b801d6b1cfcfb3807587284?s=96&d=mm&r=g\",\"caption\":\"La Ruta de la Sal\"}}]}<\/script>\n<!-- \/ Yoast SEO plugin. -->","yoast_head_json":{"title":"La Ruta de la Sal 2008 | Regata La Ruta de la Sal","robots":{"index":"noindex","follow":"follow","max-snippet":"max-snippet:-1","max-image-preview":"max-image-preview:large","max-video-preview":"max-video-preview:-1"},"og_locale":"es_ES","og_type":"article","og_title":"La Ruta de la Sal 2008 | Regata La Ruta de la Sal","og_description":"UNA TRAVES\u00cdA COMPLICADA Y CON TODO TIPO DE CONDICIONES, PARA AUT\u00c9NTICOS EXPERTOS EN LA NAVEGACI\u00d3N EN ALTA MAR  Jay Walker y Plis Play ganadores absolutos de La 21 Ruta de la Sal.   M\u00e1s de 300 barcos en l\u00ednea de Salida, 201 barcos arribados y 134 clasificados","og_url":"https:\/\/labs.100x100.net\/projects\/rutasal\/la-ruta-de-la-sal-2008\/","og_site_name":"Regata La Ruta de la Sal","article_publisher":"https:\/\/www.facebook.com\/rutadelasal\/","article_published_time":"2008-04-02T10:39:29+00:00","article_modified_time":"2019-03-15T20:09:59+00:00","og_image":[{"width":495,"height":330,"url":"https:\/\/labs.100x100.net\/projects\/rutasal\/custom\/uploads\/2008\/04\/ruta-la-sal-2008.png","type":"image\/png"}],"author":"La Ruta de la Sal","twitter_card":"summary_large_image","twitter_creator":"@AnamMedi","twitter_site":"@AnamMedi","twitter_misc":{"Escrito por":"La Ruta de la Sal","Tiempo de lectura":"10 minutos"},"schema":{"@context":"https:\/\/schema.org","@graph":[{"@type":"WebPage","@id":"https:\/\/labs.100x100.net\/projects\/rutasal\/la-ruta-de-la-sal-2008\/","url":"https:\/\/labs.100x100.net\/projects\/rutasal\/la-ruta-de-la-sal-2008\/","name":"La Ruta de la Sal 2008 | Regata La Ruta de la Sal","isPartOf":{"@id":"https:\/\/labs.100x100.net\/projects\/rutasal\/#website"},"primaryImageOfPage":{"@id":"https:\/\/labs.100x100.net\/projects\/rutasal\/la-ruta-de-la-sal-2008\/#primaryimage"},"image":{"@id":"https:\/\/labs.100x100.net\/projects\/rutasal\/la-ruta-de-la-sal-2008\/#primaryimage"},"thumbnailUrl":"https:\/\/labs.100x100.net\/projects\/rutasal\/custom\/uploads\/2008\/04\/ruta-la-sal-2008.png","datePublished":"2008-04-02T10:39:29+00:00","dateModified":"2019-03-15T20:09:59+00:00","author":{"@id":"https:\/\/labs.100x100.net\/projects\/rutasal\/#\/schema\/person\/214eeb4a2e78fd8373a0a94f6d93c9ca"},"breadcrumb":{"@id":"https:\/\/labs.100x100.net\/projects\/rutasal\/la-ruta-de-la-sal-2008\/#breadcrumb"},"inLanguage":"es","potentialAction":[{"@type":"ReadAction","target":["https:\/\/labs.100x100.net\/projects\/rutasal\/la-ruta-de-la-sal-2008\/"]}]},{"@type":"ImageObject","inLanguage":"es","@id":"https:\/\/labs.100x100.net\/projects\/rutasal\/la-ruta-de-la-sal-2008\/#primaryimage","url":"https:\/\/labs.100x100.net\/projects\/rutasal\/custom\/uploads\/2008\/04\/ruta-la-sal-2008.png","contentUrl":"https:\/\/labs.100x100.net\/projects\/rutasal\/custom\/uploads\/2008\/04\/ruta-la-sal-2008.png","width":495,"height":330},{"@type":"BreadcrumbList","@id":"https:\/\/labs.100x100.net\/projects\/rutasal\/la-ruta-de-la-sal-2008\/#breadcrumb","itemListElement":[{"@type":"ListItem","position":1,"name":"Portada","item":"https:\/\/labs.100x100.net\/projects\/rutasal\/"},{"@type":"ListItem","position":2,"name":"La Ruta de la Sal 2008"}]},{"@type":"WebSite","@id":"https:\/\/labs.100x100.net\/projects\/rutasal\/#website","url":"https:\/\/labs.100x100.net\/projects\/rutasal\/","name":"Regata La Ruta de la Sal","description":"Regata La Ruta de la Sal es una regata de Altura Mediterr\u00e1nea para barcos de crucero a vela con destino en Ibiza, que se disputa anualmente en Semana Santa.","potentialAction":[{"@type":"SearchAction","target":{"@type":"EntryPoint","urlTemplate":"https:\/\/labs.100x100.net\/projects\/rutasal\/?s={search_term_string}"},"query-input":"required name=search_term_string"}],"inLanguage":"es"},{"@type":"Person","@id":"https:\/\/labs.100x100.net\/projects\/rutasal\/#\/schema\/person\/214eeb4a2e78fd8373a0a94f6d93c9ca","name":"La Ruta de la Sal","image":{"@type":"ImageObject","inLanguage":"es","@id":"https:\/\/labs.100x100.net\/projects\/rutasal\/#\/schema\/person\/image\/","url":"https:\/\/secure.gravatar.com\/avatar\/b247286d4b801d6b1cfcfb3807587284?s=96&d=mm&r=g","contentUrl":"https:\/\/secure.gravatar.com\/avatar\/b247286d4b801d6b1cfcfb3807587284?s=96&d=mm&r=g","caption":"La Ruta de la Sal"}}]}},"_links":{"self":[{"href":"https:\/\/labs.100x100.net\/projects\/rutasal\/wp-json\/wp\/v2\/posts\/323"}],"collection":[{"href":"https:\/\/labs.100x100.net\/projects\/rutasal\/wp-json\/wp\/v2\/posts"}],"about":[{"href":"https:\/\/labs.100x100.net\/projects\/rutasal\/wp-json\/wp\/v2\/types\/post"}],"author":[{"embeddable":true,"href":"https:\/\/labs.100x100.net\/projects\/rutasal\/wp-json\/wp\/v2\/users\/1"}],"replies":[{"embeddable":true,"href":"https:\/\/labs.100x100.net\/projects\/rutasal\/wp-json\/wp\/v2\/comments?post=323"}],"version-history":[{"count":7,"href":"https:\/\/labs.100x100.net\/projects\/rutasal\/wp-json\/wp\/v2\/posts\/323\/revisions"}],"predecessor-version":[{"id":3981,"href":"https:\/\/labs.100x100.net\/projects\/rutasal\/wp-json\/wp\/v2\/posts\/323\/revisions\/3981"}],"wp:featuredmedia":[{"embeddable":true,"href":"https:\/\/labs.100x100.net\/projects\/rutasal\/wp-json\/wp\/v2\/media\/3537"}],"wp:attachment":[{"href":"https:\/\/labs.100x100.net\/projects\/rutasal\/wp-json\/wp\/v2\/media?parent=323"}],"wp:term":[{"taxonomy":"category","embeddable":true,"href":"https:\/\/labs.100x100.net\/projects\/rutasal\/wp-json\/wp\/v2\/categories?post=323"},{"taxonomy":"post_tag","embeddable":true,"href":"https:\/\/labs.100x100.net\/projects\/rutasal\/wp-json\/wp\/v2\/tags?post=323"}],"curies":[{"name":"wp","href":"https:\/\/api.w.org\/{rel}","templated":true}]}}