{"id":3196,"date":"2019-01-23T13:14:38","date_gmt":"2019-01-23T11:14:38","guid":{"rendered":"https:\/\/larutadelasal.com\/?p=3196"},"modified":"2019-02-04T18:28:39","modified_gmt":"2019-02-04T16:28:39","slug":"se-presenta-en-fitur-la-32-edicion-de-la-ruta-de-la-sal","status":"publish","type":"post","link":"https:\/\/labs.100x100.net\/projects\/rutasal\/se-presenta-en-fitur-la-32-edicion-de-la-ruta-de-la-sal\/","title":{"rendered":"Se presenta en Fitur la 32 edici\u00f3n de la Ruta de la Sal"},"content":{"rendered":"<p><span style=\"vertical-align: inherit;\"><span style=\"vertical-align: inherit;\"><span style=\"vertical-align: inherit;\"><span style=\"vertical-align: inherit;\">En FITUR, en el stand de Ibiza, se ha presentado la edici\u00f3n 32 de La Ruta de la Sal, que este a\u00f1o tomar\u00e1 su salida el pr\u00f3ximo 18 de abril.<\/span><\/span><\/span><\/span><\/p>\n<p><img loading=\"lazy\" decoding=\"async\" width=\"945\" height=\"531\" class=\"aligncenter size-medium wp-image-3197\" src=\"https:\/\/larutadelasal.com\/custom\/uploads\/2019\/01\/20190123_125950N.jpg\" alt=\"20190123_125950N\" srcset=\"https:\/\/labs.100x100.net\/projects\/rutasal\/custom\/uploads\/2019\/01\/20190123_125950N.jpg 945w, https:\/\/labs.100x100.net\/projects\/rutasal\/custom\/uploads\/2019\/01\/20190123_125950N-300x169.jpg 300w, https:\/\/labs.100x100.net\/projects\/rutasal\/custom\/uploads\/2019\/01\/20190123_125950N-768x432.jpg 768w\" sizes=\"(max-width: 945px) 100vw, 945px\" \/><\/p>\n<p><span style=\"vertical-align: inherit;\"><span style=\"vertical-align: inherit;\"><span style=\"vertical-align: inherit;\"><span style=\"vertical-align: inherit;\">El Acto Oficial ha sido presidido por Francina Armengol, Presidenta del Govern\u00a0Balear; Vicent Torres Guasch, Presidente del Consell d&#8217;Eivissa, acompa\u00f1ado de Jos\u00e9 Tur Torres, Alcalde del Ayuntamiento de Sant Antoni de Portmany y Vicent Torres Ferrer, Director Insular de Turisme, entre otras autoridades. <\/span><span style=\"vertical-align: inherit;\">Tambi\u00e9n ha estado presente en este acto, Miguel Pardo, directivo de Trasmediterrania, empresa que nuevamente colabora en esta edici\u00f3n de la regata 2019.<\/span><\/span><\/span><\/span><\/p>\n<p><img loading=\"lazy\" decoding=\"async\" width=\"926\" height=\"502\" class=\"aligncenter size-medium wp-image-3206\" src=\"https:\/\/larutadelasal.com\/custom\/uploads\/2019\/01\/20190123_125245N.jpg\" alt=\"20190123_125245N\" srcset=\"https:\/\/labs.100x100.net\/projects\/rutasal\/custom\/uploads\/2019\/01\/20190123_125245N.jpg 926w, https:\/\/labs.100x100.net\/projects\/rutasal\/custom\/uploads\/2019\/01\/20190123_125245N-300x163.jpg 300w, https:\/\/labs.100x100.net\/projects\/rutasal\/custom\/uploads\/2019\/01\/20190123_125245N-768x416.jpg 768w\" sizes=\"(max-width: 926px) 100vw, 926px\" \/><\/p>\n<p><span style=\"vertical-align: inherit;\"><span style=\"vertical-align: inherit;\"><span style=\"vertical-align: inherit;\"><span style=\"vertical-align: inherit;\">La Ruta de la Sal sigue siendo una de las reglas m\u00e1s s\u00f3lidas del Mediterr\u00e1neo, l\u00edder indiscutible en \u00edndices de participaci\u00f3n y popularidad.<\/span><\/span><\/span><\/span><\/p>\n<p><span style=\"vertical-align: inherit;\"><span style=\"vertical-align: inherit;\"><span style=\"vertical-align: inherit;\"><span style=\"vertical-align: inherit;\">Esta pr\u00f3xima semana santa, el mar ser\u00e1 el escenario de una nueva regata\u00a0que reunir\u00e1 a 200 equipos y unos 1.200 regatistas con destino a Sant Antoni, en la isla de Ibiza.<\/span><\/span><\/span><\/span><\/p>\n<p><span style=\"vertical-align: inherit;\"><span style=\"vertical-align: inherit;\"><span style=\"vertical-align: inherit;\"><span style=\"vertical-align: inherit;\">Para m\u00e1s informaci\u00f3n consultar la p\u00e1gina oficial de la regata.<\/span><\/span><\/span><\/span><\/p>\n<p><strong><span style=\"vertical-align: inherit;\"><span style=\"vertical-align: inherit;\">www.larutadelasal.com<\/span><\/span><\/strong><\/p>\n<p>&nbsp;<\/p>\n<p>&nbsp;<\/p>\n","protected":false},"excerpt":{"rendered":"<p>En FITUR, en el stand de Ibiza, se ha presentado la edici\u00f3n 32 de La Ruta de la Sal, que este a\u00f1o tomar\u00e1 su salida el pr\u00f3ximo 18 de abril. El Acto Oficial ha sido presidido por Francina Armengol, Presidenta del Govern\u00a0Balear; Vicent Torres Guasch, Presidente del Consell d&#8217;Eivissa, acompa\u00f1ado de Jos\u00e9 Tur Torres, Alcalde [&hellip;]<\/p>\n","protected":false},"author":1,"featured_media":3235,"comment_status":"open","ping_status":"open","sticky":false,"template":"","format":"standard","meta":{"_acf_changed":false,"footnotes":""},"categories":[3],"tags":[],"acf":[],"yoast_head":"<!-- This site is optimized with the Yoast SEO plugin v23.0 - https:\/\/yoast.com\/wordpress\/plugins\/seo\/ -->\n<title>Se presenta en Fitur la 32 edici\u00f3n de la Ruta de la Sal | Regata La Ruta de la Sal<\/title>\n<meta name=\"robots\" content=\"noindex, follow, max-snippet:-1, max-image-preview:large, max-video-preview:-1\" \/>\n<meta property=\"og:locale\" content=\"es_ES\" \/>\n<meta property=\"og:type\" content=\"article\" \/>\n<meta property=\"og:title\" content=\"Se presenta en Fitur la 32 edici\u00f3n de la Ruta de la Sal | Regata La Ruta de la Sal\" \/>\n<meta property=\"og:description\" content=\"En FITUR, en el stand de Ibiza, se ha presentado la edici\u00f3n 32 de La Ruta de la Sal, que este a\u00f1o tomar\u00e1 su salida el pr\u00f3ximo 18 de abril. El Acto Oficial ha sido presidido por Francina Armengol, Presidenta del Govern\u00a0Balear; Vicent Torres Guasch, Presidente del Consell d&#8217;Eivissa, acompa\u00f1ado de Jos\u00e9 Tur Torres, Alcalde [&hellip;]\" \/>\n<meta property=\"og:url\" content=\"https:\/\/labs.100x100.net\/projects\/rutasal\/se-presenta-en-fitur-la-32-edicion-de-la-ruta-de-la-sal\/\" \/>\n<meta property=\"og:site_name\" content=\"Regata La Ruta de la Sal\" \/>\n<meta property=\"article:publisher\" content=\"https:\/\/www.facebook.com\/rutadelasal\/\" \/>\n<meta property=\"article:published_time\" content=\"2019-01-23T11:14:38+00:00\" \/>\n<meta property=\"article:modified_time\" content=\"2019-02-04T16:28:39+00:00\" \/>\n<meta property=\"og:image\" content=\"https:\/\/labs.100x100.net\/projects\/rutasal\/custom\/uploads\/2019\/01\/rutasal2019.jpg\" \/>\n\t<meta property=\"og:image:width\" content=\"659\" \/>\n\t<meta property=\"og:image:height\" content=\"465\" \/>\n\t<meta property=\"og:image:type\" content=\"image\/jpeg\" \/>\n<meta name=\"author\" content=\"La Ruta de la Sal\" \/>\n<meta name=\"twitter:card\" content=\"summary_large_image\" \/>\n<meta name=\"twitter:creator\" content=\"@AnamMedi\" \/>\n<meta name=\"twitter:site\" content=\"@AnamMedi\" \/>\n<meta name=\"twitter:label1\" content=\"Escrito por\" \/>\n\t<meta name=\"twitter:data1\" content=\"La Ruta de la Sal\" \/>\n\t<meta name=\"twitter:label2\" content=\"Tiempo de lectura\" \/>\n\t<meta name=\"twitter:data2\" content=\"1 minuto\" \/>\n<script type=\"application\/ld+json\" class=\"yoast-schema-graph\">{\"@context\":\"https:\/\/schema.org\",\"@graph\":[{\"@type\":\"WebPage\",\"@id\":\"https:\/\/labs.100x100.net\/projects\/rutasal\/se-presenta-en-fitur-la-32-edicion-de-la-ruta-de-la-sal\/\",\"url\":\"https:\/\/labs.100x100.net\/projects\/rutasal\/se-presenta-en-fitur-la-32-edicion-de-la-ruta-de-la-sal\/\",\"name\":\"Se presenta en Fitur la 32 edici\u00f3n de la Ruta de la Sal | Regata La Ruta de la Sal\",\"isPartOf\":{\"@id\":\"https:\/\/labs.100x100.net\/projects\/rutasal\/#website\"},\"primaryImageOfPage\":{\"@id\":\"https:\/\/labs.100x100.net\/projects\/rutasal\/se-presenta-en-fitur-la-32-edicion-de-la-ruta-de-la-sal\/#primaryimage\"},\"image\":{\"@id\":\"https:\/\/labs.100x100.net\/projects\/rutasal\/se-presenta-en-fitur-la-32-edicion-de-la-ruta-de-la-sal\/#primaryimage\"},\"thumbnailUrl\":\"https:\/\/labs.100x100.net\/projects\/rutasal\/custom\/uploads\/2019\/01\/rutasal2019.jpg\",\"datePublished\":\"2019-01-23T11:14:38+00:00\",\"dateModified\":\"2019-02-04T16:28:39+00:00\",\"author\":{\"@id\":\"https:\/\/labs.100x100.net\/projects\/rutasal\/#\/schema\/person\/214eeb4a2e78fd8373a0a94f6d93c9ca\"},\"breadcrumb\":{\"@id\":\"https:\/\/labs.100x100.net\/projects\/rutasal\/se-presenta-en-fitur-la-32-edicion-de-la-ruta-de-la-sal\/#breadcrumb\"},\"inLanguage\":\"es\",\"potentialAction\":[{\"@type\":\"ReadAction\",\"target\":[\"https:\/\/labs.100x100.net\/projects\/rutasal\/se-presenta-en-fitur-la-32-edicion-de-la-ruta-de-la-sal\/\"]}]},{\"@type\":\"ImageObject\",\"inLanguage\":\"es\",\"@id\":\"https:\/\/labs.100x100.net\/projects\/rutasal\/se-presenta-en-fitur-la-32-edicion-de-la-ruta-de-la-sal\/#primaryimage\",\"url\":\"https:\/\/labs.100x100.net\/projects\/rutasal\/custom\/uploads\/2019\/01\/rutasal2019.jpg\",\"contentUrl\":\"https:\/\/labs.100x100.net\/projects\/rutasal\/custom\/uploads\/2019\/01\/rutasal2019.jpg\",\"width\":659,\"height\":465},{\"@type\":\"BreadcrumbList\",\"@id\":\"https:\/\/labs.100x100.net\/projects\/rutasal\/se-presenta-en-fitur-la-32-edicion-de-la-ruta-de-la-sal\/#breadcrumb\",\"itemListElement\":[{\"@type\":\"ListItem\",\"position\":1,\"name\":\"Portada\",\"item\":\"https:\/\/labs.100x100.net\/projects\/rutasal\/\"},{\"@type\":\"ListItem\",\"position\":2,\"name\":\"Se presenta en Fitur la 32 edici\u00f3n de la Ruta de la Sal\"}]},{\"@type\":\"WebSite\",\"@id\":\"https:\/\/labs.100x100.net\/projects\/rutasal\/#website\",\"url\":\"https:\/\/labs.100x100.net\/projects\/rutasal\/\",\"name\":\"Regata La Ruta de la Sal\",\"description\":\"Regata La Ruta de la Sal es una regata de Altura Mediterr\u00e1nea para barcos de crucero a vela con destino en Ibiza, que se disputa anualmente en Semana Santa.\",\"potentialAction\":[{\"@type\":\"SearchAction\",\"target\":{\"@type\":\"EntryPoint\",\"urlTemplate\":\"https:\/\/labs.100x100.net\/projects\/rutasal\/?s={search_term_string}\"},\"query-input\":\"required name=search_term_string\"}],\"inLanguage\":\"es\"},{\"@type\":\"Person\",\"@id\":\"https:\/\/labs.100x100.net\/projects\/rutasal\/#\/schema\/person\/214eeb4a2e78fd8373a0a94f6d93c9ca\",\"name\":\"La Ruta de la Sal\",\"image\":{\"@type\":\"ImageObject\",\"inLanguage\":\"es\",\"@id\":\"https:\/\/labs.100x100.net\/projects\/rutasal\/#\/schema\/person\/image\/\",\"url\":\"https:\/\/secure.gravatar.com\/avatar\/b247286d4b801d6b1cfcfb3807587284?s=96&d=mm&r=g\",\"contentUrl\":\"https:\/\/secure.gravatar.com\/avatar\/b247286d4b801d6b1cfcfb3807587284?s=96&d=mm&r=g\",\"caption\":\"La Ruta de la Sal\"}}]}<\/script>\n<!-- \/ Yoast SEO plugin. -->","yoast_head_json":{"title":"Se presenta en Fitur la 32 edici\u00f3n de la Ruta de la Sal | Regata La Ruta de la Sal","robots":{"index":"noindex","follow":"follow","max-snippet":"max-snippet:-1","max-image-preview":"max-image-preview:large","max-video-preview":"max-video-preview:-1"},"og_locale":"es_ES","og_type":"article","og_title":"Se presenta en Fitur la 32 edici\u00f3n de la Ruta de la Sal | Regata La Ruta de la Sal","og_description":"En FITUR, en el stand de Ibiza, se ha presentado la edici\u00f3n 32 de La Ruta de la Sal, que este a\u00f1o tomar\u00e1 su salida el pr\u00f3ximo 18 de abril. El Acto Oficial ha sido presidido por Francina Armengol, Presidenta del Govern\u00a0Balear; Vicent Torres Guasch, Presidente del Consell d&#8217;Eivissa, acompa\u00f1ado de Jos\u00e9 Tur Torres, Alcalde [&hellip;]","og_url":"https:\/\/labs.100x100.net\/projects\/rutasal\/se-presenta-en-fitur-la-32-edicion-de-la-ruta-de-la-sal\/","og_site_name":"Regata La Ruta de la Sal","article_publisher":"https:\/\/www.facebook.com\/rutadelasal\/","article_published_time":"2019-01-23T11:14:38+00:00","article_modified_time":"2019-02-04T16:28:39+00:00","og_image":[{"width":659,"height":465,"url":"https:\/\/labs.100x100.net\/projects\/rutasal\/custom\/uploads\/2019\/01\/rutasal2019.jpg","type":"image\/jpeg"}],"author":"La Ruta de la Sal","twitter_card":"summary_large_image","twitter_creator":"@AnamMedi","twitter_site":"@AnamMedi","twitter_misc":{"Escrito por":"La Ruta de la Sal","Tiempo de lectura":"1 minuto"},"schema":{"@context":"https:\/\/schema.org","@graph":[{"@type":"WebPage","@id":"https:\/\/labs.100x100.net\/projects\/rutasal\/se-presenta-en-fitur-la-32-edicion-de-la-ruta-de-la-sal\/","url":"https:\/\/labs.100x100.net\/projects\/rutasal\/se-presenta-en-fitur-la-32-edicion-de-la-ruta-de-la-sal\/","name":"Se presenta en Fitur la 32 edici\u00f3n de la Ruta de la Sal | Regata La Ruta de la Sal","isPartOf":{"@id":"https:\/\/labs.100x100.net\/projects\/rutasal\/#website"},"primaryImageOfPage":{"@id":"https:\/\/labs.100x100.net\/projects\/rutasal\/se-presenta-en-fitur-la-32-edicion-de-la-ruta-de-la-sal\/#primaryimage"},"image":{"@id":"https:\/\/labs.100x100.net\/projects\/rutasal\/se-presenta-en-fitur-la-32-edicion-de-la-ruta-de-la-sal\/#primaryimage"},"thumbnailUrl":"https:\/\/labs.100x100.net\/projects\/rutasal\/custom\/uploads\/2019\/01\/rutasal2019.jpg","datePublished":"2019-01-23T11:14:38+00:00","dateModified":"2019-02-04T16:28:39+00:00","author":{"@id":"https:\/\/labs.100x100.net\/projects\/rutasal\/#\/schema\/person\/214eeb4a2e78fd8373a0a94f6d93c9ca"},"breadcrumb":{"@id":"https:\/\/labs.100x100.net\/projects\/rutasal\/se-presenta-en-fitur-la-32-edicion-de-la-ruta-de-la-sal\/#breadcrumb"},"inLanguage":"es","potentialAction":[{"@type":"ReadAction","target":["https:\/\/labs.100x100.net\/projects\/rutasal\/se-presenta-en-fitur-la-32-edicion-de-la-ruta-de-la-sal\/"]}]},{"@type":"ImageObject","inLanguage":"es","@id":"https:\/\/labs.100x100.net\/projects\/rutasal\/se-presenta-en-fitur-la-32-edicion-de-la-ruta-de-la-sal\/#primaryimage","url":"https:\/\/labs.100x100.net\/projects\/rutasal\/custom\/uploads\/2019\/01\/rutasal2019.jpg","contentUrl":"https:\/\/labs.100x100.net\/projects\/rutasal\/custom\/uploads\/2019\/01\/rutasal2019.jpg","width":659,"height":465},{"@type":"BreadcrumbList","@id":"https:\/\/labs.100x100.net\/projects\/rutasal\/se-presenta-en-fitur-la-32-edicion-de-la-ruta-de-la-sal\/#breadcrumb","itemListElement":[{"@type":"ListItem","position":1,"name":"Portada","item":"https:\/\/labs.100x100.net\/projects\/rutasal\/"},{"@type":"ListItem","position":2,"name":"Se presenta en Fitur la 32 edici\u00f3n de la Ruta de la Sal"}]},{"@type":"WebSite","@id":"https:\/\/labs.100x100.net\/projects\/rutasal\/#website","url":"https:\/\/labs.100x100.net\/projects\/rutasal\/","name":"Regata La Ruta de la Sal","description":"Regata La Ruta de la Sal es una regata de Altura Mediterr\u00e1nea para barcos de crucero a vela con destino en Ibiza, que se disputa anualmente en Semana Santa.","potentialAction":[{"@type":"SearchAction","target":{"@type":"EntryPoint","urlTemplate":"https:\/\/labs.100x100.net\/projects\/rutasal\/?s={search_term_string}"},"query-input":"required name=search_term_string"}],"inLanguage":"es"},{"@type":"Person","@id":"https:\/\/labs.100x100.net\/projects\/rutasal\/#\/schema\/person\/214eeb4a2e78fd8373a0a94f6d93c9ca","name":"La Ruta de la Sal","image":{"@type":"ImageObject","inLanguage":"es","@id":"https:\/\/labs.100x100.net\/projects\/rutasal\/#\/schema\/person\/image\/","url":"https:\/\/secure.gravatar.com\/avatar\/b247286d4b801d6b1cfcfb3807587284?s=96&d=mm&r=g","contentUrl":"https:\/\/secure.gravatar.com\/avatar\/b247286d4b801d6b1cfcfb3807587284?s=96&d=mm&r=g","caption":"La Ruta de la Sal"}}]}},"_links":{"self":[{"href":"https:\/\/labs.100x100.net\/projects\/rutasal\/wp-json\/wp\/v2\/posts\/3196"}],"collection":[{"href":"https:\/\/labs.100x100.net\/projects\/rutasal\/wp-json\/wp\/v2\/posts"}],"about":[{"href":"https:\/\/labs.100x100.net\/projects\/rutasal\/wp-json\/wp\/v2\/types\/post"}],"author":[{"embeddable":true,"href":"https:\/\/labs.100x100.net\/projects\/rutasal\/wp-json\/wp\/v2\/users\/1"}],"replies":[{"embeddable":true,"href":"https:\/\/labs.100x100.net\/projects\/rutasal\/wp-json\/wp\/v2\/comments?post=3196"}],"version-history":[{"count":5,"href":"https:\/\/labs.100x100.net\/projects\/rutasal\/wp-json\/wp\/v2\/posts\/3196\/revisions"}],"predecessor-version":[{"id":3242,"href":"https:\/\/labs.100x100.net\/projects\/rutasal\/wp-json\/wp\/v2\/posts\/3196\/revisions\/3242"}],"wp:featuredmedia":[{"embeddable":true,"href":"https:\/\/labs.100x100.net\/projects\/rutasal\/wp-json\/wp\/v2\/media\/3235"}],"wp:attachment":[{"href":"https:\/\/labs.100x100.net\/projects\/rutasal\/wp-json\/wp\/v2\/media?parent=3196"}],"wp:term":[{"taxonomy":"category","embeddable":true,"href":"https:\/\/labs.100x100.net\/projects\/rutasal\/wp-json\/wp\/v2\/categories?post=3196"},{"taxonomy":"post_tag","embeddable":true,"href":"https:\/\/labs.100x100.net\/projects\/rutasal\/wp-json\/wp\/v2\/tags?post=3196"}],"curies":[{"name":"wp","href":"https:\/\/api.w.org\/{rel}","templated":true}]}}