{"id":3167,"date":"2018-11-30T12:51:15","date_gmt":"2018-11-30T12:51:15","guid":{"rendered":"https:\/\/larutadelasal.com\/?p=3167"},"modified":"2019-03-01T14:09:43","modified_gmt":"2019-03-01T12:09:43","slug":"rumbo-a-la-ruta-de-la-sal-2019-2","status":"publish","type":"post","link":"https:\/\/labs.100x100.net\/projects\/rutasal\/rumbo-a-la-ruta-de-la-sal-2019-2\/","title":{"rendered":"Rumbo a la Ruta de la Sal 2019"},"content":{"rendered":"<p><strong>Del 18 AL 21 DE ABRIL DEL 2019: 32 EDICI\u00d3N DE LA RUTA DE LA SAL.<\/strong><\/p>\n<p>Con tres recorridos deportivos alternativos; 200 embarcaciones en competici\u00f3n y unos 1.400 regatistas, La Sal 2019 consolidar\u00e1 su posici\u00f3n de competici\u00f3n l\u00edder en su tipolog\u00eda.<\/p>\n<p>Gran \u00e9xito de la Regata Inshore-Trofeo Bah\u00eda de Sant Antoni, como novedad deportiva al incorporarse al programa de La Sal.<\/p>\n<p>En esta regata \u201cinshore\u201d de 10 millas n\u00e1uticas dentro de la Bah\u00eda de Sant Antoni de Portmany,\u00a0\u00a0 los equipos participantes en las diferentes Versiones de La Sal medir\u00e1n sus potenciales.<\/p>\n<p><img decoding=\"async\" class=\"aligncenter\" src=\"http:\/\/farm1.staticflickr.com\/810\/40481679804_d5b0c03826.jpg\"  \/><\/p>\n<p>La 32 edici\u00f3n de la Ruta de La Sal, regata fundada por Pepe Ferres se celebrar\u00e1 del 18 al 21 de abril del 2019. La primavera estar\u00e1 ya claramente implantada y el jueves , 18 de abril, ser\u00e1 luna llena, garantizando unas navegaciones nocturnas hacia Ibiza cargadas de atractivos pl\u00e1sticos. Tambi\u00e9n, todo hay que decirlo, expuestas a las inestabilidades e imprecisiones atmosf\u00e9ricas que, a menudo, van asociadas a los cambios de luna, y que para muchos son, en cierta manera, uno de los atractivos deportivos de esta competici\u00f3n.<\/p>\n<p>Un a\u00f1o m\u00e1s la organizaci\u00f3n de la Ruta de La Sal, ha limitado la participaci\u00f3n a un m\u00e1ximo de 200 embarcaciones. Una decisi\u00f3n estrat\u00e9gica justificada en temas como las disponibilidades reales de plazas de amarre e infraestructuras de apoyo t\u00e9cnico y funcional en Sant Antoni de Portmany y, sin duda alguna, la voluntad de ofrecer a todos los participantes un evento dimensionado en su justa medida que ofrezca a todos los equipos en competici\u00f3n una propuesta t\u00e9cnica, deportiva y social de gran calidad.<\/p>\n<p><img decoding=\"async\" class=\"aligncenter\"  src=\"http:\/\/farm1.staticflickr.com\/788\/40481871274_81c4fe6fcf.jpg\" alt=\"31 La Ruta de La Sal 2018\" \/><\/p>\n<p>El Club N\u00e0utic Sant Antoni y Port IB ponen a disposici\u00f3n de la Regata un m\u00e1ximo de 160 amarres y 40 boyas. La asignaci\u00f3n de amarres se realizar\u00e1 por estricto orden de confirmaci\u00f3n de inscripciones. Una vez cubiertos los 160 amarres, las siguientes 40 embarcaciones que confirmen su inscripci\u00f3n ser\u00e1n asignadas a las boyas, hasta agotar el cupo m\u00e1ximo.<\/p>\n<p>Las inscripciones se tramitar\u00e1n a trav\u00e9s de la p\u00e1gina www.larutadelasal.com.<\/p>\n<p>La competici\u00f3n volver\u00e1 a incluir tres recorridos alternativos. Todos ellos, l\u00f3gicamente, con destino a las instalaciones del Club N\u00e1utico de Sant Antoni de Portmany en Ibiza : La \u201cVersi\u00f3n Barcelona\u201d que saldr\u00e1 desde el Club Mar\u00edtimo de Port Ginesta; La \u201cVersi\u00f3n Denia\u201d con salida desde el Real Club N\u00e1utico de Denia y la \u201cVersi\u00f3n Mallorca\u201d que zarpara rumbo a Ibiza desde el Club de Vela del Puerto de Andratx. Tres interesantes regatas de aproximaci\u00f3n a Ibiza, cada una de ellas con una marcada entidad propia, con sus atractivos t\u00e9cnicos y t\u00e1cticos muy espec\u00edficos, que en su conjunto conforman el programa deportivo de La Ruta de Sal, que este a\u00f1o, como aut\u00e9ntica novedad deportiva, incorporar\u00e1 una regata \u201cinshore\u201d, a disputarse en domingo 21 de abril de 2019, de unas 10 millas dentro de la Bah\u00eda de Sant Antoni de Portmany destinada a que los equipos participantes en la diferentes Versiones puedan medir sus potenciales en un circuito r\u00e1pido y muy t\u00e1ctico.<\/p>\n<p>Tras la competici\u00f3n los participantes en La Sal 2019 , podr\u00e1n disfrutar de las magias de Ibiza. La organizaci\u00f3n prepara, para este a\u00f1o un programa de actividades din\u00e1mico y cargado de interesantes propuestas sociales y culturales que se cerrara el s\u00e1bado 20 de abril de 2019, con la entrega de Premios de la 32 Ruta de La Sal, la cena de los participantes y Fiesta de La Sal.<\/p>\n<p><img decoding=\"async\" class=\"aligncenter\" title=\"31 La Ruta de La Sal 2018\" src=\"http:\/\/farm1.staticflickr.com\/898\/41196033361_fd284d7d50.jpg\" alt=\"31 La Ruta de La Sal 2018\"\/><\/p>\n<p>Tal y como se ha avanzado, el domingo 21 de abril de 2019, est\u00e1 previsto disputar una regata \u201cinshore\u201d de unas 10 millas en la Bah\u00eda de Sant Antoni.<\/p>\n<p>Prueba que ha tenido mucha aceptaci\u00f3n y, a la que la gran mayor\u00eda de los barcos inscritos en esta pr\u00f3xima edici\u00f3n de La Ruta de la Sal, ya han confirmado su participaci\u00f3n.<\/p>\n<p>La idea es permitir que los participantes en las diferentes versiones de La Sal puedan competir conjuntamente durante unas millas. Finalizada la prueba, tras cruzar la l\u00ednea de llegada, los equipos en competici\u00f3n podr\u00e1n, sin necesidad de volver a tierra, poner rumbo a sus puertos base. Los resultados de este Trofeo ser\u00e1n directamente notificados a los participantes y debidamente publicados en la web de La Sal La entrega de Premios se celebrara en el Sal\u00f3n N\u00e1utico de Barcelona 2019, coincidiendo con la presentaci\u00f3n de La Sal del 2020.<\/p>\n<p><img decoding=\"async\" class=\"aligncenter\" title=\"31 La Ruta de La Sal 2018\" src=\"http:\/\/farm1.staticflickr.com\/864\/39310930550_f131e69e86.jpg\" alt=\"31 La Ruta de La Sal 2018\" \/><\/p>\n","protected":false},"excerpt":{"rendered":"<p>Del 18 AL 21 DE ABRIL DEL 2019: 32 EDICI\u00d3N DE LA RUTA DE LA SAL. Con tres recorridos deportivos alternativos; 200 embarcaciones en competici\u00f3n y unos 1.400 regatistas, La Sal 2019 consolidar\u00e1 su posici\u00f3n de competici\u00f3n l\u00edder en su tipolog\u00eda. Gran \u00e9xito de la Regata Inshore-Trofeo Bah\u00eda de Sant Antoni, como novedad deportiva al [&hellip;]<\/p>\n","protected":false},"author":1,"featured_media":3493,"comment_status":"closed","ping_status":"open","sticky":false,"template":"","format":"standard","meta":{"_acf_changed":false,"footnotes":""},"categories":[3],"tags":[],"acf":[],"yoast_head":"<!-- This site is optimized with the Yoast SEO plugin v23.0 - https:\/\/yoast.com\/wordpress\/plugins\/seo\/ -->\n<title>Rumbo a la Ruta de la Sal 2019 | Regata La Ruta de la Sal<\/title>\n<meta name=\"robots\" content=\"noindex, follow, max-snippet:-1, max-image-preview:large, max-video-preview:-1\" \/>\n<meta property=\"og:locale\" content=\"es_ES\" \/>\n<meta property=\"og:type\" content=\"article\" \/>\n<meta property=\"og:title\" content=\"Rumbo a la Ruta de la Sal 2019 | Regata La Ruta de la Sal\" \/>\n<meta property=\"og:description\" content=\"Del 18 AL 21 DE ABRIL DEL 2019: 32 EDICI\u00d3N DE LA RUTA DE LA SAL. Con tres recorridos deportivos alternativos; 200 embarcaciones en competici\u00f3n y unos 1.400 regatistas, La Sal 2019 consolidar\u00e1 su posici\u00f3n de competici\u00f3n l\u00edder en su tipolog\u00eda. Gran \u00e9xito de la Regata Inshore-Trofeo Bah\u00eda de Sant Antoni, como novedad deportiva al [&hellip;]\" \/>\n<meta property=\"og:url\" content=\"https:\/\/labs.100x100.net\/projects\/rutasal\/rumbo-a-la-ruta-de-la-sal-2019-2\/\" \/>\n<meta property=\"og:site_name\" content=\"Regata La Ruta de la Sal\" \/>\n<meta property=\"article:publisher\" content=\"https:\/\/www.facebook.com\/rutadelasal\/\" \/>\n<meta property=\"article:published_time\" content=\"2018-11-30T12:51:15+00:00\" \/>\n<meta property=\"article:modified_time\" content=\"2019-03-01T12:09:43+00:00\" \/>\n<meta property=\"og:image\" content=\"https:\/\/labs.100x100.net\/projects\/rutasal\/custom\/uploads\/2018\/11\/40481679804_d5b0c03826.jpg\" \/>\n\t<meta property=\"og:image:width\" content=\"500\" \/>\n\t<meta property=\"og:image:height\" content=\"334\" \/>\n\t<meta property=\"og:image:type\" content=\"image\/jpeg\" \/>\n<meta name=\"author\" content=\"La Ruta de la Sal\" \/>\n<meta name=\"twitter:card\" content=\"summary_large_image\" \/>\n<meta name=\"twitter:creator\" content=\"@AnamMedi\" \/>\n<meta name=\"twitter:site\" content=\"@AnamMedi\" \/>\n<meta name=\"twitter:label1\" content=\"Escrito por\" \/>\n\t<meta name=\"twitter:data1\" content=\"La Ruta de la Sal\" \/>\n\t<meta name=\"twitter:label2\" content=\"Tiempo de lectura\" \/>\n\t<meta name=\"twitter:data2\" content=\"4 minutos\" \/>\n<script type=\"application\/ld+json\" class=\"yoast-schema-graph\">{\"@context\":\"https:\/\/schema.org\",\"@graph\":[{\"@type\":\"WebPage\",\"@id\":\"https:\/\/labs.100x100.net\/projects\/rutasal\/rumbo-a-la-ruta-de-la-sal-2019-2\/\",\"url\":\"https:\/\/labs.100x100.net\/projects\/rutasal\/rumbo-a-la-ruta-de-la-sal-2019-2\/\",\"name\":\"Rumbo a la Ruta de la Sal 2019 | Regata La Ruta de la Sal\",\"isPartOf\":{\"@id\":\"https:\/\/labs.100x100.net\/projects\/rutasal\/#website\"},\"primaryImageOfPage\":{\"@id\":\"https:\/\/labs.100x100.net\/projects\/rutasal\/rumbo-a-la-ruta-de-la-sal-2019-2\/#primaryimage\"},\"image\":{\"@id\":\"https:\/\/labs.100x100.net\/projects\/rutasal\/rumbo-a-la-ruta-de-la-sal-2019-2\/#primaryimage\"},\"thumbnailUrl\":\"https:\/\/labs.100x100.net\/projects\/rutasal\/custom\/uploads\/2018\/11\/40481679804_d5b0c03826.jpg\",\"datePublished\":\"2018-11-30T12:51:15+00:00\",\"dateModified\":\"2019-03-01T12:09:43+00:00\",\"author\":{\"@id\":\"https:\/\/labs.100x100.net\/projects\/rutasal\/#\/schema\/person\/214eeb4a2e78fd8373a0a94f6d93c9ca\"},\"breadcrumb\":{\"@id\":\"https:\/\/labs.100x100.net\/projects\/rutasal\/rumbo-a-la-ruta-de-la-sal-2019-2\/#breadcrumb\"},\"inLanguage\":\"es\",\"potentialAction\":[{\"@type\":\"ReadAction\",\"target\":[\"https:\/\/labs.100x100.net\/projects\/rutasal\/rumbo-a-la-ruta-de-la-sal-2019-2\/\"]}]},{\"@type\":\"ImageObject\",\"inLanguage\":\"es\",\"@id\":\"https:\/\/labs.100x100.net\/projects\/rutasal\/rumbo-a-la-ruta-de-la-sal-2019-2\/#primaryimage\",\"url\":\"https:\/\/labs.100x100.net\/projects\/rutasal\/custom\/uploads\/2018\/11\/40481679804_d5b0c03826.jpg\",\"contentUrl\":\"https:\/\/labs.100x100.net\/projects\/rutasal\/custom\/uploads\/2018\/11\/40481679804_d5b0c03826.jpg\",\"width\":500,\"height\":334},{\"@type\":\"BreadcrumbList\",\"@id\":\"https:\/\/labs.100x100.net\/projects\/rutasal\/rumbo-a-la-ruta-de-la-sal-2019-2\/#breadcrumb\",\"itemListElement\":[{\"@type\":\"ListItem\",\"position\":1,\"name\":\"Portada\",\"item\":\"https:\/\/labs.100x100.net\/projects\/rutasal\/\"},{\"@type\":\"ListItem\",\"position\":2,\"name\":\"Rumbo a la Ruta de la Sal 2019\"}]},{\"@type\":\"WebSite\",\"@id\":\"https:\/\/labs.100x100.net\/projects\/rutasal\/#website\",\"url\":\"https:\/\/labs.100x100.net\/projects\/rutasal\/\",\"name\":\"Regata La Ruta de la Sal\",\"description\":\"Regata La Ruta de la Sal es una regata de Altura Mediterr\u00e1nea para barcos de crucero a vela con destino en Ibiza, que se disputa anualmente en Semana Santa.\",\"potentialAction\":[{\"@type\":\"SearchAction\",\"target\":{\"@type\":\"EntryPoint\",\"urlTemplate\":\"https:\/\/labs.100x100.net\/projects\/rutasal\/?s={search_term_string}\"},\"query-input\":\"required name=search_term_string\"}],\"inLanguage\":\"es\"},{\"@type\":\"Person\",\"@id\":\"https:\/\/labs.100x100.net\/projects\/rutasal\/#\/schema\/person\/214eeb4a2e78fd8373a0a94f6d93c9ca\",\"name\":\"La Ruta de la Sal\",\"image\":{\"@type\":\"ImageObject\",\"inLanguage\":\"es\",\"@id\":\"https:\/\/labs.100x100.net\/projects\/rutasal\/#\/schema\/person\/image\/\",\"url\":\"https:\/\/secure.gravatar.com\/avatar\/b247286d4b801d6b1cfcfb3807587284?s=96&d=mm&r=g\",\"contentUrl\":\"https:\/\/secure.gravatar.com\/avatar\/b247286d4b801d6b1cfcfb3807587284?s=96&d=mm&r=g\",\"caption\":\"La Ruta de la Sal\"}}]}<\/script>\n<!-- \/ Yoast SEO plugin. -->","yoast_head_json":{"title":"Rumbo a la Ruta de la Sal 2019 | Regata La Ruta de la Sal","robots":{"index":"noindex","follow":"follow","max-snippet":"max-snippet:-1","max-image-preview":"max-image-preview:large","max-video-preview":"max-video-preview:-1"},"og_locale":"es_ES","og_type":"article","og_title":"Rumbo a la Ruta de la Sal 2019 | Regata La Ruta de la Sal","og_description":"Del 18 AL 21 DE ABRIL DEL 2019: 32 EDICI\u00d3N DE LA RUTA DE LA SAL. Con tres recorridos deportivos alternativos; 200 embarcaciones en competici\u00f3n y unos 1.400 regatistas, La Sal 2019 consolidar\u00e1 su posici\u00f3n de competici\u00f3n l\u00edder en su tipolog\u00eda. Gran \u00e9xito de la Regata Inshore-Trofeo Bah\u00eda de Sant Antoni, como novedad deportiva al [&hellip;]","og_url":"https:\/\/labs.100x100.net\/projects\/rutasal\/rumbo-a-la-ruta-de-la-sal-2019-2\/","og_site_name":"Regata La Ruta de la Sal","article_publisher":"https:\/\/www.facebook.com\/rutadelasal\/","article_published_time":"2018-11-30T12:51:15+00:00","article_modified_time":"2019-03-01T12:09:43+00:00","og_image":[{"width":500,"height":334,"url":"https:\/\/labs.100x100.net\/projects\/rutasal\/custom\/uploads\/2018\/11\/40481679804_d5b0c03826.jpg","type":"image\/jpeg"}],"author":"La Ruta de la Sal","twitter_card":"summary_large_image","twitter_creator":"@AnamMedi","twitter_site":"@AnamMedi","twitter_misc":{"Escrito por":"La Ruta de la Sal","Tiempo de lectura":"4 minutos"},"schema":{"@context":"https:\/\/schema.org","@graph":[{"@type":"WebPage","@id":"https:\/\/labs.100x100.net\/projects\/rutasal\/rumbo-a-la-ruta-de-la-sal-2019-2\/","url":"https:\/\/labs.100x100.net\/projects\/rutasal\/rumbo-a-la-ruta-de-la-sal-2019-2\/","name":"Rumbo a la Ruta de la Sal 2019 | Regata La Ruta de la Sal","isPartOf":{"@id":"https:\/\/labs.100x100.net\/projects\/rutasal\/#website"},"primaryImageOfPage":{"@id":"https:\/\/labs.100x100.net\/projects\/rutasal\/rumbo-a-la-ruta-de-la-sal-2019-2\/#primaryimage"},"image":{"@id":"https:\/\/labs.100x100.net\/projects\/rutasal\/rumbo-a-la-ruta-de-la-sal-2019-2\/#primaryimage"},"thumbnailUrl":"https:\/\/labs.100x100.net\/projects\/rutasal\/custom\/uploads\/2018\/11\/40481679804_d5b0c03826.jpg","datePublished":"2018-11-30T12:51:15+00:00","dateModified":"2019-03-01T12:09:43+00:00","author":{"@id":"https:\/\/labs.100x100.net\/projects\/rutasal\/#\/schema\/person\/214eeb4a2e78fd8373a0a94f6d93c9ca"},"breadcrumb":{"@id":"https:\/\/labs.100x100.net\/projects\/rutasal\/rumbo-a-la-ruta-de-la-sal-2019-2\/#breadcrumb"},"inLanguage":"es","potentialAction":[{"@type":"ReadAction","target":["https:\/\/labs.100x100.net\/projects\/rutasal\/rumbo-a-la-ruta-de-la-sal-2019-2\/"]}]},{"@type":"ImageObject","inLanguage":"es","@id":"https:\/\/labs.100x100.net\/projects\/rutasal\/rumbo-a-la-ruta-de-la-sal-2019-2\/#primaryimage","url":"https:\/\/labs.100x100.net\/projects\/rutasal\/custom\/uploads\/2018\/11\/40481679804_d5b0c03826.jpg","contentUrl":"https:\/\/labs.100x100.net\/projects\/rutasal\/custom\/uploads\/2018\/11\/40481679804_d5b0c03826.jpg","width":500,"height":334},{"@type":"BreadcrumbList","@id":"https:\/\/labs.100x100.net\/projects\/rutasal\/rumbo-a-la-ruta-de-la-sal-2019-2\/#breadcrumb","itemListElement":[{"@type":"ListItem","position":1,"name":"Portada","item":"https:\/\/labs.100x100.net\/projects\/rutasal\/"},{"@type":"ListItem","position":2,"name":"Rumbo a la Ruta de la Sal 2019"}]},{"@type":"WebSite","@id":"https:\/\/labs.100x100.net\/projects\/rutasal\/#website","url":"https:\/\/labs.100x100.net\/projects\/rutasal\/","name":"Regata La Ruta de la Sal","description":"Regata La Ruta de la Sal es una regata de Altura Mediterr\u00e1nea para barcos de crucero a vela con destino en Ibiza, que se disputa anualmente en Semana Santa.","potentialAction":[{"@type":"SearchAction","target":{"@type":"EntryPoint","urlTemplate":"https:\/\/labs.100x100.net\/projects\/rutasal\/?s={search_term_string}"},"query-input":"required name=search_term_string"}],"inLanguage":"es"},{"@type":"Person","@id":"https:\/\/labs.100x100.net\/projects\/rutasal\/#\/schema\/person\/214eeb4a2e78fd8373a0a94f6d93c9ca","name":"La Ruta de la Sal","image":{"@type":"ImageObject","inLanguage":"es","@id":"https:\/\/labs.100x100.net\/projects\/rutasal\/#\/schema\/person\/image\/","url":"https:\/\/secure.gravatar.com\/avatar\/b247286d4b801d6b1cfcfb3807587284?s=96&d=mm&r=g","contentUrl":"https:\/\/secure.gravatar.com\/avatar\/b247286d4b801d6b1cfcfb3807587284?s=96&d=mm&r=g","caption":"La Ruta de la Sal"}}]}},"_links":{"self":[{"href":"https:\/\/labs.100x100.net\/projects\/rutasal\/wp-json\/wp\/v2\/posts\/3167"}],"collection":[{"href":"https:\/\/labs.100x100.net\/projects\/rutasal\/wp-json\/wp\/v2\/posts"}],"about":[{"href":"https:\/\/labs.100x100.net\/projects\/rutasal\/wp-json\/wp\/v2\/types\/post"}],"author":[{"embeddable":true,"href":"https:\/\/labs.100x100.net\/projects\/rutasal\/wp-json\/wp\/v2\/users\/1"}],"replies":[{"embeddable":true,"href":"https:\/\/labs.100x100.net\/projects\/rutasal\/wp-json\/wp\/v2\/comments?post=3167"}],"version-history":[{"count":7,"href":"https:\/\/labs.100x100.net\/projects\/rutasal\/wp-json\/wp\/v2\/posts\/3167\/revisions"}],"predecessor-version":[{"id":3320,"href":"https:\/\/labs.100x100.net\/projects\/rutasal\/wp-json\/wp\/v2\/posts\/3167\/revisions\/3320"}],"wp:featuredmedia":[{"embeddable":true,"href":"https:\/\/labs.100x100.net\/projects\/rutasal\/wp-json\/wp\/v2\/media\/3493"}],"wp:attachment":[{"href":"https:\/\/labs.100x100.net\/projects\/rutasal\/wp-json\/wp\/v2\/media?parent=3167"}],"wp:term":[{"taxonomy":"category","embeddable":true,"href":"https:\/\/labs.100x100.net\/projects\/rutasal\/wp-json\/wp\/v2\/categories?post=3167"},{"taxonomy":"post_tag","embeddable":true,"href":"https:\/\/labs.100x100.net\/projects\/rutasal\/wp-json\/wp\/v2\/tags?post=3167"}],"curies":[{"name":"wp","href":"https:\/\/api.w.org\/{rel}","templated":true}]}}