{"id":3117,"date":"2018-10-11T03:47:49","date_gmt":"2018-10-11T01:47:49","guid":{"rendered":"https:\/\/larutadelasal.com\/?p=3117"},"modified":"2019-03-01T14:07:30","modified_gmt":"2019-03-01T12:07:30","slug":"presentada-la-32-ruta-de-la-sal","status":"publish","type":"post","link":"https:\/\/labs.100x100.net\/projects\/rutasal\/presentada-la-32-ruta-de-la-sal\/","title":{"rendered":"Presentada la 32 Ruta de la Sal"},"content":{"rendered":"<p>Ibiza reunir\u00e1 a 200 embarcaciones de crucero y unos 1.400 regatistas en Semana Santa<\/p>\n<p><img loading=\"lazy\" decoding=\"async\" width=\"1200\" height=\"801\" class=\"alignleft wp-image-3124 size-medium\" src=\"https:\/\/larutadelasal.com\/custom\/uploads\/2018\/10\/AFB5020.jpg\" alt=\"_AFB5020\" srcset=\"https:\/\/labs.100x100.net\/projects\/rutasal\/custom\/uploads\/2018\/10\/AFB5020.jpg 1200w, https:\/\/labs.100x100.net\/projects\/rutasal\/custom\/uploads\/2018\/10\/AFB5020-300x200.jpg 300w, https:\/\/labs.100x100.net\/projects\/rutasal\/custom\/uploads\/2018\/10\/AFB5020-768x513.jpg 768w, https:\/\/labs.100x100.net\/projects\/rutasal\/custom\/uploads\/2018\/10\/AFB5020-1024x684.jpg 1024w\" sizes=\"(max-width: 1200px) 100vw, 1200px\" \/><\/p>\n<p>Barcelona, 10 de octubre, 2018.-<\/strong> Con gran asistencia de navegantes, regatistas y aficionados que participan habitualmente en <strong>La Ruta de la Sal<\/strong>, ha tenido lugar en el \u2018Espai de Mar\u2019 del Sal\u00f3n N\u00e1utico Internacional de Barcelona, la presentaci\u00f3n de la 32 edici\u00f3n de esta gran aventura deportiva.<\/p>\n<p>En el acto asistieron el director insular de Turisme d\u2019Eivissa, <strong>Vicent Torres Ferrer y el alcalde de Sant Antoni de Portmany y presidente del CN Sant Antoni, <strong>Josep Tur<\/strong>, acompa\u00f1ados por el presidente del Sal\u00f3n N\u00e1utico Internacional de Barcelona, <strong>Lu\u00eds Conde<\/strong>, el presidente de la Federaci\u00f3 Catalana de Vela, <strong>Xavi Torres<\/strong>, la Jefa de Salvamento Mar\u00edtimo de Barcelona, <strong>Eulalia Pujol<\/strong>, el presidente del RCN Denia <strong>Jaime Portol\u00e9s<\/strong>, el vicepresidente del CV Port Andratx, <strong>Antoni Matas<\/strong>, el capit\u00e1n de Port Ginesta, <strong>Rodrigo de Frebrer<\/strong>, <strong>Enrique Curt<\/strong>, director de la regata e <strong>Isabel Subirats<\/strong>, \u2018alma mater\u2019 de <strong>La Sal<\/strong>.<\/p>\n<p><strong>La Ruta de la Sal<\/strong>, la regata de altura m\u00e1s consolidada y con mayor participaci\u00f3n del litoral espa\u00f1ol, es una emblem\u00e1tica prueba con tres salidas diferenciadas, <strong>CM Port Ginesta<\/strong> (Barcelona), <strong>RCN Denia<\/strong> (Alicante), <strong>CV Port Andratx<\/strong> (Mallorca) que tiene el objetivo de alcanzar Ibiza, la Isla de la Sal, en el <strong>CN Sant Antoni Portmany<\/strong>.<\/p>\n<p>En esta edici\u00f3n la entrada de embarcaciones con pabellones de pa\u00edses, es importante, como refleja las preinscripciones de armadores de Rusia, Italia, Holanda, Alemania, Inglaterra, Suiza, Luxemburgo, Portugal y, muy especialmente Francia, que, en su mayor\u00eda, provienen de puertos de las costas Mediterr\u00e1neas del Languedoc-Rosell\u00f3n y Provenza-Costa Azul.<\/p>\n<p>Tal como se inform\u00f3 la regata se iniciar\u00e1 el 18 de abril, con un tope m\u00e1ximo de 200 embarcaciones, que supondr\u00e1 unos 1.400 regatistas, lo que consolida una vez m\u00e1s a La Sal como l\u00edder en este tipo de pruebas n\u00e1uticas.<\/p>\n<p><strong>La nueva regata \u2018inshore\u2019<\/strong><br \/>\nComo se adelant\u00f3 en la presentaci\u00f3n, la gran novedad para la edici\u00f3n 2019 es cubrir una regata costera frente a la Bah\u00eda de Sant Antoni. La regata inshore, ser\u00e1 un recorrido de 12 millas y se organizar\u00e1 la ma\u00f1ana del domingo 21 de abril. Los equipos se podr\u00e1n despedir as\u00ed de las Pitiusas con el recuerdo que supondr\u00e1 navegar con las tres flotas de <strong>La Ruta de la Sal<\/strong> juntas, en un mismo campo de regatas. Tras cruzar la l\u00ednea de llegada, los barcos podr\u00e1n poner rumbo directamente a sus puertos base, ya que la ceremonia de entrega de premios tendr\u00e1 lugar en el marco de la presentaci\u00f3n de la regata que se realiza en el Sal\u00f3n N\u00e1utico Internacional de Barcelona en el 2019.<\/p>\n<p>Una vez m\u00e1s, <strong>La Ruta de la Sal<\/strong> se reafirma como el evento n\u00e1utico deportivo que m\u00e1s ha contribuido de una manera decisiva, durante los \u00faltimos 30 a\u00f1os, a fomentar y promocionar la navegaci\u00f3n de crucero en nuestro pa\u00eds y poner a Ibiza en el centro de la n\u00e1utica mediterr\u00e1nea.<br \/>\n<img loading=\"lazy\" decoding=\"async\" width=\"1200\" height=\"801\" class=\" wp-image-3126 size-medium aligncenter\" src=\"https:\/\/larutadelasal.com\/custom\/uploads\/2018\/10\/AFB5079.jpg\" alt=\"_AFB5079\" srcset=\"https:\/\/labs.100x100.net\/projects\/rutasal\/custom\/uploads\/2018\/10\/AFB5079.jpg 1200w, https:\/\/labs.100x100.net\/projects\/rutasal\/custom\/uploads\/2018\/10\/AFB5079-300x200.jpg 300w, https:\/\/labs.100x100.net\/projects\/rutasal\/custom\/uploads\/2018\/10\/AFB5079-768x513.jpg 768w, https:\/\/labs.100x100.net\/projects\/rutasal\/custom\/uploads\/2018\/10\/AFB5079-1024x684.jpg 1024w\" sizes=\"(max-width: 1200px) 100vw, 1200px\" \/><br \/>\n<img loading=\"lazy\" decoding=\"async\" width=\"1200\" height=\"801\" class=\"aligncenter wp-image-3127 size-medium\" src=\"https:\/\/larutadelasal.com\/custom\/uploads\/2018\/10\/AFB5052.jpg\" alt=\"_AFB5052\" srcset=\"https:\/\/labs.100x100.net\/projects\/rutasal\/custom\/uploads\/2018\/10\/AFB5052.jpg 1200w, https:\/\/labs.100x100.net\/projects\/rutasal\/custom\/uploads\/2018\/10\/AFB5052-300x200.jpg 300w, https:\/\/labs.100x100.net\/projects\/rutasal\/custom\/uploads\/2018\/10\/AFB5052-768x513.jpg 768w, https:\/\/labs.100x100.net\/projects\/rutasal\/custom\/uploads\/2018\/10\/AFB5052-1024x684.jpg 1024w\" sizes=\"(max-width: 1200px) 100vw, 1200px\" \/><br \/>\n<img loading=\"lazy\" decoding=\"async\" width=\"1200\" height=\"801\" class=\"aligncenter wp-image-3128 size-medium\" src=\"https:\/\/larutadelasal.com\/custom\/uploads\/2018\/10\/AFB5091A1.jpg\" alt=\"_AFB5091A1\" srcset=\"https:\/\/labs.100x100.net\/projects\/rutasal\/custom\/uploads\/2018\/10\/AFB5091A1.jpg 1200w, https:\/\/labs.100x100.net\/projects\/rutasal\/custom\/uploads\/2018\/10\/AFB5091A1-300x200.jpg 300w, https:\/\/labs.100x100.net\/projects\/rutasal\/custom\/uploads\/2018\/10\/AFB5091A1-768x513.jpg 768w, https:\/\/labs.100x100.net\/projects\/rutasal\/custom\/uploads\/2018\/10\/AFB5091A1-1024x684.jpg 1024w\" sizes=\"(max-width: 1200px) 100vw, 1200px\" \/><br \/>\n<img loading=\"lazy\" decoding=\"async\" width=\"1200\" height=\"801\" class=\"aligncenter wp-image-3129 size-medium\" src=\"https:\/\/larutadelasal.com\/custom\/uploads\/2018\/10\/AFB5038.jpg\" alt=\"_AFB5038\" srcset=\"https:\/\/labs.100x100.net\/projects\/rutasal\/custom\/uploads\/2018\/10\/AFB5038.jpg 1200w, https:\/\/labs.100x100.net\/projects\/rutasal\/custom\/uploads\/2018\/10\/AFB5038-300x200.jpg 300w, https:\/\/labs.100x100.net\/projects\/rutasal\/custom\/uploads\/2018\/10\/AFB5038-768x513.jpg 768w, https:\/\/labs.100x100.net\/projects\/rutasal\/custom\/uploads\/2018\/10\/AFB5038-1024x684.jpg 1024w\" sizes=\"(max-width: 1200px) 100vw, 1200px\" \/><\/p>\n<p><img loading=\"lazy\" decoding=\"async\" class=\"aligncenter wp-image-3138 size-medium\" src=\"https:\/\/larutadelasal.com\/custom\/uploads\/2018\/10\/1.jpg\" alt=\"1\" width=\"500\" height=\"334\" srcset=\"https:\/\/labs.100x100.net\/projects\/rutasal\/custom\/uploads\/2018\/10\/1.jpg 1200w, https:\/\/labs.100x100.net\/projects\/rutasal\/custom\/uploads\/2018\/10\/1-300x200.jpg 300w, https:\/\/labs.100x100.net\/projects\/rutasal\/custom\/uploads\/2018\/10\/1-768x513.jpg 768w, https:\/\/labs.100x100.net\/projects\/rutasal\/custom\/uploads\/2018\/10\/1-1024x684.jpg 1024w\" sizes=\"(max-width: 500px) 100vw, 500px\" \/><\/p>\n<p><img loading=\"lazy\" decoding=\"async\" width=\"1000\" height=\"1333\" class=\"aligncenter wp-image-3132 size-large\" src=\"https:\/\/larutadelasal.com\/custom\/uploads\/2018\/10\/gramona.jpg\" alt=\"gramona\" srcset=\"https:\/\/labs.100x100.net\/projects\/rutasal\/custom\/uploads\/2018\/10\/gramona.jpg 1000w, https:\/\/labs.100x100.net\/projects\/rutasal\/custom\/uploads\/2018\/10\/gramona-225x300.jpg 225w, https:\/\/labs.100x100.net\/projects\/rutasal\/custom\/uploads\/2018\/10\/gramona-768x1024.jpg 768w\" sizes=\"(max-width: 1000px) 100vw, 1000px\" \/><\/p>\n","protected":false},"excerpt":{"rendered":"<p>Ibiza reunir\u00e1 a 200 embarcaciones de crucero y unos 1.400 regatistas en Semana Santa Barcelona, 10 de octubre, 2018.- Con gran asistencia de navegantes, regatistas y aficionados que participan habitualmente en La Ruta de la Sal, ha tenido lugar en el \u2018Espai de Mar\u2019 del Sal\u00f3n N\u00e1utico Internacional de Barcelona, la presentaci\u00f3n de la 32 [&hellip;]<\/p>\n","protected":false},"author":1,"featured_media":3492,"comment_status":"open","ping_status":"open","sticky":false,"template":"","format":"standard","meta":{"_acf_changed":false,"footnotes":""},"categories":[3],"tags":[],"acf":[],"yoast_head":"<!-- This site is optimized with the Yoast SEO plugin v23.0 - https:\/\/yoast.com\/wordpress\/plugins\/seo\/ -->\n<title>Presentada la 32 Ruta de la Sal | Regata La Ruta de la Sal<\/title>\n<meta name=\"robots\" content=\"noindex, follow, max-snippet:-1, max-image-preview:large, max-video-preview:-1\" \/>\n<meta property=\"og:locale\" content=\"es_ES\" \/>\n<meta property=\"og:type\" content=\"article\" \/>\n<meta property=\"og:title\" content=\"Presentada la 32 Ruta de la Sal | Regata La Ruta de la Sal\" \/>\n<meta property=\"og:description\" content=\"Ibiza reunir\u00e1 a 200 embarcaciones de crucero y unos 1.400 regatistas en Semana Santa Barcelona, 10 de octubre, 2018.- Con gran asistencia de navegantes, regatistas y aficionados que participan habitualmente en La Ruta de la Sal, ha tenido lugar en el \u2018Espai de Mar\u2019 del Sal\u00f3n N\u00e1utico Internacional de Barcelona, la presentaci\u00f3n de la 32 [&hellip;]\" \/>\n<meta property=\"og:url\" content=\"https:\/\/labs.100x100.net\/projects\/rutasal\/presentada-la-32-ruta-de-la-sal\/\" \/>\n<meta property=\"og:site_name\" content=\"Regata La Ruta de la Sal\" \/>\n<meta property=\"article:publisher\" content=\"https:\/\/www.facebook.com\/rutadelasal\/\" \/>\n<meta property=\"article:published_time\" content=\"2018-10-11T01:47:49+00:00\" \/>\n<meta property=\"article:modified_time\" content=\"2019-03-01T12:07:30+00:00\" \/>\n<meta property=\"og:image\" content=\"https:\/\/labs.100x100.net\/projects\/rutasal\/custom\/uploads\/2018\/10\/AFB5038-1.jpg\" \/>\n\t<meta property=\"og:image:width\" content=\"1200\" \/>\n\t<meta property=\"og:image:height\" content=\"801\" \/>\n\t<meta property=\"og:image:type\" content=\"image\/jpeg\" \/>\n<meta name=\"author\" content=\"La Ruta de la Sal\" \/>\n<meta name=\"twitter:card\" content=\"summary_large_image\" \/>\n<meta name=\"twitter:creator\" content=\"@AnamMedi\" \/>\n<meta name=\"twitter:site\" content=\"@AnamMedi\" \/>\n<meta name=\"twitter:label1\" content=\"Escrito por\" \/>\n\t<meta name=\"twitter:data1\" content=\"La Ruta de la Sal\" \/>\n\t<meta name=\"twitter:label2\" content=\"Tiempo de lectura\" \/>\n\t<meta name=\"twitter:data2\" content=\"3 minutos\" \/>\n<script type=\"application\/ld+json\" class=\"yoast-schema-graph\">{\"@context\":\"https:\/\/schema.org\",\"@graph\":[{\"@type\":\"WebPage\",\"@id\":\"https:\/\/labs.100x100.net\/projects\/rutasal\/presentada-la-32-ruta-de-la-sal\/\",\"url\":\"https:\/\/labs.100x100.net\/projects\/rutasal\/presentada-la-32-ruta-de-la-sal\/\",\"name\":\"Presentada la 32 Ruta de la Sal | Regata La Ruta de la Sal\",\"isPartOf\":{\"@id\":\"https:\/\/labs.100x100.net\/projects\/rutasal\/#website\"},\"primaryImageOfPage\":{\"@id\":\"https:\/\/labs.100x100.net\/projects\/rutasal\/presentada-la-32-ruta-de-la-sal\/#primaryimage\"},\"image\":{\"@id\":\"https:\/\/labs.100x100.net\/projects\/rutasal\/presentada-la-32-ruta-de-la-sal\/#primaryimage\"},\"thumbnailUrl\":\"https:\/\/labs.100x100.net\/projects\/rutasal\/custom\/uploads\/2018\/10\/AFB5038-1.jpg\",\"datePublished\":\"2018-10-11T01:47:49+00:00\",\"dateModified\":\"2019-03-01T12:07:30+00:00\",\"author\":{\"@id\":\"https:\/\/labs.100x100.net\/projects\/rutasal\/#\/schema\/person\/214eeb4a2e78fd8373a0a94f6d93c9ca\"},\"breadcrumb\":{\"@id\":\"https:\/\/labs.100x100.net\/projects\/rutasal\/presentada-la-32-ruta-de-la-sal\/#breadcrumb\"},\"inLanguage\":\"es\",\"potentialAction\":[{\"@type\":\"ReadAction\",\"target\":[\"https:\/\/labs.100x100.net\/projects\/rutasal\/presentada-la-32-ruta-de-la-sal\/\"]}]},{\"@type\":\"ImageObject\",\"inLanguage\":\"es\",\"@id\":\"https:\/\/labs.100x100.net\/projects\/rutasal\/presentada-la-32-ruta-de-la-sal\/#primaryimage\",\"url\":\"https:\/\/labs.100x100.net\/projects\/rutasal\/custom\/uploads\/2018\/10\/AFB5038-1.jpg\",\"contentUrl\":\"https:\/\/labs.100x100.net\/projects\/rutasal\/custom\/uploads\/2018\/10\/AFB5038-1.jpg\",\"width\":1200,\"height\":801},{\"@type\":\"BreadcrumbList\",\"@id\":\"https:\/\/labs.100x100.net\/projects\/rutasal\/presentada-la-32-ruta-de-la-sal\/#breadcrumb\",\"itemListElement\":[{\"@type\":\"ListItem\",\"position\":1,\"name\":\"Portada\",\"item\":\"https:\/\/labs.100x100.net\/projects\/rutasal\/\"},{\"@type\":\"ListItem\",\"position\":2,\"name\":\"Presentada la 32 Ruta de la Sal\"}]},{\"@type\":\"WebSite\",\"@id\":\"https:\/\/labs.100x100.net\/projects\/rutasal\/#website\",\"url\":\"https:\/\/labs.100x100.net\/projects\/rutasal\/\",\"name\":\"Regata La Ruta de la Sal\",\"description\":\"Regata La Ruta de la Sal es una regata de Altura Mediterr\u00e1nea para barcos de crucero a vela con destino en Ibiza, que se disputa anualmente en Semana Santa.\",\"potentialAction\":[{\"@type\":\"SearchAction\",\"target\":{\"@type\":\"EntryPoint\",\"urlTemplate\":\"https:\/\/labs.100x100.net\/projects\/rutasal\/?s={search_term_string}\"},\"query-input\":\"required name=search_term_string\"}],\"inLanguage\":\"es\"},{\"@type\":\"Person\",\"@id\":\"https:\/\/labs.100x100.net\/projects\/rutasal\/#\/schema\/person\/214eeb4a2e78fd8373a0a94f6d93c9ca\",\"name\":\"La Ruta de la Sal\",\"image\":{\"@type\":\"ImageObject\",\"inLanguage\":\"es\",\"@id\":\"https:\/\/labs.100x100.net\/projects\/rutasal\/#\/schema\/person\/image\/\",\"url\":\"https:\/\/secure.gravatar.com\/avatar\/b247286d4b801d6b1cfcfb3807587284?s=96&d=mm&r=g\",\"contentUrl\":\"https:\/\/secure.gravatar.com\/avatar\/b247286d4b801d6b1cfcfb3807587284?s=96&d=mm&r=g\",\"caption\":\"La Ruta de la Sal\"}}]}<\/script>\n<!-- \/ Yoast SEO plugin. -->","yoast_head_json":{"title":"Presentada la 32 Ruta de la Sal | Regata La Ruta de la Sal","robots":{"index":"noindex","follow":"follow","max-snippet":"max-snippet:-1","max-image-preview":"max-image-preview:large","max-video-preview":"max-video-preview:-1"},"og_locale":"es_ES","og_type":"article","og_title":"Presentada la 32 Ruta de la Sal | Regata La Ruta de la Sal","og_description":"Ibiza reunir\u00e1 a 200 embarcaciones de crucero y unos 1.400 regatistas en Semana Santa Barcelona, 10 de octubre, 2018.- Con gran asistencia de navegantes, regatistas y aficionados que participan habitualmente en La Ruta de la Sal, ha tenido lugar en el \u2018Espai de Mar\u2019 del Sal\u00f3n N\u00e1utico Internacional de Barcelona, la presentaci\u00f3n de la 32 [&hellip;]","og_url":"https:\/\/labs.100x100.net\/projects\/rutasal\/presentada-la-32-ruta-de-la-sal\/","og_site_name":"Regata La Ruta de la Sal","article_publisher":"https:\/\/www.facebook.com\/rutadelasal\/","article_published_time":"2018-10-11T01:47:49+00:00","article_modified_time":"2019-03-01T12:07:30+00:00","og_image":[{"width":1200,"height":801,"url":"https:\/\/labs.100x100.net\/projects\/rutasal\/custom\/uploads\/2018\/10\/AFB5038-1.jpg","type":"image\/jpeg"}],"author":"La Ruta de la Sal","twitter_card":"summary_large_image","twitter_creator":"@AnamMedi","twitter_site":"@AnamMedi","twitter_misc":{"Escrito por":"La Ruta de la Sal","Tiempo de lectura":"3 minutos"},"schema":{"@context":"https:\/\/schema.org","@graph":[{"@type":"WebPage","@id":"https:\/\/labs.100x100.net\/projects\/rutasal\/presentada-la-32-ruta-de-la-sal\/","url":"https:\/\/labs.100x100.net\/projects\/rutasal\/presentada-la-32-ruta-de-la-sal\/","name":"Presentada la 32 Ruta de la Sal | Regata La Ruta de la Sal","isPartOf":{"@id":"https:\/\/labs.100x100.net\/projects\/rutasal\/#website"},"primaryImageOfPage":{"@id":"https:\/\/labs.100x100.net\/projects\/rutasal\/presentada-la-32-ruta-de-la-sal\/#primaryimage"},"image":{"@id":"https:\/\/labs.100x100.net\/projects\/rutasal\/presentada-la-32-ruta-de-la-sal\/#primaryimage"},"thumbnailUrl":"https:\/\/labs.100x100.net\/projects\/rutasal\/custom\/uploads\/2018\/10\/AFB5038-1.jpg","datePublished":"2018-10-11T01:47:49+00:00","dateModified":"2019-03-01T12:07:30+00:00","author":{"@id":"https:\/\/labs.100x100.net\/projects\/rutasal\/#\/schema\/person\/214eeb4a2e78fd8373a0a94f6d93c9ca"},"breadcrumb":{"@id":"https:\/\/labs.100x100.net\/projects\/rutasal\/presentada-la-32-ruta-de-la-sal\/#breadcrumb"},"inLanguage":"es","potentialAction":[{"@type":"ReadAction","target":["https:\/\/labs.100x100.net\/projects\/rutasal\/presentada-la-32-ruta-de-la-sal\/"]}]},{"@type":"ImageObject","inLanguage":"es","@id":"https:\/\/labs.100x100.net\/projects\/rutasal\/presentada-la-32-ruta-de-la-sal\/#primaryimage","url":"https:\/\/labs.100x100.net\/projects\/rutasal\/custom\/uploads\/2018\/10\/AFB5038-1.jpg","contentUrl":"https:\/\/labs.100x100.net\/projects\/rutasal\/custom\/uploads\/2018\/10\/AFB5038-1.jpg","width":1200,"height":801},{"@type":"BreadcrumbList","@id":"https:\/\/labs.100x100.net\/projects\/rutasal\/presentada-la-32-ruta-de-la-sal\/#breadcrumb","itemListElement":[{"@type":"ListItem","position":1,"name":"Portada","item":"https:\/\/labs.100x100.net\/projects\/rutasal\/"},{"@type":"ListItem","position":2,"name":"Presentada la 32 Ruta de la Sal"}]},{"@type":"WebSite","@id":"https:\/\/labs.100x100.net\/projects\/rutasal\/#website","url":"https:\/\/labs.100x100.net\/projects\/rutasal\/","name":"Regata La Ruta de la Sal","description":"Regata La Ruta de la Sal es una regata de Altura Mediterr\u00e1nea para barcos de crucero a vela con destino en Ibiza, que se disputa anualmente en Semana Santa.","potentialAction":[{"@type":"SearchAction","target":{"@type":"EntryPoint","urlTemplate":"https:\/\/labs.100x100.net\/projects\/rutasal\/?s={search_term_string}"},"query-input":"required name=search_term_string"}],"inLanguage":"es"},{"@type":"Person","@id":"https:\/\/labs.100x100.net\/projects\/rutasal\/#\/schema\/person\/214eeb4a2e78fd8373a0a94f6d93c9ca","name":"La Ruta de la Sal","image":{"@type":"ImageObject","inLanguage":"es","@id":"https:\/\/labs.100x100.net\/projects\/rutasal\/#\/schema\/person\/image\/","url":"https:\/\/secure.gravatar.com\/avatar\/b247286d4b801d6b1cfcfb3807587284?s=96&d=mm&r=g","contentUrl":"https:\/\/secure.gravatar.com\/avatar\/b247286d4b801d6b1cfcfb3807587284?s=96&d=mm&r=g","caption":"La Ruta de la Sal"}}]}},"_links":{"self":[{"href":"https:\/\/labs.100x100.net\/projects\/rutasal\/wp-json\/wp\/v2\/posts\/3117"}],"collection":[{"href":"https:\/\/labs.100x100.net\/projects\/rutasal\/wp-json\/wp\/v2\/posts"}],"about":[{"href":"https:\/\/labs.100x100.net\/projects\/rutasal\/wp-json\/wp\/v2\/types\/post"}],"author":[{"embeddable":true,"href":"https:\/\/labs.100x100.net\/projects\/rutasal\/wp-json\/wp\/v2\/users\/1"}],"replies":[{"embeddable":true,"href":"https:\/\/labs.100x100.net\/projects\/rutasal\/wp-json\/wp\/v2\/comments?post=3117"}],"version-history":[{"count":3,"href":"https:\/\/labs.100x100.net\/projects\/rutasal\/wp-json\/wp\/v2\/posts\/3117\/revisions"}],"predecessor-version":[{"id":3489,"href":"https:\/\/labs.100x100.net\/projects\/rutasal\/wp-json\/wp\/v2\/posts\/3117\/revisions\/3489"}],"wp:featuredmedia":[{"embeddable":true,"href":"https:\/\/labs.100x100.net\/projects\/rutasal\/wp-json\/wp\/v2\/media\/3492"}],"wp:attachment":[{"href":"https:\/\/labs.100x100.net\/projects\/rutasal\/wp-json\/wp\/v2\/media?parent=3117"}],"wp:term":[{"taxonomy":"category","embeddable":true,"href":"https:\/\/labs.100x100.net\/projects\/rutasal\/wp-json\/wp\/v2\/categories?post=3117"},{"taxonomy":"post_tag","embeddable":true,"href":"https:\/\/labs.100x100.net\/projects\/rutasal\/wp-json\/wp\/v2\/tags?post=3117"}],"curies":[{"name":"wp","href":"https:\/\/api.w.org\/{rel}","templated":true}]}}