{"id":3100,"date":"2018-09-05T06:43:38","date_gmt":"2018-09-05T04:43:38","guid":{"rendered":"https:\/\/larutadelasal.com\/?p=3100"},"modified":"2019-03-01T14:06:44","modified_gmt":"2019-03-01T12:06:44","slug":"10-de-octubre-2018-la-xxxii-edicion-de-la-ruta-de-la-sal-se-presenta-en-el-salon-nautico-internacional-de-barcelona","status":"publish","type":"post","link":"https:\/\/labs.100x100.net\/projects\/rutasal\/10-de-octubre-2018-la-xxxii-edicion-de-la-ruta-de-la-sal-se-presenta-en-el-salon-nautico-internacional-de-barcelona\/","title":{"rendered":"10 de octubre  2018: La XXXII edici\u00f3n de La Ruta de la Sal se presenta en el Sal\u00f3n N\u00e1utico Internacional de Barcelona"},"content":{"rendered":"<p>El mi\u00e9rcoles, <strong>10 de octubre,  a las 18,00h<\/strong>, en el Espai de Mar del Sal\u00f3n N\u00e1utico Internacional de Barcelona se realizar\u00e1 la <strong>Presentaci\u00f3n Oficial de la XXXII Edici\u00f3n de La Ruta de la Sal<\/strong>, dentro de los actos oficiales que se desarrollan durante el Sal\u00f3n, que este a\u00f1o se celebra del 10 al 14 de octubre en el Port Vell.<\/p>\n<p>El Stand de <strong>LA RUTA DE LA SAL<\/strong> estar\u00e1 situado en el Moll de Espa\u00f1a, [Stand B-156], al lado del Espai de Mar, punto de encuentro de los navegantes. <\/p>\n<p>Tras la presentaci\u00f3n de <strong>LA RUTA DE LA SAL<\/strong>, se realizar\u00e1 tambi\u00e9n la presentaci\u00f3n del <strong>Circuito de Regatas 2019<\/strong> y la <strong>Entrega de Premios del Circuito de Regatas -Trofeo AUSMAR 2018<\/strong>. <\/p>\n<p>A continuaci\u00f3n, se realizar\u00e1 un brindis con <strong>Gramona,<\/strong> el cava oficial de la Regata, con todos los presentes en el acto. <\/p>\n<p>Te esperamos. <\/p>\n<p>Recuerda que la entrada es por el \u00e1rea de Via Layetana &#8211; Palau de Mar <\/p>\n","protected":false},"excerpt":{"rendered":"<p>El mi\u00e9rcoles, 10 de octubre, a las 18,00h, en el Espai de Mar del Sal\u00f3n N\u00e1utico Internacional de Barcelona se realizar\u00e1 la Presentaci\u00f3n Oficial de la XXXII Edici\u00f3n de La Ruta de la Sal, dentro de los actos oficiales que se desarrollan durante el Sal\u00f3n, que este a\u00f1o se celebra del 10 al 14 de [&hellip;]<\/p>\n","protected":false},"author":1,"featured_media":3491,"comment_status":"open","ping_status":"open","sticky":false,"template":"","format":"standard","meta":{"_acf_changed":false,"footnotes":""},"categories":[3],"tags":[],"acf":[],"yoast_head":"<!-- This site is optimized with the Yoast SEO plugin v23.0 - https:\/\/yoast.com\/wordpress\/plugins\/seo\/ -->\n<title>10 de octubre 2018: La XXXII edici\u00f3n de La Ruta de la Sal se presenta en el Sal\u00f3n N\u00e1utico Internacional de Barcelona | Regata La Ruta de la Sal<\/title>\n<meta name=\"robots\" content=\"noindex, follow, max-snippet:-1, max-image-preview:large, max-video-preview:-1\" \/>\n<meta property=\"og:locale\" content=\"es_ES\" \/>\n<meta property=\"og:type\" content=\"article\" \/>\n<meta property=\"og:title\" content=\"10 de octubre 2018: La XXXII edici\u00f3n de La Ruta de la Sal se presenta en el Sal\u00f3n N\u00e1utico Internacional de Barcelona | Regata La Ruta de la Sal\" \/>\n<meta property=\"og:description\" content=\"El mi\u00e9rcoles, 10 de octubre, a las 18,00h, en el Espai de Mar del Sal\u00f3n N\u00e1utico Internacional de Barcelona se realizar\u00e1 la Presentaci\u00f3n Oficial de la XXXII Edici\u00f3n de La Ruta de la Sal, dentro de los actos oficiales que se desarrollan durante el Sal\u00f3n, que este a\u00f1o se celebra del 10 al 14 de [&hellip;]\" \/>\n<meta property=\"og:url\" content=\"https:\/\/labs.100x100.net\/projects\/rutasal\/10-de-octubre-2018-la-xxxii-edicion-de-la-ruta-de-la-sal-se-presenta-en-el-salon-nautico-internacional-de-barcelona\/\" \/>\n<meta property=\"og:site_name\" content=\"Regata La Ruta de la Sal\" \/>\n<meta property=\"article:publisher\" content=\"https:\/\/www.facebook.com\/rutadelasal\/\" \/>\n<meta property=\"article:published_time\" content=\"2018-09-05T04:43:38+00:00\" \/>\n<meta property=\"article:modified_time\" content=\"2019-03-01T12:06:44+00:00\" \/>\n<meta property=\"og:image\" content=\"https:\/\/labs.100x100.net\/projects\/rutasal\/custom\/uploads\/2018\/09\/descarga.jpeg\" \/>\n\t<meta property=\"og:image:width\" content=\"275\" \/>\n\t<meta property=\"og:image:height\" content=\"183\" \/>\n\t<meta property=\"og:image:type\" content=\"image\/jpeg\" \/>\n<meta name=\"author\" content=\"La Ruta de la Sal\" \/>\n<meta name=\"twitter:card\" content=\"summary_large_image\" \/>\n<meta name=\"twitter:creator\" content=\"@AnamMedi\" \/>\n<meta name=\"twitter:site\" content=\"@AnamMedi\" \/>\n<meta name=\"twitter:label1\" content=\"Escrito por\" \/>\n\t<meta name=\"twitter:data1\" content=\"La Ruta de la Sal\" \/>\n\t<meta name=\"twitter:label2\" content=\"Tiempo de lectura\" \/>\n\t<meta name=\"twitter:data2\" content=\"1 minuto\" \/>\n<script type=\"application\/ld+json\" class=\"yoast-schema-graph\">{\"@context\":\"https:\/\/schema.org\",\"@graph\":[{\"@type\":\"WebPage\",\"@id\":\"https:\/\/labs.100x100.net\/projects\/rutasal\/10-de-octubre-2018-la-xxxii-edicion-de-la-ruta-de-la-sal-se-presenta-en-el-salon-nautico-internacional-de-barcelona\/\",\"url\":\"https:\/\/labs.100x100.net\/projects\/rutasal\/10-de-octubre-2018-la-xxxii-edicion-de-la-ruta-de-la-sal-se-presenta-en-el-salon-nautico-internacional-de-barcelona\/\",\"name\":\"10 de octubre 2018: La XXXII edici\u00f3n de La Ruta de la Sal se presenta en el Sal\u00f3n N\u00e1utico Internacional de Barcelona | Regata La Ruta de la Sal\",\"isPartOf\":{\"@id\":\"https:\/\/labs.100x100.net\/projects\/rutasal\/#website\"},\"primaryImageOfPage\":{\"@id\":\"https:\/\/labs.100x100.net\/projects\/rutasal\/10-de-octubre-2018-la-xxxii-edicion-de-la-ruta-de-la-sal-se-presenta-en-el-salon-nautico-internacional-de-barcelona\/#primaryimage\"},\"image\":{\"@id\":\"https:\/\/labs.100x100.net\/projects\/rutasal\/10-de-octubre-2018-la-xxxii-edicion-de-la-ruta-de-la-sal-se-presenta-en-el-salon-nautico-internacional-de-barcelona\/#primaryimage\"},\"thumbnailUrl\":\"https:\/\/labs.100x100.net\/projects\/rutasal\/custom\/uploads\/2018\/09\/descarga.jpeg\",\"datePublished\":\"2018-09-05T04:43:38+00:00\",\"dateModified\":\"2019-03-01T12:06:44+00:00\",\"author\":{\"@id\":\"https:\/\/labs.100x100.net\/projects\/rutasal\/#\/schema\/person\/214eeb4a2e78fd8373a0a94f6d93c9ca\"},\"breadcrumb\":{\"@id\":\"https:\/\/labs.100x100.net\/projects\/rutasal\/10-de-octubre-2018-la-xxxii-edicion-de-la-ruta-de-la-sal-se-presenta-en-el-salon-nautico-internacional-de-barcelona\/#breadcrumb\"},\"inLanguage\":\"es\",\"potentialAction\":[{\"@type\":\"ReadAction\",\"target\":[\"https:\/\/labs.100x100.net\/projects\/rutasal\/10-de-octubre-2018-la-xxxii-edicion-de-la-ruta-de-la-sal-se-presenta-en-el-salon-nautico-internacional-de-barcelona\/\"]}]},{\"@type\":\"ImageObject\",\"inLanguage\":\"es\",\"@id\":\"https:\/\/labs.100x100.net\/projects\/rutasal\/10-de-octubre-2018-la-xxxii-edicion-de-la-ruta-de-la-sal-se-presenta-en-el-salon-nautico-internacional-de-barcelona\/#primaryimage\",\"url\":\"https:\/\/labs.100x100.net\/projects\/rutasal\/custom\/uploads\/2018\/09\/descarga.jpeg\",\"contentUrl\":\"https:\/\/labs.100x100.net\/projects\/rutasal\/custom\/uploads\/2018\/09\/descarga.jpeg\",\"width\":275,\"height\":183},{\"@type\":\"BreadcrumbList\",\"@id\":\"https:\/\/labs.100x100.net\/projects\/rutasal\/10-de-octubre-2018-la-xxxii-edicion-de-la-ruta-de-la-sal-se-presenta-en-el-salon-nautico-internacional-de-barcelona\/#breadcrumb\",\"itemListElement\":[{\"@type\":\"ListItem\",\"position\":1,\"name\":\"Portada\",\"item\":\"https:\/\/labs.100x100.net\/projects\/rutasal\/\"},{\"@type\":\"ListItem\",\"position\":2,\"name\":\"10 de octubre 2018: La XXXII edici\u00f3n de La Ruta de la Sal se presenta en el Sal\u00f3n N\u00e1utico Internacional de Barcelona\"}]},{\"@type\":\"WebSite\",\"@id\":\"https:\/\/labs.100x100.net\/projects\/rutasal\/#website\",\"url\":\"https:\/\/labs.100x100.net\/projects\/rutasal\/\",\"name\":\"Regata La Ruta de la Sal\",\"description\":\"Regata La Ruta de la Sal es una regata de Altura Mediterr\u00e1nea para barcos de crucero a vela con destino en Ibiza, que se disputa anualmente en Semana Santa.\",\"potentialAction\":[{\"@type\":\"SearchAction\",\"target\":{\"@type\":\"EntryPoint\",\"urlTemplate\":\"https:\/\/labs.100x100.net\/projects\/rutasal\/?s={search_term_string}\"},\"query-input\":\"required name=search_term_string\"}],\"inLanguage\":\"es\"},{\"@type\":\"Person\",\"@id\":\"https:\/\/labs.100x100.net\/projects\/rutasal\/#\/schema\/person\/214eeb4a2e78fd8373a0a94f6d93c9ca\",\"name\":\"La Ruta de la Sal\",\"image\":{\"@type\":\"ImageObject\",\"inLanguage\":\"es\",\"@id\":\"https:\/\/labs.100x100.net\/projects\/rutasal\/#\/schema\/person\/image\/\",\"url\":\"https:\/\/secure.gravatar.com\/avatar\/b247286d4b801d6b1cfcfb3807587284?s=96&d=mm&r=g\",\"contentUrl\":\"https:\/\/secure.gravatar.com\/avatar\/b247286d4b801d6b1cfcfb3807587284?s=96&d=mm&r=g\",\"caption\":\"La Ruta de la Sal\"}}]}<\/script>\n<!-- \/ Yoast SEO plugin. -->","yoast_head_json":{"title":"10 de octubre 2018: La XXXII edici\u00f3n de La Ruta de la Sal se presenta en el Sal\u00f3n N\u00e1utico Internacional de Barcelona | Regata La Ruta de la Sal","robots":{"index":"noindex","follow":"follow","max-snippet":"max-snippet:-1","max-image-preview":"max-image-preview:large","max-video-preview":"max-video-preview:-1"},"og_locale":"es_ES","og_type":"article","og_title":"10 de octubre 2018: La XXXII edici\u00f3n de La Ruta de la Sal se presenta en el Sal\u00f3n N\u00e1utico Internacional de Barcelona | Regata La Ruta de la Sal","og_description":"El mi\u00e9rcoles, 10 de octubre, a las 18,00h, en el Espai de Mar del Sal\u00f3n N\u00e1utico Internacional de Barcelona se realizar\u00e1 la Presentaci\u00f3n Oficial de la XXXII Edici\u00f3n de La Ruta de la Sal, dentro de los actos oficiales que se desarrollan durante el Sal\u00f3n, que este a\u00f1o se celebra del 10 al 14 de [&hellip;]","og_url":"https:\/\/labs.100x100.net\/projects\/rutasal\/10-de-octubre-2018-la-xxxii-edicion-de-la-ruta-de-la-sal-se-presenta-en-el-salon-nautico-internacional-de-barcelona\/","og_site_name":"Regata La Ruta de la Sal","article_publisher":"https:\/\/www.facebook.com\/rutadelasal\/","article_published_time":"2018-09-05T04:43:38+00:00","article_modified_time":"2019-03-01T12:06:44+00:00","og_image":[{"width":275,"height":183,"url":"https:\/\/labs.100x100.net\/projects\/rutasal\/custom\/uploads\/2018\/09\/descarga.jpeg","type":"image\/jpeg"}],"author":"La Ruta de la Sal","twitter_card":"summary_large_image","twitter_creator":"@AnamMedi","twitter_site":"@AnamMedi","twitter_misc":{"Escrito por":"La Ruta de la Sal","Tiempo de lectura":"1 minuto"},"schema":{"@context":"https:\/\/schema.org","@graph":[{"@type":"WebPage","@id":"https:\/\/labs.100x100.net\/projects\/rutasal\/10-de-octubre-2018-la-xxxii-edicion-de-la-ruta-de-la-sal-se-presenta-en-el-salon-nautico-internacional-de-barcelona\/","url":"https:\/\/labs.100x100.net\/projects\/rutasal\/10-de-octubre-2018-la-xxxii-edicion-de-la-ruta-de-la-sal-se-presenta-en-el-salon-nautico-internacional-de-barcelona\/","name":"10 de octubre 2018: La XXXII edici\u00f3n de La Ruta de la Sal se presenta en el Sal\u00f3n N\u00e1utico Internacional de Barcelona | Regata La Ruta de la Sal","isPartOf":{"@id":"https:\/\/labs.100x100.net\/projects\/rutasal\/#website"},"primaryImageOfPage":{"@id":"https:\/\/labs.100x100.net\/projects\/rutasal\/10-de-octubre-2018-la-xxxii-edicion-de-la-ruta-de-la-sal-se-presenta-en-el-salon-nautico-internacional-de-barcelona\/#primaryimage"},"image":{"@id":"https:\/\/labs.100x100.net\/projects\/rutasal\/10-de-octubre-2018-la-xxxii-edicion-de-la-ruta-de-la-sal-se-presenta-en-el-salon-nautico-internacional-de-barcelona\/#primaryimage"},"thumbnailUrl":"https:\/\/labs.100x100.net\/projects\/rutasal\/custom\/uploads\/2018\/09\/descarga.jpeg","datePublished":"2018-09-05T04:43:38+00:00","dateModified":"2019-03-01T12:06:44+00:00","author":{"@id":"https:\/\/labs.100x100.net\/projects\/rutasal\/#\/schema\/person\/214eeb4a2e78fd8373a0a94f6d93c9ca"},"breadcrumb":{"@id":"https:\/\/labs.100x100.net\/projects\/rutasal\/10-de-octubre-2018-la-xxxii-edicion-de-la-ruta-de-la-sal-se-presenta-en-el-salon-nautico-internacional-de-barcelona\/#breadcrumb"},"inLanguage":"es","potentialAction":[{"@type":"ReadAction","target":["https:\/\/labs.100x100.net\/projects\/rutasal\/10-de-octubre-2018-la-xxxii-edicion-de-la-ruta-de-la-sal-se-presenta-en-el-salon-nautico-internacional-de-barcelona\/"]}]},{"@type":"ImageObject","inLanguage":"es","@id":"https:\/\/labs.100x100.net\/projects\/rutasal\/10-de-octubre-2018-la-xxxii-edicion-de-la-ruta-de-la-sal-se-presenta-en-el-salon-nautico-internacional-de-barcelona\/#primaryimage","url":"https:\/\/labs.100x100.net\/projects\/rutasal\/custom\/uploads\/2018\/09\/descarga.jpeg","contentUrl":"https:\/\/labs.100x100.net\/projects\/rutasal\/custom\/uploads\/2018\/09\/descarga.jpeg","width":275,"height":183},{"@type":"BreadcrumbList","@id":"https:\/\/labs.100x100.net\/projects\/rutasal\/10-de-octubre-2018-la-xxxii-edicion-de-la-ruta-de-la-sal-se-presenta-en-el-salon-nautico-internacional-de-barcelona\/#breadcrumb","itemListElement":[{"@type":"ListItem","position":1,"name":"Portada","item":"https:\/\/labs.100x100.net\/projects\/rutasal\/"},{"@type":"ListItem","position":2,"name":"10 de octubre 2018: La XXXII edici\u00f3n de La Ruta de la Sal se presenta en el Sal\u00f3n N\u00e1utico Internacional de Barcelona"}]},{"@type":"WebSite","@id":"https:\/\/labs.100x100.net\/projects\/rutasal\/#website","url":"https:\/\/labs.100x100.net\/projects\/rutasal\/","name":"Regata La Ruta de la Sal","description":"Regata La Ruta de la Sal es una regata de Altura Mediterr\u00e1nea para barcos de crucero a vela con destino en Ibiza, que se disputa anualmente en Semana Santa.","potentialAction":[{"@type":"SearchAction","target":{"@type":"EntryPoint","urlTemplate":"https:\/\/labs.100x100.net\/projects\/rutasal\/?s={search_term_string}"},"query-input":"required name=search_term_string"}],"inLanguage":"es"},{"@type":"Person","@id":"https:\/\/labs.100x100.net\/projects\/rutasal\/#\/schema\/person\/214eeb4a2e78fd8373a0a94f6d93c9ca","name":"La Ruta de la Sal","image":{"@type":"ImageObject","inLanguage":"es","@id":"https:\/\/labs.100x100.net\/projects\/rutasal\/#\/schema\/person\/image\/","url":"https:\/\/secure.gravatar.com\/avatar\/b247286d4b801d6b1cfcfb3807587284?s=96&d=mm&r=g","contentUrl":"https:\/\/secure.gravatar.com\/avatar\/b247286d4b801d6b1cfcfb3807587284?s=96&d=mm&r=g","caption":"La Ruta de la Sal"}}]}},"_links":{"self":[{"href":"https:\/\/labs.100x100.net\/projects\/rutasal\/wp-json\/wp\/v2\/posts\/3100"}],"collection":[{"href":"https:\/\/labs.100x100.net\/projects\/rutasal\/wp-json\/wp\/v2\/posts"}],"about":[{"href":"https:\/\/labs.100x100.net\/projects\/rutasal\/wp-json\/wp\/v2\/types\/post"}],"author":[{"embeddable":true,"href":"https:\/\/labs.100x100.net\/projects\/rutasal\/wp-json\/wp\/v2\/users\/1"}],"replies":[{"embeddable":true,"href":"https:\/\/labs.100x100.net\/projects\/rutasal\/wp-json\/wp\/v2\/comments?post=3100"}],"version-history":[{"count":2,"href":"https:\/\/labs.100x100.net\/projects\/rutasal\/wp-json\/wp\/v2\/posts\/3100\/revisions"}],"predecessor-version":[{"id":3488,"href":"https:\/\/labs.100x100.net\/projects\/rutasal\/wp-json\/wp\/v2\/posts\/3100\/revisions\/3488"}],"wp:featuredmedia":[{"embeddable":true,"href":"https:\/\/labs.100x100.net\/projects\/rutasal\/wp-json\/wp\/v2\/media\/3491"}],"wp:attachment":[{"href":"https:\/\/labs.100x100.net\/projects\/rutasal\/wp-json\/wp\/v2\/media?parent=3100"}],"wp:term":[{"taxonomy":"category","embeddable":true,"href":"https:\/\/labs.100x100.net\/projects\/rutasal\/wp-json\/wp\/v2\/categories?post=3100"},{"taxonomy":"post_tag","embeddable":true,"href":"https:\/\/labs.100x100.net\/projects\/rutasal\/wp-json\/wp\/v2\/tags?post=3100"}],"curies":[{"name":"wp","href":"https:\/\/api.w.org\/{rel}","templated":true}]}}