{"id":305,"date":"2010-11-12T19:31:05","date_gmt":"2010-11-12T19:31:05","guid":{"rendered":"https:\/\/larutadelasal.com\/?p=305"},"modified":"2019-03-14T12:34:33","modified_gmt":"2019-03-14T10:34:33","slug":"trofeo-pepe-ferres-de-barcelona-y-denia-a-ibiza-cm-port-ginesta-rcn-denia-cn-sant-antoni-de-portmany-xxiv-edicion","status":"publish","type":"post","link":"https:\/\/labs.100x100.net\/projects\/rutasal\/trofeo-pepe-ferres-de-barcelona-y-denia-a-ibiza-cm-port-ginesta-rcn-denia-cn-sant-antoni-de-portmany-xxiv-edicion\/","title":{"rendered":"Multitudinaria Presentacion de la XXIV edici\u00f3n de La Ruta de la Sal en Homenaje a Pepe Ferres en el Salon Nautico Internacional de Barcelona"},"content":{"rendered":"<h1><strong>La Ruta de la Sal en el Sal\u00f3n N\u00e1utico<\/strong><\/h1>\n<p><strong>ANAM<\/strong>, -Associaci\u00f3 de Navegants d\u2019Altura Mediterranis- en\u00a0 colaboraci\u00f3n\u00a0 con el <strong>CM Port Ginesta, Real Club N\u00e1utico Denia, Club Nautic Sant Antoni de Portmany<\/strong> de Ibiza y la <strong>RANC,<\/strong> ha presentado, en el Espai del Mar del\u00a0 Sal\u00f3n N\u00e1utico Internacional de Barcelona\u00a0 la que ser\u00e1 la <strong>XXIV\u00aa edici\u00f3n de La Ruta de la Sal <\/strong>que va a disputarse del 21 al 24 del pr\u00f3ximo mes de Abril \u2013 Semana Santa 2011-.<\/p>\n<p>Un acto importante y emotivo en el que tambi\u00e9n fue presentado,\u00a0 el <strong>Trofeo Pepe Ferres<\/strong> un galard\u00f3n\u00a0 que, a partir de ahora, ser\u00e1 adjudicado a los ganadores absolutos de las Versiones Norte y Este de la Ruta de La Sal, en honor y recuerdo a Pepe Ferres; ide\u00f3logo, fundador de La Ruta de Sal desde su primera edici\u00f3n. Un amante de la navegaci\u00f3n de altura, que supo trasmitir su entusiasmo hacia este tipo de singladuras a miles de aficionados que desde 1989 han participado en la diferentes regatas de ANAM y, muy en especial en La Ruta de La Sal que en estos veinticuatros a\u00f1os de historia\u00a0 ha cubierto m\u00e1s de 6.000 millas de competici\u00f3n de altura disputadas por los m\u00e1s de 5.000 inscritos que han participado en La Sal desde su primera edici\u00f3n. Tambi\u00e9n, una regata con un formato, bajo aspectos t\u00e9cnicos, que ha marcado tendencias, reconocida y homologada por el RORC \u2013 Royal Ocean Racing Club.- desde el que no dudaron en elogiar la creatividad y los valores t\u00e9cnicos de Pepe Ferres y su equipo a la hora de dise\u00f1ar y compatibilizar La Sal con la realidad de la n\u00e1utica deportiva de cada momento.<\/p>\n<p><a class=\"tt-flickr tt-flickr-Medium\" title=\"DSC_9243\" href=\"http:\/\/www.flickr.com\/photos\/circuitoanam\/5174756200\/\" target=\"_blank\" rel=\"noopener\"><img loading=\"lazy\" decoding=\"async\" class=\"alignnone\" src=\"http:\/\/farm5.static.flickr.com\/4106\/5174756200_b4c1f1490a_b.jpg\" alt=\"DSC_9243\" width=\"675\" height=\"327\" \/><\/a><\/p>\n<p><strong>Marc Miratvilles,<\/strong> responsable durante los \u00faltimos 22 a\u00f1os de la gesti\u00f3n de Versi\u00f3n Este de La Ruta de Sal, presento a <strong>Isabel Subirats,<\/strong> compa\u00f1era de Pepe Ferres y a partir de ahora Presidenta de ANAM y, como de hecho lo ha sido durante todos los a\u00f1os de La Sal, responsable de la organizaci\u00f3n integral de esta regata y el resto de los eventos deportivos de ANAM. Isabel Subirats indico que La Ruta de La Sal fue, y continua, siendo un gran proyecto conjunto entre ella y Pepe Ferres, posiblemente el m\u00e1s importante de sus vidas, augurando un gran futuro deportivo y social para \u201cLa Sal\u201d que ser\u00e1 controlada por los equipos humanos que se crearon desde sus inicios. Personas como Eva Zendrera , Marc Miratvilles, Paco Fernandez, Chema Sans, Alfred Farre, Jose Maria Ballesta, Nuria Jimenez, Susi Roma y un largo etc de profesionales especialistas en la navegaci\u00f3n de altura y gesti\u00f3n de eventos deportivos con muchas hora de vuelo que garantizaran, de ante mano, un gran futuro para esta regata l\u00edder mediterr\u00e1nea.<\/p>\n<p>Por otro la lado, <strong>Isabel Subirats<\/strong>, hablo de la incorporaci\u00f3n en los equipos t\u00e9cnicos de La Sal de personas como el <strong>navegante oce\u00e1nico Albert Bargu\u00e9s<\/strong>, el <strong>regatista Ibicenco Manuel Guash<\/strong>, &#8211; ganador de varias ocasiones de La Ruta de la Sal.- y <strong>Esteban Ferres<\/strong>, hijo de Pepe Ferres y gran navegante.<\/p>\n<p><a class=\"tt-flickr tt-flickr-Medium\" title=\"DSC_9262T\" href=\"http:\/\/farm5.static.flickr.com\/4127\/5179032888_d0643165ed_b.jpg\"><img loading=\"lazy\" decoding=\"async\" class=\"alignnone\" src=\"http:\/\/farm5.static.flickr.com\/4127\/5179032888_d0643165ed.jpg\" alt=\"DSC_9262T\" width=\"320\" height=\"229\" \/><\/a> <a class=\"tt-flickr tt-flickr-Medium\" title=\"DSC_9273t\" href=\"http:\/\/farm5.static.flickr.com\/4113\/5174151149_6ffebc8243_b.jpg\"><img loading=\"lazy\" decoding=\"async\" class=\"alignnone\" src=\"http:\/\/farm5.static.flickr.com\/4113\/5174151149_6ffebc8243.jpg\" alt=\"DSC_9273t\" width=\"320\" height=\"229\" \/><\/a><\/p>\n<p>En definitiva unos equipos humanos potentes y muy especializados que aseguran una gesti\u00f3n muy profesional para esta nueva \u00e9poca de <strong>La Ruta de la Sal, Trofeo Pepe Ferres,<\/strong> reforzados por el apoyo del Presidente de la RANC, <strong>Jes\u00fas Turro<\/strong>, a la totalidad de las regatas de ANAM y , en especial, a la Ruta de la Sal. Lo que, en principio, se cristalizara con un acuerdo formal de colaboraci\u00f3n entre <strong>ANAM y RANC <\/strong>del que sin duda, saldr\u00e1 muy capitalizado el foment\u00f3 y difusi\u00f3n a escala nacional de la navegaci\u00f3n de competici\u00f3n de altura.<\/p>\n<p><strong>Luis Conde,<\/strong> Presidente del Sal\u00f3n N\u00e1utico Internacional de Barcelona dio la bienvenida y manifest\u00f3 su incondicional apoyo a la regata.<br \/>\nEl Consell d\u2019Eivissa, instituci\u00f3n que apoya la regata desde sus inicios, ha estado\u00a0 representado en este Acto Oficial por su <strong>Presidente<\/strong> <strong>Xico Tarr\u00e9s<\/strong> Y la <strong>Consellera de Promoci\u00f3 Turistica Josefa Mar\u00ed.<\/strong><\/p>\n<p><strong><a class=\"tt-flickr tt-flickr-Medium\" title=\"DSC_9249t\" href=\"http:\/\/farm5.static.flickr.com\/4088\/5174756944_fd1d5b732a_b.jpg\"><img loading=\"lazy\" decoding=\"async\" class=\"alignnone\" src=\"http:\/\/farm5.static.flickr.com\/4088\/5174756944_fd1d5b732a.jpg\" alt=\"DSC_9249t\" width=\"320\" height=\"229\" \/><\/a><a class=\"tt-flickr tt-flickr-Medium\" title=\"DSC_9334t\" href=\"http:\/\/farm5.static.flickr.com\/4090\/5174151463_022c9c72ae_b.jpg\"><img loading=\"lazy\" decoding=\"async\" class=\"alignnone\" src=\"http:\/\/farm5.static.flickr.com\/4090\/5174151463_022c9c72ae.jpg\" alt=\"DSC_9334t\" width=\"320\" height=\"229\" \/><\/a><br \/>\n<\/strong><\/p>\n<p><strong>Xico Tarr\u00e9s<\/strong> record\u00f3 los or\u00edgenes hist\u00f3ricos de \u201cLa Sal\u201d as\u00ed como el gran entusiasmo que Pepe Ferres y Isabel Subirats supieron trasmitirle cuando, hace ya muchos, a\u00f1os tuvo la oportunidad de conocerlos. El proyecto de La Ruta de la sal lo hemos visto crecer. Muchos exitos consecutivos que avalan la enorme capacidad\u00a0 y creatividad de Pepe Ferres en su manera de gestionar regatas. Tarres culmino asegurando que el cre\u00eda en La Ruta de la Sal y en su futuro. En un d\u00eda en que la flota re\u00fana tantos participantes que sea necesario implicar a todos los clubes n\u00e1uticos de Ibiza.<\/p>\n<p><strong>Jos\u00e9 Sala,\u00a0 Alcalde de Sant Antoni de Portmany,<\/strong> ciudad que acoge la arribada de la regata en Ibiza, ha afirmado que Sant Antoni dar\u00e1 nuevamente, la mejor acogida a todos los participantes de La Ruta de la Sal.<\/p>\n<p><a class=\"tt-flickr tt-flickr-Medium\" title=\"DSC_9307t\" href=\"http:\/\/farm5.static.flickr.com\/4127\/5174757014_caa0cf943b_b.jpg\"><img loading=\"lazy\" decoding=\"async\" class=\"alignnone\" src=\"http:\/\/farm5.static.flickr.com\/4127\/5174757014_caa0cf943b.jpg\" alt=\"DSC_9307t\" width=\"320\" height=\"229\" \/><\/a> <a class=\"tt-flickr tt-flickr-Medium\" title=\"DSC_9295t\" href=\"http:\/\/farm5.static.flickr.com\/4089\/5174756844_3c3be8983e_b.jpg\"><img loading=\"lazy\" decoding=\"async\" class=\"alignnone\" src=\"http:\/\/farm5.static.flickr.com\/4089\/5174756844_3c3be8983e.jpg\" alt=\"DSC_9295t\" width=\"320\" height=\"229\" \/><\/a> <a class=\"tt-flickr tt-flickr-Medium\" title=\"DSC_9288t\" href=\"http:\/\/farm5.static.flickr.com\/4006\/5174756778_1400cf5e36_b.jpg\"><img loading=\"lazy\" decoding=\"async\" class=\"alignnone\" src=\"http:\/\/farm5.static.flickr.com\/4006\/5174756778_1400cf5e36.jpg\" alt=\"DSC_9288t\" width=\"320\" height=\"229\" \/><\/a> <a class=\"tt-flickr tt-flickr-Medium\" title=\"DSC_9285t\" href=\"http:\/\/farm5.static.flickr.com\/4144\/5174151235_744720a292_b.jpg\"><img loading=\"lazy\" decoding=\"async\" class=\"alignnone\" src=\"http:\/\/farm5.static.flickr.com\/4144\/5174151235_744720a292.jpg\" alt=\"DSC_9285t\" width=\"320\" height=\"229\" \/><\/a><\/p>\n<p>Antes de la Presentaci\u00f3n Oficial y con la especial colaboraci\u00f3n del Consell\u00a0 d\u2019Eivissa, ha tenido lugar una demostraci\u00f3n de m\u00fasica y danzas populares de las Islas Pitiusses. La presentaci\u00f3n de La Ruta de la Sal ha tenido lugar en el Espai de Mar y ha sido el acto m\u00e1s multitudinario del Sal\u00f3n N\u00e1utico con la asistencia de m\u00e1s de 300 personas entre autoridades, colaboradores y los incondicionales regatistas salineros.<\/p>\n<p><a class=\"tt-flickr tt-flickr-Medium\" title=\"DSC_9270W\" href=\"http:\/\/farm5.static.flickr.com\/4103\/5174151067_6013f7e872_b.jpg\"><img loading=\"lazy\" decoding=\"async\" class=\"alignnone\" src=\"http:\/\/farm5.static.flickr.com\/4103\/5174151067_6013f7e872.jpg\" alt=\"DSC_9270W\" width=\"675\" height=\"327\" \/><\/a><\/p>\n<h1>LA RUTA DE LA SAL 2011 RUMBO A SANT ANTONI DE PORTMANY &#8211; IBIZA<\/h1>\n<p>Bajo aspectos deportivos, la <strong>Versi\u00f3n Norte de La Sal <\/strong>que zarpara el pr\u00f3ximo <strong>jueves 21 de abril del 2011 a las 12:00 h<\/strong> desde el CM Port Ginesta,\u00a0 se competir\u00e1 sobre un recorrido de 140 millas con rumbo directo hasta el CN Sant Antoni de Portmany en Ibiza. La <strong>Versi\u00f3n Este<\/strong> que partir\u00e1, a las <strong>14:00 h<\/strong> del mismo d\u00eda desde el RC N\u00e1utico de Denia, se vera obligada a cubrir un circuito de 120 millas que implicara tomar Formentera por babor, la Isla de Tagomago y, navegando por la costa norte de Ibiza, llegar hasta Sant Antoni. Recorrido, este ultimo, que podr\u00eda, si es el caso, modificarse si las condiciones meteorol\u00f3gicas as\u00ed lo sugiriesen.<\/p>\n<p>Tras las experiencias deportivas de los ultimos a\u00f1os se confirma que las derrotas desde Denia y Barcelona -Port Ginesta- hasta Sant Antoni de Portmany en Ibiza, abren interesantes expectativas deportivas para la gran mayor\u00eda de los participantes, asegurando, en ambos casos, unas navegaciones muy t\u00e1cticas y din\u00e1micas. La Versi\u00f3n Este se dibuja como una exigente y compleja regata en la que cohabitan la navegaci\u00f3n de altura con un recorrido costero cargado de opciones. La Versi\u00f3n Norte es una navegaci\u00f3n de altura muy condicionada por los panoramas meteorol\u00f3gicos de las costas norte de Mallorca e Ibiza y, tambi\u00e9n del Golfo de Sant Jordi. Muchos alicientes deportivos para una regata hist\u00f3rica que hoy se muestra m\u00e1s din\u00e1mica y competitiva que nunca.<\/p>\n<p><a class=\"tt-flickr tt-flickr-Medium\" title=\"DSC_9213\" href=\"http:\/\/farm5.static.flickr.com\/4154\/5174755802_862615657a_b.jpg\"><img loading=\"lazy\" decoding=\"async\" class=\"alignnone\" src=\"http:\/\/farm5.static.flickr.com\/4154\/5174755802_862615657a.jpg\" alt=\"DSC_9213\" width=\"320\" height=\"229\" \/><\/a> <a class=\"tt-flickr tt-flickr-Medium\" title=\"DSC_9224\" href=\"http:\/\/farm5.static.flickr.com\/4083\/5174756100_ef20684db3_b.jpg\"><img loading=\"lazy\" decoding=\"async\" class=\"alignnone\" src=\"http:\/\/farm5.static.flickr.com\/4083\/5174756100_ef20684db3.jpg\" alt=\"DSC_9224\" width=\"320\" height=\"229\" \/><\/a><\/p>\n<p>Con unos 300 inscritos y m\u00e1s de 2.600 regatistas en competici\u00f3n, La Ruta de La sal es la regata de altura m\u00e1s importante del Mediterr\u00e1neo.<\/p>\n<p>La XXIV regata de altura de La Ruta de la Sal cuenta con la colaboraci\u00f3n del Consell\u00a0 d\u2019Eivissa,\u00a0 la Conselleries\u00a0 de Turisme y de Industria del Govern de les Illes Balears, el Ajuntament de Sant Antoni de Portmany, la Estaci\u00f3 N\u00e1utica de Sant Antoni y Sant Josep, as\u00ed como de los Ayuntamientos de Denia y Sitges<\/p>\n<p>Esta organizada, por ANAM, Associaci\u00f3 de Navegants d\u2019Altura Mediterranis, en estrecha colaboraci\u00f3n con el CM Port Ginesta, RC N\u00e1utico Denia, CN Sant Antoni de Portmany de Ibiza y la RANC, con el soporte de Ports de Balears, Sociedad Estatal de Salvamento y Seguridad Mar\u00edtima, Guardia Civil del Mar y el apoyo de la Federaci\u00f3 Catalana de Vela, Federaci\u00f3n de Vela de la Comunidad Valenciana y la Federaci\u00f3 Balear de Vela.<\/p>\n<p>En la presentaci\u00f3n intervinieron las siguientes autoridades:<br \/>\nXICO TARRES, President del Consell d\u2019Eivissa<br \/>\nJOSEFA MARI, Consellera de Promoci\u00f3 Turistica del Consell d&#8217;Eivissa<br \/>\nJOSE SALA, Alcalde de Sant Antoni de Portmany<br \/>\nJOSE RAMON SERRA, Regidor de Turisme de l&#8217;Ajuntament de Sant Antoni de Portmany<br \/>\nJOSEP MARI RIBAS, Alcalde Sant Josep de Sa Talaia<br \/>\nLUIS CONDE, Presidente del Salon Nautico Internacional de Barcelona<br \/>\nTONI COLOM, Vice President de la Federaci\u00f3 Catalana de Vela<br \/>\nJESUS TURRO, Presidente de la RANC<br \/>\nSILVIA LIMONES, DelegadaTerritorial de Ports de les Illes Balears en Ibiza<br \/>\nJAIME PORTOLES, Presidente del RC Nautico Denia<br \/>\nDAVID MORERA, Vicepresidente del RC Nautico Denia<br \/>\nPEP TUR, Presidente del CN Sant Antoni de Portmany de Ibiza<br \/>\nRODRIGO DE FEBRER, Director de Port Ginesta en representaci\u00f3n de ALFONSO ECHEGARAY<br \/>\nMANUEL GUASCH, Navegante Ibicenco<br \/>\nALBERT BARGUES, Navegante Oceanico<br \/>\nISABEL SUBIRATS, Presidenta de ANAM<br \/>\nMARC MIRAVTILLES, Director de la Regata<\/p>\n<p>entre otras autoridades y patrocinadores<br \/>\nSALON NAUTICO INTERNACIONAL DE BARCELONA, LOUIS CHEVROLET el Reloj Oficial, GRAMONA Cava Oficial de la Regata, AUSMAR Empresa de Seguridad en la Mar Y SKIPPER<\/p>\n<p><a class=\"tt-flickr tt-flickr-Medium\" title=\"DSC_9362\" href=\"http:\/\/farm5.static.flickr.com\/4092\/5174756028_4e31280de3_b.jpg\"><img loading=\"lazy\" decoding=\"async\" class=\"alignnone\" src=\"http:\/\/farm5.static.flickr.com\/4092\/5174756028_4e31280de3.jpg\" alt=\"DSC_9362\" width=\"320\" height=\"229\" \/><\/a> <a class=\"tt-flickr tt-flickr-Medium\" title=\"DSC_9349\" href=\"http:\/\/farm5.static.flickr.com\/4128\/5174755884_998fcc2f1f_b.jpg\"><img loading=\"lazy\" decoding=\"async\" class=\"alignnone\" src=\"http:\/\/farm5.static.flickr.com\/4128\/5174755884_998fcc2f1f.jpg\" alt=\"DSC_9349\" width=\"320\" height=\"229\" \/><\/a> <a class=\"tt-flickr tt-flickr-Medium\" title=\"DSC_9179\" href=\"http:\/\/farm5.static.flickr.com\/4089\/5174150543_0844d33e89_b.jpg\"><img loading=\"lazy\" decoding=\"async\" class=\"alignnone\" src=\"http:\/\/farm5.static.flickr.com\/4089\/5174150543_0844d33e89.jpg\" alt=\"DSC_9179\" width=\"320\" height=\"229\" \/><\/a> <a class=\"tt-flickr tt-flickr-Medium\" title=\"DSC_9372\" href=\"http:\/\/farm5.static.flickr.com\/4088\/5174150787_e95c84f5d6_b.jpg\"><img loading=\"lazy\" decoding=\"async\" class=\"alignnone\" src=\"http:\/\/farm5.static.flickr.com\/4088\/5174150787_e95c84f5d6.jpg\" alt=\"DSC_9372\" width=\"320\" height=\"229\" \/><\/a><\/p>\n","protected":false},"excerpt":{"rendered":"<p>La Ruta de la Sal en el Sal\u00f3n N\u00e1utico ANAM, -Associaci\u00f3 de Navegants d\u2019Altura Mediterranis- en\u00a0 colaboraci\u00f3n\u00a0 con el CM Port Ginesta, Real Club N\u00e1utico Denia, Club Nautic Sant Antoni de Portmany de Ibiza y la RANC, ha presentado, en el Espai del Mar del\u00a0 Sal\u00f3n N\u00e1utico Internacional de Barcelona\u00a0 la que ser\u00e1 la XXIV\u00aa [&hellip;]<\/p>\n","protected":false},"author":1,"featured_media":3936,"comment_status":"open","ping_status":"open","sticky":false,"template":"","format":"standard","meta":{"_acf_changed":false,"footnotes":""},"categories":[3],"tags":[],"acf":[],"yoast_head":"<!-- This site is optimized with the Yoast SEO plugin v23.0 - https:\/\/yoast.com\/wordpress\/plugins\/seo\/ -->\n<title>Multitudinaria Presentacion de la XXIV edici\u00f3n de La Ruta de la Sal en Homenaje a Pepe Ferres en el Salon Nautico Internacional de Barcelona | Regata La Ruta de la Sal<\/title>\n<meta name=\"robots\" content=\"noindex, follow, max-snippet:-1, max-image-preview:large, max-video-preview:-1\" \/>\n<meta property=\"og:locale\" content=\"es_ES\" \/>\n<meta property=\"og:type\" content=\"article\" \/>\n<meta property=\"og:title\" content=\"Multitudinaria Presentacion de la XXIV edici\u00f3n de La Ruta de la Sal en Homenaje a Pepe Ferres en el Salon Nautico Internacional de Barcelona | Regata La Ruta de la Sal\" \/>\n<meta property=\"og:description\" content=\"La Ruta de la Sal en el Sal\u00f3n N\u00e1utico ANAM, -Associaci\u00f3 de Navegants d\u2019Altura Mediterranis- en\u00a0 colaboraci\u00f3n\u00a0 con el CM Port Ginesta, Real Club N\u00e1utico Denia, Club Nautic Sant Antoni de Portmany de Ibiza y la RANC, ha presentado, en el Espai del Mar del\u00a0 Sal\u00f3n N\u00e1utico Internacional de Barcelona\u00a0 la que ser\u00e1 la XXIV\u00aa [&hellip;]\" \/>\n<meta property=\"og:url\" content=\"https:\/\/labs.100x100.net\/projects\/rutasal\/trofeo-pepe-ferres-de-barcelona-y-denia-a-ibiza-cm-port-ginesta-rcn-denia-cn-sant-antoni-de-portmany-xxiv-edicion\/\" \/>\n<meta property=\"og:site_name\" content=\"Regata La Ruta de la Sal\" \/>\n<meta property=\"article:publisher\" content=\"https:\/\/www.facebook.com\/rutadelasal\/\" \/>\n<meta property=\"article:published_time\" content=\"2010-11-12T19:31:05+00:00\" \/>\n<meta property=\"article:modified_time\" content=\"2019-03-14T10:34:33+00:00\" \/>\n<meta property=\"og:image\" content=\"https:\/\/labs.100x100.net\/projects\/rutasal\/custom\/uploads\/2010\/11\/5174756200_b4c1f1490a_b.jpg\" \/>\n\t<meta property=\"og:image:width\" content=\"980\" \/>\n\t<meta property=\"og:image:height\" content=\"493\" \/>\n\t<meta property=\"og:image:type\" content=\"image\/jpeg\" \/>\n<meta name=\"author\" content=\"La Ruta de la Sal\" \/>\n<meta name=\"twitter:card\" content=\"summary_large_image\" \/>\n<meta name=\"twitter:creator\" content=\"@AnamMedi\" \/>\n<meta name=\"twitter:site\" content=\"@AnamMedi\" \/>\n<meta name=\"twitter:label1\" content=\"Escrito por\" \/>\n\t<meta name=\"twitter:data1\" content=\"La Ruta de la Sal\" \/>\n\t<meta name=\"twitter:label2\" content=\"Tiempo de lectura\" \/>\n\t<meta name=\"twitter:data2\" content=\"8 minutos\" \/>\n<script type=\"application\/ld+json\" class=\"yoast-schema-graph\">{\"@context\":\"https:\/\/schema.org\",\"@graph\":[{\"@type\":\"WebPage\",\"@id\":\"https:\/\/labs.100x100.net\/projects\/rutasal\/trofeo-pepe-ferres-de-barcelona-y-denia-a-ibiza-cm-port-ginesta-rcn-denia-cn-sant-antoni-de-portmany-xxiv-edicion\/\",\"url\":\"https:\/\/labs.100x100.net\/projects\/rutasal\/trofeo-pepe-ferres-de-barcelona-y-denia-a-ibiza-cm-port-ginesta-rcn-denia-cn-sant-antoni-de-portmany-xxiv-edicion\/\",\"name\":\"Multitudinaria Presentacion de la XXIV edici\u00f3n de La Ruta de la Sal en Homenaje a Pepe Ferres en el Salon Nautico Internacional de Barcelona | Regata La Ruta de la Sal\",\"isPartOf\":{\"@id\":\"https:\/\/labs.100x100.net\/projects\/rutasal\/#website\"},\"primaryImageOfPage\":{\"@id\":\"https:\/\/labs.100x100.net\/projects\/rutasal\/trofeo-pepe-ferres-de-barcelona-y-denia-a-ibiza-cm-port-ginesta-rcn-denia-cn-sant-antoni-de-portmany-xxiv-edicion\/#primaryimage\"},\"image\":{\"@id\":\"https:\/\/labs.100x100.net\/projects\/rutasal\/trofeo-pepe-ferres-de-barcelona-y-denia-a-ibiza-cm-port-ginesta-rcn-denia-cn-sant-antoni-de-portmany-xxiv-edicion\/#primaryimage\"},\"thumbnailUrl\":\"https:\/\/labs.100x100.net\/projects\/rutasal\/custom\/uploads\/2010\/11\/5174756200_b4c1f1490a_b.jpg\",\"datePublished\":\"2010-11-12T19:31:05+00:00\",\"dateModified\":\"2019-03-14T10:34:33+00:00\",\"author\":{\"@id\":\"https:\/\/labs.100x100.net\/projects\/rutasal\/#\/schema\/person\/214eeb4a2e78fd8373a0a94f6d93c9ca\"},\"breadcrumb\":{\"@id\":\"https:\/\/labs.100x100.net\/projects\/rutasal\/trofeo-pepe-ferres-de-barcelona-y-denia-a-ibiza-cm-port-ginesta-rcn-denia-cn-sant-antoni-de-portmany-xxiv-edicion\/#breadcrumb\"},\"inLanguage\":\"es\",\"potentialAction\":[{\"@type\":\"ReadAction\",\"target\":[\"https:\/\/labs.100x100.net\/projects\/rutasal\/trofeo-pepe-ferres-de-barcelona-y-denia-a-ibiza-cm-port-ginesta-rcn-denia-cn-sant-antoni-de-portmany-xxiv-edicion\/\"]}]},{\"@type\":\"ImageObject\",\"inLanguage\":\"es\",\"@id\":\"https:\/\/labs.100x100.net\/projects\/rutasal\/trofeo-pepe-ferres-de-barcelona-y-denia-a-ibiza-cm-port-ginesta-rcn-denia-cn-sant-antoni-de-portmany-xxiv-edicion\/#primaryimage\",\"url\":\"https:\/\/labs.100x100.net\/projects\/rutasal\/custom\/uploads\/2010\/11\/5174756200_b4c1f1490a_b.jpg\",\"contentUrl\":\"https:\/\/labs.100x100.net\/projects\/rutasal\/custom\/uploads\/2010\/11\/5174756200_b4c1f1490a_b.jpg\",\"width\":980,\"height\":493},{\"@type\":\"BreadcrumbList\",\"@id\":\"https:\/\/labs.100x100.net\/projects\/rutasal\/trofeo-pepe-ferres-de-barcelona-y-denia-a-ibiza-cm-port-ginesta-rcn-denia-cn-sant-antoni-de-portmany-xxiv-edicion\/#breadcrumb\",\"itemListElement\":[{\"@type\":\"ListItem\",\"position\":1,\"name\":\"Portada\",\"item\":\"https:\/\/labs.100x100.net\/projects\/rutasal\/\"},{\"@type\":\"ListItem\",\"position\":2,\"name\":\"Multitudinaria Presentacion de la XXIV edici\u00f3n de La Ruta de la Sal en Homenaje a Pepe Ferres en el Salon Nautico Internacional de Barcelona\"}]},{\"@type\":\"WebSite\",\"@id\":\"https:\/\/labs.100x100.net\/projects\/rutasal\/#website\",\"url\":\"https:\/\/labs.100x100.net\/projects\/rutasal\/\",\"name\":\"Regata La Ruta de la Sal\",\"description\":\"Regata La Ruta de la Sal es una regata de Altura Mediterr\u00e1nea para barcos de crucero a vela con destino en Ibiza, que se disputa anualmente en Semana Santa.\",\"potentialAction\":[{\"@type\":\"SearchAction\",\"target\":{\"@type\":\"EntryPoint\",\"urlTemplate\":\"https:\/\/labs.100x100.net\/projects\/rutasal\/?s={search_term_string}\"},\"query-input\":\"required name=search_term_string\"}],\"inLanguage\":\"es\"},{\"@type\":\"Person\",\"@id\":\"https:\/\/labs.100x100.net\/projects\/rutasal\/#\/schema\/person\/214eeb4a2e78fd8373a0a94f6d93c9ca\",\"name\":\"La Ruta de la Sal\",\"image\":{\"@type\":\"ImageObject\",\"inLanguage\":\"es\",\"@id\":\"https:\/\/labs.100x100.net\/projects\/rutasal\/#\/schema\/person\/image\/\",\"url\":\"https:\/\/secure.gravatar.com\/avatar\/b247286d4b801d6b1cfcfb3807587284?s=96&d=mm&r=g\",\"contentUrl\":\"https:\/\/secure.gravatar.com\/avatar\/b247286d4b801d6b1cfcfb3807587284?s=96&d=mm&r=g\",\"caption\":\"La Ruta de la Sal\"}}]}<\/script>\n<!-- \/ Yoast SEO plugin. -->","yoast_head_json":{"title":"Multitudinaria Presentacion de la XXIV edici\u00f3n de La Ruta de la Sal en Homenaje a Pepe Ferres en el Salon Nautico Internacional de Barcelona | Regata La Ruta de la Sal","robots":{"index":"noindex","follow":"follow","max-snippet":"max-snippet:-1","max-image-preview":"max-image-preview:large","max-video-preview":"max-video-preview:-1"},"og_locale":"es_ES","og_type":"article","og_title":"Multitudinaria Presentacion de la XXIV edici\u00f3n de La Ruta de la Sal en Homenaje a Pepe Ferres en el Salon Nautico Internacional de Barcelona | Regata La Ruta de la Sal","og_description":"La Ruta de la Sal en el Sal\u00f3n N\u00e1utico ANAM, -Associaci\u00f3 de Navegants d\u2019Altura Mediterranis- en\u00a0 colaboraci\u00f3n\u00a0 con el CM Port Ginesta, Real Club N\u00e1utico Denia, Club Nautic Sant Antoni de Portmany de Ibiza y la RANC, ha presentado, en el Espai del Mar del\u00a0 Sal\u00f3n N\u00e1utico Internacional de Barcelona\u00a0 la que ser\u00e1 la XXIV\u00aa [&hellip;]","og_url":"https:\/\/labs.100x100.net\/projects\/rutasal\/trofeo-pepe-ferres-de-barcelona-y-denia-a-ibiza-cm-port-ginesta-rcn-denia-cn-sant-antoni-de-portmany-xxiv-edicion\/","og_site_name":"Regata La Ruta de la Sal","article_publisher":"https:\/\/www.facebook.com\/rutadelasal\/","article_published_time":"2010-11-12T19:31:05+00:00","article_modified_time":"2019-03-14T10:34:33+00:00","og_image":[{"width":980,"height":493,"url":"https:\/\/labs.100x100.net\/projects\/rutasal\/custom\/uploads\/2010\/11\/5174756200_b4c1f1490a_b.jpg","type":"image\/jpeg"}],"author":"La Ruta de la Sal","twitter_card":"summary_large_image","twitter_creator":"@AnamMedi","twitter_site":"@AnamMedi","twitter_misc":{"Escrito por":"La Ruta de la Sal","Tiempo de lectura":"8 minutos"},"schema":{"@context":"https:\/\/schema.org","@graph":[{"@type":"WebPage","@id":"https:\/\/labs.100x100.net\/projects\/rutasal\/trofeo-pepe-ferres-de-barcelona-y-denia-a-ibiza-cm-port-ginesta-rcn-denia-cn-sant-antoni-de-portmany-xxiv-edicion\/","url":"https:\/\/labs.100x100.net\/projects\/rutasal\/trofeo-pepe-ferres-de-barcelona-y-denia-a-ibiza-cm-port-ginesta-rcn-denia-cn-sant-antoni-de-portmany-xxiv-edicion\/","name":"Multitudinaria Presentacion de la XXIV edici\u00f3n de La Ruta de la Sal en Homenaje a Pepe Ferres en el Salon Nautico Internacional de Barcelona | Regata La Ruta de la Sal","isPartOf":{"@id":"https:\/\/labs.100x100.net\/projects\/rutasal\/#website"},"primaryImageOfPage":{"@id":"https:\/\/labs.100x100.net\/projects\/rutasal\/trofeo-pepe-ferres-de-barcelona-y-denia-a-ibiza-cm-port-ginesta-rcn-denia-cn-sant-antoni-de-portmany-xxiv-edicion\/#primaryimage"},"image":{"@id":"https:\/\/labs.100x100.net\/projects\/rutasal\/trofeo-pepe-ferres-de-barcelona-y-denia-a-ibiza-cm-port-ginesta-rcn-denia-cn-sant-antoni-de-portmany-xxiv-edicion\/#primaryimage"},"thumbnailUrl":"https:\/\/labs.100x100.net\/projects\/rutasal\/custom\/uploads\/2010\/11\/5174756200_b4c1f1490a_b.jpg","datePublished":"2010-11-12T19:31:05+00:00","dateModified":"2019-03-14T10:34:33+00:00","author":{"@id":"https:\/\/labs.100x100.net\/projects\/rutasal\/#\/schema\/person\/214eeb4a2e78fd8373a0a94f6d93c9ca"},"breadcrumb":{"@id":"https:\/\/labs.100x100.net\/projects\/rutasal\/trofeo-pepe-ferres-de-barcelona-y-denia-a-ibiza-cm-port-ginesta-rcn-denia-cn-sant-antoni-de-portmany-xxiv-edicion\/#breadcrumb"},"inLanguage":"es","potentialAction":[{"@type":"ReadAction","target":["https:\/\/labs.100x100.net\/projects\/rutasal\/trofeo-pepe-ferres-de-barcelona-y-denia-a-ibiza-cm-port-ginesta-rcn-denia-cn-sant-antoni-de-portmany-xxiv-edicion\/"]}]},{"@type":"ImageObject","inLanguage":"es","@id":"https:\/\/labs.100x100.net\/projects\/rutasal\/trofeo-pepe-ferres-de-barcelona-y-denia-a-ibiza-cm-port-ginesta-rcn-denia-cn-sant-antoni-de-portmany-xxiv-edicion\/#primaryimage","url":"https:\/\/labs.100x100.net\/projects\/rutasal\/custom\/uploads\/2010\/11\/5174756200_b4c1f1490a_b.jpg","contentUrl":"https:\/\/labs.100x100.net\/projects\/rutasal\/custom\/uploads\/2010\/11\/5174756200_b4c1f1490a_b.jpg","width":980,"height":493},{"@type":"BreadcrumbList","@id":"https:\/\/labs.100x100.net\/projects\/rutasal\/trofeo-pepe-ferres-de-barcelona-y-denia-a-ibiza-cm-port-ginesta-rcn-denia-cn-sant-antoni-de-portmany-xxiv-edicion\/#breadcrumb","itemListElement":[{"@type":"ListItem","position":1,"name":"Portada","item":"https:\/\/labs.100x100.net\/projects\/rutasal\/"},{"@type":"ListItem","position":2,"name":"Multitudinaria Presentacion de la XXIV edici\u00f3n de La Ruta de la Sal en Homenaje a Pepe Ferres en el Salon Nautico Internacional de Barcelona"}]},{"@type":"WebSite","@id":"https:\/\/labs.100x100.net\/projects\/rutasal\/#website","url":"https:\/\/labs.100x100.net\/projects\/rutasal\/","name":"Regata La Ruta de la Sal","description":"Regata La Ruta de la Sal es una regata de Altura Mediterr\u00e1nea para barcos de crucero a vela con destino en Ibiza, que se disputa anualmente en Semana Santa.","potentialAction":[{"@type":"SearchAction","target":{"@type":"EntryPoint","urlTemplate":"https:\/\/labs.100x100.net\/projects\/rutasal\/?s={search_term_string}"},"query-input":"required name=search_term_string"}],"inLanguage":"es"},{"@type":"Person","@id":"https:\/\/labs.100x100.net\/projects\/rutasal\/#\/schema\/person\/214eeb4a2e78fd8373a0a94f6d93c9ca","name":"La Ruta de la Sal","image":{"@type":"ImageObject","inLanguage":"es","@id":"https:\/\/labs.100x100.net\/projects\/rutasal\/#\/schema\/person\/image\/","url":"https:\/\/secure.gravatar.com\/avatar\/b247286d4b801d6b1cfcfb3807587284?s=96&d=mm&r=g","contentUrl":"https:\/\/secure.gravatar.com\/avatar\/b247286d4b801d6b1cfcfb3807587284?s=96&d=mm&r=g","caption":"La Ruta de la Sal"}}]}},"_links":{"self":[{"href":"https:\/\/labs.100x100.net\/projects\/rutasal\/wp-json\/wp\/v2\/posts\/305"}],"collection":[{"href":"https:\/\/labs.100x100.net\/projects\/rutasal\/wp-json\/wp\/v2\/posts"}],"about":[{"href":"https:\/\/labs.100x100.net\/projects\/rutasal\/wp-json\/wp\/v2\/types\/post"}],"author":[{"embeddable":true,"href":"https:\/\/labs.100x100.net\/projects\/rutasal\/wp-json\/wp\/v2\/users\/1"}],"replies":[{"embeddable":true,"href":"https:\/\/labs.100x100.net\/projects\/rutasal\/wp-json\/wp\/v2\/comments?post=305"}],"version-history":[{"count":1,"href":"https:\/\/labs.100x100.net\/projects\/rutasal\/wp-json\/wp\/v2\/posts\/305\/revisions"}],"predecessor-version":[{"id":3937,"href":"https:\/\/labs.100x100.net\/projects\/rutasal\/wp-json\/wp\/v2\/posts\/305\/revisions\/3937"}],"wp:featuredmedia":[{"embeddable":true,"href":"https:\/\/labs.100x100.net\/projects\/rutasal\/wp-json\/wp\/v2\/media\/3936"}],"wp:attachment":[{"href":"https:\/\/labs.100x100.net\/projects\/rutasal\/wp-json\/wp\/v2\/media?parent=305"}],"wp:term":[{"taxonomy":"category","embeddable":true,"href":"https:\/\/labs.100x100.net\/projects\/rutasal\/wp-json\/wp\/v2\/categories?post=305"},{"taxonomy":"post_tag","embeddable":true,"href":"https:\/\/labs.100x100.net\/projects\/rutasal\/wp-json\/wp\/v2\/tags?post=305"}],"curies":[{"name":"wp","href":"https:\/\/api.w.org\/{rel}","templated":true}]}}