{"id":2999,"date":"2018-04-01T12:13:49","date_gmt":"2018-04-01T10:13:49","guid":{"rendered":"https:\/\/larutadelasal.com\/?p=2999"},"modified":"2019-03-07T11:15:47","modified_gmt":"2019-03-07T09:15:47","slug":"entrega-de-trofeos-en-sant-antoni-de-portmany-ibiza-de-la-31-edicion-de-la-regata-de-altura-la-ruta-de-la-sal","status":"publish","type":"post","link":"https:\/\/labs.100x100.net\/projects\/rutasal\/entrega-de-trofeos-en-sant-antoni-de-portmany-ibiza-de-la-31-edicion-de-la-regata-de-altura-la-ruta-de-la-sal\/","title":{"rendered":"Entrega de trofeos en Sant Antoni de Portmany, Ibiza, de la 31 edici\u00f3n de la regata de altura La Ruta de la Sal"},"content":{"rendered":"<p><strong>TODOS FUERON CAMPEONES<\/strong><\/p>\n<p>Ayer 31 de marzo a las 20 horas, tal como estaba previsto, se procedi\u00f3, en Sant Antoni de Portmany, a la entrega de trofeos de la 31 edici\u00f3n de La Ruta de la Sal.<\/p>\n<p>Un acto en el que, dadas la dureza de la competici\u00f3n y el m\u00e9rito de haber participado en ella, qued\u00f3 claro que todos los participantes fueron campeones. Pr\u00e1cticamente un homenaje a todos aquellos equipos que lograron clasificarse, en muchos casos luchando contra condiciones meteorol\u00f3gicas realmente extremas.<\/p>\n<div style=\"width: 650px\" class=\"wp-caption aligncenter\"><a title=\"Vencedores Absolutos\" href=\"https:\/\/www.flickr.com\/photos\/circuitoanam\/39346276750\/in\/dateposted-public\/\" rel=\"\"><img loading=\"lazy\" decoding=\"async\" class=\"aligncenter\" title=\"Vencedores Absolutos\" src=\"http:\/\/farm1.staticflickr.com\/867\/39346276750_10f532b59b_z.jpg\" alt=\"Vencedores Absolutos\" width=\"640\" height=\"420\" \/><\/a><p class=\"wp-caption-text\">Vencedores Absolutos<\/p><\/div>\n<p>&nbsp;<\/p>\n<p>Remiti\u00e9ndonos a los resultados, tal como se hab\u00eda adelantado, \u201cMarjuin\u00bb de Pere Roquet en la Versi\u00f3n Barcelona; \u00abC\u00f3ndor de Javea\u00bb de Carlos Fern\u00e1ndez Martos en la Versi\u00f3n Denia y \u00abYolo\u00bb de Kai-Uwe Holweg de la Versi\u00f3n Mallorca recibieron el Trofeo de Vencedores Absolutos de la mano de Vicent Torres, Director<br \/>\nInsular de Turismo del Consell de Eivissa.<\/p>\n<div style=\"width: 650px\" class=\"wp-caption aligncenter\"><a title=\"Vencedores en tiempo real\" href=\"https:\/\/www.flickr.com\/photos\/circuitoanam\/40443643604\/in\/dateposted-public\/\" rel=\"\"><img loading=\"lazy\" decoding=\"async\" class=\"aligncenter\" title=\"Vencedores en tiempo real\" src=\"http:\/\/farm1.staticflickr.com\/886\/40443643604_4d7930bcf8_z.jpg\" alt=\"Vencedores en tiempo real\" width=\"640\" height=\"420\" \/><\/a><p class=\"wp-caption-text\">Vencedores en tiempo real<\/p><\/div>\n<p>&nbsp;<\/p>\n<p>Por lo que concierne a los Vencedores en Tiempo Real fue Jose Tur, Alcalde del Ayuntamiento de Sant Antoni de Portmany, quien entreg\u00f3 los trofeos al \u00abCaro\u00bb del alem\u00e1n M\u00e1ximilian Klink en la Versi\u00f3n Barcelona, al \u00abDos Much-Pelotari Project\u00bb del mallorqu\u00edn Joan Segui en la Versi\u00f3n Denia y al \u00abClem-Grupo Inmobiliario El<br \/>\nEncinar\u00bb de Jaime Olazabal en la Versi\u00f3n Mallorca.<\/p>\n<p>&nbsp;<\/p>\n<p><strong>TROFEO GARMIN, VENCEDORES ABSOLUTOS DE LA EDICI\u00d3N 31 DE LA RUTA DE LA SAL<\/strong><br \/>\nLos capitanes de los equipos vencedores absolutos de las tres versiones de La Ruta de la Sal, Pera Roquet patr\u00f3n del \u201cMarjuin\u201d, un Grand Soleil 50, Carlos Fernandez, patr\u00f3n del \u201cCondor de Javea\u201d, un First 50, y Steve Pally, en nombre de Kai-uwe Holweg patr\u00f3n del \u201cYolo\u201d, un Sun Fast 3600, reciben el Trofeo Garmin, el reloj n\u00e1utico inteligente Quatix 5, de manos de Enrique Curt, director de la regata.<\/p>\n<p><a title=\"31 La Ruta de La Sal 2018\" href=\"#\" rel=\"\"><img loading=\"lazy\" decoding=\"async\" class=\"aligncenter\" title=\"31 La Ruta de La Sal 2018\" src=\"http:\/\/farm1.staticflickr.com\/805\/27329442728_1fbe6ee18b_z.jpg\" alt=\"31 La Ruta de La Sal 2018\" width=\"640\" height=\"428\" \/><\/a><\/p>\n<p>Rueda de prensa con los vencedores de la 31 edici\u00f3n de La Ruta de la Sal en el Club N\u00e0utic Sant Antoni de Portmany. Han acudido a la cita el Director Insular de Turismo del Consell de Eivissa, Vicent Torres, el Alcalde del Ayuntamiento de Sant Antoni de Portmany, Jose Tur, y el Regidor de Turismo del Ayuntamiento de Sant Antoni de Portmany, Jos\u00e9 Antonio Ferragut.<\/p>\n<div style=\"width: 314px\" class=\"wp-caption alignleft\"><a title=\"C\u00f3ndor de Javea\" href=\"https:\/\/www.flickr.com\/photos\/circuitoanam\/26284446307\/in\/dateposted-public\/\" rel=\"\"><img loading=\"lazy\" decoding=\"async\" class=\"alignleft\" title=\"C\u00f3ndor de Javea\" src=\"http:\/\/farm1.staticflickr.com\/893\/26284446307_f7c2d4d7b9_n.jpg\" alt=\"C\u00f3ndor de Javea\" width=\"304\" height=\"214\" \/><\/a><p class=\"wp-caption-text\">C\u00f3ndor de Javea<\/p><\/div>\n<div style=\"width: 314px\" class=\"wp-caption alignleft\"><a title=\"Marjuin\" href=\"https:\/\/www.flickr.com\/photos\/circuitoanam\/40444325964\/in\/dateposted-public\/\" rel=\"\"><img loading=\"lazy\" decoding=\"async\" class=\"aligncenter\" title=\"Marjuin\" src=\"http:\/\/farm1.staticflickr.com\/806\/40444325964_85b41447f9_n.jpg\" alt=\"Marjuin\" width=\"304\" height=\"214\" \/><\/a><p class=\"wp-caption-text\">Marjuin<\/p><\/div>\n<p>&nbsp;<\/p>\n<p>&nbsp;<\/p>\n<p>&nbsp;<\/p>\n<p>&nbsp;<\/p>\n<p>&nbsp;<\/p>\n<p>&nbsp;<\/p>\n<p>&nbsp;<\/p>\n<p>Consulta <a title=\"aqu\u00ed\" href=\"https:\/\/larutadelasal.com\/resultados_edant\/\" target=\"_blank\" rel=\"noopener\">aqu\u00ed <\/a>los resultados de la 31 edici\u00f3n de La Ruta de la Sal.<\/p>\n","protected":false},"excerpt":{"rendered":"<p>TODOS FUERON CAMPEONES Ayer 31 de marzo a las 20 horas, tal como estaba previsto, se procedi\u00f3, en Sant Antoni de Portmany, a la entrega de trofeos de la 31 edici\u00f3n de La Ruta de la Sal. Un acto en el que, dadas la dureza de la competici\u00f3n y el m\u00e9rito de haber participado en [&hellip;]<\/p>\n","protected":false},"author":1,"featured_media":3593,"comment_status":"open","ping_status":"open","sticky":false,"template":"","format":"standard","meta":{"_acf_changed":false,"footnotes":""},"categories":[3],"tags":[],"acf":[],"yoast_head":"<!-- This site is optimized with the Yoast SEO plugin v23.0 - https:\/\/yoast.com\/wordpress\/plugins\/seo\/ -->\n<title>Entrega de trofeos en Sant Antoni de Portmany, Ibiza, de la 31 edici\u00f3n de la regata de altura La Ruta de la Sal | Regata La Ruta de la Sal<\/title>\n<meta name=\"robots\" content=\"noindex, follow, max-snippet:-1, max-image-preview:large, max-video-preview:-1\" \/>\n<meta property=\"og:locale\" content=\"es_ES\" \/>\n<meta property=\"og:type\" content=\"article\" \/>\n<meta property=\"og:title\" content=\"Entrega de trofeos en Sant Antoni de Portmany, Ibiza, de la 31 edici\u00f3n de la regata de altura La Ruta de la Sal | Regata La Ruta de la Sal\" \/>\n<meta property=\"og:description\" content=\"TODOS FUERON CAMPEONES Ayer 31 de marzo a las 20 horas, tal como estaba previsto, se procedi\u00f3, en Sant Antoni de Portmany, a la entrega de trofeos de la 31 edici\u00f3n de La Ruta de la Sal. Un acto en el que, dadas la dureza de la competici\u00f3n y el m\u00e9rito de haber participado en [&hellip;]\" \/>\n<meta property=\"og:url\" content=\"https:\/\/labs.100x100.net\/projects\/rutasal\/entrega-de-trofeos-en-sant-antoni-de-portmany-ibiza-de-la-31-edicion-de-la-regata-de-altura-la-ruta-de-la-sal\/\" \/>\n<meta property=\"og:site_name\" content=\"Regata La Ruta de la Sal\" \/>\n<meta property=\"article:publisher\" content=\"https:\/\/www.facebook.com\/rutadelasal\/\" \/>\n<meta property=\"article:published_time\" content=\"2018-04-01T10:13:49+00:00\" \/>\n<meta property=\"article:modified_time\" content=\"2019-03-07T09:15:47+00:00\" \/>\n<meta property=\"og:image\" content=\"https:\/\/labs.100x100.net\/projects\/rutasal\/custom\/uploads\/2018\/04\/39346276750_10f532b59b_z.jpg\" \/>\n\t<meta property=\"og:image:width\" content=\"640\" \/>\n\t<meta property=\"og:image:height\" content=\"428\" \/>\n\t<meta property=\"og:image:type\" content=\"image\/jpeg\" \/>\n<meta name=\"author\" content=\"La Ruta de la Sal\" \/>\n<meta name=\"twitter:card\" content=\"summary_large_image\" \/>\n<meta name=\"twitter:creator\" content=\"@AnamMedi\" \/>\n<meta name=\"twitter:site\" content=\"@AnamMedi\" \/>\n<meta name=\"twitter:label1\" content=\"Escrito por\" \/>\n\t<meta name=\"twitter:data1\" content=\"La Ruta de la Sal\" \/>\n\t<meta name=\"twitter:label2\" content=\"Tiempo de lectura\" \/>\n\t<meta name=\"twitter:data2\" content=\"2 minutos\" \/>\n<script type=\"application\/ld+json\" class=\"yoast-schema-graph\">{\"@context\":\"https:\/\/schema.org\",\"@graph\":[{\"@type\":\"WebPage\",\"@id\":\"https:\/\/labs.100x100.net\/projects\/rutasal\/entrega-de-trofeos-en-sant-antoni-de-portmany-ibiza-de-la-31-edicion-de-la-regata-de-altura-la-ruta-de-la-sal\/\",\"url\":\"https:\/\/labs.100x100.net\/projects\/rutasal\/entrega-de-trofeos-en-sant-antoni-de-portmany-ibiza-de-la-31-edicion-de-la-regata-de-altura-la-ruta-de-la-sal\/\",\"name\":\"Entrega de trofeos en Sant Antoni de Portmany, Ibiza, de la 31 edici\u00f3n de la regata de altura La Ruta de la Sal | Regata La Ruta de la Sal\",\"isPartOf\":{\"@id\":\"https:\/\/labs.100x100.net\/projects\/rutasal\/#website\"},\"primaryImageOfPage\":{\"@id\":\"https:\/\/labs.100x100.net\/projects\/rutasal\/entrega-de-trofeos-en-sant-antoni-de-portmany-ibiza-de-la-31-edicion-de-la-regata-de-altura-la-ruta-de-la-sal\/#primaryimage\"},\"image\":{\"@id\":\"https:\/\/labs.100x100.net\/projects\/rutasal\/entrega-de-trofeos-en-sant-antoni-de-portmany-ibiza-de-la-31-edicion-de-la-regata-de-altura-la-ruta-de-la-sal\/#primaryimage\"},\"thumbnailUrl\":\"https:\/\/labs.100x100.net\/projects\/rutasal\/custom\/uploads\/2018\/04\/39346276750_10f532b59b_z.jpg\",\"datePublished\":\"2018-04-01T10:13:49+00:00\",\"dateModified\":\"2019-03-07T09:15:47+00:00\",\"author\":{\"@id\":\"https:\/\/labs.100x100.net\/projects\/rutasal\/#\/schema\/person\/214eeb4a2e78fd8373a0a94f6d93c9ca\"},\"breadcrumb\":{\"@id\":\"https:\/\/labs.100x100.net\/projects\/rutasal\/entrega-de-trofeos-en-sant-antoni-de-portmany-ibiza-de-la-31-edicion-de-la-regata-de-altura-la-ruta-de-la-sal\/#breadcrumb\"},\"inLanguage\":\"es\",\"potentialAction\":[{\"@type\":\"ReadAction\",\"target\":[\"https:\/\/labs.100x100.net\/projects\/rutasal\/entrega-de-trofeos-en-sant-antoni-de-portmany-ibiza-de-la-31-edicion-de-la-regata-de-altura-la-ruta-de-la-sal\/\"]}]},{\"@type\":\"ImageObject\",\"inLanguage\":\"es\",\"@id\":\"https:\/\/labs.100x100.net\/projects\/rutasal\/entrega-de-trofeos-en-sant-antoni-de-portmany-ibiza-de-la-31-edicion-de-la-regata-de-altura-la-ruta-de-la-sal\/#primaryimage\",\"url\":\"https:\/\/labs.100x100.net\/projects\/rutasal\/custom\/uploads\/2018\/04\/39346276750_10f532b59b_z.jpg\",\"contentUrl\":\"https:\/\/labs.100x100.net\/projects\/rutasal\/custom\/uploads\/2018\/04\/39346276750_10f532b59b_z.jpg\",\"width\":640,\"height\":428},{\"@type\":\"BreadcrumbList\",\"@id\":\"https:\/\/labs.100x100.net\/projects\/rutasal\/entrega-de-trofeos-en-sant-antoni-de-portmany-ibiza-de-la-31-edicion-de-la-regata-de-altura-la-ruta-de-la-sal\/#breadcrumb\",\"itemListElement\":[{\"@type\":\"ListItem\",\"position\":1,\"name\":\"Portada\",\"item\":\"https:\/\/labs.100x100.net\/projects\/rutasal\/\"},{\"@type\":\"ListItem\",\"position\":2,\"name\":\"Entrega de trofeos en Sant Antoni de Portmany, Ibiza, de la 31 edici\u00f3n de la regata de altura La Ruta de la Sal\"}]},{\"@type\":\"WebSite\",\"@id\":\"https:\/\/labs.100x100.net\/projects\/rutasal\/#website\",\"url\":\"https:\/\/labs.100x100.net\/projects\/rutasal\/\",\"name\":\"Regata La Ruta de la Sal\",\"description\":\"Regata La Ruta de la Sal es una regata de Altura Mediterr\u00e1nea para barcos de crucero a vela con destino en Ibiza, que se disputa anualmente en Semana Santa.\",\"potentialAction\":[{\"@type\":\"SearchAction\",\"target\":{\"@type\":\"EntryPoint\",\"urlTemplate\":\"https:\/\/labs.100x100.net\/projects\/rutasal\/?s={search_term_string}\"},\"query-input\":\"required name=search_term_string\"}],\"inLanguage\":\"es\"},{\"@type\":\"Person\",\"@id\":\"https:\/\/labs.100x100.net\/projects\/rutasal\/#\/schema\/person\/214eeb4a2e78fd8373a0a94f6d93c9ca\",\"name\":\"La Ruta de la Sal\",\"image\":{\"@type\":\"ImageObject\",\"inLanguage\":\"es\",\"@id\":\"https:\/\/labs.100x100.net\/projects\/rutasal\/#\/schema\/person\/image\/\",\"url\":\"https:\/\/secure.gravatar.com\/avatar\/b247286d4b801d6b1cfcfb3807587284?s=96&d=mm&r=g\",\"contentUrl\":\"https:\/\/secure.gravatar.com\/avatar\/b247286d4b801d6b1cfcfb3807587284?s=96&d=mm&r=g\",\"caption\":\"La Ruta de la Sal\"}}]}<\/script>\n<!-- \/ Yoast SEO plugin. -->","yoast_head_json":{"title":"Entrega de trofeos en Sant Antoni de Portmany, Ibiza, de la 31 edici\u00f3n de la regata de altura La Ruta de la Sal | Regata La Ruta de la Sal","robots":{"index":"noindex","follow":"follow","max-snippet":"max-snippet:-1","max-image-preview":"max-image-preview:large","max-video-preview":"max-video-preview:-1"},"og_locale":"es_ES","og_type":"article","og_title":"Entrega de trofeos en Sant Antoni de Portmany, Ibiza, de la 31 edici\u00f3n de la regata de altura La Ruta de la Sal | Regata La Ruta de la Sal","og_description":"TODOS FUERON CAMPEONES Ayer 31 de marzo a las 20 horas, tal como estaba previsto, se procedi\u00f3, en Sant Antoni de Portmany, a la entrega de trofeos de la 31 edici\u00f3n de La Ruta de la Sal. Un acto en el que, dadas la dureza de la competici\u00f3n y el m\u00e9rito de haber participado en [&hellip;]","og_url":"https:\/\/labs.100x100.net\/projects\/rutasal\/entrega-de-trofeos-en-sant-antoni-de-portmany-ibiza-de-la-31-edicion-de-la-regata-de-altura-la-ruta-de-la-sal\/","og_site_name":"Regata La Ruta de la Sal","article_publisher":"https:\/\/www.facebook.com\/rutadelasal\/","article_published_time":"2018-04-01T10:13:49+00:00","article_modified_time":"2019-03-07T09:15:47+00:00","og_image":[{"width":640,"height":428,"url":"https:\/\/labs.100x100.net\/projects\/rutasal\/custom\/uploads\/2018\/04\/39346276750_10f532b59b_z.jpg","type":"image\/jpeg"}],"author":"La Ruta de la Sal","twitter_card":"summary_large_image","twitter_creator":"@AnamMedi","twitter_site":"@AnamMedi","twitter_misc":{"Escrito por":"La Ruta de la Sal","Tiempo de lectura":"2 minutos"},"schema":{"@context":"https:\/\/schema.org","@graph":[{"@type":"WebPage","@id":"https:\/\/labs.100x100.net\/projects\/rutasal\/entrega-de-trofeos-en-sant-antoni-de-portmany-ibiza-de-la-31-edicion-de-la-regata-de-altura-la-ruta-de-la-sal\/","url":"https:\/\/labs.100x100.net\/projects\/rutasal\/entrega-de-trofeos-en-sant-antoni-de-portmany-ibiza-de-la-31-edicion-de-la-regata-de-altura-la-ruta-de-la-sal\/","name":"Entrega de trofeos en Sant Antoni de Portmany, Ibiza, de la 31 edici\u00f3n de la regata de altura La Ruta de la Sal | Regata La Ruta de la Sal","isPartOf":{"@id":"https:\/\/labs.100x100.net\/projects\/rutasal\/#website"},"primaryImageOfPage":{"@id":"https:\/\/labs.100x100.net\/projects\/rutasal\/entrega-de-trofeos-en-sant-antoni-de-portmany-ibiza-de-la-31-edicion-de-la-regata-de-altura-la-ruta-de-la-sal\/#primaryimage"},"image":{"@id":"https:\/\/labs.100x100.net\/projects\/rutasal\/entrega-de-trofeos-en-sant-antoni-de-portmany-ibiza-de-la-31-edicion-de-la-regata-de-altura-la-ruta-de-la-sal\/#primaryimage"},"thumbnailUrl":"https:\/\/labs.100x100.net\/projects\/rutasal\/custom\/uploads\/2018\/04\/39346276750_10f532b59b_z.jpg","datePublished":"2018-04-01T10:13:49+00:00","dateModified":"2019-03-07T09:15:47+00:00","author":{"@id":"https:\/\/labs.100x100.net\/projects\/rutasal\/#\/schema\/person\/214eeb4a2e78fd8373a0a94f6d93c9ca"},"breadcrumb":{"@id":"https:\/\/labs.100x100.net\/projects\/rutasal\/entrega-de-trofeos-en-sant-antoni-de-portmany-ibiza-de-la-31-edicion-de-la-regata-de-altura-la-ruta-de-la-sal\/#breadcrumb"},"inLanguage":"es","potentialAction":[{"@type":"ReadAction","target":["https:\/\/labs.100x100.net\/projects\/rutasal\/entrega-de-trofeos-en-sant-antoni-de-portmany-ibiza-de-la-31-edicion-de-la-regata-de-altura-la-ruta-de-la-sal\/"]}]},{"@type":"ImageObject","inLanguage":"es","@id":"https:\/\/labs.100x100.net\/projects\/rutasal\/entrega-de-trofeos-en-sant-antoni-de-portmany-ibiza-de-la-31-edicion-de-la-regata-de-altura-la-ruta-de-la-sal\/#primaryimage","url":"https:\/\/labs.100x100.net\/projects\/rutasal\/custom\/uploads\/2018\/04\/39346276750_10f532b59b_z.jpg","contentUrl":"https:\/\/labs.100x100.net\/projects\/rutasal\/custom\/uploads\/2018\/04\/39346276750_10f532b59b_z.jpg","width":640,"height":428},{"@type":"BreadcrumbList","@id":"https:\/\/labs.100x100.net\/projects\/rutasal\/entrega-de-trofeos-en-sant-antoni-de-portmany-ibiza-de-la-31-edicion-de-la-regata-de-altura-la-ruta-de-la-sal\/#breadcrumb","itemListElement":[{"@type":"ListItem","position":1,"name":"Portada","item":"https:\/\/labs.100x100.net\/projects\/rutasal\/"},{"@type":"ListItem","position":2,"name":"Entrega de trofeos en Sant Antoni de Portmany, Ibiza, de la 31 edici\u00f3n de la regata de altura La Ruta de la Sal"}]},{"@type":"WebSite","@id":"https:\/\/labs.100x100.net\/projects\/rutasal\/#website","url":"https:\/\/labs.100x100.net\/projects\/rutasal\/","name":"Regata La Ruta de la Sal","description":"Regata La Ruta de la Sal es una regata de Altura Mediterr\u00e1nea para barcos de crucero a vela con destino en Ibiza, que se disputa anualmente en Semana Santa.","potentialAction":[{"@type":"SearchAction","target":{"@type":"EntryPoint","urlTemplate":"https:\/\/labs.100x100.net\/projects\/rutasal\/?s={search_term_string}"},"query-input":"required name=search_term_string"}],"inLanguage":"es"},{"@type":"Person","@id":"https:\/\/labs.100x100.net\/projects\/rutasal\/#\/schema\/person\/214eeb4a2e78fd8373a0a94f6d93c9ca","name":"La Ruta de la Sal","image":{"@type":"ImageObject","inLanguage":"es","@id":"https:\/\/labs.100x100.net\/projects\/rutasal\/#\/schema\/person\/image\/","url":"https:\/\/secure.gravatar.com\/avatar\/b247286d4b801d6b1cfcfb3807587284?s=96&d=mm&r=g","contentUrl":"https:\/\/secure.gravatar.com\/avatar\/b247286d4b801d6b1cfcfb3807587284?s=96&d=mm&r=g","caption":"La Ruta de la Sal"}}]}},"_links":{"self":[{"href":"https:\/\/labs.100x100.net\/projects\/rutasal\/wp-json\/wp\/v2\/posts\/2999"}],"collection":[{"href":"https:\/\/labs.100x100.net\/projects\/rutasal\/wp-json\/wp\/v2\/posts"}],"about":[{"href":"https:\/\/labs.100x100.net\/projects\/rutasal\/wp-json\/wp\/v2\/types\/post"}],"author":[{"embeddable":true,"href":"https:\/\/labs.100x100.net\/projects\/rutasal\/wp-json\/wp\/v2\/users\/1"}],"replies":[{"embeddable":true,"href":"https:\/\/labs.100x100.net\/projects\/rutasal\/wp-json\/wp\/v2\/comments?post=2999"}],"version-history":[{"count":2,"href":"https:\/\/labs.100x100.net\/projects\/rutasal\/wp-json\/wp\/v2\/posts\/2999\/revisions"}],"predecessor-version":[{"id":3594,"href":"https:\/\/labs.100x100.net\/projects\/rutasal\/wp-json\/wp\/v2\/posts\/2999\/revisions\/3594"}],"wp:featuredmedia":[{"embeddable":true,"href":"https:\/\/labs.100x100.net\/projects\/rutasal\/wp-json\/wp\/v2\/media\/3593"}],"wp:attachment":[{"href":"https:\/\/labs.100x100.net\/projects\/rutasal\/wp-json\/wp\/v2\/media?parent=2999"}],"wp:term":[{"taxonomy":"category","embeddable":true,"href":"https:\/\/labs.100x100.net\/projects\/rutasal\/wp-json\/wp\/v2\/categories?post=2999"},{"taxonomy":"post_tag","embeddable":true,"href":"https:\/\/labs.100x100.net\/projects\/rutasal\/wp-json\/wp\/v2\/tags?post=2999"}],"curies":[{"name":"wp","href":"https:\/\/api.w.org\/{rel}","templated":true}]}}