{"id":2983,"date":"2018-03-31T10:12:22","date_gmt":"2018-03-31T08:12:22","guid":{"rendered":"https:\/\/larutadelasal.com\/?p=2983"},"modified":"2019-03-07T11:18:30","modified_gmt":"2019-03-07T09:18:30","slug":"la-31-edicion-de-la-regata-de-altura-la-ruta-de-la-sal-mas-dinamica-y-exigente-que-nunca","status":"publish","type":"post","link":"https:\/\/labs.100x100.net\/projects\/rutasal\/la-31-edicion-de-la-regata-de-altura-la-ruta-de-la-sal-mas-dinamica-y-exigente-que-nunca\/","title":{"rendered":"La 31 edici\u00f3n de la regata de altura La Ruta de la Sal m\u00e1s din\u00e1mica y exigente que nunca"},"content":{"rendered":"<p><strong>CITA DE CAMPEONES EN LA RUTA DE LA SAL 2018<\/strong><\/p>\n<p><strong>Extraordinario nivel deportivo de la flota de La Ruta de la Sal<\/strong><\/p>\n<p><strong>&#8211; \u00abMarjuin\u00bb de Pere Roquet en la Versi\u00f3n Barcelona; \u00abC\u00f3ndor de Javea\u00bb de Carlos Fern\u00e1ndez Martos en la Versi\u00f3n Denia y \u00abYolo\u00bb de Kai-Uwe Holweg de la Versi\u00f3n Mallorca ganadores absolutos de La Ruta de la Sal 2018.<\/strong><\/p>\n<p><strong>&#8211; \u00abCaro\u00bb en la Versi\u00f3n Barcelona, \u00abDos Much\u00bb en la Versi\u00f3n Denia y \u00abClem\u00bb en la Versi\u00f3n Mallorca, los m\u00e1s r\u00e1pidos en tiempo real.<\/strong><\/p>\n<p>La 31 edici\u00f3n de La Ruta de la Sal ser\u00e1 recordada como una regata dura con grandes complejidades t\u00e1cticas. Tambi\u00e9n como una prueba en la que la flota en competici\u00f3n ha acreditado un nivel deportivo extraordinario. Llegar a Sant Antoni de Portmany no ha sido f\u00e1cil. El fuerte viento de Poniente que est\u00e1 afectando a esta zona del mediterr\u00e1neo desde la madrugada del pasado Viernes 30 de Marzo, hoy convertido en un temporal con intensidades medias de 35 nudos, complic\u00f3 mucho la navegaci\u00f3n, convirtiendo a La Ruta de la Sal en una regata solo apta para aut\u00e9nticos expertos en la navegaci\u00f3n de altura. Tambi\u00e9n contribuyendo a destacar las extraordinarias cualidades deportivas de este evento que hoy, se dibuja m\u00e1s que nunca como la regata de altura m\u00e1s importante del mediterr\u00e1neo occidental.<\/p>\n<p><a title=\"caro\" href=\"https:\/\/www.flickr.com\/photos\/circuitoanam\/39310930550\/in\/dateposted-public\/\" rel=\"\"><img loading=\"lazy\" decoding=\"async\" class=\"aligncenter\" title=\"\" src=\"http:\/\/farm1.staticflickr.com\/864\/39310930550_f131e69e86_z.jpg\" alt=\"\" width=\"640\" height=\"428\" \/><\/a><\/p>\n<p>Tras una regata muy dura, en la que la flota en competici\u00f3n acredit\u00f3 un nivel deportivo extraordinario, navegando en condiciones dif\u00edciles solo gobernables por equipos muy bien gestionados y con gran experiencia en la navegaci\u00f3n de altura, se confirma que el<strong> ganador absoluto de la Versi\u00f3n Barcelona de La Sal 2018, es el GS 50 \u00abMarjuin\u00bb de Pere Roquet Portella de CN del Bal\u00eds,<\/strong> con un registro de 20h\/06m\/40s para las 140 millas desde la salida, siendo la segunda plaza de la general del grupo para el \u00abDont Ask \u00ab, un First 50 de Alberto Fucale, y la tercera de esta versi\u00f3n para el \u00abBandido\u00bb, un Dehler 44 de Carlos y Juan Otamendi Busto del CN de Garraf.<\/p>\n<p><a title=\"31 La Ruta de La Sal 2018\" href=\"#\" rel=\"\"><img loading=\"lazy\" decoding=\"async\" class=\"aligncenter\" title=\"31 La Ruta de La Sal 2018\" src=\"http:\/\/farm1.staticflickr.com\/819\/41097417341_e1a6a6398e_z.jpg\" alt=\"31 La Ruta de La Sal 2018\" width=\"640\" height=\"428\" \/><\/a><\/p>\n<p>En la<strong> Versi\u00f3n Denia, se ha proclamado campe\u00f3n el First 50 \u00abC\u00f3ndor de Javea\u00bb de Carlos Fern\u00e1ndez-Martos del CN de Javea,<\/strong> un equipo con un gran historial deportivo en La Sal que cruz\u00f3 la l\u00ednea de llegada en Cap Negret a las 08h, 22m, 23s, lo que les permiti\u00f3 cubrir las 120 millas de esta largada en un tiempo de 18h\/22m\/23s. La segunda plaza en este recorrido ha sido para el \u00abN\u00e1utic Caf\u00e9 del Mar\u00bb un Espada 34 del armador ibicenco Juan Carlos Sanchis del CN de Sant Antoni, cerrando el podio, en tercer lugar, el brit\u00e1nico \u00abJumbuck\u00bb un J109 de John Alison del RORC.<\/p>\n<p><a title=\"31 La Ruta de La Sal 2018\" href=\"#\" rel=\"\"><img loading=\"lazy\" decoding=\"async\" class=\"aligncenter\" title=\"31 La Ruta de La Sal 2018\" src=\"http:\/\/farm1.staticflickr.com\/785\/40202601145_0ebe4626a3_z.jpg\" alt=\"31 La Ruta de La Sal 2018\" width=\"640\" height=\"361\" \/><\/a><\/p>\n<p>Finalmente, confirmar la<strong> victoria en la general absoluta de la Versi\u00f3n Mallorca del Sun Fast 3600 alem\u00e1n \u00abYolo\u00bb de Kai-Uwe Holweg<\/strong>, que con un registro de 19h\/27m\/35s en las 103 millas desde la salida en Puerto de Andratx en Mallorca se impuso al X-382 del RCN de Palma \u00abYa badana Too\u00bb de Martin Aizcobe segundo en la general de esta salida y al Swan 56 \u00abClem\u00bb de Jaime Olazabal de CM de Mallorca, tercero del grupo y ganador en tiempo real de esta Versi\u00f3n Mallorca de La Sal 2018.<\/p>\n<div style=\"width: 650px\" class=\"wp-caption aligncenter\"><a title=\"caro\" href=\"https:\/\/www.flickr.com\/photos\/circuitoanam\/41110970581\/in\/album-72157694217473304\/\" rel=\"\"><img loading=\"lazy\" decoding=\"async\" class=\"aligncenter\" title=\"caro\" src=\"http:\/\/farm1.staticflickr.com\/786\/41110970581_b03a02b7b8_z.jpg\" alt=\"caro\" width=\"640\" height=\"428\" \/><\/a><p class=\"wp-caption-text\">\u00abCaro\u00bb de Maximilian Klink<\/p><\/div>\n<p>En tiempo real victorias, en esta 31edici\u00f3n de La Sal, del Bot\u00edn 65 \u00abCaro\u00bb del alem\u00e1n M\u00e1ximilian Klink, con un registro de 16h\/39m\/20s en las 140 millas desde la salida en Port Ginesta en Barcelona. Siendo, tambi\u00e9n el primer barco de todas las flotas en competici\u00f3n de La Sal 2018 en cruzar la l\u00ednea de llegada, en Cap Negret, en Sant Antoni de Portmany a las 03h,39m,20m del Viernes 30 de Marzo del 2018. El X65 P \u00abDos Much\u00bb del mallorqu\u00edn Joan Segui del RCN del Puerto de Pollensa, que con un crono de 16h\/23m\/29s se proclam\u00f3 vencedor en tiempo real de la Versi\u00f3n Denia de La Sal 2018, y en la Versi\u00f3n Mallorca con un tiempo real de 18h\/44m\/20s el Swan 56 \u00abClem-GI El Encinar\u00bb de Jaime Olazabal del CM de Mallorca.<\/p>\n<div style=\"width: 314px\" class=\"wp-caption alignleft\"><a title=\"Dos Much\" href=\"https:\/\/www.flickr.com\/photos\/circuitoanam\/39302841030\/in\/dateposted-public\/\" rel=\"\"><img loading=\"lazy\" decoding=\"async\" class=\"alignleft\" title=\"Two Much\" src=\"http:\/\/farm1.staticflickr.com\/817\/41067950912_9a7b478d01_z.jpg\" alt=\"Dos Much\" width=\"304\" height=\"214\" \/><\/a><p class=\"wp-caption-text\">X65 P \u00abDos Much\u00bb del mallorqu\u00edn Joan Segui<\/p><\/div>\n<div style=\"width: 314px\" class=\"wp-caption alignleft\"><a title=\"Clem\" href=\"https:\/\/www.flickr.com\/photos\/circuitoanam\/41067950652\/in\/dateposted-public\/\" rel=\"\"><img loading=\"lazy\" decoding=\"async\" class=\"aligncenter\" title=\"caro\" src=\"http:\/\/farm1.staticflickr.com\/818\/41067950652_0bdf44601e_z.jpg\" alt=\"Clem\" width=\"304\" height=\"214\" \/><\/a><p class=\"wp-caption-text\">El Swan 56 \u00abClem\u00bb de Jaime Olabazal<\/p><\/div>\n","protected":false},"excerpt":{"rendered":"<p>CITA DE CAMPEONES EN LA RUTA DE LA SAL 2018 Extraordinario nivel deportivo de la flota de La Ruta de la Sal &#8211; \u00abMarjuin\u00bb de Pere Roquet en la Versi\u00f3n Barcelona; \u00abC\u00f3ndor de Javea\u00bb de Carlos Fern\u00e1ndez Martos en la Versi\u00f3n Denia y \u00abYolo\u00bb de Kai-Uwe Holweg de la Versi\u00f3n Mallorca ganadores absolutos de La [&hellip;]<\/p>\n","protected":false},"author":1,"featured_media":3596,"comment_status":"open","ping_status":"open","sticky":false,"template":"","format":"standard","meta":{"_acf_changed":false,"footnotes":""},"categories":[3],"tags":[],"acf":[],"yoast_head":"<!-- This site is optimized with the Yoast SEO plugin v23.0 - https:\/\/yoast.com\/wordpress\/plugins\/seo\/ -->\n<title>La 31 edici\u00f3n de la regata de altura La Ruta de la Sal m\u00e1s din\u00e1mica y exigente que nunca | Regata La Ruta de la Sal<\/title>\n<meta name=\"robots\" content=\"noindex, follow, max-snippet:-1, max-image-preview:large, max-video-preview:-1\" \/>\n<meta property=\"og:locale\" content=\"es_ES\" \/>\n<meta property=\"og:type\" content=\"article\" \/>\n<meta property=\"og:title\" content=\"La 31 edici\u00f3n de la regata de altura La Ruta de la Sal m\u00e1s din\u00e1mica y exigente que nunca | Regata La Ruta de la Sal\" \/>\n<meta property=\"og:description\" content=\"CITA DE CAMPEONES EN LA RUTA DE LA SAL 2018 Extraordinario nivel deportivo de la flota de La Ruta de la Sal &#8211; \u00abMarjuin\u00bb de Pere Roquet en la Versi\u00f3n Barcelona; \u00abC\u00f3ndor de Javea\u00bb de Carlos Fern\u00e1ndez Martos en la Versi\u00f3n Denia y \u00abYolo\u00bb de Kai-Uwe Holweg de la Versi\u00f3n Mallorca ganadores absolutos de La [&hellip;]\" \/>\n<meta property=\"og:url\" content=\"https:\/\/labs.100x100.net\/projects\/rutasal\/la-31-edicion-de-la-regata-de-altura-la-ruta-de-la-sal-mas-dinamica-y-exigente-que-nunca\/\" \/>\n<meta property=\"og:site_name\" content=\"Regata La Ruta de la Sal\" \/>\n<meta property=\"article:publisher\" content=\"https:\/\/www.facebook.com\/rutadelasal\/\" \/>\n<meta property=\"article:published_time\" content=\"2018-03-31T08:12:22+00:00\" \/>\n<meta property=\"article:modified_time\" content=\"2019-03-07T09:18:30+00:00\" \/>\n<meta property=\"og:image\" content=\"https:\/\/labs.100x100.net\/projects\/rutasal\/custom\/uploads\/2018\/03\/41097417341_e1a6a6398e_z.jpg\" \/>\n\t<meta property=\"og:image:width\" content=\"640\" \/>\n\t<meta property=\"og:image:height\" content=\"428\" \/>\n\t<meta property=\"og:image:type\" content=\"image\/jpeg\" \/>\n<meta name=\"author\" content=\"La Ruta de la Sal\" \/>\n<meta name=\"twitter:card\" content=\"summary_large_image\" \/>\n<meta name=\"twitter:creator\" content=\"@AnamMedi\" \/>\n<meta name=\"twitter:site\" content=\"@AnamMedi\" \/>\n<meta name=\"twitter:label1\" content=\"Escrito por\" \/>\n\t<meta name=\"twitter:data1\" content=\"La Ruta de la Sal\" \/>\n\t<meta name=\"twitter:label2\" content=\"Tiempo de lectura\" \/>\n\t<meta name=\"twitter:data2\" content=\"4 minutos\" \/>\n<script type=\"application\/ld+json\" class=\"yoast-schema-graph\">{\"@context\":\"https:\/\/schema.org\",\"@graph\":[{\"@type\":\"WebPage\",\"@id\":\"https:\/\/labs.100x100.net\/projects\/rutasal\/la-31-edicion-de-la-regata-de-altura-la-ruta-de-la-sal-mas-dinamica-y-exigente-que-nunca\/\",\"url\":\"https:\/\/labs.100x100.net\/projects\/rutasal\/la-31-edicion-de-la-regata-de-altura-la-ruta-de-la-sal-mas-dinamica-y-exigente-que-nunca\/\",\"name\":\"La 31 edici\u00f3n de la regata de altura La Ruta de la Sal m\u00e1s din\u00e1mica y exigente que nunca | Regata La Ruta de la Sal\",\"isPartOf\":{\"@id\":\"https:\/\/labs.100x100.net\/projects\/rutasal\/#website\"},\"primaryImageOfPage\":{\"@id\":\"https:\/\/labs.100x100.net\/projects\/rutasal\/la-31-edicion-de-la-regata-de-altura-la-ruta-de-la-sal-mas-dinamica-y-exigente-que-nunca\/#primaryimage\"},\"image\":{\"@id\":\"https:\/\/labs.100x100.net\/projects\/rutasal\/la-31-edicion-de-la-regata-de-altura-la-ruta-de-la-sal-mas-dinamica-y-exigente-que-nunca\/#primaryimage\"},\"thumbnailUrl\":\"https:\/\/labs.100x100.net\/projects\/rutasal\/custom\/uploads\/2018\/03\/41097417341_e1a6a6398e_z.jpg\",\"datePublished\":\"2018-03-31T08:12:22+00:00\",\"dateModified\":\"2019-03-07T09:18:30+00:00\",\"author\":{\"@id\":\"https:\/\/labs.100x100.net\/projects\/rutasal\/#\/schema\/person\/214eeb4a2e78fd8373a0a94f6d93c9ca\"},\"breadcrumb\":{\"@id\":\"https:\/\/labs.100x100.net\/projects\/rutasal\/la-31-edicion-de-la-regata-de-altura-la-ruta-de-la-sal-mas-dinamica-y-exigente-que-nunca\/#breadcrumb\"},\"inLanguage\":\"es\",\"potentialAction\":[{\"@type\":\"ReadAction\",\"target\":[\"https:\/\/labs.100x100.net\/projects\/rutasal\/la-31-edicion-de-la-regata-de-altura-la-ruta-de-la-sal-mas-dinamica-y-exigente-que-nunca\/\"]}]},{\"@type\":\"ImageObject\",\"inLanguage\":\"es\",\"@id\":\"https:\/\/labs.100x100.net\/projects\/rutasal\/la-31-edicion-de-la-regata-de-altura-la-ruta-de-la-sal-mas-dinamica-y-exigente-que-nunca\/#primaryimage\",\"url\":\"https:\/\/labs.100x100.net\/projects\/rutasal\/custom\/uploads\/2018\/03\/41097417341_e1a6a6398e_z.jpg\",\"contentUrl\":\"https:\/\/labs.100x100.net\/projects\/rutasal\/custom\/uploads\/2018\/03\/41097417341_e1a6a6398e_z.jpg\",\"width\":640,\"height\":428},{\"@type\":\"BreadcrumbList\",\"@id\":\"https:\/\/labs.100x100.net\/projects\/rutasal\/la-31-edicion-de-la-regata-de-altura-la-ruta-de-la-sal-mas-dinamica-y-exigente-que-nunca\/#breadcrumb\",\"itemListElement\":[{\"@type\":\"ListItem\",\"position\":1,\"name\":\"Portada\",\"item\":\"https:\/\/labs.100x100.net\/projects\/rutasal\/\"},{\"@type\":\"ListItem\",\"position\":2,\"name\":\"La 31 edici\u00f3n de la regata de altura La Ruta de la Sal m\u00e1s din\u00e1mica y exigente que nunca\"}]},{\"@type\":\"WebSite\",\"@id\":\"https:\/\/labs.100x100.net\/projects\/rutasal\/#website\",\"url\":\"https:\/\/labs.100x100.net\/projects\/rutasal\/\",\"name\":\"Regata La Ruta de la Sal\",\"description\":\"Regata La Ruta de la Sal es una regata de Altura Mediterr\u00e1nea para barcos de crucero a vela con destino en Ibiza, que se disputa anualmente en Semana Santa.\",\"potentialAction\":[{\"@type\":\"SearchAction\",\"target\":{\"@type\":\"EntryPoint\",\"urlTemplate\":\"https:\/\/labs.100x100.net\/projects\/rutasal\/?s={search_term_string}\"},\"query-input\":\"required name=search_term_string\"}],\"inLanguage\":\"es\"},{\"@type\":\"Person\",\"@id\":\"https:\/\/labs.100x100.net\/projects\/rutasal\/#\/schema\/person\/214eeb4a2e78fd8373a0a94f6d93c9ca\",\"name\":\"La Ruta de la Sal\",\"image\":{\"@type\":\"ImageObject\",\"inLanguage\":\"es\",\"@id\":\"https:\/\/labs.100x100.net\/projects\/rutasal\/#\/schema\/person\/image\/\",\"url\":\"https:\/\/secure.gravatar.com\/avatar\/b247286d4b801d6b1cfcfb3807587284?s=96&d=mm&r=g\",\"contentUrl\":\"https:\/\/secure.gravatar.com\/avatar\/b247286d4b801d6b1cfcfb3807587284?s=96&d=mm&r=g\",\"caption\":\"La Ruta de la Sal\"}}]}<\/script>\n<!-- \/ Yoast SEO plugin. -->","yoast_head_json":{"title":"La 31 edici\u00f3n de la regata de altura La Ruta de la Sal m\u00e1s din\u00e1mica y exigente que nunca | Regata La Ruta de la Sal","robots":{"index":"noindex","follow":"follow","max-snippet":"max-snippet:-1","max-image-preview":"max-image-preview:large","max-video-preview":"max-video-preview:-1"},"og_locale":"es_ES","og_type":"article","og_title":"La 31 edici\u00f3n de la regata de altura La Ruta de la Sal m\u00e1s din\u00e1mica y exigente que nunca | Regata La Ruta de la Sal","og_description":"CITA DE CAMPEONES EN LA RUTA DE LA SAL 2018 Extraordinario nivel deportivo de la flota de La Ruta de la Sal &#8211; \u00abMarjuin\u00bb de Pere Roquet en la Versi\u00f3n Barcelona; \u00abC\u00f3ndor de Javea\u00bb de Carlos Fern\u00e1ndez Martos en la Versi\u00f3n Denia y \u00abYolo\u00bb de Kai-Uwe Holweg de la Versi\u00f3n Mallorca ganadores absolutos de La [&hellip;]","og_url":"https:\/\/labs.100x100.net\/projects\/rutasal\/la-31-edicion-de-la-regata-de-altura-la-ruta-de-la-sal-mas-dinamica-y-exigente-que-nunca\/","og_site_name":"Regata La Ruta de la Sal","article_publisher":"https:\/\/www.facebook.com\/rutadelasal\/","article_published_time":"2018-03-31T08:12:22+00:00","article_modified_time":"2019-03-07T09:18:30+00:00","og_image":[{"width":640,"height":428,"url":"https:\/\/labs.100x100.net\/projects\/rutasal\/custom\/uploads\/2018\/03\/41097417341_e1a6a6398e_z.jpg","type":"image\/jpeg"}],"author":"La Ruta de la Sal","twitter_card":"summary_large_image","twitter_creator":"@AnamMedi","twitter_site":"@AnamMedi","twitter_misc":{"Escrito por":"La Ruta de la Sal","Tiempo de lectura":"4 minutos"},"schema":{"@context":"https:\/\/schema.org","@graph":[{"@type":"WebPage","@id":"https:\/\/labs.100x100.net\/projects\/rutasal\/la-31-edicion-de-la-regata-de-altura-la-ruta-de-la-sal-mas-dinamica-y-exigente-que-nunca\/","url":"https:\/\/labs.100x100.net\/projects\/rutasal\/la-31-edicion-de-la-regata-de-altura-la-ruta-de-la-sal-mas-dinamica-y-exigente-que-nunca\/","name":"La 31 edici\u00f3n de la regata de altura La Ruta de la Sal m\u00e1s din\u00e1mica y exigente que nunca | Regata La Ruta de la Sal","isPartOf":{"@id":"https:\/\/labs.100x100.net\/projects\/rutasal\/#website"},"primaryImageOfPage":{"@id":"https:\/\/labs.100x100.net\/projects\/rutasal\/la-31-edicion-de-la-regata-de-altura-la-ruta-de-la-sal-mas-dinamica-y-exigente-que-nunca\/#primaryimage"},"image":{"@id":"https:\/\/labs.100x100.net\/projects\/rutasal\/la-31-edicion-de-la-regata-de-altura-la-ruta-de-la-sal-mas-dinamica-y-exigente-que-nunca\/#primaryimage"},"thumbnailUrl":"https:\/\/labs.100x100.net\/projects\/rutasal\/custom\/uploads\/2018\/03\/41097417341_e1a6a6398e_z.jpg","datePublished":"2018-03-31T08:12:22+00:00","dateModified":"2019-03-07T09:18:30+00:00","author":{"@id":"https:\/\/labs.100x100.net\/projects\/rutasal\/#\/schema\/person\/214eeb4a2e78fd8373a0a94f6d93c9ca"},"breadcrumb":{"@id":"https:\/\/labs.100x100.net\/projects\/rutasal\/la-31-edicion-de-la-regata-de-altura-la-ruta-de-la-sal-mas-dinamica-y-exigente-que-nunca\/#breadcrumb"},"inLanguage":"es","potentialAction":[{"@type":"ReadAction","target":["https:\/\/labs.100x100.net\/projects\/rutasal\/la-31-edicion-de-la-regata-de-altura-la-ruta-de-la-sal-mas-dinamica-y-exigente-que-nunca\/"]}]},{"@type":"ImageObject","inLanguage":"es","@id":"https:\/\/labs.100x100.net\/projects\/rutasal\/la-31-edicion-de-la-regata-de-altura-la-ruta-de-la-sal-mas-dinamica-y-exigente-que-nunca\/#primaryimage","url":"https:\/\/labs.100x100.net\/projects\/rutasal\/custom\/uploads\/2018\/03\/41097417341_e1a6a6398e_z.jpg","contentUrl":"https:\/\/labs.100x100.net\/projects\/rutasal\/custom\/uploads\/2018\/03\/41097417341_e1a6a6398e_z.jpg","width":640,"height":428},{"@type":"BreadcrumbList","@id":"https:\/\/labs.100x100.net\/projects\/rutasal\/la-31-edicion-de-la-regata-de-altura-la-ruta-de-la-sal-mas-dinamica-y-exigente-que-nunca\/#breadcrumb","itemListElement":[{"@type":"ListItem","position":1,"name":"Portada","item":"https:\/\/labs.100x100.net\/projects\/rutasal\/"},{"@type":"ListItem","position":2,"name":"La 31 edici\u00f3n de la regata de altura La Ruta de la Sal m\u00e1s din\u00e1mica y exigente que nunca"}]},{"@type":"WebSite","@id":"https:\/\/labs.100x100.net\/projects\/rutasal\/#website","url":"https:\/\/labs.100x100.net\/projects\/rutasal\/","name":"Regata La Ruta de la Sal","description":"Regata La Ruta de la Sal es una regata de Altura Mediterr\u00e1nea para barcos de crucero a vela con destino en Ibiza, que se disputa anualmente en Semana Santa.","potentialAction":[{"@type":"SearchAction","target":{"@type":"EntryPoint","urlTemplate":"https:\/\/labs.100x100.net\/projects\/rutasal\/?s={search_term_string}"},"query-input":"required name=search_term_string"}],"inLanguage":"es"},{"@type":"Person","@id":"https:\/\/labs.100x100.net\/projects\/rutasal\/#\/schema\/person\/214eeb4a2e78fd8373a0a94f6d93c9ca","name":"La Ruta de la Sal","image":{"@type":"ImageObject","inLanguage":"es","@id":"https:\/\/labs.100x100.net\/projects\/rutasal\/#\/schema\/person\/image\/","url":"https:\/\/secure.gravatar.com\/avatar\/b247286d4b801d6b1cfcfb3807587284?s=96&d=mm&r=g","contentUrl":"https:\/\/secure.gravatar.com\/avatar\/b247286d4b801d6b1cfcfb3807587284?s=96&d=mm&r=g","caption":"La Ruta de la Sal"}}]}},"_links":{"self":[{"href":"https:\/\/labs.100x100.net\/projects\/rutasal\/wp-json\/wp\/v2\/posts\/2983"}],"collection":[{"href":"https:\/\/labs.100x100.net\/projects\/rutasal\/wp-json\/wp\/v2\/posts"}],"about":[{"href":"https:\/\/labs.100x100.net\/projects\/rutasal\/wp-json\/wp\/v2\/types\/post"}],"author":[{"embeddable":true,"href":"https:\/\/labs.100x100.net\/projects\/rutasal\/wp-json\/wp\/v2\/users\/1"}],"replies":[{"embeddable":true,"href":"https:\/\/labs.100x100.net\/projects\/rutasal\/wp-json\/wp\/v2\/comments?post=2983"}],"version-history":[{"count":1,"href":"https:\/\/labs.100x100.net\/projects\/rutasal\/wp-json\/wp\/v2\/posts\/2983\/revisions"}],"predecessor-version":[{"id":3484,"href":"https:\/\/labs.100x100.net\/projects\/rutasal\/wp-json\/wp\/v2\/posts\/2983\/revisions\/3484"}],"wp:featuredmedia":[{"embeddable":true,"href":"https:\/\/labs.100x100.net\/projects\/rutasal\/wp-json\/wp\/v2\/media\/3596"}],"wp:attachment":[{"href":"https:\/\/labs.100x100.net\/projects\/rutasal\/wp-json\/wp\/v2\/media?parent=2983"}],"wp:term":[{"taxonomy":"category","embeddable":true,"href":"https:\/\/labs.100x100.net\/projects\/rutasal\/wp-json\/wp\/v2\/categories?post=2983"},{"taxonomy":"post_tag","embeddable":true,"href":"https:\/\/labs.100x100.net\/projects\/rutasal\/wp-json\/wp\/v2\/tags?post=2983"}],"curies":[{"name":"wp","href":"https:\/\/api.w.org\/{rel}","templated":true}]}}