{"id":2971,"date":"2018-03-30T18:37:10","date_gmt":"2018-03-30T18:37:10","guid":{"rendered":"https:\/\/larutadelasal.com\/?p=2971"},"modified":"2019-03-07T11:17:59","modified_gmt":"2019-03-07T09:17:59","slug":"marjuin-de-pere-roquet-en-la-version-barcelona-condor-de-javea-de-carlos-fernandez-martes-en-la-version-denia-y-yolo-de-kai-uwe-holweg-en-la-version-mallorca-ganadores-provisionales-de-la","status":"publish","type":"post","link":"https:\/\/labs.100x100.net\/projects\/rutasal\/marjuin-de-pere-roquet-en-la-version-barcelona-condor-de-javea-de-carlos-fernandez-martes-en-la-version-denia-y-yolo-de-kai-uwe-holweg-en-la-version-mallorca-ganadores-provisionales-de-la\/","title":{"rendered":"\u00abMarjuin\u00bb de Pere Roquet en la Versi\u00f3n Barcelona; \u00abC\u00f3ndor de Javea\u00bb de Carlos Fern\u00e1ndez Martes en la Versi\u00f3n Denia y \u00abYolo\u00bb de Kai-Uwe Holweg en la Versi\u00f3n Mallorca ganadores provisionales de la Ruta de La Sal 2018."},"content":{"rendered":"<p>Pendientes del cierre deportivo de La Sal 2018, cuando a\u00fan faltan barcos por clasificar, los primeros resultados provisionales de la regata apuntan a que los ganadores absolutos de la regata ser\u00e1n, para la<strong> Versi\u00f3n Barcelona, el GS 50 \u00abMarjuin\u00bb de Pere Roquet Portella<\/strong> de CN de El Bal\u00eds que cruz\u00f3 la l\u00ednea de llegada hoy a las 07h,06m,40s, con un registro de 20h\/06m\/40s para las 140 millas desde la l\u00ednea de salida en Port Ginesta.<\/p>\n<p>En la <strong>Versi\u00f3n Denia, vence el First 50 \u00abC\u00f3ndor de Javea\u00bb de Carlos Fern\u00e1ndez-Martos<\/strong> del CN de J\u00e1vea, un equipo con un gran historial deportivo en La Sal, que cruz\u00f3 la l\u00ednea de llegada en Cab Negret a las 08h, 22m, 23 s, lo que les permiti\u00f3 cubrir las 120 millas de esta largada en un tiempo de 18h\/22m\/23s. Un tiempo, en principio, suficiente para proclamarse ganadores de esta 31 edici\u00f3n de la Ruta de La Sal.<\/p>\n<p><a title=\"caro\" href=\"https:\/\/www.flickr.com\/photos\/circuitoanam\/39310930550\/in\/dateposted-public\/\" rel=\"\"><img loading=\"lazy\" decoding=\"async\" class=\"aligncenter\" title=\"\" src=\"http:\/\/farm1.staticflickr.com\/864\/39310930550_f131e69e86_z.jpg\" alt=\"\" width=\"640\" height=\"428\" \/><\/a><\/p>\n<p>El <strong>Sun Fast 3600 alem\u00e1n \u00abYolo\u00bb de Kai-Uwe Holweg, de confirmarse estos resultados, se proclamar\u00e1, tras cruzar la llegada a las 07h, 32m, 35s, ganador absoluto de la Versi\u00f3n Mallorc<\/strong>a con un tiempo de 19h\/27m\/35s en las 103 millas desde la salida en Puerto de Andratx en Mallorca.<\/p>\n<p>Unos resultados que, en general, apuntan a que los equipos que llegaron a Sant Antoni de Portmany a partir de las 07:00 am pudieron navegar las \u00faltimas millas de la competici\u00f3n con mucho m\u00e1s viento que los barcos que alcanzaron la l\u00ednea de llegada antes, lo que les permiti\u00f3 mejorar sus polares de velocidad sacando mucho m\u00e1s rendimiento a las compensaciones de tiempo.<\/p>\n<p><a title=\"caro\" href=\"https:\/\/www.flickr.com\/photos\/circuitoanam\/41076476242\/in\/dateposted-public\/\" rel=\"\"><img loading=\"lazy\" decoding=\"async\" class=\"aligncenter\" title=\"\" src=\"http:\/\/farm1.staticflickr.com\/788\/41076476242_2dd74e11ee_z.jpg\" alt=\"\" width=\"640\" height=\"428\" \/><\/a><\/p>\n<p>A la hora de cerrar este avance informativo, quedan pendientes algunos barcos por clasificar. El tiempo, tal y como avanzaban las predicciones, ha empeorado muy sensiblemente y las llegadas a Sant Antoni de los equipos en competici\u00f3n son cada vez m\u00e1s lentas, lo que, en principio, avanza una noche intensa para la organizaci\u00f3n que, normalmente, <strong>podr\u00e1 ya avanzar resultados definitivos a primeras horas de ma\u00f1ana S\u00e1bado 31 de Marzo del 2018.<\/strong><\/p>\n","protected":false},"excerpt":{"rendered":"<p>Pendientes del cierre deportivo de La Sal 2018, cuando a\u00fan faltan barcos por clasificar, los primeros resultados provisionales de la regata apuntan a que los ganadores absolutos de la regata ser\u00e1n, para la Versi\u00f3n Barcelona, el GS 50 \u00abMarjuin\u00bb de Pere Roquet Portella de CN de El Bal\u00eds que cruz\u00f3 la l\u00ednea de llegada hoy [&hellip;]<\/p>\n","protected":false},"author":1,"featured_media":3595,"comment_status":"open","ping_status":"open","sticky":false,"template":"","format":"standard","meta":{"_acf_changed":false,"footnotes":""},"categories":[3],"tags":[],"acf":[],"yoast_head":"<!-- This site is optimized with the Yoast SEO plugin v23.0 - https:\/\/yoast.com\/wordpress\/plugins\/seo\/ -->\n<title>&quot;Marjuin&quot; de Pere Roquet en la Versi\u00f3n Barcelona; &quot;C\u00f3ndor de Javea&quot; de Carlos Fern\u00e1ndez Martes en la Versi\u00f3n Denia y &quot;Yolo&quot; de Kai-Uwe Holweg en la Versi\u00f3n Mallorca ganadores provisionales de la Ruta de La Sal 2018. | Regata La Ruta de la Sal<\/title>\n<meta name=\"description\" content=\"&quot;Marjuin&quot; de Pere Roquet en la Versi\u00f3n Barcelona; &quot;C\u00f3ndor de Javea&quot; de Carlos Fern\u00e1ndez Martes en la Versi\u00f3n Denia y &quot;Yolo&quot; de Kai-Uwe Holweg en la Versi\u00f3n Mallorca ganadores provisionales de la Ruta de La Sal 2018.\" \/>\n<meta name=\"robots\" content=\"noindex, follow, max-snippet:-1, max-image-preview:large, max-video-preview:-1\" \/>\n<meta property=\"og:locale\" content=\"es_ES\" \/>\n<meta property=\"og:type\" content=\"article\" \/>\n<meta property=\"og:title\" content=\"&quot;Marjuin&quot; de Pere Roquet en la Versi\u00f3n Barcelona; &quot;C\u00f3ndor de Javea&quot; de Carlos Fern\u00e1ndez Martes en la Versi\u00f3n Denia y &quot;Yolo&quot; de Kai-Uwe Holweg en la Versi\u00f3n Mallorca ganadores provisionales de la Ruta de La Sal 2018. | Regata La Ruta de la Sal\" \/>\n<meta property=\"og:description\" content=\"&quot;Marjuin&quot; de Pere Roquet en la Versi\u00f3n Barcelona; &quot;C\u00f3ndor de Javea&quot; de Carlos Fern\u00e1ndez Martes en la Versi\u00f3n Denia y &quot;Yolo&quot; de Kai-Uwe Holweg en la Versi\u00f3n Mallorca ganadores provisionales de la Ruta de La Sal 2018.\" \/>\n<meta property=\"og:url\" content=\"https:\/\/labs.100x100.net\/projects\/rutasal\/marjuin-de-pere-roquet-en-la-version-barcelona-condor-de-javea-de-carlos-fernandez-martes-en-la-version-denia-y-yolo-de-kai-uwe-holweg-en-la-version-mallorca-ganadores-provisionales-de-la\/\" \/>\n<meta property=\"og:site_name\" content=\"Regata La Ruta de la Sal\" \/>\n<meta property=\"article:publisher\" content=\"https:\/\/www.facebook.com\/rutadelasal\/\" \/>\n<meta property=\"article:published_time\" content=\"2018-03-30T18:37:10+00:00\" \/>\n<meta property=\"article:modified_time\" content=\"2019-03-07T09:17:59+00:00\" \/>\n<meta property=\"og:image\" content=\"https:\/\/labs.100x100.net\/projects\/rutasal\/custom\/uploads\/2018\/03\/39310930550_f131e69e86_z.jpg\" \/>\n\t<meta property=\"og:image:width\" content=\"640\" \/>\n\t<meta property=\"og:image:height\" content=\"428\" \/>\n\t<meta property=\"og:image:type\" content=\"image\/jpeg\" \/>\n<meta name=\"author\" content=\"La Ruta de la Sal\" \/>\n<meta name=\"twitter:card\" content=\"summary_large_image\" \/>\n<meta name=\"twitter:creator\" content=\"@AnamMedi\" \/>\n<meta name=\"twitter:site\" content=\"@AnamMedi\" \/>\n<meta name=\"twitter:label1\" content=\"Escrito por\" \/>\n\t<meta name=\"twitter:data1\" content=\"La Ruta de la Sal\" \/>\n\t<meta name=\"twitter:label2\" content=\"Tiempo de lectura\" \/>\n\t<meta name=\"twitter:data2\" content=\"2 minutos\" \/>\n<script type=\"application\/ld+json\" class=\"yoast-schema-graph\">{\"@context\":\"https:\/\/schema.org\",\"@graph\":[{\"@type\":\"WebPage\",\"@id\":\"https:\/\/labs.100x100.net\/projects\/rutasal\/marjuin-de-pere-roquet-en-la-version-barcelona-condor-de-javea-de-carlos-fernandez-martes-en-la-version-denia-y-yolo-de-kai-uwe-holweg-en-la-version-mallorca-ganadores-provisionales-de-la\/\",\"url\":\"https:\/\/labs.100x100.net\/projects\/rutasal\/marjuin-de-pere-roquet-en-la-version-barcelona-condor-de-javea-de-carlos-fernandez-martes-en-la-version-denia-y-yolo-de-kai-uwe-holweg-en-la-version-mallorca-ganadores-provisionales-de-la\/\",\"name\":\"\\\"Marjuin\\\" de Pere Roquet en la Versi\u00f3n Barcelona; \\\"C\u00f3ndor de Javea\\\" de Carlos Fern\u00e1ndez Martes en la Versi\u00f3n Denia y \\\"Yolo\\\" de Kai-Uwe Holweg en la Versi\u00f3n Mallorca ganadores provisionales de la Ruta de La Sal 2018. | Regata La Ruta de la Sal\",\"isPartOf\":{\"@id\":\"https:\/\/labs.100x100.net\/projects\/rutasal\/#website\"},\"primaryImageOfPage\":{\"@id\":\"https:\/\/labs.100x100.net\/projects\/rutasal\/marjuin-de-pere-roquet-en-la-version-barcelona-condor-de-javea-de-carlos-fernandez-martes-en-la-version-denia-y-yolo-de-kai-uwe-holweg-en-la-version-mallorca-ganadores-provisionales-de-la\/#primaryimage\"},\"image\":{\"@id\":\"https:\/\/labs.100x100.net\/projects\/rutasal\/marjuin-de-pere-roquet-en-la-version-barcelona-condor-de-javea-de-carlos-fernandez-martes-en-la-version-denia-y-yolo-de-kai-uwe-holweg-en-la-version-mallorca-ganadores-provisionales-de-la\/#primaryimage\"},\"thumbnailUrl\":\"https:\/\/labs.100x100.net\/projects\/rutasal\/custom\/uploads\/2018\/03\/39310930550_f131e69e86_z.jpg\",\"datePublished\":\"2018-03-30T18:37:10+00:00\",\"dateModified\":\"2019-03-07T09:17:59+00:00\",\"author\":{\"@id\":\"https:\/\/labs.100x100.net\/projects\/rutasal\/#\/schema\/person\/214eeb4a2e78fd8373a0a94f6d93c9ca\"},\"description\":\"\\\"Marjuin\\\" de Pere Roquet en la Versi\u00f3n Barcelona; \\\"C\u00f3ndor de Javea\\\" de Carlos Fern\u00e1ndez Martes en la Versi\u00f3n Denia y \\\"Yolo\\\" de Kai-Uwe Holweg en la Versi\u00f3n Mallorca ganadores provisionales de la Ruta de La Sal 2018.\",\"breadcrumb\":{\"@id\":\"https:\/\/labs.100x100.net\/projects\/rutasal\/marjuin-de-pere-roquet-en-la-version-barcelona-condor-de-javea-de-carlos-fernandez-martes-en-la-version-denia-y-yolo-de-kai-uwe-holweg-en-la-version-mallorca-ganadores-provisionales-de-la\/#breadcrumb\"},\"inLanguage\":\"es\",\"potentialAction\":[{\"@type\":\"ReadAction\",\"target\":[\"https:\/\/labs.100x100.net\/projects\/rutasal\/marjuin-de-pere-roquet-en-la-version-barcelona-condor-de-javea-de-carlos-fernandez-martes-en-la-version-denia-y-yolo-de-kai-uwe-holweg-en-la-version-mallorca-ganadores-provisionales-de-la\/\"]}]},{\"@type\":\"ImageObject\",\"inLanguage\":\"es\",\"@id\":\"https:\/\/labs.100x100.net\/projects\/rutasal\/marjuin-de-pere-roquet-en-la-version-barcelona-condor-de-javea-de-carlos-fernandez-martes-en-la-version-denia-y-yolo-de-kai-uwe-holweg-en-la-version-mallorca-ganadores-provisionales-de-la\/#primaryimage\",\"url\":\"https:\/\/labs.100x100.net\/projects\/rutasal\/custom\/uploads\/2018\/03\/39310930550_f131e69e86_z.jpg\",\"contentUrl\":\"https:\/\/labs.100x100.net\/projects\/rutasal\/custom\/uploads\/2018\/03\/39310930550_f131e69e86_z.jpg\",\"width\":640,\"height\":428},{\"@type\":\"BreadcrumbList\",\"@id\":\"https:\/\/labs.100x100.net\/projects\/rutasal\/marjuin-de-pere-roquet-en-la-version-barcelona-condor-de-javea-de-carlos-fernandez-martes-en-la-version-denia-y-yolo-de-kai-uwe-holweg-en-la-version-mallorca-ganadores-provisionales-de-la\/#breadcrumb\",\"itemListElement\":[{\"@type\":\"ListItem\",\"position\":1,\"name\":\"Portada\",\"item\":\"https:\/\/labs.100x100.net\/projects\/rutasal\/\"},{\"@type\":\"ListItem\",\"position\":2,\"name\":\"\u00abMarjuin\u00bb de Pere Roquet en la Versi\u00f3n Barcelona; \u00abC\u00f3ndor de Javea\u00bb de Carlos Fern\u00e1ndez Martes en la Versi\u00f3n Denia y \u00abYolo\u00bb de Kai-Uwe Holweg en la Versi\u00f3n Mallorca ganadores provisionales de la Ruta de La Sal 2018.\"}]},{\"@type\":\"WebSite\",\"@id\":\"https:\/\/labs.100x100.net\/projects\/rutasal\/#website\",\"url\":\"https:\/\/labs.100x100.net\/projects\/rutasal\/\",\"name\":\"Regata La Ruta de la Sal\",\"description\":\"Regata La Ruta de la Sal es una regata de Altura Mediterr\u00e1nea para barcos de crucero a vela con destino en Ibiza, que se disputa anualmente en Semana Santa.\",\"potentialAction\":[{\"@type\":\"SearchAction\",\"target\":{\"@type\":\"EntryPoint\",\"urlTemplate\":\"https:\/\/labs.100x100.net\/projects\/rutasal\/?s={search_term_string}\"},\"query-input\":\"required name=search_term_string\"}],\"inLanguage\":\"es\"},{\"@type\":\"Person\",\"@id\":\"https:\/\/labs.100x100.net\/projects\/rutasal\/#\/schema\/person\/214eeb4a2e78fd8373a0a94f6d93c9ca\",\"name\":\"La Ruta de la Sal\",\"image\":{\"@type\":\"ImageObject\",\"inLanguage\":\"es\",\"@id\":\"https:\/\/labs.100x100.net\/projects\/rutasal\/#\/schema\/person\/image\/\",\"url\":\"https:\/\/secure.gravatar.com\/avatar\/b247286d4b801d6b1cfcfb3807587284?s=96&d=mm&r=g\",\"contentUrl\":\"https:\/\/secure.gravatar.com\/avatar\/b247286d4b801d6b1cfcfb3807587284?s=96&d=mm&r=g\",\"caption\":\"La Ruta de la Sal\"}}]}<\/script>\n<!-- \/ Yoast SEO plugin. -->","yoast_head_json":{"title":"\"Marjuin\" de Pere Roquet en la Versi\u00f3n Barcelona; \"C\u00f3ndor de Javea\" de Carlos Fern\u00e1ndez Martes en la Versi\u00f3n Denia y \"Yolo\" de Kai-Uwe Holweg en la Versi\u00f3n Mallorca ganadores provisionales de la Ruta de La Sal 2018. | Regata La Ruta de la Sal","description":"\"Marjuin\" de Pere Roquet en la Versi\u00f3n Barcelona; \"C\u00f3ndor de Javea\" de Carlos Fern\u00e1ndez Martes en la Versi\u00f3n Denia y \"Yolo\" de Kai-Uwe Holweg en la Versi\u00f3n Mallorca ganadores provisionales de la Ruta de La Sal 2018.","robots":{"index":"noindex","follow":"follow","max-snippet":"max-snippet:-1","max-image-preview":"max-image-preview:large","max-video-preview":"max-video-preview:-1"},"og_locale":"es_ES","og_type":"article","og_title":"\"Marjuin\" de Pere Roquet en la Versi\u00f3n Barcelona; \"C\u00f3ndor de Javea\" de Carlos Fern\u00e1ndez Martes en la Versi\u00f3n Denia y \"Yolo\" de Kai-Uwe Holweg en la Versi\u00f3n Mallorca ganadores provisionales de la Ruta de La Sal 2018. | Regata La Ruta de la Sal","og_description":"\"Marjuin\" de Pere Roquet en la Versi\u00f3n Barcelona; \"C\u00f3ndor de Javea\" de Carlos Fern\u00e1ndez Martes en la Versi\u00f3n Denia y \"Yolo\" de Kai-Uwe Holweg en la Versi\u00f3n Mallorca ganadores provisionales de la Ruta de La Sal 2018.","og_url":"https:\/\/labs.100x100.net\/projects\/rutasal\/marjuin-de-pere-roquet-en-la-version-barcelona-condor-de-javea-de-carlos-fernandez-martes-en-la-version-denia-y-yolo-de-kai-uwe-holweg-en-la-version-mallorca-ganadores-provisionales-de-la\/","og_site_name":"Regata La Ruta de la Sal","article_publisher":"https:\/\/www.facebook.com\/rutadelasal\/","article_published_time":"2018-03-30T18:37:10+00:00","article_modified_time":"2019-03-07T09:17:59+00:00","og_image":[{"width":640,"height":428,"url":"https:\/\/labs.100x100.net\/projects\/rutasal\/custom\/uploads\/2018\/03\/39310930550_f131e69e86_z.jpg","type":"image\/jpeg"}],"author":"La Ruta de la Sal","twitter_card":"summary_large_image","twitter_creator":"@AnamMedi","twitter_site":"@AnamMedi","twitter_misc":{"Escrito por":"La Ruta de la Sal","Tiempo de lectura":"2 minutos"},"schema":{"@context":"https:\/\/schema.org","@graph":[{"@type":"WebPage","@id":"https:\/\/labs.100x100.net\/projects\/rutasal\/marjuin-de-pere-roquet-en-la-version-barcelona-condor-de-javea-de-carlos-fernandez-martes-en-la-version-denia-y-yolo-de-kai-uwe-holweg-en-la-version-mallorca-ganadores-provisionales-de-la\/","url":"https:\/\/labs.100x100.net\/projects\/rutasal\/marjuin-de-pere-roquet-en-la-version-barcelona-condor-de-javea-de-carlos-fernandez-martes-en-la-version-denia-y-yolo-de-kai-uwe-holweg-en-la-version-mallorca-ganadores-provisionales-de-la\/","name":"\"Marjuin\" de Pere Roquet en la Versi\u00f3n Barcelona; \"C\u00f3ndor de Javea\" de Carlos Fern\u00e1ndez Martes en la Versi\u00f3n Denia y \"Yolo\" de Kai-Uwe Holweg en la Versi\u00f3n Mallorca ganadores provisionales de la Ruta de La Sal 2018. | Regata La Ruta de la Sal","isPartOf":{"@id":"https:\/\/labs.100x100.net\/projects\/rutasal\/#website"},"primaryImageOfPage":{"@id":"https:\/\/labs.100x100.net\/projects\/rutasal\/marjuin-de-pere-roquet-en-la-version-barcelona-condor-de-javea-de-carlos-fernandez-martes-en-la-version-denia-y-yolo-de-kai-uwe-holweg-en-la-version-mallorca-ganadores-provisionales-de-la\/#primaryimage"},"image":{"@id":"https:\/\/labs.100x100.net\/projects\/rutasal\/marjuin-de-pere-roquet-en-la-version-barcelona-condor-de-javea-de-carlos-fernandez-martes-en-la-version-denia-y-yolo-de-kai-uwe-holweg-en-la-version-mallorca-ganadores-provisionales-de-la\/#primaryimage"},"thumbnailUrl":"https:\/\/labs.100x100.net\/projects\/rutasal\/custom\/uploads\/2018\/03\/39310930550_f131e69e86_z.jpg","datePublished":"2018-03-30T18:37:10+00:00","dateModified":"2019-03-07T09:17:59+00:00","author":{"@id":"https:\/\/labs.100x100.net\/projects\/rutasal\/#\/schema\/person\/214eeb4a2e78fd8373a0a94f6d93c9ca"},"description":"\"Marjuin\" de Pere Roquet en la Versi\u00f3n Barcelona; \"C\u00f3ndor de Javea\" de Carlos Fern\u00e1ndez Martes en la Versi\u00f3n Denia y \"Yolo\" de Kai-Uwe Holweg en la Versi\u00f3n Mallorca ganadores provisionales de la Ruta de La Sal 2018.","breadcrumb":{"@id":"https:\/\/labs.100x100.net\/projects\/rutasal\/marjuin-de-pere-roquet-en-la-version-barcelona-condor-de-javea-de-carlos-fernandez-martes-en-la-version-denia-y-yolo-de-kai-uwe-holweg-en-la-version-mallorca-ganadores-provisionales-de-la\/#breadcrumb"},"inLanguage":"es","potentialAction":[{"@type":"ReadAction","target":["https:\/\/labs.100x100.net\/projects\/rutasal\/marjuin-de-pere-roquet-en-la-version-barcelona-condor-de-javea-de-carlos-fernandez-martes-en-la-version-denia-y-yolo-de-kai-uwe-holweg-en-la-version-mallorca-ganadores-provisionales-de-la\/"]}]},{"@type":"ImageObject","inLanguage":"es","@id":"https:\/\/labs.100x100.net\/projects\/rutasal\/marjuin-de-pere-roquet-en-la-version-barcelona-condor-de-javea-de-carlos-fernandez-martes-en-la-version-denia-y-yolo-de-kai-uwe-holweg-en-la-version-mallorca-ganadores-provisionales-de-la\/#primaryimage","url":"https:\/\/labs.100x100.net\/projects\/rutasal\/custom\/uploads\/2018\/03\/39310930550_f131e69e86_z.jpg","contentUrl":"https:\/\/labs.100x100.net\/projects\/rutasal\/custom\/uploads\/2018\/03\/39310930550_f131e69e86_z.jpg","width":640,"height":428},{"@type":"BreadcrumbList","@id":"https:\/\/labs.100x100.net\/projects\/rutasal\/marjuin-de-pere-roquet-en-la-version-barcelona-condor-de-javea-de-carlos-fernandez-martes-en-la-version-denia-y-yolo-de-kai-uwe-holweg-en-la-version-mallorca-ganadores-provisionales-de-la\/#breadcrumb","itemListElement":[{"@type":"ListItem","position":1,"name":"Portada","item":"https:\/\/labs.100x100.net\/projects\/rutasal\/"},{"@type":"ListItem","position":2,"name":"\u00abMarjuin\u00bb de Pere Roquet en la Versi\u00f3n Barcelona; \u00abC\u00f3ndor de Javea\u00bb de Carlos Fern\u00e1ndez Martes en la Versi\u00f3n Denia y \u00abYolo\u00bb de Kai-Uwe Holweg en la Versi\u00f3n Mallorca ganadores provisionales de la Ruta de La Sal 2018."}]},{"@type":"WebSite","@id":"https:\/\/labs.100x100.net\/projects\/rutasal\/#website","url":"https:\/\/labs.100x100.net\/projects\/rutasal\/","name":"Regata La Ruta de la Sal","description":"Regata La Ruta de la Sal es una regata de Altura Mediterr\u00e1nea para barcos de crucero a vela con destino en Ibiza, que se disputa anualmente en Semana Santa.","potentialAction":[{"@type":"SearchAction","target":{"@type":"EntryPoint","urlTemplate":"https:\/\/labs.100x100.net\/projects\/rutasal\/?s={search_term_string}"},"query-input":"required name=search_term_string"}],"inLanguage":"es"},{"@type":"Person","@id":"https:\/\/labs.100x100.net\/projects\/rutasal\/#\/schema\/person\/214eeb4a2e78fd8373a0a94f6d93c9ca","name":"La Ruta de la Sal","image":{"@type":"ImageObject","inLanguage":"es","@id":"https:\/\/labs.100x100.net\/projects\/rutasal\/#\/schema\/person\/image\/","url":"https:\/\/secure.gravatar.com\/avatar\/b247286d4b801d6b1cfcfb3807587284?s=96&d=mm&r=g","contentUrl":"https:\/\/secure.gravatar.com\/avatar\/b247286d4b801d6b1cfcfb3807587284?s=96&d=mm&r=g","caption":"La Ruta de la Sal"}}]}},"_links":{"self":[{"href":"https:\/\/labs.100x100.net\/projects\/rutasal\/wp-json\/wp\/v2\/posts\/2971"}],"collection":[{"href":"https:\/\/labs.100x100.net\/projects\/rutasal\/wp-json\/wp\/v2\/posts"}],"about":[{"href":"https:\/\/labs.100x100.net\/projects\/rutasal\/wp-json\/wp\/v2\/types\/post"}],"author":[{"embeddable":true,"href":"https:\/\/labs.100x100.net\/projects\/rutasal\/wp-json\/wp\/v2\/users\/1"}],"replies":[{"embeddable":true,"href":"https:\/\/labs.100x100.net\/projects\/rutasal\/wp-json\/wp\/v2\/comments?post=2971"}],"version-history":[{"count":1,"href":"https:\/\/labs.100x100.net\/projects\/rutasal\/wp-json\/wp\/v2\/posts\/2971\/revisions"}],"predecessor-version":[{"id":3490,"href":"https:\/\/labs.100x100.net\/projects\/rutasal\/wp-json\/wp\/v2\/posts\/2971\/revisions\/3490"}],"wp:featuredmedia":[{"embeddable":true,"href":"https:\/\/labs.100x100.net\/projects\/rutasal\/wp-json\/wp\/v2\/media\/3595"}],"wp:attachment":[{"href":"https:\/\/labs.100x100.net\/projects\/rutasal\/wp-json\/wp\/v2\/media?parent=2971"}],"wp:term":[{"taxonomy":"category","embeddable":true,"href":"https:\/\/labs.100x100.net\/projects\/rutasal\/wp-json\/wp\/v2\/categories?post=2971"},{"taxonomy":"post_tag","embeddable":true,"href":"https:\/\/labs.100x100.net\/projects\/rutasal\/wp-json\/wp\/v2\/tags?post=2971"}],"curies":[{"name":"wp","href":"https:\/\/api.w.org\/{rel}","templated":true}]}}