{"id":2959,"date":"2018-03-30T09:56:07","date_gmt":"2018-03-30T07:56:07","guid":{"rendered":"https:\/\/larutadelasal.com\/?p=2959"},"modified":"2019-03-07T11:19:52","modified_gmt":"2019-03-07T09:19:52","slug":"caro-en-la-version-barcelona-dos-much-en-la-version-denia-y-clem-en-la-version-mallorca-ganadores-en-tiempo-real-de-la-sal-2018","status":"publish","type":"post","link":"https:\/\/labs.100x100.net\/projects\/rutasal\/caro-en-la-version-barcelona-dos-much-en-la-version-denia-y-clem-en-la-version-mallorca-ganadores-en-tiempo-real-de-la-sal-2018\/","title":{"rendered":"\u00abCaro\u00bb, en la Versi\u00f3n Barcelona, \u00abDos Much\u00bb en la Versi\u00f3n Denia y \u00abClem\u00bb en la Versi\u00f3n Mallorca, ganadores en tiempo real de La Sal 2018."},"content":{"rendered":"<p>Se cumplieron las predicciones y tal y como ya se hab\u00eda avanzado la 31 edici\u00f3n de La Ruta de La Sal est\u00e1 siendo una regata r\u00e1pida y dif\u00edcil. Tras una primera jornada de competici\u00f3n, la de ayer, d\u00eda 29 de Marzo, con vientos de intensidades medias &#8211; 15\/18 nudos &#8211; en general de componente S, a lo largo de la madrugada de hoy el viento ha rolando a Poniente y ha ido aumentando muy sensiblemente su intensidad, permitiendo que los barcos m\u00e1s adelantados hayan podido sacar una clara ventaja t\u00e1ctica a esta circunstancia.<\/p>\n<div style=\"width: 650px\" class=\"wp-caption aligncenter\"><a title=\"caro\" href=\"https:\/\/www.flickr.com\/photos\/circuitoanam\/41110970581\/in\/album-72157694217473304\/\" rel=\"\"><img loading=\"lazy\" decoding=\"async\" class=\"aligncenter\" title=\"caro\" src=\"http:\/\/farm1.staticflickr.com\/786\/41110970581_b03a02b7b8_z.jpg\" alt=\"caro\" width=\"640\" height=\"428\" \/><\/a><p class=\"wp-caption-text\">\u00abCaro\u00bb de Maximilian Klink<\/p><\/div>\n<p>A las 03h,39m,20s de esta madrugada cruz\u00f3 la l\u00ednea como vencedor en tiempo real de la Versi\u00f3n Barcelona<strong> el Bot\u00edn 65 \u00abCaro\u00bb del alem\u00e1n M\u00e1ximilian Klink, registrando un tiempo de 16h\/39m\/20s en las 140 millas<\/strong> desde la salida en Port Ginesta en Barcelona. Siendo, tambi\u00e9n el primer barco de todas las flotas en competici\u00f3n de La Sal 2018 en cruzar la l\u00ednea de llegada, en Cab Negret, en Sant Antoni de Portmany.<\/p>\n<p>A las 06h,23m,29s cruz\u00f3 la l\u00ednea de llegada, ya en unas condiciones de viento bastante m\u00e1s duras, <strong>el X65 P \u00abDos Much\u00bb del mallorqu\u00edn Joan Segui del RCN del Puerto de Pollensa, que de esta manera con un registro de 16h\/23m\/29s<\/strong> se proclam\u00f3 vencedor en tiempo real de la Versi\u00f3n Denia de La Sal 2018.<\/p>\n<div style=\"width: 650px\" class=\"wp-caption aligncenter\"><a title=\"Dos Much\" href=\"https:\/\/www.flickr.com\/photos\/circuitoanam\/39302841030\/in\/dateposted-public\/\" rel=\"\"><img loading=\"lazy\" decoding=\"async\" class=\"aligncenter\" title=\"Two Much\" src=\"http:\/\/farm1.staticflickr.com\/817\/41067950912_9a7b478d01_z.jpg\" alt=\"Dos Much\" width=\"640\" height=\"428\" \/><\/a><p class=\"wp-caption-text\">X65 P \u00abDos Much\u00bb del mallorqu\u00edn Joan Segui<\/p><\/div>\n<p>Con solo 5 segundos de retraso con respecto al \u00abTwo Much\u00bb, pr\u00e1cticamente navegando en los mismos tiempos, entr\u00f3, a las 06h,23m,34s el Swan 56 \u00abClem-GI El Encinar\u00bb proclam\u00e1ndose ganador en tiempo real de la Versi\u00f3n Mallorca de la regata con un tiempo de 18h\/44m\/20s<\/p>\n<p>El velero alem\u00e1n \u00abCaro\u00bb de Maximilian Klink, es un Bot\u00edn 65 que en la cita del 2016, con un registro de 18h, 42m, 05s en la singladura desde Barcelona a Sant Antoni de Portmany, logr\u00f3 acumular tanto la victoria en tiempo real como la de ganador absoluto en la general de este recorrido. Mientras que en la convocatoria del 2017, coincidiendo con el 30 aniversario de la regata, result\u00f3, con un crono de 24h,19m, 28s, ganador en tiempo real y segundo en la clasificaci\u00f3n general de la Versi\u00f3n Barcelona.<\/p>\n<div style=\"width: 650px\" class=\"wp-caption aligncenter\"><a title=\"Clem\" href=\"https:\/\/www.flickr.com\/photos\/circuitoanam\/41067950652\/in\/dateposted-public\/\" rel=\"\"><img loading=\"lazy\" decoding=\"async\" class=\"aligncenter\" title=\"caro\" src=\"http:\/\/farm1.staticflickr.com\/818\/41067950652_0bdf44601e_z.jpg\" alt=\"Clem\" width=\"640\" height=\"428\" \/><\/a><p class=\"wp-caption-text\">El Swan 56 \u00abClem\u00bb de Jaime Olabazal<\/p><\/div>\n<p>Un equipo, con claras opciones deportivas de cara a esta 31 edici\u00f3n de la regata, cuyo historial deportivo en La Sal se remonta a la prueba del 2007 en la que Maximilian Klink se proclam\u00f3, con su J&amp;V50 \u201cCaro\u201d, vencedor absoluto en tiempo real y compensado, de la Versi\u00f3n Norte- ahora Versi\u00f3n Barcelona.- de La Sal, lo que le convirti\u00f3 en el primer equipo extranjero que lograba vencer en la regata.<\/p>\n<p>En el 2011, nuevamente con su J&amp;V50 \u201cCaro\u201d fue el m\u00e1s r\u00e1pido en cubrir las 140 millas desde Port Ginesta hasta San Antoni de Portmany, con un registro de tan solo 13 horas, 18 minutos y 54 segundos, acreditando una velocidad media durante toda traves\u00eda superior a los 10,70 nudos. Estableciendo un r\u00e9cord para esta singladura que, normalmente, ser\u00e1 muy dif\u00edcil de superar.<\/p>\n<div style=\"width: 650px\" class=\"wp-caption aligncenter\"><a title=\"caro\" href=\"https:\/\/www.flickr.com\/photos\/circuitoanam\/27238465348\/in\/dateposted-public\/\" rel=\"\"><img loading=\"lazy\" decoding=\"async\" class=\"aligncenter\" title=\"caro\" src=\"http:\/\/farm1.staticflickr.com\/867\/27238465348_d58278c756_z.jpg\" alt=\"caro\" width=\"640\" height=\"428\" \/><\/a><p class=\"wp-caption-text\">\u00abCaro\u00bb de Maximilian Klink<\/p><\/div>\n<p><strong>El Swan 56 \u00abClem\u00bb de Jaime Olabazal del Club de Mar de Mallorca, ganador absoluto<\/strong>, con un registro de 24h:59m:05s, en la edici\u00f3n del 2017 de esta Versi\u00f3n Mallorca: es un equipo con much\u00edsima experiencia en la navegaci\u00f3n oce\u00e1nica, con un palmar\u00e9s internacional extraordinario, ganador absoluto de la Versi\u00f3n Norte de la Ruta de La Sal \u2013 Versi\u00f3n Barcelona &#8211; en el 2009 y 2010, a\u00f1o este \u00faltimo que tambi\u00e9n fue ganador en Tiempo Real. Ganador en Real en la Versi\u00f3n Este \u2013 Versi\u00f3n Denia.- del 2013, convocatoria en la que logr\u00f3 la tercera plaza en la general absoluta de esta largada.<\/p>\n<div style=\"width: 650px\" class=\"wp-caption aligncenter\"><a title=\"Clem\" href=\"https:\/\/www.flickr.com\/photos\/circuitoanam\/40216708015\/in\/dateposted-public\/\" rel=\"\"><img loading=\"lazy\" decoding=\"async\" class=\"aligncenter\" title=\"caro\" src=\"http:\/\/farm1.staticflickr.com\/894\/40216708015_0601e76ae3_z.jpg\" alt=\"Clem\" width=\"640\" height=\"428\" \/><\/a><p class=\"wp-caption-text\">El Swam 56 \u00abClem\u00bb de Jaime Olabazal<\/p><\/div>\n<p>El X-65 Performance, \u00abDos Much\u00bb de Joan Segu\u00ed del RCN del Puerto de Pollensa; fue ganador en tiempo Real de la Versi\u00f3n Este de la Sal en la edici\u00f3n del 2011.<\/p>\n<div style=\"width: 650px\" class=\"wp-caption aligncenter\"><a title=\"Dos Much\" href=\"https:\/\/www.flickr.com\/photos\/circuitoanam\/39302841030\/in\/dateposted-public\/\" rel=\"\"><img loading=\"lazy\" decoding=\"async\" class=\"aligncenter\" title=\"Two Much\" src=\"http:\/\/farm1.staticflickr.com\/818\/39302841030_5e36618936_z.jpg\" alt=\"Dos Much\" width=\"640\" height=\"428\" \/><\/a><p class=\"wp-caption-text\">X65 P \u00abDos Much\u00bb del mallorqu\u00edn Joan Segui<\/p><\/div>\n","protected":false},"excerpt":{"rendered":"<p>Se cumplieron las predicciones y tal y como ya se hab\u00eda avanzado la 31 edici\u00f3n de La Ruta de La Sal est\u00e1 siendo una regata r\u00e1pida y dif\u00edcil. Tras una primera jornada de competici\u00f3n, la de ayer, d\u00eda 29 de Marzo, con vientos de intensidades medias &#8211; 15\/18 nudos &#8211; en general de componente S, [&hellip;]<\/p>\n","protected":false},"author":1,"featured_media":3597,"comment_status":"open","ping_status":"open","sticky":false,"template":"","format":"standard","meta":{"_acf_changed":false,"footnotes":""},"categories":[3],"tags":[],"acf":[],"yoast_head":"<!-- This site is optimized with the Yoast SEO plugin v23.0 - https:\/\/yoast.com\/wordpress\/plugins\/seo\/ -->\n<title>&quot;Caro&quot;, en la Versi\u00f3n Barcelona, &quot;Dos Much&quot; en la Versi\u00f3n Denia y &quot;Clem&quot; en la Versi\u00f3n Mallorca, ganadores en tiempo real de La Sal 2018. | Regata La Ruta de la Sal<\/title>\n<meta name=\"description\" content=\"&quot;Caro&quot;, en la Versi\u00f3n Barcelona, &quot;Dos Much&quot; en la Versi\u00f3n Denia y &quot;Clem&quot; en la Versi\u00f3n Mallorca, ganadores en tiempo real de La Sal 2018.\" \/>\n<meta name=\"robots\" content=\"noindex, follow, max-snippet:-1, max-image-preview:large, max-video-preview:-1\" \/>\n<meta property=\"og:locale\" content=\"es_ES\" \/>\n<meta property=\"og:type\" content=\"article\" \/>\n<meta property=\"og:title\" content=\"&quot;Caro&quot;, en la Versi\u00f3n Barcelona, &quot;Dos Much&quot; en la Versi\u00f3n Denia y &quot;Clem&quot; en la Versi\u00f3n Mallorca, ganadores en tiempo real de La Sal 2018. | Regata La Ruta de la Sal\" \/>\n<meta property=\"og:description\" content=\"&quot;Caro&quot;, en la Versi\u00f3n Barcelona, &quot;Dos Much&quot; en la Versi\u00f3n Denia y &quot;Clem&quot; en la Versi\u00f3n Mallorca, ganadores en tiempo real de La Sal 2018.\" \/>\n<meta property=\"og:url\" content=\"https:\/\/labs.100x100.net\/projects\/rutasal\/caro-en-la-version-barcelona-dos-much-en-la-version-denia-y-clem-en-la-version-mallorca-ganadores-en-tiempo-real-de-la-sal-2018\/\" \/>\n<meta property=\"og:site_name\" content=\"Regata La Ruta de la Sal\" \/>\n<meta property=\"article:publisher\" content=\"https:\/\/www.facebook.com\/rutadelasal\/\" \/>\n<meta property=\"article:published_time\" content=\"2018-03-30T07:56:07+00:00\" \/>\n<meta property=\"article:modified_time\" content=\"2019-03-07T09:19:52+00:00\" \/>\n<meta property=\"og:image\" content=\"https:\/\/labs.100x100.net\/projects\/rutasal\/custom\/uploads\/2018\/03\/41067950912_9a7b478d01_z.jpg\" \/>\n\t<meta property=\"og:image:width\" content=\"640\" \/>\n\t<meta property=\"og:image:height\" content=\"428\" \/>\n\t<meta property=\"og:image:type\" content=\"image\/jpeg\" \/>\n<meta name=\"author\" content=\"La Ruta de la Sal\" \/>\n<meta name=\"twitter:card\" content=\"summary_large_image\" \/>\n<meta name=\"twitter:creator\" content=\"@AnamMedi\" \/>\n<meta name=\"twitter:site\" content=\"@AnamMedi\" \/>\n<meta name=\"twitter:label1\" content=\"Escrito por\" \/>\n\t<meta name=\"twitter:data1\" content=\"La Ruta de la Sal\" \/>\n\t<meta name=\"twitter:label2\" content=\"Tiempo de lectura\" \/>\n\t<meta name=\"twitter:data2\" content=\"4 minutos\" \/>\n<script type=\"application\/ld+json\" class=\"yoast-schema-graph\">{\"@context\":\"https:\/\/schema.org\",\"@graph\":[{\"@type\":\"WebPage\",\"@id\":\"https:\/\/labs.100x100.net\/projects\/rutasal\/caro-en-la-version-barcelona-dos-much-en-la-version-denia-y-clem-en-la-version-mallorca-ganadores-en-tiempo-real-de-la-sal-2018\/\",\"url\":\"https:\/\/labs.100x100.net\/projects\/rutasal\/caro-en-la-version-barcelona-dos-much-en-la-version-denia-y-clem-en-la-version-mallorca-ganadores-en-tiempo-real-de-la-sal-2018\/\",\"name\":\"\\\"Caro\\\", en la Versi\u00f3n Barcelona, \\\"Dos Much\\\" en la Versi\u00f3n Denia y \\\"Clem\\\" en la Versi\u00f3n Mallorca, ganadores en tiempo real de La Sal 2018. | Regata La Ruta de la Sal\",\"isPartOf\":{\"@id\":\"https:\/\/labs.100x100.net\/projects\/rutasal\/#website\"},\"primaryImageOfPage\":{\"@id\":\"https:\/\/labs.100x100.net\/projects\/rutasal\/caro-en-la-version-barcelona-dos-much-en-la-version-denia-y-clem-en-la-version-mallorca-ganadores-en-tiempo-real-de-la-sal-2018\/#primaryimage\"},\"image\":{\"@id\":\"https:\/\/labs.100x100.net\/projects\/rutasal\/caro-en-la-version-barcelona-dos-much-en-la-version-denia-y-clem-en-la-version-mallorca-ganadores-en-tiempo-real-de-la-sal-2018\/#primaryimage\"},\"thumbnailUrl\":\"https:\/\/labs.100x100.net\/projects\/rutasal\/custom\/uploads\/2018\/03\/41067950912_9a7b478d01_z.jpg\",\"datePublished\":\"2018-03-30T07:56:07+00:00\",\"dateModified\":\"2019-03-07T09:19:52+00:00\",\"author\":{\"@id\":\"https:\/\/labs.100x100.net\/projects\/rutasal\/#\/schema\/person\/214eeb4a2e78fd8373a0a94f6d93c9ca\"},\"description\":\"\\\"Caro\\\", en la Versi\u00f3n Barcelona, \\\"Dos Much\\\" en la Versi\u00f3n Denia y \\\"Clem\\\" en la Versi\u00f3n Mallorca, ganadores en tiempo real de La Sal 2018.\",\"breadcrumb\":{\"@id\":\"https:\/\/labs.100x100.net\/projects\/rutasal\/caro-en-la-version-barcelona-dos-much-en-la-version-denia-y-clem-en-la-version-mallorca-ganadores-en-tiempo-real-de-la-sal-2018\/#breadcrumb\"},\"inLanguage\":\"es\",\"potentialAction\":[{\"@type\":\"ReadAction\",\"target\":[\"https:\/\/labs.100x100.net\/projects\/rutasal\/caro-en-la-version-barcelona-dos-much-en-la-version-denia-y-clem-en-la-version-mallorca-ganadores-en-tiempo-real-de-la-sal-2018\/\"]}]},{\"@type\":\"ImageObject\",\"inLanguage\":\"es\",\"@id\":\"https:\/\/labs.100x100.net\/projects\/rutasal\/caro-en-la-version-barcelona-dos-much-en-la-version-denia-y-clem-en-la-version-mallorca-ganadores-en-tiempo-real-de-la-sal-2018\/#primaryimage\",\"url\":\"https:\/\/labs.100x100.net\/projects\/rutasal\/custom\/uploads\/2018\/03\/41067950912_9a7b478d01_z.jpg\",\"contentUrl\":\"https:\/\/labs.100x100.net\/projects\/rutasal\/custom\/uploads\/2018\/03\/41067950912_9a7b478d01_z.jpg\",\"width\":640,\"height\":428},{\"@type\":\"BreadcrumbList\",\"@id\":\"https:\/\/labs.100x100.net\/projects\/rutasal\/caro-en-la-version-barcelona-dos-much-en-la-version-denia-y-clem-en-la-version-mallorca-ganadores-en-tiempo-real-de-la-sal-2018\/#breadcrumb\",\"itemListElement\":[{\"@type\":\"ListItem\",\"position\":1,\"name\":\"Portada\",\"item\":\"https:\/\/labs.100x100.net\/projects\/rutasal\/\"},{\"@type\":\"ListItem\",\"position\":2,\"name\":\"\u00abCaro\u00bb, en la Versi\u00f3n Barcelona, \u00abDos Much\u00bb en la Versi\u00f3n Denia y \u00abClem\u00bb en la Versi\u00f3n Mallorca, ganadores en tiempo real de La Sal 2018.\"}]},{\"@type\":\"WebSite\",\"@id\":\"https:\/\/labs.100x100.net\/projects\/rutasal\/#website\",\"url\":\"https:\/\/labs.100x100.net\/projects\/rutasal\/\",\"name\":\"Regata La Ruta de la Sal\",\"description\":\"Regata La Ruta de la Sal es una regata de Altura Mediterr\u00e1nea para barcos de crucero a vela con destino en Ibiza, que se disputa anualmente en Semana Santa.\",\"potentialAction\":[{\"@type\":\"SearchAction\",\"target\":{\"@type\":\"EntryPoint\",\"urlTemplate\":\"https:\/\/labs.100x100.net\/projects\/rutasal\/?s={search_term_string}\"},\"query-input\":\"required name=search_term_string\"}],\"inLanguage\":\"es\"},{\"@type\":\"Person\",\"@id\":\"https:\/\/labs.100x100.net\/projects\/rutasal\/#\/schema\/person\/214eeb4a2e78fd8373a0a94f6d93c9ca\",\"name\":\"La Ruta de la Sal\",\"image\":{\"@type\":\"ImageObject\",\"inLanguage\":\"es\",\"@id\":\"https:\/\/labs.100x100.net\/projects\/rutasal\/#\/schema\/person\/image\/\",\"url\":\"https:\/\/secure.gravatar.com\/avatar\/b247286d4b801d6b1cfcfb3807587284?s=96&d=mm&r=g\",\"contentUrl\":\"https:\/\/secure.gravatar.com\/avatar\/b247286d4b801d6b1cfcfb3807587284?s=96&d=mm&r=g\",\"caption\":\"La Ruta de la Sal\"}}]}<\/script>\n<!-- \/ Yoast SEO plugin. -->","yoast_head_json":{"title":"\"Caro\", en la Versi\u00f3n Barcelona, \"Dos Much\" en la Versi\u00f3n Denia y \"Clem\" en la Versi\u00f3n Mallorca, ganadores en tiempo real de La Sal 2018. | Regata La Ruta de la Sal","description":"\"Caro\", en la Versi\u00f3n Barcelona, \"Dos Much\" en la Versi\u00f3n Denia y \"Clem\" en la Versi\u00f3n Mallorca, ganadores en tiempo real de La Sal 2018.","robots":{"index":"noindex","follow":"follow","max-snippet":"max-snippet:-1","max-image-preview":"max-image-preview:large","max-video-preview":"max-video-preview:-1"},"og_locale":"es_ES","og_type":"article","og_title":"\"Caro\", en la Versi\u00f3n Barcelona, \"Dos Much\" en la Versi\u00f3n Denia y \"Clem\" en la Versi\u00f3n Mallorca, ganadores en tiempo real de La Sal 2018. | Regata La Ruta de la Sal","og_description":"\"Caro\", en la Versi\u00f3n Barcelona, \"Dos Much\" en la Versi\u00f3n Denia y \"Clem\" en la Versi\u00f3n Mallorca, ganadores en tiempo real de La Sal 2018.","og_url":"https:\/\/labs.100x100.net\/projects\/rutasal\/caro-en-la-version-barcelona-dos-much-en-la-version-denia-y-clem-en-la-version-mallorca-ganadores-en-tiempo-real-de-la-sal-2018\/","og_site_name":"Regata La Ruta de la Sal","article_publisher":"https:\/\/www.facebook.com\/rutadelasal\/","article_published_time":"2018-03-30T07:56:07+00:00","article_modified_time":"2019-03-07T09:19:52+00:00","og_image":[{"width":640,"height":428,"url":"https:\/\/labs.100x100.net\/projects\/rutasal\/custom\/uploads\/2018\/03\/41067950912_9a7b478d01_z.jpg","type":"image\/jpeg"}],"author":"La Ruta de la Sal","twitter_card":"summary_large_image","twitter_creator":"@AnamMedi","twitter_site":"@AnamMedi","twitter_misc":{"Escrito por":"La Ruta de la Sal","Tiempo de lectura":"4 minutos"},"schema":{"@context":"https:\/\/schema.org","@graph":[{"@type":"WebPage","@id":"https:\/\/labs.100x100.net\/projects\/rutasal\/caro-en-la-version-barcelona-dos-much-en-la-version-denia-y-clem-en-la-version-mallorca-ganadores-en-tiempo-real-de-la-sal-2018\/","url":"https:\/\/labs.100x100.net\/projects\/rutasal\/caro-en-la-version-barcelona-dos-much-en-la-version-denia-y-clem-en-la-version-mallorca-ganadores-en-tiempo-real-de-la-sal-2018\/","name":"\"Caro\", en la Versi\u00f3n Barcelona, \"Dos Much\" en la Versi\u00f3n Denia y \"Clem\" en la Versi\u00f3n Mallorca, ganadores en tiempo real de La Sal 2018. | Regata La Ruta de la Sal","isPartOf":{"@id":"https:\/\/labs.100x100.net\/projects\/rutasal\/#website"},"primaryImageOfPage":{"@id":"https:\/\/labs.100x100.net\/projects\/rutasal\/caro-en-la-version-barcelona-dos-much-en-la-version-denia-y-clem-en-la-version-mallorca-ganadores-en-tiempo-real-de-la-sal-2018\/#primaryimage"},"image":{"@id":"https:\/\/labs.100x100.net\/projects\/rutasal\/caro-en-la-version-barcelona-dos-much-en-la-version-denia-y-clem-en-la-version-mallorca-ganadores-en-tiempo-real-de-la-sal-2018\/#primaryimage"},"thumbnailUrl":"https:\/\/labs.100x100.net\/projects\/rutasal\/custom\/uploads\/2018\/03\/41067950912_9a7b478d01_z.jpg","datePublished":"2018-03-30T07:56:07+00:00","dateModified":"2019-03-07T09:19:52+00:00","author":{"@id":"https:\/\/labs.100x100.net\/projects\/rutasal\/#\/schema\/person\/214eeb4a2e78fd8373a0a94f6d93c9ca"},"description":"\"Caro\", en la Versi\u00f3n Barcelona, \"Dos Much\" en la Versi\u00f3n Denia y \"Clem\" en la Versi\u00f3n Mallorca, ganadores en tiempo real de La Sal 2018.","breadcrumb":{"@id":"https:\/\/labs.100x100.net\/projects\/rutasal\/caro-en-la-version-barcelona-dos-much-en-la-version-denia-y-clem-en-la-version-mallorca-ganadores-en-tiempo-real-de-la-sal-2018\/#breadcrumb"},"inLanguage":"es","potentialAction":[{"@type":"ReadAction","target":["https:\/\/labs.100x100.net\/projects\/rutasal\/caro-en-la-version-barcelona-dos-much-en-la-version-denia-y-clem-en-la-version-mallorca-ganadores-en-tiempo-real-de-la-sal-2018\/"]}]},{"@type":"ImageObject","inLanguage":"es","@id":"https:\/\/labs.100x100.net\/projects\/rutasal\/caro-en-la-version-barcelona-dos-much-en-la-version-denia-y-clem-en-la-version-mallorca-ganadores-en-tiempo-real-de-la-sal-2018\/#primaryimage","url":"https:\/\/labs.100x100.net\/projects\/rutasal\/custom\/uploads\/2018\/03\/41067950912_9a7b478d01_z.jpg","contentUrl":"https:\/\/labs.100x100.net\/projects\/rutasal\/custom\/uploads\/2018\/03\/41067950912_9a7b478d01_z.jpg","width":640,"height":428},{"@type":"BreadcrumbList","@id":"https:\/\/labs.100x100.net\/projects\/rutasal\/caro-en-la-version-barcelona-dos-much-en-la-version-denia-y-clem-en-la-version-mallorca-ganadores-en-tiempo-real-de-la-sal-2018\/#breadcrumb","itemListElement":[{"@type":"ListItem","position":1,"name":"Portada","item":"https:\/\/labs.100x100.net\/projects\/rutasal\/"},{"@type":"ListItem","position":2,"name":"\u00abCaro\u00bb, en la Versi\u00f3n Barcelona, \u00abDos Much\u00bb en la Versi\u00f3n Denia y \u00abClem\u00bb en la Versi\u00f3n Mallorca, ganadores en tiempo real de La Sal 2018."}]},{"@type":"WebSite","@id":"https:\/\/labs.100x100.net\/projects\/rutasal\/#website","url":"https:\/\/labs.100x100.net\/projects\/rutasal\/","name":"Regata La Ruta de la Sal","description":"Regata La Ruta de la Sal es una regata de Altura Mediterr\u00e1nea para barcos de crucero a vela con destino en Ibiza, que se disputa anualmente en Semana Santa.","potentialAction":[{"@type":"SearchAction","target":{"@type":"EntryPoint","urlTemplate":"https:\/\/labs.100x100.net\/projects\/rutasal\/?s={search_term_string}"},"query-input":"required name=search_term_string"}],"inLanguage":"es"},{"@type":"Person","@id":"https:\/\/labs.100x100.net\/projects\/rutasal\/#\/schema\/person\/214eeb4a2e78fd8373a0a94f6d93c9ca","name":"La Ruta de la Sal","image":{"@type":"ImageObject","inLanguage":"es","@id":"https:\/\/labs.100x100.net\/projects\/rutasal\/#\/schema\/person\/image\/","url":"https:\/\/secure.gravatar.com\/avatar\/b247286d4b801d6b1cfcfb3807587284?s=96&d=mm&r=g","contentUrl":"https:\/\/secure.gravatar.com\/avatar\/b247286d4b801d6b1cfcfb3807587284?s=96&d=mm&r=g","caption":"La Ruta de la Sal"}}]}},"_links":{"self":[{"href":"https:\/\/labs.100x100.net\/projects\/rutasal\/wp-json\/wp\/v2\/posts\/2959"}],"collection":[{"href":"https:\/\/labs.100x100.net\/projects\/rutasal\/wp-json\/wp\/v2\/posts"}],"about":[{"href":"https:\/\/labs.100x100.net\/projects\/rutasal\/wp-json\/wp\/v2\/types\/post"}],"author":[{"embeddable":true,"href":"https:\/\/labs.100x100.net\/projects\/rutasal\/wp-json\/wp\/v2\/users\/1"}],"replies":[{"embeddable":true,"href":"https:\/\/labs.100x100.net\/projects\/rutasal\/wp-json\/wp\/v2\/comments?post=2959"}],"version-history":[{"count":1,"href":"https:\/\/labs.100x100.net\/projects\/rutasal\/wp-json\/wp\/v2\/posts\/2959\/revisions"}],"predecessor-version":[{"id":3483,"href":"https:\/\/labs.100x100.net\/projects\/rutasal\/wp-json\/wp\/v2\/posts\/2959\/revisions\/3483"}],"wp:featuredmedia":[{"embeddable":true,"href":"https:\/\/labs.100x100.net\/projects\/rutasal\/wp-json\/wp\/v2\/media\/3597"}],"wp:attachment":[{"href":"https:\/\/labs.100x100.net\/projects\/rutasal\/wp-json\/wp\/v2\/media?parent=2959"}],"wp:term":[{"taxonomy":"category","embeddable":true,"href":"https:\/\/labs.100x100.net\/projects\/rutasal\/wp-json\/wp\/v2\/categories?post=2959"},{"taxonomy":"post_tag","embeddable":true,"href":"https:\/\/labs.100x100.net\/projects\/rutasal\/wp-json\/wp\/v2\/tags?post=2959"}],"curies":[{"name":"wp","href":"https:\/\/api.w.org\/{rel}","templated":true}]}}