{"id":2900,"date":"2018-03-29T12:45:48","date_gmt":"2018-03-29T10:45:48","guid":{"rendered":"https:\/\/larutadelasal.com\/?p=2900"},"modified":"2019-03-07T11:22:42","modified_gmt":"2019-03-07T09:22:42","slug":"las-flotas-de-la-31-regata-de-altura-de-la-ruta-de-la-sal-ya-navegan-rumbo-a-ibiza","status":"publish","type":"post","link":"https:\/\/labs.100x100.net\/projects\/rutasal\/las-flotas-de-la-31-regata-de-altura-de-la-ruta-de-la-sal-ya-navegan-rumbo-a-ibiza\/","title":{"rendered":"LAS FLOTAS DE LA  31  REGATA DE ALTURA RUTA DE LA SAL YA NAVEGAN RUMBO A IBIZA"},"content":{"rendered":"<p><strong>La meteorolog\u00eda, con vientos dominantes de Poniente, de intensidades altas, pronostican una regata r\u00e1pida, muy t\u00e1ctica, de gran valor deportivo<\/strong><\/p>\n<div style=\"width: 510px\" class=\"wp-caption aligncenter\"><a title=\"salida de la Versi\u00f3n Barcelona\" href=\"https:\/\/larutadelasal.com\/files\/2018\/03\/AFB5558-500x334.jpg\"><img loading=\"lazy\" decoding=\"async\" class=\"\" title=\"salida de la Versi\u00f3n Barcelona\" src=\"https:\/\/larutadelasal.com\/files\/2018\/03\/AFB5558-500x334.jpg\" alt=\"salida de la Versi\u00f3n Barcelona\" width=\"500\" height=\"341\" \/><\/a><p class=\"wp-caption-text\">salida de la Versi\u00f3n Barcelona<\/p><\/div>\n<p>Hoy 29 de Marzo Jueves Santo, ha comenzado la 31 edici\u00f3n, de la Regata de Altura de la Ruta de la Sal &#8211; con salidas desde Port Ginesta para la Versi\u00f3n Barcelona de la regata, Denia para Versi\u00f3n Denia y Puerto de Andratx para la Versi\u00f3n Mallorca de La Sal. Con llegada, para los tres recorridos, en Sant Antoni de Portmany en Ibiza. Ser\u00e1n tres regatas diferentes que, en su conjunto, forman un evento de gran transcendencia deportiva y social en el que se participan embarcaciones de 11 nacionalidades distintas.<\/p>\n<div style=\"width: 510px\" class=\"wp-caption aligncenter\"><a title=\"salida de la Versi\u00f3n Barcelona\" href=\"https:\/\/larutadelasal.com\/files\/2018\/03\/AFB5469-500x334.jpg\"><img loading=\"lazy\" decoding=\"async\" class=\"\" title=\"salida de la Versi\u00f3n Barcelona\" src=\"https:\/\/larutadelasal.com\/files\/2018\/03\/AFB5469-500x334.jpg\" alt=\"salida de la Versi\u00f3n Barcelona\" width=\"500\" height=\"341\" \/><\/a><p class=\"wp-caption-text\">salida de la Versi\u00f3n Barcelona<\/p><\/div>\n<p><strong>La Versi\u00f3n Barcelona<\/strong>, con 73 barcos inscritos y tripulados por unos 425 regatistas, han zarpado desde las aguas de Port Ginesta con rumbo directo a Sant Antoni de Portmany, tras un aplazamiento de una hora, a las 11:00 h, navegando con mar plana e, inicialmente vientos de 5\/6 nudos del ESE que, a lo largo del d\u00eda, ir\u00e1n rolando hacia el SE\/S hasta, finalmente, entablarse en un OSO\/O, de buena intensidad, que afectar\u00e1 al Mar Balear hasta \u00faltimas horas del s\u00e1bado 31 de Marzo. Un recorrido de 140 millas abierto a diferentes opciones t\u00e1cticas, que en estas condiciones promete ser muy r\u00e1pido y, sin duda, obligar\u00e1 a los participantes a trabajar duro hasta la llegada en Cab Negret en Ibiza.<\/p>\n<p><img loading=\"lazy\" decoding=\"async\" class=\"aligncenter size-medium wp-image-2917\" src=\"https:\/\/larutadelasal.com\/files\/2018\/03\/IMG_0256-500x341.jpg\" alt=\"IMG_0256\" width=\"500\" height=\"341\" \/> <strong>La Versi\u00f3n Denia<\/strong> de La Sal, con 80 veleros tripulados por 535 regatistas (de los cuales 14 cubren la ruta directa entre Denia y Sant Sant Antoni, en el conocido trayecto MiniSal) cruzaron la l\u00ednea de salida a las 14:00 h. Tienen una prevision de un viento de unos 10 nudos del NO que ira rolando hacia el SE\/S para ya a \u00faltimas horas del d\u00eda convertirse en un SO\/O, que aumentar\u00e1 su intensidad hasta promedios de 20\/25 nudos.<\/p>\n<p>&nbsp;<\/p>\n<div style=\"width: 510px\" class=\"wp-caption aligncenter\"><a title=\"Salida denia\" href=\"https:\/\/larutadelasal.com\/files\/2018\/03\/version-denia-500x341.jpeg\"><img loading=\"lazy\" decoding=\"async\" class=\"\" title=\"Salida Andratx\" src=\"https:\/\/larutadelasal.com\/files\/2018\/03\/version-denia-500x341.jpeg\" alt=\"Salida Denia\" width=\"500\" height=\"341\" \/><\/a><p class=\"wp-caption-text\">Salida versi\u00f3n D\u00e9nia<\/p><\/div>\n<p>La Versi\u00f3n Denia contempla cubrir un recorrido de 120 millas hasta Sant Antoni de Portmany, tomando Formentera por babor, la Isla de Tagomago y navegando por la costa norte de Ibiza, llegar hasta Cab Negret, a unas dos millas al norte del puerto de Sant Antoni, donde est\u00e1 ubicada la l\u00ednea de llegada. Para los participantes en la salida desde Denia la regata, ser\u00e1 bastante t\u00e1ctica, en general muy r\u00e1pida, con la dificultad que supondr\u00e1 navegar el \u00faltimo tramo de la prueba, por la costa Norte de Ibiza, con vientos de proa que, a partir del mediod\u00eda del viernes 30, ser\u00e1n relativamente fuertes<\/p>\n<div style=\"width: 510px\" class=\"wp-caption aligncenter\"><a title=\"salida de la Versi\u00f3n Barcelona\" href=\"https:\/\/larutadelasal.com\/files\/2018\/03\/AFB5526-500x334.jpg\"><img loading=\"lazy\" decoding=\"async\" class=\"\" title=\"salida de la Versi\u00f3n Barcelona\" src=\"https:\/\/larutadelasal.com\/files\/2018\/03\/AFB5526-500x334.jpg\" alt=\"salida de la Versi\u00f3n Barcelona\" width=\"500\" height=\"341\" \/><\/a><p class=\"wp-caption-text\">salida de la Versi\u00f3n Barcelona<\/p><\/div>\n<p><strong>La Versi\u00f3n Mallorca<\/strong> de La Sal con 31 embarcaciones en competici\u00f3n tripuladas por m\u00e1s de 170 deportistas, se ha iniciado hoy a las 12.05 h. desde Puerto de Andratx con brisas de unos 9 nudos del 310 &#8211; NO &#8211; que seg\u00fan avance el d\u00eda ir\u00e1n rolando hacia el S. y, posteriormente, aumentando muy sensiblemente su intensidad, a SO\/O. El recorrido de esta largada implica navegar hasta Sant Antoni de Portmany dejando por estribor las islas de Tagomago, Formentera, Es Vedr\u00e1 , Bledas y Conejera. Unas 103 millas de singladura, en las que van a predominar vientos de proa afectados por las influencias de la orografia de las costas y freus de Ibiza y Formentera. Luego ser\u00e1 una regata complicada, muy t\u00e1ctica, posiblemente dura a partir de la madrugada del Viernes 30 de Marzo y cargada de opciones deportivas para los que acierten las estrategias de la navegaci\u00f3n.<\/p>\n<div style=\"clear: both;\"><\/div>\n<div style=\"width: 314px\" class=\"wp-caption alignleft\"><a title=\"Salida Andratx\" href=\"http:\/\/farm1.staticflickr.com\/865\/39288324440_743fba04d5_n.jpg\"><img loading=\"lazy\" decoding=\"async\" class=\"\" title=\"Salida Andratx\" src=\"http:\/\/farm1.staticflickr.com\/865\/39288324440_743fba04d5_n.jpg\" alt=\"Salida Andratx\" width=\"304\" height=\"228\" \/><\/a><p class=\"wp-caption-text\">Salida de Andratx<\/p><\/div>\n<div style=\"width: 314px\" class=\"wp-caption alignright\"><a title=\"Salida Andratx\" href=\"http:\/\/farm1.staticflickr.com\/876\/39288324540_d607cb773f_n.jpg\"><img loading=\"lazy\" decoding=\"async\" class=\"\" title=\"Salida Andratx\" src=\"http:\/\/farm1.staticflickr.com\/876\/39288324540_d607cb773f_n.jpg\" alt=\"Salida Andratx\" width=\"304\" height=\"228\" \/><\/a><p class=\"wp-caption-text\">Salida de Andratx<\/p><\/div>\n<p>&nbsp;<\/p>\n<div style=\"clear: both;\"><\/div>\n<p><strong>Duras condiciones &#8216;meteo&#8217; durante la llegada<\/strong><\/p>\n<div style=\"width: 510px\" class=\"wp-caption aligncenter\"><a title=\"Salida Andratx\" href=\"http:\/\/farm1.staticflickr.com\/785\/40202601145_0ebe4626a3.jpg\"><img loading=\"lazy\" decoding=\"async\" class=\"\" title=\"Salida Andratx\" src=\"http:\/\/farm1.staticflickr.com\/785\/40202601145_0ebe4626a3.jpg\" alt=\"Salida Andratx\" width=\"500\" height=\"334\" \/><\/a><p class=\"wp-caption-text\">Salida de Andratx<\/p><\/div>\n<p>El tiempo, seg\u00fan avanz\u00f3 el popular meter\u00e9ologo catal\u00e1n Tom\u00e1s Molina, participante habitual en esta competici\u00f3n , va a permitir que la 31 Ruta de La Sal, para todas versiones vaya a ser una regata muy r\u00e1pida, abierta a muchas posibilidades t\u00e1cticas y, a partir de las \u00faltimas horas de la madrugada de viernes 30 de Marzo relativamente dura, con vientos de Poniente con medias de 20\/25 nudos y que ir\u00e1n aumentando a lo largo de la jornada, hasta, ya en la madrugada del s\u00e1bado 31, alcanzar valores medios cercanos a los 30 nudos.<\/p>\n<div style=\"width: 510px\" class=\"wp-caption aligncenter\"><a title=\"salida de la Versi\u00f3n Barcelona\" href=\"https:\/\/larutadelasal.com\/files\/2018\/03\/AFB5501-500x334.jpg\"><img loading=\"lazy\" decoding=\"async\" class=\"\" title=\"salida de la Versi\u00f3n Barcelona\" src=\"https:\/\/larutadelasal.com\/files\/2018\/03\/AFB5501-500x334.jpg\" alt=\"salida de la Versi\u00f3n Barcelona\" width=\"500\" height=\"341\" \/><\/a><p class=\"wp-caption-text\">salida de la Versi\u00f3n Barcelona<\/p><\/div>\n<p>El viento en el Mar Balear durante el d\u00eda de hoy, 29 de Marzo, ir\u00e1 rolando de componentes Norte, que podr\u00e1n alcanzar hasta los 15 nudos, hacia SE., S. y SO. Lo abrir\u00e1 la competici\u00f3n a diversas opciones estrat\u00e9gicas. A partir de la madrugada del viernes se entablar\u00e1, tal y como se ha avanzado, un potente viento de Poniente de intensidades medias de 20\/25 nudos que, normalmente, con la salida del Sol ir\u00e1 aumentando.<\/p>\n<div style=\"width: 510px\" class=\"wp-caption aligncenter\"><a title=\"salida de la Versi\u00f3n Barcelona\" href=\"https:\/\/larutadelasal.com\/files\/2018\/03\/AFB5598-500x334.jpg\"><img loading=\"lazy\" decoding=\"async\" class=\"\" title=\"salida de la Versi\u00f3n Barcelona\" src=\"https:\/\/larutadelasal.com\/files\/2018\/03\/AFB5598-500x334.jpg\" alt=\"salida de la Versi\u00f3n Barcelona\" width=\"500\" height=\"341\" \/><\/a><p class=\"wp-caption-text\">salida de la Versi\u00f3n Barcelona<\/p><\/div>\n<p>Un panorama que dibuja una regata r\u00e1pida, dif\u00edcil y con muchas opciones t\u00e9cnicas y t\u00e1cticas. Tambi\u00e9n unos escenarios que podr\u00edan propiciar que los barcos que logren llegar a Ibiza durante la ma\u00f1ana y primeras horas de la tarde del viernes 30, tengan una clara y determinante ventaja con respecto a los que vayan m\u00e1s retrasados, para los que la meteorolog\u00eda a partir de ese momento avanza unas condiciones de navegaci\u00f3n muy complejas y duras.<\/p>\n<p>Los barcos m\u00e1s r\u00e1pidos, podr\u00edan llegar a Sant Antoni de Portmany a partir de primeras horas de la madrugada del viernes 30 de Marzo. El grueso de la flota, para todas las Versiones se estima que llegara a Sant Antoni durante las horas centrales de este mismo d\u00eda. El tiempo limite para completar la regata esta fijado a las 14:00 h. del s\u00e1bado 31 de Marzo del 2018.<\/p>\n<p style=\"text-align: center;\"><strong>ACTOS DE PRESALIDA<\/strong><\/p>\n<p style=\"text-align: center;\"><strong>Reuni\u00f3n de patrones<\/strong><\/p>\n<div style=\"width: 314px\" class=\"wp-caption alignleft\"><a title=\"31 La Ruta de La Sal 2018\" href=\"http:\/\/farm1.staticflickr.com\/822\/40206093485_87a2263f95_n.jpg\" rel=\"\"><img loading=\"lazy\" decoding=\"async\" class=\"alignleft\" style=\"float: left;\" title=\"31 La Ruta de La Sal 2018\" src=\"http:\/\/farm1.staticflickr.com\/822\/40206093485_87a2263f95_n.jpg\" alt=\"31 La Ruta de La Sal 2018\" width=\"304\" height=\"214\" \/><\/a><p class=\"wp-caption-text\">Enrique Curt director de la regata<\/p><\/div>\n<div style=\"width: 314px\" class=\"wp-caption alignleft\"><a title=\"31 La Ruta de La Sal 2018\" href=\"http:\/\/farm1.staticflickr.com\/884\/40206134735_89646e1c24_n.jpg\" rel=\"\"><img loading=\"lazy\" decoding=\"async\" class=\"alignleft\" style=\"float: left;\" title=\"31 La Ruta de La Sal 2018\" src=\"http:\/\/farm1.staticflickr.com\/884\/40206134735_89646e1c24_n.jpg\" alt=\"31 La Ruta de La Sal 2018\" width=\"304\" height=\"214\" \/><\/a><p class=\"wp-caption-text\">El meteor\u00f3logo Tom\u00e1s Molina<\/p><\/div>\n<div style=\"clear: both;\"><\/div>\n<div style=\"width: 650px\" class=\"wp-caption aligncenter\"><a title=\"31 La Ruta de La Sal 2018\" href=\"#\" rel=\"\"><img loading=\"lazy\" decoding=\"async\" class=\"aligncenter\" title=\"Reuni\u00f3n de patrones\" src=\"http:\/\/farm1.staticflickr.com\/863\/26229344367_c0a37cf8fd_z.jpg\" alt=\"Reuni\u00f3n de patrones\" width=\"640\" height=\"428\" \/><\/a><p class=\"wp-caption-text\">Reuni\u00f3n de patrones<\/p><\/div>\n<p>&nbsp;<\/p>\n<p>En la reuni\u00f3n de patrones de la<strong> Versi\u00f3n Barcelona<\/strong> estuvieron presentes Javier Valencia, Capit\u00e1n Mar\u00edtimo, Eulalia Pujol Valls, Jefa de Salvamento Mar\u00edtimo, Jaime Zaragoza, Asesor de Seguridad de La Ruta de la Sal, Joan Tubella, Presidente del CM Port Ginesta, Rodrigo de Febrer, Capit\u00e1n de Puerto, el meteor\u00f3logo Tom\u00e1s Molina y Enrique Curt director de la regata.<\/p>\n<p>En la reuni\u00f3n de la <strong>Versi\u00f3n D\u00e9nia<\/strong> estuvo presidida por Jaime Portoles, Presidente del RC N\u00e1utico D\u00e9nia.<\/p>\n<p>Y la <strong>Versi\u00f3n Mallorca<\/strong> estuvo muy concurrida con la presencia de Gabriel Dols Presidente de ADN.<\/p>\n<p>A continuaci\u00f3n se celebr\u00f3 en los tres puertos de salida la <strong>Cena de Bienvenida a las Tripulaciones.<\/strong><\/p>\n<p>&nbsp;<\/p>\n<p><a title=\"31 La Ruta de La Sal 2018\" href=\"#\" rel=\"\"><img loading=\"lazy\" decoding=\"async\" class=\"alignleft\" style=\"float: left;\" title=\"31 La Ruta de La Sal 2018\" src=\"http:\/\/farm1.staticflickr.com\/784\/26229344467_818c753c8a_n.jpg\" alt=\"31 La Ruta de La Sal 2018\" width=\"320\" height=\"214\" \/><\/a><a title=\"31 La Ruta de La Sal 2018\" href=\"#\" rel=\"\"><img loading=\"lazy\" decoding=\"async\" class=\"alignleft\" style=\"float: left;\" title=\"31 La Ruta de La Sal 2018\" src=\"http:\/\/farm1.staticflickr.com\/880\/26229593777_31a6d537a7_n.jpg\" alt=\"31 La Ruta de La Sal 2018\" width=\"320\" height=\"214\" \/><\/a><a title=\"31 La Ruta de La Sal 2018\" href=\"#\" rel=\"\"><img loading=\"lazy\" decoding=\"async\" title=\"31 La Ruta de La Sal 2018\" src=\"http:\/\/farm1.staticflickr.com\/871\/26229344287_739500d4fd_n.jpg\" alt=\"31 La Ruta de La Sal 2018\" width=\"320\" height=\"214\" \/><\/a><a title=\"31 La Ruta de La Sal 2018\" href=\"#\" rel=\"\"><img loading=\"lazy\" decoding=\"async\" class=\"alignleft\" style=\"float: left;\" title=\"31 La Ruta de La Sal 2018\" src=\"http:\/\/farm1.staticflickr.com\/809\/40206093595_d71bb4f6a6_n.jpg\" alt=\"31 La Ruta de La Sal 2018\" width=\"320\" height=\"214\" \/><\/a><\/p>\n<p>&nbsp;<\/p>\n<div style=\"clear: both;\"><\/div>\n<p style=\"text-align: center;\"><strong>Village en Port Ginesta<\/strong><\/p>\n<p style=\"text-align: center;\"><a title=\"31 La Ruta de La Sal 2018\" href=\"#\" rel=\"\"><img loading=\"lazy\" decoding=\"async\" class=\"aligncenter\" title=\"31 La Ruta de La Sal 2018\" src=\"http:\/\/farm1.staticflickr.com\/866\/39291726040_684e23615c_z.jpg\" alt=\"31 La Ruta de La Sal 2018\" width=\"640\" height=\"428\" \/><\/a><a title=\"31 La Ruta de La Sal 2018\" href=\"#\" rel=\"\"><img loading=\"lazy\" decoding=\"async\" class=\"alignleft\" style=\"float: left;\" title=\"31 La Ruta de La Sal 2018\" src=\"http:\/\/farm1.staticflickr.com\/888\/39291726390_ec7e5016a0_n.jpg\" alt=\"31 La Ruta de La Sal 2018\" width=\"320\" height=\"214\" \/><\/a><a title=\"31 La Ruta de La Sal 2018\" href=\"#\" rel=\"\"><img loading=\"lazy\" decoding=\"async\" class=\"alignleft\" style=\"float: left;\" title=\"31 La Ruta de La Sal 2018\" src=\"http:\/\/farm1.staticflickr.com\/891\/39291727300_49d4ec592a_n.jpg\" alt=\"31 La Ruta de La Sal 2018\" width=\"320\" height=\"214\" \/><\/a><a title=\"31 La Ruta de La Sal 2018\" href=\"#\" rel=\"\"><img loading=\"lazy\" decoding=\"async\" class=\"alignleft\" style=\"float: left;\" title=\"31 La Ruta de La Sal 2018\" src=\"http:\/\/farm1.staticflickr.com\/803\/39291727470_8167965e45_n.jpg\" alt=\"31 La Ruta de La Sal 2018\" width=\"320\" height=\"214\" \/><\/a><strong><a title=\"31 La Ruta de La Sal 2018\" href=\"#\" rel=\"\"><img loading=\"lazy\" decoding=\"async\" class=\"alignleft\" style=\"float: left;\" title=\"31 La Ruta de La Sal 2018\" src=\"http:\/\/farm1.staticflickr.com\/877\/39291726780_91031152b6_n.jpg\" alt=\"31 La Ruta de La Sal 2018\" width=\"320\" height=\"214\" \/><\/a><br \/>\n<a title=\"31 La Ruta de La Sal 2018\" href=\"#\" rel=\"\"><img loading=\"lazy\" decoding=\"async\" class=\"alignleft\" style=\"float: left;\" title=\"31 La Ruta de La Sal 2018\" src=\"http:\/\/farm1.staticflickr.com\/803\/39393128090_b4f2f835cf_n.jpg\" alt=\"31 La Ruta de La Sal 2018\" width=\"320\" height=\"214\" \/><\/a><a title=\"31 La Ruta de La Sal 2018\" href=\"#\" rel=\"\"><img loading=\"lazy\" decoding=\"async\" class=\"alignleft\" style=\"float: left;\" title=\"31 La Ruta de La Sal 2018\" src=\"http:\/\/farm1.staticflickr.com\/791\/39393127470_cb29669ae9_n.jpg\" alt=\"31 La Ruta de La Sal 2018\" width=\"320\" height=\"214\" \/><\/a><a title=\"31 La Ruta de La Sal 2018\" href=\"#\" rel=\"\"><img loading=\"lazy\" decoding=\"async\" class=\"alignleft\" style=\"float: left;\" title=\"31 La Ruta de La Sal 2018\" src=\"http:\/\/farm1.staticflickr.com\/879\/39393126730_70e867c26d_n.jpg\" alt=\"31 La Ruta de La Sal 2018\" width=\"320\" height=\"214\" \/><\/a><a title=\"31 La Ruta de La Sal 2018\" href=\"#\" rel=\"\"><img loading=\"lazy\" decoding=\"async\" class=\"alignleft\" style=\"float: left;\" title=\"31 La Ruta de La Sal 2018\" src=\"http:\/\/farm1.staticflickr.com\/879\/39393127100_fc6937f8f8_n.jpg\" alt=\"31 La Ruta de La Sal 2018\" width=\"320\" height=\"214\" \/><\/a><a title=\"31 La Ruta de La Sal 2018\" href=\"#\" rel=\"\"><img loading=\"lazy\" decoding=\"async\" class=\"alignleft\" style=\"float: left;\" title=\"31 La Ruta de La Sal 2018\" src=\"http:\/\/farm1.staticflickr.com\/869\/40307389275_ea4e721bd5_n.jpg\" alt=\"31 La Ruta de La Sal 2018\" width=\"320\" height=\"214\" \/><\/a><a title=\"31 La Ruta de La Sal 2018\" href=\"#\" rel=\"\"><img loading=\"lazy\" decoding=\"async\" class=\"alignleft\" style=\"float: left;\" title=\"31 La Ruta de La Sal 2018\" src=\"http:\/\/farm1.staticflickr.com\/873\/39393127700_5c31ba9f27_n.jpg\" alt=\"31 La Ruta de La Sal 2018\" width=\"320\" height=\"214\" \/><\/a><a title=\"31 La Ruta de La Sal 2018\" href=\"#\" rel=\"\"><img loading=\"lazy\" decoding=\"async\" class=\"alignleft\" style=\"float: left;\" title=\"31 La Ruta de La Sal 2018\" src=\"http:\/\/farm1.staticflickr.com\/816\/39393127860_e6200d2d14_n.jpg\" alt=\"31 La Ruta de La Sal 2018\" width=\"320\" height=\"214\" \/><\/a><a title=\"31 La Ruta de La Sal 2018\" href=\"#\" rel=\"\"><img loading=\"lazy\" decoding=\"async\" class=\"alignleft\" style=\"float: left;\" title=\"31 La Ruta de La Sal 2018\" src=\"http:\/\/farm1.staticflickr.com\/892\/39393127290_e9b8729877_n.jpg\" alt=\"31 La Ruta de La Sal 2018\" width=\"320\" height=\"214\" \/><\/a><\/p>\n<p><\/strong><\/p>\n<p style=\"text-align: center;\"><strong>Copa y fiesta de Bienvenida en las terrazas de R\u00edo Ibiza, punto de encuentro de los Navegantes<\/strong><\/p>\n<p><a title=\"WhatsApp Image 2018-03-31 at 00.40.56\" href=\"#\" rel=\"\"><img loading=\"lazy\" decoding=\"async\" class=\"alignleft\" style=\"float: left;\" title=\"WhatsApp Image 2018-03-31 at 00.40.56\" src=\"http:\/\/farm1.staticflickr.com\/786\/40229098525_2f483a4836_n.jpg\" alt=\"WhatsApp Image 2018-03-31 at 00.40.56\" width=\"320\" height=\"214\" \/><\/a><a title=\"WhatsApp Image 2018-03-31 at 00.40.56 (1)\" href=\"#\" rel=\"\"><img loading=\"lazy\" decoding=\"async\" class=\"alignleft\" style=\"float: left;\" title=\"WhatsApp Image 2018-03-31 at 00.40.56 (1)\" src=\"http:\/\/farm1.staticflickr.com\/884\/27250949708_4fed5ac6cc_n.jpg\" alt=\"WhatsApp Image 2018-03-31 at 00.40.56 (1)\" width=\"320\" height=\"214\" \/><\/a><a title=\"WhatsApp Image 2018-03-31 at 00.40.56 (2)\" href=\"#\" rel=\"\"><img loading=\"lazy\" decoding=\"async\" class=\"alignleft\" style=\"float: left;\" title=\"WhatsApp Image 2018-03-31 at 00.40.56 (2)\" src=\"http:\/\/farm1.staticflickr.com\/801\/40229098635_4d66fffb27_n.jpg\" alt=\"WhatsApp Image 2018-03-31 at 00.40.56 (2)\" width=\"320\" height=\"129\" \/><\/a><a title=\"WhatsApp Image 2018-03-31 at 00.40.08\" href=\"#\" rel=\"\"><img loading=\"lazy\" decoding=\"async\" class=\"alignleft\" style=\"float: left;\" title=\"\" src=\"http:\/\/farm1.staticflickr.com\/872\/40229098415_cdd9fe6289_n.jpg\" alt=\"\" width=\"320\" height=\"162\" \/><\/a><\/p>\n","protected":false},"excerpt":{"rendered":"<p>La meteorolog\u00eda, con vientos dominantes de Poniente, de intensidades altas, pronostican una regata r\u00e1pida, muy t\u00e1ctica, de gran valor deportivo Hoy 29 de Marzo Jueves Santo, ha comenzado la 31 edici\u00f3n, de la Regata de Altura de la Ruta de la Sal &#8211; con salidas desde Port Ginesta para la Versi\u00f3n Barcelona de la regata, [&hellip;]<\/p>\n","protected":false},"author":1,"featured_media":3598,"comment_status":"open","ping_status":"open","sticky":false,"template":"","format":"standard","meta":{"_acf_changed":false,"footnotes":""},"categories":[3],"tags":[],"acf":[],"yoast_head":"<!-- This site is optimized with the Yoast SEO plugin v23.0 - https:\/\/yoast.com\/wordpress\/plugins\/seo\/ -->\n<title>LAS FLOTAS DE LA 31 REGATA DE ALTURA RUTA DE LA SAL YA NAVEGAN RUMBO A IBIZA | Regata La Ruta de la Sal<\/title>\n<meta name=\"robots\" content=\"noindex, follow, max-snippet:-1, max-image-preview:large, max-video-preview:-1\" \/>\n<meta property=\"og:locale\" content=\"es_ES\" \/>\n<meta property=\"og:type\" content=\"article\" \/>\n<meta property=\"og:title\" content=\"LAS FLOTAS DE LA 31 REGATA DE ALTURA RUTA DE LA SAL YA NAVEGAN RUMBO A IBIZA | Regata La Ruta de la Sal\" \/>\n<meta property=\"og:description\" content=\"La meteorolog\u00eda, con vientos dominantes de Poniente, de intensidades altas, pronostican una regata r\u00e1pida, muy t\u00e1ctica, de gran valor deportivo Hoy 29 de Marzo Jueves Santo, ha comenzado la 31 edici\u00f3n, de la Regata de Altura de la Ruta de la Sal &#8211; con salidas desde Port Ginesta para la Versi\u00f3n Barcelona de la regata, [&hellip;]\" \/>\n<meta property=\"og:url\" content=\"https:\/\/labs.100x100.net\/projects\/rutasal\/las-flotas-de-la-31-regata-de-altura-de-la-ruta-de-la-sal-ya-navegan-rumbo-a-ibiza\/\" \/>\n<meta property=\"og:site_name\" content=\"Regata La Ruta de la Sal\" \/>\n<meta property=\"article:publisher\" content=\"https:\/\/www.facebook.com\/rutadelasal\/\" \/>\n<meta property=\"article:published_time\" content=\"2018-03-29T10:45:48+00:00\" \/>\n<meta property=\"article:modified_time\" content=\"2019-03-07T09:22:42+00:00\" \/>\n<meta property=\"og:image\" content=\"https:\/\/labs.100x100.net\/projects\/rutasal\/custom\/uploads\/2018\/03\/40202601145_0ebe4626a3.jpg\" \/>\n\t<meta property=\"og:image:width\" content=\"500\" \/>\n\t<meta property=\"og:image:height\" content=\"282\" \/>\n\t<meta property=\"og:image:type\" content=\"image\/jpeg\" \/>\n<meta name=\"author\" content=\"La Ruta de la Sal\" \/>\n<meta name=\"twitter:card\" content=\"summary_large_image\" \/>\n<meta name=\"twitter:creator\" content=\"@AnamMedi\" \/>\n<meta name=\"twitter:site\" content=\"@AnamMedi\" \/>\n<meta name=\"twitter:label1\" content=\"Escrito por\" \/>\n\t<meta name=\"twitter:data1\" content=\"La Ruta de la Sal\" \/>\n\t<meta name=\"twitter:label2\" content=\"Tiempo de lectura\" \/>\n\t<meta name=\"twitter:data2\" content=\"6 minutos\" \/>\n<script type=\"application\/ld+json\" class=\"yoast-schema-graph\">{\"@context\":\"https:\/\/schema.org\",\"@graph\":[{\"@type\":\"WebPage\",\"@id\":\"https:\/\/labs.100x100.net\/projects\/rutasal\/las-flotas-de-la-31-regata-de-altura-de-la-ruta-de-la-sal-ya-navegan-rumbo-a-ibiza\/\",\"url\":\"https:\/\/labs.100x100.net\/projects\/rutasal\/las-flotas-de-la-31-regata-de-altura-de-la-ruta-de-la-sal-ya-navegan-rumbo-a-ibiza\/\",\"name\":\"LAS FLOTAS DE LA 31 REGATA DE ALTURA RUTA DE LA SAL YA NAVEGAN RUMBO A IBIZA | Regata La Ruta de la Sal\",\"isPartOf\":{\"@id\":\"https:\/\/labs.100x100.net\/projects\/rutasal\/#website\"},\"primaryImageOfPage\":{\"@id\":\"https:\/\/labs.100x100.net\/projects\/rutasal\/las-flotas-de-la-31-regata-de-altura-de-la-ruta-de-la-sal-ya-navegan-rumbo-a-ibiza\/#primaryimage\"},\"image\":{\"@id\":\"https:\/\/labs.100x100.net\/projects\/rutasal\/las-flotas-de-la-31-regata-de-altura-de-la-ruta-de-la-sal-ya-navegan-rumbo-a-ibiza\/#primaryimage\"},\"thumbnailUrl\":\"https:\/\/labs.100x100.net\/projects\/rutasal\/custom\/uploads\/2018\/03\/40202601145_0ebe4626a3.jpg\",\"datePublished\":\"2018-03-29T10:45:48+00:00\",\"dateModified\":\"2019-03-07T09:22:42+00:00\",\"author\":{\"@id\":\"https:\/\/labs.100x100.net\/projects\/rutasal\/#\/schema\/person\/214eeb4a2e78fd8373a0a94f6d93c9ca\"},\"breadcrumb\":{\"@id\":\"https:\/\/labs.100x100.net\/projects\/rutasal\/las-flotas-de-la-31-regata-de-altura-de-la-ruta-de-la-sal-ya-navegan-rumbo-a-ibiza\/#breadcrumb\"},\"inLanguage\":\"es\",\"potentialAction\":[{\"@type\":\"ReadAction\",\"target\":[\"https:\/\/labs.100x100.net\/projects\/rutasal\/las-flotas-de-la-31-regata-de-altura-de-la-ruta-de-la-sal-ya-navegan-rumbo-a-ibiza\/\"]}]},{\"@type\":\"ImageObject\",\"inLanguage\":\"es\",\"@id\":\"https:\/\/labs.100x100.net\/projects\/rutasal\/las-flotas-de-la-31-regata-de-altura-de-la-ruta-de-la-sal-ya-navegan-rumbo-a-ibiza\/#primaryimage\",\"url\":\"https:\/\/labs.100x100.net\/projects\/rutasal\/custom\/uploads\/2018\/03\/40202601145_0ebe4626a3.jpg\",\"contentUrl\":\"https:\/\/labs.100x100.net\/projects\/rutasal\/custom\/uploads\/2018\/03\/40202601145_0ebe4626a3.jpg\",\"width\":500,\"height\":282},{\"@type\":\"BreadcrumbList\",\"@id\":\"https:\/\/labs.100x100.net\/projects\/rutasal\/las-flotas-de-la-31-regata-de-altura-de-la-ruta-de-la-sal-ya-navegan-rumbo-a-ibiza\/#breadcrumb\",\"itemListElement\":[{\"@type\":\"ListItem\",\"position\":1,\"name\":\"Portada\",\"item\":\"https:\/\/labs.100x100.net\/projects\/rutasal\/\"},{\"@type\":\"ListItem\",\"position\":2,\"name\":\"LAS FLOTAS DE LA 31 REGATA DE ALTURA RUTA DE LA SAL YA NAVEGAN RUMBO A IBIZA\"}]},{\"@type\":\"WebSite\",\"@id\":\"https:\/\/labs.100x100.net\/projects\/rutasal\/#website\",\"url\":\"https:\/\/labs.100x100.net\/projects\/rutasal\/\",\"name\":\"Regata La Ruta de la Sal\",\"description\":\"Regata La Ruta de la Sal es una regata de Altura Mediterr\u00e1nea para barcos de crucero a vela con destino en Ibiza, que se disputa anualmente en Semana Santa.\",\"potentialAction\":[{\"@type\":\"SearchAction\",\"target\":{\"@type\":\"EntryPoint\",\"urlTemplate\":\"https:\/\/labs.100x100.net\/projects\/rutasal\/?s={search_term_string}\"},\"query-input\":\"required name=search_term_string\"}],\"inLanguage\":\"es\"},{\"@type\":\"Person\",\"@id\":\"https:\/\/labs.100x100.net\/projects\/rutasal\/#\/schema\/person\/214eeb4a2e78fd8373a0a94f6d93c9ca\",\"name\":\"La Ruta de la Sal\",\"image\":{\"@type\":\"ImageObject\",\"inLanguage\":\"es\",\"@id\":\"https:\/\/labs.100x100.net\/projects\/rutasal\/#\/schema\/person\/image\/\",\"url\":\"https:\/\/secure.gravatar.com\/avatar\/b247286d4b801d6b1cfcfb3807587284?s=96&d=mm&r=g\",\"contentUrl\":\"https:\/\/secure.gravatar.com\/avatar\/b247286d4b801d6b1cfcfb3807587284?s=96&d=mm&r=g\",\"caption\":\"La Ruta de la Sal\"}}]}<\/script>\n<!-- \/ Yoast SEO plugin. -->","yoast_head_json":{"title":"LAS FLOTAS DE LA 31 REGATA DE ALTURA RUTA DE LA SAL YA NAVEGAN RUMBO A IBIZA | Regata La Ruta de la Sal","robots":{"index":"noindex","follow":"follow","max-snippet":"max-snippet:-1","max-image-preview":"max-image-preview:large","max-video-preview":"max-video-preview:-1"},"og_locale":"es_ES","og_type":"article","og_title":"LAS FLOTAS DE LA 31 REGATA DE ALTURA RUTA DE LA SAL YA NAVEGAN RUMBO A IBIZA | Regata La Ruta de la Sal","og_description":"La meteorolog\u00eda, con vientos dominantes de Poniente, de intensidades altas, pronostican una regata r\u00e1pida, muy t\u00e1ctica, de gran valor deportivo Hoy 29 de Marzo Jueves Santo, ha comenzado la 31 edici\u00f3n, de la Regata de Altura de la Ruta de la Sal &#8211; con salidas desde Port Ginesta para la Versi\u00f3n Barcelona de la regata, [&hellip;]","og_url":"https:\/\/labs.100x100.net\/projects\/rutasal\/las-flotas-de-la-31-regata-de-altura-de-la-ruta-de-la-sal-ya-navegan-rumbo-a-ibiza\/","og_site_name":"Regata La Ruta de la Sal","article_publisher":"https:\/\/www.facebook.com\/rutadelasal\/","article_published_time":"2018-03-29T10:45:48+00:00","article_modified_time":"2019-03-07T09:22:42+00:00","og_image":[{"width":500,"height":282,"url":"https:\/\/labs.100x100.net\/projects\/rutasal\/custom\/uploads\/2018\/03\/40202601145_0ebe4626a3.jpg","type":"image\/jpeg"}],"author":"La Ruta de la Sal","twitter_card":"summary_large_image","twitter_creator":"@AnamMedi","twitter_site":"@AnamMedi","twitter_misc":{"Escrito por":"La Ruta de la Sal","Tiempo de lectura":"6 minutos"},"schema":{"@context":"https:\/\/schema.org","@graph":[{"@type":"WebPage","@id":"https:\/\/labs.100x100.net\/projects\/rutasal\/las-flotas-de-la-31-regata-de-altura-de-la-ruta-de-la-sal-ya-navegan-rumbo-a-ibiza\/","url":"https:\/\/labs.100x100.net\/projects\/rutasal\/las-flotas-de-la-31-regata-de-altura-de-la-ruta-de-la-sal-ya-navegan-rumbo-a-ibiza\/","name":"LAS FLOTAS DE LA 31 REGATA DE ALTURA RUTA DE LA SAL YA NAVEGAN RUMBO A IBIZA | Regata La Ruta de la Sal","isPartOf":{"@id":"https:\/\/labs.100x100.net\/projects\/rutasal\/#website"},"primaryImageOfPage":{"@id":"https:\/\/labs.100x100.net\/projects\/rutasal\/las-flotas-de-la-31-regata-de-altura-de-la-ruta-de-la-sal-ya-navegan-rumbo-a-ibiza\/#primaryimage"},"image":{"@id":"https:\/\/labs.100x100.net\/projects\/rutasal\/las-flotas-de-la-31-regata-de-altura-de-la-ruta-de-la-sal-ya-navegan-rumbo-a-ibiza\/#primaryimage"},"thumbnailUrl":"https:\/\/labs.100x100.net\/projects\/rutasal\/custom\/uploads\/2018\/03\/40202601145_0ebe4626a3.jpg","datePublished":"2018-03-29T10:45:48+00:00","dateModified":"2019-03-07T09:22:42+00:00","author":{"@id":"https:\/\/labs.100x100.net\/projects\/rutasal\/#\/schema\/person\/214eeb4a2e78fd8373a0a94f6d93c9ca"},"breadcrumb":{"@id":"https:\/\/labs.100x100.net\/projects\/rutasal\/las-flotas-de-la-31-regata-de-altura-de-la-ruta-de-la-sal-ya-navegan-rumbo-a-ibiza\/#breadcrumb"},"inLanguage":"es","potentialAction":[{"@type":"ReadAction","target":["https:\/\/labs.100x100.net\/projects\/rutasal\/las-flotas-de-la-31-regata-de-altura-de-la-ruta-de-la-sal-ya-navegan-rumbo-a-ibiza\/"]}]},{"@type":"ImageObject","inLanguage":"es","@id":"https:\/\/labs.100x100.net\/projects\/rutasal\/las-flotas-de-la-31-regata-de-altura-de-la-ruta-de-la-sal-ya-navegan-rumbo-a-ibiza\/#primaryimage","url":"https:\/\/labs.100x100.net\/projects\/rutasal\/custom\/uploads\/2018\/03\/40202601145_0ebe4626a3.jpg","contentUrl":"https:\/\/labs.100x100.net\/projects\/rutasal\/custom\/uploads\/2018\/03\/40202601145_0ebe4626a3.jpg","width":500,"height":282},{"@type":"BreadcrumbList","@id":"https:\/\/labs.100x100.net\/projects\/rutasal\/las-flotas-de-la-31-regata-de-altura-de-la-ruta-de-la-sal-ya-navegan-rumbo-a-ibiza\/#breadcrumb","itemListElement":[{"@type":"ListItem","position":1,"name":"Portada","item":"https:\/\/labs.100x100.net\/projects\/rutasal\/"},{"@type":"ListItem","position":2,"name":"LAS FLOTAS DE LA 31 REGATA DE ALTURA RUTA DE LA SAL YA NAVEGAN RUMBO A IBIZA"}]},{"@type":"WebSite","@id":"https:\/\/labs.100x100.net\/projects\/rutasal\/#website","url":"https:\/\/labs.100x100.net\/projects\/rutasal\/","name":"Regata La Ruta de la Sal","description":"Regata La Ruta de la Sal es una regata de Altura Mediterr\u00e1nea para barcos de crucero a vela con destino en Ibiza, que se disputa anualmente en Semana Santa.","potentialAction":[{"@type":"SearchAction","target":{"@type":"EntryPoint","urlTemplate":"https:\/\/labs.100x100.net\/projects\/rutasal\/?s={search_term_string}"},"query-input":"required name=search_term_string"}],"inLanguage":"es"},{"@type":"Person","@id":"https:\/\/labs.100x100.net\/projects\/rutasal\/#\/schema\/person\/214eeb4a2e78fd8373a0a94f6d93c9ca","name":"La Ruta de la Sal","image":{"@type":"ImageObject","inLanguage":"es","@id":"https:\/\/labs.100x100.net\/projects\/rutasal\/#\/schema\/person\/image\/","url":"https:\/\/secure.gravatar.com\/avatar\/b247286d4b801d6b1cfcfb3807587284?s=96&d=mm&r=g","contentUrl":"https:\/\/secure.gravatar.com\/avatar\/b247286d4b801d6b1cfcfb3807587284?s=96&d=mm&r=g","caption":"La Ruta de la Sal"}}]}},"_links":{"self":[{"href":"https:\/\/labs.100x100.net\/projects\/rutasal\/wp-json\/wp\/v2\/posts\/2900"}],"collection":[{"href":"https:\/\/labs.100x100.net\/projects\/rutasal\/wp-json\/wp\/v2\/posts"}],"about":[{"href":"https:\/\/labs.100x100.net\/projects\/rutasal\/wp-json\/wp\/v2\/types\/post"}],"author":[{"embeddable":true,"href":"https:\/\/labs.100x100.net\/projects\/rutasal\/wp-json\/wp\/v2\/users\/1"}],"replies":[{"embeddable":true,"href":"https:\/\/labs.100x100.net\/projects\/rutasal\/wp-json\/wp\/v2\/comments?post=2900"}],"version-history":[{"count":3,"href":"https:\/\/labs.100x100.net\/projects\/rutasal\/wp-json\/wp\/v2\/posts\/2900\/revisions"}],"predecessor-version":[{"id":3600,"href":"https:\/\/labs.100x100.net\/projects\/rutasal\/wp-json\/wp\/v2\/posts\/2900\/revisions\/3600"}],"wp:featuredmedia":[{"embeddable":true,"href":"https:\/\/labs.100x100.net\/projects\/rutasal\/wp-json\/wp\/v2\/media\/3598"}],"wp:attachment":[{"href":"https:\/\/labs.100x100.net\/projects\/rutasal\/wp-json\/wp\/v2\/media?parent=2900"}],"wp:term":[{"taxonomy":"category","embeddable":true,"href":"https:\/\/labs.100x100.net\/projects\/rutasal\/wp-json\/wp\/v2\/categories?post=2900"},{"taxonomy":"post_tag","embeddable":true,"href":"https:\/\/labs.100x100.net\/projects\/rutasal\/wp-json\/wp\/v2\/tags?post=2900"}],"curies":[{"name":"wp","href":"https:\/\/api.w.org\/{rel}","templated":true}]}}