{"id":2893,"date":"2018-03-29T10:11:58","date_gmt":"2018-03-29T08:11:58","guid":{"rendered":"https:\/\/larutadelasal.com\/?p=2893"},"modified":"2019-03-07T11:24:30","modified_gmt":"2019-03-07T09:24:30","slug":"minuto-de-silencio-en-honor-a-john-fisher","status":"publish","type":"post","link":"https:\/\/labs.100x100.net\/projects\/rutasal\/minuto-de-silencio-en-honor-a-john-fisher\/","title":{"rendered":"MINUTO DE SILENCIO EN HONOR A JOHN FISHER"},"content":{"rendered":"<p><img loading=\"lazy\" decoding=\"async\" src=\"https:\/\/larutadelasal.com\/custom\/uploads\/2018\/03\/Minuto2-500x264.jpg\" alt=\"Minuto2\" width=\"500\" height=\"264\" class=\"alignleft size-medium wp-image-2894\" \/> En la Reuni\u00f3n de Capitanes previa la salida de la 31 edici\u00f3n de la Ruta de la Sal se rindi\u00f3 un minuto de silencio en honor al navegante brit\u00e1nico John Fisher, que cay\u00f3 al agua en la etapa entre Auckland (Nueva Zelanda)  e Itajai (Brasil) de la regata oce\u00e1nica Volvo Ocean Race.<br \/>\nLos navegantes de La Ruta de la Sal realizaron un emotivo homenaje al  navegante que estaba enrolado en el equipo hongkon\u00e9s \u201cTeam Sun Hung Kai\/Scallywag\u201d y que el pasado lunes cay\u00f3 en el oc\u00e9ano Pac\u00edfico, a unas 1.400  millas n\u00e1uticas al oeste del Cabo Horno.<br \/>\nSeg\u00fan fuentes de la tripulaci\u00f3n del barco de Hong Kong, la ca\u00edda del navegante se debi\u00f3 tras ser golpeado en la cabeza por la botavara.<\/p>\n","protected":false},"excerpt":{"rendered":"<p>En la Reuni\u00f3n de Capitanes previa la salida de la 31 edici\u00f3n de la Ruta de la Sal se rindi\u00f3 un minuto de silencio en honor al navegante brit\u00e1nico John Fisher, que cay\u00f3 al agua en la etapa entre Auckland (Nueva Zelanda) e Itajai (Brasil) de la regata oce\u00e1nica Volvo Ocean Race. Los navegantes de [&hellip;]<\/p>\n","protected":false},"author":1,"featured_media":3601,"comment_status":"open","ping_status":"open","sticky":false,"template":"","format":"standard","meta":{"_acf_changed":false,"footnotes":""},"categories":[3],"tags":[],"acf":[],"yoast_head":"<!-- This site is optimized with the Yoast SEO plugin v23.0 - https:\/\/yoast.com\/wordpress\/plugins\/seo\/ -->\n<title>MINUTO DE SILENCIO EN HONOR A JOHN FISHER | Regata La Ruta de la Sal<\/title>\n<meta name=\"robots\" content=\"noindex, follow, max-snippet:-1, max-image-preview:large, max-video-preview:-1\" \/>\n<meta property=\"og:locale\" content=\"es_ES\" \/>\n<meta property=\"og:type\" content=\"article\" \/>\n<meta property=\"og:title\" content=\"MINUTO DE SILENCIO EN HONOR A JOHN FISHER | Regata La Ruta de la Sal\" \/>\n<meta property=\"og:description\" content=\"En la Reuni\u00f3n de Capitanes previa la salida de la 31 edici\u00f3n de la Ruta de la Sal se rindi\u00f3 un minuto de silencio en honor al navegante brit\u00e1nico John Fisher, que cay\u00f3 al agua en la etapa entre Auckland (Nueva Zelanda) e Itajai (Brasil) de la regata oce\u00e1nica Volvo Ocean Race. Los navegantes de [&hellip;]\" \/>\n<meta property=\"og:url\" content=\"https:\/\/labs.100x100.net\/projects\/rutasal\/minuto-de-silencio-en-honor-a-john-fisher\/\" \/>\n<meta property=\"og:site_name\" content=\"Regata La Ruta de la Sal\" \/>\n<meta property=\"article:publisher\" content=\"https:\/\/www.facebook.com\/rutadelasal\/\" \/>\n<meta property=\"article:published_time\" content=\"2018-03-29T08:11:58+00:00\" \/>\n<meta property=\"article:modified_time\" content=\"2019-03-07T09:24:30+00:00\" \/>\n<meta property=\"og:image\" content=\"https:\/\/labs.100x100.net\/projects\/rutasal\/custom\/uploads\/2018\/03\/Minuto2-500x264.jpg\" \/>\n\t<meta property=\"og:image:width\" content=\"500\" \/>\n\t<meta property=\"og:image:height\" content=\"264\" \/>\n\t<meta property=\"og:image:type\" content=\"image\/jpeg\" \/>\n<meta name=\"author\" content=\"La Ruta de la Sal\" \/>\n<meta name=\"twitter:card\" content=\"summary_large_image\" \/>\n<meta name=\"twitter:creator\" content=\"@AnamMedi\" \/>\n<meta name=\"twitter:site\" content=\"@AnamMedi\" \/>\n<meta name=\"twitter:label1\" content=\"Escrito por\" \/>\n\t<meta name=\"twitter:data1\" content=\"La Ruta de la Sal\" \/>\n\t<meta name=\"twitter:label2\" content=\"Tiempo de lectura\" \/>\n\t<meta name=\"twitter:data2\" content=\"1 minuto\" \/>\n<script type=\"application\/ld+json\" class=\"yoast-schema-graph\">{\"@context\":\"https:\/\/schema.org\",\"@graph\":[{\"@type\":\"WebPage\",\"@id\":\"https:\/\/labs.100x100.net\/projects\/rutasal\/minuto-de-silencio-en-honor-a-john-fisher\/\",\"url\":\"https:\/\/labs.100x100.net\/projects\/rutasal\/minuto-de-silencio-en-honor-a-john-fisher\/\",\"name\":\"MINUTO DE SILENCIO EN HONOR A JOHN FISHER | Regata La Ruta de la Sal\",\"isPartOf\":{\"@id\":\"https:\/\/labs.100x100.net\/projects\/rutasal\/#website\"},\"primaryImageOfPage\":{\"@id\":\"https:\/\/labs.100x100.net\/projects\/rutasal\/minuto-de-silencio-en-honor-a-john-fisher\/#primaryimage\"},\"image\":{\"@id\":\"https:\/\/labs.100x100.net\/projects\/rutasal\/minuto-de-silencio-en-honor-a-john-fisher\/#primaryimage\"},\"thumbnailUrl\":\"https:\/\/labs.100x100.net\/projects\/rutasal\/custom\/uploads\/2018\/03\/Minuto2-500x264.jpg\",\"datePublished\":\"2018-03-29T08:11:58+00:00\",\"dateModified\":\"2019-03-07T09:24:30+00:00\",\"author\":{\"@id\":\"https:\/\/labs.100x100.net\/projects\/rutasal\/#\/schema\/person\/214eeb4a2e78fd8373a0a94f6d93c9ca\"},\"breadcrumb\":{\"@id\":\"https:\/\/labs.100x100.net\/projects\/rutasal\/minuto-de-silencio-en-honor-a-john-fisher\/#breadcrumb\"},\"inLanguage\":\"es\",\"potentialAction\":[{\"@type\":\"ReadAction\",\"target\":[\"https:\/\/labs.100x100.net\/projects\/rutasal\/minuto-de-silencio-en-honor-a-john-fisher\/\"]}]},{\"@type\":\"ImageObject\",\"inLanguage\":\"es\",\"@id\":\"https:\/\/labs.100x100.net\/projects\/rutasal\/minuto-de-silencio-en-honor-a-john-fisher\/#primaryimage\",\"url\":\"https:\/\/labs.100x100.net\/projects\/rutasal\/custom\/uploads\/2018\/03\/Minuto2-500x264.jpg\",\"contentUrl\":\"https:\/\/labs.100x100.net\/projects\/rutasal\/custom\/uploads\/2018\/03\/Minuto2-500x264.jpg\",\"width\":500,\"height\":264},{\"@type\":\"BreadcrumbList\",\"@id\":\"https:\/\/labs.100x100.net\/projects\/rutasal\/minuto-de-silencio-en-honor-a-john-fisher\/#breadcrumb\",\"itemListElement\":[{\"@type\":\"ListItem\",\"position\":1,\"name\":\"Portada\",\"item\":\"https:\/\/labs.100x100.net\/projects\/rutasal\/\"},{\"@type\":\"ListItem\",\"position\":2,\"name\":\"MINUTO DE SILENCIO EN HONOR A JOHN FISHER\"}]},{\"@type\":\"WebSite\",\"@id\":\"https:\/\/labs.100x100.net\/projects\/rutasal\/#website\",\"url\":\"https:\/\/labs.100x100.net\/projects\/rutasal\/\",\"name\":\"Regata La Ruta de la Sal\",\"description\":\"Regata La Ruta de la Sal es una regata de Altura Mediterr\u00e1nea para barcos de crucero a vela con destino en Ibiza, que se disputa anualmente en Semana Santa.\",\"potentialAction\":[{\"@type\":\"SearchAction\",\"target\":{\"@type\":\"EntryPoint\",\"urlTemplate\":\"https:\/\/labs.100x100.net\/projects\/rutasal\/?s={search_term_string}\"},\"query-input\":\"required name=search_term_string\"}],\"inLanguage\":\"es\"},{\"@type\":\"Person\",\"@id\":\"https:\/\/labs.100x100.net\/projects\/rutasal\/#\/schema\/person\/214eeb4a2e78fd8373a0a94f6d93c9ca\",\"name\":\"La Ruta de la Sal\",\"image\":{\"@type\":\"ImageObject\",\"inLanguage\":\"es\",\"@id\":\"https:\/\/labs.100x100.net\/projects\/rutasal\/#\/schema\/person\/image\/\",\"url\":\"https:\/\/secure.gravatar.com\/avatar\/b247286d4b801d6b1cfcfb3807587284?s=96&d=mm&r=g\",\"contentUrl\":\"https:\/\/secure.gravatar.com\/avatar\/b247286d4b801d6b1cfcfb3807587284?s=96&d=mm&r=g\",\"caption\":\"La Ruta de la Sal\"}}]}<\/script>\n<!-- \/ Yoast SEO plugin. -->","yoast_head_json":{"title":"MINUTO DE SILENCIO EN HONOR A JOHN FISHER | Regata La Ruta de la Sal","robots":{"index":"noindex","follow":"follow","max-snippet":"max-snippet:-1","max-image-preview":"max-image-preview:large","max-video-preview":"max-video-preview:-1"},"og_locale":"es_ES","og_type":"article","og_title":"MINUTO DE SILENCIO EN HONOR A JOHN FISHER | Regata La Ruta de la Sal","og_description":"En la Reuni\u00f3n de Capitanes previa la salida de la 31 edici\u00f3n de la Ruta de la Sal se rindi\u00f3 un minuto de silencio en honor al navegante brit\u00e1nico John Fisher, que cay\u00f3 al agua en la etapa entre Auckland (Nueva Zelanda) e Itajai (Brasil) de la regata oce\u00e1nica Volvo Ocean Race. Los navegantes de [&hellip;]","og_url":"https:\/\/labs.100x100.net\/projects\/rutasal\/minuto-de-silencio-en-honor-a-john-fisher\/","og_site_name":"Regata La Ruta de la Sal","article_publisher":"https:\/\/www.facebook.com\/rutadelasal\/","article_published_time":"2018-03-29T08:11:58+00:00","article_modified_time":"2019-03-07T09:24:30+00:00","og_image":[{"width":500,"height":264,"url":"https:\/\/labs.100x100.net\/projects\/rutasal\/custom\/uploads\/2018\/03\/Minuto2-500x264.jpg","type":"image\/jpeg"}],"author":"La Ruta de la Sal","twitter_card":"summary_large_image","twitter_creator":"@AnamMedi","twitter_site":"@AnamMedi","twitter_misc":{"Escrito por":"La Ruta de la Sal","Tiempo de lectura":"1 minuto"},"schema":{"@context":"https:\/\/schema.org","@graph":[{"@type":"WebPage","@id":"https:\/\/labs.100x100.net\/projects\/rutasal\/minuto-de-silencio-en-honor-a-john-fisher\/","url":"https:\/\/labs.100x100.net\/projects\/rutasal\/minuto-de-silencio-en-honor-a-john-fisher\/","name":"MINUTO DE SILENCIO EN HONOR A JOHN FISHER | Regata La Ruta de la Sal","isPartOf":{"@id":"https:\/\/labs.100x100.net\/projects\/rutasal\/#website"},"primaryImageOfPage":{"@id":"https:\/\/labs.100x100.net\/projects\/rutasal\/minuto-de-silencio-en-honor-a-john-fisher\/#primaryimage"},"image":{"@id":"https:\/\/labs.100x100.net\/projects\/rutasal\/minuto-de-silencio-en-honor-a-john-fisher\/#primaryimage"},"thumbnailUrl":"https:\/\/labs.100x100.net\/projects\/rutasal\/custom\/uploads\/2018\/03\/Minuto2-500x264.jpg","datePublished":"2018-03-29T08:11:58+00:00","dateModified":"2019-03-07T09:24:30+00:00","author":{"@id":"https:\/\/labs.100x100.net\/projects\/rutasal\/#\/schema\/person\/214eeb4a2e78fd8373a0a94f6d93c9ca"},"breadcrumb":{"@id":"https:\/\/labs.100x100.net\/projects\/rutasal\/minuto-de-silencio-en-honor-a-john-fisher\/#breadcrumb"},"inLanguage":"es","potentialAction":[{"@type":"ReadAction","target":["https:\/\/labs.100x100.net\/projects\/rutasal\/minuto-de-silencio-en-honor-a-john-fisher\/"]}]},{"@type":"ImageObject","inLanguage":"es","@id":"https:\/\/labs.100x100.net\/projects\/rutasal\/minuto-de-silencio-en-honor-a-john-fisher\/#primaryimage","url":"https:\/\/labs.100x100.net\/projects\/rutasal\/custom\/uploads\/2018\/03\/Minuto2-500x264.jpg","contentUrl":"https:\/\/labs.100x100.net\/projects\/rutasal\/custom\/uploads\/2018\/03\/Minuto2-500x264.jpg","width":500,"height":264},{"@type":"BreadcrumbList","@id":"https:\/\/labs.100x100.net\/projects\/rutasal\/minuto-de-silencio-en-honor-a-john-fisher\/#breadcrumb","itemListElement":[{"@type":"ListItem","position":1,"name":"Portada","item":"https:\/\/labs.100x100.net\/projects\/rutasal\/"},{"@type":"ListItem","position":2,"name":"MINUTO DE SILENCIO EN HONOR A JOHN FISHER"}]},{"@type":"WebSite","@id":"https:\/\/labs.100x100.net\/projects\/rutasal\/#website","url":"https:\/\/labs.100x100.net\/projects\/rutasal\/","name":"Regata La Ruta de la Sal","description":"Regata La Ruta de la Sal es una regata de Altura Mediterr\u00e1nea para barcos de crucero a vela con destino en Ibiza, que se disputa anualmente en Semana Santa.","potentialAction":[{"@type":"SearchAction","target":{"@type":"EntryPoint","urlTemplate":"https:\/\/labs.100x100.net\/projects\/rutasal\/?s={search_term_string}"},"query-input":"required name=search_term_string"}],"inLanguage":"es"},{"@type":"Person","@id":"https:\/\/labs.100x100.net\/projects\/rutasal\/#\/schema\/person\/214eeb4a2e78fd8373a0a94f6d93c9ca","name":"La Ruta de la Sal","image":{"@type":"ImageObject","inLanguage":"es","@id":"https:\/\/labs.100x100.net\/projects\/rutasal\/#\/schema\/person\/image\/","url":"https:\/\/secure.gravatar.com\/avatar\/b247286d4b801d6b1cfcfb3807587284?s=96&d=mm&r=g","contentUrl":"https:\/\/secure.gravatar.com\/avatar\/b247286d4b801d6b1cfcfb3807587284?s=96&d=mm&r=g","caption":"La Ruta de la Sal"}}]}},"_links":{"self":[{"href":"https:\/\/labs.100x100.net\/projects\/rutasal\/wp-json\/wp\/v2\/posts\/2893"}],"collection":[{"href":"https:\/\/labs.100x100.net\/projects\/rutasal\/wp-json\/wp\/v2\/posts"}],"about":[{"href":"https:\/\/labs.100x100.net\/projects\/rutasal\/wp-json\/wp\/v2\/types\/post"}],"author":[{"embeddable":true,"href":"https:\/\/labs.100x100.net\/projects\/rutasal\/wp-json\/wp\/v2\/users\/1"}],"replies":[{"embeddable":true,"href":"https:\/\/labs.100x100.net\/projects\/rutasal\/wp-json\/wp\/v2\/comments?post=2893"}],"version-history":[{"count":1,"href":"https:\/\/labs.100x100.net\/projects\/rutasal\/wp-json\/wp\/v2\/posts\/2893\/revisions"}],"predecessor-version":[{"id":3481,"href":"https:\/\/labs.100x100.net\/projects\/rutasal\/wp-json\/wp\/v2\/posts\/2893\/revisions\/3481"}],"wp:featuredmedia":[{"embeddable":true,"href":"https:\/\/labs.100x100.net\/projects\/rutasal\/wp-json\/wp\/v2\/media\/3601"}],"wp:attachment":[{"href":"https:\/\/labs.100x100.net\/projects\/rutasal\/wp-json\/wp\/v2\/media?parent=2893"}],"wp:term":[{"taxonomy":"category","embeddable":true,"href":"https:\/\/labs.100x100.net\/projects\/rutasal\/wp-json\/wp\/v2\/categories?post=2893"},{"taxonomy":"post_tag","embeddable":true,"href":"https:\/\/labs.100x100.net\/projects\/rutasal\/wp-json\/wp\/v2\/tags?post=2893"}],"curies":[{"name":"wp","href":"https:\/\/api.w.org\/{rel}","templated":true}]}}