{"id":2865,"date":"2018-03-28T12:45:04","date_gmt":"2018-03-28T10:45:04","guid":{"rendered":"https:\/\/larutadelasal.com\/?p=2865"},"modified":"2019-03-07T11:27:14","modified_gmt":"2019-03-07T09:27:14","slug":"hanse-cup-la-ruta-de-la-sal","status":"publish","type":"post","link":"https:\/\/labs.100x100.net\/projects\/rutasal\/hanse-cup-la-ruta-de-la-sal\/","title":{"rendered":"Un a\u00f1o m\u00e1s, la Hanse Cup en La Ruta de la Sal!"},"content":{"rendered":"<p>Por segundo a\u00f1o consecutivo, en el marco de La Ruta de la Sal, se celebra la Hanse Cup. Todos los patrones de los barcos Hanse de la versi\u00f3n Barcelona aspiran a este Trofeo, una iniciativa promovida por <a title=\"Marina Estrella\" href=\"http:\/\/marinaestrella.com\/\" target=\"_blank\">Marina Estrella<\/a>, importador del prestigioso astillero alem\u00e1n.<\/p>\n<p>En esta 31\u00aa edici\u00f3n de La Ruta de la Sal participan varias unidades de Hanse 418, Hanse 455, Hanse 575 y Hanse 505, entre otros.<\/p>\n<p><img loading=\"lazy\" decoding=\"async\" class=\"aligncenter size-medium wp-image-2866\" src=\"https:\/\/larutadelasal.com\/custom\/uploads\/2018\/03\/IMG_1050-500x375.jpg\" alt=\"IMG_1050\" width=\"500\" height=\"375\" \/><\/p>\n","protected":false},"excerpt":{"rendered":"<p>Por segundo a\u00f1o consecutivo, en el marco de La Ruta de la Sal, se celebra la Hanse Cup. Todos los patrones de los barcos Hanse de la versi\u00f3n Barcelona aspiran a este Trofeo, una iniciativa promovida por Marina Estrella, importador del prestigioso astillero alem\u00e1n. En esta 31\u00aa edici\u00f3n de La Ruta de la Sal participan [&hellip;]<\/p>\n","protected":false},"author":1,"featured_media":3603,"comment_status":"open","ping_status":"open","sticky":false,"template":"","format":"standard","meta":{"_acf_changed":false,"footnotes":""},"categories":[3],"tags":[5,6],"acf":[],"yoast_head":"<!-- This site is optimized with the Yoast SEO plugin v23.0 - https:\/\/yoast.com\/wordpress\/plugins\/seo\/ -->\n<title>Un a\u00f1o m\u00e1s, la Hanse Cup en La Ruta de la Sal! | Regata La Ruta de la Sal<\/title>\n<meta name=\"description\" content=\"En el marco de La Ruta de la Sal, se celebra la Hanse Cup. Todos los patrones de los barcos Hanse de la versi\u00f3n Barcelona aspiran a este Trofeo, una iniciativa promovida por Marina Estrella,\" \/>\n<meta name=\"robots\" content=\"noindex, follow, max-snippet:-1, max-image-preview:large, max-video-preview:-1\" \/>\n<meta property=\"og:locale\" content=\"es_ES\" \/>\n<meta property=\"og:type\" content=\"article\" \/>\n<meta property=\"og:title\" content=\"Un a\u00f1o m\u00e1s, la Hanse Cup en La Ruta de la Sal! | Regata La Ruta de la Sal\" \/>\n<meta property=\"og:description\" content=\"En el marco de La Ruta de la Sal, se celebra la Hanse Cup. Todos los patrones de los barcos Hanse de la versi\u00f3n Barcelona aspiran a este Trofeo, una iniciativa promovida por Marina Estrella,\" \/>\n<meta property=\"og:url\" content=\"https:\/\/labs.100x100.net\/projects\/rutasal\/hanse-cup-la-ruta-de-la-sal\/\" \/>\n<meta property=\"og:site_name\" content=\"Regata La Ruta de la Sal\" \/>\n<meta property=\"article:publisher\" content=\"https:\/\/www.facebook.com\/rutadelasal\/\" \/>\n<meta property=\"article:published_time\" content=\"2018-03-28T10:45:04+00:00\" \/>\n<meta property=\"article:modified_time\" content=\"2019-03-07T09:27:14+00:00\" \/>\n<meta property=\"og:image\" content=\"https:\/\/labs.100x100.net\/projects\/rutasal\/custom\/uploads\/2018\/03\/IMG_1050-500x375.jpg\" \/>\n\t<meta property=\"og:image:width\" content=\"500\" \/>\n\t<meta property=\"og:image:height\" content=\"375\" \/>\n\t<meta property=\"og:image:type\" content=\"image\/jpeg\" \/>\n<meta name=\"author\" content=\"La Ruta de la Sal\" \/>\n<meta name=\"twitter:card\" content=\"summary_large_image\" \/>\n<meta name=\"twitter:creator\" content=\"@AnamMedi\" \/>\n<meta name=\"twitter:site\" content=\"@AnamMedi\" \/>\n<meta name=\"twitter:label1\" content=\"Escrito por\" \/>\n\t<meta name=\"twitter:data1\" content=\"La Ruta de la Sal\" \/>\n<script type=\"application\/ld+json\" class=\"yoast-schema-graph\">{\"@context\":\"https:\/\/schema.org\",\"@graph\":[{\"@type\":\"WebPage\",\"@id\":\"https:\/\/labs.100x100.net\/projects\/rutasal\/hanse-cup-la-ruta-de-la-sal\/\",\"url\":\"https:\/\/labs.100x100.net\/projects\/rutasal\/hanse-cup-la-ruta-de-la-sal\/\",\"name\":\"Un a\u00f1o m\u00e1s, la Hanse Cup en La Ruta de la Sal! | Regata La Ruta de la Sal\",\"isPartOf\":{\"@id\":\"https:\/\/labs.100x100.net\/projects\/rutasal\/#website\"},\"primaryImageOfPage\":{\"@id\":\"https:\/\/labs.100x100.net\/projects\/rutasal\/hanse-cup-la-ruta-de-la-sal\/#primaryimage\"},\"image\":{\"@id\":\"https:\/\/labs.100x100.net\/projects\/rutasal\/hanse-cup-la-ruta-de-la-sal\/#primaryimage\"},\"thumbnailUrl\":\"https:\/\/labs.100x100.net\/projects\/rutasal\/custom\/uploads\/2018\/03\/IMG_1050-500x375.jpg\",\"datePublished\":\"2018-03-28T10:45:04+00:00\",\"dateModified\":\"2019-03-07T09:27:14+00:00\",\"author\":{\"@id\":\"https:\/\/labs.100x100.net\/projects\/rutasal\/#\/schema\/person\/214eeb4a2e78fd8373a0a94f6d93c9ca\"},\"description\":\"En el marco de La Ruta de la Sal, se celebra la Hanse Cup. Todos los patrones de los barcos Hanse de la versi\u00f3n Barcelona aspiran a este Trofeo, una iniciativa promovida por Marina Estrella,\",\"breadcrumb\":{\"@id\":\"https:\/\/labs.100x100.net\/projects\/rutasal\/hanse-cup-la-ruta-de-la-sal\/#breadcrumb\"},\"inLanguage\":\"es\",\"potentialAction\":[{\"@type\":\"ReadAction\",\"target\":[\"https:\/\/labs.100x100.net\/projects\/rutasal\/hanse-cup-la-ruta-de-la-sal\/\"]}]},{\"@type\":\"ImageObject\",\"inLanguage\":\"es\",\"@id\":\"https:\/\/labs.100x100.net\/projects\/rutasal\/hanse-cup-la-ruta-de-la-sal\/#primaryimage\",\"url\":\"https:\/\/labs.100x100.net\/projects\/rutasal\/custom\/uploads\/2018\/03\/IMG_1050-500x375.jpg\",\"contentUrl\":\"https:\/\/labs.100x100.net\/projects\/rutasal\/custom\/uploads\/2018\/03\/IMG_1050-500x375.jpg\",\"width\":500,\"height\":375},{\"@type\":\"BreadcrumbList\",\"@id\":\"https:\/\/labs.100x100.net\/projects\/rutasal\/hanse-cup-la-ruta-de-la-sal\/#breadcrumb\",\"itemListElement\":[{\"@type\":\"ListItem\",\"position\":1,\"name\":\"Portada\",\"item\":\"https:\/\/labs.100x100.net\/projects\/rutasal\/\"},{\"@type\":\"ListItem\",\"position\":2,\"name\":\"Un a\u00f1o m\u00e1s, la Hanse Cup en La Ruta de la Sal!\"}]},{\"@type\":\"WebSite\",\"@id\":\"https:\/\/labs.100x100.net\/projects\/rutasal\/#website\",\"url\":\"https:\/\/labs.100x100.net\/projects\/rutasal\/\",\"name\":\"Regata La Ruta de la Sal\",\"description\":\"Regata La Ruta de la Sal es una regata de Altura Mediterr\u00e1nea para barcos de crucero a vela con destino en Ibiza, que se disputa anualmente en Semana Santa.\",\"potentialAction\":[{\"@type\":\"SearchAction\",\"target\":{\"@type\":\"EntryPoint\",\"urlTemplate\":\"https:\/\/labs.100x100.net\/projects\/rutasal\/?s={search_term_string}\"},\"query-input\":\"required name=search_term_string\"}],\"inLanguage\":\"es\"},{\"@type\":\"Person\",\"@id\":\"https:\/\/labs.100x100.net\/projects\/rutasal\/#\/schema\/person\/214eeb4a2e78fd8373a0a94f6d93c9ca\",\"name\":\"La Ruta de la Sal\",\"image\":{\"@type\":\"ImageObject\",\"inLanguage\":\"es\",\"@id\":\"https:\/\/labs.100x100.net\/projects\/rutasal\/#\/schema\/person\/image\/\",\"url\":\"https:\/\/secure.gravatar.com\/avatar\/b247286d4b801d6b1cfcfb3807587284?s=96&d=mm&r=g\",\"contentUrl\":\"https:\/\/secure.gravatar.com\/avatar\/b247286d4b801d6b1cfcfb3807587284?s=96&d=mm&r=g\",\"caption\":\"La Ruta de la Sal\"}}]}<\/script>\n<!-- \/ Yoast SEO plugin. -->","yoast_head_json":{"title":"Un a\u00f1o m\u00e1s, la Hanse Cup en La Ruta de la Sal! | Regata La Ruta de la Sal","description":"En el marco de La Ruta de la Sal, se celebra la Hanse Cup. Todos los patrones de los barcos Hanse de la versi\u00f3n Barcelona aspiran a este Trofeo, una iniciativa promovida por Marina Estrella,","robots":{"index":"noindex","follow":"follow","max-snippet":"max-snippet:-1","max-image-preview":"max-image-preview:large","max-video-preview":"max-video-preview:-1"},"og_locale":"es_ES","og_type":"article","og_title":"Un a\u00f1o m\u00e1s, la Hanse Cup en La Ruta de la Sal! | Regata La Ruta de la Sal","og_description":"En el marco de La Ruta de la Sal, se celebra la Hanse Cup. Todos los patrones de los barcos Hanse de la versi\u00f3n Barcelona aspiran a este Trofeo, una iniciativa promovida por Marina Estrella,","og_url":"https:\/\/labs.100x100.net\/projects\/rutasal\/hanse-cup-la-ruta-de-la-sal\/","og_site_name":"Regata La Ruta de la Sal","article_publisher":"https:\/\/www.facebook.com\/rutadelasal\/","article_published_time":"2018-03-28T10:45:04+00:00","article_modified_time":"2019-03-07T09:27:14+00:00","og_image":[{"width":500,"height":375,"url":"https:\/\/labs.100x100.net\/projects\/rutasal\/custom\/uploads\/2018\/03\/IMG_1050-500x375.jpg","type":"image\/jpeg"}],"author":"La Ruta de la Sal","twitter_card":"summary_large_image","twitter_creator":"@AnamMedi","twitter_site":"@AnamMedi","twitter_misc":{"Escrito por":"La Ruta de la Sal"},"schema":{"@context":"https:\/\/schema.org","@graph":[{"@type":"WebPage","@id":"https:\/\/labs.100x100.net\/projects\/rutasal\/hanse-cup-la-ruta-de-la-sal\/","url":"https:\/\/labs.100x100.net\/projects\/rutasal\/hanse-cup-la-ruta-de-la-sal\/","name":"Un a\u00f1o m\u00e1s, la Hanse Cup en La Ruta de la Sal! | Regata La Ruta de la Sal","isPartOf":{"@id":"https:\/\/labs.100x100.net\/projects\/rutasal\/#website"},"primaryImageOfPage":{"@id":"https:\/\/labs.100x100.net\/projects\/rutasal\/hanse-cup-la-ruta-de-la-sal\/#primaryimage"},"image":{"@id":"https:\/\/labs.100x100.net\/projects\/rutasal\/hanse-cup-la-ruta-de-la-sal\/#primaryimage"},"thumbnailUrl":"https:\/\/labs.100x100.net\/projects\/rutasal\/custom\/uploads\/2018\/03\/IMG_1050-500x375.jpg","datePublished":"2018-03-28T10:45:04+00:00","dateModified":"2019-03-07T09:27:14+00:00","author":{"@id":"https:\/\/labs.100x100.net\/projects\/rutasal\/#\/schema\/person\/214eeb4a2e78fd8373a0a94f6d93c9ca"},"description":"En el marco de La Ruta de la Sal, se celebra la Hanse Cup. Todos los patrones de los barcos Hanse de la versi\u00f3n Barcelona aspiran a este Trofeo, una iniciativa promovida por Marina Estrella,","breadcrumb":{"@id":"https:\/\/labs.100x100.net\/projects\/rutasal\/hanse-cup-la-ruta-de-la-sal\/#breadcrumb"},"inLanguage":"es","potentialAction":[{"@type":"ReadAction","target":["https:\/\/labs.100x100.net\/projects\/rutasal\/hanse-cup-la-ruta-de-la-sal\/"]}]},{"@type":"ImageObject","inLanguage":"es","@id":"https:\/\/labs.100x100.net\/projects\/rutasal\/hanse-cup-la-ruta-de-la-sal\/#primaryimage","url":"https:\/\/labs.100x100.net\/projects\/rutasal\/custom\/uploads\/2018\/03\/IMG_1050-500x375.jpg","contentUrl":"https:\/\/labs.100x100.net\/projects\/rutasal\/custom\/uploads\/2018\/03\/IMG_1050-500x375.jpg","width":500,"height":375},{"@type":"BreadcrumbList","@id":"https:\/\/labs.100x100.net\/projects\/rutasal\/hanse-cup-la-ruta-de-la-sal\/#breadcrumb","itemListElement":[{"@type":"ListItem","position":1,"name":"Portada","item":"https:\/\/labs.100x100.net\/projects\/rutasal\/"},{"@type":"ListItem","position":2,"name":"Un a\u00f1o m\u00e1s, la Hanse Cup en La Ruta de la Sal!"}]},{"@type":"WebSite","@id":"https:\/\/labs.100x100.net\/projects\/rutasal\/#website","url":"https:\/\/labs.100x100.net\/projects\/rutasal\/","name":"Regata La Ruta de la Sal","description":"Regata La Ruta de la Sal es una regata de Altura Mediterr\u00e1nea para barcos de crucero a vela con destino en Ibiza, que se disputa anualmente en Semana Santa.","potentialAction":[{"@type":"SearchAction","target":{"@type":"EntryPoint","urlTemplate":"https:\/\/labs.100x100.net\/projects\/rutasal\/?s={search_term_string}"},"query-input":"required name=search_term_string"}],"inLanguage":"es"},{"@type":"Person","@id":"https:\/\/labs.100x100.net\/projects\/rutasal\/#\/schema\/person\/214eeb4a2e78fd8373a0a94f6d93c9ca","name":"La Ruta de la Sal","image":{"@type":"ImageObject","inLanguage":"es","@id":"https:\/\/labs.100x100.net\/projects\/rutasal\/#\/schema\/person\/image\/","url":"https:\/\/secure.gravatar.com\/avatar\/b247286d4b801d6b1cfcfb3807587284?s=96&d=mm&r=g","contentUrl":"https:\/\/secure.gravatar.com\/avatar\/b247286d4b801d6b1cfcfb3807587284?s=96&d=mm&r=g","caption":"La Ruta de la Sal"}}]}},"_links":{"self":[{"href":"https:\/\/labs.100x100.net\/projects\/rutasal\/wp-json\/wp\/v2\/posts\/2865"}],"collection":[{"href":"https:\/\/labs.100x100.net\/projects\/rutasal\/wp-json\/wp\/v2\/posts"}],"about":[{"href":"https:\/\/labs.100x100.net\/projects\/rutasal\/wp-json\/wp\/v2\/types\/post"}],"author":[{"embeddable":true,"href":"https:\/\/labs.100x100.net\/projects\/rutasal\/wp-json\/wp\/v2\/users\/1"}],"replies":[{"embeddable":true,"href":"https:\/\/labs.100x100.net\/projects\/rutasal\/wp-json\/wp\/v2\/comments?post=2865"}],"version-history":[{"count":1,"href":"https:\/\/labs.100x100.net\/projects\/rutasal\/wp-json\/wp\/v2\/posts\/2865\/revisions"}],"predecessor-version":[{"id":3479,"href":"https:\/\/labs.100x100.net\/projects\/rutasal\/wp-json\/wp\/v2\/posts\/2865\/revisions\/3479"}],"wp:featuredmedia":[{"embeddable":true,"href":"https:\/\/labs.100x100.net\/projects\/rutasal\/wp-json\/wp\/v2\/media\/3603"}],"wp:attachment":[{"href":"https:\/\/labs.100x100.net\/projects\/rutasal\/wp-json\/wp\/v2\/media?parent=2865"}],"wp:term":[{"taxonomy":"category","embeddable":true,"href":"https:\/\/labs.100x100.net\/projects\/rutasal\/wp-json\/wp\/v2\/categories?post=2865"},{"taxonomy":"post_tag","embeddable":true,"href":"https:\/\/labs.100x100.net\/projects\/rutasal\/wp-json\/wp\/v2\/tags?post=2865"}],"curies":[{"name":"wp","href":"https:\/\/api.w.org\/{rel}","templated":true}]}}