{"id":2859,"date":"2018-03-28T04:45:04","date_gmt":"2018-03-28T02:45:04","guid":{"rendered":"https:\/\/larutadelasal.com\/?p=2859"},"modified":"2019-03-07T11:32:18","modified_gmt":"2019-03-07T09:32:18","slug":"manana-comienza-la-ruta-de-la-sal-2018","status":"publish","type":"post","link":"https:\/\/labs.100x100.net\/projects\/rutasal\/manana-comienza-la-ruta-de-la-sal-2018\/","title":{"rendered":"MA\u00d1ANA COMIENZA LA RUTA DE LA SAL 2018"},"content":{"rendered":"<p><strong>La Sal 2018 ser\u00e1 la regata de altura con m\u00e1s embarcaciones en competici\u00f3n de todo el Mediterr\u00e1neo Occidental con 212 embarcaciones inscritas  <\/p>\n<p>Con una participaci\u00f3n de lujo la Ruta de La Sal re\u00fane a los equipos m\u00e1s punteros de las \u00faltimas ediciones de la regata en una flota que aumenta  su nivel deportivo<br \/>\n<\/strong><\/p>\n<p><img loading=\"lazy\" decoding=\"async\" src=\"https:\/\/larutadelasal.com\/custom\/uploads\/2018\/03\/AFB4789B2P-500x332.jpg\" alt=\"_AFB4789B2P\" width=\"500\" height=\"332\" class=\"alignleft size-medium wp-image-2860\" \/>Ma\u00f1ana d\u00eda 29 de Marzo, Jueves Santo, comenzar\u00e1 la 31 edici\u00f3n de la Regata de Altura de la Ruta de la Sal, con salidas desde Port Ginesta -Barcelona-, Denia -Alicante- y Puerto de Andratx -Mallorca- con llegada, en todos los casos, en Sant Antoni de Portmany en Ibiza. <\/p>\n<p>Ser\u00e1n tres regatas diferentes que, en su conjunto, forman un evento de gran transcendencia deportiva y social, en el que competir\u00e1n unas 212 embarcaciones representando a 11 nacionalidades distintas,  tripuladas por  1.160 regatistas.<\/p>\n<p>La salida de la Versi\u00f3n Barcelona de La Sal,  con una inscripci\u00f3n de  83 embarcaciones tripuladas por 425 regatistas, prevista para las 10.00 h de ma\u00f1ana,  29 de Marzo del 2018,  desde el CM Port Ginesta, en Barcelona,  se competir\u00e1 sobre un recorrido de 140 millas con rumbo directo hasta el CN Sant Antoni de Portmany en Ibiza. La flota agrupara veleros representivos de 8 nacionalidades- Francia, Italia, Holanda, Suiza, Luxemburgo, Reino Unido, Alemania y B\u00e9lgica.-  y un total de 34 Clubes N\u00e1uticos, Marinas y asociaciones deportivas diferentes.<\/p>\n<p><img loading=\"lazy\" decoding=\"async\" src=\"https:\/\/larutadelasal.com\/custom\/uploads\/2018\/03\/AFB5014B2P-500x331.jpg\" alt=\"_AFB5014B2P\" width=\"500\" height=\"331\" class=\"alignleft size-medium wp-image-2861\" \/> La Versi\u00f3n Denia  que zarpar\u00e1 ma\u00f1ana,  29 de Marzo del 2018, a las 14:00 h    desde el RC N\u00e1utico de Denia,  obligar\u00e1 a  sus participantes a cubrir un circuito de 120 millas tomando Formentera por babor, la Isla de Tagomago y, navegando por la costa norte de Ibiza, llegar hasta Sant Antoni. <\/p>\n<p>La Versi\u00f3n Denia, que ha  logrado registrar una inscripci\u00f3n de 96  embarcaciones  tripuladas por 565  deportistas, reunir\u00e1 veleros  procedentes de unos  43 Clubes N\u00e1uticos y Marinas diferentes. La flota con pabellones extranjeros alineara  21 desaf\u00edos representando  a 9  nacionalidades diferentes: Alemania, Irlanda, B\u00e9lgica, Holanda, Francia, Reino Unido, Finlandia, Portugal, e Italia.  <\/p>\n<p>La Versi\u00f3n Mallorca tomar\u00e1 la salida  a las 12.00 h. de ma\u00f1ana, jueves 29 de Marzo del 2018,  desde el Puerto de Andratx con rumbo a Sant Antoni de Portmany en Ibiza, dejando por estribor las islas de Tagomago, Formentera, Es Vedr\u00e1, Bledas y  Conejera. Unas 103 millas de singladura. La llegada, como en todos los casos, en Cab Negret, a unas dos millas al norte del puerto de Sant Antoni.<\/p>\n<p>La  Versi\u00f3n Mallorca agrupara una flota de 33  embarcaciones representado a 17 Clubes N\u00e1uticos y Marinas  diferentes, con unos 170 tripulantes. Una participaci\u00f3n extranjera que alineara a unas 10 embarcaciones, en su mayor\u00eda barcos de residentes extranjeros con base en los puertos del archipi\u00e9lago, representado a 5 nacionalidades distintas: Holanda, Reino Unido, Francia, B\u00e9lgica y Alemania. <\/p>\n<p>Pendientes de los \u00faltimos modelos meteorol\u00f3gicos, las previsiones avanzan para las primeras horas de la competici\u00f3n, y en general para las tres salidas, vientos del cuarto y primer cuadrante muy variables de intensidad -entre 3 y 12 nudos- ,  que ir\u00e1n, seg\u00fan avance el d\u00eda 29, rolando hacia el O\/SO , hasta ya, a partir de primeras horas del viernes 30, entablarse en un OSO\/O y aumentar sensiblemente su intensidad hasta valores medios de 18\/20 nudos, con puntas que podr\u00edan llegar a los 25 nudos. Escenario que, seg\u00fan los pron\u00f3sticos, ir\u00e1 arreciando durante la madrugada del s\u00e1bado 31 de Marzo, jornada donde, en principio se  adelanta un panorama de vientos medios de intensidad alta del SO\/O que tender\u00e1n a amainar a partir de Domingo 1 de Abril.<\/p>\n<p><img loading=\"lazy\" decoding=\"async\" src=\"https:\/\/larutadelasal.com\/custom\/uploads\/2018\/03\/AFB4932B2P-500x331.jpg\" alt=\"_AFB4932B2P\" width=\"500\" height=\"331\" class=\"alignleft size-medium wp-image-2862\" \/> Situaci\u00f3n que de confirmarse, provocar\u00e1 que para las largadas de Denia y, muy en especial la de Andratx, la regata, con claros dominantes de proa, podr\u00eda resultar, compleja y dura  bajo aspectos t\u00e9cnicos y t\u00e1cticos. Mientras que para los participantes de la Versi\u00f3n Barcelona, la navegaci\u00f3n deber\u00eda ser muy  r\u00e1pida  y con menos opciones t\u00e1cticas. Ya que el rumbo directo se dibujar\u00eda como  la apuesta m\u00e1s l\u00f3gica. La mar, en general, ir\u00e1 aumentando a  marejadilla, con \u00e1reas de marejada. <\/p>\n<p>Normalmente los barcos mas r\u00e1pidos podr\u00edan llegar a Sant Antoni en las primeras horas de la madrugada del viernes 30 de Marzo del 2018, pudi\u00e9ndose alargar las entradas de participantes hasta la madrugada del S\u00e1bado 31 de Marzo del 2018. D\u00eda, en que a las 12.00 h est\u00e1 prevista, en el CN de Sant  Antoni de Portmany , una Rueda de Prensa con los vencedores de la regata, y a las 20:00 h, la entrega de premios de esta 31 edici\u00f3n de la Ruta de La Sal.<\/p>\n<p><strong>La p\u00e1gina Web de la Ruta de La Sal &#8211; https:\/\/larutadelasal.com &#8211; ofrecer\u00e1 informaciones peri\u00f3dicas, e im\u00e1genes, sobre el desarrollo organizativo y deportivo de esta regata.<\/strong><\/p>\n<p>Fotos: Alfred Farr\u00e9<\/p>\n","protected":false},"excerpt":{"rendered":"<p>La Sal 2018 ser\u00e1 la regata de altura con m\u00e1s embarcaciones en competici\u00f3n de todo el Mediterr\u00e1neo Occidental con 212 embarcaciones inscritas Con una participaci\u00f3n de lujo la Ruta de La Sal re\u00fane a los equipos m\u00e1s punteros de las \u00faltimas ediciones de la regata en una flota que aumenta su nivel deportivo Ma\u00f1ana d\u00eda [&hellip;]<\/p>\n","protected":false},"author":1,"featured_media":3604,"comment_status":"open","ping_status":"open","sticky":false,"template":"","format":"standard","meta":{"_acf_changed":false,"footnotes":""},"categories":[3],"tags":[],"acf":[],"yoast_head":"<!-- This site is optimized with the Yoast SEO plugin v23.0 - https:\/\/yoast.com\/wordpress\/plugins\/seo\/ -->\n<title>MA\u00d1ANA COMIENZA LA RUTA DE LA SAL 2018 | Regata La Ruta de la Sal<\/title>\n<meta name=\"robots\" content=\"noindex, follow, max-snippet:-1, max-image-preview:large, max-video-preview:-1\" \/>\n<meta property=\"og:locale\" content=\"es_ES\" \/>\n<meta property=\"og:type\" content=\"article\" \/>\n<meta property=\"og:title\" content=\"MA\u00d1ANA COMIENZA LA RUTA DE LA SAL 2018 | Regata La Ruta de la Sal\" \/>\n<meta property=\"og:description\" content=\"La Sal 2018 ser\u00e1 la regata de altura con m\u00e1s embarcaciones en competici\u00f3n de todo el Mediterr\u00e1neo Occidental con 212 embarcaciones inscritas Con una participaci\u00f3n de lujo la Ruta de La Sal re\u00fane a los equipos m\u00e1s punteros de las \u00faltimas ediciones de la regata en una flota que aumenta su nivel deportivo Ma\u00f1ana d\u00eda [&hellip;]\" \/>\n<meta property=\"og:url\" content=\"https:\/\/labs.100x100.net\/projects\/rutasal\/manana-comienza-la-ruta-de-la-sal-2018\/\" \/>\n<meta property=\"og:site_name\" content=\"Regata La Ruta de la Sal\" \/>\n<meta property=\"article:publisher\" content=\"https:\/\/www.facebook.com\/rutadelasal\/\" \/>\n<meta property=\"article:published_time\" content=\"2018-03-28T02:45:04+00:00\" \/>\n<meta property=\"article:modified_time\" content=\"2019-03-07T09:32:18+00:00\" \/>\n<meta property=\"og:image\" content=\"https:\/\/labs.100x100.net\/projects\/rutasal\/custom\/uploads\/2018\/03\/AFB4789B2P-500x332.jpg\" \/>\n\t<meta property=\"og:image:width\" content=\"500\" \/>\n\t<meta property=\"og:image:height\" content=\"332\" \/>\n\t<meta property=\"og:image:type\" content=\"image\/jpeg\" \/>\n<meta name=\"author\" content=\"La Ruta de la Sal\" \/>\n<meta name=\"twitter:card\" content=\"summary_large_image\" \/>\n<meta name=\"twitter:creator\" content=\"@AnamMedi\" \/>\n<meta name=\"twitter:site\" content=\"@AnamMedi\" \/>\n<meta name=\"twitter:label1\" content=\"Escrito por\" \/>\n\t<meta name=\"twitter:data1\" content=\"La Ruta de la Sal\" \/>\n\t<meta name=\"twitter:label2\" content=\"Tiempo de lectura\" \/>\n\t<meta name=\"twitter:data2\" content=\"4 minutos\" \/>\n<script type=\"application\/ld+json\" class=\"yoast-schema-graph\">{\"@context\":\"https:\/\/schema.org\",\"@graph\":[{\"@type\":\"WebPage\",\"@id\":\"https:\/\/labs.100x100.net\/projects\/rutasal\/manana-comienza-la-ruta-de-la-sal-2018\/\",\"url\":\"https:\/\/labs.100x100.net\/projects\/rutasal\/manana-comienza-la-ruta-de-la-sal-2018\/\",\"name\":\"MA\u00d1ANA COMIENZA LA RUTA DE LA SAL 2018 | Regata La Ruta de la Sal\",\"isPartOf\":{\"@id\":\"https:\/\/labs.100x100.net\/projects\/rutasal\/#website\"},\"primaryImageOfPage\":{\"@id\":\"https:\/\/labs.100x100.net\/projects\/rutasal\/manana-comienza-la-ruta-de-la-sal-2018\/#primaryimage\"},\"image\":{\"@id\":\"https:\/\/labs.100x100.net\/projects\/rutasal\/manana-comienza-la-ruta-de-la-sal-2018\/#primaryimage\"},\"thumbnailUrl\":\"https:\/\/labs.100x100.net\/projects\/rutasal\/custom\/uploads\/2018\/03\/AFB4789B2P-500x332.jpg\",\"datePublished\":\"2018-03-28T02:45:04+00:00\",\"dateModified\":\"2019-03-07T09:32:18+00:00\",\"author\":{\"@id\":\"https:\/\/labs.100x100.net\/projects\/rutasal\/#\/schema\/person\/214eeb4a2e78fd8373a0a94f6d93c9ca\"},\"breadcrumb\":{\"@id\":\"https:\/\/labs.100x100.net\/projects\/rutasal\/manana-comienza-la-ruta-de-la-sal-2018\/#breadcrumb\"},\"inLanguage\":\"es\",\"potentialAction\":[{\"@type\":\"ReadAction\",\"target\":[\"https:\/\/labs.100x100.net\/projects\/rutasal\/manana-comienza-la-ruta-de-la-sal-2018\/\"]}]},{\"@type\":\"ImageObject\",\"inLanguage\":\"es\",\"@id\":\"https:\/\/labs.100x100.net\/projects\/rutasal\/manana-comienza-la-ruta-de-la-sal-2018\/#primaryimage\",\"url\":\"https:\/\/labs.100x100.net\/projects\/rutasal\/custom\/uploads\/2018\/03\/AFB4789B2P-500x332.jpg\",\"contentUrl\":\"https:\/\/labs.100x100.net\/projects\/rutasal\/custom\/uploads\/2018\/03\/AFB4789B2P-500x332.jpg\",\"width\":500,\"height\":332},{\"@type\":\"BreadcrumbList\",\"@id\":\"https:\/\/labs.100x100.net\/projects\/rutasal\/manana-comienza-la-ruta-de-la-sal-2018\/#breadcrumb\",\"itemListElement\":[{\"@type\":\"ListItem\",\"position\":1,\"name\":\"Portada\",\"item\":\"https:\/\/labs.100x100.net\/projects\/rutasal\/\"},{\"@type\":\"ListItem\",\"position\":2,\"name\":\"MA\u00d1ANA COMIENZA LA RUTA DE LA SAL 2018\"}]},{\"@type\":\"WebSite\",\"@id\":\"https:\/\/labs.100x100.net\/projects\/rutasal\/#website\",\"url\":\"https:\/\/labs.100x100.net\/projects\/rutasal\/\",\"name\":\"Regata La Ruta de la Sal\",\"description\":\"Regata La Ruta de la Sal es una regata de Altura Mediterr\u00e1nea para barcos de crucero a vela con destino en Ibiza, que se disputa anualmente en Semana Santa.\",\"potentialAction\":[{\"@type\":\"SearchAction\",\"target\":{\"@type\":\"EntryPoint\",\"urlTemplate\":\"https:\/\/labs.100x100.net\/projects\/rutasal\/?s={search_term_string}\"},\"query-input\":\"required name=search_term_string\"}],\"inLanguage\":\"es\"},{\"@type\":\"Person\",\"@id\":\"https:\/\/labs.100x100.net\/projects\/rutasal\/#\/schema\/person\/214eeb4a2e78fd8373a0a94f6d93c9ca\",\"name\":\"La Ruta de la Sal\",\"image\":{\"@type\":\"ImageObject\",\"inLanguage\":\"es\",\"@id\":\"https:\/\/labs.100x100.net\/projects\/rutasal\/#\/schema\/person\/image\/\",\"url\":\"https:\/\/secure.gravatar.com\/avatar\/b247286d4b801d6b1cfcfb3807587284?s=96&d=mm&r=g\",\"contentUrl\":\"https:\/\/secure.gravatar.com\/avatar\/b247286d4b801d6b1cfcfb3807587284?s=96&d=mm&r=g\",\"caption\":\"La Ruta de la Sal\"}}]}<\/script>\n<!-- \/ Yoast SEO plugin. -->","yoast_head_json":{"title":"MA\u00d1ANA COMIENZA LA RUTA DE LA SAL 2018 | Regata La Ruta de la Sal","robots":{"index":"noindex","follow":"follow","max-snippet":"max-snippet:-1","max-image-preview":"max-image-preview:large","max-video-preview":"max-video-preview:-1"},"og_locale":"es_ES","og_type":"article","og_title":"MA\u00d1ANA COMIENZA LA RUTA DE LA SAL 2018 | Regata La Ruta de la Sal","og_description":"La Sal 2018 ser\u00e1 la regata de altura con m\u00e1s embarcaciones en competici\u00f3n de todo el Mediterr\u00e1neo Occidental con 212 embarcaciones inscritas Con una participaci\u00f3n de lujo la Ruta de La Sal re\u00fane a los equipos m\u00e1s punteros de las \u00faltimas ediciones de la regata en una flota que aumenta su nivel deportivo Ma\u00f1ana d\u00eda [&hellip;]","og_url":"https:\/\/labs.100x100.net\/projects\/rutasal\/manana-comienza-la-ruta-de-la-sal-2018\/","og_site_name":"Regata La Ruta de la Sal","article_publisher":"https:\/\/www.facebook.com\/rutadelasal\/","article_published_time":"2018-03-28T02:45:04+00:00","article_modified_time":"2019-03-07T09:32:18+00:00","og_image":[{"width":500,"height":332,"url":"https:\/\/labs.100x100.net\/projects\/rutasal\/custom\/uploads\/2018\/03\/AFB4789B2P-500x332.jpg","type":"image\/jpeg"}],"author":"La Ruta de la Sal","twitter_card":"summary_large_image","twitter_creator":"@AnamMedi","twitter_site":"@AnamMedi","twitter_misc":{"Escrito por":"La Ruta de la Sal","Tiempo de lectura":"4 minutos"},"schema":{"@context":"https:\/\/schema.org","@graph":[{"@type":"WebPage","@id":"https:\/\/labs.100x100.net\/projects\/rutasal\/manana-comienza-la-ruta-de-la-sal-2018\/","url":"https:\/\/labs.100x100.net\/projects\/rutasal\/manana-comienza-la-ruta-de-la-sal-2018\/","name":"MA\u00d1ANA COMIENZA LA RUTA DE LA SAL 2018 | Regata La Ruta de la Sal","isPartOf":{"@id":"https:\/\/labs.100x100.net\/projects\/rutasal\/#website"},"primaryImageOfPage":{"@id":"https:\/\/labs.100x100.net\/projects\/rutasal\/manana-comienza-la-ruta-de-la-sal-2018\/#primaryimage"},"image":{"@id":"https:\/\/labs.100x100.net\/projects\/rutasal\/manana-comienza-la-ruta-de-la-sal-2018\/#primaryimage"},"thumbnailUrl":"https:\/\/labs.100x100.net\/projects\/rutasal\/custom\/uploads\/2018\/03\/AFB4789B2P-500x332.jpg","datePublished":"2018-03-28T02:45:04+00:00","dateModified":"2019-03-07T09:32:18+00:00","author":{"@id":"https:\/\/labs.100x100.net\/projects\/rutasal\/#\/schema\/person\/214eeb4a2e78fd8373a0a94f6d93c9ca"},"breadcrumb":{"@id":"https:\/\/labs.100x100.net\/projects\/rutasal\/manana-comienza-la-ruta-de-la-sal-2018\/#breadcrumb"},"inLanguage":"es","potentialAction":[{"@type":"ReadAction","target":["https:\/\/labs.100x100.net\/projects\/rutasal\/manana-comienza-la-ruta-de-la-sal-2018\/"]}]},{"@type":"ImageObject","inLanguage":"es","@id":"https:\/\/labs.100x100.net\/projects\/rutasal\/manana-comienza-la-ruta-de-la-sal-2018\/#primaryimage","url":"https:\/\/labs.100x100.net\/projects\/rutasal\/custom\/uploads\/2018\/03\/AFB4789B2P-500x332.jpg","contentUrl":"https:\/\/labs.100x100.net\/projects\/rutasal\/custom\/uploads\/2018\/03\/AFB4789B2P-500x332.jpg","width":500,"height":332},{"@type":"BreadcrumbList","@id":"https:\/\/labs.100x100.net\/projects\/rutasal\/manana-comienza-la-ruta-de-la-sal-2018\/#breadcrumb","itemListElement":[{"@type":"ListItem","position":1,"name":"Portada","item":"https:\/\/labs.100x100.net\/projects\/rutasal\/"},{"@type":"ListItem","position":2,"name":"MA\u00d1ANA COMIENZA LA RUTA DE LA SAL 2018"}]},{"@type":"WebSite","@id":"https:\/\/labs.100x100.net\/projects\/rutasal\/#website","url":"https:\/\/labs.100x100.net\/projects\/rutasal\/","name":"Regata La Ruta de la Sal","description":"Regata La Ruta de la Sal es una regata de Altura Mediterr\u00e1nea para barcos de crucero a vela con destino en Ibiza, que se disputa anualmente en Semana Santa.","potentialAction":[{"@type":"SearchAction","target":{"@type":"EntryPoint","urlTemplate":"https:\/\/labs.100x100.net\/projects\/rutasal\/?s={search_term_string}"},"query-input":"required name=search_term_string"}],"inLanguage":"es"},{"@type":"Person","@id":"https:\/\/labs.100x100.net\/projects\/rutasal\/#\/schema\/person\/214eeb4a2e78fd8373a0a94f6d93c9ca","name":"La Ruta de la Sal","image":{"@type":"ImageObject","inLanguage":"es","@id":"https:\/\/labs.100x100.net\/projects\/rutasal\/#\/schema\/person\/image\/","url":"https:\/\/secure.gravatar.com\/avatar\/b247286d4b801d6b1cfcfb3807587284?s=96&d=mm&r=g","contentUrl":"https:\/\/secure.gravatar.com\/avatar\/b247286d4b801d6b1cfcfb3807587284?s=96&d=mm&r=g","caption":"La Ruta de la Sal"}}]}},"_links":{"self":[{"href":"https:\/\/labs.100x100.net\/projects\/rutasal\/wp-json\/wp\/v2\/posts\/2859"}],"collection":[{"href":"https:\/\/labs.100x100.net\/projects\/rutasal\/wp-json\/wp\/v2\/posts"}],"about":[{"href":"https:\/\/labs.100x100.net\/projects\/rutasal\/wp-json\/wp\/v2\/types\/post"}],"author":[{"embeddable":true,"href":"https:\/\/labs.100x100.net\/projects\/rutasal\/wp-json\/wp\/v2\/users\/1"}],"replies":[{"embeddable":true,"href":"https:\/\/labs.100x100.net\/projects\/rutasal\/wp-json\/wp\/v2\/comments?post=2859"}],"version-history":[{"count":1,"href":"https:\/\/labs.100x100.net\/projects\/rutasal\/wp-json\/wp\/v2\/posts\/2859\/revisions"}],"predecessor-version":[{"id":3478,"href":"https:\/\/labs.100x100.net\/projects\/rutasal\/wp-json\/wp\/v2\/posts\/2859\/revisions\/3478"}],"wp:featuredmedia":[{"embeddable":true,"href":"https:\/\/labs.100x100.net\/projects\/rutasal\/wp-json\/wp\/v2\/media\/3604"}],"wp:attachment":[{"href":"https:\/\/labs.100x100.net\/projects\/rutasal\/wp-json\/wp\/v2\/media?parent=2859"}],"wp:term":[{"taxonomy":"category","embeddable":true,"href":"https:\/\/labs.100x100.net\/projects\/rutasal\/wp-json\/wp\/v2\/categories?post=2859"},{"taxonomy":"post_tag","embeddable":true,"href":"https:\/\/labs.100x100.net\/projects\/rutasal\/wp-json\/wp\/v2\/tags?post=2859"}],"curies":[{"name":"wp","href":"https:\/\/api.w.org\/{rel}","templated":true}]}}