{"id":2810,"date":"2018-03-20T10:10:49","date_gmt":"2018-03-20T08:10:49","guid":{"rendered":"https:\/\/larutadelasal.com\/?p=2810"},"modified":"2019-03-18T11:51:33","modified_gmt":"2019-03-18T09:51:33","slug":"programa-de-actos-3","status":"publish","type":"post","link":"https:\/\/labs.100x100.net\/projects\/rutasal\/programa-de-actos-3\/","title":{"rendered":"PROGRAMA DE ACTOS"},"content":{"rendered":"<p>A trav\u00e9s de este enlace se puede acceder al programa de eventos en los diversos puertos de salida y en el de llegada.<\/p>\n<p><a href=\"https:\/\/larutadelasal.com\/programa-actos\">https:\/\/larutadelasal.com\/programa-actos<\/a><\/p>\n<p>Como principales novedades de esta edici\u00f3n destacar el <strong>Village<\/strong> que se organizar\u00e1 en el <strong>CM Port Ginesta<\/strong>, con m\u00fasica en directo, cata de gin-tonic Royal Bliss y test drive de los \u00faltimos modelos de Mercedes-Aut\u00f3lica.<\/p>\n<p>Asimismo, se\u00f1alar la\u00a0 <strong>conferencia sobre Formaci\u00f3n y Seguridad Mar\u00edtima<\/strong> que organizar\u00e1 la Federaci\u00f3n de Vela de la Comunitat Valenciana en el RCN D\u00e9nia el mi\u00e9rcoles 28 a las 19:30 h. <a href=\"https:\/\/www.fvcv.es\/ii-jornada-formativa-rcn-denia-formacion-seguridad-maritima\/\">+INFO<\/a>.<\/p>\n<p>Otra novedad a remarcar\u00a0es\u00a0la <strong>fiesta de despedida<\/strong> para todas las tripulaciones que tendr\u00e1 lugar la noche del s\u00e1bado 31 en Sant Antoni, Ibiza, concretamente en <strong>LA CARPA DE LA SAL<\/strong>, donde, tras la cena en el restaurante de Es N\u00e0utic, tambi\u00e9n podremos disfrutar de m\u00fasica en directo.<\/p>\n","protected":false},"excerpt":{"rendered":"<p>A trav\u00e9s de este enlace se puede acceder al programa de eventos en los diversos puertos de salida y en el de llegada. https:\/\/larutadelasal.com\/programa-actos Como principales novedades de esta edici\u00f3n destacar el Village que se organizar\u00e1 en el CM Port Ginesta, con m\u00fasica en directo, cata de gin-tonic Royal Bliss y test drive de los [&hellip;]<\/p>\n","protected":false},"author":1,"featured_media":3939,"comment_status":"open","ping_status":"open","sticky":false,"template":"","format":"standard","meta":{"_acf_changed":false,"footnotes":""},"categories":[3],"tags":[],"acf":[],"yoast_head":"<!-- This site is optimized with the Yoast SEO plugin v23.0 - https:\/\/yoast.com\/wordpress\/plugins\/seo\/ -->\n<title>PROGRAMA DE ACTOS | Regata La Ruta de la Sal<\/title>\n<meta name=\"robots\" content=\"noindex, follow, max-snippet:-1, max-image-preview:large, max-video-preview:-1\" \/>\n<meta property=\"og:locale\" content=\"es_ES\" \/>\n<meta property=\"og:type\" content=\"article\" \/>\n<meta property=\"og:title\" content=\"PROGRAMA DE ACTOS | Regata La Ruta de la Sal\" \/>\n<meta property=\"og:description\" content=\"A trav\u00e9s de este enlace se puede acceder al programa de eventos en los diversos puertos de salida y en el de llegada. https:\/\/larutadelasal.com\/programa-actos Como principales novedades de esta edici\u00f3n destacar el Village que se organizar\u00e1 en el CM Port Ginesta, con m\u00fasica en directo, cata de gin-tonic Royal Bliss y test drive de los [&hellip;]\" \/>\n<meta property=\"og:url\" content=\"https:\/\/labs.100x100.net\/projects\/rutasal\/programa-de-actos-3\/\" \/>\n<meta property=\"og:site_name\" content=\"Regata La Ruta de la Sal\" \/>\n<meta property=\"article:publisher\" content=\"https:\/\/www.facebook.com\/rutadelasal\/\" \/>\n<meta property=\"article:published_time\" content=\"2018-03-20T08:10:49+00:00\" \/>\n<meta property=\"article:modified_time\" content=\"2019-03-18T09:51:33+00:00\" \/>\n<meta property=\"og:image\" content=\"https:\/\/labs.100x100.net\/projects\/rutasal\/custom\/uploads\/2009\/04\/5142921002_6d460888c8.jpg\" \/>\n\t<meta property=\"og:image:width\" content=\"500\" \/>\n\t<meta property=\"og:image:height\" content=\"333\" \/>\n\t<meta property=\"og:image:type\" content=\"image\/jpeg\" \/>\n<meta name=\"author\" content=\"La Ruta de la Sal\" \/>\n<meta name=\"twitter:card\" content=\"summary_large_image\" \/>\n<meta name=\"twitter:creator\" content=\"@AnamMedi\" \/>\n<meta name=\"twitter:site\" content=\"@AnamMedi\" \/>\n<meta name=\"twitter:label1\" content=\"Escrito por\" \/>\n\t<meta name=\"twitter:data1\" content=\"La Ruta de la Sal\" \/>\n\t<meta name=\"twitter:label2\" content=\"Tiempo de lectura\" \/>\n\t<meta name=\"twitter:data2\" content=\"1 minuto\" \/>\n<script type=\"application\/ld+json\" class=\"yoast-schema-graph\">{\"@context\":\"https:\/\/schema.org\",\"@graph\":[{\"@type\":\"WebPage\",\"@id\":\"https:\/\/labs.100x100.net\/projects\/rutasal\/programa-de-actos-3\/\",\"url\":\"https:\/\/labs.100x100.net\/projects\/rutasal\/programa-de-actos-3\/\",\"name\":\"PROGRAMA DE ACTOS | Regata La Ruta de la Sal\",\"isPartOf\":{\"@id\":\"https:\/\/labs.100x100.net\/projects\/rutasal\/#website\"},\"primaryImageOfPage\":{\"@id\":\"https:\/\/labs.100x100.net\/projects\/rutasal\/programa-de-actos-3\/#primaryimage\"},\"image\":{\"@id\":\"https:\/\/labs.100x100.net\/projects\/rutasal\/programa-de-actos-3\/#primaryimage\"},\"thumbnailUrl\":\"https:\/\/labs.100x100.net\/projects\/rutasal\/custom\/uploads\/2009\/04\/5142921002_6d460888c8.jpg\",\"datePublished\":\"2018-03-20T08:10:49+00:00\",\"dateModified\":\"2019-03-18T09:51:33+00:00\",\"author\":{\"@id\":\"https:\/\/labs.100x100.net\/projects\/rutasal\/#\/schema\/person\/214eeb4a2e78fd8373a0a94f6d93c9ca\"},\"breadcrumb\":{\"@id\":\"https:\/\/labs.100x100.net\/projects\/rutasal\/programa-de-actos-3\/#breadcrumb\"},\"inLanguage\":\"es\",\"potentialAction\":[{\"@type\":\"ReadAction\",\"target\":[\"https:\/\/labs.100x100.net\/projects\/rutasal\/programa-de-actos-3\/\"]}]},{\"@type\":\"ImageObject\",\"inLanguage\":\"es\",\"@id\":\"https:\/\/labs.100x100.net\/projects\/rutasal\/programa-de-actos-3\/#primaryimage\",\"url\":\"https:\/\/labs.100x100.net\/projects\/rutasal\/custom\/uploads\/2009\/04\/5142921002_6d460888c8.jpg\",\"contentUrl\":\"https:\/\/labs.100x100.net\/projects\/rutasal\/custom\/uploads\/2009\/04\/5142921002_6d460888c8.jpg\",\"width\":500,\"height\":333},{\"@type\":\"BreadcrumbList\",\"@id\":\"https:\/\/labs.100x100.net\/projects\/rutasal\/programa-de-actos-3\/#breadcrumb\",\"itemListElement\":[{\"@type\":\"ListItem\",\"position\":1,\"name\":\"Portada\",\"item\":\"https:\/\/labs.100x100.net\/projects\/rutasal\/\"},{\"@type\":\"ListItem\",\"position\":2,\"name\":\"PROGRAMA DE ACTOS\"}]},{\"@type\":\"WebSite\",\"@id\":\"https:\/\/labs.100x100.net\/projects\/rutasal\/#website\",\"url\":\"https:\/\/labs.100x100.net\/projects\/rutasal\/\",\"name\":\"Regata La Ruta de la Sal\",\"description\":\"Regata La Ruta de la Sal es una regata de Altura Mediterr\u00e1nea para barcos de crucero a vela con destino en Ibiza, que se disputa anualmente en Semana Santa.\",\"potentialAction\":[{\"@type\":\"SearchAction\",\"target\":{\"@type\":\"EntryPoint\",\"urlTemplate\":\"https:\/\/labs.100x100.net\/projects\/rutasal\/?s={search_term_string}\"},\"query-input\":\"required name=search_term_string\"}],\"inLanguage\":\"es\"},{\"@type\":\"Person\",\"@id\":\"https:\/\/labs.100x100.net\/projects\/rutasal\/#\/schema\/person\/214eeb4a2e78fd8373a0a94f6d93c9ca\",\"name\":\"La Ruta de la Sal\",\"image\":{\"@type\":\"ImageObject\",\"inLanguage\":\"es\",\"@id\":\"https:\/\/labs.100x100.net\/projects\/rutasal\/#\/schema\/person\/image\/\",\"url\":\"https:\/\/secure.gravatar.com\/avatar\/b247286d4b801d6b1cfcfb3807587284?s=96&d=mm&r=g\",\"contentUrl\":\"https:\/\/secure.gravatar.com\/avatar\/b247286d4b801d6b1cfcfb3807587284?s=96&d=mm&r=g\",\"caption\":\"La Ruta de la Sal\"}}]}<\/script>\n<!-- \/ Yoast SEO plugin. -->","yoast_head_json":{"title":"PROGRAMA DE ACTOS | Regata La Ruta de la Sal","robots":{"index":"noindex","follow":"follow","max-snippet":"max-snippet:-1","max-image-preview":"max-image-preview:large","max-video-preview":"max-video-preview:-1"},"og_locale":"es_ES","og_type":"article","og_title":"PROGRAMA DE ACTOS | Regata La Ruta de la Sal","og_description":"A trav\u00e9s de este enlace se puede acceder al programa de eventos en los diversos puertos de salida y en el de llegada. https:\/\/larutadelasal.com\/programa-actos Como principales novedades de esta edici\u00f3n destacar el Village que se organizar\u00e1 en el CM Port Ginesta, con m\u00fasica en directo, cata de gin-tonic Royal Bliss y test drive de los [&hellip;]","og_url":"https:\/\/labs.100x100.net\/projects\/rutasal\/programa-de-actos-3\/","og_site_name":"Regata La Ruta de la Sal","article_publisher":"https:\/\/www.facebook.com\/rutadelasal\/","article_published_time":"2018-03-20T08:10:49+00:00","article_modified_time":"2019-03-18T09:51:33+00:00","og_image":[{"width":500,"height":333,"url":"https:\/\/labs.100x100.net\/projects\/rutasal\/custom\/uploads\/2009\/04\/5142921002_6d460888c8.jpg","type":"image\/jpeg"}],"author":"La Ruta de la Sal","twitter_card":"summary_large_image","twitter_creator":"@AnamMedi","twitter_site":"@AnamMedi","twitter_misc":{"Escrito por":"La Ruta de la Sal","Tiempo de lectura":"1 minuto"},"schema":{"@context":"https:\/\/schema.org","@graph":[{"@type":"WebPage","@id":"https:\/\/labs.100x100.net\/projects\/rutasal\/programa-de-actos-3\/","url":"https:\/\/labs.100x100.net\/projects\/rutasal\/programa-de-actos-3\/","name":"PROGRAMA DE ACTOS | Regata La Ruta de la Sal","isPartOf":{"@id":"https:\/\/labs.100x100.net\/projects\/rutasal\/#website"},"primaryImageOfPage":{"@id":"https:\/\/labs.100x100.net\/projects\/rutasal\/programa-de-actos-3\/#primaryimage"},"image":{"@id":"https:\/\/labs.100x100.net\/projects\/rutasal\/programa-de-actos-3\/#primaryimage"},"thumbnailUrl":"https:\/\/labs.100x100.net\/projects\/rutasal\/custom\/uploads\/2009\/04\/5142921002_6d460888c8.jpg","datePublished":"2018-03-20T08:10:49+00:00","dateModified":"2019-03-18T09:51:33+00:00","author":{"@id":"https:\/\/labs.100x100.net\/projects\/rutasal\/#\/schema\/person\/214eeb4a2e78fd8373a0a94f6d93c9ca"},"breadcrumb":{"@id":"https:\/\/labs.100x100.net\/projects\/rutasal\/programa-de-actos-3\/#breadcrumb"},"inLanguage":"es","potentialAction":[{"@type":"ReadAction","target":["https:\/\/labs.100x100.net\/projects\/rutasal\/programa-de-actos-3\/"]}]},{"@type":"ImageObject","inLanguage":"es","@id":"https:\/\/labs.100x100.net\/projects\/rutasal\/programa-de-actos-3\/#primaryimage","url":"https:\/\/labs.100x100.net\/projects\/rutasal\/custom\/uploads\/2009\/04\/5142921002_6d460888c8.jpg","contentUrl":"https:\/\/labs.100x100.net\/projects\/rutasal\/custom\/uploads\/2009\/04\/5142921002_6d460888c8.jpg","width":500,"height":333},{"@type":"BreadcrumbList","@id":"https:\/\/labs.100x100.net\/projects\/rutasal\/programa-de-actos-3\/#breadcrumb","itemListElement":[{"@type":"ListItem","position":1,"name":"Portada","item":"https:\/\/labs.100x100.net\/projects\/rutasal\/"},{"@type":"ListItem","position":2,"name":"PROGRAMA DE ACTOS"}]},{"@type":"WebSite","@id":"https:\/\/labs.100x100.net\/projects\/rutasal\/#website","url":"https:\/\/labs.100x100.net\/projects\/rutasal\/","name":"Regata La Ruta de la Sal","description":"Regata La Ruta de la Sal es una regata de Altura Mediterr\u00e1nea para barcos de crucero a vela con destino en Ibiza, que se disputa anualmente en Semana Santa.","potentialAction":[{"@type":"SearchAction","target":{"@type":"EntryPoint","urlTemplate":"https:\/\/labs.100x100.net\/projects\/rutasal\/?s={search_term_string}"},"query-input":"required name=search_term_string"}],"inLanguage":"es"},{"@type":"Person","@id":"https:\/\/labs.100x100.net\/projects\/rutasal\/#\/schema\/person\/214eeb4a2e78fd8373a0a94f6d93c9ca","name":"La Ruta de la Sal","image":{"@type":"ImageObject","inLanguage":"es","@id":"https:\/\/labs.100x100.net\/projects\/rutasal\/#\/schema\/person\/image\/","url":"https:\/\/secure.gravatar.com\/avatar\/b247286d4b801d6b1cfcfb3807587284?s=96&d=mm&r=g","contentUrl":"https:\/\/secure.gravatar.com\/avatar\/b247286d4b801d6b1cfcfb3807587284?s=96&d=mm&r=g","caption":"La Ruta de la Sal"}}]}},"_links":{"self":[{"href":"https:\/\/labs.100x100.net\/projects\/rutasal\/wp-json\/wp\/v2\/posts\/2810"}],"collection":[{"href":"https:\/\/labs.100x100.net\/projects\/rutasal\/wp-json\/wp\/v2\/posts"}],"about":[{"href":"https:\/\/labs.100x100.net\/projects\/rutasal\/wp-json\/wp\/v2\/types\/post"}],"author":[{"embeddable":true,"href":"https:\/\/labs.100x100.net\/projects\/rutasal\/wp-json\/wp\/v2\/users\/1"}],"replies":[{"embeddable":true,"href":"https:\/\/labs.100x100.net\/projects\/rutasal\/wp-json\/wp\/v2\/comments?post=2810"}],"version-history":[{"count":1,"href":"https:\/\/labs.100x100.net\/projects\/rutasal\/wp-json\/wp\/v2\/posts\/2810\/revisions"}],"predecessor-version":[{"id":3463,"href":"https:\/\/labs.100x100.net\/projects\/rutasal\/wp-json\/wp\/v2\/posts\/2810\/revisions\/3463"}],"wp:featuredmedia":[{"embeddable":true,"href":"https:\/\/labs.100x100.net\/projects\/rutasal\/wp-json\/wp\/v2\/media\/3939"}],"wp:attachment":[{"href":"https:\/\/labs.100x100.net\/projects\/rutasal\/wp-json\/wp\/v2\/media?parent=2810"}],"wp:term":[{"taxonomy":"category","embeddable":true,"href":"https:\/\/labs.100x100.net\/projects\/rutasal\/wp-json\/wp\/v2\/categories?post=2810"},{"taxonomy":"post_tag","embeddable":true,"href":"https:\/\/labs.100x100.net\/projects\/rutasal\/wp-json\/wp\/v2\/tags?post=2810"}],"curies":[{"name":"wp","href":"https:\/\/api.w.org\/{rel}","templated":true}]}}