{"id":2789,"date":"2018-03-14T17:54:03","date_gmt":"2018-03-14T15:54:03","guid":{"rendered":"https:\/\/larutadelasal.com\/?p=2789"},"modified":"2019-03-08T10:44:02","modified_gmt":"2019-03-08T08:44:02","slug":"amarre-en-boyas-para-las-ultimas-inscripciones","status":"publish","type":"post","link":"https:\/\/labs.100x100.net\/projects\/rutasal\/amarre-en-boyas-para-las-ultimas-inscripciones\/","title":{"rendered":"AMARRE EN BOYAS PARA LAS \u00daLTIMAS INSCRIPCIONES"},"content":{"rendered":"<p>El comit\u00e9 organizador informa que se han agotado las <strong>plazas de amarre disponibles<\/strong> en el Club N\u00e0utic Sant Antoni, puerto de llegada.<\/p>\n<p>Como alternativa el propio Club N\u00e0utic de Sant Antoni instalar\u00e1 un <strong>campo de boyas<\/strong> para las embarcaciones que no dispongan de amarre y activar\u00e1 un <strong>servicio gratuito de taxi-boats las 24horas<\/strong> del d\u00eda. El campo de boyas, que ofrece una buena protecci\u00f3n, se situar\u00e1 frente a la gasolinera del\u00a0club para carga, descarga y\u00a0suministro de agua.<\/p>\n<p>Esta circunstancia aplica a las inscripciones cuya confirmaci\u00f3n de pago, seg\u00fan nuestra entidad bancaria,\u00a0tiene fecha de\u00a013 de marzo o posterior.<\/p>\n","protected":false},"excerpt":{"rendered":"<p>El comit\u00e9 organizador informa que se han agotado las plazas de amarre disponibles en el Club N\u00e0utic Sant Antoni, puerto de llegada. Como alternativa el propio Club N\u00e0utic de Sant Antoni instalar\u00e1 un campo de boyas para las embarcaciones que no dispongan de amarre y activar\u00e1 un servicio gratuito de taxi-boats las 24horas del d\u00eda. [&hellip;]<\/p>\n","protected":false},"author":1,"featured_media":3607,"comment_status":"closed","ping_status":"closed","sticky":false,"template":"","format":"standard","meta":{"_acf_changed":false,"footnotes":""},"categories":[3],"tags":[],"acf":[],"yoast_head":"<!-- This site is optimized with the Yoast SEO plugin v23.0 - https:\/\/yoast.com\/wordpress\/plugins\/seo\/ -->\n<title>AMARRE EN BOYAS PARA LAS \u00daLTIMAS INSCRIPCIONES | Regata La Ruta de la Sal<\/title>\n<meta name=\"robots\" content=\"noindex, follow, max-snippet:-1, max-image-preview:large, max-video-preview:-1\" \/>\n<meta property=\"og:locale\" content=\"es_ES\" \/>\n<meta property=\"og:type\" content=\"article\" \/>\n<meta property=\"og:title\" content=\"AMARRE EN BOYAS PARA LAS \u00daLTIMAS INSCRIPCIONES | Regata La Ruta de la Sal\" \/>\n<meta property=\"og:description\" content=\"El comit\u00e9 organizador informa que se han agotado las plazas de amarre disponibles en el Club N\u00e0utic Sant Antoni, puerto de llegada. Como alternativa el propio Club N\u00e0utic de Sant Antoni instalar\u00e1 un campo de boyas para las embarcaciones que no dispongan de amarre y activar\u00e1 un servicio gratuito de taxi-boats las 24horas del d\u00eda. [&hellip;]\" \/>\n<meta property=\"og:url\" content=\"https:\/\/labs.100x100.net\/projects\/rutasal\/amarre-en-boyas-para-las-ultimas-inscripciones\/\" \/>\n<meta property=\"og:site_name\" content=\"Regata La Ruta de la Sal\" \/>\n<meta property=\"article:publisher\" content=\"https:\/\/www.facebook.com\/rutadelasal\/\" \/>\n<meta property=\"article:published_time\" content=\"2018-03-14T15:54:03+00:00\" \/>\n<meta property=\"article:modified_time\" content=\"2019-03-08T08:44:02+00:00\" \/>\n<meta property=\"og:image\" content=\"https:\/\/labs.100x100.net\/projects\/rutasal\/custom\/uploads\/2018\/03\/41123236041_d9ecd95070_o-500x334.jpg\" \/>\n\t<meta property=\"og:image:width\" content=\"500\" \/>\n\t<meta property=\"og:image:height\" content=\"334\" \/>\n\t<meta property=\"og:image:type\" content=\"image\/jpeg\" \/>\n<meta name=\"author\" content=\"La Ruta de la Sal\" \/>\n<meta name=\"twitter:card\" content=\"summary_large_image\" \/>\n<meta name=\"twitter:creator\" content=\"@AnamMedi\" \/>\n<meta name=\"twitter:site\" content=\"@AnamMedi\" \/>\n<meta name=\"twitter:label1\" content=\"Escrito por\" \/>\n\t<meta name=\"twitter:data1\" content=\"La Ruta de la Sal\" \/>\n\t<meta name=\"twitter:label2\" content=\"Tiempo de lectura\" \/>\n\t<meta name=\"twitter:data2\" content=\"1 minuto\" \/>\n<script type=\"application\/ld+json\" class=\"yoast-schema-graph\">{\"@context\":\"https:\/\/schema.org\",\"@graph\":[{\"@type\":\"WebPage\",\"@id\":\"https:\/\/labs.100x100.net\/projects\/rutasal\/amarre-en-boyas-para-las-ultimas-inscripciones\/\",\"url\":\"https:\/\/labs.100x100.net\/projects\/rutasal\/amarre-en-boyas-para-las-ultimas-inscripciones\/\",\"name\":\"AMARRE EN BOYAS PARA LAS \u00daLTIMAS INSCRIPCIONES | Regata La Ruta de la Sal\",\"isPartOf\":{\"@id\":\"https:\/\/labs.100x100.net\/projects\/rutasal\/#website\"},\"primaryImageOfPage\":{\"@id\":\"https:\/\/labs.100x100.net\/projects\/rutasal\/amarre-en-boyas-para-las-ultimas-inscripciones\/#primaryimage\"},\"image\":{\"@id\":\"https:\/\/labs.100x100.net\/projects\/rutasal\/amarre-en-boyas-para-las-ultimas-inscripciones\/#primaryimage\"},\"thumbnailUrl\":\"https:\/\/labs.100x100.net\/projects\/rutasal\/custom\/uploads\/2018\/03\/41123236041_d9ecd95070_o-500x334.jpg\",\"datePublished\":\"2018-03-14T15:54:03+00:00\",\"dateModified\":\"2019-03-08T08:44:02+00:00\",\"author\":{\"@id\":\"https:\/\/labs.100x100.net\/projects\/rutasal\/#\/schema\/person\/214eeb4a2e78fd8373a0a94f6d93c9ca\"},\"breadcrumb\":{\"@id\":\"https:\/\/labs.100x100.net\/projects\/rutasal\/amarre-en-boyas-para-las-ultimas-inscripciones\/#breadcrumb\"},\"inLanguage\":\"es\",\"potentialAction\":[{\"@type\":\"ReadAction\",\"target\":[\"https:\/\/labs.100x100.net\/projects\/rutasal\/amarre-en-boyas-para-las-ultimas-inscripciones\/\"]}]},{\"@type\":\"ImageObject\",\"inLanguage\":\"es\",\"@id\":\"https:\/\/labs.100x100.net\/projects\/rutasal\/amarre-en-boyas-para-las-ultimas-inscripciones\/#primaryimage\",\"url\":\"https:\/\/labs.100x100.net\/projects\/rutasal\/custom\/uploads\/2018\/03\/41123236041_d9ecd95070_o-500x334.jpg\",\"contentUrl\":\"https:\/\/labs.100x100.net\/projects\/rutasal\/custom\/uploads\/2018\/03\/41123236041_d9ecd95070_o-500x334.jpg\",\"width\":500,\"height\":334},{\"@type\":\"BreadcrumbList\",\"@id\":\"https:\/\/labs.100x100.net\/projects\/rutasal\/amarre-en-boyas-para-las-ultimas-inscripciones\/#breadcrumb\",\"itemListElement\":[{\"@type\":\"ListItem\",\"position\":1,\"name\":\"Portada\",\"item\":\"https:\/\/labs.100x100.net\/projects\/rutasal\/\"},{\"@type\":\"ListItem\",\"position\":2,\"name\":\"AMARRE EN BOYAS PARA LAS \u00daLTIMAS INSCRIPCIONES\"}]},{\"@type\":\"WebSite\",\"@id\":\"https:\/\/labs.100x100.net\/projects\/rutasal\/#website\",\"url\":\"https:\/\/labs.100x100.net\/projects\/rutasal\/\",\"name\":\"Regata La Ruta de la Sal\",\"description\":\"Regata La Ruta de la Sal es una regata de Altura Mediterr\u00e1nea para barcos de crucero a vela con destino en Ibiza, que se disputa anualmente en Semana Santa.\",\"potentialAction\":[{\"@type\":\"SearchAction\",\"target\":{\"@type\":\"EntryPoint\",\"urlTemplate\":\"https:\/\/labs.100x100.net\/projects\/rutasal\/?s={search_term_string}\"},\"query-input\":\"required name=search_term_string\"}],\"inLanguage\":\"es\"},{\"@type\":\"Person\",\"@id\":\"https:\/\/labs.100x100.net\/projects\/rutasal\/#\/schema\/person\/214eeb4a2e78fd8373a0a94f6d93c9ca\",\"name\":\"La Ruta de la Sal\",\"image\":{\"@type\":\"ImageObject\",\"inLanguage\":\"es\",\"@id\":\"https:\/\/labs.100x100.net\/projects\/rutasal\/#\/schema\/person\/image\/\",\"url\":\"https:\/\/secure.gravatar.com\/avatar\/b247286d4b801d6b1cfcfb3807587284?s=96&d=mm&r=g\",\"contentUrl\":\"https:\/\/secure.gravatar.com\/avatar\/b247286d4b801d6b1cfcfb3807587284?s=96&d=mm&r=g\",\"caption\":\"La Ruta de la Sal\"}}]}<\/script>\n<!-- \/ Yoast SEO plugin. -->","yoast_head_json":{"title":"AMARRE EN BOYAS PARA LAS \u00daLTIMAS INSCRIPCIONES | Regata La Ruta de la Sal","robots":{"index":"noindex","follow":"follow","max-snippet":"max-snippet:-1","max-image-preview":"max-image-preview:large","max-video-preview":"max-video-preview:-1"},"og_locale":"es_ES","og_type":"article","og_title":"AMARRE EN BOYAS PARA LAS \u00daLTIMAS INSCRIPCIONES | Regata La Ruta de la Sal","og_description":"El comit\u00e9 organizador informa que se han agotado las plazas de amarre disponibles en el Club N\u00e0utic Sant Antoni, puerto de llegada. Como alternativa el propio Club N\u00e0utic de Sant Antoni instalar\u00e1 un campo de boyas para las embarcaciones que no dispongan de amarre y activar\u00e1 un servicio gratuito de taxi-boats las 24horas del d\u00eda. [&hellip;]","og_url":"https:\/\/labs.100x100.net\/projects\/rutasal\/amarre-en-boyas-para-las-ultimas-inscripciones\/","og_site_name":"Regata La Ruta de la Sal","article_publisher":"https:\/\/www.facebook.com\/rutadelasal\/","article_published_time":"2018-03-14T15:54:03+00:00","article_modified_time":"2019-03-08T08:44:02+00:00","og_image":[{"width":500,"height":334,"url":"https:\/\/labs.100x100.net\/projects\/rutasal\/custom\/uploads\/2018\/03\/41123236041_d9ecd95070_o-500x334.jpg","type":"image\/jpeg"}],"author":"La Ruta de la Sal","twitter_card":"summary_large_image","twitter_creator":"@AnamMedi","twitter_site":"@AnamMedi","twitter_misc":{"Escrito por":"La Ruta de la Sal","Tiempo de lectura":"1 minuto"},"schema":{"@context":"https:\/\/schema.org","@graph":[{"@type":"WebPage","@id":"https:\/\/labs.100x100.net\/projects\/rutasal\/amarre-en-boyas-para-las-ultimas-inscripciones\/","url":"https:\/\/labs.100x100.net\/projects\/rutasal\/amarre-en-boyas-para-las-ultimas-inscripciones\/","name":"AMARRE EN BOYAS PARA LAS \u00daLTIMAS INSCRIPCIONES | Regata La Ruta de la Sal","isPartOf":{"@id":"https:\/\/labs.100x100.net\/projects\/rutasal\/#website"},"primaryImageOfPage":{"@id":"https:\/\/labs.100x100.net\/projects\/rutasal\/amarre-en-boyas-para-las-ultimas-inscripciones\/#primaryimage"},"image":{"@id":"https:\/\/labs.100x100.net\/projects\/rutasal\/amarre-en-boyas-para-las-ultimas-inscripciones\/#primaryimage"},"thumbnailUrl":"https:\/\/labs.100x100.net\/projects\/rutasal\/custom\/uploads\/2018\/03\/41123236041_d9ecd95070_o-500x334.jpg","datePublished":"2018-03-14T15:54:03+00:00","dateModified":"2019-03-08T08:44:02+00:00","author":{"@id":"https:\/\/labs.100x100.net\/projects\/rutasal\/#\/schema\/person\/214eeb4a2e78fd8373a0a94f6d93c9ca"},"breadcrumb":{"@id":"https:\/\/labs.100x100.net\/projects\/rutasal\/amarre-en-boyas-para-las-ultimas-inscripciones\/#breadcrumb"},"inLanguage":"es","potentialAction":[{"@type":"ReadAction","target":["https:\/\/labs.100x100.net\/projects\/rutasal\/amarre-en-boyas-para-las-ultimas-inscripciones\/"]}]},{"@type":"ImageObject","inLanguage":"es","@id":"https:\/\/labs.100x100.net\/projects\/rutasal\/amarre-en-boyas-para-las-ultimas-inscripciones\/#primaryimage","url":"https:\/\/labs.100x100.net\/projects\/rutasal\/custom\/uploads\/2018\/03\/41123236041_d9ecd95070_o-500x334.jpg","contentUrl":"https:\/\/labs.100x100.net\/projects\/rutasal\/custom\/uploads\/2018\/03\/41123236041_d9ecd95070_o-500x334.jpg","width":500,"height":334},{"@type":"BreadcrumbList","@id":"https:\/\/labs.100x100.net\/projects\/rutasal\/amarre-en-boyas-para-las-ultimas-inscripciones\/#breadcrumb","itemListElement":[{"@type":"ListItem","position":1,"name":"Portada","item":"https:\/\/labs.100x100.net\/projects\/rutasal\/"},{"@type":"ListItem","position":2,"name":"AMARRE EN BOYAS PARA LAS \u00daLTIMAS INSCRIPCIONES"}]},{"@type":"WebSite","@id":"https:\/\/labs.100x100.net\/projects\/rutasal\/#website","url":"https:\/\/labs.100x100.net\/projects\/rutasal\/","name":"Regata La Ruta de la Sal","description":"Regata La Ruta de la Sal es una regata de Altura Mediterr\u00e1nea para barcos de crucero a vela con destino en Ibiza, que se disputa anualmente en Semana Santa.","potentialAction":[{"@type":"SearchAction","target":{"@type":"EntryPoint","urlTemplate":"https:\/\/labs.100x100.net\/projects\/rutasal\/?s={search_term_string}"},"query-input":"required name=search_term_string"}],"inLanguage":"es"},{"@type":"Person","@id":"https:\/\/labs.100x100.net\/projects\/rutasal\/#\/schema\/person\/214eeb4a2e78fd8373a0a94f6d93c9ca","name":"La Ruta de la Sal","image":{"@type":"ImageObject","inLanguage":"es","@id":"https:\/\/labs.100x100.net\/projects\/rutasal\/#\/schema\/person\/image\/","url":"https:\/\/secure.gravatar.com\/avatar\/b247286d4b801d6b1cfcfb3807587284?s=96&d=mm&r=g","contentUrl":"https:\/\/secure.gravatar.com\/avatar\/b247286d4b801d6b1cfcfb3807587284?s=96&d=mm&r=g","caption":"La Ruta de la Sal"}}]}},"_links":{"self":[{"href":"https:\/\/labs.100x100.net\/projects\/rutasal\/wp-json\/wp\/v2\/posts\/2789"}],"collection":[{"href":"https:\/\/labs.100x100.net\/projects\/rutasal\/wp-json\/wp\/v2\/posts"}],"about":[{"href":"https:\/\/labs.100x100.net\/projects\/rutasal\/wp-json\/wp\/v2\/types\/post"}],"author":[{"embeddable":true,"href":"https:\/\/labs.100x100.net\/projects\/rutasal\/wp-json\/wp\/v2\/users\/1"}],"replies":[{"embeddable":true,"href":"https:\/\/labs.100x100.net\/projects\/rutasal\/wp-json\/wp\/v2\/comments?post=2789"}],"version-history":[{"count":1,"href":"https:\/\/labs.100x100.net\/projects\/rutasal\/wp-json\/wp\/v2\/posts\/2789\/revisions"}],"predecessor-version":[{"id":3310,"href":"https:\/\/labs.100x100.net\/projects\/rutasal\/wp-json\/wp\/v2\/posts\/2789\/revisions\/3310"}],"wp:featuredmedia":[{"embeddable":true,"href":"https:\/\/labs.100x100.net\/projects\/rutasal\/wp-json\/wp\/v2\/media\/3607"}],"wp:attachment":[{"href":"https:\/\/labs.100x100.net\/projects\/rutasal\/wp-json\/wp\/v2\/media?parent=2789"}],"wp:term":[{"taxonomy":"category","embeddable":true,"href":"https:\/\/labs.100x100.net\/projects\/rutasal\/wp-json\/wp\/v2\/categories?post=2789"},{"taxonomy":"post_tag","embeddable":true,"href":"https:\/\/labs.100x100.net\/projects\/rutasal\/wp-json\/wp\/v2\/tags?post=2789"}],"curies":[{"name":"wp","href":"https:\/\/api.w.org\/{rel}","templated":true}]}}