{"id":278,"date":"2009-04-06T15:24:21","date_gmt":"2009-04-06T15:24:21","guid":{"rendered":"https:\/\/larutadelasal.com\/?p=278"},"modified":"2019-03-15T21:14:24","modified_gmt":"2019-03-15T19:14:24","slug":"la-ruta-de-la-sal-2009","status":"publish","type":"post","link":"https:\/\/labs.100x100.net\/projects\/rutasal\/la-ruta-de-la-sal-2009\/","title":{"rendered":"La Ruta de la Sal 2009"},"content":{"rendered":"<p><strong>EL SWAN 56 \u00abCLEM\u00bb DE JAIME OLAZABAL Y EL FORTUNA 9 \u00abAIVIS\u00bb DE MANUEL GUASCH , VENCEDORES ABSOLUTOS DE LA RUTA DE LA SAL 2009.<\/strong><\/p>\n<p><strong>EL WALLY 88,7 \u00abTIKETITOO\u00bb DE ALBERTO PALACHI, PATRONEADO POR JESUS TURRO Y EL FARR 520 \u00abPLIS PLAY\u00bb DE VICENTE GARCIA, VENCEDORES EN TIEMPO REAL. <\/strong><\/p>\n<p><strong>TODOS COINCIDEN; LA SAL 2009 UNA REGATA DIF\u00cdCIL Y CON MUCHOS ALICIENTES DEPORTIVOS.<\/strong><\/p>\n<p><a class=\"tt-flickr tt-flickr-Medium\" title=\"CLEM-DE-JAIME-OLAZABAL\" href=\"http:\/\/farm2.static.flickr.com\/1365\/5142312713_5c827cfcea_b.jpg\"><img loading=\"lazy\" decoding=\"async\" class=\"alignleft\" src=\"http:\/\/farm2.static.flickr.com\/1365\/5142312713_5c827cfcea.jpg\" alt=\"CLEM-DE-JAIME-OLAZABAL\" width=\"320\" height=\"229\" \/><\/a> <a class=\"tt-flickr tt-flickr-Medium\" title=\"FOTO-60\" href=\"http:\/\/farm5.static.flickr.com\/4002\/5142922028_d792a981b6_b.jpg\"><img loading=\"lazy\" decoding=\"async\" class=\"alignleft\" src=\"http:\/\/farm5.static.flickr.com\/4002\/5142922028_d792a981b6.jpg\" alt=\"FOTO-60\" width=\"320\" height=\"229\" \/><\/a><\/p>\n<p><a class=\"tt-flickr tt-flickr-Large\" title=\"FOTO-61\" href=\"http:\/\/farm5.static.flickr.com\/4032\/5142922112_1c3a1a44f8_b.jpg\"><img loading=\"lazy\" decoding=\"async\" class=\"aligncenter\" src=\"http:\/\/farm5.static.flickr.com\/4032\/5142922112_1c3a1a44f8_b.jpg\" alt=\"FOTO-61\" width=\"653\" height=\"439\" \/><\/a> <a class=\"tt-flickr tt-flickr-Large\" title=\"FOTO-62\" href=\"http:\/\/farm5.static.flickr.com\/4008\/5142922184_53eabf9cf9_b.jpg\"><img loading=\"lazy\" decoding=\"async\" class=\"aligncenter\" src=\"http:\/\/farm5.static.flickr.com\/4008\/5142922184_53eabf9cf9_b.jpg\" alt=\"FOTO-62\" width=\"653\" height=\"306\" \/><\/a><\/p>\n<p><strong>ESTA XXII EDICION DE LA RUTA DE LA SAL HA REUNIDO CERCA DE 300 EMBARCACIONES DE NUEVE NACIONALIDADES. LOS PARTICIPANTES HAN DEMOSTRADO SU GRAN EXPERIENCIA TRAS UNA COMPLEJA NAVEGACION<\/strong><\/p>\n<p><strong><a class=\"tt-flickr tt-flickr-Medium\" title=\"FOTO-1\" href=\"http:\/\/farm5.static.flickr.com\/4034\/5142312787_52219ac6bd_b.jpg\"><img loading=\"lazy\" decoding=\"async\" class=\"alignleft\" src=\"http:\/\/farm5.static.flickr.com\/4034\/5142312787_52219ac6bd.jpg\" alt=\"FOTO-1\" width=\"320\" height=\"229\" \/><\/a> <a class=\"tt-flickr tt-flickr-Medium\" title=\"FOTO-2\" href=\"http:\/\/farm5.static.flickr.com\/4111\/5142314117_aed4026311_b.jpg\"><img loading=\"lazy\" decoding=\"async\" class=\"alignleft\" src=\"http:\/\/farm5.static.flickr.com\/4111\/5142314117_aed4026311.jpg\" alt=\"FOTO-2\" width=\"320\" height=\"229\" \/><\/a> <a class=\"tt-flickr tt-flickr-Medium\" title=\"FOTO-3\" href=\"http:\/\/farm2.static.flickr.com\/1179\/5142315339_136788e251_b.jpg\"><img loading=\"lazy\" decoding=\"async\" class=\"alignleft\" src=\"http:\/\/farm2.static.flickr.com\/1179\/5142315339_136788e251.jpg\" alt=\"FOTO-3\" width=\"320\" height=\"229\" \/><\/a> <a class=\"tt-flickr tt-flickr-Medium\" title=\"FOTO-4\" href=\"http:\/\/farm2.static.flickr.com\/1133\/5142920196_d6ec755af8_b.jpg\"><img loading=\"lazy\" decoding=\"async\" class=\"alignleft\" src=\"http:\/\/farm2.static.flickr.com\/1133\/5142920196_d6ec755af8.jpg\" alt=\"FOTO-4\" width=\"320\" height=\"229\" \/><\/a> <\/strong><\/p>\n<div style=\"clear: both;\"><\/div>\n<p><a class=\"tt-flickr tt-flickr-Medium\" title=\"FOTO-6\" href=\"http:\/\/farm2.static.flickr.com\/1165\/5142318285_be0968c0f2_b.jpg\"><img loading=\"lazy\" decoding=\"async\" class=\"alignleft\" src=\"http:\/\/farm2.static.flickr.com\/1165\/5142318285_be0968c0f2.jpg\" alt=\"FOTO-6\" width=\"320\" height=\"229\" \/><\/a> <a class=\"tt-flickr tt-flickr-Medium\" title=\"FOTO-5\" href=\"http:\/\/farm2.static.flickr.com\/1409\/5142921002_6d460888c8_b.jpg\"><img loading=\"lazy\" decoding=\"async\" class=\"alignleft\" src=\"http:\/\/farm2.static.flickr.com\/1409\/5142921002_6d460888c8.jpg\" alt=\"FOTO-5\" width=\"320\" height=\"229\" \/><\/a><\/p>\n<p>El Swan 56 \u00abCLEM\u00bb de Jaime Olaz\u00e1bal en la Versi\u00f3n Norte y el Fortuna 9 \u00abAivis\u00bb del Ibicenco Manuel Guasch en la Versi\u00f3n Este se proclamaron vencedores absolutos de la 22 Regata de Altura de La Ruta de La Sal, celebrada entre el 9 y el 11 del pasado mes de Abril con una participaci\u00f3n que reuni\u00f3 a cerca de 300 embarcaciones de nueve nacionalidades. \u00abCLEM\u00bb un dise\u00f1o del argentino German Frers con puerto base en Mallorca , cruzo la l\u00ednea de llegada en Sant Antoni de Portmany en tercera posici\u00f3n en tiempo real, invirtiendo en las 147 millas de la derrota, 1 d\u00eda, 5 horas y 32 minutos de navegaci\u00f3n. Un registro suficiente para imponerse, una vez compensados los tiempos, al GS 45 de Daniel Turro \u00abSolete\u00bb del RCN de Barcelona que fue segundo en la general de esta Versi\u00f3n Norte y al Wally 88,7 \u00abTiketitoo\u00bb de Jes\u00fas Turro, vencedor en tiempo real de la regata desde Barcelona y tercero en la general absoluta. El B&amp;C 52 de Jaume Serra \u00abAtlant del Vent\u00bb, que fue segundo en tiempo real en la Versi\u00f3n Norte y primer barco Ibicenco en llegar a Sant Antoni de Portmany, logro clasificarse en la cuarta plaza de la general.<\/p>\n<p><a class=\"tt-flickr tt-flickr-Medium\" title=\"FOTO-10\" href=\"http:\/\/farm2.static.flickr.com\/1226\/5142312881_29a5b61431_b.jpg\"><img loading=\"lazy\" decoding=\"async\" class=\"alignleft\" src=\"http:\/\/farm2.static.flickr.com\/1226\/5142312881_29a5b61431.jpg\" alt=\"FOTO-10\" width=\"320\" height=\"229\" \/><\/a> <a class=\"tt-flickr tt-flickr-Medium\" title=\"FOTO-11\" href=\"http:\/\/farm2.static.flickr.com\/1195\/5142312971_29c2a08254_b.jpg\"><img loading=\"lazy\" decoding=\"async\" class=\"alignleft\" src=\"http:\/\/farm2.static.flickr.com\/1195\/5142312971_29c2a08254.jpg\" alt=\"FOTO-11\" width=\"320\" height=\"229\" \/><\/a> <a class=\"tt-flickr tt-flickr-Medium\" title=\"FOTO-12\" href=\"http:\/\/farm2.static.flickr.com\/1203\/5142313053_79025512a8_b.jpg\"><img loading=\"lazy\" decoding=\"async\" class=\"alignleft\" src=\"http:\/\/farm2.static.flickr.com\/1203\/5142313053_79025512a8.jpg\" alt=\"FOTO-12\" width=\"320\" height=\"229\" \/><\/a> <a class=\"tt-flickr tt-flickr-Medium\" title=\"FOTO-13\" href=\"http:\/\/farm5.static.flickr.com\/4055\/5142313155_256eaa4660_b.jpg\"><img loading=\"lazy\" decoding=\"async\" class=\"alignleft\" src=\"http:\/\/farm5.static.flickr.com\/4055\/5142313155_256eaa4660.jpg\" alt=\"FOTO-13\" width=\"320\" height=\"229\" \/><\/a> <a class=\"tt-flickr tt-flickr-Medium\" title=\"FOTO-14\" href=\"http:\/\/farm2.static.flickr.com\/1408\/5142313257_f7d21f536a_b.jpg\"><img loading=\"lazy\" decoding=\"async\" class=\"alignleft\" src=\"http:\/\/farm2.static.flickr.com\/1408\/5142313257_f7d21f536a.jpg\" alt=\"FOTO-14\" width=\"320\" height=\"229\" \/><\/a> <a class=\"tt-flickr tt-flickr-Medium\" title=\"FOTO-15\" href=\"http:\/\/farm2.static.flickr.com\/1356\/5142313515_7bff1c1831_b.jpg\"><img loading=\"lazy\" decoding=\"async\" class=\"alignleft\" src=\"http:\/\/farm2.static.flickr.com\/1356\/5142313515_7bff1c1831.jpg\" alt=\"FOTO-15\" width=\"320\" height=\"229\" \/><\/a><\/p>\n<p>El armador Ibicenco Manuel Guasch, vencedor en la Versi\u00f3n Este, acumulo un tiempo de 1 d\u00eda, 4 horas, 11 minutos y 37 segundos en recorrer las 117 millas de la singladura desde Denia, lo que permiti\u00f3 imponerse al Fortuna 12 \u00abMilocha\u00bb de Francisco Mart\u00ednez del RCN de Torrevieja que fue segundo en la general. Ocupando la tercera plaza del podium de esta Versi\u00f3n Este, el tambi\u00e9n Fortuna 9 del CN de Ibiza \u00abPosidonia Uno\u00bb de Ram\u00f3n Balanzat.<\/p>\n<p><a class=\"tt-flickr tt-flickr-Medium\" title=\"FOTO-15-A\" href=\"http:\/\/farm2.static.flickr.com\/1365\/5142916910_46b2ed60cb_b.jpg\"><img loading=\"lazy\" decoding=\"async\" class=\"alignleft\" src=\"http:\/\/farm2.static.flickr.com\/1365\/5142916910_46b2ed60cb.jpg\" alt=\"FOTO-15-A\" width=\"320\" height=\"229\" \/><\/a> <a class=\"tt-flickr tt-flickr-Medium\" title=\"FOTO-15-B\" href=\"http:\/\/farm5.static.flickr.com\/4063\/5142917000_3a57263757_b.jpg\"><img loading=\"lazy\" decoding=\"async\" class=\"alignleft\" src=\"http:\/\/farm5.static.flickr.com\/4063\/5142917000_3a57263757.jpg\" alt=\"FOTO-15-B\" width=\"320\" height=\"229\" \/><\/a><\/p>\n<p>Seg\u00fan Jes\u00fas Turro, patr\u00f3n del Wally 88,7 \u00abTiketitoo\u00bb, vencedor en tiempo real de la Versi\u00f3n Este de La Sal la regata fue muy compleja. \u00abDesde la salida navegamos magn\u00edficamente hasta las 24h del d\u00eda 9 de Abril. Siempre con vientos del NE de intensidad media, buena velocidad del barco y haciendo pr\u00e1cticamente rumbo directo a Ibiza, con una ligera tendencia a abrirnos hacia Mallorca. A partir de la media noche, cuando est\u00e1bamos a unas de 20 millas de la llegada, el viento comenz\u00f3 a caer progresivamente. La madrugada fue muy dura y de gran trabajo para ir avanzando sin apenas viento\u00bb. El metereologo Tomas Molina, tripulante del \u00abTiketitoo\u00bb \u00edndico que hasta la ca\u00edda del viento la estrategia de navegaci\u00f3n hab\u00eda sido \u00f3ptima, navegando muy r\u00e1pidos y con previsiones de cruzar la l\u00ednea de llegada entre la 1 y las 2 de la madrugada del d\u00eda 10 de Abril.<\/p>\n<p><a class=\"tt-flickr tt-flickr-Medium\" title=\"FOTO-16\" href=\"http:\/\/farm5.static.flickr.com\/4029\/5142313697_6fcf72fd04_b.jpg\"><img loading=\"lazy\" decoding=\"async\" class=\"alignleft\" src=\"http:\/\/farm5.static.flickr.com\/4029\/5142313697_6fcf72fd04.jpg\" alt=\"FOTO-16\" width=\"320\" height=\"229\" \/><\/a> <a class=\"tt-flickr tt-flickr-Medium\" title=\"FOTO-17\" href=\"http:\/\/farm5.static.flickr.com\/4025\/5142313801_dabbcf10da_b.jpg\"><img loading=\"lazy\" decoding=\"async\" class=\"alignleft\" src=\"http:\/\/farm5.static.flickr.com\/4025\/5142313801_dabbcf10da.jpg\" alt=\"FOTO-17\" width=\"320\" height=\"229\" \/><\/a><\/p>\n<div style=\"clear: both;\"><\/div>\n<p><a class=\"tt-flickr tt-flickr-Medium\" title=\"FOTO-18\" href=\"http:\/\/farm2.static.flickr.com\/1206\/5142917412_a6b8a07902_b.jpg\"><img loading=\"lazy\" decoding=\"async\" class=\"alignleft\" src=\"http:\/\/farm2.static.flickr.com\/1206\/5142917412_a6b8a07902.jpg\" alt=\"FOTO-18\" width=\"320\" height=\"229\" \/><\/a> <a class=\"tt-flickr tt-flickr-Medium\" title=\"FOTO-19\" href=\"http:\/\/farm2.static.flickr.com\/1324\/5142314037_1512dd2b54_b.jpg\"><img loading=\"lazy\" decoding=\"async\" class=\"alignleft\" src=\"http:\/\/farm2.static.flickr.com\/1324\/5142314037_1512dd2b54.jpg\" alt=\"FOTO-19\" width=\"320\" height=\"229\" \/><\/a><\/p>\n<div style=\"clear: both;\"><\/div>\n<p><a class=\"tt-flickr tt-flickr-Medium\" title=\"FOTO-20\" href=\"http:\/\/farm5.static.flickr.com\/4129\/5142314209_2f6a09fd60_b.jpg\"><img loading=\"lazy\" decoding=\"async\" class=\"alignleft\" src=\"http:\/\/farm5.static.flickr.com\/4129\/5142314209_2f6a09fd60.jpg\" alt=\"FOTO-20\" width=\"320\" height=\"229\" \/><\/a> <a class=\"tt-flickr tt-flickr-Medium\" title=\"FOTO-21\" href=\"http:\/\/farm2.static.flickr.com\/1210\/5142917978_b084df89e2_b.jpg\"><img loading=\"lazy\" decoding=\"async\" class=\"alignleft\" src=\"http:\/\/farm2.static.flickr.com\/1210\/5142917978_b084df89e2.jpg\" alt=\"FOTO-21\" width=\"320\" height=\"229\" \/><\/a><\/p>\n<p>Importante \u00e9xito deportivo del Farr 520, \u00abPlis Play\u00bb de Vicente Garc\u00eda Torres que, con la victoria en tiempo real registrada en la pasada Ruta de La Sal se convierte, con cinco victorias absolutas acumuladas en los \u00faltimos a\u00f1os, en el equipo que en mas ocasiones ha ganado la Versi\u00f3n Este de esta regata en tiempo real. Un verdadero record, muy dif\u00edcil de superar, potenciado por el hecho de que en la edici\u00f3n del 2008, \u00abPlis Play\u00bb logro acreditar tanto el premio en tiempo real como el de tiempo compensado. Algo que ha ocurrido en muy contadas ocasiones. Seg\u00fan comento a su llegada a las instalaciones del Club N\u00e1utico de Sant Antoni, el patr\u00f3n del \u00abPlis Play\u00bb, Javier Carratala, la regata hab\u00eda sido particularmente dura. \u00abLa inestabilidad del viento, dijo, ha sido una constante durante toda la prueba. Muchas roladas que iban del NE, E hasta llegar a SE, y una larga sucesi\u00f3n de encalmadas.\u00bb\u00bb El paso por La Mola, continuo Carratala, con algo de ola, mar vieja, y sin apenas viento, tal vez fue el momento mas critico de toda la singladura\u00bb.<\/p>\n<p><a class=\"tt-flickr tt-flickr-Medium\" title=\"FOTO-22\" href=\"http:\/\/farm2.static.flickr.com\/1357\/5142918058_eca24436e8_b.jpg\"><img loading=\"lazy\" decoding=\"async\" class=\"alignleft\" src=\"http:\/\/farm2.static.flickr.com\/1357\/5142918058_eca24436e8.jpg\" alt=\"FOTO-22\" width=\"320\" height=\"229\" \/><\/a> <a class=\"tt-flickr tt-flickr-Medium\" title=\"FOTO-23\" href=\"http:\/\/farm2.static.flickr.com\/1339\/5142314537_5509b86950_b.jpg\"><img loading=\"lazy\" decoding=\"async\" class=\"alignleft\" src=\"http:\/\/farm2.static.flickr.com\/1339\/5142314537_5509b86950.jpg\" alt=\"FOTO-23\" width=\"320\" height=\"229\" \/><\/a> <a class=\"tt-flickr tt-flickr-Medium\" title=\"FOTO-24\" href=\"http:\/\/farm2.static.flickr.com\/1379\/5142314759_1156b3b357_b.jpg\"><img loading=\"lazy\" decoding=\"async\" class=\"alignleft\" src=\"http:\/\/farm2.static.flickr.com\/1379\/5142314759_1156b3b357.jpg\" alt=\"FOTO-24\" width=\"320\" height=\"229\" \/><\/a> <a class=\"tt-flickr tt-flickr-Medium\" title=\"FOTO-25\" href=\"http:\/\/farm5.static.flickr.com\/4003\/5142314829_0b3bde8565_b.jpg\"><img loading=\"lazy\" decoding=\"async\" class=\"alignleft\" src=\"http:\/\/farm5.static.flickr.com\/4003\/5142314829_0b3bde8565.jpg\" alt=\"FOTO-25\" width=\"320\" height=\"229\" \/><\/a> <a class=\"tt-flickr tt-flickr-Medium\" title=\"FOTO-26\" href=\"http:\/\/farm2.static.flickr.com\/1188\/5142918516_bf0d4f7329_b.jpg\"><img loading=\"lazy\" decoding=\"async\" class=\"alignleft\" src=\"http:\/\/farm2.static.flickr.com\/1188\/5142918516_bf0d4f7329.jpg\" alt=\"FOTO-26\" width=\"320\" height=\"229\" \/><\/a> <a class=\"tt-flickr tt-flickr-Medium\" title=\"FOTO-27\" href=\"http:\/\/farm2.static.flickr.com\/1109\/5142315059_c2a61fae2f_b.jpg\"><img loading=\"lazy\" decoding=\"async\" class=\"alignleft\" src=\"http:\/\/farm2.static.flickr.com\/1109\/5142315059_c2a61fae2f.jpg\" alt=\"FOTO-27\" width=\"320\" height=\"229\" \/><\/a><\/p>\n<div style=\"clear: both;\"><\/div>\n<p><a class=\"tt-flickr tt-flickr-Medium\" title=\"FOTO-28\" href=\"http:\/\/farm5.static.flickr.com\/4145\/5142315151_19ed45ca82_b.jpg\"><img loading=\"lazy\" decoding=\"async\" class=\"alignleft\" src=\"http:\/\/farm5.static.flickr.com\/4145\/5142315151_19ed45ca82.jpg\" alt=\"FOTO-28\" width=\"320\" height=\"229\" \/><\/a> <a class=\"tt-flickr tt-flickr-Medium\" title=\"FOTO-29\" href=\"http:\/\/farm2.static.flickr.com\/1408\/5142918832_97fbd39271_b.jpg\"><img loading=\"lazy\" decoding=\"async\" class=\"alignleft\" src=\"http:\/\/farm2.static.flickr.com\/1408\/5142918832_97fbd39271.jpg\" alt=\"FOTO-29\" width=\"320\" height=\"229\" \/><\/a><\/p>\n<div style=\"clear: both;\"><\/div>\n<p>Jaime Olaz\u00e1bal armador del Swan 56 \u00abCLEM\u00bb, vencedor absoluto de la Versi\u00f3n Norte de La Sal que se mostr\u00f3 particularmente satisfecho con el rendimiento de su barco, con el ya ha participado en cinco ediciones de esta cl\u00e1sica de la navegaci\u00f3n de altura, hablo de las dificultades de una navegaci\u00f3n en condiciones sorprendentemente inestables a partir de las 24:00 del d\u00eda 9 de abril. \u00abLas \u00faltimas millas fueron las peores a causa de las encalmadas, fragilidad del viento y absoluta imposibilidad para establecer una t\u00e1ctica clara\u00bb dijo.Mientras que el ibicenco Manuel Guasch, ganador absoluto de la Versi\u00f3n Este de La Sal con su Fortuna 9 aseguro que; \u00abPara nosotros, en esta ocasi\u00f3n, la peque\u00f1a eslora de nuestro barco, ha sido una gran ventaja. En otras ocasiones es todo lo contrario. El competir con el segundo grupo de la flota nos ha permitido gozar de vientos mucho mas fuertes desde antes de tomar Tagomago, y muy en especial recorriendo la costa norte de Ibiza. Aunque inestables y con puntas muy rabiosas de hasta 35 nudos, hemos evolucionado muy r\u00e1pidos durante las \u00faltima millas de la regata, lo que nos ha beneficiado mucho de cara a la compensaci\u00f3n de tiempos.<\/p>\n<p><a class=\"tt-flickr tt-flickr-Large\" title=\"FOTO-30\" href=\"http:\/\/farm5.static.flickr.com\/4069\/5142315481_d19e8938c1_b.jpg\"><img loading=\"lazy\" decoding=\"async\" class=\"aligncenter\" src=\"http:\/\/farm5.static.flickr.com\/4069\/5142315481_d19e8938c1_b.jpg\" alt=\"FOTO-30\" width=\"653\" height=\"362\" \/><\/a> <a class=\"tt-flickr tt-flickr-Medium\" title=\"FOTO-31\" href=\"http:\/\/farm5.static.flickr.com\/4032\/5142315609_a1dc405e41_b.jpg\"><img loading=\"lazy\" decoding=\"async\" class=\"alignleft\" src=\"http:\/\/farm5.static.flickr.com\/4032\/5142315609_a1dc405e41.jpg\" alt=\"FOTO-31\" width=\"320\" height=\"229\" \/><\/a> <a class=\"tt-flickr tt-flickr-Medium\" title=\"FOTO-32\" href=\"http:\/\/farm5.static.flickr.com\/4069\/5142315669_16cdef3f86_b.jpg\"><img loading=\"lazy\" decoding=\"async\" class=\"alignleft\" src=\"http:\/\/farm5.static.flickr.com\/4069\/5142315669_16cdef3f86.jpg\" alt=\"FOTO-32\" width=\"320\" height=\"229\" \/><\/a> <a class=\"tt-flickr tt-flickr-Medium\" title=\"FOTO-33\" href=\"http:\/\/farm5.static.flickr.com\/4035\/5142919392_c7ae2cc347_b.jpg\"><img loading=\"lazy\" decoding=\"async\" class=\"alignleft\" src=\"http:\/\/farm5.static.flickr.com\/4035\/5142919392_c7ae2cc347.jpg\" alt=\"FOTO-33\" width=\"320\" height=\"229\" \/><\/a> <a class=\"tt-flickr tt-flickr-Medium\" title=\"FOTO-34\" href=\"http:\/\/farm5.static.flickr.com\/4002\/5142315853_31a4065824_b.jpg\"><img loading=\"lazy\" decoding=\"async\" class=\"alignleft\" src=\"http:\/\/farm5.static.flickr.com\/4002\/5142315853_31a4065824.jpg\" alt=\"FOTO-34\" width=\"320\" height=\"229\" \/><\/a> <a class=\"tt-flickr tt-flickr-Medium\" title=\"FOTO-35\" href=\"http:\/\/farm2.static.flickr.com\/1332\/5142919594_e291899bed_b.jpg\"><img loading=\"lazy\" decoding=\"async\" class=\"alignleft\" src=\"http:\/\/farm2.static.flickr.com\/1332\/5142919594_e291899bed.jpg\" alt=\"FOTO-35\" width=\"320\" height=\"229\" \/><\/a> <a class=\"tt-flickr tt-flickr-Medium\" title=\"FOTO-36\" href=\"http:\/\/farm2.static.flickr.com\/1099\/5142919674_5f489f68f7_b.jpg\"><img loading=\"lazy\" decoding=\"async\" class=\"alignleft\" src=\"http:\/\/farm2.static.flickr.com\/1099\/5142919674_5f489f68f7.jpg\" alt=\"FOTO-36\" width=\"320\" height=\"229\" \/><\/a> <a class=\"tt-flickr tt-flickr-Medium\" title=\"FOTO-37\" href=\"http:\/\/farm2.static.flickr.com\/1116\/5142316235_d3913f5b63_b.jpg\"><img loading=\"lazy\" decoding=\"async\" class=\"alignleft\" src=\"http:\/\/farm2.static.flickr.com\/1116\/5142316235_d3913f5b63.jpg\" alt=\"FOTO-37\" width=\"320\" height=\"229\" \/><\/a> <a class=\"tt-flickr tt-flickr-Medium\" title=\"FOTO-38\" href=\"http:\/\/farm2.static.flickr.com\/1405\/5142316327_e8f2035e23_b.jpg\"><img loading=\"lazy\" decoding=\"async\" class=\"alignleft\" src=\"http:\/\/farm2.static.flickr.com\/1405\/5142316327_e8f2035e23.jpg\" alt=\"FOTO-38\" width=\"320\" height=\"229\" \/><\/a> <a class=\"tt-flickr tt-flickr-Medium\" title=\"FOTO-39\" href=\"http:\/\/farm2.static.flickr.com\/1113\/5142316445_230cc6e5f0_b.jpg\"><img loading=\"lazy\" decoding=\"async\" class=\"alignleft\" src=\"http:\/\/farm2.static.flickr.com\/1113\/5142316445_230cc6e5f0.jpg\" alt=\"FOTO-39\" width=\"320\" height=\"229\" \/><\/a> <a class=\"tt-flickr tt-flickr-Medium\" title=\"FOTO-40\" href=\"http:\/\/farm5.static.flickr.com\/4058\/5142316601_2422ba33eb_b.jpg\"><img loading=\"lazy\" decoding=\"async\" class=\"alignleft\" src=\"http:\/\/farm5.static.flickr.com\/4058\/5142316601_2422ba33eb.jpg\" alt=\"FOTO-40\" width=\"320\" height=\"229\" \/><\/a> <a class=\"tt-flickr tt-flickr-Medium\" title=\"FOTO-44\" href=\"http:\/\/farm2.static.flickr.com\/1201\/5142920514_c54f539929_b.jpg\"><img loading=\"lazy\" decoding=\"async\" class=\"alignleft\" src=\"http:\/\/farm2.static.flickr.com\/1201\/5142920514_c54f539929.jpg\" alt=\"FOTO-44\" width=\"320\" height=\"229\" \/><\/a> <a class=\"tt-flickr tt-flickr-Medium\" title=\"FOTO-43\" href=\"http:\/\/farm2.static.flickr.com\/1374\/5142920410_a6b96c59a7_b.jpg\"><img loading=\"lazy\" decoding=\"async\" class=\"alignleft\" src=\"http:\/\/farm2.static.flickr.com\/1374\/5142920410_a6b96c59a7.jpg\" alt=\"FOTO-43\" width=\"320\" height=\"229\" \/><\/a> <a class=\"tt-flickr tt-flickr-Medium\" title=\"FOTO-45\" href=\"http:\/\/farm2.static.flickr.com\/1406\/5142316925_84d16ef925_b.jpg\"><img loading=\"lazy\" decoding=\"async\" class=\"aligncenter\" src=\"http:\/\/farm2.static.flickr.com\/1406\/5142316925_84d16ef925.jpg\" alt=\"FOTO-45\" width=\"653\" height=\"351\" \/><\/a><\/p>\n<p>En general, una La Ruta de La Sal, que tal y como expreso Pepe Ferres, Presidente de ANAM y Director de la regata, ha permitido confirmar, una vez mas, que nunca ha sido una regata f\u00e1cil. \u00abEste a\u00f1o, aunque se ha navegando con buen tiempo, la prueba ha sido muy compleja bajo aspectos t\u00e9cnicos y t\u00e1cticos. Navegar en una zona afectada por la salida de un frente y la entrada de otro, tiene su riesgo e induce a que los pron\u00f3sticos sean poco exactos. Vientos muy inestables y variables en intensidad y direcci\u00f3n. Encalmadas largas y costosas de cara a las clasificaciones. Para las flotas de embarcaciones de menor eslora, en los \u00faltimos tramos de la regata, chubascos y golpes de viento que llegaron a alcanzar, muy puntualmente, hasta los 35 nudos. En general unos panoramas que hablan de mucho trabajo y de lecturas t\u00e1cticas poco s\u00f3lidas. Lo que, al final, hace que sean las decisiones estrat\u00e9gicas a tiempo real las que marquen las pautas mas efectivas.\u00bb<\/p>\n<div style=\"clear: both;\"><\/div>\n<p><a class=\"tt-flickr tt-flickr-Medium\" title=\"FOTO-52\" href=\"http:\/\/farm5.static.flickr.com\/4002\/5142921258_4df42db7f9_b.jpg\"><img loading=\"lazy\" decoding=\"async\" class=\"alignleft\" src=\"http:\/\/farm5.static.flickr.com\/4002\/5142921258_4df42db7f9.jpg\" alt=\"FOTO-52\" width=\"320\" height=\"229\" \/><\/a> <a class=\"tt-flickr tt-flickr-Medium\" title=\"FOTO-53\" href=\"http:\/\/farm5.static.flickr.com\/4032\/5142317683_94980e9f7d_b.jpg\"><img loading=\"lazy\" decoding=\"async\" class=\"alignleft\" src=\"http:\/\/farm5.static.flickr.com\/4032\/5142317683_94980e9f7d.jpg\" alt=\"FOTO-53\" width=\"320\" height=\"229\" \/><\/a><\/p>\n<div style=\"clear: both;\"><\/div>\n<p><a class=\"tt-flickr tt-flickr-Medium\" title=\"FOTO-54\" href=\"http:\/\/farm2.static.flickr.com\/1147\/5142317755_529b8a18a7_b.jpg\"><img loading=\"lazy\" decoding=\"async\" class=\"alignleft\" src=\"http:\/\/farm2.static.flickr.com\/1147\/5142317755_529b8a18a7.jpg\" alt=\"FOTO-54\" width=\"320\" height=\"229\" \/><\/a> <a class=\"tt-flickr tt-flickr-Medium\" title=\"FOTO-55\" href=\"http:\/\/farm2.static.flickr.com\/1315\/5142317871_c6cb2f67cc_b.jpg\"><img loading=\"lazy\" decoding=\"async\" class=\"alignleft\" src=\"http:\/\/farm2.static.flickr.com\/1315\/5142317871_c6cb2f67cc.jpg\" alt=\"FOTO-55\" width=\"320\" height=\"229\" \/><\/a><\/p>\n<div style=\"clear: both;\"><\/div>\n<p>En general, una La Ruta de La Sal, que tal y como expreso Pepe Ferres, Presidente de ANAM y Director de la regata, ha permitido confirmar, una vez mas, que nunca ha sido una regata f\u00e1cil. \u00abEste a\u00f1o, aunque se ha navegando con buen tiempo, la prueba ha sido muy compleja bajo aspectos t\u00e9cnicos y t\u00e1cticos. Navegar en una zona afectada por la salida de un frente y la entrada de otro, tiene su riesgo e induce a que los pron\u00f3sticos sean poco exactos. Vientos muy inestables y variables en intensidad y direcci\u00f3n. Encalmadas largas y costosas de cara a las clasificaciones. Para las flotas de embarcaciones de menor eslora, en los \u00faltimos tramos de la regata, chubascos y golpes de viento que llegaron a alcanzar, muy puntualmente, hasta los 35 nudos. En general unos panoramas que hablan de mucho trabajo y de lecturas t\u00e1cticas poco s\u00f3lidas. Lo que, al final, hace que sean las decisiones estrat\u00e9gicas a tiempo real las que marquen las pautas mas efectivas.\u00bb<\/p>\n<div style=\"clear: both;\"><\/div>\n<p><a class=\"tt-flickr tt-flickr-Medium\" title=\"FOTO-46\" href=\"http:\/\/farm2.static.flickr.com\/1355\/5142317005_5ffd05e509_b.jpg\"><img loading=\"lazy\" decoding=\"async\" class=\"alignleft\" src=\"http:\/\/farm2.static.flickr.com\/1355\/5142317005_5ffd05e509.jpg\" alt=\"FOTO-46\" width=\"320\" height=\"229\" \/><\/a> <a class=\"tt-flickr tt-flickr-Medium\" title=\"FOTO-47\" href=\"http:\/\/farm5.static.flickr.com\/4124\/5142317095_aaebb94ca6_b.jpg\"><img loading=\"lazy\" decoding=\"async\" class=\"alignleft\" src=\"http:\/\/farm5.static.flickr.com\/4124\/5142317095_aaebb94ca6.jpg\" alt=\"FOTO-47\" width=\"320\" height=\"229\" \/><\/a> <a class=\"tt-flickr tt-flickr-Medium\" title=\"FOTO-48\" href=\"http:\/\/farm5.static.flickr.com\/4060\/5142317183_b845459d2e_b.jpg\"><img loading=\"lazy\" decoding=\"async\" class=\"alignleft\" src=\"http:\/\/farm5.static.flickr.com\/4060\/5142317183_b845459d2e.jpg\" alt=\"FOTO-48\" width=\"320\" height=\"229\" \/><\/a> <a class=\"tt-flickr tt-flickr-Medium\" title=\"FOTO-49\" href=\"http:\/\/farm2.static.flickr.com\/1326\/5142317249_abdf5b6f83_b.jpg\"><img loading=\"lazy\" decoding=\"async\" class=\"alignleft\" src=\"http:\/\/farm2.static.flickr.com\/1326\/5142317249_abdf5b6f83.jpg\" alt=\"FOTO-49\" width=\"320\" height=\"229\" \/><\/a> <a class=\"tt-flickr tt-flickr-Medium\" title=\"FOTO-50\" href=\"http:\/\/farm5.static.flickr.com\/4145\/5142317383_afd0a7f014_b.jpg\"><img loading=\"lazy\" decoding=\"async\" class=\"alignleft\" src=\"http:\/\/farm5.static.flickr.com\/4145\/5142317383_afd0a7f014.jpg\" alt=\"FOTO-50\" width=\"320\" height=\"229\" \/><\/a> <a class=\"tt-flickr tt-flickr-Medium\" title=\"FOTO-51\" href=\"http:\/\/farm2.static.flickr.com\/1260\/5142317481_3c89bbb4dc_b.jpg\"><img loading=\"lazy\" decoding=\"async\" class=\"alignleft\" src=\"http:\/\/farm2.static.flickr.com\/1260\/5142317481_3c89bbb4dc.jpg\" alt=\"FOTO-51\" width=\"320\" height=\"229\" \/><\/a><\/p>\n<div style=\"clear: both;\"><\/div>\n<p>La Ruta de La Sal se realiza en colaboraci\u00f3n del Consell d\u2019Eivissa, las Conselleries de: Turisme y de Comer\u00e7, Industria i Energ\u00eda del Govern de les Illes Balears, el Ajuntament de Sant Antoni de Portmany, la Estaci\u00f3 N\u00e1utica de Sant Antoni i Sant Josep, as\u00ed como de los Ayuntamientos de Denia y Barcelona.<\/p>\n<p><a class=\"tt-flickr tt-flickr-Medium\" title=\"FOTO-56\" href=\"http:\/\/farm2.static.flickr.com\/1185\/5142317933_39fed2c495_b.jpg\"><img loading=\"lazy\" decoding=\"async\" class=\"alignleft\" src=\"http:\/\/farm2.static.flickr.com\/1185\/5142317933_39fed2c495.jpg\" alt=\"FOTO-56\" width=\"320\" height=\"229\" \/><\/a><a class=\"tt-flickr tt-flickr-Medium\" title=\"FOTO-57\" href=\"http:\/\/farm2.static.flickr.com\/1106\/5142921686_7fda8fd15a_b.jpg\"><img loading=\"lazy\" decoding=\"async\" class=\"alignleft\" src=\"http:\/\/farm2.static.flickr.com\/1106\/5142921686_7fda8fd15a.jpg\" alt=\"FOTO-57\" width=\"320\" height=\"229\" \/><\/a><a class=\"tt-flickr tt-flickr-Medium\" title=\"FOTO-58\" href=\"http:\/\/farm2.static.flickr.com\/1439\/5142318089_bfb5a65227_b.jpg\"><img loading=\"lazy\" decoding=\"async\" class=\"alignleft\" src=\"http:\/\/farm2.static.flickr.com\/1439\/5142318089_bfb5a65227.jpg\" alt=\"FOTO-58\" width=\"320\" height=\"229\" \/><\/a><a class=\"tt-flickr tt-flickr-Medium\" title=\"FOTO-59\" href=\"http:\/\/farm5.static.flickr.com\/4061\/5142318187_48e1ebef9d_b.jpg\"><img loading=\"lazy\" decoding=\"async\" class=\"alignleft\" src=\"http:\/\/farm5.static.flickr.com\/4061\/5142318187_48e1ebef9d.jpg\" alt=\"FOTO-59\" width=\"320\" height=\"229\" \/><\/a><a class=\"tt-flickr tt-flickr-Medium\" title=\"FOTO-60\" href=\"http:\/\/farm5.static.flickr.com\/4002\/5142922028_d792a981b6_b.jpg\"><img loading=\"lazy\" decoding=\"async\" class=\"alignleft\" src=\"http:\/\/farm5.static.flickr.com\/4002\/5142922028_d792a981b6.jpg\" alt=\"FOTO-60\" width=\"320\" height=\"229\" \/><\/a><a class=\"tt-flickr tt-flickr-Medium\" title=\"FOTO-65\" href=\"http:\/\/farm2.static.flickr.com\/1420\/5142922258_76cc99e05d_b.jpg\"><img loading=\"lazy\" decoding=\"async\" class=\"alignleft\" src=\"http:\/\/farm2.static.flickr.com\/1420\/5142922258_76cc99e05d.jpg\" alt=\"FOTO-65\" width=\"320\" height=\"229\" \/><\/a><a class=\"tt-flickr tt-flickr-Medium\" title=\"FOTO-67\" href=\"http:\/\/farm5.static.flickr.com\/4065\/5142318799_b9f979f99b_b.jpg\"><img loading=\"lazy\" decoding=\"async\" class=\"alignright\" src=\"http:\/\/farm5.static.flickr.com\/4065\/5142318799_b9f979f99b.jpg\" alt=\"FOTO-67\" width=\"320\" height=\"229\" \/><\/a><a class=\"tt-flickr tt-flickr-Medium\" title=\"FOTO-68\" href=\"http:\/\/farm2.static.flickr.com\/1415\/5142318867_55a6171e49_b.jpg\"><img loading=\"lazy\" decoding=\"async\" class=\"alignleft\" src=\"http:\/\/farm2.static.flickr.com\/1415\/5142318867_55a6171e49.jpg\" alt=\"FOTO-68\" width=\"320\" height=\"229\" \/><\/a><a class=\"tt-flickr tt-flickr-Medium\" title=\"FOTO-66\" href=\"http:\/\/farm5.static.flickr.com\/4008\/5142318717_b5794af46e_b.jpg\"><img loading=\"lazy\" decoding=\"async\" class=\"alignleft\" src=\"http:\/\/farm5.static.flickr.com\/4008\/5142318717_b5794af46e.jpg\" alt=\"FOTO-66\" width=\"320\" height=\"229\" \/><\/a><\/p>\n<div style=\"clear: both;\"><\/div>\n<p>La 22 regata de Altura de La Ruta de la Sal, esta organizada, por ANAM, Associacio de Navegants d\u2019Altura Mediterranis, en estrecha colaboraci\u00f3n con el Reial Club Maritim de Barcelona, Real Club N\u00e1utico Denia y Club N\u00e1utic Sant Antoni de Portmany \u2013 Ibiza, con el soporte de Ports de Balears, Autoritat Portuaria de Barcelona, Sociedad Estatal de Salvamento y Seguridad Maritima, Guardia Civil del Mar y el apoyo de la Real Federaci\u00f3n Espa\u00f1ola de Vela, Federaci\u00f3 Catalana de Vela, Federaci\u00f3n de Vela de la Comunidad Valenciana y la Federaci\u00f3 Balear de Vela.<\/p>\n<p><a class=\"tt-flickr tt-flickr-Medium\" title=\"FOTO-69\" href=\"http:\/\/farm2.static.flickr.com\/1121\/5142318975_0a14a9aae7_b.jpg\"><img loading=\"lazy\" decoding=\"async\" class=\"alignleft\" src=\"http:\/\/farm2.static.flickr.com\/1121\/5142318975_0a14a9aae7.jpg\" alt=\"FOTO-69\" width=\"320\" height=\"229\" \/><\/a> <a class=\"tt-flickr tt-flickr-Medium\" title=\"FOTO-70\" href=\"http:\/\/farm2.static.flickr.com\/1316\/5142319173_b74ab71817_b.jpg\"><img loading=\"lazy\" decoding=\"async\" class=\"alignleft\" src=\"http:\/\/farm2.static.flickr.com\/1316\/5142319173_b74ab71817.jpg\" alt=\"FOTO-70\" width=\"320\" height=\"229\" \/><\/a> <a class=\"tt-flickr tt-flickr-Medium\" title=\"FOTO-71\" href=\"http:\/\/farm2.static.flickr.com\/1397\/5142319271_9136f3cf9a_b.jpg\"><img loading=\"lazy\" decoding=\"async\" class=\"alignleft\" src=\"http:\/\/farm2.static.flickr.com\/1397\/5142319271_9136f3cf9a.jpg\" alt=\"FOTO-71\" width=\"320\" height=\"229\" \/><\/a> <a class=\"tt-flickr tt-flickr-Medium\" title=\"FOTO-72\" href=\"http:\/\/farm5.static.flickr.com\/4072\/5142922964_1dd5435c9e_b.jpg\"><img loading=\"lazy\" decoding=\"async\" class=\"alignleft\" src=\"http:\/\/farm5.static.flickr.com\/4072\/5142922964_1dd5435c9e.jpg\" alt=\"FOTO-72\" width=\"320\" height=\"229\" \/><\/a><\/p>\n","protected":false},"excerpt":{"rendered":"<p><strong>EL SWAN 56 \u00abCLEM\u00bb DE JAIME OLAZABAL Y EL FORTUNA 9 \u00abAIVIS\u00bb DE MANUEL GUASCH , VENCEDORES ABSOLUTOS DE LA RUTA DE LA SAL 2009.<\/strong><\/p>\n<p><strong>EL WALLY 88,7 \u00abTIKETITOO\u00bb DE ALBERTO PALACHI, PATRONEADO POR JESUS TURRO Y EL FARR 520 \u00abPLIS PLAY\u00bb DE VICENTE GARCIA, VENCEDORES EN TIEMPO REAL. <\/strong><\/p>\n<p><strong>TODOS COINCIDEN; LA SAL 2009 UNA REGATA DIF\u00cdCIL Y CON MUCHOS ALICIENTES DEPORTIVOS.<\/strong><\/p>\n","protected":false},"author":1,"featured_media":3939,"comment_status":"open","ping_status":"open","sticky":false,"template":"","format":"standard","meta":{"_acf_changed":false,"footnotes":""},"categories":[2,3],"tags":[],"acf":[],"yoast_head":"<!-- This site is optimized with the Yoast SEO plugin v23.0 - https:\/\/yoast.com\/wordpress\/plugins\/seo\/ -->\n<title>La Ruta de la Sal 2009 | Regata La Ruta de la Sal<\/title>\n<meta name=\"robots\" content=\"noindex, follow, max-snippet:-1, max-image-preview:large, max-video-preview:-1\" \/>\n<meta property=\"og:locale\" content=\"es_ES\" \/>\n<meta property=\"og:type\" content=\"article\" \/>\n<meta property=\"og:title\" content=\"La Ruta de la Sal 2009 | Regata La Ruta de la Sal\" \/>\n<meta property=\"og:description\" content=\"EL SWAN 56 &quot;CLEM&quot; DE JAIME OLAZABAL Y EL FORTUNA 9 &quot;AIVIS&quot; DE MANUEL GUASCH , VENCEDORES ABSOLUTOS DE LA RUTA DE LA SAL 2009.  EL WALLY 88,7 &quot;TIKETITOO&quot; DE ALBERTO PALACHI, PATRONEADO POR JESUS TURRO Y EL FARR 520 &quot;PLIS PLAY&quot; DE VICENTE GARCIA, VENCEDORES EN TIEMPO REAL.   TODOS COINCIDEN; LA SAL 2009 UNA REGATA DIF\u00cdCIL Y CON MUCHOS ALICIENTES DEPORTIVOS.\" \/>\n<meta property=\"og:url\" content=\"https:\/\/labs.100x100.net\/projects\/rutasal\/la-ruta-de-la-sal-2009\/\" \/>\n<meta property=\"og:site_name\" content=\"Regata La Ruta de la Sal\" \/>\n<meta property=\"article:publisher\" content=\"https:\/\/www.facebook.com\/rutadelasal\/\" \/>\n<meta property=\"article:published_time\" content=\"2009-04-06T15:24:21+00:00\" \/>\n<meta property=\"article:modified_time\" content=\"2019-03-15T19:14:24+00:00\" \/>\n<meta property=\"og:image\" content=\"https:\/\/labs.100x100.net\/projects\/rutasal\/custom\/uploads\/2009\/04\/5142921002_6d460888c8.jpg\" \/>\n\t<meta property=\"og:image:width\" content=\"500\" \/>\n\t<meta property=\"og:image:height\" content=\"333\" \/>\n\t<meta property=\"og:image:type\" content=\"image\/jpeg\" \/>\n<meta name=\"author\" content=\"La Ruta de la Sal\" \/>\n<meta name=\"twitter:card\" content=\"summary_large_image\" \/>\n<meta name=\"twitter:creator\" content=\"@AnamMedi\" \/>\n<meta name=\"twitter:site\" content=\"@AnamMedi\" \/>\n<meta name=\"twitter:label1\" content=\"Escrito por\" \/>\n\t<meta name=\"twitter:data1\" content=\"La Ruta de la Sal\" \/>\n\t<meta name=\"twitter:label2\" content=\"Tiempo de lectura\" \/>\n\t<meta name=\"twitter:data2\" content=\"7 minutos\" \/>\n<script type=\"application\/ld+json\" class=\"yoast-schema-graph\">{\"@context\":\"https:\/\/schema.org\",\"@graph\":[{\"@type\":\"WebPage\",\"@id\":\"https:\/\/labs.100x100.net\/projects\/rutasal\/la-ruta-de-la-sal-2009\/\",\"url\":\"https:\/\/labs.100x100.net\/projects\/rutasal\/la-ruta-de-la-sal-2009\/\",\"name\":\"La Ruta de la Sal 2009 | Regata La Ruta de la Sal\",\"isPartOf\":{\"@id\":\"https:\/\/labs.100x100.net\/projects\/rutasal\/#website\"},\"primaryImageOfPage\":{\"@id\":\"https:\/\/labs.100x100.net\/projects\/rutasal\/la-ruta-de-la-sal-2009\/#primaryimage\"},\"image\":{\"@id\":\"https:\/\/labs.100x100.net\/projects\/rutasal\/la-ruta-de-la-sal-2009\/#primaryimage\"},\"thumbnailUrl\":\"https:\/\/labs.100x100.net\/projects\/rutasal\/custom\/uploads\/2009\/04\/5142921002_6d460888c8.jpg\",\"datePublished\":\"2009-04-06T15:24:21+00:00\",\"dateModified\":\"2019-03-15T19:14:24+00:00\",\"author\":{\"@id\":\"https:\/\/labs.100x100.net\/projects\/rutasal\/#\/schema\/person\/214eeb4a2e78fd8373a0a94f6d93c9ca\"},\"breadcrumb\":{\"@id\":\"https:\/\/labs.100x100.net\/projects\/rutasal\/la-ruta-de-la-sal-2009\/#breadcrumb\"},\"inLanguage\":\"es\",\"potentialAction\":[{\"@type\":\"ReadAction\",\"target\":[\"https:\/\/labs.100x100.net\/projects\/rutasal\/la-ruta-de-la-sal-2009\/\"]}]},{\"@type\":\"ImageObject\",\"inLanguage\":\"es\",\"@id\":\"https:\/\/labs.100x100.net\/projects\/rutasal\/la-ruta-de-la-sal-2009\/#primaryimage\",\"url\":\"https:\/\/labs.100x100.net\/projects\/rutasal\/custom\/uploads\/2009\/04\/5142921002_6d460888c8.jpg\",\"contentUrl\":\"https:\/\/labs.100x100.net\/projects\/rutasal\/custom\/uploads\/2009\/04\/5142921002_6d460888c8.jpg\",\"width\":500,\"height\":333},{\"@type\":\"BreadcrumbList\",\"@id\":\"https:\/\/labs.100x100.net\/projects\/rutasal\/la-ruta-de-la-sal-2009\/#breadcrumb\",\"itemListElement\":[{\"@type\":\"ListItem\",\"position\":1,\"name\":\"Portada\",\"item\":\"https:\/\/labs.100x100.net\/projects\/rutasal\/\"},{\"@type\":\"ListItem\",\"position\":2,\"name\":\"La Ruta de la Sal 2009\"}]},{\"@type\":\"WebSite\",\"@id\":\"https:\/\/labs.100x100.net\/projects\/rutasal\/#website\",\"url\":\"https:\/\/labs.100x100.net\/projects\/rutasal\/\",\"name\":\"Regata La Ruta de la Sal\",\"description\":\"Regata La Ruta de la Sal es una regata de Altura Mediterr\u00e1nea para barcos de crucero a vela con destino en Ibiza, que se disputa anualmente en Semana Santa.\",\"potentialAction\":[{\"@type\":\"SearchAction\",\"target\":{\"@type\":\"EntryPoint\",\"urlTemplate\":\"https:\/\/labs.100x100.net\/projects\/rutasal\/?s={search_term_string}\"},\"query-input\":\"required name=search_term_string\"}],\"inLanguage\":\"es\"},{\"@type\":\"Person\",\"@id\":\"https:\/\/labs.100x100.net\/projects\/rutasal\/#\/schema\/person\/214eeb4a2e78fd8373a0a94f6d93c9ca\",\"name\":\"La Ruta de la Sal\",\"image\":{\"@type\":\"ImageObject\",\"inLanguage\":\"es\",\"@id\":\"https:\/\/labs.100x100.net\/projects\/rutasal\/#\/schema\/person\/image\/\",\"url\":\"https:\/\/secure.gravatar.com\/avatar\/b247286d4b801d6b1cfcfb3807587284?s=96&d=mm&r=g\",\"contentUrl\":\"https:\/\/secure.gravatar.com\/avatar\/b247286d4b801d6b1cfcfb3807587284?s=96&d=mm&r=g\",\"caption\":\"La Ruta de la Sal\"}}]}<\/script>\n<!-- \/ Yoast SEO plugin. -->","yoast_head_json":{"title":"La Ruta de la Sal 2009 | Regata La Ruta de la Sal","robots":{"index":"noindex","follow":"follow","max-snippet":"max-snippet:-1","max-image-preview":"max-image-preview:large","max-video-preview":"max-video-preview:-1"},"og_locale":"es_ES","og_type":"article","og_title":"La Ruta de la Sal 2009 | Regata La Ruta de la Sal","og_description":"EL SWAN 56 \"CLEM\" DE JAIME OLAZABAL Y EL FORTUNA 9 \"AIVIS\" DE MANUEL GUASCH , VENCEDORES ABSOLUTOS DE LA RUTA DE LA SAL 2009.  EL WALLY 88,7 \"TIKETITOO\" DE ALBERTO PALACHI, PATRONEADO POR JESUS TURRO Y EL FARR 520 \"PLIS PLAY\" DE VICENTE GARCIA, VENCEDORES EN TIEMPO REAL.   TODOS COINCIDEN; LA SAL 2009 UNA REGATA DIF\u00cdCIL Y CON MUCHOS ALICIENTES DEPORTIVOS.","og_url":"https:\/\/labs.100x100.net\/projects\/rutasal\/la-ruta-de-la-sal-2009\/","og_site_name":"Regata La Ruta de la Sal","article_publisher":"https:\/\/www.facebook.com\/rutadelasal\/","article_published_time":"2009-04-06T15:24:21+00:00","article_modified_time":"2019-03-15T19:14:24+00:00","og_image":[{"width":500,"height":333,"url":"https:\/\/labs.100x100.net\/projects\/rutasal\/custom\/uploads\/2009\/04\/5142921002_6d460888c8.jpg","type":"image\/jpeg"}],"author":"La Ruta de la Sal","twitter_card":"summary_large_image","twitter_creator":"@AnamMedi","twitter_site":"@AnamMedi","twitter_misc":{"Escrito por":"La Ruta de la Sal","Tiempo de lectura":"7 minutos"},"schema":{"@context":"https:\/\/schema.org","@graph":[{"@type":"WebPage","@id":"https:\/\/labs.100x100.net\/projects\/rutasal\/la-ruta-de-la-sal-2009\/","url":"https:\/\/labs.100x100.net\/projects\/rutasal\/la-ruta-de-la-sal-2009\/","name":"La Ruta de la Sal 2009 | Regata La Ruta de la Sal","isPartOf":{"@id":"https:\/\/labs.100x100.net\/projects\/rutasal\/#website"},"primaryImageOfPage":{"@id":"https:\/\/labs.100x100.net\/projects\/rutasal\/la-ruta-de-la-sal-2009\/#primaryimage"},"image":{"@id":"https:\/\/labs.100x100.net\/projects\/rutasal\/la-ruta-de-la-sal-2009\/#primaryimage"},"thumbnailUrl":"https:\/\/labs.100x100.net\/projects\/rutasal\/custom\/uploads\/2009\/04\/5142921002_6d460888c8.jpg","datePublished":"2009-04-06T15:24:21+00:00","dateModified":"2019-03-15T19:14:24+00:00","author":{"@id":"https:\/\/labs.100x100.net\/projects\/rutasal\/#\/schema\/person\/214eeb4a2e78fd8373a0a94f6d93c9ca"},"breadcrumb":{"@id":"https:\/\/labs.100x100.net\/projects\/rutasal\/la-ruta-de-la-sal-2009\/#breadcrumb"},"inLanguage":"es","potentialAction":[{"@type":"ReadAction","target":["https:\/\/labs.100x100.net\/projects\/rutasal\/la-ruta-de-la-sal-2009\/"]}]},{"@type":"ImageObject","inLanguage":"es","@id":"https:\/\/labs.100x100.net\/projects\/rutasal\/la-ruta-de-la-sal-2009\/#primaryimage","url":"https:\/\/labs.100x100.net\/projects\/rutasal\/custom\/uploads\/2009\/04\/5142921002_6d460888c8.jpg","contentUrl":"https:\/\/labs.100x100.net\/projects\/rutasal\/custom\/uploads\/2009\/04\/5142921002_6d460888c8.jpg","width":500,"height":333},{"@type":"BreadcrumbList","@id":"https:\/\/labs.100x100.net\/projects\/rutasal\/la-ruta-de-la-sal-2009\/#breadcrumb","itemListElement":[{"@type":"ListItem","position":1,"name":"Portada","item":"https:\/\/labs.100x100.net\/projects\/rutasal\/"},{"@type":"ListItem","position":2,"name":"La Ruta de la Sal 2009"}]},{"@type":"WebSite","@id":"https:\/\/labs.100x100.net\/projects\/rutasal\/#website","url":"https:\/\/labs.100x100.net\/projects\/rutasal\/","name":"Regata La Ruta de la Sal","description":"Regata La Ruta de la Sal es una regata de Altura Mediterr\u00e1nea para barcos de crucero a vela con destino en Ibiza, que se disputa anualmente en Semana Santa.","potentialAction":[{"@type":"SearchAction","target":{"@type":"EntryPoint","urlTemplate":"https:\/\/labs.100x100.net\/projects\/rutasal\/?s={search_term_string}"},"query-input":"required name=search_term_string"}],"inLanguage":"es"},{"@type":"Person","@id":"https:\/\/labs.100x100.net\/projects\/rutasal\/#\/schema\/person\/214eeb4a2e78fd8373a0a94f6d93c9ca","name":"La Ruta de la Sal","image":{"@type":"ImageObject","inLanguage":"es","@id":"https:\/\/labs.100x100.net\/projects\/rutasal\/#\/schema\/person\/image\/","url":"https:\/\/secure.gravatar.com\/avatar\/b247286d4b801d6b1cfcfb3807587284?s=96&d=mm&r=g","contentUrl":"https:\/\/secure.gravatar.com\/avatar\/b247286d4b801d6b1cfcfb3807587284?s=96&d=mm&r=g","caption":"La Ruta de la Sal"}}]}},"_links":{"self":[{"href":"https:\/\/labs.100x100.net\/projects\/rutasal\/wp-json\/wp\/v2\/posts\/278"}],"collection":[{"href":"https:\/\/labs.100x100.net\/projects\/rutasal\/wp-json\/wp\/v2\/posts"}],"about":[{"href":"https:\/\/labs.100x100.net\/projects\/rutasal\/wp-json\/wp\/v2\/types\/post"}],"author":[{"embeddable":true,"href":"https:\/\/labs.100x100.net\/projects\/rutasal\/wp-json\/wp\/v2\/users\/1"}],"replies":[{"embeddable":true,"href":"https:\/\/labs.100x100.net\/projects\/rutasal\/wp-json\/wp\/v2\/comments?post=278"}],"version-history":[{"count":5,"href":"https:\/\/labs.100x100.net\/projects\/rutasal\/wp-json\/wp\/v2\/posts\/278\/revisions"}],"predecessor-version":[{"id":3979,"href":"https:\/\/labs.100x100.net\/projects\/rutasal\/wp-json\/wp\/v2\/posts\/278\/revisions\/3979"}],"wp:featuredmedia":[{"embeddable":true,"href":"https:\/\/labs.100x100.net\/projects\/rutasal\/wp-json\/wp\/v2\/media\/3939"}],"wp:attachment":[{"href":"https:\/\/labs.100x100.net\/projects\/rutasal\/wp-json\/wp\/v2\/media?parent=278"}],"wp:term":[{"taxonomy":"category","embeddable":true,"href":"https:\/\/labs.100x100.net\/projects\/rutasal\/wp-json\/wp\/v2\/categories?post=278"},{"taxonomy":"post_tag","embeddable":true,"href":"https:\/\/labs.100x100.net\/projects\/rutasal\/wp-json\/wp\/v2\/tags?post=278"}],"curies":[{"name":"wp","href":"https:\/\/api.w.org\/{rel}","templated":true}]}}