{"id":2764,"date":"2018-03-06T18:18:36","date_gmt":"2018-03-06T16:18:36","guid":{"rendered":"https:\/\/larutadelasal.com\/?p=2764"},"modified":"2019-03-07T11:55:07","modified_gmt":"2019-03-07T09:55:07","slug":"presentacion-de-la-ruta-de-la-sal-2018-la-ruta-de-la-sal-moviliza-de-nuevo-a-los-navegantes-de-la-vela-en-el-mediterraneo","status":"publish","type":"post","link":"https:\/\/labs.100x100.net\/projects\/rutasal\/presentacion-de-la-ruta-de-la-sal-2018-la-ruta-de-la-sal-moviliza-de-nuevo-a-los-navegantes-de-la-vela-en-el-mediterraneo\/","title":{"rendered":"PRESENTACION DE LA RUTA DE LA SAL 2018:  La Ruta de la Sal moviliza de nuevo a los navegantes de la vela en el Mediterr\u00e1neo"},"content":{"rendered":"<p><strong><em>Una regata que forma parte del ADN de Ibiza<\/em><\/strong><\/p>\n<p><img loading=\"lazy\" decoding=\"async\" class=\"alignleft size-medium wp-image-2767\" src=\"https:\/\/larutadelasal.com\/custom\/uploads\/2018\/03\/AFB3619B2-500x334.jpg\" alt=\"_AFB3619B2\" width=\"500\" height=\"334\" \/><\/p>\n<p><strong>Barcelona, 6 de marzo, 2018.-<\/strong> Hoy ha tenido lugar en el c\u00e9ntrico restaurante barcelon\u00e9s Brasserie Flo, la presentaci\u00f3n de la XXXI edici\u00f3n de la regata de altura Ruta de la Sal. En la presentaci\u00f3n de esta edici\u00f3n la regata ha contado con la presencia del president del Consell d\u2019Eivissa, Vicente Torres Guasch y del conseller de Turisme, Vicente Torres Ferrer. El\u00a0\u00a0 presidente del Consell d\u2019Eivissa ha destacado que la Ruta de la Sal forma parte de la idiosincrasia de la isla de Ibiza, tanto en la vertiente cultural, deportiva, y tur\u00edstica.<\/p>\n<p>Tambi\u00e9n el alcalde de Sant Antoni Portmany, Jos\u00e9 Tur Torres, destac\u00f3 la importancia de su municipio al ser el puerto de llegada de la regata, puerta de todos los regatistas a la isla de Ibiza y record\u00f3 que tanto el puerto como Sant Antoni, como la ciudad, se sienten vinculados con esta prueba que es el inicio de la temporada nautica\u00a0 dela isla.<\/p>\n<p><img loading=\"lazy\" decoding=\"async\" class=\"alignleft size-medium wp-image-2768\" src=\"https:\/\/larutadelasal.com\/custom\/uploads\/2018\/03\/AFB3766-500x334.jpg\" alt=\"_AFB3766\" width=\"500\" height=\"334\" \/><\/p>\n<p>Enrique Curt, director de la regata anunci\u00f3 que La Ruta de la Sal es una regata de \u00e9xito porqu\u00e9 cuenta con unos navegantes que apuestan por ella, por la inestimable colaboraci\u00f3n de las autoridades mar\u00edtimas e instituciones que la apoyan, como federaciones y clubes n\u00e1uticos, a los puertos de partida y llegada de la prueba y a los aficionados que la siguen.<\/p>\n<p><strong>La Ruta de la Sal, Escuela de Navegantes <\/strong><\/p>\n<p>Tambi\u00e9n recod\u00f3 que La Ruta de la Sal es una aut\u00e9ntica Escuela de Vela de Crucero, donde muchos deportistas de la vela la tomaron como prueba de iniciaci\u00f3n, en sus inicios n\u00e1uticos.<\/p>\n<p>La Ruta de la Sal es una prueba n\u00e1utica de las m\u00e1s importantes del Mediterr\u00e1neo, estrechamente ligada con tres los clubes de los puertos de salida, el CM Port Ginesta, el RCN Denia, el CV Port Andratx \u00a0y el de llegada, el CN Sant Antoni Portmany. Cuenta con el apoyo del Consell Insular d\u2019Eivissa, y de la Conselleria de Turisme, que consideran a este evento en uno de los m\u00e1s significativos de la isla, tanto en su vertiente deportiva, como tur\u00edstico y social. Un evento n\u00e1utico deportivo que durante los\u00a0 \u00faltimos 30 a\u00f1os ha contribuido de una manera decisiva a fomentar y promocionar\u00a0 la navegaci\u00f3n de crucero en nuestro pa\u00eds.<\/p>\n<p><img loading=\"lazy\" decoding=\"async\" class=\"alignleft size-medium wp-image-2769\" src=\"https:\/\/larutadelasal.com\/custom\/uploads\/2018\/03\/AFB3568A1-500x334.jpg\" alt=\"_AFB3568A1\" width=\"500\" height=\"334\" \/><\/p>\n<p>La Ruta de la Sal es una de las regatas de altura m\u00e1s consolidadas del Mediterr\u00e1neo, l\u00edder indiscutible en \u00edndices de participaci\u00f3n y popularidad. Durante estos 31\u00a0 a\u00f1os han navegado en La Sal\u00a0 unas 5.900 embarcaciones tripuladas por cerca de 40.500 regatistas, y\u00a0 se han cubierto unas 8.120\u00a0 millas de competici\u00f3n por el Mar Balear.<\/p>\n<p>Es dif\u00edcil encontrar un aficionado a la navegaci\u00f3n que no haya participado en esta prueba. Patrones, tripulaciones, amigos, desde todos los puntos de Espa\u00f1a, se concentran desde hace m\u00e1s de 30 a\u00f1os, durante la noche de Luna Llena del Jueves Santo, en los tres puertos de salida de esta regata, para alcanzar todos una meta: la isla de Ibiza en el CN Sant Antoni Portmany. Los vencedores de la prueba recibir\u00e1n un reloj quatix\u00ae 5, de Garmin.<\/p>\n<p><strong>Tres Salidas, una meta: Ibiza<\/strong><\/p>\n<p>La Versi\u00f3n de Barcelona zarpar\u00e1 desde Port Ginesta con rumbo a Ibiza, 140 millas hasta la l\u00ednea de llegada en Sant Antoni de Portmany. La Versi\u00f3n Denia, largar\u00e1 desde el RCN Denia, dejando las islas de Formentera, Tagomago e Ibiza por babor, en total unas 120 millas. La Versi\u00f3n Mallorca tendr\u00e1 su salida desde el CV Andratx con rumbo a Sant Antoni de Ibiza, dejando las islas de Tagomago, Formentera, Es Vedr\u00e0, Bledas y Conejera por estribor. Distancia m\u00ednima aproximada 103 millas.<\/p>\n<p>Solo con repasar el palmar\u00e9s y el listado de inscritos que han pasado por la Ruta de la Sal, desde el lejano 1989 hasta ahora mismo, se corrobora la importancia de la prueba. Navegantes destacados de la nautica internacional han pasado y muchos se han formado, en La Sal, tal como llaman a esta regata sus amigos. Alex Pella, Toni Guiu, Enrique Curt, Bubi Sams\u00f3,\u00a0 Guillermo Altadill,\u00a0 Vicente Garc\u00eda, Jaime Olazabal, Jes\u00fas Turr\u00f3 y un interminable etc. son algunos de los navegantes de La Sal, que han participado en esta prueba.<\/p>\n<p><img loading=\"lazy\" decoding=\"async\" class=\"alignleft size-medium wp-image-2770\" src=\"https:\/\/larutadelasal.com\/custom\/uploads\/2018\/03\/AFB3715-500x334.jpg\" alt=\"_AFB3715\" width=\"500\" height=\"334\" \/><strong>Cupo m\u00e1ximo de 175 embarcaciones<\/strong><\/p>\n<p>Este a\u00f1o La Ruta de La Sal ha superado todas las previsiones, con muchas m\u00e1s solicitudes de participaci\u00f3n que las que la organizaci\u00f3n puede aceptar, por las l\u00f3gicas limitaciones de amarres en Sant Antoni de Portmany la organizaci\u00f3n ha establecido un cupo m\u00e1ximo de embarcaciones fijado, para este a\u00f1o, de 175 equipos.<\/p>\n<p><strong>Apoyos a la Ruta de la Sal<\/strong><\/p>\n<p>El apoyo a La Ruta de la Sal por parte de instituciones, clubes, puertos, personalidades vinculados con la n\u00e1utica, as\u00ed como de empresas patrocinadoras, es importante.<\/p>\n<p>El acto, cont\u00f3 con la asistencia del presidente del Consell d\u2019Eivissa, Vicent Torres Guasch, del conceller de Turisme del Consell d\u2019Eivissa, Vicent Torres Ferrer, el Alcalde de Sant Antoni, Jos\u00e9 Tur Torres, el Capit\u00e1n Mar\u00edtimo de Barcelona, Javier Valencia, la Jefe de Salvamento Maritimo de Barcelona, Eulalia Puig, el director del Sal\u00f3n N\u00e1utico de Barcelona, Jordi Freixas, el vicepresidente del CV Port Andratx, Antonio Matas, el presidente del CMPort Ginesta, Jordi Tubella, el presidente de la RANC, August Vallve, as\u00ed como los responsables de las empresas Garmin, Autolica Mercedes Benz, Ausmar, Higfield, Trasmediterr\u00e1nea, Marina Estrella, Yamaha, Fyord, Gramona, Pantaenius.<\/p>\n<p><a href=\"https:\/\/www.flickr.com\/photos\/circuitoanam\/sets\/72157694203852135\">Enlace Fotos del Acto<\/a>:<\/p>\n<p>&nbsp;<\/p>\n<p><img loading=\"lazy\" decoding=\"async\" class=\"alignleft size-medium wp-image-2768\" src=\"https:\/\/larutadelasal.com\/custom\/uploads\/2018\/03\/AFB3766-500x334.jpg\" alt=\"_AFB3766\" width=\"500\" height=\"334\" \/><\/p>\n<p>&nbsp;<\/p>\n<p>&nbsp;<\/p>\n<p><img loading=\"lazy\" decoding=\"async\" class=\"alignleft size-medium wp-image-2767\" src=\"https:\/\/larutadelasal.com\/custom\/uploads\/2018\/03\/AFB3619B2-500x334.jpg\" alt=\"_AFB3619B2\" width=\"500\" height=\"334\" \/><\/p>\n","protected":false},"excerpt":{"rendered":"<p>Una regata que forma parte del ADN de Ibiza Barcelona, 6 de marzo, 2018.- Hoy ha tenido lugar en el c\u00e9ntrico restaurante barcelon\u00e9s Brasserie Flo, la presentaci\u00f3n de la XXXI edici\u00f3n de la regata de altura Ruta de la Sal. En la presentaci\u00f3n de esta edici\u00f3n la regata ha contado con la presencia del president [&hellip;]<\/p>\n","protected":false},"author":1,"featured_media":3608,"comment_status":"open","ping_status":"open","sticky":false,"template":"","format":"standard","meta":{"_acf_changed":false,"footnotes":""},"categories":[3],"tags":[],"acf":[],"yoast_head":"<!-- This site is optimized with the Yoast SEO plugin v23.0 - https:\/\/yoast.com\/wordpress\/plugins\/seo\/ -->\n<title>PRESENTACION DE LA RUTA DE LA SAL 2018: La Ruta de la Sal moviliza de nuevo a los navegantes de la vela en el Mediterr\u00e1neo | Regata La Ruta de la Sal<\/title>\n<meta name=\"robots\" content=\"noindex, follow, max-snippet:-1, max-image-preview:large, max-video-preview:-1\" \/>\n<meta property=\"og:locale\" content=\"es_ES\" \/>\n<meta property=\"og:type\" content=\"article\" \/>\n<meta property=\"og:title\" content=\"PRESENTACION DE LA RUTA DE LA SAL 2018: La Ruta de la Sal moviliza de nuevo a los navegantes de la vela en el Mediterr\u00e1neo | Regata La Ruta de la Sal\" \/>\n<meta property=\"og:description\" content=\"Una regata que forma parte del ADN de Ibiza Barcelona, 6 de marzo, 2018.- Hoy ha tenido lugar en el c\u00e9ntrico restaurante barcelon\u00e9s Brasserie Flo, la presentaci\u00f3n de la XXXI edici\u00f3n de la regata de altura Ruta de la Sal. En la presentaci\u00f3n de esta edici\u00f3n la regata ha contado con la presencia del president [&hellip;]\" \/>\n<meta property=\"og:url\" content=\"https:\/\/labs.100x100.net\/projects\/rutasal\/presentacion-de-la-ruta-de-la-sal-2018-la-ruta-de-la-sal-moviliza-de-nuevo-a-los-navegantes-de-la-vela-en-el-mediterraneo\/\" \/>\n<meta property=\"og:site_name\" content=\"Regata La Ruta de la Sal\" \/>\n<meta property=\"article:publisher\" content=\"https:\/\/www.facebook.com\/rutadelasal\/\" \/>\n<meta property=\"article:published_time\" content=\"2018-03-06T16:18:36+00:00\" \/>\n<meta property=\"article:modified_time\" content=\"2019-03-07T09:55:07+00:00\" \/>\n<meta property=\"og:image\" content=\"https:\/\/labs.100x100.net\/projects\/rutasal\/custom\/uploads\/2018\/03\/AFB3619B2-500x334.jpg\" \/>\n\t<meta property=\"og:image:width\" content=\"500\" \/>\n\t<meta property=\"og:image:height\" content=\"334\" \/>\n\t<meta property=\"og:image:type\" content=\"image\/jpeg\" \/>\n<meta name=\"author\" content=\"La Ruta de la Sal\" \/>\n<meta name=\"twitter:card\" content=\"summary_large_image\" \/>\n<meta name=\"twitter:creator\" content=\"@AnamMedi\" \/>\n<meta name=\"twitter:site\" content=\"@AnamMedi\" \/>\n<meta name=\"twitter:label1\" content=\"Escrito por\" \/>\n\t<meta name=\"twitter:data1\" content=\"La Ruta de la Sal\" \/>\n\t<meta name=\"twitter:label2\" content=\"Tiempo de lectura\" \/>\n\t<meta name=\"twitter:data2\" content=\"5 minutos\" \/>\n<script type=\"application\/ld+json\" class=\"yoast-schema-graph\">{\"@context\":\"https:\/\/schema.org\",\"@graph\":[{\"@type\":\"WebPage\",\"@id\":\"https:\/\/labs.100x100.net\/projects\/rutasal\/presentacion-de-la-ruta-de-la-sal-2018-la-ruta-de-la-sal-moviliza-de-nuevo-a-los-navegantes-de-la-vela-en-el-mediterraneo\/\",\"url\":\"https:\/\/labs.100x100.net\/projects\/rutasal\/presentacion-de-la-ruta-de-la-sal-2018-la-ruta-de-la-sal-moviliza-de-nuevo-a-los-navegantes-de-la-vela-en-el-mediterraneo\/\",\"name\":\"PRESENTACION DE LA RUTA DE LA SAL 2018: La Ruta de la Sal moviliza de nuevo a los navegantes de la vela en el Mediterr\u00e1neo | Regata La Ruta de la Sal\",\"isPartOf\":{\"@id\":\"https:\/\/labs.100x100.net\/projects\/rutasal\/#website\"},\"primaryImageOfPage\":{\"@id\":\"https:\/\/labs.100x100.net\/projects\/rutasal\/presentacion-de-la-ruta-de-la-sal-2018-la-ruta-de-la-sal-moviliza-de-nuevo-a-los-navegantes-de-la-vela-en-el-mediterraneo\/#primaryimage\"},\"image\":{\"@id\":\"https:\/\/labs.100x100.net\/projects\/rutasal\/presentacion-de-la-ruta-de-la-sal-2018-la-ruta-de-la-sal-moviliza-de-nuevo-a-los-navegantes-de-la-vela-en-el-mediterraneo\/#primaryimage\"},\"thumbnailUrl\":\"https:\/\/labs.100x100.net\/projects\/rutasal\/custom\/uploads\/2018\/03\/AFB3619B2-500x334.jpg\",\"datePublished\":\"2018-03-06T16:18:36+00:00\",\"dateModified\":\"2019-03-07T09:55:07+00:00\",\"author\":{\"@id\":\"https:\/\/labs.100x100.net\/projects\/rutasal\/#\/schema\/person\/214eeb4a2e78fd8373a0a94f6d93c9ca\"},\"breadcrumb\":{\"@id\":\"https:\/\/labs.100x100.net\/projects\/rutasal\/presentacion-de-la-ruta-de-la-sal-2018-la-ruta-de-la-sal-moviliza-de-nuevo-a-los-navegantes-de-la-vela-en-el-mediterraneo\/#breadcrumb\"},\"inLanguage\":\"es\",\"potentialAction\":[{\"@type\":\"ReadAction\",\"target\":[\"https:\/\/labs.100x100.net\/projects\/rutasal\/presentacion-de-la-ruta-de-la-sal-2018-la-ruta-de-la-sal-moviliza-de-nuevo-a-los-navegantes-de-la-vela-en-el-mediterraneo\/\"]}]},{\"@type\":\"ImageObject\",\"inLanguage\":\"es\",\"@id\":\"https:\/\/labs.100x100.net\/projects\/rutasal\/presentacion-de-la-ruta-de-la-sal-2018-la-ruta-de-la-sal-moviliza-de-nuevo-a-los-navegantes-de-la-vela-en-el-mediterraneo\/#primaryimage\",\"url\":\"https:\/\/labs.100x100.net\/projects\/rutasal\/custom\/uploads\/2018\/03\/AFB3619B2-500x334.jpg\",\"contentUrl\":\"https:\/\/labs.100x100.net\/projects\/rutasal\/custom\/uploads\/2018\/03\/AFB3619B2-500x334.jpg\",\"width\":500,\"height\":334},{\"@type\":\"BreadcrumbList\",\"@id\":\"https:\/\/labs.100x100.net\/projects\/rutasal\/presentacion-de-la-ruta-de-la-sal-2018-la-ruta-de-la-sal-moviliza-de-nuevo-a-los-navegantes-de-la-vela-en-el-mediterraneo\/#breadcrumb\",\"itemListElement\":[{\"@type\":\"ListItem\",\"position\":1,\"name\":\"Portada\",\"item\":\"https:\/\/labs.100x100.net\/projects\/rutasal\/\"},{\"@type\":\"ListItem\",\"position\":2,\"name\":\"PRESENTACION DE LA RUTA DE LA SAL 2018: La Ruta de la Sal moviliza de nuevo a los navegantes de la vela en el Mediterr\u00e1neo\"}]},{\"@type\":\"WebSite\",\"@id\":\"https:\/\/labs.100x100.net\/projects\/rutasal\/#website\",\"url\":\"https:\/\/labs.100x100.net\/projects\/rutasal\/\",\"name\":\"Regata La Ruta de la Sal\",\"description\":\"Regata La Ruta de la Sal es una regata de Altura Mediterr\u00e1nea para barcos de crucero a vela con destino en Ibiza, que se disputa anualmente en Semana Santa.\",\"potentialAction\":[{\"@type\":\"SearchAction\",\"target\":{\"@type\":\"EntryPoint\",\"urlTemplate\":\"https:\/\/labs.100x100.net\/projects\/rutasal\/?s={search_term_string}\"},\"query-input\":\"required name=search_term_string\"}],\"inLanguage\":\"es\"},{\"@type\":\"Person\",\"@id\":\"https:\/\/labs.100x100.net\/projects\/rutasal\/#\/schema\/person\/214eeb4a2e78fd8373a0a94f6d93c9ca\",\"name\":\"La Ruta de la Sal\",\"image\":{\"@type\":\"ImageObject\",\"inLanguage\":\"es\",\"@id\":\"https:\/\/labs.100x100.net\/projects\/rutasal\/#\/schema\/person\/image\/\",\"url\":\"https:\/\/secure.gravatar.com\/avatar\/b247286d4b801d6b1cfcfb3807587284?s=96&d=mm&r=g\",\"contentUrl\":\"https:\/\/secure.gravatar.com\/avatar\/b247286d4b801d6b1cfcfb3807587284?s=96&d=mm&r=g\",\"caption\":\"La Ruta de la Sal\"}}]}<\/script>\n<!-- \/ Yoast SEO plugin. -->","yoast_head_json":{"title":"PRESENTACION DE LA RUTA DE LA SAL 2018: La Ruta de la Sal moviliza de nuevo a los navegantes de la vela en el Mediterr\u00e1neo | Regata La Ruta de la Sal","robots":{"index":"noindex","follow":"follow","max-snippet":"max-snippet:-1","max-image-preview":"max-image-preview:large","max-video-preview":"max-video-preview:-1"},"og_locale":"es_ES","og_type":"article","og_title":"PRESENTACION DE LA RUTA DE LA SAL 2018: La Ruta de la Sal moviliza de nuevo a los navegantes de la vela en el Mediterr\u00e1neo | Regata La Ruta de la Sal","og_description":"Una regata que forma parte del ADN de Ibiza Barcelona, 6 de marzo, 2018.- Hoy ha tenido lugar en el c\u00e9ntrico restaurante barcelon\u00e9s Brasserie Flo, la presentaci\u00f3n de la XXXI edici\u00f3n de la regata de altura Ruta de la Sal. En la presentaci\u00f3n de esta edici\u00f3n la regata ha contado con la presencia del president [&hellip;]","og_url":"https:\/\/labs.100x100.net\/projects\/rutasal\/presentacion-de-la-ruta-de-la-sal-2018-la-ruta-de-la-sal-moviliza-de-nuevo-a-los-navegantes-de-la-vela-en-el-mediterraneo\/","og_site_name":"Regata La Ruta de la Sal","article_publisher":"https:\/\/www.facebook.com\/rutadelasal\/","article_published_time":"2018-03-06T16:18:36+00:00","article_modified_time":"2019-03-07T09:55:07+00:00","og_image":[{"width":500,"height":334,"url":"https:\/\/labs.100x100.net\/projects\/rutasal\/custom\/uploads\/2018\/03\/AFB3619B2-500x334.jpg","type":"image\/jpeg"}],"author":"La Ruta de la Sal","twitter_card":"summary_large_image","twitter_creator":"@AnamMedi","twitter_site":"@AnamMedi","twitter_misc":{"Escrito por":"La Ruta de la Sal","Tiempo de lectura":"5 minutos"},"schema":{"@context":"https:\/\/schema.org","@graph":[{"@type":"WebPage","@id":"https:\/\/labs.100x100.net\/projects\/rutasal\/presentacion-de-la-ruta-de-la-sal-2018-la-ruta-de-la-sal-moviliza-de-nuevo-a-los-navegantes-de-la-vela-en-el-mediterraneo\/","url":"https:\/\/labs.100x100.net\/projects\/rutasal\/presentacion-de-la-ruta-de-la-sal-2018-la-ruta-de-la-sal-moviliza-de-nuevo-a-los-navegantes-de-la-vela-en-el-mediterraneo\/","name":"PRESENTACION DE LA RUTA DE LA SAL 2018: La Ruta de la Sal moviliza de nuevo a los navegantes de la vela en el Mediterr\u00e1neo | Regata La Ruta de la Sal","isPartOf":{"@id":"https:\/\/labs.100x100.net\/projects\/rutasal\/#website"},"primaryImageOfPage":{"@id":"https:\/\/labs.100x100.net\/projects\/rutasal\/presentacion-de-la-ruta-de-la-sal-2018-la-ruta-de-la-sal-moviliza-de-nuevo-a-los-navegantes-de-la-vela-en-el-mediterraneo\/#primaryimage"},"image":{"@id":"https:\/\/labs.100x100.net\/projects\/rutasal\/presentacion-de-la-ruta-de-la-sal-2018-la-ruta-de-la-sal-moviliza-de-nuevo-a-los-navegantes-de-la-vela-en-el-mediterraneo\/#primaryimage"},"thumbnailUrl":"https:\/\/labs.100x100.net\/projects\/rutasal\/custom\/uploads\/2018\/03\/AFB3619B2-500x334.jpg","datePublished":"2018-03-06T16:18:36+00:00","dateModified":"2019-03-07T09:55:07+00:00","author":{"@id":"https:\/\/labs.100x100.net\/projects\/rutasal\/#\/schema\/person\/214eeb4a2e78fd8373a0a94f6d93c9ca"},"breadcrumb":{"@id":"https:\/\/labs.100x100.net\/projects\/rutasal\/presentacion-de-la-ruta-de-la-sal-2018-la-ruta-de-la-sal-moviliza-de-nuevo-a-los-navegantes-de-la-vela-en-el-mediterraneo\/#breadcrumb"},"inLanguage":"es","potentialAction":[{"@type":"ReadAction","target":["https:\/\/labs.100x100.net\/projects\/rutasal\/presentacion-de-la-ruta-de-la-sal-2018-la-ruta-de-la-sal-moviliza-de-nuevo-a-los-navegantes-de-la-vela-en-el-mediterraneo\/"]}]},{"@type":"ImageObject","inLanguage":"es","@id":"https:\/\/labs.100x100.net\/projects\/rutasal\/presentacion-de-la-ruta-de-la-sal-2018-la-ruta-de-la-sal-moviliza-de-nuevo-a-los-navegantes-de-la-vela-en-el-mediterraneo\/#primaryimage","url":"https:\/\/labs.100x100.net\/projects\/rutasal\/custom\/uploads\/2018\/03\/AFB3619B2-500x334.jpg","contentUrl":"https:\/\/labs.100x100.net\/projects\/rutasal\/custom\/uploads\/2018\/03\/AFB3619B2-500x334.jpg","width":500,"height":334},{"@type":"BreadcrumbList","@id":"https:\/\/labs.100x100.net\/projects\/rutasal\/presentacion-de-la-ruta-de-la-sal-2018-la-ruta-de-la-sal-moviliza-de-nuevo-a-los-navegantes-de-la-vela-en-el-mediterraneo\/#breadcrumb","itemListElement":[{"@type":"ListItem","position":1,"name":"Portada","item":"https:\/\/labs.100x100.net\/projects\/rutasal\/"},{"@type":"ListItem","position":2,"name":"PRESENTACION DE LA RUTA DE LA SAL 2018: La Ruta de la Sal moviliza de nuevo a los navegantes de la vela en el Mediterr\u00e1neo"}]},{"@type":"WebSite","@id":"https:\/\/labs.100x100.net\/projects\/rutasal\/#website","url":"https:\/\/labs.100x100.net\/projects\/rutasal\/","name":"Regata La Ruta de la Sal","description":"Regata La Ruta de la Sal es una regata de Altura Mediterr\u00e1nea para barcos de crucero a vela con destino en Ibiza, que se disputa anualmente en Semana Santa.","potentialAction":[{"@type":"SearchAction","target":{"@type":"EntryPoint","urlTemplate":"https:\/\/labs.100x100.net\/projects\/rutasal\/?s={search_term_string}"},"query-input":"required name=search_term_string"}],"inLanguage":"es"},{"@type":"Person","@id":"https:\/\/labs.100x100.net\/projects\/rutasal\/#\/schema\/person\/214eeb4a2e78fd8373a0a94f6d93c9ca","name":"La Ruta de la Sal","image":{"@type":"ImageObject","inLanguage":"es","@id":"https:\/\/labs.100x100.net\/projects\/rutasal\/#\/schema\/person\/image\/","url":"https:\/\/secure.gravatar.com\/avatar\/b247286d4b801d6b1cfcfb3807587284?s=96&d=mm&r=g","contentUrl":"https:\/\/secure.gravatar.com\/avatar\/b247286d4b801d6b1cfcfb3807587284?s=96&d=mm&r=g","caption":"La Ruta de la Sal"}}]}},"_links":{"self":[{"href":"https:\/\/labs.100x100.net\/projects\/rutasal\/wp-json\/wp\/v2\/posts\/2764"}],"collection":[{"href":"https:\/\/labs.100x100.net\/projects\/rutasal\/wp-json\/wp\/v2\/posts"}],"about":[{"href":"https:\/\/labs.100x100.net\/projects\/rutasal\/wp-json\/wp\/v2\/types\/post"}],"author":[{"embeddable":true,"href":"https:\/\/labs.100x100.net\/projects\/rutasal\/wp-json\/wp\/v2\/users\/1"}],"replies":[{"embeddable":true,"href":"https:\/\/labs.100x100.net\/projects\/rutasal\/wp-json\/wp\/v2\/comments?post=2764"}],"version-history":[{"count":1,"href":"https:\/\/labs.100x100.net\/projects\/rutasal\/wp-json\/wp\/v2\/posts\/2764\/revisions"}],"predecessor-version":[{"id":3464,"href":"https:\/\/labs.100x100.net\/projects\/rutasal\/wp-json\/wp\/v2\/posts\/2764\/revisions\/3464"}],"wp:featuredmedia":[{"embeddable":true,"href":"https:\/\/labs.100x100.net\/projects\/rutasal\/wp-json\/wp\/v2\/media\/3608"}],"wp:attachment":[{"href":"https:\/\/labs.100x100.net\/projects\/rutasal\/wp-json\/wp\/v2\/media?parent=2764"}],"wp:term":[{"taxonomy":"category","embeddable":true,"href":"https:\/\/labs.100x100.net\/projects\/rutasal\/wp-json\/wp\/v2\/categories?post=2764"},{"taxonomy":"post_tag","embeddable":true,"href":"https:\/\/labs.100x100.net\/projects\/rutasal\/wp-json\/wp\/v2\/tags?post=2764"}],"curies":[{"name":"wp","href":"https:\/\/api.w.org\/{rel}","templated":true}]}}