{"id":2753,"date":"2018-03-05T15:22:56","date_gmt":"2018-03-05T13:22:56","guid":{"rendered":"https:\/\/larutadelasal.com\/?p=2753"},"modified":"2019-03-07T11:55:50","modified_gmt":"2019-03-07T09:55:50","slug":"todo-a-punto-para-la-31-ruta-de-la-sal","status":"publish","type":"post","link":"https:\/\/labs.100x100.net\/projects\/rutasal\/todo-a-punto-para-la-31-ruta-de-la-sal\/","title":{"rendered":"Todo a punto para la 31 Ruta de la Sal"},"content":{"rendered":"<p><img loading=\"lazy\" decoding=\"async\" class=\"alignleft size-medium wp-image-1129\" src=\"https:\/\/larutadelasal.com\/custom\/uploads\/2012\/07\/AFB0275-500x260.jpg\" alt=\"_AFB0275\" width=\"500\" height=\"260\" \/><em>La isla de Ibiza protagonista de La Ruta de la Sal<\/em><\/p>\n<p><em>El mar Balear e Ibiza de nuevo dispuestas a acoger a la regata m\u00e1s popular de la vela trasmediterr\u00e1nea<\/em><\/p>\n<p>El pr\u00f3ximo d\u00eda 29 de marzo,\u00a0 Jueves Santo,\u00a0 comenzar\u00e1 la 31 edici\u00f3n de la Regata de Altura de la Ruta de la Sal con salidas desde el CM Port Ginesta para la Versi\u00f3n Barcelona de la regata; RCN Denia para Versi\u00f3n Denia, y CV Port d\u2019Andratx para Versi\u00f3n Mallorca de La Sal; con llegada \u00a0en en el CN Sant Antoni de Portmany en Ibiza. En esta ocasi\u00f3n la regata trasmediterr\u00e1nea reunir\u00e1 a m\u00e1s de 170 embarcaciones y unos 1.200 regatistas.<\/p>\n<p>Un evento n\u00e1utico deportivo que durante los \u00faltimos 30 a\u00f1os ha contribuido de una manera decisiva a fomentar y promocionar\u00a0 la navegaci\u00f3n de crucero en nuestro pa\u00eds que tiene como destino la isla de Ibiza.<\/p>\n<p>La Ruta de la Sal es una de las regatas de altura-media m\u00e1s consolidadas del Mediterr\u00e1neo, l\u00edder indiscutible en \u00edndices de participaci\u00f3n y popularidad. Durante estos 31\u00a0 a\u00f1os han navegado en La Sal\u00a0 unas 5.900 embarcaciones tripuladas por cerca de 40.500 regatistas, y\u00a0 se han cubierto unas 8.120\u00a0 millas de competici\u00f3n por el Mar Balear.<\/p>\n<p>Una regata exigente y con muchas variables que hacen que sea t\u00e9cnica y t\u00e1cticamente compleja<\/p>\n<p><strong>\u00a0<\/strong><strong>Cupo m\u00e1ximo de 175 embarcaciones<\/strong><\/p>\n<p>La Ruta de La Sal ha superado todas las previsiones, con muchas m\u00e1s solicitudes de participaci\u00f3n que las que la organizaci\u00f3n puede aceptar, por las l\u00f3gicas limitaciones de amarres en Sant Antoni de Portmany; por lo que se la organizaci\u00f3n ha establecido un cupo m\u00e1ximo de embarcaciones fijado, para este a\u00f1o, de 175 equipos,\u00a0 lo que ha provocado la existencia de una\u00a0 importante lista de espera, dependiente, en todos los casos,\u00a0 de bajas en los listados oficiales provisionales.<\/p>\n<p>En esta edici\u00f3n es importante la entrada de embarcaciones con pabellones de pa\u00edses como Rusia, Italia,\u00a0 Alemania, Inglaterra, Suiza, Luxemburgo, Portugal\u00a0 y, muy especialmente Francia, que, en su mayor\u00eda, provienen de puertos de las costas Mediterr\u00e1neas del Languedoc-Rosell\u00f3n y Provenza-Costa Azul.<\/p>\n<p>La presentaci\u00f3n oficial de esta 31 edici\u00f3n est\u00e1 presidida por el President del Consell d\u2019Eivissa, Vicent Torres Guasch, junto con el alcalde de Sant Antoni de Portmany, Josep Tur, el director Insular de Turisme , Vicent Torres Ferrer y el director de la regata, Enric Curt. Tambi\u00e9n est\u00e1n presentes los presidentes de los clubes colaboradores, Federaciones y patrocinadores de la prueba.<\/p>\n","protected":false},"excerpt":{"rendered":"<p>La isla de Ibiza protagonista de La Ruta de la Sal El mar Balear e Ibiza de nuevo dispuestas a acoger a la regata m\u00e1s popular de la vela trasmediterr\u00e1nea El pr\u00f3ximo d\u00eda 29 de marzo,\u00a0 Jueves Santo,\u00a0 comenzar\u00e1 la 31 edici\u00f3n de la Regata de Altura de la Ruta de la Sal con salidas [&hellip;]<\/p>\n","protected":false},"author":1,"featured_media":3609,"comment_status":"open","ping_status":"open","sticky":false,"template":"","format":"standard","meta":{"_acf_changed":false,"footnotes":""},"categories":[3],"tags":[],"acf":[],"yoast_head":"<!-- This site is optimized with the Yoast SEO plugin v23.0 - https:\/\/yoast.com\/wordpress\/plugins\/seo\/ -->\n<title>Todo a punto para la 31 Ruta de la Sal | Regata La Ruta de la Sal<\/title>\n<meta name=\"robots\" content=\"noindex, follow, max-snippet:-1, max-image-preview:large, max-video-preview:-1\" \/>\n<meta property=\"og:locale\" content=\"es_ES\" \/>\n<meta property=\"og:type\" content=\"article\" \/>\n<meta property=\"og:title\" content=\"Todo a punto para la 31 Ruta de la Sal | Regata La Ruta de la Sal\" \/>\n<meta property=\"og:description\" content=\"La isla de Ibiza protagonista de La Ruta de la Sal El mar Balear e Ibiza de nuevo dispuestas a acoger a la regata m\u00e1s popular de la vela trasmediterr\u00e1nea El pr\u00f3ximo d\u00eda 29 de marzo,\u00a0 Jueves Santo,\u00a0 comenzar\u00e1 la 31 edici\u00f3n de la Regata de Altura de la Ruta de la Sal con salidas [&hellip;]\" \/>\n<meta property=\"og:url\" content=\"https:\/\/labs.100x100.net\/projects\/rutasal\/todo-a-punto-para-la-31-ruta-de-la-sal\/\" \/>\n<meta property=\"og:site_name\" content=\"Regata La Ruta de la Sal\" \/>\n<meta property=\"article:publisher\" content=\"https:\/\/www.facebook.com\/rutadelasal\/\" \/>\n<meta property=\"article:published_time\" content=\"2018-03-05T13:22:56+00:00\" \/>\n<meta property=\"article:modified_time\" content=\"2019-03-07T09:55:50+00:00\" \/>\n<meta property=\"og:image\" content=\"https:\/\/labs.100x100.net\/projects\/rutasal\/custom\/uploads\/2018\/03\/AFB0275-500x260.jpg\" \/>\n\t<meta property=\"og:image:width\" content=\"500\" \/>\n\t<meta property=\"og:image:height\" content=\"260\" \/>\n\t<meta property=\"og:image:type\" content=\"image\/jpeg\" \/>\n<meta name=\"author\" content=\"La Ruta de la Sal\" \/>\n<meta name=\"twitter:card\" content=\"summary_large_image\" \/>\n<meta name=\"twitter:creator\" content=\"@AnamMedi\" \/>\n<meta name=\"twitter:site\" content=\"@AnamMedi\" \/>\n<meta name=\"twitter:label1\" content=\"Escrito por\" \/>\n\t<meta name=\"twitter:data1\" content=\"La Ruta de la Sal\" \/>\n\t<meta name=\"twitter:label2\" content=\"Tiempo de lectura\" \/>\n\t<meta name=\"twitter:data2\" content=\"2 minutos\" \/>\n<script type=\"application\/ld+json\" class=\"yoast-schema-graph\">{\"@context\":\"https:\/\/schema.org\",\"@graph\":[{\"@type\":\"WebPage\",\"@id\":\"https:\/\/labs.100x100.net\/projects\/rutasal\/todo-a-punto-para-la-31-ruta-de-la-sal\/\",\"url\":\"https:\/\/labs.100x100.net\/projects\/rutasal\/todo-a-punto-para-la-31-ruta-de-la-sal\/\",\"name\":\"Todo a punto para la 31 Ruta de la Sal | Regata La Ruta de la Sal\",\"isPartOf\":{\"@id\":\"https:\/\/labs.100x100.net\/projects\/rutasal\/#website\"},\"primaryImageOfPage\":{\"@id\":\"https:\/\/labs.100x100.net\/projects\/rutasal\/todo-a-punto-para-la-31-ruta-de-la-sal\/#primaryimage\"},\"image\":{\"@id\":\"https:\/\/labs.100x100.net\/projects\/rutasal\/todo-a-punto-para-la-31-ruta-de-la-sal\/#primaryimage\"},\"thumbnailUrl\":\"https:\/\/labs.100x100.net\/projects\/rutasal\/custom\/uploads\/2018\/03\/AFB0275-500x260.jpg\",\"datePublished\":\"2018-03-05T13:22:56+00:00\",\"dateModified\":\"2019-03-07T09:55:50+00:00\",\"author\":{\"@id\":\"https:\/\/labs.100x100.net\/projects\/rutasal\/#\/schema\/person\/214eeb4a2e78fd8373a0a94f6d93c9ca\"},\"breadcrumb\":{\"@id\":\"https:\/\/labs.100x100.net\/projects\/rutasal\/todo-a-punto-para-la-31-ruta-de-la-sal\/#breadcrumb\"},\"inLanguage\":\"es\",\"potentialAction\":[{\"@type\":\"ReadAction\",\"target\":[\"https:\/\/labs.100x100.net\/projects\/rutasal\/todo-a-punto-para-la-31-ruta-de-la-sal\/\"]}]},{\"@type\":\"ImageObject\",\"inLanguage\":\"es\",\"@id\":\"https:\/\/labs.100x100.net\/projects\/rutasal\/todo-a-punto-para-la-31-ruta-de-la-sal\/#primaryimage\",\"url\":\"https:\/\/labs.100x100.net\/projects\/rutasal\/custom\/uploads\/2018\/03\/AFB0275-500x260.jpg\",\"contentUrl\":\"https:\/\/labs.100x100.net\/projects\/rutasal\/custom\/uploads\/2018\/03\/AFB0275-500x260.jpg\",\"width\":500,\"height\":260},{\"@type\":\"BreadcrumbList\",\"@id\":\"https:\/\/labs.100x100.net\/projects\/rutasal\/todo-a-punto-para-la-31-ruta-de-la-sal\/#breadcrumb\",\"itemListElement\":[{\"@type\":\"ListItem\",\"position\":1,\"name\":\"Portada\",\"item\":\"https:\/\/labs.100x100.net\/projects\/rutasal\/\"},{\"@type\":\"ListItem\",\"position\":2,\"name\":\"Todo a punto para la 31 Ruta de la Sal\"}]},{\"@type\":\"WebSite\",\"@id\":\"https:\/\/labs.100x100.net\/projects\/rutasal\/#website\",\"url\":\"https:\/\/labs.100x100.net\/projects\/rutasal\/\",\"name\":\"Regata La Ruta de la Sal\",\"description\":\"Regata La Ruta de la Sal es una regata de Altura Mediterr\u00e1nea para barcos de crucero a vela con destino en Ibiza, que se disputa anualmente en Semana Santa.\",\"potentialAction\":[{\"@type\":\"SearchAction\",\"target\":{\"@type\":\"EntryPoint\",\"urlTemplate\":\"https:\/\/labs.100x100.net\/projects\/rutasal\/?s={search_term_string}\"},\"query-input\":\"required name=search_term_string\"}],\"inLanguage\":\"es\"},{\"@type\":\"Person\",\"@id\":\"https:\/\/labs.100x100.net\/projects\/rutasal\/#\/schema\/person\/214eeb4a2e78fd8373a0a94f6d93c9ca\",\"name\":\"La Ruta de la Sal\",\"image\":{\"@type\":\"ImageObject\",\"inLanguage\":\"es\",\"@id\":\"https:\/\/labs.100x100.net\/projects\/rutasal\/#\/schema\/person\/image\/\",\"url\":\"https:\/\/secure.gravatar.com\/avatar\/b247286d4b801d6b1cfcfb3807587284?s=96&d=mm&r=g\",\"contentUrl\":\"https:\/\/secure.gravatar.com\/avatar\/b247286d4b801d6b1cfcfb3807587284?s=96&d=mm&r=g\",\"caption\":\"La Ruta de la Sal\"}}]}<\/script>\n<!-- \/ Yoast SEO plugin. -->","yoast_head_json":{"title":"Todo a punto para la 31 Ruta de la Sal | Regata La Ruta de la Sal","robots":{"index":"noindex","follow":"follow","max-snippet":"max-snippet:-1","max-image-preview":"max-image-preview:large","max-video-preview":"max-video-preview:-1"},"og_locale":"es_ES","og_type":"article","og_title":"Todo a punto para la 31 Ruta de la Sal | Regata La Ruta de la Sal","og_description":"La isla de Ibiza protagonista de La Ruta de la Sal El mar Balear e Ibiza de nuevo dispuestas a acoger a la regata m\u00e1s popular de la vela trasmediterr\u00e1nea El pr\u00f3ximo d\u00eda 29 de marzo,\u00a0 Jueves Santo,\u00a0 comenzar\u00e1 la 31 edici\u00f3n de la Regata de Altura de la Ruta de la Sal con salidas [&hellip;]","og_url":"https:\/\/labs.100x100.net\/projects\/rutasal\/todo-a-punto-para-la-31-ruta-de-la-sal\/","og_site_name":"Regata La Ruta de la Sal","article_publisher":"https:\/\/www.facebook.com\/rutadelasal\/","article_published_time":"2018-03-05T13:22:56+00:00","article_modified_time":"2019-03-07T09:55:50+00:00","og_image":[{"width":500,"height":260,"url":"https:\/\/labs.100x100.net\/projects\/rutasal\/custom\/uploads\/2018\/03\/AFB0275-500x260.jpg","type":"image\/jpeg"}],"author":"La Ruta de la Sal","twitter_card":"summary_large_image","twitter_creator":"@AnamMedi","twitter_site":"@AnamMedi","twitter_misc":{"Escrito por":"La Ruta de la Sal","Tiempo de lectura":"2 minutos"},"schema":{"@context":"https:\/\/schema.org","@graph":[{"@type":"WebPage","@id":"https:\/\/labs.100x100.net\/projects\/rutasal\/todo-a-punto-para-la-31-ruta-de-la-sal\/","url":"https:\/\/labs.100x100.net\/projects\/rutasal\/todo-a-punto-para-la-31-ruta-de-la-sal\/","name":"Todo a punto para la 31 Ruta de la Sal | Regata La Ruta de la Sal","isPartOf":{"@id":"https:\/\/labs.100x100.net\/projects\/rutasal\/#website"},"primaryImageOfPage":{"@id":"https:\/\/labs.100x100.net\/projects\/rutasal\/todo-a-punto-para-la-31-ruta-de-la-sal\/#primaryimage"},"image":{"@id":"https:\/\/labs.100x100.net\/projects\/rutasal\/todo-a-punto-para-la-31-ruta-de-la-sal\/#primaryimage"},"thumbnailUrl":"https:\/\/labs.100x100.net\/projects\/rutasal\/custom\/uploads\/2018\/03\/AFB0275-500x260.jpg","datePublished":"2018-03-05T13:22:56+00:00","dateModified":"2019-03-07T09:55:50+00:00","author":{"@id":"https:\/\/labs.100x100.net\/projects\/rutasal\/#\/schema\/person\/214eeb4a2e78fd8373a0a94f6d93c9ca"},"breadcrumb":{"@id":"https:\/\/labs.100x100.net\/projects\/rutasal\/todo-a-punto-para-la-31-ruta-de-la-sal\/#breadcrumb"},"inLanguage":"es","potentialAction":[{"@type":"ReadAction","target":["https:\/\/labs.100x100.net\/projects\/rutasal\/todo-a-punto-para-la-31-ruta-de-la-sal\/"]}]},{"@type":"ImageObject","inLanguage":"es","@id":"https:\/\/labs.100x100.net\/projects\/rutasal\/todo-a-punto-para-la-31-ruta-de-la-sal\/#primaryimage","url":"https:\/\/labs.100x100.net\/projects\/rutasal\/custom\/uploads\/2018\/03\/AFB0275-500x260.jpg","contentUrl":"https:\/\/labs.100x100.net\/projects\/rutasal\/custom\/uploads\/2018\/03\/AFB0275-500x260.jpg","width":500,"height":260},{"@type":"BreadcrumbList","@id":"https:\/\/labs.100x100.net\/projects\/rutasal\/todo-a-punto-para-la-31-ruta-de-la-sal\/#breadcrumb","itemListElement":[{"@type":"ListItem","position":1,"name":"Portada","item":"https:\/\/labs.100x100.net\/projects\/rutasal\/"},{"@type":"ListItem","position":2,"name":"Todo a punto para la 31 Ruta de la Sal"}]},{"@type":"WebSite","@id":"https:\/\/labs.100x100.net\/projects\/rutasal\/#website","url":"https:\/\/labs.100x100.net\/projects\/rutasal\/","name":"Regata La Ruta de la Sal","description":"Regata La Ruta de la Sal es una regata de Altura Mediterr\u00e1nea para barcos de crucero a vela con destino en Ibiza, que se disputa anualmente en Semana Santa.","potentialAction":[{"@type":"SearchAction","target":{"@type":"EntryPoint","urlTemplate":"https:\/\/labs.100x100.net\/projects\/rutasal\/?s={search_term_string}"},"query-input":"required name=search_term_string"}],"inLanguage":"es"},{"@type":"Person","@id":"https:\/\/labs.100x100.net\/projects\/rutasal\/#\/schema\/person\/214eeb4a2e78fd8373a0a94f6d93c9ca","name":"La Ruta de la Sal","image":{"@type":"ImageObject","inLanguage":"es","@id":"https:\/\/labs.100x100.net\/projects\/rutasal\/#\/schema\/person\/image\/","url":"https:\/\/secure.gravatar.com\/avatar\/b247286d4b801d6b1cfcfb3807587284?s=96&d=mm&r=g","contentUrl":"https:\/\/secure.gravatar.com\/avatar\/b247286d4b801d6b1cfcfb3807587284?s=96&d=mm&r=g","caption":"La Ruta de la Sal"}}]}},"_links":{"self":[{"href":"https:\/\/labs.100x100.net\/projects\/rutasal\/wp-json\/wp\/v2\/posts\/2753"}],"collection":[{"href":"https:\/\/labs.100x100.net\/projects\/rutasal\/wp-json\/wp\/v2\/posts"}],"about":[{"href":"https:\/\/labs.100x100.net\/projects\/rutasal\/wp-json\/wp\/v2\/types\/post"}],"author":[{"embeddable":true,"href":"https:\/\/labs.100x100.net\/projects\/rutasal\/wp-json\/wp\/v2\/users\/1"}],"replies":[{"embeddable":true,"href":"https:\/\/labs.100x100.net\/projects\/rutasal\/wp-json\/wp\/v2\/comments?post=2753"}],"version-history":[{"count":1,"href":"https:\/\/labs.100x100.net\/projects\/rutasal\/wp-json\/wp\/v2\/posts\/2753\/revisions"}],"predecessor-version":[{"id":3465,"href":"https:\/\/labs.100x100.net\/projects\/rutasal\/wp-json\/wp\/v2\/posts\/2753\/revisions\/3465"}],"wp:featuredmedia":[{"embeddable":true,"href":"https:\/\/labs.100x100.net\/projects\/rutasal\/wp-json\/wp\/v2\/media\/3609"}],"wp:attachment":[{"href":"https:\/\/labs.100x100.net\/projects\/rutasal\/wp-json\/wp\/v2\/media?parent=2753"}],"wp:term":[{"taxonomy":"category","embeddable":true,"href":"https:\/\/labs.100x100.net\/projects\/rutasal\/wp-json\/wp\/v2\/categories?post=2753"},{"taxonomy":"post_tag","embeddable":true,"href":"https:\/\/labs.100x100.net\/projects\/rutasal\/wp-json\/wp\/v2\/tags?post=2753"}],"curies":[{"name":"wp","href":"https:\/\/api.w.org\/{rel}","templated":true}]}}