{"id":2732,"date":"2018-01-17T15:47:42","date_gmt":"2018-01-17T13:47:42","guid":{"rendered":"https:\/\/larutadelasal.com\/?p=2732"},"modified":"2019-03-07T11:56:44","modified_gmt":"2019-03-07T09:56:44","slug":"la-31a-edicion-de-la-ruta-de-la-sal-se-presenta-en-fitur","status":"publish","type":"post","link":"https:\/\/labs.100x100.net\/projects\/rutasal\/la-31a-edicion-de-la-ruta-de-la-sal-se-presenta-en-fitur\/","title":{"rendered":"La 31\u00aa edicion de La Ruta de la Sal se presenta en FITUR"},"content":{"rendered":"<p style=\"font-weight: 400;\">Hoy mi\u00e9rcoles se ha presentado en FITUR, en el estand de Ibiza, la 31 edici\u00f3n de\u00a0<strong><em>La Ruta de la Sal<\/em><\/strong><em>,<\/em>\u00a0la regata de Vela de Crucero con mayor participaci\u00f3n\u00a0 del Mediterr\u00e1neo como evento deportivo y tur\u00edstistico\u00a0 de especial inter\u00e9s para la Isla de Ibiza.<\/p>\n<p style=\"font-weight: 400;\">\u00a0<a title=\"Presentaci\u00f3n La Ruta de la Sal en FITUR 2018\" href=\"#\" rel=\"\"><img loading=\"lazy\" decoding=\"async\" class=\"aligncenter\" title=\"Presentaci\u00f3n La Ruta de la Sal en FITUR 2018\" src=\"http:\/\/farm5.staticflickr.com\/4610\/38846369435_223e085457.jpg\" alt=\"Presentaci\u00f3n La Ruta de la Sal en FITUR 2018\" width=\"500\" height=\"300\" \/><\/a><\/p>\n<p style=\"font-weight: 400;\">\n<p style=\"font-weight: 400;\">El Acto ha sido presidido por\u00a0\u00a0\u00a0Vicent Torres Guasch president del Consell d&#8217;Eivissa, acompa\u00f1ado por Vicent Torres Ferrer Director Insular de Turisme. La deportista y presentadora televisiva \u00a0Laura Madrue\u00f1o, presentaron el acto.<\/p>\n<p style=\"font-weight: 400;\">\n<p style=\"font-weight: 400;\">\n<p style=\"font-weight: 400;\">\n<p style=\"font-weight: 400;\">\n<p style=\"font-weight: 400;\">\n<p style=\"font-weight: 400;\"><a title=\"Presentaci\u00f3n La Ruta de la Sal en FITUR 2018_2\" href=\"#\" rel=\"\"><img loading=\"lazy\" decoding=\"async\" class=\"aligncenter\" title=\"Presentaci\u00f3n La Ruta de la Sal en FITUR 2018_2\" src=\"http:\/\/farm5.staticflickr.com\/4705\/38846369825_d310be25fa.jpg\" alt=\"Presentaci\u00f3n La Ruta de la Sal en FITUR 2018_2\" width=\"500\" height=\"281\" \/><\/a><\/p>\n<p style=\"font-weight: 400;\">\n<p style=\"font-weight: 400;\"><strong><em>La Ruta de la Sal<\/em><\/strong>\u00a0se presenta como una gran dinamizadora\u00a0 de la marca IBIZA, en el contexto de la n\u00e1utica de recreo. Unas 200 embarcaciones participar\u00e1n nuevamente en esta nueva edici\u00f3n de\u00a0<strong><em>La Sal<\/em><\/strong>, que se celebra durante la Semana Santa.<\/p>\n<p style=\"font-weight: 400;\">\n<p style=\"font-weight: 400;\">\n<p style=\"font-weight: 400;\">\n<p style=\"font-weight: 400;\"><a title=\"Presentaci\u00f3n La Ruta de la Sal en FITUR 2018_3\" href=\"#\" rel=\"\"><img loading=\"lazy\" decoding=\"async\" class=\"aligncenter\" title=\"Presentaci\u00f3n La Ruta de la Sal en FITUR 2018_3\" src=\"http:\/\/farm5.staticflickr.com\/4712\/39713052172_339fbb8d3e.jpg\" alt=\"Presentaci\u00f3n La Ruta de la Sal en FITUR 2018_3\" width=\"500\" height=\"281\" \/><\/a><\/p>\n<p style=\"font-weight: 400;\"><strong>La triple Corona de La Sal<\/strong><\/p>\n<p style=\"font-weight: 400;\">En esta nueva edici\u00f3n de la regata, se crea un nuevo desaf\u00edo deportivo, la\u00a0<strong><em>Triple Copa de la Sa<\/em><\/strong>l, un Trofeo destinado a aquellos equipos que logren vencer, en un periodo no superior a los 5 a\u00f1os, las tres regatas que conforman\u00a0<strong><em>La Sal<\/em><\/strong>, la Versi\u00f3n Barcelona, la Versi\u00f3n Denia y la Versi\u00f3n Mallorca.<\/p>\n<p style=\"font-weight: 400;\"><strong>La Ruta de la Sal 2018<\/strong>\u00a0tiene prevista su salida el 29 de marzo. Las plazas est\u00e1n limitadas a 200 embarcaciones y, en estos momentos ya est\u00e1n cubiertas m\u00e1s del 50%.<\/p>\n<p style=\"font-weight: 400;\">Para m\u00e1s informaci\u00f3n e inscripciones\u00a0<a href=\"https:\/\/larutadelasal.com\/\" data-saferedirecturl=\"https:\/\/www.google.com\/url?hl=es&amp;q=https:\/\/larutadelasal.com&amp;source=gmail&amp;ust=1516288844756000&amp;usg=AFQjCNGv0t5rXfkn1y__WP78OYe9B7to_Q\">www.larutadelasal.com<\/a><\/p>\n","protected":false},"excerpt":{"rendered":"<p>Hoy mi\u00e9rcoles se ha presentado en FITUR, en el estand de Ibiza, la 31 edici\u00f3n de\u00a0La Ruta de la Sal,\u00a0la regata de Vela de Crucero con mayor participaci\u00f3n\u00a0 del Mediterr\u00e1neo como evento deportivo y tur\u00edstistico\u00a0 de especial inter\u00e9s para la Isla de Ibiza. \u00a0 El Acto ha sido presidido por\u00a0\u00a0\u00a0Vicent Torres Guasch president del Consell [&hellip;]<\/p>\n","protected":false},"author":1,"featured_media":3610,"comment_status":"open","ping_status":"open","sticky":false,"template":"","format":"standard","meta":{"_acf_changed":false,"footnotes":""},"categories":[3],"tags":[],"acf":[],"yoast_head":"<!-- This site is optimized with the Yoast SEO plugin v23.0 - https:\/\/yoast.com\/wordpress\/plugins\/seo\/ -->\n<title>La 31\u00aa edicion de La Ruta de la Sal se presenta en FITUR | Regata La Ruta de la Sal<\/title>\n<meta name=\"robots\" content=\"noindex, follow, max-snippet:-1, max-image-preview:large, max-video-preview:-1\" \/>\n<meta property=\"og:locale\" content=\"es_ES\" \/>\n<meta property=\"og:type\" content=\"article\" \/>\n<meta property=\"og:title\" content=\"La 31\u00aa edicion de La Ruta de la Sal se presenta en FITUR | Regata La Ruta de la Sal\" \/>\n<meta property=\"og:description\" content=\"Hoy mi\u00e9rcoles se ha presentado en FITUR, en el estand de Ibiza, la 31 edici\u00f3n de\u00a0La Ruta de la Sal,\u00a0la regata de Vela de Crucero con mayor participaci\u00f3n\u00a0 del Mediterr\u00e1neo como evento deportivo y tur\u00edstistico\u00a0 de especial inter\u00e9s para la Isla de Ibiza. \u00a0 El Acto ha sido presidido por\u00a0\u00a0\u00a0Vicent Torres Guasch president del Consell [&hellip;]\" \/>\n<meta property=\"og:url\" content=\"https:\/\/labs.100x100.net\/projects\/rutasal\/la-31a-edicion-de-la-ruta-de-la-sal-se-presenta-en-fitur\/\" \/>\n<meta property=\"og:site_name\" content=\"Regata La Ruta de la Sal\" \/>\n<meta property=\"article:publisher\" content=\"https:\/\/www.facebook.com\/rutadelasal\/\" \/>\n<meta property=\"article:published_time\" content=\"2018-01-17T13:47:42+00:00\" \/>\n<meta property=\"article:modified_time\" content=\"2019-03-07T09:56:44+00:00\" \/>\n<meta property=\"og:image\" content=\"https:\/\/labs.100x100.net\/projects\/rutasal\/custom\/uploads\/2018\/01\/38846369825_d310be25fa.jpg\" \/>\n\t<meta property=\"og:image:width\" content=\"500\" \/>\n\t<meta property=\"og:image:height\" content=\"281\" \/>\n\t<meta property=\"og:image:type\" content=\"image\/jpeg\" \/>\n<meta name=\"author\" content=\"La Ruta de la Sal\" \/>\n<meta name=\"twitter:card\" content=\"summary_large_image\" \/>\n<meta name=\"twitter:creator\" content=\"@AnamMedi\" \/>\n<meta name=\"twitter:site\" content=\"@AnamMedi\" \/>\n<meta name=\"twitter:label1\" content=\"Escrito por\" \/>\n\t<meta name=\"twitter:data1\" content=\"La Ruta de la Sal\" \/>\n\t<meta name=\"twitter:label2\" content=\"Tiempo de lectura\" \/>\n\t<meta name=\"twitter:data2\" content=\"1 minuto\" \/>\n<script type=\"application\/ld+json\" class=\"yoast-schema-graph\">{\"@context\":\"https:\/\/schema.org\",\"@graph\":[{\"@type\":\"WebPage\",\"@id\":\"https:\/\/labs.100x100.net\/projects\/rutasal\/la-31a-edicion-de-la-ruta-de-la-sal-se-presenta-en-fitur\/\",\"url\":\"https:\/\/labs.100x100.net\/projects\/rutasal\/la-31a-edicion-de-la-ruta-de-la-sal-se-presenta-en-fitur\/\",\"name\":\"La 31\u00aa edicion de La Ruta de la Sal se presenta en FITUR | Regata La Ruta de la Sal\",\"isPartOf\":{\"@id\":\"https:\/\/labs.100x100.net\/projects\/rutasal\/#website\"},\"primaryImageOfPage\":{\"@id\":\"https:\/\/labs.100x100.net\/projects\/rutasal\/la-31a-edicion-de-la-ruta-de-la-sal-se-presenta-en-fitur\/#primaryimage\"},\"image\":{\"@id\":\"https:\/\/labs.100x100.net\/projects\/rutasal\/la-31a-edicion-de-la-ruta-de-la-sal-se-presenta-en-fitur\/#primaryimage\"},\"thumbnailUrl\":\"https:\/\/labs.100x100.net\/projects\/rutasal\/custom\/uploads\/2018\/01\/38846369825_d310be25fa.jpg\",\"datePublished\":\"2018-01-17T13:47:42+00:00\",\"dateModified\":\"2019-03-07T09:56:44+00:00\",\"author\":{\"@id\":\"https:\/\/labs.100x100.net\/projects\/rutasal\/#\/schema\/person\/214eeb4a2e78fd8373a0a94f6d93c9ca\"},\"breadcrumb\":{\"@id\":\"https:\/\/labs.100x100.net\/projects\/rutasal\/la-31a-edicion-de-la-ruta-de-la-sal-se-presenta-en-fitur\/#breadcrumb\"},\"inLanguage\":\"es\",\"potentialAction\":[{\"@type\":\"ReadAction\",\"target\":[\"https:\/\/labs.100x100.net\/projects\/rutasal\/la-31a-edicion-de-la-ruta-de-la-sal-se-presenta-en-fitur\/\"]}]},{\"@type\":\"ImageObject\",\"inLanguage\":\"es\",\"@id\":\"https:\/\/labs.100x100.net\/projects\/rutasal\/la-31a-edicion-de-la-ruta-de-la-sal-se-presenta-en-fitur\/#primaryimage\",\"url\":\"https:\/\/labs.100x100.net\/projects\/rutasal\/custom\/uploads\/2018\/01\/38846369825_d310be25fa.jpg\",\"contentUrl\":\"https:\/\/labs.100x100.net\/projects\/rutasal\/custom\/uploads\/2018\/01\/38846369825_d310be25fa.jpg\",\"width\":500,\"height\":281},{\"@type\":\"BreadcrumbList\",\"@id\":\"https:\/\/labs.100x100.net\/projects\/rutasal\/la-31a-edicion-de-la-ruta-de-la-sal-se-presenta-en-fitur\/#breadcrumb\",\"itemListElement\":[{\"@type\":\"ListItem\",\"position\":1,\"name\":\"Portada\",\"item\":\"https:\/\/labs.100x100.net\/projects\/rutasal\/\"},{\"@type\":\"ListItem\",\"position\":2,\"name\":\"La 31\u00aa edicion de La Ruta de la Sal se presenta en FITUR\"}]},{\"@type\":\"WebSite\",\"@id\":\"https:\/\/labs.100x100.net\/projects\/rutasal\/#website\",\"url\":\"https:\/\/labs.100x100.net\/projects\/rutasal\/\",\"name\":\"Regata La Ruta de la Sal\",\"description\":\"Regata La Ruta de la Sal es una regata de Altura Mediterr\u00e1nea para barcos de crucero a vela con destino en Ibiza, que se disputa anualmente en Semana Santa.\",\"potentialAction\":[{\"@type\":\"SearchAction\",\"target\":{\"@type\":\"EntryPoint\",\"urlTemplate\":\"https:\/\/labs.100x100.net\/projects\/rutasal\/?s={search_term_string}\"},\"query-input\":\"required name=search_term_string\"}],\"inLanguage\":\"es\"},{\"@type\":\"Person\",\"@id\":\"https:\/\/labs.100x100.net\/projects\/rutasal\/#\/schema\/person\/214eeb4a2e78fd8373a0a94f6d93c9ca\",\"name\":\"La Ruta de la Sal\",\"image\":{\"@type\":\"ImageObject\",\"inLanguage\":\"es\",\"@id\":\"https:\/\/labs.100x100.net\/projects\/rutasal\/#\/schema\/person\/image\/\",\"url\":\"https:\/\/secure.gravatar.com\/avatar\/b247286d4b801d6b1cfcfb3807587284?s=96&d=mm&r=g\",\"contentUrl\":\"https:\/\/secure.gravatar.com\/avatar\/b247286d4b801d6b1cfcfb3807587284?s=96&d=mm&r=g\",\"caption\":\"La Ruta de la Sal\"}}]}<\/script>\n<!-- \/ Yoast SEO plugin. -->","yoast_head_json":{"title":"La 31\u00aa edicion de La Ruta de la Sal se presenta en FITUR | Regata La Ruta de la Sal","robots":{"index":"noindex","follow":"follow","max-snippet":"max-snippet:-1","max-image-preview":"max-image-preview:large","max-video-preview":"max-video-preview:-1"},"og_locale":"es_ES","og_type":"article","og_title":"La 31\u00aa edicion de La Ruta de la Sal se presenta en FITUR | Regata La Ruta de la Sal","og_description":"Hoy mi\u00e9rcoles se ha presentado en FITUR, en el estand de Ibiza, la 31 edici\u00f3n de\u00a0La Ruta de la Sal,\u00a0la regata de Vela de Crucero con mayor participaci\u00f3n\u00a0 del Mediterr\u00e1neo como evento deportivo y tur\u00edstistico\u00a0 de especial inter\u00e9s para la Isla de Ibiza. \u00a0 El Acto ha sido presidido por\u00a0\u00a0\u00a0Vicent Torres Guasch president del Consell [&hellip;]","og_url":"https:\/\/labs.100x100.net\/projects\/rutasal\/la-31a-edicion-de-la-ruta-de-la-sal-se-presenta-en-fitur\/","og_site_name":"Regata La Ruta de la Sal","article_publisher":"https:\/\/www.facebook.com\/rutadelasal\/","article_published_time":"2018-01-17T13:47:42+00:00","article_modified_time":"2019-03-07T09:56:44+00:00","og_image":[{"width":500,"height":281,"url":"https:\/\/labs.100x100.net\/projects\/rutasal\/custom\/uploads\/2018\/01\/38846369825_d310be25fa.jpg","type":"image\/jpeg"}],"author":"La Ruta de la Sal","twitter_card":"summary_large_image","twitter_creator":"@AnamMedi","twitter_site":"@AnamMedi","twitter_misc":{"Escrito por":"La Ruta de la Sal","Tiempo de lectura":"1 minuto"},"schema":{"@context":"https:\/\/schema.org","@graph":[{"@type":"WebPage","@id":"https:\/\/labs.100x100.net\/projects\/rutasal\/la-31a-edicion-de-la-ruta-de-la-sal-se-presenta-en-fitur\/","url":"https:\/\/labs.100x100.net\/projects\/rutasal\/la-31a-edicion-de-la-ruta-de-la-sal-se-presenta-en-fitur\/","name":"La 31\u00aa edicion de La Ruta de la Sal se presenta en FITUR | Regata La Ruta de la Sal","isPartOf":{"@id":"https:\/\/labs.100x100.net\/projects\/rutasal\/#website"},"primaryImageOfPage":{"@id":"https:\/\/labs.100x100.net\/projects\/rutasal\/la-31a-edicion-de-la-ruta-de-la-sal-se-presenta-en-fitur\/#primaryimage"},"image":{"@id":"https:\/\/labs.100x100.net\/projects\/rutasal\/la-31a-edicion-de-la-ruta-de-la-sal-se-presenta-en-fitur\/#primaryimage"},"thumbnailUrl":"https:\/\/labs.100x100.net\/projects\/rutasal\/custom\/uploads\/2018\/01\/38846369825_d310be25fa.jpg","datePublished":"2018-01-17T13:47:42+00:00","dateModified":"2019-03-07T09:56:44+00:00","author":{"@id":"https:\/\/labs.100x100.net\/projects\/rutasal\/#\/schema\/person\/214eeb4a2e78fd8373a0a94f6d93c9ca"},"breadcrumb":{"@id":"https:\/\/labs.100x100.net\/projects\/rutasal\/la-31a-edicion-de-la-ruta-de-la-sal-se-presenta-en-fitur\/#breadcrumb"},"inLanguage":"es","potentialAction":[{"@type":"ReadAction","target":["https:\/\/labs.100x100.net\/projects\/rutasal\/la-31a-edicion-de-la-ruta-de-la-sal-se-presenta-en-fitur\/"]}]},{"@type":"ImageObject","inLanguage":"es","@id":"https:\/\/labs.100x100.net\/projects\/rutasal\/la-31a-edicion-de-la-ruta-de-la-sal-se-presenta-en-fitur\/#primaryimage","url":"https:\/\/labs.100x100.net\/projects\/rutasal\/custom\/uploads\/2018\/01\/38846369825_d310be25fa.jpg","contentUrl":"https:\/\/labs.100x100.net\/projects\/rutasal\/custom\/uploads\/2018\/01\/38846369825_d310be25fa.jpg","width":500,"height":281},{"@type":"BreadcrumbList","@id":"https:\/\/labs.100x100.net\/projects\/rutasal\/la-31a-edicion-de-la-ruta-de-la-sal-se-presenta-en-fitur\/#breadcrumb","itemListElement":[{"@type":"ListItem","position":1,"name":"Portada","item":"https:\/\/labs.100x100.net\/projects\/rutasal\/"},{"@type":"ListItem","position":2,"name":"La 31\u00aa edicion de La Ruta de la Sal se presenta en FITUR"}]},{"@type":"WebSite","@id":"https:\/\/labs.100x100.net\/projects\/rutasal\/#website","url":"https:\/\/labs.100x100.net\/projects\/rutasal\/","name":"Regata La Ruta de la Sal","description":"Regata La Ruta de la Sal es una regata de Altura Mediterr\u00e1nea para barcos de crucero a vela con destino en Ibiza, que se disputa anualmente en Semana Santa.","potentialAction":[{"@type":"SearchAction","target":{"@type":"EntryPoint","urlTemplate":"https:\/\/labs.100x100.net\/projects\/rutasal\/?s={search_term_string}"},"query-input":"required name=search_term_string"}],"inLanguage":"es"},{"@type":"Person","@id":"https:\/\/labs.100x100.net\/projects\/rutasal\/#\/schema\/person\/214eeb4a2e78fd8373a0a94f6d93c9ca","name":"La Ruta de la Sal","image":{"@type":"ImageObject","inLanguage":"es","@id":"https:\/\/labs.100x100.net\/projects\/rutasal\/#\/schema\/person\/image\/","url":"https:\/\/secure.gravatar.com\/avatar\/b247286d4b801d6b1cfcfb3807587284?s=96&d=mm&r=g","contentUrl":"https:\/\/secure.gravatar.com\/avatar\/b247286d4b801d6b1cfcfb3807587284?s=96&d=mm&r=g","caption":"La Ruta de la Sal"}}]}},"_links":{"self":[{"href":"https:\/\/labs.100x100.net\/projects\/rutasal\/wp-json\/wp\/v2\/posts\/2732"}],"collection":[{"href":"https:\/\/labs.100x100.net\/projects\/rutasal\/wp-json\/wp\/v2\/posts"}],"about":[{"href":"https:\/\/labs.100x100.net\/projects\/rutasal\/wp-json\/wp\/v2\/types\/post"}],"author":[{"embeddable":true,"href":"https:\/\/labs.100x100.net\/projects\/rutasal\/wp-json\/wp\/v2\/users\/1"}],"replies":[{"embeddable":true,"href":"https:\/\/labs.100x100.net\/projects\/rutasal\/wp-json\/wp\/v2\/comments?post=2732"}],"version-history":[{"count":1,"href":"https:\/\/labs.100x100.net\/projects\/rutasal\/wp-json\/wp\/v2\/posts\/2732\/revisions"}],"predecessor-version":[{"id":3466,"href":"https:\/\/labs.100x100.net\/projects\/rutasal\/wp-json\/wp\/v2\/posts\/2732\/revisions\/3466"}],"wp:featuredmedia":[{"embeddable":true,"href":"https:\/\/labs.100x100.net\/projects\/rutasal\/wp-json\/wp\/v2\/media\/3610"}],"wp:attachment":[{"href":"https:\/\/labs.100x100.net\/projects\/rutasal\/wp-json\/wp\/v2\/media?parent=2732"}],"wp:term":[{"taxonomy":"category","embeddable":true,"href":"https:\/\/labs.100x100.net\/projects\/rutasal\/wp-json\/wp\/v2\/categories?post=2732"},{"taxonomy":"post_tag","embeddable":true,"href":"https:\/\/labs.100x100.net\/projects\/rutasal\/wp-json\/wp\/v2\/tags?post=2732"}],"curies":[{"name":"wp","href":"https:\/\/api.w.org\/{rel}","templated":true}]}}