{"id":2716,"date":"2017-12-15T15:57:06","date_gmt":"2017-12-15T13:57:06","guid":{"rendered":"https:\/\/larutadelasal.com\/?p=2716"},"modified":"2019-03-07T11:59:15","modified_gmt":"2019-03-07T09:59:15","slug":"reservadas-ya-el-40-de-las-plazas-disponibles","status":"publish","type":"post","link":"https:\/\/labs.100x100.net\/projects\/rutasal\/reservadas-ya-el-40-de-las-plazas-disponibles\/","title":{"rendered":"RESERVADAS YA EL 40% DE LAS PLAZAS DISPONIBLES"},"content":{"rendered":"<p><img loading=\"lazy\" decoding=\"async\" class=\"aligncenter\" title=\"30 Edici\u00f3n de La Ruta de La Sal 2017\" src=\"http:\/\/farm3.staticflickr.com\/2838\/33875057382_3034bdb2fd.jpg\" alt=\"30 Edici\u00f3n de La Ruta de La Sal 2017\" width=\"500\" height=\"381\" \/><\/p>\n<p>Las inscripciones para la XXXI edici\u00f3n de La Ruta de la Sal avanzan a buen ritmo. Antes de final de a\u00f1o ya se han reservado cerca del 40% de las plazas disponibles, muchas de las inscripciones se realizaron durante el Sal\u00f3n N\u00e1utico de Barcelona, y las otras han ido llegando a trav\u00e9s del <a href=\"https:\/\/larutadelasal.com\/hoja-de-inscripcion\/\"><strong>formulario on-line de pre-inscripci\u00f3n<\/strong><\/a>.<\/p>\n<p>&nbsp;<\/p>\n<p><a title=\"30 Edici\u00f3n de La Ruta de La Sal 2017\" href=\"#\" rel=\"\"><img loading=\"lazy\" decoding=\"async\" class=\"aligncenter\" title=\"30 Edici\u00f3n de La Ruta de La Sal 2017\" src=\"http:\/\/farm3.staticflickr.com\/2919\/33198502623_fda426002a.jpg\" alt=\"30 Edici\u00f3n de La Ruta de La Sal 2017\" width=\"500\" height=\"381\" \/><\/a><\/p>\n<p>Concretamente hay ya 38 inscritos para salir desde Barcelona. Con 10 embarcaciones Hanse ya inscritas, destaca el efecto que ha tenido en esta versi\u00f3n de la regata la iniciativa de la Hanse Cup promovida por Marina Estrella. Tambi\u00e9n cabe rese\u00f1ar la participaci\u00f3n del Prana, trimar\u00e1n de 45 pies, que participar\u00e1 en el <strong><a href=\"http:\/\/www.anambcn.org\/\">Circuito de regatas de Altura<\/a><\/strong>.<\/p>\n<p><img loading=\"lazy\" decoding=\"async\" class=\"aligncenter\" title=\"IX\u00aa Edici\u00f3n de La Regata del Delta.\" src=\"http:\/\/farm5.staticflickr.com\/4164\/34550670291_83d41a5021.jpg\" alt=\"IX\u00aa Edici\u00f3n de La Regata del Delta.\" width=\"500\" height=\"332\" \/><\/p>\n<p>A su vez, hay 22 inscritos para salir desde Denia. Donde cabe destacar los primeros inscritos en la categor\u00eda Salina, para tripulaciones formadas por un m\u00ednimo del 50% de mujeres y patroneadas por una f\u00e9mina, entre los que destaca el Adelie, First 34,7 del National Yacth Club de Irlanda, vencedor de la categor\u00eda en la \u00faltima edici\u00f3n.<\/p>\n<p><img loading=\"lazy\" decoding=\"async\" class=\"aligncenter\" title=\"30 Edici\u00f3n de La Ruta de La Sal 2017\" src=\"http:\/\/farm3.staticflickr.com\/2907\/34011266425_bedb73a3a4.jpg\" alt=\"30 Edici\u00f3n de La Ruta de La Sal 2017\" width=\"500\" height=\"381\" \/><\/p>\n<p>Finalmente, el n\u00famero de inscritos para la salida desde Mallorca es de 14 embarcaciones. Entre ellas, el Allegra, First 40,7 de Stephan Babbage, que se hizo con la segunda posici\u00f3n en la categor\u00eda Bravo, el Enc\u00eds, Classic 38 de Antoni Nicolau, 2\u00ba\u00a0en la categor\u00eda Golf y el Inblau, ganador de la categor\u00eda Training y 3\u00ba en Vintage de la edici\u00f3n 2017.<\/p>\n<p>&nbsp;<\/p>\n<p><img loading=\"lazy\" decoding=\"async\" class=\"aligncenter\" title=\"Salida Andratx\" src=\"http:\/\/farm3.staticflickr.com\/2919\/33330241303_ecc07a9986.jpg\" alt=\"Salida Andratx\" width=\"375\" height=\"500\" \/><\/p>\n<p>En definitiva, un buen caldo para la edici\u00f3n del 2018. Se espera que este a\u00f1o vuelvan a agotarse las plazas, as\u00ed que animamos a todos nuestros asiduos regatistas a que no esperen al \u00faltimo momento, y realicen su inscripci\u00f3n lo antes posible. Estas navidades reg\u00e1lale o reg\u00e1late la inscripci\u00f3n \ud83d\ude09<\/p>\n<p><a href=\"https:\/\/larutadelasal.com\/hoja-de-inscripcion\/\"><strong>formulario on-line de pre-inscripci\u00f3n<\/strong><\/a>.<\/p>\n<p>&nbsp;<\/p>\n","protected":false},"excerpt":{"rendered":"<p>Las inscripciones para la XXXI edici\u00f3n de La Ruta de la Sal avanzan a buen ritmo. Antes de final de a\u00f1o ya se han reservado cerca del 40% de las plazas disponibles, muchas de las inscripciones se realizaron durante el Sal\u00f3n N\u00e1utico de Barcelona, y las otras han ido llegando a trav\u00e9s del formulario on-line [&hellip;]<\/p>\n","protected":false},"author":1,"featured_media":3611,"comment_status":"open","ping_status":"open","sticky":false,"template":"","format":"standard","meta":{"_acf_changed":false,"footnotes":""},"categories":[3],"tags":[],"acf":[],"yoast_head":"<!-- This site is optimized with the Yoast SEO plugin v23.0 - https:\/\/yoast.com\/wordpress\/plugins\/seo\/ -->\n<title>RESERVADAS YA EL 40% DE LAS PLAZAS DISPONIBLES | Regata La Ruta de la Sal<\/title>\n<meta name=\"robots\" content=\"noindex, follow, max-snippet:-1, max-image-preview:large, max-video-preview:-1\" \/>\n<meta property=\"og:locale\" content=\"es_ES\" \/>\n<meta property=\"og:type\" content=\"article\" \/>\n<meta property=\"og:title\" content=\"RESERVADAS YA EL 40% DE LAS PLAZAS DISPONIBLES | Regata La Ruta de la Sal\" \/>\n<meta property=\"og:description\" content=\"Las inscripciones para la XXXI edici\u00f3n de La Ruta de la Sal avanzan a buen ritmo. Antes de final de a\u00f1o ya se han reservado cerca del 40% de las plazas disponibles, muchas de las inscripciones se realizaron durante el Sal\u00f3n N\u00e1utico de Barcelona, y las otras han ido llegando a trav\u00e9s del formulario on-line [&hellip;]\" \/>\n<meta property=\"og:url\" content=\"https:\/\/labs.100x100.net\/projects\/rutasal\/reservadas-ya-el-40-de-las-plazas-disponibles\/\" \/>\n<meta property=\"og:site_name\" content=\"Regata La Ruta de la Sal\" \/>\n<meta property=\"article:publisher\" content=\"https:\/\/www.facebook.com\/rutadelasal\/\" \/>\n<meta property=\"article:published_time\" content=\"2017-12-15T13:57:06+00:00\" \/>\n<meta property=\"article:modified_time\" content=\"2019-03-07T09:59:15+00:00\" \/>\n<meta property=\"og:image\" content=\"https:\/\/labs.100x100.net\/projects\/rutasal\/custom\/uploads\/2017\/12\/34011266425_bedb73a3a4.jpg\" \/>\n\t<meta property=\"og:image:width\" content=\"500\" \/>\n\t<meta property=\"og:image:height\" content=\"381\" \/>\n\t<meta property=\"og:image:type\" content=\"image\/jpeg\" \/>\n<meta name=\"author\" content=\"La Ruta de la Sal\" \/>\n<meta name=\"twitter:card\" content=\"summary_large_image\" \/>\n<meta name=\"twitter:creator\" content=\"@AnamMedi\" \/>\n<meta name=\"twitter:site\" content=\"@AnamMedi\" \/>\n<meta name=\"twitter:label1\" content=\"Escrito por\" \/>\n\t<meta name=\"twitter:data1\" content=\"La Ruta de la Sal\" \/>\n\t<meta name=\"twitter:label2\" content=\"Tiempo de lectura\" \/>\n\t<meta name=\"twitter:data2\" content=\"2 minutos\" \/>\n<script type=\"application\/ld+json\" class=\"yoast-schema-graph\">{\"@context\":\"https:\/\/schema.org\",\"@graph\":[{\"@type\":\"WebPage\",\"@id\":\"https:\/\/labs.100x100.net\/projects\/rutasal\/reservadas-ya-el-40-de-las-plazas-disponibles\/\",\"url\":\"https:\/\/labs.100x100.net\/projects\/rutasal\/reservadas-ya-el-40-de-las-plazas-disponibles\/\",\"name\":\"RESERVADAS YA EL 40% DE LAS PLAZAS DISPONIBLES | Regata La Ruta de la Sal\",\"isPartOf\":{\"@id\":\"https:\/\/labs.100x100.net\/projects\/rutasal\/#website\"},\"primaryImageOfPage\":{\"@id\":\"https:\/\/labs.100x100.net\/projects\/rutasal\/reservadas-ya-el-40-de-las-plazas-disponibles\/#primaryimage\"},\"image\":{\"@id\":\"https:\/\/labs.100x100.net\/projects\/rutasal\/reservadas-ya-el-40-de-las-plazas-disponibles\/#primaryimage\"},\"thumbnailUrl\":\"https:\/\/labs.100x100.net\/projects\/rutasal\/custom\/uploads\/2017\/12\/34011266425_bedb73a3a4.jpg\",\"datePublished\":\"2017-12-15T13:57:06+00:00\",\"dateModified\":\"2019-03-07T09:59:15+00:00\",\"author\":{\"@id\":\"https:\/\/labs.100x100.net\/projects\/rutasal\/#\/schema\/person\/214eeb4a2e78fd8373a0a94f6d93c9ca\"},\"breadcrumb\":{\"@id\":\"https:\/\/labs.100x100.net\/projects\/rutasal\/reservadas-ya-el-40-de-las-plazas-disponibles\/#breadcrumb\"},\"inLanguage\":\"es\",\"potentialAction\":[{\"@type\":\"ReadAction\",\"target\":[\"https:\/\/labs.100x100.net\/projects\/rutasal\/reservadas-ya-el-40-de-las-plazas-disponibles\/\"]}]},{\"@type\":\"ImageObject\",\"inLanguage\":\"es\",\"@id\":\"https:\/\/labs.100x100.net\/projects\/rutasal\/reservadas-ya-el-40-de-las-plazas-disponibles\/#primaryimage\",\"url\":\"https:\/\/labs.100x100.net\/projects\/rutasal\/custom\/uploads\/2017\/12\/34011266425_bedb73a3a4.jpg\",\"contentUrl\":\"https:\/\/labs.100x100.net\/projects\/rutasal\/custom\/uploads\/2017\/12\/34011266425_bedb73a3a4.jpg\",\"width\":500,\"height\":381},{\"@type\":\"BreadcrumbList\",\"@id\":\"https:\/\/labs.100x100.net\/projects\/rutasal\/reservadas-ya-el-40-de-las-plazas-disponibles\/#breadcrumb\",\"itemListElement\":[{\"@type\":\"ListItem\",\"position\":1,\"name\":\"Portada\",\"item\":\"https:\/\/labs.100x100.net\/projects\/rutasal\/\"},{\"@type\":\"ListItem\",\"position\":2,\"name\":\"RESERVADAS YA EL 40% DE LAS PLAZAS DISPONIBLES\"}]},{\"@type\":\"WebSite\",\"@id\":\"https:\/\/labs.100x100.net\/projects\/rutasal\/#website\",\"url\":\"https:\/\/labs.100x100.net\/projects\/rutasal\/\",\"name\":\"Regata La Ruta de la Sal\",\"description\":\"Regata La Ruta de la Sal es una regata de Altura Mediterr\u00e1nea para barcos de crucero a vela con destino en Ibiza, que se disputa anualmente en Semana Santa.\",\"potentialAction\":[{\"@type\":\"SearchAction\",\"target\":{\"@type\":\"EntryPoint\",\"urlTemplate\":\"https:\/\/labs.100x100.net\/projects\/rutasal\/?s={search_term_string}\"},\"query-input\":\"required name=search_term_string\"}],\"inLanguage\":\"es\"},{\"@type\":\"Person\",\"@id\":\"https:\/\/labs.100x100.net\/projects\/rutasal\/#\/schema\/person\/214eeb4a2e78fd8373a0a94f6d93c9ca\",\"name\":\"La Ruta de la Sal\",\"image\":{\"@type\":\"ImageObject\",\"inLanguage\":\"es\",\"@id\":\"https:\/\/labs.100x100.net\/projects\/rutasal\/#\/schema\/person\/image\/\",\"url\":\"https:\/\/secure.gravatar.com\/avatar\/b247286d4b801d6b1cfcfb3807587284?s=96&d=mm&r=g\",\"contentUrl\":\"https:\/\/secure.gravatar.com\/avatar\/b247286d4b801d6b1cfcfb3807587284?s=96&d=mm&r=g\",\"caption\":\"La Ruta de la Sal\"}}]}<\/script>\n<!-- \/ Yoast SEO plugin. -->","yoast_head_json":{"title":"RESERVADAS YA EL 40% DE LAS PLAZAS DISPONIBLES | Regata La Ruta de la Sal","robots":{"index":"noindex","follow":"follow","max-snippet":"max-snippet:-1","max-image-preview":"max-image-preview:large","max-video-preview":"max-video-preview:-1"},"og_locale":"es_ES","og_type":"article","og_title":"RESERVADAS YA EL 40% DE LAS PLAZAS DISPONIBLES | Regata La Ruta de la Sal","og_description":"Las inscripciones para la XXXI edici\u00f3n de La Ruta de la Sal avanzan a buen ritmo. Antes de final de a\u00f1o ya se han reservado cerca del 40% de las plazas disponibles, muchas de las inscripciones se realizaron durante el Sal\u00f3n N\u00e1utico de Barcelona, y las otras han ido llegando a trav\u00e9s del formulario on-line [&hellip;]","og_url":"https:\/\/labs.100x100.net\/projects\/rutasal\/reservadas-ya-el-40-de-las-plazas-disponibles\/","og_site_name":"Regata La Ruta de la Sal","article_publisher":"https:\/\/www.facebook.com\/rutadelasal\/","article_published_time":"2017-12-15T13:57:06+00:00","article_modified_time":"2019-03-07T09:59:15+00:00","og_image":[{"width":500,"height":381,"url":"https:\/\/labs.100x100.net\/projects\/rutasal\/custom\/uploads\/2017\/12\/34011266425_bedb73a3a4.jpg","type":"image\/jpeg"}],"author":"La Ruta de la Sal","twitter_card":"summary_large_image","twitter_creator":"@AnamMedi","twitter_site":"@AnamMedi","twitter_misc":{"Escrito por":"La Ruta de la Sal","Tiempo de lectura":"2 minutos"},"schema":{"@context":"https:\/\/schema.org","@graph":[{"@type":"WebPage","@id":"https:\/\/labs.100x100.net\/projects\/rutasal\/reservadas-ya-el-40-de-las-plazas-disponibles\/","url":"https:\/\/labs.100x100.net\/projects\/rutasal\/reservadas-ya-el-40-de-las-plazas-disponibles\/","name":"RESERVADAS YA EL 40% DE LAS PLAZAS DISPONIBLES | Regata La Ruta de la Sal","isPartOf":{"@id":"https:\/\/labs.100x100.net\/projects\/rutasal\/#website"},"primaryImageOfPage":{"@id":"https:\/\/labs.100x100.net\/projects\/rutasal\/reservadas-ya-el-40-de-las-plazas-disponibles\/#primaryimage"},"image":{"@id":"https:\/\/labs.100x100.net\/projects\/rutasal\/reservadas-ya-el-40-de-las-plazas-disponibles\/#primaryimage"},"thumbnailUrl":"https:\/\/labs.100x100.net\/projects\/rutasal\/custom\/uploads\/2017\/12\/34011266425_bedb73a3a4.jpg","datePublished":"2017-12-15T13:57:06+00:00","dateModified":"2019-03-07T09:59:15+00:00","author":{"@id":"https:\/\/labs.100x100.net\/projects\/rutasal\/#\/schema\/person\/214eeb4a2e78fd8373a0a94f6d93c9ca"},"breadcrumb":{"@id":"https:\/\/labs.100x100.net\/projects\/rutasal\/reservadas-ya-el-40-de-las-plazas-disponibles\/#breadcrumb"},"inLanguage":"es","potentialAction":[{"@type":"ReadAction","target":["https:\/\/labs.100x100.net\/projects\/rutasal\/reservadas-ya-el-40-de-las-plazas-disponibles\/"]}]},{"@type":"ImageObject","inLanguage":"es","@id":"https:\/\/labs.100x100.net\/projects\/rutasal\/reservadas-ya-el-40-de-las-plazas-disponibles\/#primaryimage","url":"https:\/\/labs.100x100.net\/projects\/rutasal\/custom\/uploads\/2017\/12\/34011266425_bedb73a3a4.jpg","contentUrl":"https:\/\/labs.100x100.net\/projects\/rutasal\/custom\/uploads\/2017\/12\/34011266425_bedb73a3a4.jpg","width":500,"height":381},{"@type":"BreadcrumbList","@id":"https:\/\/labs.100x100.net\/projects\/rutasal\/reservadas-ya-el-40-de-las-plazas-disponibles\/#breadcrumb","itemListElement":[{"@type":"ListItem","position":1,"name":"Portada","item":"https:\/\/labs.100x100.net\/projects\/rutasal\/"},{"@type":"ListItem","position":2,"name":"RESERVADAS YA EL 40% DE LAS PLAZAS DISPONIBLES"}]},{"@type":"WebSite","@id":"https:\/\/labs.100x100.net\/projects\/rutasal\/#website","url":"https:\/\/labs.100x100.net\/projects\/rutasal\/","name":"Regata La Ruta de la Sal","description":"Regata La Ruta de la Sal es una regata de Altura Mediterr\u00e1nea para barcos de crucero a vela con destino en Ibiza, que se disputa anualmente en Semana Santa.","potentialAction":[{"@type":"SearchAction","target":{"@type":"EntryPoint","urlTemplate":"https:\/\/labs.100x100.net\/projects\/rutasal\/?s={search_term_string}"},"query-input":"required name=search_term_string"}],"inLanguage":"es"},{"@type":"Person","@id":"https:\/\/labs.100x100.net\/projects\/rutasal\/#\/schema\/person\/214eeb4a2e78fd8373a0a94f6d93c9ca","name":"La Ruta de la Sal","image":{"@type":"ImageObject","inLanguage":"es","@id":"https:\/\/labs.100x100.net\/projects\/rutasal\/#\/schema\/person\/image\/","url":"https:\/\/secure.gravatar.com\/avatar\/b247286d4b801d6b1cfcfb3807587284?s=96&d=mm&r=g","contentUrl":"https:\/\/secure.gravatar.com\/avatar\/b247286d4b801d6b1cfcfb3807587284?s=96&d=mm&r=g","caption":"La Ruta de la Sal"}}]}},"_links":{"self":[{"href":"https:\/\/labs.100x100.net\/projects\/rutasal\/wp-json\/wp\/v2\/posts\/2716"}],"collection":[{"href":"https:\/\/labs.100x100.net\/projects\/rutasal\/wp-json\/wp\/v2\/posts"}],"about":[{"href":"https:\/\/labs.100x100.net\/projects\/rutasal\/wp-json\/wp\/v2\/types\/post"}],"author":[{"embeddable":true,"href":"https:\/\/labs.100x100.net\/projects\/rutasal\/wp-json\/wp\/v2\/users\/1"}],"replies":[{"embeddable":true,"href":"https:\/\/labs.100x100.net\/projects\/rutasal\/wp-json\/wp\/v2\/comments?post=2716"}],"version-history":[{"count":1,"href":"https:\/\/labs.100x100.net\/projects\/rutasal\/wp-json\/wp\/v2\/posts\/2716\/revisions"}],"predecessor-version":[{"id":3468,"href":"https:\/\/labs.100x100.net\/projects\/rutasal\/wp-json\/wp\/v2\/posts\/2716\/revisions\/3468"}],"wp:featuredmedia":[{"embeddable":true,"href":"https:\/\/labs.100x100.net\/projects\/rutasal\/wp-json\/wp\/v2\/media\/3611"}],"wp:attachment":[{"href":"https:\/\/labs.100x100.net\/projects\/rutasal\/wp-json\/wp\/v2\/media?parent=2716"}],"wp:term":[{"taxonomy":"category","embeddable":true,"href":"https:\/\/labs.100x100.net\/projects\/rutasal\/wp-json\/wp\/v2\/categories?post=2716"},{"taxonomy":"post_tag","embeddable":true,"href":"https:\/\/labs.100x100.net\/projects\/rutasal\/wp-json\/wp\/v2\/tags?post=2716"}],"curies":[{"name":"wp","href":"https:\/\/api.w.org\/{rel}","templated":true}]}}