{"id":2684,"date":"2017-10-16T12:55:28","date_gmt":"2017-10-16T10:55:28","guid":{"rendered":"https:\/\/larutadelasal.com\/?p=2684"},"modified":"2019-03-07T12:00:06","modified_gmt":"2019-03-07T10:00:06","slug":"comienza-la-aventura-rumbo-a-ibiza","status":"publish","type":"post","link":"https:\/\/labs.100x100.net\/projects\/rutasal\/comienza-la-aventura-rumbo-a-ibiza\/","title":{"rendered":"COMIENZA LA AVENTURA&#8230;: RUMBO A IBIZA!!!!"},"content":{"rendered":"<h2><\/h2>\n<h2>Presentada la edici\u00f3n XXI de La Ruta de la Sal en Sal\u00f3n N\u00e1utico Internacional de Barcelona<\/h2>\n<p><a title=\"_AFB8225\" href=\"#\" rel=\"\"><img loading=\"lazy\" decoding=\"async\" class=\" aligncenter\" title=\"_AFB8225\" src=\"http:\/\/farm5.staticflickr.com\/4508\/37021787064_c1368809a8.jpg\" alt=\"_AFB8225\" width=\"500\" height=\"334\" \/><\/a><\/p>\n<p>&nbsp;<\/p>\n<p>Hoy viernes 13 de octubre se ha presentado oficialmente en el\u00a0 \u201cEspai del Mar\u201d\u00a0 del\u00a0 Sal\u00f3n N\u00e1utico Internacional de Barcelona\u00a0 la regata de altura La Ruta de La Sal 2018, regata fundada por Pepe Ferr\u00e9s; Acto que ha sido presidido por Vicent Torres Ferrer, Director Insular de Turismo del Consell d\u2019Eivissa, Jos\u00e9 Tur, Alcalde de Sant Antoni de Portmany y Luis Conde, Presidente del Sal\u00f3n N\u00e1utico de Barcelona. Un acto con el que se inicia la organizaci\u00f3n formal de la que, en esta ocasi\u00f3n, ser\u00e1 la 31 edici\u00f3n de esta gran cl\u00e1sica de la navegaci\u00f3n de crucero mediterr\u00e1nea.<\/p>\n<p><a title=\"_AFB8309\" href=\"#\" rel=\"\"><img loading=\"lazy\" decoding=\"async\" title=\"_AFB8309\" src=\"http:\/\/farm5.staticflickr.com\/4484\/37021783374_b7e617e4d5_n.jpg\" alt=\"_AFB8309\" width=\"320\" height=\"214\" \/><\/a><a title=\"_AFB8291\" href=\"#\" rel=\"\"><img loading=\"lazy\" decoding=\"async\" title=\"_AFB8291\" src=\"http:\/\/farm5.staticflickr.com\/4486\/37699447902_21b0f0b9aa_n.jpg\" alt=\"_AFB8291\" width=\"320\" height=\"214\" \/><\/a><\/p>\n<p><a title=\"_AFB8271\" href=\"#\" rel=\"\"><img loading=\"lazy\" decoding=\"async\" title=\"_AFB8271\" src=\"http:\/\/farm5.staticflickr.com\/4510\/37699449922_e96338b8be_n.jpg\" alt=\"_AFB8271\" width=\"320\" height=\"214\" \/><\/a><a title=\"_AFB8288\" href=\"#\" rel=\"\"><img loading=\"lazy\" decoding=\"async\" title=\"_AFB8288\" src=\"http:\/\/farm5.staticflickr.com\/4494\/37699448772_af9b18155d_n.jpg\" alt=\"_AFB8288\" width=\"320\" height=\"214\" \/><\/a><\/p>\n<p>Llega el momento de tomar la decisi\u00f3n de competir. De participar en esta extraordinaria aventura que es La Ruta de la Sal. Tambi\u00e9n de formalizar la participaci\u00f3n. La\u00a0 inscripci\u00f3n ya est\u00e1 abierta, de hecho, durante el mismo Sal\u00f3n N\u00e1utico Internacional de Barcelona, muchos equipos, los m\u00e1s previsores, los que cada a\u00f1o forman parte de la potente flota que compite hasta Ibiza, ya han cerrado sus desaf\u00edos. Para ellos ya ha comenzado la cuenta atr\u00e1s, para iniciar la pr\u00f3xima temporada en el Mar Balear, compitiendo en una de las regatas m\u00e1s emblem\u00e1ticas del calendario mediterr\u00e1neo.<\/p>\n<h2><a title=\"_AFB8247\" href=\"#\" rel=\"\"><img loading=\"lazy\" decoding=\"async\" class=\" aligncenter\" title=\"_AFB8247\" src=\"http:\/\/farm5.staticflickr.com\/4479\/37699451132_91f7eeddc6.jpg\" alt=\"_AFB8247\" width=\"500\" height=\"334\" \/><\/a><\/h2>\n<hr \/>\n<h2><\/h2>\n<h2><strong>La participaci\u00f3n en La Sal 2018 se limitara a un m\u00e1ximo de 200 embarcaciones.<\/strong><\/h2>\n<p>&nbsp;<\/p>\n<p>Un dato importante muy a tener en cuenta;\u00a0 Este a\u00f1o \u2013 y como de hecho ocurri\u00f3 durante mucho tiempo.-, la organizaci\u00f3n de la Ruta de La Sal,\u00a0 ha limitado la participaci\u00f3n a un m\u00e1ximo de 200 embarcaciones. Una decisi\u00f3n estrat\u00e9gica justificada en temas como la disponibilidad real de plazas de amarre e infraestructuras de apoyo t\u00e9cnico y funcional en Sant Antoni de Portmany y, sin duda alguna, la voluntad de ofrecer a todos los participantes un evento \u00a0dimensionado en su justa medida que ofrezca a todos los equipos en competici\u00f3n una propuesta t\u00e9cnica, deportiva y social de gran calidad.<\/p>\n<p>En consecuencia las inscripciones, que se\u00a0 tramitar\u00e1n\u00a0 a trav\u00e9s de la p\u00e1gina\u00a0<a href=\"https:\/\/larutadelasal.com\">www.larutadelasal.com<\/a><strong>, <\/strong>\u00a0se confirmar\u00e1n, en todos los casos, por riguroso orden de llegada hasta alcanzar la cifra m\u00e1xima de 200 equipos. A partir de este momento, tal y como ya pas\u00f3 en la edici\u00f3n de este a\u00f1o, se ir\u00e1 generando una lista espera que, excepcionalmente podr\u00e1 dar algunas opciones de participaci\u00f3n en el caso de que se produzcan bajas formales y los listados oficiales de participaci\u00f3n.<\/p>\n<p>Luego, se mire como se mire, la decisi\u00f3n de participar ha de ser r\u00e1pida, si queremos tener garant\u00edas de disponer de una plaza para participar en esta fant\u00e1stica aventura de La Sal 2018<\/p>\n<p>Los caprichos lunares han determinado que la pr\u00f3xima edici\u00f3n de la Ruta de La Sal se tenga que celebrar del 29 de Marzo, jueves Santo, al \u00a0domingo 1 de Abril del 2018; \u00a0ya estaremos en primavera con el horario de verano implantado. El invierno ser\u00e1 ya un recuerdo y la perspectiva del inicio de la temporada de navegaci\u00f3n marcar\u00e1 ritmos mucho m\u00e1s vitales.<\/p>\n<p style=\"text-align: center;\">\u00a0<a title=\"_AFB8221\" href=\"#\" rel=\"\"><img loading=\"lazy\" decoding=\"async\" title=\"_AFB8221\" src=\"http:\/\/farm5.staticflickr.com\/4507\/37021787284_1f8ccb01d7_n.jpg\" alt=\"_AFB8221\" width=\"320\" height=\"214\" \/><\/a><a title=\"_AFB8264\" href=\"#\" rel=\"\"><img loading=\"lazy\" decoding=\"async\" title=\"_AFB8264\" src=\"http:\/\/farm5.staticflickr.com\/4511\/37699450532_5865c3e9c9_n.jpg\" alt=\"_AFB8264\" width=\"320\" height=\"214\" \/><\/a><\/p>\n<p>&nbsp;<\/p>\n<h2><\/h2>\n<hr \/>\n<h2><\/h2>\n<h2><strong>Con tres recorridos alternativos, la Ruta de La Sal 2018 consolida su alto nivel deportivo y trascendencia social. Puntos de salida: Barcelona, Denia y Andraxt con un \u00fanico destino: Es N\u00e0utic de Sant Antoni de Portmany en la Isla de Ibiza.<\/strong><\/h2>\n<p>&nbsp;<\/p>\n<p>La competici\u00f3n volver\u00e1 a incluir tres recorridos alternativos. Todos ellos, l\u00f3gicamente, con destino a las instalaciones del Club N\u00e1utico de Sant Antoni de Portmany en Ibiza que, ojo! a partir de este a\u00f1o pasar\u00e1n a denominarse: La \u201cVersi\u00f3n Barcelona\u201d que saldr\u00e1 desde el Club Mar\u00edtimo de Port Ginesta; La \u201cVersi\u00f3n Denia\u201d con salida desde el Real Club N\u00e1utico de Denia y la\u00a0 \u201cVersi\u00f3n Mallorca\u201d que zarpar\u00e1 rumbo a Ibiza desde el Club de Vela\u00a0 del\u00a0 Puerto de Andratx.<\/p>\n<p><a href=\"https:\/\/www.flickr.com\/photos\/circuitoanam\/31173567105\"><img loading=\"lazy\" decoding=\"async\" src=\"https:\/\/live.staticflickr.com\/5750\/31173567105_d34deb8ba5.jpg\" alt=\"3 puntos de salida de La Ruta de la Sal\" width=\"500\" height=\"435\" \/><\/a><\/p>\n<p>&nbsp;<\/p>\n<p>Pr\u00e1cticamente tres interesantes regatas de aproximaci\u00f3n a Ibiza., cada una de ellas con una marcada entidad propia, con sus atractivos t\u00e9cnicos y t\u00e1cticos muy espec\u00edficos, que en su conjunto conforman el programa deportivo de La Ruta de Sal, un evento dise\u00f1ado por Pepe Ferres en el ya lejano 1989, con el objetivo fomentar la afici\u00f3n por la navegaci\u00f3n de alta mar&#8230;Recurriendo, seg\u00fan explicaba Pepe Ferres, a\u2026 \u201c<em>una regata de altura asequible por distancias y tiempos, pero que, de alguna manera, recog\u00eda las caracter\u00edsticas y particularidades que m\u00e1s definen a una competici\u00f3n en mar abierto. Tambi\u00e9n una regata con posibilidades de que muchos aficionados pudiesen participar, orientada, sin duda alguna, a los amateurs.\u00bb<\/em><\/p>\n<p>&nbsp;<\/p>\n<p><em>\u00a0\u201cSalir del continente, <\/em>remarcaba Ferres<em>,\u00a0\u00a0 para ir a una isla, es ya un buen comienzo. Recuperar un acontecimiento hist\u00f3rico, casi una leyenda, la regata por La Sal de 1846 durante \u201cLa Revolta dels Mariners\u201d,\u00a0 da solidez y un cierto romanticismo a la idea. Las Pitiussas ofrecen un destino cargado de magias. <\/em><\/p>\n<p><em>El Mar Balear con sus micro-climas, y las influencias en sus modelos meteorol\u00f3gicos y, en las t\u00e1cticas de la navegaci\u00f3n, de las orograf\u00edas del Golfo de Sant Jordi, el Delta del Ebro, la Sierra de Tramontana de Mallorca, los Freus de Ibiza y de Formentera se dibuja como un campo de regata perfecto. <\/em><\/p>\n<p><em>La navegaci\u00f3n nocturna, y una \u00e9poca del a\u00f1o, inestable, poco previsible \u2013 de cambio de Luna-\u00a0 que contribuye a dar un toque especial a toda la propuesta. Como resultado una regata de altura con muchas posibilidades deportivas.\u201d <\/em><\/p>\n<p><em>\u00a0<\/em><\/p>\n<p>Una regata, como asegur\u00f3 tantas veces nuestro amigo Ferres, dif\u00edcil, en ocasiones incluso muy complicada, pero cargada de grandes atractivos para los amantes de la navegaci\u00f3n de crucero.<\/p>\n<p>&nbsp;<\/p>\n<p>La\u00a0 Versi\u00f3n Barcelona\u00a0 de La Sal que saldr\u00e1 el pr\u00f3ximo jueves 29 de Marzo de 2018 \u00a0a las 10:00 h desde el CM Port Ginesta, se competir\u00e1, como ya es habitual, sobre un recorrido de 140 millas con rumbo directo hasta el Club N\u00e1utico de Sant Antoni de Portmany en Ibiza.<\/p>\n<p><em>\u00a0<a title=\"_AFB8337\" href=\"#\" rel=\"\"><img loading=\"lazy\" decoding=\"async\" class=\"aligncenter\" title=\"_AFB8337\" src=\"http:\/\/farm5.staticflickr.com\/4450\/37021782764_7e237b5b88.jpg\" alt=\"_AFB8337\" width=\"500\" height=\"334\" \/><\/a><\/em><\/p>\n<p>La regata desde Barcelona,\u00a0 es b\u00e1sicamente\u00a0 una navegaci\u00f3n de altura media muy condicionada por los panoramas meteorol\u00f3gicos de las costas norte de Mallorca e Ibiza y, tambi\u00e9n del Golfo de Sant Jordi.\u00a0 En la edici\u00f3n del 2017, con una participaci\u00f3n de unas 70\u00a0 embarcaciones tripuladas por m\u00e1s de 490 regatistas, venci\u00f3\u00a0 el Baltic 61 \u201cClajasan\u201d de Francisco Churtichaga del RCN Barcelona, con un tiempo de 24h:42m:45s. El ganador en tiempo real fue\u00a0 el Bot\u00edn 65 alem\u00e1n \u201cCaro\u201d de Maximilian Klink,\u00a0 con un crono de 24h: 19m: 28s.<\/p>\n<p>&nbsp;<\/p>\n<p>Como referencia importante indicar que en la cita del\u00a0 2011, Maximilian Klink con su J&amp;V50 \u201cCaro\u201d fue el m\u00e1s r\u00e1pido en cubrir las 140 millas desde Port Ginesta hasta San Antoni de Portamny\u00a0\u00a0con un registro, de tan solo 13 horas, 18 minutos y 54 segundos. Espectacular!!!. Acreditando una velocidad media durante toda la traves\u00eda superior a los 10,70 nudos. Estableciendo un record para esta\u00a0\u00a0singladura que, normalmente, ser\u00e1 muy dif\u00edcil de superar.<\/p>\n<p>&nbsp;<\/p>\n<p>La\u00a0 Versi\u00f3n Denia, normalmente la que registra mayores \u00edndices de participaci\u00f3n, \u00a0\u00a0con salida prevista para las\u00a0 14: 00 h del\u00a0 jueves 29 de marzo del 2018 desde el RC N\u00e1utico de Denia, implica un circuito de 120 millas que obliga a los equipos en competici\u00f3n a tomar Formentera y la Isla de Tagomago por babor, navegando por la costa norte de Ibiza, hasta llegar a Sant Antoni de Portmany.<\/p>\n<p><strong>\u00a0<\/strong><\/p>\n<p>Se trata, b\u00e1sicamente de dar una vuelta al archipi\u00e9lago de las Pitiusas,\u00a0 una prueba complicada, con muchas variables y, en especial, muy divertida. La experiencia en la navegaci\u00f3n costera ser\u00e1 determinante, para un recorrido que, en el caso de que la meteorolog\u00eda as\u00ed lo aconseje, podr\u00eda ser modificado, proponiendo una competici\u00f3n por el sur de Ibiza rumbo a Sant Antoni<\/p>\n<p><strong>\u00a0<\/strong><\/p>\n<p>En la cita del 2017, con \u00a0unos 90 veleros en competici\u00f3n tripulados por unos 550 regatistas, se impuso claramente, con un registro de 22h: 13m: 32s, el Centuri\u00f3n 40 S de Antonio Gadea del RCN de Valencia, \u201cBlue Dragon\u201d, mientras que el Swan 75 de Agust\u00edn Gregory, \u201cAlzira Moraira\u201d, fue el vencedor en tiempo real de este recorrido con un registro de 21h: 59m: 51s.<\/p>\n<p>&nbsp;<\/p>\n<p>Como referencia, para situar m\u00e1s esta singladura, indicar que en la edici\u00f3n del 2012 de esta Versi\u00f3n Denia, el Swan 80 del RCR de Alicante, \u00abPlis-Play\u00bb de Vicente Garc\u00eda,\u00a0 coincidiendo con el 25 aniversario de La Sal,\u00a0 estableci\u00f3 un nuevo record de velocidad absoluto para esta traves\u00eda con un registro de 13h \/10m \/15s para cubrir las 117 millas desde Denia, lo que significa apuntar una velocidad media durante toda la traves\u00eda de algo m\u00e1s de 9 nudos.<\/p>\n<p>&nbsp;<\/p>\n<p>&nbsp;<\/p>\n<p>La \u00a0Versi\u00f3n Mallorca \u00a0de La Sal que se cre\u00f3 en la pasada edici\u00f3n como novedad deportiva del 30 aniversario,\u00a0 zarpar\u00e1 a las 12.00h. del jueves 29 de Marzo del 2018 desde Puerto de Andratx a St. Antoni, dejando por estribor las islas de Tagomago, Formentera, Es Vedr\u00e1, Bledas y\u00a0 Conejera. Unas 103 millas de singladura, que se dibujan como un recorrido bastante asequible por distancias pero con grandes dificultades t\u00e1cticas, en especial a partir de Tagomago y hasta la l\u00ednea de llegada en Cab Negret, en Sant Antoni de Portmany.<\/p>\n<p><strong>\u00a0<\/strong><\/p>\n<p>Con una inscripci\u00f3n que reuni\u00f3 a 45 embarcaciones con 265 tripulantes, venci\u00f3, en su primera edici\u00f3n, el\u00a0 Swan 56 \u201cClem\u201d de Jaime Olazabal\u00a0 del Club de Mar Mallorca, con un registro de 24h:59m:05s, El m\u00e1s r\u00e1pido en tiempo real fue el Finot-Conq \u201cSpock\u201d del alem\u00e1n Thomas Shumacher con un crono de 24h:36m:26s, quien por el momento marca el record de tiempo en cubrir esta singladura que, de cara a la edici\u00f3n del \u00a02018 y tras la experiencia de este a\u00f1o, promete consolidarse como una referencia deportiva de muy alto nivel dentro del calendario de regatas de las Islas Baleares.<\/p>\n<p>&nbsp;<\/p>\n<p>Tras la competici\u00f3n, liberadas las exaltaciones de las \u00faltimas millas, siempre las m\u00e1s dif\u00edciles, los participantes en La Sal, podr\u00e1n disfrutar de las magias de Ibiza. La organizaci\u00f3n prepara, para este a\u00f1o un programa de actividades din\u00e1mico y cargado de interesantes propuestas sociales y culturales. Ser\u00e1 sin duda, como siempre, una gran aventura.<\/p>\n<p>&nbsp;<\/p>\n<p>&nbsp;<\/p>\n<p><strong>Departamento de Prensa.<\/strong><\/p>\n<p><strong><span style=\"text-decoration: underline;\">Ruta de La Sal 2018.<\/span><\/strong><\/p>\n","protected":false},"excerpt":{"rendered":"<p>Presentada la edici\u00f3n XXI de La Ruta de la Sal en Sal\u00f3n N\u00e1utico Internacional de Barcelona &nbsp; Hoy viernes 13 de octubre se ha presentado oficialmente en el\u00a0 \u201cEspai del Mar\u201d\u00a0 del\u00a0 Sal\u00f3n N\u00e1utico Internacional de Barcelona\u00a0 la regata de altura La Ruta de La Sal 2018, regata fundada por Pepe Ferr\u00e9s; Acto que ha [&hellip;]<\/p>\n","protected":false},"author":1,"featured_media":3612,"comment_status":"open","ping_status":"open","sticky":false,"template":"","format":"standard","meta":{"_acf_changed":false,"footnotes":""},"categories":[3],"tags":[],"acf":[],"yoast_head":"<!-- This site is optimized with the Yoast SEO plugin v23.0 - https:\/\/yoast.com\/wordpress\/plugins\/seo\/ -->\n<title>COMIENZA LA AVENTURA...: RUMBO A IBIZA!!!! | Regata La Ruta de la Sal<\/title>\n<meta name=\"robots\" content=\"noindex, follow, max-snippet:-1, max-image-preview:large, max-video-preview:-1\" \/>\n<meta property=\"og:locale\" content=\"es_ES\" \/>\n<meta property=\"og:type\" content=\"article\" \/>\n<meta property=\"og:title\" content=\"COMIENZA LA AVENTURA...: RUMBO A IBIZA!!!! | Regata La Ruta de la Sal\" \/>\n<meta property=\"og:description\" content=\"Presentada la edici\u00f3n XXI de La Ruta de la Sal en Sal\u00f3n N\u00e1utico Internacional de Barcelona &nbsp; Hoy viernes 13 de octubre se ha presentado oficialmente en el\u00a0 \u201cEspai del Mar\u201d\u00a0 del\u00a0 Sal\u00f3n N\u00e1utico Internacional de Barcelona\u00a0 la regata de altura La Ruta de La Sal 2018, regata fundada por Pepe Ferr\u00e9s; Acto que ha [&hellip;]\" \/>\n<meta property=\"og:url\" content=\"https:\/\/labs.100x100.net\/projects\/rutasal\/comienza-la-aventura-rumbo-a-ibiza\/\" \/>\n<meta property=\"og:site_name\" content=\"Regata La Ruta de la Sal\" \/>\n<meta property=\"article:publisher\" content=\"https:\/\/www.facebook.com\/rutadelasal\/\" \/>\n<meta property=\"article:published_time\" content=\"2017-10-16T10:55:28+00:00\" \/>\n<meta property=\"article:modified_time\" content=\"2019-03-07T10:00:06+00:00\" \/>\n<meta property=\"og:image\" content=\"https:\/\/labs.100x100.net\/projects\/rutasal\/custom\/uploads\/2017\/10\/37021787064_c1368809a8.jpg\" \/>\n\t<meta property=\"og:image:width\" content=\"500\" \/>\n\t<meta property=\"og:image:height\" content=\"334\" \/>\n\t<meta property=\"og:image:type\" content=\"image\/jpeg\" \/>\n<meta name=\"author\" content=\"La Ruta de la Sal\" \/>\n<meta name=\"twitter:card\" content=\"summary_large_image\" \/>\n<meta name=\"twitter:creator\" content=\"@AnamMedi\" \/>\n<meta name=\"twitter:site\" content=\"@AnamMedi\" \/>\n<meta name=\"twitter:label1\" content=\"Escrito por\" \/>\n\t<meta name=\"twitter:data1\" content=\"La Ruta de la Sal\" \/>\n\t<meta name=\"twitter:label2\" content=\"Tiempo de lectura\" \/>\n\t<meta name=\"twitter:data2\" content=\"9 minutos\" \/>\n<script type=\"application\/ld+json\" class=\"yoast-schema-graph\">{\"@context\":\"https:\/\/schema.org\",\"@graph\":[{\"@type\":\"WebPage\",\"@id\":\"https:\/\/labs.100x100.net\/projects\/rutasal\/comienza-la-aventura-rumbo-a-ibiza\/\",\"url\":\"https:\/\/labs.100x100.net\/projects\/rutasal\/comienza-la-aventura-rumbo-a-ibiza\/\",\"name\":\"COMIENZA LA AVENTURA...: RUMBO A IBIZA!!!! | Regata La Ruta de la Sal\",\"isPartOf\":{\"@id\":\"https:\/\/labs.100x100.net\/projects\/rutasal\/#website\"},\"primaryImageOfPage\":{\"@id\":\"https:\/\/labs.100x100.net\/projects\/rutasal\/comienza-la-aventura-rumbo-a-ibiza\/#primaryimage\"},\"image\":{\"@id\":\"https:\/\/labs.100x100.net\/projects\/rutasal\/comienza-la-aventura-rumbo-a-ibiza\/#primaryimage\"},\"thumbnailUrl\":\"https:\/\/labs.100x100.net\/projects\/rutasal\/custom\/uploads\/2017\/10\/37021787064_c1368809a8.jpg\",\"datePublished\":\"2017-10-16T10:55:28+00:00\",\"dateModified\":\"2019-03-07T10:00:06+00:00\",\"author\":{\"@id\":\"https:\/\/labs.100x100.net\/projects\/rutasal\/#\/schema\/person\/214eeb4a2e78fd8373a0a94f6d93c9ca\"},\"breadcrumb\":{\"@id\":\"https:\/\/labs.100x100.net\/projects\/rutasal\/comienza-la-aventura-rumbo-a-ibiza\/#breadcrumb\"},\"inLanguage\":\"es\",\"potentialAction\":[{\"@type\":\"ReadAction\",\"target\":[\"https:\/\/labs.100x100.net\/projects\/rutasal\/comienza-la-aventura-rumbo-a-ibiza\/\"]}]},{\"@type\":\"ImageObject\",\"inLanguage\":\"es\",\"@id\":\"https:\/\/labs.100x100.net\/projects\/rutasal\/comienza-la-aventura-rumbo-a-ibiza\/#primaryimage\",\"url\":\"https:\/\/labs.100x100.net\/projects\/rutasal\/custom\/uploads\/2017\/10\/37021787064_c1368809a8.jpg\",\"contentUrl\":\"https:\/\/labs.100x100.net\/projects\/rutasal\/custom\/uploads\/2017\/10\/37021787064_c1368809a8.jpg\",\"width\":500,\"height\":334},{\"@type\":\"BreadcrumbList\",\"@id\":\"https:\/\/labs.100x100.net\/projects\/rutasal\/comienza-la-aventura-rumbo-a-ibiza\/#breadcrumb\",\"itemListElement\":[{\"@type\":\"ListItem\",\"position\":1,\"name\":\"Portada\",\"item\":\"https:\/\/labs.100x100.net\/projects\/rutasal\/\"},{\"@type\":\"ListItem\",\"position\":2,\"name\":\"COMIENZA LA AVENTURA&#8230;: RUMBO A IBIZA!!!!\"}]},{\"@type\":\"WebSite\",\"@id\":\"https:\/\/labs.100x100.net\/projects\/rutasal\/#website\",\"url\":\"https:\/\/labs.100x100.net\/projects\/rutasal\/\",\"name\":\"Regata La Ruta de la Sal\",\"description\":\"Regata La Ruta de la Sal es una regata de Altura Mediterr\u00e1nea para barcos de crucero a vela con destino en Ibiza, que se disputa anualmente en Semana Santa.\",\"potentialAction\":[{\"@type\":\"SearchAction\",\"target\":{\"@type\":\"EntryPoint\",\"urlTemplate\":\"https:\/\/labs.100x100.net\/projects\/rutasal\/?s={search_term_string}\"},\"query-input\":\"required name=search_term_string\"}],\"inLanguage\":\"es\"},{\"@type\":\"Person\",\"@id\":\"https:\/\/labs.100x100.net\/projects\/rutasal\/#\/schema\/person\/214eeb4a2e78fd8373a0a94f6d93c9ca\",\"name\":\"La Ruta de la Sal\",\"image\":{\"@type\":\"ImageObject\",\"inLanguage\":\"es\",\"@id\":\"https:\/\/labs.100x100.net\/projects\/rutasal\/#\/schema\/person\/image\/\",\"url\":\"https:\/\/secure.gravatar.com\/avatar\/b247286d4b801d6b1cfcfb3807587284?s=96&d=mm&r=g\",\"contentUrl\":\"https:\/\/secure.gravatar.com\/avatar\/b247286d4b801d6b1cfcfb3807587284?s=96&d=mm&r=g\",\"caption\":\"La Ruta de la Sal\"}}]}<\/script>\n<!-- \/ Yoast SEO plugin. -->","yoast_head_json":{"title":"COMIENZA LA AVENTURA...: RUMBO A IBIZA!!!! | Regata La Ruta de la Sal","robots":{"index":"noindex","follow":"follow","max-snippet":"max-snippet:-1","max-image-preview":"max-image-preview:large","max-video-preview":"max-video-preview:-1"},"og_locale":"es_ES","og_type":"article","og_title":"COMIENZA LA AVENTURA...: RUMBO A IBIZA!!!! | Regata La Ruta de la Sal","og_description":"Presentada la edici\u00f3n XXI de La Ruta de la Sal en Sal\u00f3n N\u00e1utico Internacional de Barcelona &nbsp; Hoy viernes 13 de octubre se ha presentado oficialmente en el\u00a0 \u201cEspai del Mar\u201d\u00a0 del\u00a0 Sal\u00f3n N\u00e1utico Internacional de Barcelona\u00a0 la regata de altura La Ruta de La Sal 2018, regata fundada por Pepe Ferr\u00e9s; Acto que ha [&hellip;]","og_url":"https:\/\/labs.100x100.net\/projects\/rutasal\/comienza-la-aventura-rumbo-a-ibiza\/","og_site_name":"Regata La Ruta de la Sal","article_publisher":"https:\/\/www.facebook.com\/rutadelasal\/","article_published_time":"2017-10-16T10:55:28+00:00","article_modified_time":"2019-03-07T10:00:06+00:00","og_image":[{"width":500,"height":334,"url":"https:\/\/labs.100x100.net\/projects\/rutasal\/custom\/uploads\/2017\/10\/37021787064_c1368809a8.jpg","type":"image\/jpeg"}],"author":"La Ruta de la Sal","twitter_card":"summary_large_image","twitter_creator":"@AnamMedi","twitter_site":"@AnamMedi","twitter_misc":{"Escrito por":"La Ruta de la Sal","Tiempo de lectura":"9 minutos"},"schema":{"@context":"https:\/\/schema.org","@graph":[{"@type":"WebPage","@id":"https:\/\/labs.100x100.net\/projects\/rutasal\/comienza-la-aventura-rumbo-a-ibiza\/","url":"https:\/\/labs.100x100.net\/projects\/rutasal\/comienza-la-aventura-rumbo-a-ibiza\/","name":"COMIENZA LA AVENTURA...: RUMBO A IBIZA!!!! | Regata La Ruta de la Sal","isPartOf":{"@id":"https:\/\/labs.100x100.net\/projects\/rutasal\/#website"},"primaryImageOfPage":{"@id":"https:\/\/labs.100x100.net\/projects\/rutasal\/comienza-la-aventura-rumbo-a-ibiza\/#primaryimage"},"image":{"@id":"https:\/\/labs.100x100.net\/projects\/rutasal\/comienza-la-aventura-rumbo-a-ibiza\/#primaryimage"},"thumbnailUrl":"https:\/\/labs.100x100.net\/projects\/rutasal\/custom\/uploads\/2017\/10\/37021787064_c1368809a8.jpg","datePublished":"2017-10-16T10:55:28+00:00","dateModified":"2019-03-07T10:00:06+00:00","author":{"@id":"https:\/\/labs.100x100.net\/projects\/rutasal\/#\/schema\/person\/214eeb4a2e78fd8373a0a94f6d93c9ca"},"breadcrumb":{"@id":"https:\/\/labs.100x100.net\/projects\/rutasal\/comienza-la-aventura-rumbo-a-ibiza\/#breadcrumb"},"inLanguage":"es","potentialAction":[{"@type":"ReadAction","target":["https:\/\/labs.100x100.net\/projects\/rutasal\/comienza-la-aventura-rumbo-a-ibiza\/"]}]},{"@type":"ImageObject","inLanguage":"es","@id":"https:\/\/labs.100x100.net\/projects\/rutasal\/comienza-la-aventura-rumbo-a-ibiza\/#primaryimage","url":"https:\/\/labs.100x100.net\/projects\/rutasal\/custom\/uploads\/2017\/10\/37021787064_c1368809a8.jpg","contentUrl":"https:\/\/labs.100x100.net\/projects\/rutasal\/custom\/uploads\/2017\/10\/37021787064_c1368809a8.jpg","width":500,"height":334},{"@type":"BreadcrumbList","@id":"https:\/\/labs.100x100.net\/projects\/rutasal\/comienza-la-aventura-rumbo-a-ibiza\/#breadcrumb","itemListElement":[{"@type":"ListItem","position":1,"name":"Portada","item":"https:\/\/labs.100x100.net\/projects\/rutasal\/"},{"@type":"ListItem","position":2,"name":"COMIENZA LA AVENTURA&#8230;: RUMBO A IBIZA!!!!"}]},{"@type":"WebSite","@id":"https:\/\/labs.100x100.net\/projects\/rutasal\/#website","url":"https:\/\/labs.100x100.net\/projects\/rutasal\/","name":"Regata La Ruta de la Sal","description":"Regata La Ruta de la Sal es una regata de Altura Mediterr\u00e1nea para barcos de crucero a vela con destino en Ibiza, que se disputa anualmente en Semana Santa.","potentialAction":[{"@type":"SearchAction","target":{"@type":"EntryPoint","urlTemplate":"https:\/\/labs.100x100.net\/projects\/rutasal\/?s={search_term_string}"},"query-input":"required name=search_term_string"}],"inLanguage":"es"},{"@type":"Person","@id":"https:\/\/labs.100x100.net\/projects\/rutasal\/#\/schema\/person\/214eeb4a2e78fd8373a0a94f6d93c9ca","name":"La Ruta de la Sal","image":{"@type":"ImageObject","inLanguage":"es","@id":"https:\/\/labs.100x100.net\/projects\/rutasal\/#\/schema\/person\/image\/","url":"https:\/\/secure.gravatar.com\/avatar\/b247286d4b801d6b1cfcfb3807587284?s=96&d=mm&r=g","contentUrl":"https:\/\/secure.gravatar.com\/avatar\/b247286d4b801d6b1cfcfb3807587284?s=96&d=mm&r=g","caption":"La Ruta de la Sal"}}]}},"_links":{"self":[{"href":"https:\/\/labs.100x100.net\/projects\/rutasal\/wp-json\/wp\/v2\/posts\/2684"}],"collection":[{"href":"https:\/\/labs.100x100.net\/projects\/rutasal\/wp-json\/wp\/v2\/posts"}],"about":[{"href":"https:\/\/labs.100x100.net\/projects\/rutasal\/wp-json\/wp\/v2\/types\/post"}],"author":[{"embeddable":true,"href":"https:\/\/labs.100x100.net\/projects\/rutasal\/wp-json\/wp\/v2\/users\/1"}],"replies":[{"embeddable":true,"href":"https:\/\/labs.100x100.net\/projects\/rutasal\/wp-json\/wp\/v2\/comments?post=2684"}],"version-history":[{"count":1,"href":"https:\/\/labs.100x100.net\/projects\/rutasal\/wp-json\/wp\/v2\/posts\/2684\/revisions"}],"predecessor-version":[{"id":3469,"href":"https:\/\/labs.100x100.net\/projects\/rutasal\/wp-json\/wp\/v2\/posts\/2684\/revisions\/3469"}],"wp:featuredmedia":[{"embeddable":true,"href":"https:\/\/labs.100x100.net\/projects\/rutasal\/wp-json\/wp\/v2\/media\/3612"}],"wp:attachment":[{"href":"https:\/\/labs.100x100.net\/projects\/rutasal\/wp-json\/wp\/v2\/media?parent=2684"}],"wp:term":[{"taxonomy":"category","embeddable":true,"href":"https:\/\/labs.100x100.net\/projects\/rutasal\/wp-json\/wp\/v2\/categories?post=2684"},{"taxonomy":"post_tag","embeddable":true,"href":"https:\/\/labs.100x100.net\/projects\/rutasal\/wp-json\/wp\/v2\/tags?post=2684"}],"curies":[{"name":"wp","href":"https:\/\/api.w.org\/{rel}","templated":true}]}}