{"id":2682,"date":"2017-10-13T08:47:05","date_gmt":"2017-10-13T06:47:05","guid":{"rendered":"https:\/\/larutadelasal.com\/?p=2682"},"modified":"2019-03-07T12:01:16","modified_gmt":"2019-03-07T10:01:16","slug":"ultima-hora-presentacion-en-el-salon-nautico-de-barcelona","status":"publish","type":"post","link":"https:\/\/labs.100x100.net\/projects\/rutasal\/ultima-hora-presentacion-en-el-salon-nautico-de-barcelona\/","title":{"rendered":"\u00daLTIMA HORA: PRESENTACI\u00d3N EN EL SAL\u00d3N N\u00c1UTICO DE BARCELONA"},"content":{"rendered":"<p style=\"text-align: left;\">Amigo\/a regatista,<\/p>\n<p style=\"text-align: left;\">Te recordamos que hoy <strong>viernes 13 de octubre a las 19,00h<\/strong>, realizaremos en el Espai de Mar, la <strong>Presentaci\u00f3n<\/strong> Oficial de la XXXI Edici\u00f3n de <strong>La Ruta de la Sal<\/strong>.<\/p>\n<p style=\"text-align: left;\">Indicar que este a\u00f1o el Espai de Mar est\u00e1 ubicado en el Muelle de Espa\u00f1a, frente al cine IMAX.<\/p>\n<p>En el mismo acto, se presentar\u00e1 el <strong>Circuito de Regatas de altura 2018<\/strong>, que adem\u00e1s de la Ruta de la Sal est\u00e1 compuesto por la Regata del Delta, la regata Bah\u00eda de Pollen\u00e7a, la Ruta de la Tramuntana y la Sitges-Ciutadella. Para finalizar el acto, se proceder\u00e1 a la <strong>Entrega de Premios del Circuito de Regatas de Altura &#8211; Trofeo AUSMAR 2017<\/strong>.<\/p>\n<p>A continuaci\u00f3n, como siempre, se brindar\u00e1 con<strong> Gramona<\/strong>, el cava oficial de La Ruta de la Sal<\/p>\n<p><a href=\"https:\/\/www.flickr.com\/photos\/circuitoanam\/30343362515\/\"><img loading=\"lazy\" decoding=\"async\" src=\"https:\/\/live.staticflickr.com\/5582\/30343362515_91c7415006.jpg\" alt=\"EL 30 ANIVERSARIO DE LA RUTA DE LA SAL PRESENTADA EN EL SALON NAUTICO INTERNACIONAL DE BARCELONA 2016\" width=\"500\" height=\"334\" \/><\/a><\/p>\n<p>Est\u00e1is todos invitados. Os esperamos.<\/p>\n","protected":false},"excerpt":{"rendered":"<p>Amigo\/a regatista, Te recordamos que hoy viernes 13 de octubre a las 19,00h, realizaremos en el Espai de Mar, la Presentaci\u00f3n Oficial de la XXXI Edici\u00f3n de La Ruta de la Sal. Indicar que este a\u00f1o el Espai de Mar est\u00e1 ubicado en el Muelle de Espa\u00f1a, frente al cine IMAX. En el mismo acto, [&hellip;]<\/p>\n","protected":false},"author":1,"featured_media":3613,"comment_status":"open","ping_status":"open","sticky":false,"template":"","format":"standard","meta":{"_acf_changed":false,"footnotes":""},"categories":[3],"tags":[],"acf":[],"yoast_head":"<!-- This site is optimized with the Yoast SEO plugin v23.0 - https:\/\/yoast.com\/wordpress\/plugins\/seo\/ -->\n<title>\u00daLTIMA HORA: PRESENTACI\u00d3N EN EL SAL\u00d3N N\u00c1UTICO DE BARCELONA | Regata La Ruta de la Sal<\/title>\n<meta name=\"robots\" content=\"noindex, follow, max-snippet:-1, max-image-preview:large, max-video-preview:-1\" \/>\n<meta property=\"og:locale\" content=\"es_ES\" \/>\n<meta property=\"og:type\" content=\"article\" \/>\n<meta property=\"og:title\" content=\"\u00daLTIMA HORA: PRESENTACI\u00d3N EN EL SAL\u00d3N N\u00c1UTICO DE BARCELONA | Regata La Ruta de la Sal\" \/>\n<meta property=\"og:description\" content=\"Amigo\/a regatista, Te recordamos que hoy viernes 13 de octubre a las 19,00h, realizaremos en el Espai de Mar, la Presentaci\u00f3n Oficial de la XXXI Edici\u00f3n de La Ruta de la Sal. Indicar que este a\u00f1o el Espai de Mar est\u00e1 ubicado en el Muelle de Espa\u00f1a, frente al cine IMAX. En el mismo acto, [&hellip;]\" \/>\n<meta property=\"og:url\" content=\"https:\/\/labs.100x100.net\/projects\/rutasal\/ultima-hora-presentacion-en-el-salon-nautico-de-barcelona\/\" \/>\n<meta property=\"og:site_name\" content=\"Regata La Ruta de la Sal\" \/>\n<meta property=\"article:publisher\" content=\"https:\/\/www.facebook.com\/rutadelasal\/\" \/>\n<meta property=\"article:published_time\" content=\"2017-10-13T06:47:05+00:00\" \/>\n<meta property=\"article:modified_time\" content=\"2019-03-07T10:01:16+00:00\" \/>\n<meta property=\"og:image\" content=\"https:\/\/labs.100x100.net\/projects\/rutasal\/custom\/uploads\/2017\/10\/30343362515_91c7415006.jpg\" \/>\n\t<meta property=\"og:image:width\" content=\"500\" \/>\n\t<meta property=\"og:image:height\" content=\"334\" \/>\n\t<meta property=\"og:image:type\" content=\"image\/jpeg\" \/>\n<meta name=\"author\" content=\"La Ruta de la Sal\" \/>\n<meta name=\"twitter:card\" content=\"summary_large_image\" \/>\n<meta name=\"twitter:creator\" content=\"@AnamMedi\" \/>\n<meta name=\"twitter:site\" content=\"@AnamMedi\" \/>\n<meta name=\"twitter:label1\" content=\"Escrito por\" \/>\n\t<meta name=\"twitter:data1\" content=\"La Ruta de la Sal\" \/>\n\t<meta name=\"twitter:label2\" content=\"Tiempo de lectura\" \/>\n\t<meta name=\"twitter:data2\" content=\"1 minuto\" \/>\n<script type=\"application\/ld+json\" class=\"yoast-schema-graph\">{\"@context\":\"https:\/\/schema.org\",\"@graph\":[{\"@type\":\"WebPage\",\"@id\":\"https:\/\/labs.100x100.net\/projects\/rutasal\/ultima-hora-presentacion-en-el-salon-nautico-de-barcelona\/\",\"url\":\"https:\/\/labs.100x100.net\/projects\/rutasal\/ultima-hora-presentacion-en-el-salon-nautico-de-barcelona\/\",\"name\":\"\u00daLTIMA HORA: PRESENTACI\u00d3N EN EL SAL\u00d3N N\u00c1UTICO DE BARCELONA | Regata La Ruta de la Sal\",\"isPartOf\":{\"@id\":\"https:\/\/labs.100x100.net\/projects\/rutasal\/#website\"},\"primaryImageOfPage\":{\"@id\":\"https:\/\/labs.100x100.net\/projects\/rutasal\/ultima-hora-presentacion-en-el-salon-nautico-de-barcelona\/#primaryimage\"},\"image\":{\"@id\":\"https:\/\/labs.100x100.net\/projects\/rutasal\/ultima-hora-presentacion-en-el-salon-nautico-de-barcelona\/#primaryimage\"},\"thumbnailUrl\":\"https:\/\/labs.100x100.net\/projects\/rutasal\/custom\/uploads\/2017\/10\/30343362515_91c7415006.jpg\",\"datePublished\":\"2017-10-13T06:47:05+00:00\",\"dateModified\":\"2019-03-07T10:01:16+00:00\",\"author\":{\"@id\":\"https:\/\/labs.100x100.net\/projects\/rutasal\/#\/schema\/person\/214eeb4a2e78fd8373a0a94f6d93c9ca\"},\"breadcrumb\":{\"@id\":\"https:\/\/labs.100x100.net\/projects\/rutasal\/ultima-hora-presentacion-en-el-salon-nautico-de-barcelona\/#breadcrumb\"},\"inLanguage\":\"es\",\"potentialAction\":[{\"@type\":\"ReadAction\",\"target\":[\"https:\/\/labs.100x100.net\/projects\/rutasal\/ultima-hora-presentacion-en-el-salon-nautico-de-barcelona\/\"]}]},{\"@type\":\"ImageObject\",\"inLanguage\":\"es\",\"@id\":\"https:\/\/labs.100x100.net\/projects\/rutasal\/ultima-hora-presentacion-en-el-salon-nautico-de-barcelona\/#primaryimage\",\"url\":\"https:\/\/labs.100x100.net\/projects\/rutasal\/custom\/uploads\/2017\/10\/30343362515_91c7415006.jpg\",\"contentUrl\":\"https:\/\/labs.100x100.net\/projects\/rutasal\/custom\/uploads\/2017\/10\/30343362515_91c7415006.jpg\",\"width\":500,\"height\":334},{\"@type\":\"BreadcrumbList\",\"@id\":\"https:\/\/labs.100x100.net\/projects\/rutasal\/ultima-hora-presentacion-en-el-salon-nautico-de-barcelona\/#breadcrumb\",\"itemListElement\":[{\"@type\":\"ListItem\",\"position\":1,\"name\":\"Portada\",\"item\":\"https:\/\/labs.100x100.net\/projects\/rutasal\/\"},{\"@type\":\"ListItem\",\"position\":2,\"name\":\"\u00daLTIMA HORA: PRESENTACI\u00d3N EN EL SAL\u00d3N N\u00c1UTICO DE BARCELONA\"}]},{\"@type\":\"WebSite\",\"@id\":\"https:\/\/labs.100x100.net\/projects\/rutasal\/#website\",\"url\":\"https:\/\/labs.100x100.net\/projects\/rutasal\/\",\"name\":\"Regata La Ruta de la Sal\",\"description\":\"Regata La Ruta de la Sal es una regata de Altura Mediterr\u00e1nea para barcos de crucero a vela con destino en Ibiza, que se disputa anualmente en Semana Santa.\",\"potentialAction\":[{\"@type\":\"SearchAction\",\"target\":{\"@type\":\"EntryPoint\",\"urlTemplate\":\"https:\/\/labs.100x100.net\/projects\/rutasal\/?s={search_term_string}\"},\"query-input\":\"required name=search_term_string\"}],\"inLanguage\":\"es\"},{\"@type\":\"Person\",\"@id\":\"https:\/\/labs.100x100.net\/projects\/rutasal\/#\/schema\/person\/214eeb4a2e78fd8373a0a94f6d93c9ca\",\"name\":\"La Ruta de la Sal\",\"image\":{\"@type\":\"ImageObject\",\"inLanguage\":\"es\",\"@id\":\"https:\/\/labs.100x100.net\/projects\/rutasal\/#\/schema\/person\/image\/\",\"url\":\"https:\/\/secure.gravatar.com\/avatar\/b247286d4b801d6b1cfcfb3807587284?s=96&d=mm&r=g\",\"contentUrl\":\"https:\/\/secure.gravatar.com\/avatar\/b247286d4b801d6b1cfcfb3807587284?s=96&d=mm&r=g\",\"caption\":\"La Ruta de la Sal\"}}]}<\/script>\n<!-- \/ Yoast SEO plugin. -->","yoast_head_json":{"title":"\u00daLTIMA HORA: PRESENTACI\u00d3N EN EL SAL\u00d3N N\u00c1UTICO DE BARCELONA | Regata La Ruta de la Sal","robots":{"index":"noindex","follow":"follow","max-snippet":"max-snippet:-1","max-image-preview":"max-image-preview:large","max-video-preview":"max-video-preview:-1"},"og_locale":"es_ES","og_type":"article","og_title":"\u00daLTIMA HORA: PRESENTACI\u00d3N EN EL SAL\u00d3N N\u00c1UTICO DE BARCELONA | Regata La Ruta de la Sal","og_description":"Amigo\/a regatista, Te recordamos que hoy viernes 13 de octubre a las 19,00h, realizaremos en el Espai de Mar, la Presentaci\u00f3n Oficial de la XXXI Edici\u00f3n de La Ruta de la Sal. Indicar que este a\u00f1o el Espai de Mar est\u00e1 ubicado en el Muelle de Espa\u00f1a, frente al cine IMAX. En el mismo acto, [&hellip;]","og_url":"https:\/\/labs.100x100.net\/projects\/rutasal\/ultima-hora-presentacion-en-el-salon-nautico-de-barcelona\/","og_site_name":"Regata La Ruta de la Sal","article_publisher":"https:\/\/www.facebook.com\/rutadelasal\/","article_published_time":"2017-10-13T06:47:05+00:00","article_modified_time":"2019-03-07T10:01:16+00:00","og_image":[{"width":500,"height":334,"url":"https:\/\/labs.100x100.net\/projects\/rutasal\/custom\/uploads\/2017\/10\/30343362515_91c7415006.jpg","type":"image\/jpeg"}],"author":"La Ruta de la Sal","twitter_card":"summary_large_image","twitter_creator":"@AnamMedi","twitter_site":"@AnamMedi","twitter_misc":{"Escrito por":"La Ruta de la Sal","Tiempo de lectura":"1 minuto"},"schema":{"@context":"https:\/\/schema.org","@graph":[{"@type":"WebPage","@id":"https:\/\/labs.100x100.net\/projects\/rutasal\/ultima-hora-presentacion-en-el-salon-nautico-de-barcelona\/","url":"https:\/\/labs.100x100.net\/projects\/rutasal\/ultima-hora-presentacion-en-el-salon-nautico-de-barcelona\/","name":"\u00daLTIMA HORA: PRESENTACI\u00d3N EN EL SAL\u00d3N N\u00c1UTICO DE BARCELONA | Regata La Ruta de la Sal","isPartOf":{"@id":"https:\/\/labs.100x100.net\/projects\/rutasal\/#website"},"primaryImageOfPage":{"@id":"https:\/\/labs.100x100.net\/projects\/rutasal\/ultima-hora-presentacion-en-el-salon-nautico-de-barcelona\/#primaryimage"},"image":{"@id":"https:\/\/labs.100x100.net\/projects\/rutasal\/ultima-hora-presentacion-en-el-salon-nautico-de-barcelona\/#primaryimage"},"thumbnailUrl":"https:\/\/labs.100x100.net\/projects\/rutasal\/custom\/uploads\/2017\/10\/30343362515_91c7415006.jpg","datePublished":"2017-10-13T06:47:05+00:00","dateModified":"2019-03-07T10:01:16+00:00","author":{"@id":"https:\/\/labs.100x100.net\/projects\/rutasal\/#\/schema\/person\/214eeb4a2e78fd8373a0a94f6d93c9ca"},"breadcrumb":{"@id":"https:\/\/labs.100x100.net\/projects\/rutasal\/ultima-hora-presentacion-en-el-salon-nautico-de-barcelona\/#breadcrumb"},"inLanguage":"es","potentialAction":[{"@type":"ReadAction","target":["https:\/\/labs.100x100.net\/projects\/rutasal\/ultima-hora-presentacion-en-el-salon-nautico-de-barcelona\/"]}]},{"@type":"ImageObject","inLanguage":"es","@id":"https:\/\/labs.100x100.net\/projects\/rutasal\/ultima-hora-presentacion-en-el-salon-nautico-de-barcelona\/#primaryimage","url":"https:\/\/labs.100x100.net\/projects\/rutasal\/custom\/uploads\/2017\/10\/30343362515_91c7415006.jpg","contentUrl":"https:\/\/labs.100x100.net\/projects\/rutasal\/custom\/uploads\/2017\/10\/30343362515_91c7415006.jpg","width":500,"height":334},{"@type":"BreadcrumbList","@id":"https:\/\/labs.100x100.net\/projects\/rutasal\/ultima-hora-presentacion-en-el-salon-nautico-de-barcelona\/#breadcrumb","itemListElement":[{"@type":"ListItem","position":1,"name":"Portada","item":"https:\/\/labs.100x100.net\/projects\/rutasal\/"},{"@type":"ListItem","position":2,"name":"\u00daLTIMA HORA: PRESENTACI\u00d3N EN EL SAL\u00d3N N\u00c1UTICO DE BARCELONA"}]},{"@type":"WebSite","@id":"https:\/\/labs.100x100.net\/projects\/rutasal\/#website","url":"https:\/\/labs.100x100.net\/projects\/rutasal\/","name":"Regata La Ruta de la Sal","description":"Regata La Ruta de la Sal es una regata de Altura Mediterr\u00e1nea para barcos de crucero a vela con destino en Ibiza, que se disputa anualmente en Semana Santa.","potentialAction":[{"@type":"SearchAction","target":{"@type":"EntryPoint","urlTemplate":"https:\/\/labs.100x100.net\/projects\/rutasal\/?s={search_term_string}"},"query-input":"required name=search_term_string"}],"inLanguage":"es"},{"@type":"Person","@id":"https:\/\/labs.100x100.net\/projects\/rutasal\/#\/schema\/person\/214eeb4a2e78fd8373a0a94f6d93c9ca","name":"La Ruta de la Sal","image":{"@type":"ImageObject","inLanguage":"es","@id":"https:\/\/labs.100x100.net\/projects\/rutasal\/#\/schema\/person\/image\/","url":"https:\/\/secure.gravatar.com\/avatar\/b247286d4b801d6b1cfcfb3807587284?s=96&d=mm&r=g","contentUrl":"https:\/\/secure.gravatar.com\/avatar\/b247286d4b801d6b1cfcfb3807587284?s=96&d=mm&r=g","caption":"La Ruta de la Sal"}}]}},"_links":{"self":[{"href":"https:\/\/labs.100x100.net\/projects\/rutasal\/wp-json\/wp\/v2\/posts\/2682"}],"collection":[{"href":"https:\/\/labs.100x100.net\/projects\/rutasal\/wp-json\/wp\/v2\/posts"}],"about":[{"href":"https:\/\/labs.100x100.net\/projects\/rutasal\/wp-json\/wp\/v2\/types\/post"}],"author":[{"embeddable":true,"href":"https:\/\/labs.100x100.net\/projects\/rutasal\/wp-json\/wp\/v2\/users\/1"}],"replies":[{"embeddable":true,"href":"https:\/\/labs.100x100.net\/projects\/rutasal\/wp-json\/wp\/v2\/comments?post=2682"}],"version-history":[{"count":1,"href":"https:\/\/labs.100x100.net\/projects\/rutasal\/wp-json\/wp\/v2\/posts\/2682\/revisions"}],"predecessor-version":[{"id":3470,"href":"https:\/\/labs.100x100.net\/projects\/rutasal\/wp-json\/wp\/v2\/posts\/2682\/revisions\/3470"}],"wp:featuredmedia":[{"embeddable":true,"href":"https:\/\/labs.100x100.net\/projects\/rutasal\/wp-json\/wp\/v2\/media\/3613"}],"wp:attachment":[{"href":"https:\/\/labs.100x100.net\/projects\/rutasal\/wp-json\/wp\/v2\/media?parent=2682"}],"wp:term":[{"taxonomy":"category","embeddable":true,"href":"https:\/\/labs.100x100.net\/projects\/rutasal\/wp-json\/wp\/v2\/categories?post=2682"},{"taxonomy":"post_tag","embeddable":true,"href":"https:\/\/labs.100x100.net\/projects\/rutasal\/wp-json\/wp\/v2\/tags?post=2682"}],"curies":[{"name":"wp","href":"https:\/\/api.w.org\/{rel}","templated":true}]}}