{"id":2671,"date":"2017-09-18T10:21:47","date_gmt":"2017-09-18T08:21:47","guid":{"rendered":"https:\/\/larutadelasal.com\/?p=2671"},"modified":"2019-03-08T10:44:09","modified_gmt":"2019-03-08T08:44:09","slug":"la-xxxi-edicion-de-la-ruta-de-la-sal-se-presenta-en-el-salon-nautico-internacional-de-barcelona","status":"publish","type":"post","link":"https:\/\/labs.100x100.net\/projects\/rutasal\/la-xxxi-edicion-de-la-ruta-de-la-sal-se-presenta-en-el-salon-nautico-internacional-de-barcelona\/","title":{"rendered":"La XXXI Edici\u00f3n de La Ruta de la Sal  se presenta en el Sal\u00f3n N\u00e1utico Internacional  de Barcelona"},"content":{"rendered":"<p style=\"text-align: left;\">Amigo\/a regatista,<\/p>\n<p style=\"text-align: left;\">Nos complace comunicarte que durante el <strong>Sal\u00f3n N\u00e1utico Internacional de Barcelona<\/strong>, que este a\u00f1o se celebra del 11 al 15 de octubre en el Port Vell,\u00a0<strong>el Stand de LA RUTA DE LA SAL\u00a0<\/strong>estar\u00e1 situado en el <strong>Moll de Espa\u00f1a<\/strong>, Stand B-156,\u00a0Al lado del Espai de Mar, punto de encuentro de los navegantes. Entrada por Via Layetana &#8211; Palau de Mar<\/p>\n<p><a href=\"https:\/\/www.flickr.com\/photos\/circuitoanam\/30210355682\/\"><img loading=\"lazy\" decoding=\"async\" src=\"https:\/\/live.staticflickr.com\/8654\/30210355682_d1be1b44cb.jpg\" alt=\"EL 30 ANIVERSARIO DE LA RUTA DE LA SAL PRESENTADA EN EL SALON NAUTICO INTERNACIONAL DE BARCELONA 2016\" width=\"500\" height=\"334\" \/><\/a><\/p>\n<p style=\"text-align: left;\">Asimismo, el <strong>viernes 13 de octubre a las 19,00h<\/strong>, realizaremos en el Espai de Mar, la <strong>Presentaci\u00f3n<\/strong> Oficial de la XXXI Edici\u00f3n de <strong>La Ruta de la Sal<\/strong> que estar\u00e1 amenizada por: Jazz Cl\u00e0ssic, GII-ROMAN\u00cd HOT JAZZ TRIO.<\/p>\n<p><a href=\"https:\/\/www.flickr.com\/photos\/circuitoanam\/30257470241\/\"><img loading=\"lazy\" decoding=\"async\" src=\"https:\/\/live.staticflickr.com\/5731\/30257470241_069f4ce4bc.jpg\" alt=\"_DSC5076\" width=\"393\" height=\"500\" \/><\/a><\/p>\n<p>En el mismo acto del viernes, se presentar\u00e1 el <strong>Circuito de Regatas de altura 2018<\/strong>, que adem\u00e1s de la Ruta de la Sal est\u00e1 compuesto por la Regata del Delta, la regata Bah\u00eda de Pollen\u00e7a, la Ruta de la Tramuntana y la Sitges-Ciutadella. Para finalizar el acto, se proceder\u00e1 a la <strong>Entrega de Premios del Circuito de Regatas de Altura &#8211; Trofeo AUSMAR 2017<\/strong>.<\/p>\n<p>A continuaci\u00f3n, como siempre, se brindar\u00e1 con<strong> Gramona<\/strong>, el cava oficial de La Ruta de la Sal<\/p>\n<p><a href=\"https:\/\/www.flickr.com\/photos\/circuitoanam\/30343362515\/\"><img loading=\"lazy\" decoding=\"async\" src=\"https:\/\/live.staticflickr.com\/5582\/30343362515_91c7415006.jpg\" alt=\"EL 30 ANIVERSARIO DE LA RUTA DE LA SAL PRESENTADA EN EL SALON NAUTICO INTERNACIONAL DE BARCELONA 2016\" width=\"500\" height=\"334\" \/><\/a><\/p>\n<p>Est\u00e1is todos invitados. Os esperamos.<\/p>\n","protected":false},"excerpt":{"rendered":"<p>Amigo\/a regatista, Nos complace comunicarte que durante el Sal\u00f3n N\u00e1utico Internacional de Barcelona, que este a\u00f1o se celebra del 11 al 15 de octubre en el Port Vell,\u00a0el Stand de LA RUTA DE LA SAL\u00a0estar\u00e1 situado en el Moll de Espa\u00f1a, Stand B-156,\u00a0Al lado del Espai de Mar, punto de encuentro de los navegantes. Entrada [&hellip;]<\/p>\n","protected":false},"author":1,"featured_media":3614,"comment_status":"open","ping_status":"open","sticky":false,"template":"","format":"standard","meta":{"_acf_changed":false,"footnotes":""},"categories":[3],"tags":[],"acf":[],"yoast_head":"<!-- This site is optimized with the Yoast SEO plugin v23.0 - https:\/\/yoast.com\/wordpress\/plugins\/seo\/ -->\n<title>La XXXI Edici\u00f3n de La Ruta de la Sal se presenta en el Sal\u00f3n N\u00e1utico Internacional de Barcelona | Regata La Ruta de la Sal<\/title>\n<meta name=\"robots\" content=\"noindex, follow, max-snippet:-1, max-image-preview:large, max-video-preview:-1\" \/>\n<meta property=\"og:locale\" content=\"es_ES\" \/>\n<meta property=\"og:type\" content=\"article\" \/>\n<meta property=\"og:title\" content=\"La XXXI Edici\u00f3n de La Ruta de la Sal se presenta en el Sal\u00f3n N\u00e1utico Internacional de Barcelona | Regata La Ruta de la Sal\" \/>\n<meta property=\"og:description\" content=\"Amigo\/a regatista, Nos complace comunicarte que durante el Sal\u00f3n N\u00e1utico Internacional de Barcelona, que este a\u00f1o se celebra del 11 al 15 de octubre en el Port Vell,\u00a0el Stand de LA RUTA DE LA SAL\u00a0estar\u00e1 situado en el Moll de Espa\u00f1a, Stand B-156,\u00a0Al lado del Espai de Mar, punto de encuentro de los navegantes. Entrada [&hellip;]\" \/>\n<meta property=\"og:url\" content=\"https:\/\/labs.100x100.net\/projects\/rutasal\/la-xxxi-edicion-de-la-ruta-de-la-sal-se-presenta-en-el-salon-nautico-internacional-de-barcelona\/\" \/>\n<meta property=\"og:site_name\" content=\"Regata La Ruta de la Sal\" \/>\n<meta property=\"article:publisher\" content=\"https:\/\/www.facebook.com\/rutadelasal\/\" \/>\n<meta property=\"article:published_time\" content=\"2017-09-18T08:21:47+00:00\" \/>\n<meta property=\"article:modified_time\" content=\"2019-03-08T08:44:09+00:00\" \/>\n<meta property=\"og:image\" content=\"https:\/\/labs.100x100.net\/projects\/rutasal\/custom\/uploads\/2017\/09\/30210355682_d1be1b44cb.jpg\" \/>\n\t<meta property=\"og:image:width\" content=\"500\" \/>\n\t<meta property=\"og:image:height\" content=\"334\" \/>\n\t<meta property=\"og:image:type\" content=\"image\/jpeg\" \/>\n<meta name=\"author\" content=\"La Ruta de la Sal\" \/>\n<meta name=\"twitter:card\" content=\"summary_large_image\" \/>\n<meta name=\"twitter:creator\" content=\"@AnamMedi\" \/>\n<meta name=\"twitter:site\" content=\"@AnamMedi\" \/>\n<meta name=\"twitter:label1\" content=\"Escrito por\" \/>\n\t<meta name=\"twitter:data1\" content=\"La Ruta de la Sal\" \/>\n\t<meta name=\"twitter:label2\" content=\"Tiempo de lectura\" \/>\n\t<meta name=\"twitter:data2\" content=\"1 minuto\" \/>\n<script type=\"application\/ld+json\" class=\"yoast-schema-graph\">{\"@context\":\"https:\/\/schema.org\",\"@graph\":[{\"@type\":\"WebPage\",\"@id\":\"https:\/\/labs.100x100.net\/projects\/rutasal\/la-xxxi-edicion-de-la-ruta-de-la-sal-se-presenta-en-el-salon-nautico-internacional-de-barcelona\/\",\"url\":\"https:\/\/labs.100x100.net\/projects\/rutasal\/la-xxxi-edicion-de-la-ruta-de-la-sal-se-presenta-en-el-salon-nautico-internacional-de-barcelona\/\",\"name\":\"La XXXI Edici\u00f3n de La Ruta de la Sal se presenta en el Sal\u00f3n N\u00e1utico Internacional de Barcelona | Regata La Ruta de la Sal\",\"isPartOf\":{\"@id\":\"https:\/\/labs.100x100.net\/projects\/rutasal\/#website\"},\"primaryImageOfPage\":{\"@id\":\"https:\/\/labs.100x100.net\/projects\/rutasal\/la-xxxi-edicion-de-la-ruta-de-la-sal-se-presenta-en-el-salon-nautico-internacional-de-barcelona\/#primaryimage\"},\"image\":{\"@id\":\"https:\/\/labs.100x100.net\/projects\/rutasal\/la-xxxi-edicion-de-la-ruta-de-la-sal-se-presenta-en-el-salon-nautico-internacional-de-barcelona\/#primaryimage\"},\"thumbnailUrl\":\"https:\/\/labs.100x100.net\/projects\/rutasal\/custom\/uploads\/2017\/09\/30210355682_d1be1b44cb.jpg\",\"datePublished\":\"2017-09-18T08:21:47+00:00\",\"dateModified\":\"2019-03-08T08:44:09+00:00\",\"author\":{\"@id\":\"https:\/\/labs.100x100.net\/projects\/rutasal\/#\/schema\/person\/214eeb4a2e78fd8373a0a94f6d93c9ca\"},\"breadcrumb\":{\"@id\":\"https:\/\/labs.100x100.net\/projects\/rutasal\/la-xxxi-edicion-de-la-ruta-de-la-sal-se-presenta-en-el-salon-nautico-internacional-de-barcelona\/#breadcrumb\"},\"inLanguage\":\"es\",\"potentialAction\":[{\"@type\":\"ReadAction\",\"target\":[\"https:\/\/labs.100x100.net\/projects\/rutasal\/la-xxxi-edicion-de-la-ruta-de-la-sal-se-presenta-en-el-salon-nautico-internacional-de-barcelona\/\"]}]},{\"@type\":\"ImageObject\",\"inLanguage\":\"es\",\"@id\":\"https:\/\/labs.100x100.net\/projects\/rutasal\/la-xxxi-edicion-de-la-ruta-de-la-sal-se-presenta-en-el-salon-nautico-internacional-de-barcelona\/#primaryimage\",\"url\":\"https:\/\/labs.100x100.net\/projects\/rutasal\/custom\/uploads\/2017\/09\/30210355682_d1be1b44cb.jpg\",\"contentUrl\":\"https:\/\/labs.100x100.net\/projects\/rutasal\/custom\/uploads\/2017\/09\/30210355682_d1be1b44cb.jpg\",\"width\":500,\"height\":334},{\"@type\":\"BreadcrumbList\",\"@id\":\"https:\/\/labs.100x100.net\/projects\/rutasal\/la-xxxi-edicion-de-la-ruta-de-la-sal-se-presenta-en-el-salon-nautico-internacional-de-barcelona\/#breadcrumb\",\"itemListElement\":[{\"@type\":\"ListItem\",\"position\":1,\"name\":\"Portada\",\"item\":\"https:\/\/labs.100x100.net\/projects\/rutasal\/\"},{\"@type\":\"ListItem\",\"position\":2,\"name\":\"La XXXI Edici\u00f3n de La Ruta de la Sal se presenta en el Sal\u00f3n N\u00e1utico Internacional de Barcelona\"}]},{\"@type\":\"WebSite\",\"@id\":\"https:\/\/labs.100x100.net\/projects\/rutasal\/#website\",\"url\":\"https:\/\/labs.100x100.net\/projects\/rutasal\/\",\"name\":\"Regata La Ruta de la Sal\",\"description\":\"Regata La Ruta de la Sal es una regata de Altura Mediterr\u00e1nea para barcos de crucero a vela con destino en Ibiza, que se disputa anualmente en Semana Santa.\",\"potentialAction\":[{\"@type\":\"SearchAction\",\"target\":{\"@type\":\"EntryPoint\",\"urlTemplate\":\"https:\/\/labs.100x100.net\/projects\/rutasal\/?s={search_term_string}\"},\"query-input\":\"required name=search_term_string\"}],\"inLanguage\":\"es\"},{\"@type\":\"Person\",\"@id\":\"https:\/\/labs.100x100.net\/projects\/rutasal\/#\/schema\/person\/214eeb4a2e78fd8373a0a94f6d93c9ca\",\"name\":\"La Ruta de la Sal\",\"image\":{\"@type\":\"ImageObject\",\"inLanguage\":\"es\",\"@id\":\"https:\/\/labs.100x100.net\/projects\/rutasal\/#\/schema\/person\/image\/\",\"url\":\"https:\/\/secure.gravatar.com\/avatar\/b247286d4b801d6b1cfcfb3807587284?s=96&d=mm&r=g\",\"contentUrl\":\"https:\/\/secure.gravatar.com\/avatar\/b247286d4b801d6b1cfcfb3807587284?s=96&d=mm&r=g\",\"caption\":\"La Ruta de la Sal\"}}]}<\/script>\n<!-- \/ Yoast SEO plugin. -->","yoast_head_json":{"title":"La XXXI Edici\u00f3n de La Ruta de la Sal se presenta en el Sal\u00f3n N\u00e1utico Internacional de Barcelona | Regata La Ruta de la Sal","robots":{"index":"noindex","follow":"follow","max-snippet":"max-snippet:-1","max-image-preview":"max-image-preview:large","max-video-preview":"max-video-preview:-1"},"og_locale":"es_ES","og_type":"article","og_title":"La XXXI Edici\u00f3n de La Ruta de la Sal se presenta en el Sal\u00f3n N\u00e1utico Internacional de Barcelona | Regata La Ruta de la Sal","og_description":"Amigo\/a regatista, Nos complace comunicarte que durante el Sal\u00f3n N\u00e1utico Internacional de Barcelona, que este a\u00f1o se celebra del 11 al 15 de octubre en el Port Vell,\u00a0el Stand de LA RUTA DE LA SAL\u00a0estar\u00e1 situado en el Moll de Espa\u00f1a, Stand B-156,\u00a0Al lado del Espai de Mar, punto de encuentro de los navegantes. Entrada [&hellip;]","og_url":"https:\/\/labs.100x100.net\/projects\/rutasal\/la-xxxi-edicion-de-la-ruta-de-la-sal-se-presenta-en-el-salon-nautico-internacional-de-barcelona\/","og_site_name":"Regata La Ruta de la Sal","article_publisher":"https:\/\/www.facebook.com\/rutadelasal\/","article_published_time":"2017-09-18T08:21:47+00:00","article_modified_time":"2019-03-08T08:44:09+00:00","og_image":[{"width":500,"height":334,"url":"https:\/\/labs.100x100.net\/projects\/rutasal\/custom\/uploads\/2017\/09\/30210355682_d1be1b44cb.jpg","type":"image\/jpeg"}],"author":"La Ruta de la Sal","twitter_card":"summary_large_image","twitter_creator":"@AnamMedi","twitter_site":"@AnamMedi","twitter_misc":{"Escrito por":"La Ruta de la Sal","Tiempo de lectura":"1 minuto"},"schema":{"@context":"https:\/\/schema.org","@graph":[{"@type":"WebPage","@id":"https:\/\/labs.100x100.net\/projects\/rutasal\/la-xxxi-edicion-de-la-ruta-de-la-sal-se-presenta-en-el-salon-nautico-internacional-de-barcelona\/","url":"https:\/\/labs.100x100.net\/projects\/rutasal\/la-xxxi-edicion-de-la-ruta-de-la-sal-se-presenta-en-el-salon-nautico-internacional-de-barcelona\/","name":"La XXXI Edici\u00f3n de La Ruta de la Sal se presenta en el Sal\u00f3n N\u00e1utico Internacional de Barcelona | Regata La Ruta de la Sal","isPartOf":{"@id":"https:\/\/labs.100x100.net\/projects\/rutasal\/#website"},"primaryImageOfPage":{"@id":"https:\/\/labs.100x100.net\/projects\/rutasal\/la-xxxi-edicion-de-la-ruta-de-la-sal-se-presenta-en-el-salon-nautico-internacional-de-barcelona\/#primaryimage"},"image":{"@id":"https:\/\/labs.100x100.net\/projects\/rutasal\/la-xxxi-edicion-de-la-ruta-de-la-sal-se-presenta-en-el-salon-nautico-internacional-de-barcelona\/#primaryimage"},"thumbnailUrl":"https:\/\/labs.100x100.net\/projects\/rutasal\/custom\/uploads\/2017\/09\/30210355682_d1be1b44cb.jpg","datePublished":"2017-09-18T08:21:47+00:00","dateModified":"2019-03-08T08:44:09+00:00","author":{"@id":"https:\/\/labs.100x100.net\/projects\/rutasal\/#\/schema\/person\/214eeb4a2e78fd8373a0a94f6d93c9ca"},"breadcrumb":{"@id":"https:\/\/labs.100x100.net\/projects\/rutasal\/la-xxxi-edicion-de-la-ruta-de-la-sal-se-presenta-en-el-salon-nautico-internacional-de-barcelona\/#breadcrumb"},"inLanguage":"es","potentialAction":[{"@type":"ReadAction","target":["https:\/\/labs.100x100.net\/projects\/rutasal\/la-xxxi-edicion-de-la-ruta-de-la-sal-se-presenta-en-el-salon-nautico-internacional-de-barcelona\/"]}]},{"@type":"ImageObject","inLanguage":"es","@id":"https:\/\/labs.100x100.net\/projects\/rutasal\/la-xxxi-edicion-de-la-ruta-de-la-sal-se-presenta-en-el-salon-nautico-internacional-de-barcelona\/#primaryimage","url":"https:\/\/labs.100x100.net\/projects\/rutasal\/custom\/uploads\/2017\/09\/30210355682_d1be1b44cb.jpg","contentUrl":"https:\/\/labs.100x100.net\/projects\/rutasal\/custom\/uploads\/2017\/09\/30210355682_d1be1b44cb.jpg","width":500,"height":334},{"@type":"BreadcrumbList","@id":"https:\/\/labs.100x100.net\/projects\/rutasal\/la-xxxi-edicion-de-la-ruta-de-la-sal-se-presenta-en-el-salon-nautico-internacional-de-barcelona\/#breadcrumb","itemListElement":[{"@type":"ListItem","position":1,"name":"Portada","item":"https:\/\/labs.100x100.net\/projects\/rutasal\/"},{"@type":"ListItem","position":2,"name":"La XXXI Edici\u00f3n de La Ruta de la Sal se presenta en el Sal\u00f3n N\u00e1utico Internacional de Barcelona"}]},{"@type":"WebSite","@id":"https:\/\/labs.100x100.net\/projects\/rutasal\/#website","url":"https:\/\/labs.100x100.net\/projects\/rutasal\/","name":"Regata La Ruta de la Sal","description":"Regata La Ruta de la Sal es una regata de Altura Mediterr\u00e1nea para barcos de crucero a vela con destino en Ibiza, que se disputa anualmente en Semana Santa.","potentialAction":[{"@type":"SearchAction","target":{"@type":"EntryPoint","urlTemplate":"https:\/\/labs.100x100.net\/projects\/rutasal\/?s={search_term_string}"},"query-input":"required name=search_term_string"}],"inLanguage":"es"},{"@type":"Person","@id":"https:\/\/labs.100x100.net\/projects\/rutasal\/#\/schema\/person\/214eeb4a2e78fd8373a0a94f6d93c9ca","name":"La Ruta de la Sal","image":{"@type":"ImageObject","inLanguage":"es","@id":"https:\/\/labs.100x100.net\/projects\/rutasal\/#\/schema\/person\/image\/","url":"https:\/\/secure.gravatar.com\/avatar\/b247286d4b801d6b1cfcfb3807587284?s=96&d=mm&r=g","contentUrl":"https:\/\/secure.gravatar.com\/avatar\/b247286d4b801d6b1cfcfb3807587284?s=96&d=mm&r=g","caption":"La Ruta de la Sal"}}]}},"_links":{"self":[{"href":"https:\/\/labs.100x100.net\/projects\/rutasal\/wp-json\/wp\/v2\/posts\/2671"}],"collection":[{"href":"https:\/\/labs.100x100.net\/projects\/rutasal\/wp-json\/wp\/v2\/posts"}],"about":[{"href":"https:\/\/labs.100x100.net\/projects\/rutasal\/wp-json\/wp\/v2\/types\/post"}],"author":[{"embeddable":true,"href":"https:\/\/labs.100x100.net\/projects\/rutasal\/wp-json\/wp\/v2\/users\/1"}],"replies":[{"embeddable":true,"href":"https:\/\/labs.100x100.net\/projects\/rutasal\/wp-json\/wp\/v2\/comments?post=2671"}],"version-history":[{"count":1,"href":"https:\/\/labs.100x100.net\/projects\/rutasal\/wp-json\/wp\/v2\/posts\/2671\/revisions"}],"predecessor-version":[{"id":3309,"href":"https:\/\/labs.100x100.net\/projects\/rutasal\/wp-json\/wp\/v2\/posts\/2671\/revisions\/3309"}],"wp:featuredmedia":[{"embeddable":true,"href":"https:\/\/labs.100x100.net\/projects\/rutasal\/wp-json\/wp\/v2\/media\/3614"}],"wp:attachment":[{"href":"https:\/\/labs.100x100.net\/projects\/rutasal\/wp-json\/wp\/v2\/media?parent=2671"}],"wp:term":[{"taxonomy":"category","embeddable":true,"href":"https:\/\/labs.100x100.net\/projects\/rutasal\/wp-json\/wp\/v2\/categories?post=2671"},{"taxonomy":"post_tag","embeddable":true,"href":"https:\/\/labs.100x100.net\/projects\/rutasal\/wp-json\/wp\/v2\/tags?post=2671"}],"curies":[{"name":"wp","href":"https:\/\/api.w.org\/{rel}","templated":true}]}}