{"id":2625,"date":"2017-04-15T11:45:56","date_gmt":"2017-04-15T09:45:56","guid":{"rendered":"https:\/\/larutadelasal.com\/?p=2625"},"modified":"2019-03-08T10:14:31","modified_gmt":"2019-03-08T08:14:31","slug":"rueda-de-prensa-de-los-vencedores-de-la-ruta-de-la-sal-2017","status":"publish","type":"post","link":"https:\/\/labs.100x100.net\/projects\/rutasal\/rueda-de-prensa-de-los-vencedores-de-la-ruta-de-la-sal-2017\/","title":{"rendered":"Rueda de prensa de los vencedores de La Ruta de la Sal 2017"},"content":{"rendered":"<p><a title=\"logorutadelasal\" href=\"#\" rel=\"\"><img loading=\"lazy\" decoding=\"async\" class=\"aligncenter\" title=\"logorutadelasal\" src=\"http:\/\/farm3.staticflickr.com\/2941\/33851587792_3d39a8ebf4_o.jpg\" alt=\"logorutadelasal\" width=\"320\" height=\"196\" \/><\/a><\/p>\n<p>&nbsp;<\/p>\n<p style=\"font-size: 20px; color: #336799;\"><strong>Rueda de prensa en el Club N\u00e1utico de Sant Antoni de los vencedores de La Ruta de la Sal 2017 presidida por el alcalde de Sant Antoni de Portmany, Pep Tur, y el director de Turismo del Consell Insular d\u2019Eivissa, Vicent Torres.<\/strong><\/p>\n<p>&nbsp;<\/p>\n<p><a title=\"_AFB2018A\" href=\"#\" rel=\"\"><img loading=\"lazy\" decoding=\"async\" title=\"_AFB2018A\" src=\"http:\/\/farm3.staticflickr.com\/2850\/34048108285_c8868ccd90_z.jpg\" alt=\"_AFB2018A\" width=\"640\" height=\"428\" \/><\/a><br \/>\nTras una regata muy dura, los vientos flojos e inestables y encalmadas que han convertido al Mar Balear en un campo de regatas dif\u00edcil y t\u00e1cticamente complicado de gestionar, han resultado vencedores de la regata del 30 aniversario de La Ruta de La Sal &#8211; Trofeo Pepe Ferres;<\/p>\n<p><strong>En la Versi\u00f3n Norte, se apunta la victoria el Baltic 61 \u00abClajasan\u00bb de Francisco Churtichaga del RCN de Barcelona<\/strong>, que con un tiempo de 24:42:45 se ha impuesto claramente al Botin 65 alem\u00e1n \u00abCaro\u00bb de Maximilian Klink, ganador en Tiempo Real de este recorrido de 140 millas desde Barcelona con un tiempo de 24:19:28. Mientras que la tercera plaza a sido para el GS44R \u00abEnigma\u00bb de Luis Tortilla Mart\u00edn de RCN de Barcelona que apunto un tiempo de 32:47:10 para cubrir el recorrido desde Den\u00eda. Una singladura extremadamente compleja en esta edici\u00f3n de La Sal, que ha requerido de unos grandes esfuerzos t\u00e1cticos y t\u00e9cnicos por parte de las tripulaciones para llegar hasta la l\u00ednea de llegada en Cap Negret.<\/p>\n<p><strong>\u00abCLEM\u00bb de Jaime Olazabal del Club de Mar de Mallorca, con un registro en las 103 millas desde Andratx de 24:59:05 resulta vencedor absoluto de la nueva Versi\u00f3n Oeste de la Sal,<\/strong> liderando un clasificaci\u00f3n general donde la segunda plaza es para el Swan 65 &#8211; 1974 \u00abLibelula\u00bb de Borja Pella con un crono de 26:38:25 y la tercera para el GS 37C \u00abNidea 2\u00bb de Alejo Truyols del CN de La Rapita con un tiempo de 28:40:40 para cubrir el circuito desde Andratx. \u00abSpock\u00bb ganador en tiempo real de esta largada de La Sal, una vez aplicadas las compensaciones se adjudica una 8aba. plaza en la general.<\/p>\n<p>Con este resultado, \u00abCLEM\u00bb se convierte en el primer equipo que registra una victoria en la general de la nueva Versi\u00f3n Oeste de La Sal, para Amada Hatley y Jaime Olazabal, armadores de Clem, una nueva victoria que les acredita como un equipo de referencia en la historia de esta regata. Cabe recordar que \u00abCLEM\u00bb fue ganador absoluto de la Versi\u00f3n Norte de la Ruta de La Sal en el 2009 y 2010, a\u00f1o este \u00faltimo que tambi\u00e9n fue ganador en Tiempo Real. Ganador en Real en la Versi\u00f3n Este del 2013, convocatoria en la que logro la tercera plaza en la general absoluta de esta largada.<\/p>\n<p><strong>Finalmente en las 117 millas de la Versi\u00f3n Este desde Denia y con un registro de 22:13:32 , se impone claramente, el Centuri\u00f3n 40 S de Antonio Gadea del <b id=\"m_7054385950589343647yui_3_16_0_ym19_1_1492505290910_6473\">RCN de Denia<\/b>, \u00abBlue Dragon\u00bb<\/strong> , siendo la segunda plaza para el Italiano \u00abJeffertje II\u00bb de Carl Bal, un GS46 del RCN de Calle con un tiempo de 22:44:52, cerrando el p\u00f3dium el First 47.7 \u00abBrujo Jazz\u00bb de Sergio Ram\u00edrez del Varadero las Palmas. El \u00abAlzira Moraira\u00bb, vencedor en tiempo real de la Versi\u00f3n Este de La Sal 2017, en la general se adjudica la 10a. Plaza.<\/p>\n<p>Finalmente cabe recordar que los ganadores en<strong> Tiempo Real de esta 30 edici\u00f3n de la Ruta de La Sal fueron; en la Versi\u00f3n Norte el Botin 65 \u00abCARO\u00bb<\/strong> del armador alem\u00e1n Maximilian Klink, con un registro de 24:19:28, siendo tambi\u00e9n el primer barco de todos los participantes en las diferentes largada de La Sal en cruzar la l\u00ednea de llegada en Cap Negret a las 11:19:28 h. del viernes 14 de abril.<\/p>\n<p><strong>\u00abAlzira Moraira\u00bb, un Swan 75 de Agust\u00edn Gregory ha sido el vencedor en Tiempo Real de la Versi\u00f3n Este de La Sal 2017<\/strong>, con un registro de 21:59:51 y, finalmente, el velero alem\u00e1n \u00abSpock\u00bb, un Finot-Conq 53 de Thomas Shumacher, con un tiempo de 24:36:26 se ha adjudicado la victoria en Tiempo Real de la Versi\u00f3n Oeste de La Sal, convirtiendo este dato en primer tiempo de referencia oficial para esta largada desde el Puerto de Andraxt en Mallorca.<\/p>\n<p><a title=\"30 Edici\u00f3n de La Ruta de La Sal 2017\" href=\"#\" target=\"_blank\" rel=\"noopener\"><img loading=\"lazy\" decoding=\"async\" class=\"alignnone\" title=\"30 Edici\u00f3n de La Ruta de La Sal 2017\" src=\"http:\/\/farm3.staticflickr.com\/2819\/34049163215_655ce80bbb_n.jpg\" alt=\"30 Edici\u00f3n de La Ruta de La Sal 2017\" width=\"320\" height=\"244\" \/><\/a><a title=\"30 Edici\u00f3n de La Ruta de La Sal 2017\" href=\"#\" target=\"_blank\" rel=\"noopener\"><img loading=\"lazy\" decoding=\"async\" class=\"alignnone\" title=\"30 Edici\u00f3n de La Ruta de La Sal 2017\" src=\"http:\/\/farm4.staticflickr.com\/3955\/34049163325_413b069cc7_n.jpg\" alt=\"30 Edici\u00f3n de La Ruta de La Sal 2017\" width=\"320\" height=\"244\" \/><\/a><\/p>\n<p><strong>Hoy s\u00e1bado 15 de abril a las 13:00 h est\u00e1 prevista la inauguraci\u00f3n para los regatistas de la Exposici\u00f3n de \u00ab30 A\u00f1os de La Sal\u00bb<\/strong> dando paso, a continuaci\u00f3n, a un aperitivo ibicenco ofrecido por el Ajuntament de St. Antoni, en el jard\u00edn de entrada del Faro.<\/p>\n<p><a title=\"30 Edici\u00f3n de La Ruta de La Sal 2017\" href=\"#\" target=\"_blank\" rel=\"noopener\"><img loading=\"lazy\" decoding=\"async\" class=\"alignnone\" title=\"30 Edici\u00f3n de La Ruta de La Sal 2017\" src=\"http:\/\/farm3.staticflickr.com\/2916\/33237181223_2196cf8de4_n.jpg\" alt=\"30 Edici\u00f3n de La Ruta de La Sal 2017\" width=\"320\" height=\"244\" \/><\/a><a title=\"30 Edici\u00f3n de La Ruta de La Sal 2017\" href=\"#\" target=\"_blank\" rel=\"noopener\"><img loading=\"lazy\" decoding=\"async\" class=\"alignnone\" title=\"30 Edici\u00f3n de La Ruta de La Sal 2017\" src=\"http:\/\/farm4.staticflickr.com\/3945\/33664117330_76e20ce8fb_n.jpg\" alt=\"30 Edici\u00f3n de La Ruta de La Sal 2017\" width=\"320\" height=\"244\" \/><\/a><a title=\"30 Edici\u00f3n de La Ruta de La Sal 2017\" href=\"#\" target=\"_blank\" rel=\"noopener\"><img loading=\"lazy\" decoding=\"async\" class=\"alignnone\" title=\"30 Edici\u00f3n de La Ruta de La Sal 2017\" src=\"http:\/\/farm3.staticflickr.com\/2842\/33664117000_1ecfa1eca6_n.jpg\" alt=\"30 Edici\u00f3n de La Ruta de La Sal 2017\" width=\"320\" height=\"244\" \/><\/a><a title=\"30 Edici\u00f3n de La Ruta de La Sal 2017\" href=\"#\" target=\"_blank\" rel=\"noopener\"><img loading=\"lazy\" decoding=\"async\" class=\"alignnone\" title=\"30 Edici\u00f3n de La Ruta de La Sal 2017\" src=\"http:\/\/farm3.staticflickr.com\/2817\/34049162745_4a51e18086_n.jpg\" alt=\"30 Edici\u00f3n de La Ruta de La Sal 2017\" width=\"320\" height=\"244\" \/><\/a><br \/>\n<strong>A las 20:00 h el Acto Oficial de Entrega de Trofeos en la Carpa de La Sal donde los ganadores de La Sal 2017, recibiran por cortes\u00eda de las Cavas Gramona los siguientes productos.<\/strong><br \/>\n<a title=\"IMG_3068\" href=\"#\" target=\"_blank\" rel=\"noopener\"><img loading=\"lazy\" decoding=\"async\" class=\"alignright\" style=\"float: right;\" title=\"IMG_3068\" src=\"http:\/\/farm4.staticflickr.com\/3937\/33892981192_3c46993a1b.jpg\" alt=\"IMG_3068\" width=\"273\" height=\"285\" \/><\/a><strong>Enoteca Gramona 2001, Mejor Vino de Espa\u00f1a 2017<\/strong><br \/>\nPor primera vez en la historia un cava es considerado el mejor vino del pa\u00eds. Reconocimiento otorgado por la Gu\u00eda Pe\u00f1\u00edn la decana, la m\u00e1s difundida e internacional de las gu\u00edas nacionales. Enoteca Gramona2001 ha obtenido 99 puntos, la puntuaci\u00f3n m\u00e1s alta dada por la gu\u00eda y concedida s\u00f3lo en cuatro ocasiones m\u00e1s a lo largo de su historia, a vinos tintos y generosos.<\/p>\n<p><strong>Gramona Imperial 2011<\/strong><br \/>\nElegido Mejor Espumoso del A\u00f1o por la Asociaci\u00f3n Espa\u00f1ola de Periodistas y Escritores del Vino. El buque insignia de Gramona y uno de los grandes iconos del cava en nuestro pa\u00eds.<\/p>\n<p><strong>Gramona Argent Blanc 2011<\/strong><br \/>\nUn cava 100% Chardonnay de larga crianza que ha sabido conquistar los paladares m\u00e1s exigentes y ha sido posicionado en varias ocasiones entre los mejores espumosos de las dos gu\u00edas m\u00e1s decanas y difundidas de nuestro pa\u00eds, la Gu\u00eda Pe\u00f1\u00edn y la Gu\u00eda Gourmets.<\/p>\n<p>&nbsp;<\/p>\n<p>La p\u00e1gina Web de la Ruta de La Sal &#8211; <a title=\"https:\/\/larutadelasal.com\" href=\"https:\/\/larutadelasal.com\" target=\"_blank\" rel=\"noopener\">https:\/\/larutadelasal.com<\/a> &#8211; ofrecer\u00e1 informaciones peri\u00f3dicas, e im\u00e1genes, sobre el desarrollo organizativo y deportivo de esta regata.<\/p>\n","protected":false},"excerpt":{"rendered":"<p>Tras una regata muy dura, los vientos flojos e inestables y encalmadas que han convertido al Mar Balear en un campo de regatas dif\u00edcil y t\u00e1cticamente complicado de gestionar, han resultado vencedores de la regata del 30 aniversario de La Ruta de La Sal &#8211; Trofeo Pepe Ferr\u00e9s;<\/p>\n","protected":false},"author":1,"featured_media":3618,"comment_status":"open","ping_status":"open","sticky":false,"template":"","format":"standard","meta":{"_acf_changed":false,"footnotes":""},"categories":[3],"tags":[],"acf":[],"yoast_head":"<!-- This site is optimized with the Yoast SEO plugin v23.0 - https:\/\/yoast.com\/wordpress\/plugins\/seo\/ -->\n<title>Rueda de prensa de los vencedores de La Ruta de la Sal 2017 | Regata La Ruta de la Sal<\/title>\n<meta name=\"robots\" content=\"noindex, follow, max-snippet:-1, max-image-preview:large, max-video-preview:-1\" \/>\n<meta property=\"og:locale\" content=\"es_ES\" \/>\n<meta property=\"og:type\" content=\"article\" \/>\n<meta property=\"og:title\" content=\"Rueda de prensa de los vencedores de La Ruta de la Sal 2017 | Regata La Ruta de la Sal\" \/>\n<meta property=\"og:description\" content=\"Tras una regata muy dura, los vientos flojos e inestables y encalmadas que han convertido al Mar Balear en un campo de regatas dif\u00edcil y t\u00e1cticamente complicado de gestionar, han resultado vencedores de la regata del 30 aniversario de La Ruta de La Sal - Trofeo Pepe Ferr\u00e9s;\" \/>\n<meta property=\"og:url\" content=\"https:\/\/labs.100x100.net\/projects\/rutasal\/rueda-de-prensa-de-los-vencedores-de-la-ruta-de-la-sal-2017\/\" \/>\n<meta property=\"og:site_name\" content=\"Regata La Ruta de la Sal\" \/>\n<meta property=\"article:publisher\" content=\"https:\/\/www.facebook.com\/rutadelasal\/\" \/>\n<meta property=\"article:published_time\" content=\"2017-04-15T09:45:56+00:00\" \/>\n<meta property=\"article:modified_time\" content=\"2019-03-08T08:14:31+00:00\" \/>\n<meta property=\"og:image\" content=\"https:\/\/labs.100x100.net\/projects\/rutasal\/custom\/uploads\/2017\/04\/34048108285_c8868ccd90_z.jpg\" \/>\n\t<meta property=\"og:image:width\" content=\"640\" \/>\n\t<meta property=\"og:image:height\" content=\"428\" \/>\n\t<meta property=\"og:image:type\" content=\"image\/jpeg\" \/>\n<meta name=\"author\" content=\"La Ruta de la Sal\" \/>\n<meta name=\"twitter:card\" content=\"summary_large_image\" \/>\n<meta name=\"twitter:creator\" content=\"@AnamMedi\" \/>\n<meta name=\"twitter:site\" content=\"@AnamMedi\" \/>\n<meta name=\"twitter:label1\" content=\"Escrito por\" \/>\n\t<meta name=\"twitter:data1\" content=\"La Ruta de la Sal\" \/>\n\t<meta name=\"twitter:label2\" content=\"Tiempo de lectura\" \/>\n\t<meta name=\"twitter:data2\" content=\"5 minutos\" \/>\n<script type=\"application\/ld+json\" class=\"yoast-schema-graph\">{\"@context\":\"https:\/\/schema.org\",\"@graph\":[{\"@type\":\"WebPage\",\"@id\":\"https:\/\/labs.100x100.net\/projects\/rutasal\/rueda-de-prensa-de-los-vencedores-de-la-ruta-de-la-sal-2017\/\",\"url\":\"https:\/\/labs.100x100.net\/projects\/rutasal\/rueda-de-prensa-de-los-vencedores-de-la-ruta-de-la-sal-2017\/\",\"name\":\"Rueda de prensa de los vencedores de La Ruta de la Sal 2017 | Regata La Ruta de la Sal\",\"isPartOf\":{\"@id\":\"https:\/\/labs.100x100.net\/projects\/rutasal\/#website\"},\"primaryImageOfPage\":{\"@id\":\"https:\/\/labs.100x100.net\/projects\/rutasal\/rueda-de-prensa-de-los-vencedores-de-la-ruta-de-la-sal-2017\/#primaryimage\"},\"image\":{\"@id\":\"https:\/\/labs.100x100.net\/projects\/rutasal\/rueda-de-prensa-de-los-vencedores-de-la-ruta-de-la-sal-2017\/#primaryimage\"},\"thumbnailUrl\":\"https:\/\/labs.100x100.net\/projects\/rutasal\/custom\/uploads\/2017\/04\/34048108285_c8868ccd90_z.jpg\",\"datePublished\":\"2017-04-15T09:45:56+00:00\",\"dateModified\":\"2019-03-08T08:14:31+00:00\",\"author\":{\"@id\":\"https:\/\/labs.100x100.net\/projects\/rutasal\/#\/schema\/person\/214eeb4a2e78fd8373a0a94f6d93c9ca\"},\"breadcrumb\":{\"@id\":\"https:\/\/labs.100x100.net\/projects\/rutasal\/rueda-de-prensa-de-los-vencedores-de-la-ruta-de-la-sal-2017\/#breadcrumb\"},\"inLanguage\":\"es\",\"potentialAction\":[{\"@type\":\"ReadAction\",\"target\":[\"https:\/\/labs.100x100.net\/projects\/rutasal\/rueda-de-prensa-de-los-vencedores-de-la-ruta-de-la-sal-2017\/\"]}]},{\"@type\":\"ImageObject\",\"inLanguage\":\"es\",\"@id\":\"https:\/\/labs.100x100.net\/projects\/rutasal\/rueda-de-prensa-de-los-vencedores-de-la-ruta-de-la-sal-2017\/#primaryimage\",\"url\":\"https:\/\/labs.100x100.net\/projects\/rutasal\/custom\/uploads\/2017\/04\/34048108285_c8868ccd90_z.jpg\",\"contentUrl\":\"https:\/\/labs.100x100.net\/projects\/rutasal\/custom\/uploads\/2017\/04\/34048108285_c8868ccd90_z.jpg\",\"width\":640,\"height\":428},{\"@type\":\"BreadcrumbList\",\"@id\":\"https:\/\/labs.100x100.net\/projects\/rutasal\/rueda-de-prensa-de-los-vencedores-de-la-ruta-de-la-sal-2017\/#breadcrumb\",\"itemListElement\":[{\"@type\":\"ListItem\",\"position\":1,\"name\":\"Portada\",\"item\":\"https:\/\/labs.100x100.net\/projects\/rutasal\/\"},{\"@type\":\"ListItem\",\"position\":2,\"name\":\"Rueda de prensa de los vencedores de La Ruta de la Sal 2017\"}]},{\"@type\":\"WebSite\",\"@id\":\"https:\/\/labs.100x100.net\/projects\/rutasal\/#website\",\"url\":\"https:\/\/labs.100x100.net\/projects\/rutasal\/\",\"name\":\"Regata La Ruta de la Sal\",\"description\":\"Regata La Ruta de la Sal es una regata de Altura Mediterr\u00e1nea para barcos de crucero a vela con destino en Ibiza, que se disputa anualmente en Semana Santa.\",\"potentialAction\":[{\"@type\":\"SearchAction\",\"target\":{\"@type\":\"EntryPoint\",\"urlTemplate\":\"https:\/\/labs.100x100.net\/projects\/rutasal\/?s={search_term_string}\"},\"query-input\":\"required name=search_term_string\"}],\"inLanguage\":\"es\"},{\"@type\":\"Person\",\"@id\":\"https:\/\/labs.100x100.net\/projects\/rutasal\/#\/schema\/person\/214eeb4a2e78fd8373a0a94f6d93c9ca\",\"name\":\"La Ruta de la Sal\",\"image\":{\"@type\":\"ImageObject\",\"inLanguage\":\"es\",\"@id\":\"https:\/\/labs.100x100.net\/projects\/rutasal\/#\/schema\/person\/image\/\",\"url\":\"https:\/\/secure.gravatar.com\/avatar\/b247286d4b801d6b1cfcfb3807587284?s=96&d=mm&r=g\",\"contentUrl\":\"https:\/\/secure.gravatar.com\/avatar\/b247286d4b801d6b1cfcfb3807587284?s=96&d=mm&r=g\",\"caption\":\"La Ruta de la Sal\"}}]}<\/script>\n<!-- \/ Yoast SEO plugin. -->","yoast_head_json":{"title":"Rueda de prensa de los vencedores de La Ruta de la Sal 2017 | Regata La Ruta de la Sal","robots":{"index":"noindex","follow":"follow","max-snippet":"max-snippet:-1","max-image-preview":"max-image-preview:large","max-video-preview":"max-video-preview:-1"},"og_locale":"es_ES","og_type":"article","og_title":"Rueda de prensa de los vencedores de La Ruta de la Sal 2017 | Regata La Ruta de la Sal","og_description":"Tras una regata muy dura, los vientos flojos e inestables y encalmadas que han convertido al Mar Balear en un campo de regatas dif\u00edcil y t\u00e1cticamente complicado de gestionar, han resultado vencedores de la regata del 30 aniversario de La Ruta de La Sal - Trofeo Pepe Ferr\u00e9s;","og_url":"https:\/\/labs.100x100.net\/projects\/rutasal\/rueda-de-prensa-de-los-vencedores-de-la-ruta-de-la-sal-2017\/","og_site_name":"Regata La Ruta de la Sal","article_publisher":"https:\/\/www.facebook.com\/rutadelasal\/","article_published_time":"2017-04-15T09:45:56+00:00","article_modified_time":"2019-03-08T08:14:31+00:00","og_image":[{"width":640,"height":428,"url":"https:\/\/labs.100x100.net\/projects\/rutasal\/custom\/uploads\/2017\/04\/34048108285_c8868ccd90_z.jpg","type":"image\/jpeg"}],"author":"La Ruta de la Sal","twitter_card":"summary_large_image","twitter_creator":"@AnamMedi","twitter_site":"@AnamMedi","twitter_misc":{"Escrito por":"La Ruta de la Sal","Tiempo de lectura":"5 minutos"},"schema":{"@context":"https:\/\/schema.org","@graph":[{"@type":"WebPage","@id":"https:\/\/labs.100x100.net\/projects\/rutasal\/rueda-de-prensa-de-los-vencedores-de-la-ruta-de-la-sal-2017\/","url":"https:\/\/labs.100x100.net\/projects\/rutasal\/rueda-de-prensa-de-los-vencedores-de-la-ruta-de-la-sal-2017\/","name":"Rueda de prensa de los vencedores de La Ruta de la Sal 2017 | Regata La Ruta de la Sal","isPartOf":{"@id":"https:\/\/labs.100x100.net\/projects\/rutasal\/#website"},"primaryImageOfPage":{"@id":"https:\/\/labs.100x100.net\/projects\/rutasal\/rueda-de-prensa-de-los-vencedores-de-la-ruta-de-la-sal-2017\/#primaryimage"},"image":{"@id":"https:\/\/labs.100x100.net\/projects\/rutasal\/rueda-de-prensa-de-los-vencedores-de-la-ruta-de-la-sal-2017\/#primaryimage"},"thumbnailUrl":"https:\/\/labs.100x100.net\/projects\/rutasal\/custom\/uploads\/2017\/04\/34048108285_c8868ccd90_z.jpg","datePublished":"2017-04-15T09:45:56+00:00","dateModified":"2019-03-08T08:14:31+00:00","author":{"@id":"https:\/\/labs.100x100.net\/projects\/rutasal\/#\/schema\/person\/214eeb4a2e78fd8373a0a94f6d93c9ca"},"breadcrumb":{"@id":"https:\/\/labs.100x100.net\/projects\/rutasal\/rueda-de-prensa-de-los-vencedores-de-la-ruta-de-la-sal-2017\/#breadcrumb"},"inLanguage":"es","potentialAction":[{"@type":"ReadAction","target":["https:\/\/labs.100x100.net\/projects\/rutasal\/rueda-de-prensa-de-los-vencedores-de-la-ruta-de-la-sal-2017\/"]}]},{"@type":"ImageObject","inLanguage":"es","@id":"https:\/\/labs.100x100.net\/projects\/rutasal\/rueda-de-prensa-de-los-vencedores-de-la-ruta-de-la-sal-2017\/#primaryimage","url":"https:\/\/labs.100x100.net\/projects\/rutasal\/custom\/uploads\/2017\/04\/34048108285_c8868ccd90_z.jpg","contentUrl":"https:\/\/labs.100x100.net\/projects\/rutasal\/custom\/uploads\/2017\/04\/34048108285_c8868ccd90_z.jpg","width":640,"height":428},{"@type":"BreadcrumbList","@id":"https:\/\/labs.100x100.net\/projects\/rutasal\/rueda-de-prensa-de-los-vencedores-de-la-ruta-de-la-sal-2017\/#breadcrumb","itemListElement":[{"@type":"ListItem","position":1,"name":"Portada","item":"https:\/\/labs.100x100.net\/projects\/rutasal\/"},{"@type":"ListItem","position":2,"name":"Rueda de prensa de los vencedores de La Ruta de la Sal 2017"}]},{"@type":"WebSite","@id":"https:\/\/labs.100x100.net\/projects\/rutasal\/#website","url":"https:\/\/labs.100x100.net\/projects\/rutasal\/","name":"Regata La Ruta de la Sal","description":"Regata La Ruta de la Sal es una regata de Altura Mediterr\u00e1nea para barcos de crucero a vela con destino en Ibiza, que se disputa anualmente en Semana Santa.","potentialAction":[{"@type":"SearchAction","target":{"@type":"EntryPoint","urlTemplate":"https:\/\/labs.100x100.net\/projects\/rutasal\/?s={search_term_string}"},"query-input":"required name=search_term_string"}],"inLanguage":"es"},{"@type":"Person","@id":"https:\/\/labs.100x100.net\/projects\/rutasal\/#\/schema\/person\/214eeb4a2e78fd8373a0a94f6d93c9ca","name":"La Ruta de la Sal","image":{"@type":"ImageObject","inLanguage":"es","@id":"https:\/\/labs.100x100.net\/projects\/rutasal\/#\/schema\/person\/image\/","url":"https:\/\/secure.gravatar.com\/avatar\/b247286d4b801d6b1cfcfb3807587284?s=96&d=mm&r=g","contentUrl":"https:\/\/secure.gravatar.com\/avatar\/b247286d4b801d6b1cfcfb3807587284?s=96&d=mm&r=g","caption":"La Ruta de la Sal"}}]}},"_links":{"self":[{"href":"https:\/\/labs.100x100.net\/projects\/rutasal\/wp-json\/wp\/v2\/posts\/2625"}],"collection":[{"href":"https:\/\/labs.100x100.net\/projects\/rutasal\/wp-json\/wp\/v2\/posts"}],"about":[{"href":"https:\/\/labs.100x100.net\/projects\/rutasal\/wp-json\/wp\/v2\/types\/post"}],"author":[{"embeddable":true,"href":"https:\/\/labs.100x100.net\/projects\/rutasal\/wp-json\/wp\/v2\/users\/1"}],"replies":[{"embeddable":true,"href":"https:\/\/labs.100x100.net\/projects\/rutasal\/wp-json\/wp\/v2\/comments?post=2625"}],"version-history":[{"count":2,"href":"https:\/\/labs.100x100.net\/projects\/rutasal\/wp-json\/wp\/v2\/posts\/2625\/revisions"}],"predecessor-version":[{"id":3619,"href":"https:\/\/labs.100x100.net\/projects\/rutasal\/wp-json\/wp\/v2\/posts\/2625\/revisions\/3619"}],"wp:featuredmedia":[{"embeddable":true,"href":"https:\/\/labs.100x100.net\/projects\/rutasal\/wp-json\/wp\/v2\/media\/3618"}],"wp:attachment":[{"href":"https:\/\/labs.100x100.net\/projects\/rutasal\/wp-json\/wp\/v2\/media?parent=2625"}],"wp:term":[{"taxonomy":"category","embeddable":true,"href":"https:\/\/labs.100x100.net\/projects\/rutasal\/wp-json\/wp\/v2\/categories?post=2625"},{"taxonomy":"post_tag","embeddable":true,"href":"https:\/\/labs.100x100.net\/projects\/rutasal\/wp-json\/wp\/v2\/tags?post=2625"}],"curies":[{"name":"wp","href":"https:\/\/api.w.org\/{rel}","templated":true}]}}