{"id":2616,"date":"2017-04-14T18:55:01","date_gmt":"2017-04-14T16:55:01","guid":{"rendered":"https:\/\/larutadelasal.com\/?p=2616"},"modified":"2019-03-08T10:15:11","modified_gmt":"2019-03-08T08:15:11","slug":"clem-en-la-version-oeste-blue-dragon-en-la-version-este-y-clajasan-en-la-version-norte-ganadores-de-la-30-edicion-de-la-ruta-de-la-sal","status":"publish","type":"post","link":"https:\/\/labs.100x100.net\/projects\/rutasal\/clem-en-la-version-oeste-blue-dragon-en-la-version-este-y-clajasan-en-la-version-norte-ganadores-de-la-30-edicion-de-la-ruta-de-la-sal\/","title":{"rendered":"\u00abCLEM\u00bb en la Versi\u00f3n Oeste, \u00abBlue Dragon\u00bb en la Versi\u00f3n Este,  y \u00abClajasan\u00bb en la Versi\u00f3n Norte  ganadores de la 30 edici\u00f3n de La Ruta de La Sal"},"content":{"rendered":"<p><a title=\"logorutadelasal\" href=\"#\" rel=\"\"><img loading=\"lazy\" decoding=\"async\" class=\"aligncenter\" title=\"logorutadelasal\" src=\"http:\/\/farm3.staticflickr.com\/2941\/33851587792_3d39a8ebf4_o.jpg\" alt=\"logorutadelasal\" width=\"320\" height=\"196\" \/><\/a><\/p>\n<p>&nbsp;<\/p>\n<h3>Tras el c\u00e1lculo de los primeros resultados generales provisionales,<\/h3>\n<p>&nbsp;<\/p>\n<h3>-. \u00abCLEM\u00bb en la Versi\u00f3n Oeste, \u00abBlue Dragon\u00bb en la Versi\u00f3n Este, y \u00abClajasan\u00bb en la Versi\u00f3n Norte ganadores de la 30 edici\u00f3n de La Ruta de La Sal.<\/h3>\n<p>&nbsp;<\/p>\n<h3>-. \u00abCARO\u00bb, \u00abAlzira Moraira\u00bb y \u00abSpock\u00bb ganadores en Tiempo Real de la Sal 2017.<\/h3>\n<p>&nbsp;<\/p>\n<h3>-. El \u00abCaro\u00bb de Maximilian Klink, fue, a las 11:19:28 h de hoy, el primer barco, en cruzar la l\u00ednea de llegada de la 30 edici\u00f3n de Ruta de La Sal.<\/h3>\n<p><a title=\"salida versi\u00f3n este\" href=\"#\" rel=\"\"><img loading=\"lazy\" decoding=\"async\" title=\"salida versi\u00f3n este\" src=\"http:\/\/farm3.staticflickr.com\/2897\/34013778525_e7a7287e0d_z.jpg\" alt=\"salida versi\u00f3n este\" width=\"640\" height=\"429\" \/><\/a><\/p>\n<p>A la hora de editar este avance informativo, el c\u00e1lculo de los tiempos compensados, arrojan los siguientes resultados;<\/p>\n<p><strong>En la Versi\u00f3n Norte, vence el Baltic 61 \u00abClajasan\u00bb de Francisco Churtichaga del RCN de Barcelona<\/strong>, que con un tiempo de 24:42:45 se ha impuesto claramente al Botin 65 alem\u00e1n \u00abCaro\u00bb de Maximilian Klink, ganador en Tiempo Real de este recorrido de 140 millas desde Barcelona con un tiempo de 24:19:28. Una singladura extremadamente compleja en esta edici\u00f3n de La Sal, en la que a la hora de redactar esta informaci\u00f3n tan s\u00f3lo han logrado, por el momento, clasificarse 4 embarcaciones.<br \/>\n<strong>\u00abCLEM\u00bb de Jaime Olazabal del Club de Mar de Mallorca, con un registro en las 103 millas desde Andraxt de 24:59:05 resulta vencedor absoluto de la nueva Versi\u00f3n Oeste de la Sal<\/strong>, liderando una clasificaci\u00f3n general provisional donde la segunda plaza es para el Swan 65 &#8211; 1974 \u00abLibelula\u00bb de Borja Pella, y la tercera para el GS 37C \u00abNIDEA\u00bb de Alejo Truyols del CN de La Rapita. \u00abSpock\u00bb ganador en tiempo real de esta largada de La Sal, una vez aplicadas las compensaciones se adjudica una 8aba. plaza en la general.<\/p>\n<p><strong>Finalmente en las 117 millas de la Versi\u00f3n Este desde Denia y con un registro de 22:13:32, se impone claramente, el Centuri\u00f3n 40 S de Antonio Gadea del <b id=\"m_7054385950589343647yui_3_16_0_ym19_1_1492505290910_6473\">RCN de Denia<\/b>, \u00abBlue Dragon\u00bb<\/strong> , siendo la segunda plaza para el First 47.7 \u00abBrujo Jazz\u00bb de Sergio Ram\u00edrez del Varadero las Palmas, cerrando el podium provisional el J92 \u00abPurple Hotel &#8211; Cafe del Mar\u00bb de Toni Tur del CN de Sant Antoni de Portmany. El \u00abAlzira Moraira\u00bb, vencedor en tiempo real de la Versi\u00f3n Este de La Sal 2017, en la general se adjudica la 10a. Plaza.<\/p>\n<p>A la hora de cerrar esta informaci\u00f3n hay a\u00fan m\u00e1s de 40 barcos en competici\u00f3n, el viento continua muy inestable y flojo. La noche adelanta la aparici\u00f3n de nuevas \u00e1reas de encaladas y, en algunos casos, vientos t\u00e9rmicos muy aprovechables para llegar hasta Cap Negret. Continua el 30 aniversario de la Ruta de La Sal.<\/p>\n<p>La p\u00e1gina Web de la Ruta de La Sal &#8211; <a title=\"https:\/\/larutadelasal.com\" href=\"https:\/\/larutadelasal.com\" target=\"_blank\" rel=\"noopener\">https:\/\/larutadelasal.com<\/a> &#8211; ofrecer\u00e1 informaciones peri\u00f3dicas, e im\u00e1genes, sobre el desarrollo organizativo y deportivo de esta regata.<\/p>\n","protected":false},"excerpt":{"rendered":"<p>A la hora de editar este avance informativo, el c\u00e1lculo de los tiempos compensados, arrojan los siguientes resultados<\/p>\n","protected":false},"author":1,"featured_media":3620,"comment_status":"open","ping_status":"open","sticky":false,"template":"","format":"standard","meta":{"_acf_changed":false,"footnotes":""},"categories":[3],"tags":[],"acf":[],"yoast_head":"<!-- This site is optimized with the Yoast SEO plugin v23.0 - https:\/\/yoast.com\/wordpress\/plugins\/seo\/ -->\n<title>&quot;CLEM&quot; en la Versi\u00f3n Oeste, &quot;Blue Dragon&quot; en la Versi\u00f3n Este, y &quot;Clajasan&quot; en la Versi\u00f3n Norte ganadores de la 30 edici\u00f3n de La Ruta de La Sal | Regata La Ruta de la Sal<\/title>\n<meta name=\"robots\" content=\"noindex, follow, max-snippet:-1, max-image-preview:large, max-video-preview:-1\" \/>\n<meta property=\"og:locale\" content=\"es_ES\" \/>\n<meta property=\"og:type\" content=\"article\" \/>\n<meta property=\"og:title\" content=\"&quot;CLEM&quot; en la Versi\u00f3n Oeste, &quot;Blue Dragon&quot; en la Versi\u00f3n Este, y &quot;Clajasan&quot; en la Versi\u00f3n Norte ganadores de la 30 edici\u00f3n de La Ruta de La Sal | Regata La Ruta de la Sal\" \/>\n<meta property=\"og:description\" content=\"A la hora de editar este avance informativo, el c\u00e1lculo de los tiempos compensados, arrojan los siguientes resultados\" \/>\n<meta property=\"og:url\" content=\"https:\/\/labs.100x100.net\/projects\/rutasal\/clem-en-la-version-oeste-blue-dragon-en-la-version-este-y-clajasan-en-la-version-norte-ganadores-de-la-30-edicion-de-la-ruta-de-la-sal\/\" \/>\n<meta property=\"og:site_name\" content=\"Regata La Ruta de la Sal\" \/>\n<meta property=\"article:publisher\" content=\"https:\/\/www.facebook.com\/rutadelasal\/\" \/>\n<meta property=\"article:published_time\" content=\"2017-04-14T16:55:01+00:00\" \/>\n<meta property=\"article:modified_time\" content=\"2019-03-08T08:15:11+00:00\" \/>\n<meta property=\"og:image\" content=\"https:\/\/labs.100x100.net\/projects\/rutasal\/custom\/uploads\/2017\/04\/34013778525_e7a7287e0d_z.jpg\" \/>\n\t<meta property=\"og:image:width\" content=\"640\" \/>\n\t<meta property=\"og:image:height\" content=\"429\" \/>\n\t<meta property=\"og:image:type\" content=\"image\/jpeg\" \/>\n<meta name=\"author\" content=\"La Ruta de la Sal\" \/>\n<meta name=\"twitter:card\" content=\"summary_large_image\" \/>\n<meta name=\"twitter:creator\" content=\"@AnamMedi\" \/>\n<meta name=\"twitter:site\" content=\"@AnamMedi\" \/>\n<meta name=\"twitter:label1\" content=\"Escrito por\" \/>\n\t<meta name=\"twitter:data1\" content=\"La Ruta de la Sal\" \/>\n\t<meta name=\"twitter:label2\" content=\"Tiempo de lectura\" \/>\n\t<meta name=\"twitter:data2\" content=\"2 minutos\" \/>\n<script type=\"application\/ld+json\" class=\"yoast-schema-graph\">{\"@context\":\"https:\/\/schema.org\",\"@graph\":[{\"@type\":\"WebPage\",\"@id\":\"https:\/\/labs.100x100.net\/projects\/rutasal\/clem-en-la-version-oeste-blue-dragon-en-la-version-este-y-clajasan-en-la-version-norte-ganadores-de-la-30-edicion-de-la-ruta-de-la-sal\/\",\"url\":\"https:\/\/labs.100x100.net\/projects\/rutasal\/clem-en-la-version-oeste-blue-dragon-en-la-version-este-y-clajasan-en-la-version-norte-ganadores-de-la-30-edicion-de-la-ruta-de-la-sal\/\",\"name\":\"\\\"CLEM\\\" en la Versi\u00f3n Oeste, \\\"Blue Dragon\\\" en la Versi\u00f3n Este, y \\\"Clajasan\\\" en la Versi\u00f3n Norte ganadores de la 30 edici\u00f3n de La Ruta de La Sal | Regata La Ruta de la Sal\",\"isPartOf\":{\"@id\":\"https:\/\/labs.100x100.net\/projects\/rutasal\/#website\"},\"primaryImageOfPage\":{\"@id\":\"https:\/\/labs.100x100.net\/projects\/rutasal\/clem-en-la-version-oeste-blue-dragon-en-la-version-este-y-clajasan-en-la-version-norte-ganadores-de-la-30-edicion-de-la-ruta-de-la-sal\/#primaryimage\"},\"image\":{\"@id\":\"https:\/\/labs.100x100.net\/projects\/rutasal\/clem-en-la-version-oeste-blue-dragon-en-la-version-este-y-clajasan-en-la-version-norte-ganadores-de-la-30-edicion-de-la-ruta-de-la-sal\/#primaryimage\"},\"thumbnailUrl\":\"https:\/\/labs.100x100.net\/projects\/rutasal\/custom\/uploads\/2017\/04\/34013778525_e7a7287e0d_z.jpg\",\"datePublished\":\"2017-04-14T16:55:01+00:00\",\"dateModified\":\"2019-03-08T08:15:11+00:00\",\"author\":{\"@id\":\"https:\/\/labs.100x100.net\/projects\/rutasal\/#\/schema\/person\/214eeb4a2e78fd8373a0a94f6d93c9ca\"},\"breadcrumb\":{\"@id\":\"https:\/\/labs.100x100.net\/projects\/rutasal\/clem-en-la-version-oeste-blue-dragon-en-la-version-este-y-clajasan-en-la-version-norte-ganadores-de-la-30-edicion-de-la-ruta-de-la-sal\/#breadcrumb\"},\"inLanguage\":\"es\",\"potentialAction\":[{\"@type\":\"ReadAction\",\"target\":[\"https:\/\/labs.100x100.net\/projects\/rutasal\/clem-en-la-version-oeste-blue-dragon-en-la-version-este-y-clajasan-en-la-version-norte-ganadores-de-la-30-edicion-de-la-ruta-de-la-sal\/\"]}]},{\"@type\":\"ImageObject\",\"inLanguage\":\"es\",\"@id\":\"https:\/\/labs.100x100.net\/projects\/rutasal\/clem-en-la-version-oeste-blue-dragon-en-la-version-este-y-clajasan-en-la-version-norte-ganadores-de-la-30-edicion-de-la-ruta-de-la-sal\/#primaryimage\",\"url\":\"https:\/\/labs.100x100.net\/projects\/rutasal\/custom\/uploads\/2017\/04\/34013778525_e7a7287e0d_z.jpg\",\"contentUrl\":\"https:\/\/labs.100x100.net\/projects\/rutasal\/custom\/uploads\/2017\/04\/34013778525_e7a7287e0d_z.jpg\",\"width\":640,\"height\":429},{\"@type\":\"BreadcrumbList\",\"@id\":\"https:\/\/labs.100x100.net\/projects\/rutasal\/clem-en-la-version-oeste-blue-dragon-en-la-version-este-y-clajasan-en-la-version-norte-ganadores-de-la-30-edicion-de-la-ruta-de-la-sal\/#breadcrumb\",\"itemListElement\":[{\"@type\":\"ListItem\",\"position\":1,\"name\":\"Portada\",\"item\":\"https:\/\/labs.100x100.net\/projects\/rutasal\/\"},{\"@type\":\"ListItem\",\"position\":2,\"name\":\"\u00abCLEM\u00bb en la Versi\u00f3n Oeste, \u00abBlue Dragon\u00bb en la Versi\u00f3n Este, y \u00abClajasan\u00bb en la Versi\u00f3n Norte ganadores de la 30 edici\u00f3n de La Ruta de La Sal\"}]},{\"@type\":\"WebSite\",\"@id\":\"https:\/\/labs.100x100.net\/projects\/rutasal\/#website\",\"url\":\"https:\/\/labs.100x100.net\/projects\/rutasal\/\",\"name\":\"Regata La Ruta de la Sal\",\"description\":\"Regata La Ruta de la Sal es una regata de Altura Mediterr\u00e1nea para barcos de crucero a vela con destino en Ibiza, que se disputa anualmente en Semana Santa.\",\"potentialAction\":[{\"@type\":\"SearchAction\",\"target\":{\"@type\":\"EntryPoint\",\"urlTemplate\":\"https:\/\/labs.100x100.net\/projects\/rutasal\/?s={search_term_string}\"},\"query-input\":\"required name=search_term_string\"}],\"inLanguage\":\"es\"},{\"@type\":\"Person\",\"@id\":\"https:\/\/labs.100x100.net\/projects\/rutasal\/#\/schema\/person\/214eeb4a2e78fd8373a0a94f6d93c9ca\",\"name\":\"La Ruta de la Sal\",\"image\":{\"@type\":\"ImageObject\",\"inLanguage\":\"es\",\"@id\":\"https:\/\/labs.100x100.net\/projects\/rutasal\/#\/schema\/person\/image\/\",\"url\":\"https:\/\/secure.gravatar.com\/avatar\/b247286d4b801d6b1cfcfb3807587284?s=96&d=mm&r=g\",\"contentUrl\":\"https:\/\/secure.gravatar.com\/avatar\/b247286d4b801d6b1cfcfb3807587284?s=96&d=mm&r=g\",\"caption\":\"La Ruta de la Sal\"}}]}<\/script>\n<!-- \/ Yoast SEO plugin. -->","yoast_head_json":{"title":"\"CLEM\" en la Versi\u00f3n Oeste, \"Blue Dragon\" en la Versi\u00f3n Este, y \"Clajasan\" en la Versi\u00f3n Norte ganadores de la 30 edici\u00f3n de La Ruta de La Sal | Regata La Ruta de la Sal","robots":{"index":"noindex","follow":"follow","max-snippet":"max-snippet:-1","max-image-preview":"max-image-preview:large","max-video-preview":"max-video-preview:-1"},"og_locale":"es_ES","og_type":"article","og_title":"\"CLEM\" en la Versi\u00f3n Oeste, \"Blue Dragon\" en la Versi\u00f3n Este, y \"Clajasan\" en la Versi\u00f3n Norte ganadores de la 30 edici\u00f3n de La Ruta de La Sal | Regata La Ruta de la Sal","og_description":"A la hora de editar este avance informativo, el c\u00e1lculo de los tiempos compensados, arrojan los siguientes resultados","og_url":"https:\/\/labs.100x100.net\/projects\/rutasal\/clem-en-la-version-oeste-blue-dragon-en-la-version-este-y-clajasan-en-la-version-norte-ganadores-de-la-30-edicion-de-la-ruta-de-la-sal\/","og_site_name":"Regata La Ruta de la Sal","article_publisher":"https:\/\/www.facebook.com\/rutadelasal\/","article_published_time":"2017-04-14T16:55:01+00:00","article_modified_time":"2019-03-08T08:15:11+00:00","og_image":[{"width":640,"height":429,"url":"https:\/\/labs.100x100.net\/projects\/rutasal\/custom\/uploads\/2017\/04\/34013778525_e7a7287e0d_z.jpg","type":"image\/jpeg"}],"author":"La Ruta de la Sal","twitter_card":"summary_large_image","twitter_creator":"@AnamMedi","twitter_site":"@AnamMedi","twitter_misc":{"Escrito por":"La Ruta de la Sal","Tiempo de lectura":"2 minutos"},"schema":{"@context":"https:\/\/schema.org","@graph":[{"@type":"WebPage","@id":"https:\/\/labs.100x100.net\/projects\/rutasal\/clem-en-la-version-oeste-blue-dragon-en-la-version-este-y-clajasan-en-la-version-norte-ganadores-de-la-30-edicion-de-la-ruta-de-la-sal\/","url":"https:\/\/labs.100x100.net\/projects\/rutasal\/clem-en-la-version-oeste-blue-dragon-en-la-version-este-y-clajasan-en-la-version-norte-ganadores-de-la-30-edicion-de-la-ruta-de-la-sal\/","name":"\"CLEM\" en la Versi\u00f3n Oeste, \"Blue Dragon\" en la Versi\u00f3n Este, y \"Clajasan\" en la Versi\u00f3n Norte ganadores de la 30 edici\u00f3n de La Ruta de La Sal | Regata La Ruta de la Sal","isPartOf":{"@id":"https:\/\/labs.100x100.net\/projects\/rutasal\/#website"},"primaryImageOfPage":{"@id":"https:\/\/labs.100x100.net\/projects\/rutasal\/clem-en-la-version-oeste-blue-dragon-en-la-version-este-y-clajasan-en-la-version-norte-ganadores-de-la-30-edicion-de-la-ruta-de-la-sal\/#primaryimage"},"image":{"@id":"https:\/\/labs.100x100.net\/projects\/rutasal\/clem-en-la-version-oeste-blue-dragon-en-la-version-este-y-clajasan-en-la-version-norte-ganadores-de-la-30-edicion-de-la-ruta-de-la-sal\/#primaryimage"},"thumbnailUrl":"https:\/\/labs.100x100.net\/projects\/rutasal\/custom\/uploads\/2017\/04\/34013778525_e7a7287e0d_z.jpg","datePublished":"2017-04-14T16:55:01+00:00","dateModified":"2019-03-08T08:15:11+00:00","author":{"@id":"https:\/\/labs.100x100.net\/projects\/rutasal\/#\/schema\/person\/214eeb4a2e78fd8373a0a94f6d93c9ca"},"breadcrumb":{"@id":"https:\/\/labs.100x100.net\/projects\/rutasal\/clem-en-la-version-oeste-blue-dragon-en-la-version-este-y-clajasan-en-la-version-norte-ganadores-de-la-30-edicion-de-la-ruta-de-la-sal\/#breadcrumb"},"inLanguage":"es","potentialAction":[{"@type":"ReadAction","target":["https:\/\/labs.100x100.net\/projects\/rutasal\/clem-en-la-version-oeste-blue-dragon-en-la-version-este-y-clajasan-en-la-version-norte-ganadores-de-la-30-edicion-de-la-ruta-de-la-sal\/"]}]},{"@type":"ImageObject","inLanguage":"es","@id":"https:\/\/labs.100x100.net\/projects\/rutasal\/clem-en-la-version-oeste-blue-dragon-en-la-version-este-y-clajasan-en-la-version-norte-ganadores-de-la-30-edicion-de-la-ruta-de-la-sal\/#primaryimage","url":"https:\/\/labs.100x100.net\/projects\/rutasal\/custom\/uploads\/2017\/04\/34013778525_e7a7287e0d_z.jpg","contentUrl":"https:\/\/labs.100x100.net\/projects\/rutasal\/custom\/uploads\/2017\/04\/34013778525_e7a7287e0d_z.jpg","width":640,"height":429},{"@type":"BreadcrumbList","@id":"https:\/\/labs.100x100.net\/projects\/rutasal\/clem-en-la-version-oeste-blue-dragon-en-la-version-este-y-clajasan-en-la-version-norte-ganadores-de-la-30-edicion-de-la-ruta-de-la-sal\/#breadcrumb","itemListElement":[{"@type":"ListItem","position":1,"name":"Portada","item":"https:\/\/labs.100x100.net\/projects\/rutasal\/"},{"@type":"ListItem","position":2,"name":"\u00abCLEM\u00bb en la Versi\u00f3n Oeste, \u00abBlue Dragon\u00bb en la Versi\u00f3n Este, y \u00abClajasan\u00bb en la Versi\u00f3n Norte ganadores de la 30 edici\u00f3n de La Ruta de La Sal"}]},{"@type":"WebSite","@id":"https:\/\/labs.100x100.net\/projects\/rutasal\/#website","url":"https:\/\/labs.100x100.net\/projects\/rutasal\/","name":"Regata La Ruta de la Sal","description":"Regata La Ruta de la Sal es una regata de Altura Mediterr\u00e1nea para barcos de crucero a vela con destino en Ibiza, que se disputa anualmente en Semana Santa.","potentialAction":[{"@type":"SearchAction","target":{"@type":"EntryPoint","urlTemplate":"https:\/\/labs.100x100.net\/projects\/rutasal\/?s={search_term_string}"},"query-input":"required name=search_term_string"}],"inLanguage":"es"},{"@type":"Person","@id":"https:\/\/labs.100x100.net\/projects\/rutasal\/#\/schema\/person\/214eeb4a2e78fd8373a0a94f6d93c9ca","name":"La Ruta de la Sal","image":{"@type":"ImageObject","inLanguage":"es","@id":"https:\/\/labs.100x100.net\/projects\/rutasal\/#\/schema\/person\/image\/","url":"https:\/\/secure.gravatar.com\/avatar\/b247286d4b801d6b1cfcfb3807587284?s=96&d=mm&r=g","contentUrl":"https:\/\/secure.gravatar.com\/avatar\/b247286d4b801d6b1cfcfb3807587284?s=96&d=mm&r=g","caption":"La Ruta de la Sal"}}]}},"_links":{"self":[{"href":"https:\/\/labs.100x100.net\/projects\/rutasal\/wp-json\/wp\/v2\/posts\/2616"}],"collection":[{"href":"https:\/\/labs.100x100.net\/projects\/rutasal\/wp-json\/wp\/v2\/posts"}],"about":[{"href":"https:\/\/labs.100x100.net\/projects\/rutasal\/wp-json\/wp\/v2\/types\/post"}],"author":[{"embeddable":true,"href":"https:\/\/labs.100x100.net\/projects\/rutasal\/wp-json\/wp\/v2\/users\/1"}],"replies":[{"embeddable":true,"href":"https:\/\/labs.100x100.net\/projects\/rutasal\/wp-json\/wp\/v2\/comments?post=2616"}],"version-history":[{"count":2,"href":"https:\/\/labs.100x100.net\/projects\/rutasal\/wp-json\/wp\/v2\/posts\/2616\/revisions"}],"predecessor-version":[{"id":3621,"href":"https:\/\/labs.100x100.net\/projects\/rutasal\/wp-json\/wp\/v2\/posts\/2616\/revisions\/3621"}],"wp:featuredmedia":[{"embeddable":true,"href":"https:\/\/labs.100x100.net\/projects\/rutasal\/wp-json\/wp\/v2\/media\/3620"}],"wp:attachment":[{"href":"https:\/\/labs.100x100.net\/projects\/rutasal\/wp-json\/wp\/v2\/media?parent=2616"}],"wp:term":[{"taxonomy":"category","embeddable":true,"href":"https:\/\/labs.100x100.net\/projects\/rutasal\/wp-json\/wp\/v2\/categories?post=2616"},{"taxonomy":"post_tag","embeddable":true,"href":"https:\/\/labs.100x100.net\/projects\/rutasal\/wp-json\/wp\/v2\/tags?post=2616"}],"curies":[{"name":"wp","href":"https:\/\/api.w.org\/{rel}","templated":true}]}}