{"id":2609,"date":"2017-04-14T16:31:58","date_gmt":"2017-04-14T14:31:58","guid":{"rendered":"https:\/\/larutadelasal.com\/?p=2609"},"modified":"2019-03-08T10:16:02","modified_gmt":"2019-03-08T08:16:02","slug":"spock-de-thomas-shumacher-ganador-en-tiempo-real-de-la-nueva-version-oeste-de-la-ruta-de-la-sal","status":"publish","type":"post","link":"https:\/\/labs.100x100.net\/projects\/rutasal\/spock-de-thomas-shumacher-ganador-en-tiempo-real-de-la-nueva-version-oeste-de-la-ruta-de-la-sal\/","title":{"rendered":"\u00abSpock\u00bb de Thomas Shumacher ganador en Tiempo Real de la nueva Versi\u00f3n Oeste de La Ruta de la Sal"},"content":{"rendered":"<p><a title=\"logorutadelasal\" href=\"#\" rel=\"\"><img loading=\"lazy\" decoding=\"async\" class=\"aligncenter\" title=\"logorutadelasal\" src=\"http:\/\/farm3.staticflickr.com\/2941\/33851587792_3d39a8ebf4_o.jpg\" alt=\"logorutadelasal\" width=\"320\" height=\"196\" \/><\/a><\/p>\n<p>&nbsp;<\/p>\n<h3>&#8211; \u00abCARO\u00bb, \u00abAlzira Moraira\u00bb y \u00abSpock\u00bb ganadores en Tiempo Real de la Sal 2017.<\/h3>\n<p>&nbsp;<\/p>\n<h3>-. El \u00abCaro\u00bb de Maximilian Klink, fue, a las 11:19:28 h de hoy, el primer barco en cruzar la l\u00ednea de llegada de la 30 edici\u00f3n de La Ruta de la Sal.<\/h3>\n<p>&nbsp;<\/p>\n<div style=\"width: 650px\" class=\"wp-caption alignnone\"><a title=\"30 Edici\u00f3n de La Ruta de La Sal 2017\" href=\"#\" target=\"_blank\" rel=\"noopener\"><img loading=\"lazy\" decoding=\"async\" title=\"30 Edici\u00f3n de La Ruta de La Sal 2017\" src=\"http:\/\/farm4.staticflickr.com\/3938\/33648763250_2f5b312a08_z.jpg\" alt=\"30 Edici\u00f3n de La Ruta de La Sal 2017\" width=\"640\" height=\"488\" \/><\/a><p class=\"wp-caption-text\">La tripulaci\u00f3n del Spock celebra su victoria.<\/p><\/div>\n<p>&nbsp;<\/p>\n<p>&nbsp;<\/p>\n<p>El \u00abSpock\u00bb de Thomas Schumacher ha sido, tras cruzar la l\u00ednea de llegada en Cap Negret hoy a las 14:06:26 h., el ganador en Tiempo Real de la Versi\u00f3n Oeste de La Ruta de la Sal, un resultado que convierte a esta embarcaci\u00f3n, un rapido y muy competitivo Finot-Conq 53, en el primer equipo que registra un tiempo oficial para esta largada de La Sal.<\/p>\n<p>&nbsp;<\/p>\n<p><a title=\"30 Edici\u00f3n de La Ruta de La Sal 2017\" href=\"#\" rel=\"\"><img loading=\"lazy\" decoding=\"async\" title=\"30 Edici\u00f3n de La Ruta de La Sal 2017\" src=\"http:\/\/farm3.staticflickr.com\/2879\/33648763540_1bba733b05_n.jpg\" alt=\"30 Edici\u00f3n de La Ruta de La Sal 2017\" width=\"320\" height=\"244\" \/><\/a><a title=\"30 Edici\u00f3n de La Ruta de La Sal 2017\" href=\"#\" rel=\"\"><img loading=\"lazy\" decoding=\"async\" title=\"30 Edici\u00f3n de La Ruta de La Sal 2017\" src=\"http:\/\/farm4.staticflickr.com\/3944\/33648763640_d42a27e2a0_n.jpg\" alt=\"30 Edici\u00f3n de La Ruta de La Sal 2017\" width=\"320\" height=\"244\" \/><\/a><\/p>\n<p>El Comit\u00e9 de Bienvenida obsequia a la tripulaci\u00f3n del Spock con el tradicional Saquito de Sal, Cava Gramona y la medalla conmemorativa del 30 Aniversario de La Ruta de la Sal.<\/p>\n<p>&nbsp;<\/p>\n<p><strong>La segunda plaza en tiempo real ha sido para el Swan 56 \u00abClem\u00bb de Amanda Hatley y Jaime Olazabal<\/strong>, que cruz\u00f3 la l\u00ednea de llegada a las 14:29:05 h., tras muchas millas de competici\u00f3n muy cerrada con el \u00abSpock\u00bb . En definitiva unas diferencias de tiempos, en todo caso, muy justas, entre ambos veleros, considerando las horas que ha durado la regata. Una situaci\u00f3n, sin duda alguna, muy comprometida de cara a la compensaci\u00f3n de tiempos.<\/p>\n<div style=\"width: 650px\" class=\"wp-caption alignnone\"><a title=\"30 Edici\u00f3n de La Ruta de La Sal 2017\" href=\"#\" target=\"_blank\" rel=\"noopener\"><img loading=\"lazy\" decoding=\"async\" title=\"30 Edici\u00f3n de La Ruta de La Sal 2017\" src=\"http:\/\/farm4.staticflickr.com\/3944\/33648763410_15e0c6f8e7_z.jpg\" alt=\"30 Edici\u00f3n de La Ruta de La Sal 2017\" width=\"640\" height=\"488\" \/><\/a><p class=\"wp-caption-text\">La tripulaci\u00f3n del Clem, segundo en tiempo real Versi\u00f3n Oeste.<\/p><\/div>\n<p>&nbsp;<\/p>\n<p>Cabe indicar que la Versi\u00f3n Oeste de La Sal se disputa sobre la base de un recorrido desde Puerto de Andratx en Mallorca a St. Antoni, dejando por estribor las islas de Tagomago, Formentera, Es Vedr\u00e1 , Bledas y Conejera. Unas 103 millas de singladura.<\/p>\n<p><strong>A la hora de cerrar esta informaci\u00f3n a\u00fan hay muchos barcos en competici\u00f3n, el viento contin\u00faa muy inestable y la previsi\u00f3n es que a\u00fan faltan muchas horas para poder dar por cerradas las llegada<\/strong>s a esta 30 edici\u00f3n de La Sal que ser\u00e1, seguro, recordada como una prueba dif\u00edcil y muy, muy t\u00e1ctica.<\/p>\n<p>La p\u00e1gina Web de la Ruta de La Sal &#8211; <a title=\"https:\/\/larutadelasal.com\" href=\"https:\/\/larutadelasal.com\" target=\"_blank\" rel=\"noopener\">https:\/\/larutadelasal.com<\/a> &#8211; ofrecer\u00e1 informaciones peri\u00f3dicas, e im\u00e1genes, sobre el desarrollo organizativo y deportivo de esta regata.<\/p>\n","protected":false},"excerpt":{"rendered":"<p>&nbsp; &#8211; \u00abCARO\u00bb, \u00abAlzira Moraira\u00bb y \u00abSpock\u00bb ganadores en Tiempo Real de la Sal 2017. &nbsp; -. El \u00abCaro\u00bb de Maximilian Klink, fue, a las 11:19:28 h de hoy, el primer barco en cruzar la l\u00ednea de llegada de la 30 edici\u00f3n de La Ruta de la Sal. &nbsp; &nbsp; &nbsp; El \u00abSpock\u00bb de Thomas [&hellip;]<\/p>\n","protected":false},"author":1,"featured_media":3622,"comment_status":"open","ping_status":"open","sticky":false,"template":"","format":"standard","meta":{"_acf_changed":false,"footnotes":""},"categories":[3],"tags":[],"acf":[],"yoast_head":"<!-- This site is optimized with the Yoast SEO plugin v23.0 - https:\/\/yoast.com\/wordpress\/plugins\/seo\/ -->\n<title>&quot;Spock&quot; de Thomas Shumacher ganador en Tiempo Real de la nueva Versi\u00f3n Oeste de La Ruta de la Sal | Regata La Ruta de la Sal<\/title>\n<meta name=\"robots\" content=\"noindex, follow, max-snippet:-1, max-image-preview:large, max-video-preview:-1\" \/>\n<meta property=\"og:locale\" content=\"es_ES\" \/>\n<meta property=\"og:type\" content=\"article\" \/>\n<meta property=\"og:title\" content=\"&quot;Spock&quot; de Thomas Shumacher ganador en Tiempo Real de la nueva Versi\u00f3n Oeste de La Ruta de la Sal | Regata La Ruta de la Sal\" \/>\n<meta property=\"og:description\" content=\"&nbsp; &#8211; \u00abCARO\u00bb, \u00abAlzira Moraira\u00bb y \u00abSpock\u00bb ganadores en Tiempo Real de la Sal 2017. &nbsp; -. El \u00abCaro\u00bb de Maximilian Klink, fue, a las 11:19:28 h de hoy, el primer barco en cruzar la l\u00ednea de llegada de la 30 edici\u00f3n de La Ruta de la Sal. &nbsp; &nbsp; &nbsp; El \u00abSpock\u00bb de Thomas [&hellip;]\" \/>\n<meta property=\"og:url\" content=\"https:\/\/labs.100x100.net\/projects\/rutasal\/spock-de-thomas-shumacher-ganador-en-tiempo-real-de-la-nueva-version-oeste-de-la-ruta-de-la-sal\/\" \/>\n<meta property=\"og:site_name\" content=\"Regata La Ruta de la Sal\" \/>\n<meta property=\"article:publisher\" content=\"https:\/\/www.facebook.com\/rutadelasal\/\" \/>\n<meta property=\"article:published_time\" content=\"2017-04-14T14:31:58+00:00\" \/>\n<meta property=\"article:modified_time\" content=\"2019-03-08T08:16:02+00:00\" \/>\n<meta property=\"og:image\" content=\"https:\/\/labs.100x100.net\/projects\/rutasal\/custom\/uploads\/2017\/04\/33648763250_2f5b312a08_z.jpg\" \/>\n\t<meta property=\"og:image:width\" content=\"640\" \/>\n\t<meta property=\"og:image:height\" content=\"488\" \/>\n\t<meta property=\"og:image:type\" content=\"image\/jpeg\" \/>\n<meta name=\"author\" content=\"La Ruta de la Sal\" \/>\n<meta name=\"twitter:card\" content=\"summary_large_image\" \/>\n<meta name=\"twitter:creator\" content=\"@AnamMedi\" \/>\n<meta name=\"twitter:site\" content=\"@AnamMedi\" \/>\n<meta name=\"twitter:label1\" content=\"Escrito por\" \/>\n\t<meta name=\"twitter:data1\" content=\"La Ruta de la Sal\" \/>\n\t<meta name=\"twitter:label2\" content=\"Tiempo de lectura\" \/>\n\t<meta name=\"twitter:data2\" content=\"2 minutos\" \/>\n<script type=\"application\/ld+json\" class=\"yoast-schema-graph\">{\"@context\":\"https:\/\/schema.org\",\"@graph\":[{\"@type\":\"WebPage\",\"@id\":\"https:\/\/labs.100x100.net\/projects\/rutasal\/spock-de-thomas-shumacher-ganador-en-tiempo-real-de-la-nueva-version-oeste-de-la-ruta-de-la-sal\/\",\"url\":\"https:\/\/labs.100x100.net\/projects\/rutasal\/spock-de-thomas-shumacher-ganador-en-tiempo-real-de-la-nueva-version-oeste-de-la-ruta-de-la-sal\/\",\"name\":\"\\\"Spock\\\" de Thomas Shumacher ganador en Tiempo Real de la nueva Versi\u00f3n Oeste de La Ruta de la Sal | Regata La Ruta de la Sal\",\"isPartOf\":{\"@id\":\"https:\/\/labs.100x100.net\/projects\/rutasal\/#website\"},\"primaryImageOfPage\":{\"@id\":\"https:\/\/labs.100x100.net\/projects\/rutasal\/spock-de-thomas-shumacher-ganador-en-tiempo-real-de-la-nueva-version-oeste-de-la-ruta-de-la-sal\/#primaryimage\"},\"image\":{\"@id\":\"https:\/\/labs.100x100.net\/projects\/rutasal\/spock-de-thomas-shumacher-ganador-en-tiempo-real-de-la-nueva-version-oeste-de-la-ruta-de-la-sal\/#primaryimage\"},\"thumbnailUrl\":\"https:\/\/labs.100x100.net\/projects\/rutasal\/custom\/uploads\/2017\/04\/33648763250_2f5b312a08_z.jpg\",\"datePublished\":\"2017-04-14T14:31:58+00:00\",\"dateModified\":\"2019-03-08T08:16:02+00:00\",\"author\":{\"@id\":\"https:\/\/labs.100x100.net\/projects\/rutasal\/#\/schema\/person\/214eeb4a2e78fd8373a0a94f6d93c9ca\"},\"breadcrumb\":{\"@id\":\"https:\/\/labs.100x100.net\/projects\/rutasal\/spock-de-thomas-shumacher-ganador-en-tiempo-real-de-la-nueva-version-oeste-de-la-ruta-de-la-sal\/#breadcrumb\"},\"inLanguage\":\"es\",\"potentialAction\":[{\"@type\":\"ReadAction\",\"target\":[\"https:\/\/labs.100x100.net\/projects\/rutasal\/spock-de-thomas-shumacher-ganador-en-tiempo-real-de-la-nueva-version-oeste-de-la-ruta-de-la-sal\/\"]}]},{\"@type\":\"ImageObject\",\"inLanguage\":\"es\",\"@id\":\"https:\/\/labs.100x100.net\/projects\/rutasal\/spock-de-thomas-shumacher-ganador-en-tiempo-real-de-la-nueva-version-oeste-de-la-ruta-de-la-sal\/#primaryimage\",\"url\":\"https:\/\/labs.100x100.net\/projects\/rutasal\/custom\/uploads\/2017\/04\/33648763250_2f5b312a08_z.jpg\",\"contentUrl\":\"https:\/\/labs.100x100.net\/projects\/rutasal\/custom\/uploads\/2017\/04\/33648763250_2f5b312a08_z.jpg\",\"width\":640,\"height\":488},{\"@type\":\"BreadcrumbList\",\"@id\":\"https:\/\/labs.100x100.net\/projects\/rutasal\/spock-de-thomas-shumacher-ganador-en-tiempo-real-de-la-nueva-version-oeste-de-la-ruta-de-la-sal\/#breadcrumb\",\"itemListElement\":[{\"@type\":\"ListItem\",\"position\":1,\"name\":\"Portada\",\"item\":\"https:\/\/labs.100x100.net\/projects\/rutasal\/\"},{\"@type\":\"ListItem\",\"position\":2,\"name\":\"\u00abSpock\u00bb de Thomas Shumacher ganador en Tiempo Real de la nueva Versi\u00f3n Oeste de La Ruta de la Sal\"}]},{\"@type\":\"WebSite\",\"@id\":\"https:\/\/labs.100x100.net\/projects\/rutasal\/#website\",\"url\":\"https:\/\/labs.100x100.net\/projects\/rutasal\/\",\"name\":\"Regata La Ruta de la Sal\",\"description\":\"Regata La Ruta de la Sal es una regata de Altura Mediterr\u00e1nea para barcos de crucero a vela con destino en Ibiza, que se disputa anualmente en Semana Santa.\",\"potentialAction\":[{\"@type\":\"SearchAction\",\"target\":{\"@type\":\"EntryPoint\",\"urlTemplate\":\"https:\/\/labs.100x100.net\/projects\/rutasal\/?s={search_term_string}\"},\"query-input\":\"required name=search_term_string\"}],\"inLanguage\":\"es\"},{\"@type\":\"Person\",\"@id\":\"https:\/\/labs.100x100.net\/projects\/rutasal\/#\/schema\/person\/214eeb4a2e78fd8373a0a94f6d93c9ca\",\"name\":\"La Ruta de la Sal\",\"image\":{\"@type\":\"ImageObject\",\"inLanguage\":\"es\",\"@id\":\"https:\/\/labs.100x100.net\/projects\/rutasal\/#\/schema\/person\/image\/\",\"url\":\"https:\/\/secure.gravatar.com\/avatar\/b247286d4b801d6b1cfcfb3807587284?s=96&d=mm&r=g\",\"contentUrl\":\"https:\/\/secure.gravatar.com\/avatar\/b247286d4b801d6b1cfcfb3807587284?s=96&d=mm&r=g\",\"caption\":\"La Ruta de la Sal\"}}]}<\/script>\n<!-- \/ Yoast SEO plugin. -->","yoast_head_json":{"title":"\"Spock\" de Thomas Shumacher ganador en Tiempo Real de la nueva Versi\u00f3n Oeste de La Ruta de la Sal | Regata La Ruta de la Sal","robots":{"index":"noindex","follow":"follow","max-snippet":"max-snippet:-1","max-image-preview":"max-image-preview:large","max-video-preview":"max-video-preview:-1"},"og_locale":"es_ES","og_type":"article","og_title":"\"Spock\" de Thomas Shumacher ganador en Tiempo Real de la nueva Versi\u00f3n Oeste de La Ruta de la Sal | Regata La Ruta de la Sal","og_description":"&nbsp; &#8211; \u00abCARO\u00bb, \u00abAlzira Moraira\u00bb y \u00abSpock\u00bb ganadores en Tiempo Real de la Sal 2017. &nbsp; -. El \u00abCaro\u00bb de Maximilian Klink, fue, a las 11:19:28 h de hoy, el primer barco en cruzar la l\u00ednea de llegada de la 30 edici\u00f3n de La Ruta de la Sal. &nbsp; &nbsp; &nbsp; El \u00abSpock\u00bb de Thomas [&hellip;]","og_url":"https:\/\/labs.100x100.net\/projects\/rutasal\/spock-de-thomas-shumacher-ganador-en-tiempo-real-de-la-nueva-version-oeste-de-la-ruta-de-la-sal\/","og_site_name":"Regata La Ruta de la Sal","article_publisher":"https:\/\/www.facebook.com\/rutadelasal\/","article_published_time":"2017-04-14T14:31:58+00:00","article_modified_time":"2019-03-08T08:16:02+00:00","og_image":[{"width":640,"height":488,"url":"https:\/\/labs.100x100.net\/projects\/rutasal\/custom\/uploads\/2017\/04\/33648763250_2f5b312a08_z.jpg","type":"image\/jpeg"}],"author":"La Ruta de la Sal","twitter_card":"summary_large_image","twitter_creator":"@AnamMedi","twitter_site":"@AnamMedi","twitter_misc":{"Escrito por":"La Ruta de la Sal","Tiempo de lectura":"2 minutos"},"schema":{"@context":"https:\/\/schema.org","@graph":[{"@type":"WebPage","@id":"https:\/\/labs.100x100.net\/projects\/rutasal\/spock-de-thomas-shumacher-ganador-en-tiempo-real-de-la-nueva-version-oeste-de-la-ruta-de-la-sal\/","url":"https:\/\/labs.100x100.net\/projects\/rutasal\/spock-de-thomas-shumacher-ganador-en-tiempo-real-de-la-nueva-version-oeste-de-la-ruta-de-la-sal\/","name":"\"Spock\" de Thomas Shumacher ganador en Tiempo Real de la nueva Versi\u00f3n Oeste de La Ruta de la Sal | Regata La Ruta de la Sal","isPartOf":{"@id":"https:\/\/labs.100x100.net\/projects\/rutasal\/#website"},"primaryImageOfPage":{"@id":"https:\/\/labs.100x100.net\/projects\/rutasal\/spock-de-thomas-shumacher-ganador-en-tiempo-real-de-la-nueva-version-oeste-de-la-ruta-de-la-sal\/#primaryimage"},"image":{"@id":"https:\/\/labs.100x100.net\/projects\/rutasal\/spock-de-thomas-shumacher-ganador-en-tiempo-real-de-la-nueva-version-oeste-de-la-ruta-de-la-sal\/#primaryimage"},"thumbnailUrl":"https:\/\/labs.100x100.net\/projects\/rutasal\/custom\/uploads\/2017\/04\/33648763250_2f5b312a08_z.jpg","datePublished":"2017-04-14T14:31:58+00:00","dateModified":"2019-03-08T08:16:02+00:00","author":{"@id":"https:\/\/labs.100x100.net\/projects\/rutasal\/#\/schema\/person\/214eeb4a2e78fd8373a0a94f6d93c9ca"},"breadcrumb":{"@id":"https:\/\/labs.100x100.net\/projects\/rutasal\/spock-de-thomas-shumacher-ganador-en-tiempo-real-de-la-nueva-version-oeste-de-la-ruta-de-la-sal\/#breadcrumb"},"inLanguage":"es","potentialAction":[{"@type":"ReadAction","target":["https:\/\/labs.100x100.net\/projects\/rutasal\/spock-de-thomas-shumacher-ganador-en-tiempo-real-de-la-nueva-version-oeste-de-la-ruta-de-la-sal\/"]}]},{"@type":"ImageObject","inLanguage":"es","@id":"https:\/\/labs.100x100.net\/projects\/rutasal\/spock-de-thomas-shumacher-ganador-en-tiempo-real-de-la-nueva-version-oeste-de-la-ruta-de-la-sal\/#primaryimage","url":"https:\/\/labs.100x100.net\/projects\/rutasal\/custom\/uploads\/2017\/04\/33648763250_2f5b312a08_z.jpg","contentUrl":"https:\/\/labs.100x100.net\/projects\/rutasal\/custom\/uploads\/2017\/04\/33648763250_2f5b312a08_z.jpg","width":640,"height":488},{"@type":"BreadcrumbList","@id":"https:\/\/labs.100x100.net\/projects\/rutasal\/spock-de-thomas-shumacher-ganador-en-tiempo-real-de-la-nueva-version-oeste-de-la-ruta-de-la-sal\/#breadcrumb","itemListElement":[{"@type":"ListItem","position":1,"name":"Portada","item":"https:\/\/labs.100x100.net\/projects\/rutasal\/"},{"@type":"ListItem","position":2,"name":"\u00abSpock\u00bb de Thomas Shumacher ganador en Tiempo Real de la nueva Versi\u00f3n Oeste de La Ruta de la Sal"}]},{"@type":"WebSite","@id":"https:\/\/labs.100x100.net\/projects\/rutasal\/#website","url":"https:\/\/labs.100x100.net\/projects\/rutasal\/","name":"Regata La Ruta de la Sal","description":"Regata La Ruta de la Sal es una regata de Altura Mediterr\u00e1nea para barcos de crucero a vela con destino en Ibiza, que se disputa anualmente en Semana Santa.","potentialAction":[{"@type":"SearchAction","target":{"@type":"EntryPoint","urlTemplate":"https:\/\/labs.100x100.net\/projects\/rutasal\/?s={search_term_string}"},"query-input":"required name=search_term_string"}],"inLanguage":"es"},{"@type":"Person","@id":"https:\/\/labs.100x100.net\/projects\/rutasal\/#\/schema\/person\/214eeb4a2e78fd8373a0a94f6d93c9ca","name":"La Ruta de la Sal","image":{"@type":"ImageObject","inLanguage":"es","@id":"https:\/\/labs.100x100.net\/projects\/rutasal\/#\/schema\/person\/image\/","url":"https:\/\/secure.gravatar.com\/avatar\/b247286d4b801d6b1cfcfb3807587284?s=96&d=mm&r=g","contentUrl":"https:\/\/secure.gravatar.com\/avatar\/b247286d4b801d6b1cfcfb3807587284?s=96&d=mm&r=g","caption":"La Ruta de la Sal"}}]}},"_links":{"self":[{"href":"https:\/\/labs.100x100.net\/projects\/rutasal\/wp-json\/wp\/v2\/posts\/2609"}],"collection":[{"href":"https:\/\/labs.100x100.net\/projects\/rutasal\/wp-json\/wp\/v2\/posts"}],"about":[{"href":"https:\/\/labs.100x100.net\/projects\/rutasal\/wp-json\/wp\/v2\/types\/post"}],"author":[{"embeddable":true,"href":"https:\/\/labs.100x100.net\/projects\/rutasal\/wp-json\/wp\/v2\/users\/1"}],"replies":[{"embeddable":true,"href":"https:\/\/labs.100x100.net\/projects\/rutasal\/wp-json\/wp\/v2\/comments?post=2609"}],"version-history":[{"count":2,"href":"https:\/\/labs.100x100.net\/projects\/rutasal\/wp-json\/wp\/v2\/posts\/2609\/revisions"}],"predecessor-version":[{"id":3623,"href":"https:\/\/labs.100x100.net\/projects\/rutasal\/wp-json\/wp\/v2\/posts\/2609\/revisions\/3623"}],"wp:featuredmedia":[{"embeddable":true,"href":"https:\/\/labs.100x100.net\/projects\/rutasal\/wp-json\/wp\/v2\/media\/3622"}],"wp:attachment":[{"href":"https:\/\/labs.100x100.net\/projects\/rutasal\/wp-json\/wp\/v2\/media?parent=2609"}],"wp:term":[{"taxonomy":"category","embeddable":true,"href":"https:\/\/labs.100x100.net\/projects\/rutasal\/wp-json\/wp\/v2\/categories?post=2609"},{"taxonomy":"post_tag","embeddable":true,"href":"https:\/\/labs.100x100.net\/projects\/rutasal\/wp-json\/wp\/v2\/tags?post=2609"}],"curies":[{"name":"wp","href":"https:\/\/api.w.org\/{rel}","templated":true}]}}