{"id":2596,"date":"2017-04-14T12:26:42","date_gmt":"2017-04-14T10:26:42","guid":{"rendered":"https:\/\/larutadelasal.com\/?p=2596"},"modified":"2019-03-08T10:16:43","modified_gmt":"2019-03-08T08:16:43","slug":"caro-y-alzira-moraira-ganadores-en-tiempo-real-de-la-version-norte-y-la-version-este-de-la-sal-2017","status":"publish","type":"post","link":"https:\/\/labs.100x100.net\/projects\/rutasal\/caro-y-alzira-moraira-ganadores-en-tiempo-real-de-la-version-norte-y-la-version-este-de-la-sal-2017\/","title":{"rendered":"\u00abCARO\u00bb y \u00abAlzira Moraira\u00bb ganadores en Tiempo Real de la Versi\u00f3n Norte y la Versi\u00f3n Este de la Sal 2017."},"content":{"rendered":"<p><a title=\"logorutadelasal\" href=\"#\" rel=\"\"><img loading=\"lazy\" decoding=\"async\" class=\"aligncenter\" title=\"logorutadelasal\" src=\"http:\/\/farm3.staticflickr.com\/2941\/33851587792_3d39a8ebf4_o.jpg\" alt=\"logorutadelasal\" width=\"320\" height=\"196\" \/><\/a><\/p>\n<p>&nbsp;<\/p>\n<h2 style=\"text-align: left;\"><strong>\u00a0-\u00abCARO\u00bb y \u00abAlzira Moraira\u00bb ganadores en Tiempo Real de la Versi\u00f3n\u00a0<\/strong><strong>Norte y la Versi\u00f3n Este de la Sal 2017.<\/strong><\/h2>\n<h2 style=\"text-align: left;\"><\/h2>\n<p>&nbsp;<\/p>\n<h2 style=\"text-align: left;\"><strong>&#8211; El \u00abCaro\u00bb de Maximilian Klink, primer barco de la 30 Ruta de La Sal en\u00a0<\/strong><strong>cruzar la l\u00ednea de llegada.<\/strong><\/h2>\n<h2 style=\"text-align: left;\"><\/h2>\n<p>&nbsp;<\/p>\n<h2 style=\"text-align: left;\"><strong>-\u00abAlzira Moraira\u00bb de Agust\u00edn Gregori, vencedor en Tiempo Real de la\u00a0<\/strong><strong>Versi\u00f3n Este de La Sal.<\/strong><\/h2>\n<p>&nbsp;<\/p>\n<p><a title=\"30 Edici\u00f3n de La Ruta de La Sal 2017\" href=\"#\" target=\"_blank\" rel=\"noopener\"><img loading=\"lazy\" decoding=\"async\" class=\"alignnone\" title=\"30 Edici\u00f3n de La Ruta de La Sal 2017\" src=\"http:\/\/farm3.staticflickr.com\/2838\/33875057382_3034bdb2fd_z.jpg\" alt=\"30 Edici\u00f3n de La Ruta de La Sal 2017\" width=\"640\" height=\"488\" \/><\/a><\/p>\n<p>El armador alem\u00e1n Maximil\u00edan Klink, con su Bot\u00edn 65 \u00abCaro\u00bb ha sido, <strong>una vez m\u00e1s el barco m\u00e1s r\u00e1pido en recorrer las 140 millas desde Port Ginesta hasta Sant Antoni-Ibiza, proclam\u00e1ndose vencedor en Tiempo Real<\/strong> de esta largada de la regata, siendo, tambi\u00e9n, el primer barco de todas las flotas participantes en cruzar , a las 11:19:28 h de hoy, 14 de abril del 2017, la l\u00ednea de llegada en Cap Negret, tras \u00e9l, a las 11:42:45 h. entr\u00f3 el Baltic 61 \u00abClajasan\u00bb de Francisco Churtichaga del RCN de Barcelona.<\/p>\n<p>Cabe destacar que \u00abCaro\u00bb ya fue vencedor absoluto en Version Norte de La Sal 2016, en la que acumul\u00f3 las victorias en Tiempo Real y Compensado, lo que, de antemano, lo dibujaba como uno de los favoritos de cara a esta 30 edici\u00f3n de La Sal.<\/p>\n<p>Con este resultado, Maximil\u00edan Klink se convierte en uno de los armadores con mejor historial deportivo en la regata. Al margen de los registros antes comentados, en el 2007, fue vencedor absoluto en tiempo real y compensado, lo que le convirti\u00f3 en el primer equipo extranjero que lograba vencer en la regata. En el 2011, con su J&amp;V50 \u201cCaro\u201d fue el m\u00e1s r\u00e1pido en cubrir las 140 millas desde Port Ginesta hasta San Antoni de Portmany con un registro, de tan solo 13 horas, 18 minutos y 54 segundos. Acreditando una velocidad media durante toda traves\u00eda superior a los 10,70 nudos. Estableciendo un r\u00e9cord para esta singladura que, normalmente, ser\u00e1 muy dif\u00edcil de superar.<\/p>\n<p><a title=\"30 Edici\u00f3n de La Ruta de La Sal 2017\" href=\"#\" target=\"_blank\" rel=\"noopener\"><img loading=\"lazy\" decoding=\"async\" class=\"alignnone\" title=\"30 Edici\u00f3n de La Ruta de La Sal 2017\" src=\"http:\/\/farm3.staticflickr.com\/2947\/33902628801_f890879bdd_n.jpg\" alt=\"30 Edici\u00f3n de La Ruta de La Sal 2017\" width=\"320\" height=\"244\" \/><\/a><a title=\"30 Edici\u00f3n de La Ruta de La Sal 2017\" href=\"#\" target=\"_blank\" rel=\"noopener\"><img loading=\"lazy\" decoding=\"async\" class=\"alignnone\" title=\"30 Edici\u00f3n de La Ruta de La Sal 2017\" src=\"http:\/\/farm3.staticflickr.com\/2911\/33875058652_beb76f654e_n.jpg\" alt=\"30 Edici\u00f3n de La Ruta de La Sal 2017\" width=\"320\" height=\"244\" \/><\/a><\/p>\n<p><strong>El Swan 75, \u00abAlzira Moraira\u00bb de Agust\u00edn Gregori de CN de Moraira, ha sido, al cruzar la l\u00ednea de llegada a las 11:59:51 h., el barco m\u00e1s r\u00e1pido de la Versi\u00f3n Este de La Sal 2017, proclam\u00e1ndose vencedor el Tiempo Real<\/strong> de este recorrido de 120 millas desde Denia a Sant Antoni de Portmany tomando Formentera por babor, la Isla de Tagomago y, navegando por la costa norte de Ibiza, llegar hasta Cap Negret. A las 12:28:22 h. ha cruzado la l\u00ednea en segunda posici\u00f3n en tiempo real de esta Versi\u00f3n Este en Swan 42 \u00abBrujo\u00bb, de Alberto Castro del RCN de Valencia.<\/p>\n<p>A la hora de editar esta informaci\u00f3n se registra en la zona de la llegada de la regata, en Cap Negret, un viento de N \/ NE de unos 7\/ 8 nudos bastante entablado lo que permite que poco a poco los equipos en competici\u00f3n se vayan acercando al tramo final de la regata, adelantando, para las pr\u00f3ximas horas, una entrada bastante masiva de embarcaciones, lo que, sin duda alguna tendr\u00e1 un peso importante de cara a las clasificaciones generales de esta 30 edici\u00f3n de la Ruta de La Sal &#8211; Trofeo Pepe Ferres.<\/p>\n<p><strong>El primer participante de la Versi\u00f3n Oeste con salida en Puerto de Andraxt, que, en principio, es el \u00abClem\u00bb de Jaime Olazabal se encuentra entre Es Ver\u00e1 y Cap Negret, estim\u00e1ndose que podr\u00eda cruzar la l\u00ednea de llegada en poco tiempo.<\/strong><br \/>\nPara ma\u00f1ana s\u00e1bado 15 de abril el programa de actividades de La Sal prev\u00e9, a las 12:00 h una Rueda de Prensa con los vencedores de la regata. A las 13:00 h est\u00e1 prevista la inauguraci\u00f3n para los regatistas de la Exposici\u00f3n de \u00ab30 A\u00f1os de La Sal\u00bb dando paso, a continuaci\u00f3n, a un aperitivo ibicenco ofrecido por el Ajuntament de St. Antoni, en el jard\u00edn de entrada del Faro. A las 20:00 h el Acto Oficial de Entrega de Trofeos en la Carpa de La Sal y, finalmente a partir de las 21:00 h la Cena \u2013 Bufet para todas las tripulaciones que tendr\u00e1 lugar en el Restaurante Es Nautic, en el Club N\u00e1utico, que terminar\u00e1 con Fiesta del 30 Aniversario de La Sal.<\/p>\n","protected":false},"excerpt":{"rendered":"<p>&nbsp; \u00a0-\u00abCARO\u00bb y \u00abAlzira Moraira\u00bb ganadores en Tiempo Real de la Versi\u00f3n\u00a0Norte y la Versi\u00f3n Este de la Sal 2017. &nbsp; &#8211; El \u00abCaro\u00bb de Maximilian Klink, primer barco de la 30 Ruta de La Sal en\u00a0cruzar la l\u00ednea de llegada. &nbsp; -\u00abAlzira Moraira\u00bb de Agust\u00edn Gregori, vencedor en Tiempo Real de la\u00a0Versi\u00f3n Este de [&hellip;]<\/p>\n","protected":false},"author":1,"featured_media":3624,"comment_status":"open","ping_status":"open","sticky":false,"template":"","format":"standard","meta":{"_acf_changed":false,"footnotes":""},"categories":[3],"tags":[],"acf":[],"yoast_head":"<!-- This site is optimized with the Yoast SEO plugin v23.0 - https:\/\/yoast.com\/wordpress\/plugins\/seo\/ -->\n<title>&quot;CARO&quot; y &quot;Alzira Moraira&quot; ganadores en Tiempo Real de la Versi\u00f3n Norte y la Versi\u00f3n Este de la Sal 2017. | Regata La Ruta de la Sal<\/title>\n<meta name=\"robots\" content=\"noindex, follow, max-snippet:-1, max-image-preview:large, max-video-preview:-1\" \/>\n<meta property=\"og:locale\" content=\"es_ES\" \/>\n<meta property=\"og:type\" content=\"article\" \/>\n<meta property=\"og:title\" content=\"&quot;CARO&quot; y &quot;Alzira Moraira&quot; ganadores en Tiempo Real de la Versi\u00f3n Norte y la Versi\u00f3n Este de la Sal 2017. | Regata La Ruta de la Sal\" \/>\n<meta property=\"og:description\" content=\"&nbsp; \u00a0-\u00abCARO\u00bb y \u00abAlzira Moraira\u00bb ganadores en Tiempo Real de la Versi\u00f3n\u00a0Norte y la Versi\u00f3n Este de la Sal 2017. &nbsp; &#8211; El \u00abCaro\u00bb de Maximilian Klink, primer barco de la 30 Ruta de La Sal en\u00a0cruzar la l\u00ednea de llegada. &nbsp; -\u00abAlzira Moraira\u00bb de Agust\u00edn Gregori, vencedor en Tiempo Real de la\u00a0Versi\u00f3n Este de [&hellip;]\" \/>\n<meta property=\"og:url\" content=\"https:\/\/labs.100x100.net\/projects\/rutasal\/caro-y-alzira-moraira-ganadores-en-tiempo-real-de-la-version-norte-y-la-version-este-de-la-sal-2017\/\" \/>\n<meta property=\"og:site_name\" content=\"Regata La Ruta de la Sal\" \/>\n<meta property=\"article:publisher\" content=\"https:\/\/www.facebook.com\/rutadelasal\/\" \/>\n<meta property=\"article:published_time\" content=\"2017-04-14T10:26:42+00:00\" \/>\n<meta property=\"article:modified_time\" content=\"2019-03-08T08:16:43+00:00\" \/>\n<meta property=\"og:image\" content=\"https:\/\/labs.100x100.net\/projects\/rutasal\/custom\/uploads\/2017\/04\/33875057382_3034bdb2fd_z.jpg\" \/>\n\t<meta property=\"og:image:width\" content=\"640\" \/>\n\t<meta property=\"og:image:height\" content=\"488\" \/>\n\t<meta property=\"og:image:type\" content=\"image\/jpeg\" \/>\n<meta name=\"author\" content=\"La Ruta de la Sal\" \/>\n<meta name=\"twitter:card\" content=\"summary_large_image\" \/>\n<meta name=\"twitter:creator\" content=\"@AnamMedi\" \/>\n<meta name=\"twitter:site\" content=\"@AnamMedi\" \/>\n<meta name=\"twitter:label1\" content=\"Escrito por\" \/>\n\t<meta name=\"twitter:data1\" content=\"La Ruta de la Sal\" \/>\n\t<meta name=\"twitter:label2\" content=\"Tiempo de lectura\" \/>\n\t<meta name=\"twitter:data2\" content=\"3 minutos\" \/>\n<script type=\"application\/ld+json\" class=\"yoast-schema-graph\">{\"@context\":\"https:\/\/schema.org\",\"@graph\":[{\"@type\":\"WebPage\",\"@id\":\"https:\/\/labs.100x100.net\/projects\/rutasal\/caro-y-alzira-moraira-ganadores-en-tiempo-real-de-la-version-norte-y-la-version-este-de-la-sal-2017\/\",\"url\":\"https:\/\/labs.100x100.net\/projects\/rutasal\/caro-y-alzira-moraira-ganadores-en-tiempo-real-de-la-version-norte-y-la-version-este-de-la-sal-2017\/\",\"name\":\"\\\"CARO\\\" y \\\"Alzira Moraira\\\" ganadores en Tiempo Real de la Versi\u00f3n Norte y la Versi\u00f3n Este de la Sal 2017. | Regata La Ruta de la Sal\",\"isPartOf\":{\"@id\":\"https:\/\/labs.100x100.net\/projects\/rutasal\/#website\"},\"primaryImageOfPage\":{\"@id\":\"https:\/\/labs.100x100.net\/projects\/rutasal\/caro-y-alzira-moraira-ganadores-en-tiempo-real-de-la-version-norte-y-la-version-este-de-la-sal-2017\/#primaryimage\"},\"image\":{\"@id\":\"https:\/\/labs.100x100.net\/projects\/rutasal\/caro-y-alzira-moraira-ganadores-en-tiempo-real-de-la-version-norte-y-la-version-este-de-la-sal-2017\/#primaryimage\"},\"thumbnailUrl\":\"https:\/\/labs.100x100.net\/projects\/rutasal\/custom\/uploads\/2017\/04\/33875057382_3034bdb2fd_z.jpg\",\"datePublished\":\"2017-04-14T10:26:42+00:00\",\"dateModified\":\"2019-03-08T08:16:43+00:00\",\"author\":{\"@id\":\"https:\/\/labs.100x100.net\/projects\/rutasal\/#\/schema\/person\/214eeb4a2e78fd8373a0a94f6d93c9ca\"},\"breadcrumb\":{\"@id\":\"https:\/\/labs.100x100.net\/projects\/rutasal\/caro-y-alzira-moraira-ganadores-en-tiempo-real-de-la-version-norte-y-la-version-este-de-la-sal-2017\/#breadcrumb\"},\"inLanguage\":\"es\",\"potentialAction\":[{\"@type\":\"ReadAction\",\"target\":[\"https:\/\/labs.100x100.net\/projects\/rutasal\/caro-y-alzira-moraira-ganadores-en-tiempo-real-de-la-version-norte-y-la-version-este-de-la-sal-2017\/\"]}]},{\"@type\":\"ImageObject\",\"inLanguage\":\"es\",\"@id\":\"https:\/\/labs.100x100.net\/projects\/rutasal\/caro-y-alzira-moraira-ganadores-en-tiempo-real-de-la-version-norte-y-la-version-este-de-la-sal-2017\/#primaryimage\",\"url\":\"https:\/\/labs.100x100.net\/projects\/rutasal\/custom\/uploads\/2017\/04\/33875057382_3034bdb2fd_z.jpg\",\"contentUrl\":\"https:\/\/labs.100x100.net\/projects\/rutasal\/custom\/uploads\/2017\/04\/33875057382_3034bdb2fd_z.jpg\",\"width\":640,\"height\":488},{\"@type\":\"BreadcrumbList\",\"@id\":\"https:\/\/labs.100x100.net\/projects\/rutasal\/caro-y-alzira-moraira-ganadores-en-tiempo-real-de-la-version-norte-y-la-version-este-de-la-sal-2017\/#breadcrumb\",\"itemListElement\":[{\"@type\":\"ListItem\",\"position\":1,\"name\":\"Portada\",\"item\":\"https:\/\/labs.100x100.net\/projects\/rutasal\/\"},{\"@type\":\"ListItem\",\"position\":2,\"name\":\"\u00abCARO\u00bb y \u00abAlzira Moraira\u00bb ganadores en Tiempo Real de la Versi\u00f3n Norte y la Versi\u00f3n Este de la Sal 2017.\"}]},{\"@type\":\"WebSite\",\"@id\":\"https:\/\/labs.100x100.net\/projects\/rutasal\/#website\",\"url\":\"https:\/\/labs.100x100.net\/projects\/rutasal\/\",\"name\":\"Regata La Ruta de la Sal\",\"description\":\"Regata La Ruta de la Sal es una regata de Altura Mediterr\u00e1nea para barcos de crucero a vela con destino en Ibiza, que se disputa anualmente en Semana Santa.\",\"potentialAction\":[{\"@type\":\"SearchAction\",\"target\":{\"@type\":\"EntryPoint\",\"urlTemplate\":\"https:\/\/labs.100x100.net\/projects\/rutasal\/?s={search_term_string}\"},\"query-input\":\"required name=search_term_string\"}],\"inLanguage\":\"es\"},{\"@type\":\"Person\",\"@id\":\"https:\/\/labs.100x100.net\/projects\/rutasal\/#\/schema\/person\/214eeb4a2e78fd8373a0a94f6d93c9ca\",\"name\":\"La Ruta de la Sal\",\"image\":{\"@type\":\"ImageObject\",\"inLanguage\":\"es\",\"@id\":\"https:\/\/labs.100x100.net\/projects\/rutasal\/#\/schema\/person\/image\/\",\"url\":\"https:\/\/secure.gravatar.com\/avatar\/b247286d4b801d6b1cfcfb3807587284?s=96&d=mm&r=g\",\"contentUrl\":\"https:\/\/secure.gravatar.com\/avatar\/b247286d4b801d6b1cfcfb3807587284?s=96&d=mm&r=g\",\"caption\":\"La Ruta de la Sal\"}}]}<\/script>\n<!-- \/ Yoast SEO plugin. -->","yoast_head_json":{"title":"\"CARO\" y \"Alzira Moraira\" ganadores en Tiempo Real de la Versi\u00f3n Norte y la Versi\u00f3n Este de la Sal 2017. | Regata La Ruta de la Sal","robots":{"index":"noindex","follow":"follow","max-snippet":"max-snippet:-1","max-image-preview":"max-image-preview:large","max-video-preview":"max-video-preview:-1"},"og_locale":"es_ES","og_type":"article","og_title":"\"CARO\" y \"Alzira Moraira\" ganadores en Tiempo Real de la Versi\u00f3n Norte y la Versi\u00f3n Este de la Sal 2017. | Regata La Ruta de la Sal","og_description":"&nbsp; \u00a0-\u00abCARO\u00bb y \u00abAlzira Moraira\u00bb ganadores en Tiempo Real de la Versi\u00f3n\u00a0Norte y la Versi\u00f3n Este de la Sal 2017. &nbsp; &#8211; El \u00abCaro\u00bb de Maximilian Klink, primer barco de la 30 Ruta de La Sal en\u00a0cruzar la l\u00ednea de llegada. &nbsp; -\u00abAlzira Moraira\u00bb de Agust\u00edn Gregori, vencedor en Tiempo Real de la\u00a0Versi\u00f3n Este de [&hellip;]","og_url":"https:\/\/labs.100x100.net\/projects\/rutasal\/caro-y-alzira-moraira-ganadores-en-tiempo-real-de-la-version-norte-y-la-version-este-de-la-sal-2017\/","og_site_name":"Regata La Ruta de la Sal","article_publisher":"https:\/\/www.facebook.com\/rutadelasal\/","article_published_time":"2017-04-14T10:26:42+00:00","article_modified_time":"2019-03-08T08:16:43+00:00","og_image":[{"width":640,"height":488,"url":"https:\/\/labs.100x100.net\/projects\/rutasal\/custom\/uploads\/2017\/04\/33875057382_3034bdb2fd_z.jpg","type":"image\/jpeg"}],"author":"La Ruta de la Sal","twitter_card":"summary_large_image","twitter_creator":"@AnamMedi","twitter_site":"@AnamMedi","twitter_misc":{"Escrito por":"La Ruta de la Sal","Tiempo de lectura":"3 minutos"},"schema":{"@context":"https:\/\/schema.org","@graph":[{"@type":"WebPage","@id":"https:\/\/labs.100x100.net\/projects\/rutasal\/caro-y-alzira-moraira-ganadores-en-tiempo-real-de-la-version-norte-y-la-version-este-de-la-sal-2017\/","url":"https:\/\/labs.100x100.net\/projects\/rutasal\/caro-y-alzira-moraira-ganadores-en-tiempo-real-de-la-version-norte-y-la-version-este-de-la-sal-2017\/","name":"\"CARO\" y \"Alzira Moraira\" ganadores en Tiempo Real de la Versi\u00f3n Norte y la Versi\u00f3n Este de la Sal 2017. | Regata La Ruta de la Sal","isPartOf":{"@id":"https:\/\/labs.100x100.net\/projects\/rutasal\/#website"},"primaryImageOfPage":{"@id":"https:\/\/labs.100x100.net\/projects\/rutasal\/caro-y-alzira-moraira-ganadores-en-tiempo-real-de-la-version-norte-y-la-version-este-de-la-sal-2017\/#primaryimage"},"image":{"@id":"https:\/\/labs.100x100.net\/projects\/rutasal\/caro-y-alzira-moraira-ganadores-en-tiempo-real-de-la-version-norte-y-la-version-este-de-la-sal-2017\/#primaryimage"},"thumbnailUrl":"https:\/\/labs.100x100.net\/projects\/rutasal\/custom\/uploads\/2017\/04\/33875057382_3034bdb2fd_z.jpg","datePublished":"2017-04-14T10:26:42+00:00","dateModified":"2019-03-08T08:16:43+00:00","author":{"@id":"https:\/\/labs.100x100.net\/projects\/rutasal\/#\/schema\/person\/214eeb4a2e78fd8373a0a94f6d93c9ca"},"breadcrumb":{"@id":"https:\/\/labs.100x100.net\/projects\/rutasal\/caro-y-alzira-moraira-ganadores-en-tiempo-real-de-la-version-norte-y-la-version-este-de-la-sal-2017\/#breadcrumb"},"inLanguage":"es","potentialAction":[{"@type":"ReadAction","target":["https:\/\/labs.100x100.net\/projects\/rutasal\/caro-y-alzira-moraira-ganadores-en-tiempo-real-de-la-version-norte-y-la-version-este-de-la-sal-2017\/"]}]},{"@type":"ImageObject","inLanguage":"es","@id":"https:\/\/labs.100x100.net\/projects\/rutasal\/caro-y-alzira-moraira-ganadores-en-tiempo-real-de-la-version-norte-y-la-version-este-de-la-sal-2017\/#primaryimage","url":"https:\/\/labs.100x100.net\/projects\/rutasal\/custom\/uploads\/2017\/04\/33875057382_3034bdb2fd_z.jpg","contentUrl":"https:\/\/labs.100x100.net\/projects\/rutasal\/custom\/uploads\/2017\/04\/33875057382_3034bdb2fd_z.jpg","width":640,"height":488},{"@type":"BreadcrumbList","@id":"https:\/\/labs.100x100.net\/projects\/rutasal\/caro-y-alzira-moraira-ganadores-en-tiempo-real-de-la-version-norte-y-la-version-este-de-la-sal-2017\/#breadcrumb","itemListElement":[{"@type":"ListItem","position":1,"name":"Portada","item":"https:\/\/labs.100x100.net\/projects\/rutasal\/"},{"@type":"ListItem","position":2,"name":"\u00abCARO\u00bb y \u00abAlzira Moraira\u00bb ganadores en Tiempo Real de la Versi\u00f3n Norte y la Versi\u00f3n Este de la Sal 2017."}]},{"@type":"WebSite","@id":"https:\/\/labs.100x100.net\/projects\/rutasal\/#website","url":"https:\/\/labs.100x100.net\/projects\/rutasal\/","name":"Regata La Ruta de la Sal","description":"Regata La Ruta de la Sal es una regata de Altura Mediterr\u00e1nea para barcos de crucero a vela con destino en Ibiza, que se disputa anualmente en Semana Santa.","potentialAction":[{"@type":"SearchAction","target":{"@type":"EntryPoint","urlTemplate":"https:\/\/labs.100x100.net\/projects\/rutasal\/?s={search_term_string}"},"query-input":"required name=search_term_string"}],"inLanguage":"es"},{"@type":"Person","@id":"https:\/\/labs.100x100.net\/projects\/rutasal\/#\/schema\/person\/214eeb4a2e78fd8373a0a94f6d93c9ca","name":"La Ruta de la Sal","image":{"@type":"ImageObject","inLanguage":"es","@id":"https:\/\/labs.100x100.net\/projects\/rutasal\/#\/schema\/person\/image\/","url":"https:\/\/secure.gravatar.com\/avatar\/b247286d4b801d6b1cfcfb3807587284?s=96&d=mm&r=g","contentUrl":"https:\/\/secure.gravatar.com\/avatar\/b247286d4b801d6b1cfcfb3807587284?s=96&d=mm&r=g","caption":"La Ruta de la Sal"}}]}},"_links":{"self":[{"href":"https:\/\/labs.100x100.net\/projects\/rutasal\/wp-json\/wp\/v2\/posts\/2596"}],"collection":[{"href":"https:\/\/labs.100x100.net\/projects\/rutasal\/wp-json\/wp\/v2\/posts"}],"about":[{"href":"https:\/\/labs.100x100.net\/projects\/rutasal\/wp-json\/wp\/v2\/types\/post"}],"author":[{"embeddable":true,"href":"https:\/\/labs.100x100.net\/projects\/rutasal\/wp-json\/wp\/v2\/users\/1"}],"replies":[{"embeddable":true,"href":"https:\/\/labs.100x100.net\/projects\/rutasal\/wp-json\/wp\/v2\/comments?post=2596"}],"version-history":[{"count":2,"href":"https:\/\/labs.100x100.net\/projects\/rutasal\/wp-json\/wp\/v2\/posts\/2596\/revisions"}],"predecessor-version":[{"id":3625,"href":"https:\/\/labs.100x100.net\/projects\/rutasal\/wp-json\/wp\/v2\/posts\/2596\/revisions\/3625"}],"wp:featuredmedia":[{"embeddable":true,"href":"https:\/\/labs.100x100.net\/projects\/rutasal\/wp-json\/wp\/v2\/media\/3624"}],"wp:attachment":[{"href":"https:\/\/labs.100x100.net\/projects\/rutasal\/wp-json\/wp\/v2\/media?parent=2596"}],"wp:term":[{"taxonomy":"category","embeddable":true,"href":"https:\/\/labs.100x100.net\/projects\/rutasal\/wp-json\/wp\/v2\/categories?post=2596"},{"taxonomy":"post_tag","embeddable":true,"href":"https:\/\/labs.100x100.net\/projects\/rutasal\/wp-json\/wp\/v2\/tags?post=2596"}],"curies":[{"name":"wp","href":"https:\/\/api.w.org\/{rel}","templated":true}]}}