{"id":2582,"date":"2017-04-14T09:42:57","date_gmt":"2017-04-14T07:42:57","guid":{"rendered":"https:\/\/larutadelasal.com\/?p=2582"},"modified":"2019-03-08T10:17:36","modified_gmt":"2019-03-08T08:17:36","slug":"la-falta-de-viento-retrasa-muy-sensiblemente-la-llegada-de-los-participantes-de-la-30-ruta-de-la-sal-a-sant-antoni-de-portmany","status":"publish","type":"post","link":"https:\/\/labs.100x100.net\/projects\/rutasal\/la-falta-de-viento-retrasa-muy-sensiblemente-la-llegada-de-los-participantes-de-la-30-ruta-de-la-sal-a-sant-antoni-de-portmany\/","title":{"rendered":"La falta de viento, retrasa muy sensiblemente \u00a0la llegada de los participantes de la \u00a030 Ruta de La Sal, a Sant Antoni de Portmany"},"content":{"rendered":"<p><a title=\"30 Edici\u00f3n de La Ruta de La Sal 2017\" href=\"#\" rel=\"\"><img loading=\"lazy\" decoding=\"async\" title=\"30 Edici\u00f3n de La Ruta de La Sal 2017\" src=\"http:\/\/farm3.staticflickr.com\/2899\/34027914965_a29b820858_z.jpg\" alt=\"30 Edici\u00f3n de La Ruta de La Sal 2017\" width=\"640\" height=\"488\" \/><\/a><\/p>\n<p>&nbsp;<\/p>\n<p>Tras una noche de grandes encalmadas muy generalizadas por todo el Mar Balear, y con especial incidencia en las costas de la Pitiusses, ning\u00fan participante en La Ruta de La Sal ha logrado, \u00a0a la hora de redactar este avance informativo, cruzar la l\u00ednea de llegada en Cab Negret, Sant Antoni de Portmany.<\/p>\n<p><strong><strong>\u00a0<\/strong><\/strong><\/p>\n<p><span style=\"font-weight: 400;\">Las previsiones apuntan a que los equipos m\u00e1s adelantados, \u00a0si entra viento, podr\u00edan tardar unas 3 o 4 horas en llegar.<strong> A considerar el \u00ab2 Much\u00bb de Joan Segu\u00ed, \u00a0\u00abAlzina Morir\u00e1\u00bb de Agust\u00edn Gregorio y el \u00abBrujo\u00bbde Gonzalo Infante que est\u00e1n a unas 12 millas de la l\u00ednea de llegada entre Portinatx \u00a0y Cab Negret, \u00a0los tres participantes de la Versi\u00f3n Este. <\/strong><\/span><\/p>\n<div style=\"width: 314px\" class=\"wp-caption alignleft\"><a title=\"30 Edici\u00f3n de La Ruta de La Sal 2017\" href=\"#\" target=\"_blank\" rel=\"noopener\"><img loading=\"lazy\" decoding=\"async\" title=\"30 Edici\u00f3n de La Ruta de La Sal 2017\" src=\"http:\/\/farm4.staticflickr.com\/3937\/33215574643_df36e3f01e_n.jpg\" alt=\"30 Edici\u00f3n de La Ruta de La Sal 2017\" width=\"304\" height=\"232\" \/><\/a><p class=\"wp-caption-text\">El Village de La Ruta de la Sal<\/p><\/div>\n<div style=\"width: 323px\" class=\"wp-caption alignright\"><a title=\"30 Edici\u00f3n de La Ruta de La Sal 2017\" href=\"#\"><img loading=\"lazy\" decoding=\"async\" class=\"\" title=\"30 Edici\u00f3n de La Ruta de La Sal 2017\" src=\"http:\/\/farm3.staticflickr.com\/2855\/33215575103_469672d67d_n.jpg\" alt=\"30 Edici\u00f3n de La Ruta de La Sal 2017\" width=\"313\" height=\"239\" \/><\/a><p class=\"wp-caption-text\">El Club N\u00e1utico de Sant Antoni Es N\u00e0utic.<\/p><\/div>\n<p>&nbsp;<\/p>\n<p>&nbsp;<\/p>\n<p>&nbsp;<\/p>\n<p>&nbsp;<\/p>\n<p>&nbsp;<\/p>\n<p>&nbsp;<\/p>\n<p>&nbsp;<\/p>\n<p>&nbsp;<\/p>\n<p>&nbsp;<\/p>\n<p>&nbsp;<\/p>\n<p><span style=\"font-weight: 400;\">De la Versi\u00f3n Oeste, e<strong>l \u00abClem\u00bb de Jaime Olazabal y \u00abSpock\u00bb de Thomas Shumacher, son los l\u00edderes actuales de la flota, ubicados a unas 20 millas de la llegada<\/strong>, mientras que de la Versi\u00f3n Norte, mucho m\u00e1s castigada por la falta de viento, el barco m\u00e1s adelantado podr\u00eda ser e<strong>l \u00abCaro\u00bb de Maximilian Klink, ganador de La Sal 2016,<\/strong> siendo imprescindible considerar a la hora de interpretar esta informaci\u00f3n que, \u00a0por el momento las flotas permanecen encalmadas, \u00a0que poco a poco va disip\u00e1ndose la espesa niebla que a afectado a la costa norte de Ibiza desde poco antes del amanecer, lo que podr\u00eda favorecer la entrada de viento, y que ser\u00e1, \u00a0en todo caso, flojo e inestable.Luego las previsiones son muy estimativas. <\/span><\/p>\n<div style=\"width: 317px\" class=\"wp-caption alignleft\"><a title=\"30 Edici\u00f3n de La Ruta de La Sal 2017\" href=\"#\"><img loading=\"lazy\" decoding=\"async\" class=\"\" title=\"30 Edici\u00f3n de La Ruta de La Sal 2017\" src=\"http:\/\/farm3.staticflickr.com\/2874\/33987041016_492c11a335_n.jpg\" alt=\"30 Edici\u00f3n de La Ruta de La Sal 2017\" width=\"307\" height=\"234\" \/><\/a><p class=\"wp-caption-text\">La flota empieza a llenar el Club N\u00e1utico de Sant Antoni Es N\u00e0utic.<\/p><\/div>\n<div style=\"width: 313px\" class=\"wp-caption alignright\"><a title=\"30 Edici\u00f3n de La Ruta de La Sal 2017\" href=\"#\"><img loading=\"lazy\" decoding=\"async\" class=\"\" title=\"30 Edici\u00f3n de La Ruta de La Sal 2017\" src=\"http:\/\/farm3.staticflickr.com\/2837\/33987041356_32f50b8a63_n.jpg\" alt=\"30 Edici\u00f3n de La Ruta de La Sal 2017\" width=\"303\" height=\"231\" \/><\/a><p class=\"wp-caption-text\">El Far de Ses Coves Blanques, donde se ubica la exposici\u00f3n fotogr\u00e1fica de los 30 a\u00f1os de La Ruta de la Sal (a cinco minutos del Village). Ma\u00f1ana s\u00e1bado a las 13:00h visita oficial a la exposici\u00f3n con aperitivo Ibicenco.<\/p><\/div>\n<p>&nbsp;<\/p>\n<p>&nbsp;<\/p>\n<p>&nbsp;<\/p>\n<p>&nbsp;<\/p>\n<p>&nbsp;<\/p>\n<p>&nbsp;<\/p>\n<p>&nbsp;<\/p>\n<p>&nbsp;<\/p>\n<p>&nbsp;<\/p>\n<p>&nbsp;<\/p>\n<p>&nbsp;<\/p>\n<p>&nbsp;<\/p>\n<p>&nbsp;<\/p>\n<p><b><i>La p\u00e1gina Web de la Ruta de La Sal &#8211; <\/i><\/b><a href=\"https:\/\/larutadelasal.com\"><b><i>https:\/\/larutadelasal.com<\/i><\/b><\/a><b><i> &#8211; ofrecer\u00e1 informaciones peri\u00f3dicas, e im\u00e1genes, sobre el desarrollo organizativo y deportivo de esta regata.<\/i><\/b><\/p>\n<p>&nbsp;<\/p>\n<p>&nbsp;<\/p>\n","protected":false},"excerpt":{"rendered":"<p>&nbsp; Tras una noche de grandes encalmadas muy generalizadas por todo el Mar Balear, y con especial incidencia en las costas de la Pitiusses, ning\u00fan participante en La Ruta de La Sal ha logrado, \u00a0a la hora de redactar este avance informativo, cruzar la l\u00ednea de llegada en Cab Negret, Sant Antoni de Portmany. \u00a0 [&hellip;]<\/p>\n","protected":false},"author":1,"featured_media":3626,"comment_status":"open","ping_status":"open","sticky":false,"template":"","format":"standard","meta":{"_acf_changed":false,"footnotes":""},"categories":[3],"tags":[],"acf":[],"yoast_head":"<!-- This site is optimized with the Yoast SEO plugin v23.0 - https:\/\/yoast.com\/wordpress\/plugins\/seo\/ -->\n<title>La falta de viento, retrasa muy sensiblemente \u00a0la llegada de los participantes de la \u00a030 Ruta de La Sal, a Sant Antoni de Portmany | Regata La Ruta de la Sal<\/title>\n<meta name=\"robots\" content=\"noindex, follow, max-snippet:-1, max-image-preview:large, max-video-preview:-1\" \/>\n<meta property=\"og:locale\" content=\"es_ES\" \/>\n<meta property=\"og:type\" content=\"article\" \/>\n<meta property=\"og:title\" content=\"La falta de viento, retrasa muy sensiblemente \u00a0la llegada de los participantes de la \u00a030 Ruta de La Sal, a Sant Antoni de Portmany | Regata La Ruta de la Sal\" \/>\n<meta property=\"og:description\" content=\"&nbsp; Tras una noche de grandes encalmadas muy generalizadas por todo el Mar Balear, y con especial incidencia en las costas de la Pitiusses, ning\u00fan participante en La Ruta de La Sal ha logrado, \u00a0a la hora de redactar este avance informativo, cruzar la l\u00ednea de llegada en Cab Negret, Sant Antoni de Portmany. \u00a0 [&hellip;]\" \/>\n<meta property=\"og:url\" content=\"https:\/\/labs.100x100.net\/projects\/rutasal\/la-falta-de-viento-retrasa-muy-sensiblemente-la-llegada-de-los-participantes-de-la-30-ruta-de-la-sal-a-sant-antoni-de-portmany\/\" \/>\n<meta property=\"og:site_name\" content=\"Regata La Ruta de la Sal\" \/>\n<meta property=\"article:publisher\" content=\"https:\/\/www.facebook.com\/rutadelasal\/\" \/>\n<meta property=\"article:published_time\" content=\"2017-04-14T07:42:57+00:00\" \/>\n<meta property=\"article:modified_time\" content=\"2019-03-08T08:17:36+00:00\" \/>\n<meta property=\"og:image\" content=\"https:\/\/labs.100x100.net\/projects\/rutasal\/custom\/uploads\/2017\/04\/34027914965_a29b820858_z.jpg\" \/>\n\t<meta property=\"og:image:width\" content=\"640\" \/>\n\t<meta property=\"og:image:height\" content=\"488\" \/>\n\t<meta property=\"og:image:type\" content=\"image\/jpeg\" \/>\n<meta name=\"author\" content=\"La Ruta de la Sal\" \/>\n<meta name=\"twitter:card\" content=\"summary_large_image\" \/>\n<meta name=\"twitter:creator\" content=\"@AnamMedi\" \/>\n<meta name=\"twitter:site\" content=\"@AnamMedi\" \/>\n<meta name=\"twitter:label1\" content=\"Escrito por\" \/>\n\t<meta name=\"twitter:data1\" content=\"La Ruta de la Sal\" \/>\n\t<meta name=\"twitter:label2\" content=\"Tiempo de lectura\" \/>\n\t<meta name=\"twitter:data2\" content=\"2 minutos\" \/>\n<script type=\"application\/ld+json\" class=\"yoast-schema-graph\">{\"@context\":\"https:\/\/schema.org\",\"@graph\":[{\"@type\":\"WebPage\",\"@id\":\"https:\/\/labs.100x100.net\/projects\/rutasal\/la-falta-de-viento-retrasa-muy-sensiblemente-la-llegada-de-los-participantes-de-la-30-ruta-de-la-sal-a-sant-antoni-de-portmany\/\",\"url\":\"https:\/\/labs.100x100.net\/projects\/rutasal\/la-falta-de-viento-retrasa-muy-sensiblemente-la-llegada-de-los-participantes-de-la-30-ruta-de-la-sal-a-sant-antoni-de-portmany\/\",\"name\":\"La falta de viento, retrasa muy sensiblemente \u00a0la llegada de los participantes de la \u00a030 Ruta de La Sal, a Sant Antoni de Portmany | Regata La Ruta de la Sal\",\"isPartOf\":{\"@id\":\"https:\/\/labs.100x100.net\/projects\/rutasal\/#website\"},\"primaryImageOfPage\":{\"@id\":\"https:\/\/labs.100x100.net\/projects\/rutasal\/la-falta-de-viento-retrasa-muy-sensiblemente-la-llegada-de-los-participantes-de-la-30-ruta-de-la-sal-a-sant-antoni-de-portmany\/#primaryimage\"},\"image\":{\"@id\":\"https:\/\/labs.100x100.net\/projects\/rutasal\/la-falta-de-viento-retrasa-muy-sensiblemente-la-llegada-de-los-participantes-de-la-30-ruta-de-la-sal-a-sant-antoni-de-portmany\/#primaryimage\"},\"thumbnailUrl\":\"https:\/\/labs.100x100.net\/projects\/rutasal\/custom\/uploads\/2017\/04\/34027914965_a29b820858_z.jpg\",\"datePublished\":\"2017-04-14T07:42:57+00:00\",\"dateModified\":\"2019-03-08T08:17:36+00:00\",\"author\":{\"@id\":\"https:\/\/labs.100x100.net\/projects\/rutasal\/#\/schema\/person\/214eeb4a2e78fd8373a0a94f6d93c9ca\"},\"breadcrumb\":{\"@id\":\"https:\/\/labs.100x100.net\/projects\/rutasal\/la-falta-de-viento-retrasa-muy-sensiblemente-la-llegada-de-los-participantes-de-la-30-ruta-de-la-sal-a-sant-antoni-de-portmany\/#breadcrumb\"},\"inLanguage\":\"es\",\"potentialAction\":[{\"@type\":\"ReadAction\",\"target\":[\"https:\/\/labs.100x100.net\/projects\/rutasal\/la-falta-de-viento-retrasa-muy-sensiblemente-la-llegada-de-los-participantes-de-la-30-ruta-de-la-sal-a-sant-antoni-de-portmany\/\"]}]},{\"@type\":\"ImageObject\",\"inLanguage\":\"es\",\"@id\":\"https:\/\/labs.100x100.net\/projects\/rutasal\/la-falta-de-viento-retrasa-muy-sensiblemente-la-llegada-de-los-participantes-de-la-30-ruta-de-la-sal-a-sant-antoni-de-portmany\/#primaryimage\",\"url\":\"https:\/\/labs.100x100.net\/projects\/rutasal\/custom\/uploads\/2017\/04\/34027914965_a29b820858_z.jpg\",\"contentUrl\":\"https:\/\/labs.100x100.net\/projects\/rutasal\/custom\/uploads\/2017\/04\/34027914965_a29b820858_z.jpg\",\"width\":640,\"height\":488},{\"@type\":\"BreadcrumbList\",\"@id\":\"https:\/\/labs.100x100.net\/projects\/rutasal\/la-falta-de-viento-retrasa-muy-sensiblemente-la-llegada-de-los-participantes-de-la-30-ruta-de-la-sal-a-sant-antoni-de-portmany\/#breadcrumb\",\"itemListElement\":[{\"@type\":\"ListItem\",\"position\":1,\"name\":\"Portada\",\"item\":\"https:\/\/labs.100x100.net\/projects\/rutasal\/\"},{\"@type\":\"ListItem\",\"position\":2,\"name\":\"La falta de viento, retrasa muy sensiblemente \u00a0la llegada de los participantes de la \u00a030 Ruta de La Sal, a Sant Antoni de Portmany\"}]},{\"@type\":\"WebSite\",\"@id\":\"https:\/\/labs.100x100.net\/projects\/rutasal\/#website\",\"url\":\"https:\/\/labs.100x100.net\/projects\/rutasal\/\",\"name\":\"Regata La Ruta de la Sal\",\"description\":\"Regata La Ruta de la Sal es una regata de Altura Mediterr\u00e1nea para barcos de crucero a vela con destino en Ibiza, que se disputa anualmente en Semana Santa.\",\"potentialAction\":[{\"@type\":\"SearchAction\",\"target\":{\"@type\":\"EntryPoint\",\"urlTemplate\":\"https:\/\/labs.100x100.net\/projects\/rutasal\/?s={search_term_string}\"},\"query-input\":\"required name=search_term_string\"}],\"inLanguage\":\"es\"},{\"@type\":\"Person\",\"@id\":\"https:\/\/labs.100x100.net\/projects\/rutasal\/#\/schema\/person\/214eeb4a2e78fd8373a0a94f6d93c9ca\",\"name\":\"La Ruta de la Sal\",\"image\":{\"@type\":\"ImageObject\",\"inLanguage\":\"es\",\"@id\":\"https:\/\/labs.100x100.net\/projects\/rutasal\/#\/schema\/person\/image\/\",\"url\":\"https:\/\/secure.gravatar.com\/avatar\/b247286d4b801d6b1cfcfb3807587284?s=96&d=mm&r=g\",\"contentUrl\":\"https:\/\/secure.gravatar.com\/avatar\/b247286d4b801d6b1cfcfb3807587284?s=96&d=mm&r=g\",\"caption\":\"La Ruta de la Sal\"}}]}<\/script>\n<!-- \/ Yoast SEO plugin. -->","yoast_head_json":{"title":"La falta de viento, retrasa muy sensiblemente \u00a0la llegada de los participantes de la \u00a030 Ruta de La Sal, a Sant Antoni de Portmany | Regata La Ruta de la Sal","robots":{"index":"noindex","follow":"follow","max-snippet":"max-snippet:-1","max-image-preview":"max-image-preview:large","max-video-preview":"max-video-preview:-1"},"og_locale":"es_ES","og_type":"article","og_title":"La falta de viento, retrasa muy sensiblemente \u00a0la llegada de los participantes de la \u00a030 Ruta de La Sal, a Sant Antoni de Portmany | Regata La Ruta de la Sal","og_description":"&nbsp; Tras una noche de grandes encalmadas muy generalizadas por todo el Mar Balear, y con especial incidencia en las costas de la Pitiusses, ning\u00fan participante en La Ruta de La Sal ha logrado, \u00a0a la hora de redactar este avance informativo, cruzar la l\u00ednea de llegada en Cab Negret, Sant Antoni de Portmany. \u00a0 [&hellip;]","og_url":"https:\/\/labs.100x100.net\/projects\/rutasal\/la-falta-de-viento-retrasa-muy-sensiblemente-la-llegada-de-los-participantes-de-la-30-ruta-de-la-sal-a-sant-antoni-de-portmany\/","og_site_name":"Regata La Ruta de la Sal","article_publisher":"https:\/\/www.facebook.com\/rutadelasal\/","article_published_time":"2017-04-14T07:42:57+00:00","article_modified_time":"2019-03-08T08:17:36+00:00","og_image":[{"width":640,"height":488,"url":"https:\/\/labs.100x100.net\/projects\/rutasal\/custom\/uploads\/2017\/04\/34027914965_a29b820858_z.jpg","type":"image\/jpeg"}],"author":"La Ruta de la Sal","twitter_card":"summary_large_image","twitter_creator":"@AnamMedi","twitter_site":"@AnamMedi","twitter_misc":{"Escrito por":"La Ruta de la Sal","Tiempo de lectura":"2 minutos"},"schema":{"@context":"https:\/\/schema.org","@graph":[{"@type":"WebPage","@id":"https:\/\/labs.100x100.net\/projects\/rutasal\/la-falta-de-viento-retrasa-muy-sensiblemente-la-llegada-de-los-participantes-de-la-30-ruta-de-la-sal-a-sant-antoni-de-portmany\/","url":"https:\/\/labs.100x100.net\/projects\/rutasal\/la-falta-de-viento-retrasa-muy-sensiblemente-la-llegada-de-los-participantes-de-la-30-ruta-de-la-sal-a-sant-antoni-de-portmany\/","name":"La falta de viento, retrasa muy sensiblemente \u00a0la llegada de los participantes de la \u00a030 Ruta de La Sal, a Sant Antoni de Portmany | Regata La Ruta de la Sal","isPartOf":{"@id":"https:\/\/labs.100x100.net\/projects\/rutasal\/#website"},"primaryImageOfPage":{"@id":"https:\/\/labs.100x100.net\/projects\/rutasal\/la-falta-de-viento-retrasa-muy-sensiblemente-la-llegada-de-los-participantes-de-la-30-ruta-de-la-sal-a-sant-antoni-de-portmany\/#primaryimage"},"image":{"@id":"https:\/\/labs.100x100.net\/projects\/rutasal\/la-falta-de-viento-retrasa-muy-sensiblemente-la-llegada-de-los-participantes-de-la-30-ruta-de-la-sal-a-sant-antoni-de-portmany\/#primaryimage"},"thumbnailUrl":"https:\/\/labs.100x100.net\/projects\/rutasal\/custom\/uploads\/2017\/04\/34027914965_a29b820858_z.jpg","datePublished":"2017-04-14T07:42:57+00:00","dateModified":"2019-03-08T08:17:36+00:00","author":{"@id":"https:\/\/labs.100x100.net\/projects\/rutasal\/#\/schema\/person\/214eeb4a2e78fd8373a0a94f6d93c9ca"},"breadcrumb":{"@id":"https:\/\/labs.100x100.net\/projects\/rutasal\/la-falta-de-viento-retrasa-muy-sensiblemente-la-llegada-de-los-participantes-de-la-30-ruta-de-la-sal-a-sant-antoni-de-portmany\/#breadcrumb"},"inLanguage":"es","potentialAction":[{"@type":"ReadAction","target":["https:\/\/labs.100x100.net\/projects\/rutasal\/la-falta-de-viento-retrasa-muy-sensiblemente-la-llegada-de-los-participantes-de-la-30-ruta-de-la-sal-a-sant-antoni-de-portmany\/"]}]},{"@type":"ImageObject","inLanguage":"es","@id":"https:\/\/labs.100x100.net\/projects\/rutasal\/la-falta-de-viento-retrasa-muy-sensiblemente-la-llegada-de-los-participantes-de-la-30-ruta-de-la-sal-a-sant-antoni-de-portmany\/#primaryimage","url":"https:\/\/labs.100x100.net\/projects\/rutasal\/custom\/uploads\/2017\/04\/34027914965_a29b820858_z.jpg","contentUrl":"https:\/\/labs.100x100.net\/projects\/rutasal\/custom\/uploads\/2017\/04\/34027914965_a29b820858_z.jpg","width":640,"height":488},{"@type":"BreadcrumbList","@id":"https:\/\/labs.100x100.net\/projects\/rutasal\/la-falta-de-viento-retrasa-muy-sensiblemente-la-llegada-de-los-participantes-de-la-30-ruta-de-la-sal-a-sant-antoni-de-portmany\/#breadcrumb","itemListElement":[{"@type":"ListItem","position":1,"name":"Portada","item":"https:\/\/labs.100x100.net\/projects\/rutasal\/"},{"@type":"ListItem","position":2,"name":"La falta de viento, retrasa muy sensiblemente \u00a0la llegada de los participantes de la \u00a030 Ruta de La Sal, a Sant Antoni de Portmany"}]},{"@type":"WebSite","@id":"https:\/\/labs.100x100.net\/projects\/rutasal\/#website","url":"https:\/\/labs.100x100.net\/projects\/rutasal\/","name":"Regata La Ruta de la Sal","description":"Regata La Ruta de la Sal es una regata de Altura Mediterr\u00e1nea para barcos de crucero a vela con destino en Ibiza, que se disputa anualmente en Semana Santa.","potentialAction":[{"@type":"SearchAction","target":{"@type":"EntryPoint","urlTemplate":"https:\/\/labs.100x100.net\/projects\/rutasal\/?s={search_term_string}"},"query-input":"required name=search_term_string"}],"inLanguage":"es"},{"@type":"Person","@id":"https:\/\/labs.100x100.net\/projects\/rutasal\/#\/schema\/person\/214eeb4a2e78fd8373a0a94f6d93c9ca","name":"La Ruta de la Sal","image":{"@type":"ImageObject","inLanguage":"es","@id":"https:\/\/labs.100x100.net\/projects\/rutasal\/#\/schema\/person\/image\/","url":"https:\/\/secure.gravatar.com\/avatar\/b247286d4b801d6b1cfcfb3807587284?s=96&d=mm&r=g","contentUrl":"https:\/\/secure.gravatar.com\/avatar\/b247286d4b801d6b1cfcfb3807587284?s=96&d=mm&r=g","caption":"La Ruta de la Sal"}}]}},"_links":{"self":[{"href":"https:\/\/labs.100x100.net\/projects\/rutasal\/wp-json\/wp\/v2\/posts\/2582"}],"collection":[{"href":"https:\/\/labs.100x100.net\/projects\/rutasal\/wp-json\/wp\/v2\/posts"}],"about":[{"href":"https:\/\/labs.100x100.net\/projects\/rutasal\/wp-json\/wp\/v2\/types\/post"}],"author":[{"embeddable":true,"href":"https:\/\/labs.100x100.net\/projects\/rutasal\/wp-json\/wp\/v2\/users\/1"}],"replies":[{"embeddable":true,"href":"https:\/\/labs.100x100.net\/projects\/rutasal\/wp-json\/wp\/v2\/comments?post=2582"}],"version-history":[{"count":2,"href":"https:\/\/labs.100x100.net\/projects\/rutasal\/wp-json\/wp\/v2\/posts\/2582\/revisions"}],"predecessor-version":[{"id":3627,"href":"https:\/\/labs.100x100.net\/projects\/rutasal\/wp-json\/wp\/v2\/posts\/2582\/revisions\/3627"}],"wp:featuredmedia":[{"embeddable":true,"href":"https:\/\/labs.100x100.net\/projects\/rutasal\/wp-json\/wp\/v2\/media\/3626"}],"wp:attachment":[{"href":"https:\/\/labs.100x100.net\/projects\/rutasal\/wp-json\/wp\/v2\/media?parent=2582"}],"wp:term":[{"taxonomy":"category","embeddable":true,"href":"https:\/\/labs.100x100.net\/projects\/rutasal\/wp-json\/wp\/v2\/categories?post=2582"},{"taxonomy":"post_tag","embeddable":true,"href":"https:\/\/labs.100x100.net\/projects\/rutasal\/wp-json\/wp\/v2\/tags?post=2582"}],"curies":[{"name":"wp","href":"https:\/\/api.w.org\/{rel}","templated":true}]}}